{"id":205559,"date":"2023-05-09T13:09:00","date_gmt":"2023-05-09T13:09:00","guid":{"rendered":"https:\/\/www.webdo.tn\/fr\/blog\/tunisie-mesures-en-faveur-d-enfants-rapatries-des-zones-de-conflit\/205559\/"},"modified":"2025-05-20T22:43:32","modified_gmt":"2025-05-20T22:43:32","slug":"tunisie-mesures-en-faveur-d-enfants-rapatries-des-zones-de-conflit","status":"publish","type":"post","link":"https:\/\/www.webdo.tn\/fr\/actualite\/national\/tunisie-mesures-en-faveur-d-enfants-rapatries-des-zones-de-conflit\/205559\/","title":{"rendered":"Tunisie : Mesures en faveur d\u2019enfants rapatri\u00e9s des zones de conflit"},"content":{"rendered":"<p>La ministre de la famille, de la femme, de l&rsquo;enfance et des personnes \u00e2g\u00e9es, Amel Belhaj Moussa, a effectu\u00e9, lundi soir, une visite d&rsquo;inspection \u00e0 l&rsquo;une des institutions de protection des enfants sans soutien familial dans le Grand Tunis pour examiner les conditions de prise en charge des enfants mineurs rapatri\u00e9s des zones de conflit et plac\u00e9s dans ces institutions sur d\u00e9cision des juges de la famille.<\/p>\n<p>\t\t\t\t\t\t\t\t\tSelon un communiqu\u00e9 publi\u00e9 par le minist\u00e8re, Amel Belhaj Moussa a examin\u00e9 les conditions de prise en charge et d&rsquo;encadrement dans cette institution recommandant au personnel d&rsquo;entamer imm\u00e9diatement les pr\u00e9paratifs pour faciliter l&rsquo;int\u00e9gration scolaire des enfants \u00e0 la prochaine rentr\u00e9e scolaire en septembre 2023.<\/p>\n<p>Elle a \u00e9galement pris connaissance de la mise en \u0153uvre des mesures prises en leur faveur en mati\u00e8re de soutien psychologique et sanitaire, appelant \u00e0 acc\u00e9l\u00e9rer les mesures visant \u00e0 faciliter l&rsquo;identification des familles \u00e9largies de ces enfants en Tunisie et ce, conform\u00e9ment \u00e0 la m\u00e9thodologie de travail participative inscrite dans le document r\u00e9f\u00e9rentiel de prise en charge des enfants rapatri\u00e9s des zones de conflit lanc\u00e9 en f\u00e9vrier dernier.<\/p>\n","protected":false},"excerpt":{"rendered":"<p>La ministre de la famille, de la femme, de l&rsquo;enfance et des personnes \u00e2g\u00e9es, Amel Belhaj Moussa, a effectu\u00e9, lundi soir, une visite d&rsquo;inspection \u00e0 l&rsquo;une des ins&#8230;<\/p>\n","protected":false},"author":3175,"featured_media":251207,"comment_status":"open","ping_status":"closed","sticky":false,"template":"","format":"standard","meta":{"footnotes":""},"categories":[44],"tags":[2956,2608,2844],"class_list":["post-205559","post","type-post","status-publish","format-standard","has-post-thumbnail","hentry","category-national","tag-enfants","tag-tunisie","tag-zones-de-conflit"],"yoast_head":"<!-- This site is optimized with the Yoast SEO Premium plugin v27.4 (Yoast SEO v27.5) - https:\/\/yoast.com\/product\/yoast-seo-premium-wordpress\/ -->\n<title>Tunisie : Mesures en faveur d\u2019enfants rapatri\u00e9s des zones de conflit<\/title>\n<meta name=\"description\" content=\"La ministre de la famille, de la femme, de l&#039;enfance et des personnes \u00e2g\u00e9es, Amel Belhaj Moussa, a effectu\u00e9, lundi soir, une visite d&#039;inspection \u00e0 l&#039;une des ins...\" \/>\n<link rel=\"canonical\" href=\"https:\/\/www.webdo.tn\/fr\/actualite\/national\/tunisie-mesures-en-faveur-d-enfants-rapatries-des-zones-de-conflit\/205559\/\" \/>\n<meta property=\"og:locale\" content=\"fr_FR\" \/>\n<meta property=\"og:type\" content=\"article\" \/>\n<meta property=\"og:title\" content=\"Tunisie : Mesures en faveur d\u2019enfants rapatri\u00e9s des zones de conflit\" \/>\n<meta property=\"og:description\" content=\"La ministre de la famille, de la femme, de l&#039;enfance et des personnes \u00e2g\u00e9es, Amel Belhaj Moussa, a effectu\u00e9, lundi soir, une visite d&#039;inspection \u00e0 l&#039;une des ins...\" \/>\n<meta property=\"og:url\" content=\"https:\/\/www.webdo.tn\/fr\/actualite\/national\/tunisie-mesures-en-faveur-d-enfants-rapatries-des-zones-de-conflit\/205559\/\" \/>\n<meta property=\"og:site_name\" content=\"webdo\" \/>\n<meta property=\"article:publisher\" content=\"https:\/\/www.facebook.com\/webdotn\" \/>\n<meta property=\"article:published_time\" content=\"2023-05-09T13:09:00+00:00\" \/>\n<meta property=\"article:modified_time\" content=\"2025-05-20T22:43:32+00:00\" \/>\n<meta property=\"og:image\" content=\"https:\/\/www.webdo.tn\/fr\/wp-content\/uploads\/2023\/05\/6f8fe5179a6c5f0ee0d9ac6c37db60c9.jpg\" \/>\n\t<meta property=\"og:image:width\" content=\"750\" \/>\n\t<meta property=\"og:image:height\" content=\"400\" \/>\n\t<meta property=\"og:image:type\" content=\"image\/jpeg\" \/>\n<meta name=\"author\" content=\"CL\" \/>\n<meta name=\"twitter:card\" content=\"summary_large_image\" \/>\n<meta name=\"twitter:creator\" content=\"@webdo_tn\" \/>\n<meta name=\"twitter:site\" content=\"@webdo_tn\" \/>\n<meta name=\"twitter:label1\" content=\"\u00c9crit par\" \/>\n\t<meta name=\"twitter:data1\" content=\"CL\" \/>\n\t<meta name=\"twitter:label2\" content=\"Dur\u00e9e de lecture estim\u00e9e\" \/>\n\t<meta name=\"twitter:data2\" content=\"1 minute\" \/>\n<script type=\"application\/ld+json\" class=\"yoast-schema-graph\">{\"@context\":\"https:\\\/\\\/schema.org\",\"@graph\":[{\"@type\":\"NewsArticle\",\"@id\":\"https:\\\/\\\/www.webdo.tn\\\/fr\\\/actualite\\\/national\\\/tunisie-mesures-en-faveur-d-enfants-rapatries-des-zones-de-conflit\\\/205559\\\/#article\",\"isPartOf\":{\"@id\":\"https:\\\/\\\/www.webdo.tn\\\/fr\\\/actualite\\\/national\\\/tunisie-mesures-en-faveur-d-enfants-rapatries-des-zones-de-conflit\\\/205559\\\/\"},\"author\":{\"name\":\"CL\",\"@id\":\"https:\\\/\\\/www.webdo.tn\\\/fr\\\/#\\\/schema\\\/person\\\/f35b42a42c5e2511bbd282959d6385cc\"},\"headline\":\"Tunisie : Mesures en faveur d\u2019enfants rapatri\u00e9s des zones de conflit\",\"datePublished\":\"2023-05-09T13:09:00+00:00\",\"dateModified\":\"2025-05-20T22:43:32+00:00\",\"mainEntityOfPage\":{\"@id\":\"https:\\\/\\\/www.webdo.tn\\\/fr\\\/actualite\\\/national\\\/tunisie-mesures-en-faveur-d-enfants-rapatries-des-zones-de-conflit\\\/205559\\\/\"},\"wordCount\":211,\"commentCount\":0,\"publisher\":{\"@id\":\"https:\\\/\\\/www.webdo.tn\\\/fr\\\/#organization\"},\"image\":{\"@id\":\"https:\\\/\\\/www.webdo.tn\\\/fr\\\/actualite\\\/national\\\/tunisie-mesures-en-faveur-d-enfants-rapatries-des-zones-de-conflit\\\/205559\\\/#primaryimage\"},\"thumbnailUrl\":\"https:\\\/\\\/www.webdo.tn\\\/fr\\\/wp-content\\\/uploads\\\/2023\\\/05\\\/6f8fe5179a6c5f0ee0d9ac6c37db60c9.jpg\",\"keywords\":[\"enfants\",\"Tunisie\",\"zones de conflit\"],\"articleSection\":[\"National\"],\"inLanguage\":\"fr-FR\"},{\"@type\":\"WebPage\",\"@id\":\"https:\\\/\\\/www.webdo.tn\\\/fr\\\/actualite\\\/national\\\/tunisie-mesures-en-faveur-d-enfants-rapatries-des-zones-de-conflit\\\/205559\\\/\",\"url\":\"https:\\\/\\\/www.webdo.tn\\\/fr\\\/actualite\\\/national\\\/tunisie-mesures-en-faveur-d-enfants-rapatries-des-zones-de-conflit\\\/205559\\\/\",\"name\":\"Tunisie : Mesures en faveur d\u2019enfants rapatri\u00e9s des zones de conflit\",\"isPartOf\":{\"@id\":\"https:\\\/\\\/www.webdo.tn\\\/fr\\\/#website\"},\"primaryImageOfPage\":{\"@id\":\"https:\\\/\\\/www.webdo.tn\\\/fr\\\/actualite\\\/national\\\/tunisie-mesures-en-faveur-d-enfants-rapatries-des-zones-de-conflit\\\/205559\\\/#primaryimage\"},\"image\":{\"@id\":\"https:\\\/\\\/www.webdo.tn\\\/fr\\\/actualite\\\/national\\\/tunisie-mesures-en-faveur-d-enfants-rapatries-des-zones-de-conflit\\\/205559\\\/#primaryimage\"},\"thumbnailUrl\":\"https:\\\/\\\/www.webdo.tn\\\/fr\\\/wp-content\\\/uploads\\\/2023\\\/05\\\/6f8fe5179a6c5f0ee0d9ac6c37db60c9.jpg\",\"datePublished\":\"2023-05-09T13:09:00+00:00\",\"dateModified\":\"2025-05-20T22:43:32+00:00\",\"description\":\"La ministre de la famille, de la femme, de l'enfance et des personnes \u00e2g\u00e9es, Amel Belhaj Moussa, a effectu\u00e9, lundi soir, une visite d'inspection \u00e0 l'une des ins...\",\"breadcrumb\":{\"@id\":\"https:\\\/\\\/www.webdo.tn\\\/fr\\\/actualite\\\/national\\\/tunisie-mesures-en-faveur-d-enfants-rapatries-des-zones-de-conflit\\\/205559\\\/#breadcrumb\"},\"inLanguage\":\"fr-FR\",\"potentialAction\":[{\"@type\":\"ReadAction\",\"target\":[\"https:\\\/\\\/www.webdo.tn\\\/fr\\\/actualite\\\/national\\\/tunisie-mesures-en-faveur-d-enfants-rapatries-des-zones-de-conflit\\\/205559\\\/\"]}]},{\"@type\":\"ImageObject\",\"inLanguage\":\"fr-FR\",\"@id\":\"https:\\\/\\\/www.webdo.tn\\\/fr\\\/actualite\\\/national\\\/tunisie-mesures-en-faveur-d-enfants-rapatries-des-zones-de-conflit\\\/205559\\\/#primaryimage\",\"url\":\"https:\\\/\\\/www.webdo.tn\\\/fr\\\/wp-content\\\/uploads\\\/2023\\\/05\\\/6f8fe5179a6c5f0ee0d9ac6c37db60c9.jpg\",\"contentUrl\":\"https:\\\/\\\/www.webdo.tn\\\/fr\\\/wp-content\\\/uploads\\\/2023\\\/05\\\/6f8fe5179a6c5f0ee0d9ac6c37db60c9.jpg\",\"width\":750,\"height\":400,\"caption\":\"Enfants\"},{\"@type\":\"BreadcrumbList\",\"@id\":\"https:\\\/\\\/www.webdo.tn\\\/fr\\\/actualite\\\/national\\\/tunisie-mesures-en-faveur-d-enfants-rapatries-des-zones-de-conflit\\\/205559\\\/#breadcrumb\",\"itemListElement\":[{\"@type\":\"ListItem\",\"position\":1,\"name\":\"Accueil\",\"item\":\"https:\\\/\\\/www.webdo.tn\\\/fr\\\/\"},{\"@type\":\"ListItem\",\"position\":2,\"name\":\"Tunisie : Mesures en faveur d\u2019enfants rapatri\u00e9s des zones de conflit\"}]},{\"@type\":\"WebSite\",\"@id\":\"https:\\\/\\\/www.webdo.tn\\\/fr\\\/#website\",\"url\":\"https:\\\/\\\/www.webdo.tn\\\/fr\\\/\",\"name\":\"webdo\",\"description\":\"Tunisie - News en Tunisie et \u00e0 l&#039;international sur Webdo.tn\",\"publisher\":{\"@id\":\"https:\\\/\\\/www.webdo.tn\\\/fr\\\/#organization\"},\"potentialAction\":[{\"@type\":\"SearchAction\",\"target\":{\"@type\":\"EntryPoint\",\"urlTemplate\":\"https:\\\/\\\/www.webdo.tn\\\/fr\\\/?s={search_term_string}\"},\"query-input\":{\"@type\":\"PropertyValueSpecification\",\"valueRequired\":true,\"valueName\":\"search_term_string\"}}],\"inLanguage\":\"fr-FR\"},{\"@type\":\"Organization\",\"@id\":\"https:\\\/\\\/www.webdo.tn\\\/fr\\\/#organization\",\"name\":\"Webdo\",\"alternateName\":\"Webdo.tn\",\"url\":\"https:\\\/\\\/www.webdo.tn\\\/fr\\\/\",\"logo\":{\"@type\":\"ImageObject\",\"inLanguage\":\"fr-FR\",\"@id\":\"https:\\\/\\\/www.webdo.tn\\\/fr\\\/#\\\/schema\\\/logo\\\/image\\\/\",\"url\":\"https:\\\/\\\/www.webdo.tn\\\/fr\\\/wp-content\\\/uploads\\\/2025\\\/06\\\/Webdo-Tunisie_168377.jpg\",\"contentUrl\":\"https:\\\/\\\/www.webdo.tn\\\/fr\\\/wp-content\\\/uploads\\\/2025\\\/06\\\/Webdo-Tunisie_168377.jpg\",\"width\":301,\"height\":301,\"caption\":\"Webdo\"},\"image\":{\"@id\":\"https:\\\/\\\/www.webdo.tn\\\/fr\\\/#\\\/schema\\\/logo\\\/image\\\/\"},\"sameAs\":[\"https:\\\/\\\/www.facebook.com\\\/webdotn\",\"https:\\\/\\\/x.com\\\/webdo_tn\"],\"description\":\"Webdo est un m\u00e9dia num\u00e9rique tunisien fond\u00e9 en 2010, sp\u00e9cialis\u00e9 dans l\u2019actualit\u00e9 nationale et internationale, l\u2019\u00e9conomie, la soci\u00e9t\u00e9 et les analyses politiques. Le site s\u2019adresse \u00e0 un large public francophone et couvre l\u2019information tunisienne en temps r\u00e9el.\",\"email\":\"redac@webdo.tn\",\"legalName\":\"YNJ SARL\",\"foundingDate\":\"2010-09-06\",\"numberOfEmployees\":{\"@type\":\"QuantitativeValue\",\"minValue\":\"11\",\"maxValue\":\"50\"}},{\"@type\":\"Person\",\"@id\":\"https:\\\/\\\/www.webdo.tn\\\/fr\\\/#\\\/schema\\\/person\\\/f35b42a42c5e2511bbd282959d6385cc\",\"name\":\"CL\",\"image\":{\"@type\":\"ImageObject\",\"inLanguage\":\"fr-FR\",\"@id\":\"https:\\\/\\\/secure.gravatar.com\\\/avatar\\\/1447a49909b67aa657c488aec6512e1dd6143a480c1ecfee9b5b5cd74eb3b59e?s=96&d=mm&r=g\",\"url\":\"https:\\\/\\\/secure.gravatar.com\\\/avatar\\\/1447a49909b67aa657c488aec6512e1dd6143a480c1ecfee9b5b5cd74eb3b59e?s=96&d=mm&r=g\",\"contentUrl\":\"https:\\\/\\\/secure.gravatar.com\\\/avatar\\\/1447a49909b67aa657c488aec6512e1dd6143a480c1ecfee9b5b5cd74eb3b59e?s=96&d=mm&r=g\",\"caption\":\"CL\"},\"url\":\"https:\\\/\\\/www.webdo.tn\\\/fr\\\/actualite\\\/author\\\/cl\\\/\"}]}<\/script>\n<!-- \/ Yoast SEO Premium plugin. -->","yoast_head_json":{"title":"Tunisie : Mesures en faveur d\u2019enfants rapatri\u00e9s des zones de conflit","description":"La ministre de la famille, de la femme, de l'enfance et des personnes \u00e2g\u00e9es, Amel Belhaj Moussa, a effectu\u00e9, lundi soir, une visite d'inspection \u00e0 l'une des ins...","canonical":"https:\/\/www.webdo.tn\/fr\/actualite\/national\/tunisie-mesures-en-faveur-d-enfants-rapatries-des-zones-de-conflit\/205559\/","og_locale":"fr_FR","og_type":"article","og_title":"Tunisie : Mesures en faveur d\u2019enfants rapatri\u00e9s des zones de conflit","og_description":"La ministre de la famille, de la femme, de l'enfance et des personnes \u00e2g\u00e9es, Amel Belhaj Moussa, a effectu\u00e9, lundi soir, une visite d'inspection \u00e0 l'une des ins...","og_url":"https:\/\/www.webdo.tn\/fr\/actualite\/national\/tunisie-mesures-en-faveur-d-enfants-rapatries-des-zones-de-conflit\/205559\/","og_site_name":"webdo","article_publisher":"https:\/\/www.facebook.com\/webdotn","article_published_time":"2023-05-09T13:09:00+00:00","article_modified_time":"2025-05-20T22:43:32+00:00","og_image":[{"width":750,"height":400,"url":"https:\/\/www.webdo.tn\/fr\/wp-content\/uploads\/2023\/05\/6f8fe5179a6c5f0ee0d9ac6c37db60c9.jpg","type":"image\/jpeg"}],"author":"CL","twitter_card":"summary_large_image","twitter_creator":"@webdo_tn","twitter_site":"@webdo_tn","twitter_misc":{"\u00c9crit par":"CL","Dur\u00e9e de lecture estim\u00e9e":"1 minute"},"schema":{"@context":"https:\/\/schema.org","@graph":[{"@type":"NewsArticle","@id":"https:\/\/www.webdo.tn\/fr\/actualite\/national\/tunisie-mesures-en-faveur-d-enfants-rapatries-des-zones-de-conflit\/205559\/#article","isPartOf":{"@id":"https:\/\/www.webdo.tn\/fr\/actualite\/national\/tunisie-mesures-en-faveur-d-enfants-rapatries-des-zones-de-conflit\/205559\/"},"author":{"name":"CL","@id":"https:\/\/www.webdo.tn\/fr\/#\/schema\/person\/f35b42a42c5e2511bbd282959d6385cc"},"headline":"Tunisie : Mesures en faveur d\u2019enfants rapatri\u00e9s des zones de conflit","datePublished":"2023-05-09T13:09:00+00:00","dateModified":"2025-05-20T22:43:32+00:00","mainEntityOfPage":{"@id":"https:\/\/www.webdo.tn\/fr\/actualite\/national\/tunisie-mesures-en-faveur-d-enfants-rapatries-des-zones-de-conflit\/205559\/"},"wordCount":211,"commentCount":0,"publisher":{"@id":"https:\/\/www.webdo.tn\/fr\/#organization"},"image":{"@id":"https:\/\/www.webdo.tn\/fr\/actualite\/national\/tunisie-mesures-en-faveur-d-enfants-rapatries-des-zones-de-conflit\/205559\/#primaryimage"},"thumbnailUrl":"https:\/\/www.webdo.tn\/fr\/wp-content\/uploads\/2023\/05\/6f8fe5179a6c5f0ee0d9ac6c37db60c9.jpg","keywords":["enfants","Tunisie","zones de conflit"],"articleSection":["National"],"inLanguage":"fr-FR"},{"@type":"WebPage","@id":"https:\/\/www.webdo.tn\/fr\/actualite\/national\/tunisie-mesures-en-faveur-d-enfants-rapatries-des-zones-de-conflit\/205559\/","url":"https:\/\/www.webdo.tn\/fr\/actualite\/national\/tunisie-mesures-en-faveur-d-enfants-rapatries-des-zones-de-conflit\/205559\/","name":"Tunisie : Mesures en faveur d\u2019enfants rapatri\u00e9s des zones de conflit","isPartOf":{"@id":"https:\/\/www.webdo.tn\/fr\/#website"},"primaryImageOfPage":{"@id":"https:\/\/www.webdo.tn\/fr\/actualite\/national\/tunisie-mesures-en-faveur-d-enfants-rapatries-des-zones-de-conflit\/205559\/#primaryimage"},"image":{"@id":"https:\/\/www.webdo.tn\/fr\/actualite\/national\/tunisie-mesures-en-faveur-d-enfants-rapatries-des-zones-de-conflit\/205559\/#primaryimage"},"thumbnailUrl":"https:\/\/www.webdo.tn\/fr\/wp-content\/uploads\/2023\/05\/6f8fe5179a6c5f0ee0d9ac6c37db60c9.jpg","datePublished":"2023-05-09T13:09:00+00:00","dateModified":"2025-05-20T22:43:32+00:00","description":"La ministre de la famille, de la femme, de l'enfance et des personnes \u00e2g\u00e9es, Amel Belhaj Moussa, a effectu\u00e9, lundi soir, une visite d'inspection \u00e0 l'une des ins...","breadcrumb":{"@id":"https:\/\/www.webdo.tn\/fr\/actualite\/national\/tunisie-mesures-en-faveur-d-enfants-rapatries-des-zones-de-conflit\/205559\/#breadcrumb"},"inLanguage":"fr-FR","potentialAction":[{"@type":"ReadAction","target":["https:\/\/www.webdo.tn\/fr\/actualite\/national\/tunisie-mesures-en-faveur-d-enfants-rapatries-des-zones-de-conflit\/205559\/"]}]},{"@type":"ImageObject","inLanguage":"fr-FR","@id":"https:\/\/www.webdo.tn\/fr\/actualite\/national\/tunisie-mesures-en-faveur-d-enfants-rapatries-des-zones-de-conflit\/205559\/#primaryimage","url":"https:\/\/www.webdo.tn\/fr\/wp-content\/uploads\/2023\/05\/6f8fe5179a6c5f0ee0d9ac6c37db60c9.jpg","contentUrl":"https:\/\/www.webdo.tn\/fr\/wp-content\/uploads\/2023\/05\/6f8fe5179a6c5f0ee0d9ac6c37db60c9.jpg","width":750,"height":400,"caption":"Enfants"},{"@type":"BreadcrumbList","@id":"https:\/\/www.webdo.tn\/fr\/actualite\/national\/tunisie-mesures-en-faveur-d-enfants-rapatries-des-zones-de-conflit\/205559\/#breadcrumb","itemListElement":[{"@type":"ListItem","position":1,"name":"Accueil","item":"https:\/\/www.webdo.tn\/fr\/"},{"@type":"ListItem","position":2,"name":"Tunisie : Mesures en faveur d\u2019enfants rapatri\u00e9s des zones de conflit"}]},{"@type":"WebSite","@id":"https:\/\/www.webdo.tn\/fr\/#website","url":"https:\/\/www.webdo.tn\/fr\/","name":"webdo","description":"Tunisie - News en Tunisie et \u00e0 l&#039;international sur Webdo.tn","publisher":{"@id":"https:\/\/www.webdo.tn\/fr\/#organization"},"potentialAction":[{"@type":"SearchAction","target":{"@type":"EntryPoint","urlTemplate":"https:\/\/www.webdo.tn\/fr\/?s={search_term_string}"},"query-input":{"@type":"PropertyValueSpecification","valueRequired":true,"valueName":"search_term_string"}}],"inLanguage":"fr-FR"},{"@type":"Organization","@id":"https:\/\/www.webdo.tn\/fr\/#organization","name":"Webdo","alternateName":"Webdo.tn","url":"https:\/\/www.webdo.tn\/fr\/","logo":{"@type":"ImageObject","inLanguage":"fr-FR","@id":"https:\/\/www.webdo.tn\/fr\/#\/schema\/logo\/image\/","url":"https:\/\/www.webdo.tn\/fr\/wp-content\/uploads\/2025\/06\/Webdo-Tunisie_168377.jpg","contentUrl":"https:\/\/www.webdo.tn\/fr\/wp-content\/uploads\/2025\/06\/Webdo-Tunisie_168377.jpg","width":301,"height":301,"caption":"Webdo"},"image":{"@id":"https:\/\/www.webdo.tn\/fr\/#\/schema\/logo\/image\/"},"sameAs":["https:\/\/www.facebook.com\/webdotn","https:\/\/x.com\/webdo_tn"],"description":"Webdo est un m\u00e9dia num\u00e9rique tunisien fond\u00e9 en 2010, sp\u00e9cialis\u00e9 dans l\u2019actualit\u00e9 nationale et internationale, l\u2019\u00e9conomie, la soci\u00e9t\u00e9 et les analyses politiques. Le site s\u2019adresse \u00e0 un large public francophone et couvre l\u2019information tunisienne en temps r\u00e9el.","email":"redac@webdo.tn","legalName":"YNJ SARL","foundingDate":"2010-09-06","numberOfEmployees":{"@type":"QuantitativeValue","minValue":"11","maxValue":"50"}},{"@type":"Person","@id":"https:\/\/www.webdo.tn\/fr\/#\/schema\/person\/f35b42a42c5e2511bbd282959d6385cc","name":"CL","image":{"@type":"ImageObject","inLanguage":"fr-FR","@id":"https:\/\/secure.gravatar.com\/avatar\/1447a49909b67aa657c488aec6512e1dd6143a480c1ecfee9b5b5cd74eb3b59e?s=96&d=mm&r=g","url":"https:\/\/secure.gravatar.com\/avatar\/1447a49909b67aa657c488aec6512e1dd6143a480c1ecfee9b5b5cd74eb3b59e?s=96&d=mm&r=g","contentUrl":"https:\/\/secure.gravatar.com\/avatar\/1447a49909b67aa657c488aec6512e1dd6143a480c1ecfee9b5b5cd74eb3b59e?s=96&d=mm&r=g","caption":"CL"},"url":"https:\/\/www.webdo.tn\/fr\/actualite\/author\/cl\/"}]}},"_links":{"self":[{"href":"https:\/\/www.webdo.tn\/fr\/wp-json\/wp\/v2\/posts\/205559","targetHints":{"allow":["GET"]}}],"collection":[{"href":"https:\/\/www.webdo.tn\/fr\/wp-json\/wp\/v2\/posts"}],"about":[{"href":"https:\/\/www.webdo.tn\/fr\/wp-json\/wp\/v2\/types\/post"}],"author":[{"embeddable":true,"href":"https:\/\/www.webdo.tn\/fr\/wp-json\/wp\/v2\/users\/3175"}],"replies":[{"embeddable":true,"href":"https:\/\/www.webdo.tn\/fr\/wp-json\/wp\/v2\/comments?post=205559"}],"version-history":[{"count":0,"href":"https:\/\/www.webdo.tn\/fr\/wp-json\/wp\/v2\/posts\/205559\/revisions"}],"wp:featuredmedia":[{"embeddable":true,"href":"https:\/\/www.webdo.tn\/fr\/wp-json\/wp\/v2\/media\/251207"}],"wp:attachment":[{"href":"https:\/\/www.webdo.tn\/fr\/wp-json\/wp\/v2\/media?parent=205559"}],"wp:term":[{"taxonomy":"category","embeddable":true,"href":"https:\/\/www.webdo.tn\/fr\/wp-json\/wp\/v2\/categories?post=205559"},{"taxonomy":"post_tag","embeddable":true,"href":"https:\/\/www.webdo.tn\/fr\/wp-json\/wp\/v2\/tags?post=205559"}],"curies":[{"name":"wp","href":"https:\/\/api.w.org\/{rel}","templated":true}]}}