{"id":205547,"date":"2023-05-09T10:46:00","date_gmt":"2023-05-09T10:46:00","guid":{"rendered":"https:\/\/www.webdo.tn\/fr\/blog\/ghannouchi-refuse-de-quitter-la-prison-pour-son-audition\/205547\/"},"modified":"2025-05-20T22:43:31","modified_gmt":"2025-05-20T22:43:31","slug":"ghannouchi-refuse-de-quitter-la-prison-pour-son-audition","status":"publish","type":"post","link":"https:\/\/www.webdo.tn\/fr\/actualite\/national\/ghannouchi-refuse-de-quitter-la-prison-pour-son-audition\/205547\/","title":{"rendered":"Rached Ghannouchi refuse de quitter la prison pour son audition"},"content":{"rendered":"<p>Le chef du parti Ennahdha Rached Ghannouchi a d\u00e9cid\u00e9 de quitter ce mardi 9 mai 2023 la prison pour comparaitre devant le juge d\u2019instruction dans l\u2019affaire Instalingo.<\/p>\n<p>\t\t\t\t\t\t\t\t\tSelon le procureur de la r\u00e9publique adjoint au tribunal de premi\u00e8re instance Sousse I, l\u2019affaire a connu de nouveaux rebondissements suite \u00e0 des tests techniques et aux examens des diff\u00e9rents \u00e9l\u00e9ments, d\u2019o\u00f9 la convocation de Rached Ghannouchi, rapporte Mosa\u00efque FM.\u00a0<\/p>\n<p>L&rsquo;avocat Mokhtar Jemai, membre du comit\u00e9 de d\u00e9fense du pr\u00e9sident du Mouvement Ennahdha, Rached Ghannouchi, avait indiqu\u00e9 que son client a d\u00e9cid\u00e9 de boycotter toutes les auditions.\u00a0<\/p>\n<p>Pour rappel, le juge d&rsquo;instruction n\u00b033 pr\u00e8s le Tribunal de premi\u00e8re instance de Tunis a \u00e9mis, le 20 avril courant, des mandats de d\u00e9p\u00f4t contre Rached Ghannouchi dans une affaire d\u2019atteinte \u00e0 la paix sociale.<\/p>\n","protected":false},"excerpt":{"rendered":"<p>Le chef du parti Ennahdha Rached Ghannouchi a d\u00e9cid\u00e9 de quitter ce mardi 9 mai 2023 la prison pour comparaitre devant le juge d\u2019instruction dans l\u2019affaire Insta&#8230;<\/p>\n","protected":false},"author":3175,"featured_media":251203,"comment_status":"open","ping_status":"closed","sticky":false,"template":"","format":"standard","meta":{"footnotes":""},"categories":[44],"tags":[3043,4127,2708],"class_list":["post-205547","post","type-post","status-publish","format-standard","has-post-thumbnail","hentry","category-national","tag-audition","tag-ghannouchi","tag-prison"],"yoast_head":"<!-- This site is optimized with the Yoast SEO Premium plugin v27.4 (Yoast SEO v27.5) - https:\/\/yoast.com\/product\/yoast-seo-premium-wordpress\/ -->\n<title>Rached Ghannouchi refuse de quitter la prison pour son audition<\/title>\n<meta name=\"description\" content=\"Le chef du parti Ennahdha Rached Ghannouchi a d\u00e9cid\u00e9 de quitter ce mardi 9 mai 2023 la prison pour comparaitre devant le juge d\u2019instruction dans l\u2019affaire Insta...\" \/>\n<link rel=\"canonical\" href=\"https:\/\/www.webdo.tn\/fr\/actualite\/national\/ghannouchi-refuse-de-quitter-la-prison-pour-son-audition\/205547\/\" \/>\n<meta property=\"og:locale\" content=\"fr_FR\" \/>\n<meta property=\"og:type\" content=\"article\" \/>\n<meta property=\"og:title\" content=\"Rached Ghannouchi refuse de quitter la prison pour son audition\" \/>\n<meta property=\"og:description\" content=\"Le chef du parti Ennahdha Rached Ghannouchi a d\u00e9cid\u00e9 de quitter ce mardi 9 mai 2023 la prison pour comparaitre devant le juge d\u2019instruction dans l\u2019affaire Insta...\" \/>\n<meta property=\"og:url\" content=\"https:\/\/www.webdo.tn\/fr\/actualite\/national\/ghannouchi-refuse-de-quitter-la-prison-pour-son-audition\/205547\/\" \/>\n<meta property=\"og:site_name\" content=\"webdo\" \/>\n<meta property=\"article:publisher\" content=\"https:\/\/www.facebook.com\/webdotn\" \/>\n<meta property=\"article:published_time\" content=\"2023-05-09T10:46:00+00:00\" \/>\n<meta property=\"article:modified_time\" content=\"2025-05-20T22:43:31+00:00\" \/>\n<meta property=\"og:image\" content=\"https:\/\/www.webdo.tn\/fr\/wp-content\/uploads\/2023\/05\/3f5fc4fc2b87e4ec9ad8004e94c19090.jpg\" \/>\n\t<meta property=\"og:image:width\" content=\"750\" \/>\n\t<meta property=\"og:image:height\" content=\"400\" \/>\n\t<meta property=\"og:image:type\" content=\"image\/jpeg\" \/>\n<meta name=\"author\" content=\"CL\" \/>\n<meta name=\"twitter:card\" content=\"summary_large_image\" \/>\n<meta name=\"twitter:creator\" content=\"@webdo_tn\" \/>\n<meta name=\"twitter:site\" content=\"@webdo_tn\" \/>\n<meta name=\"twitter:label1\" content=\"\u00c9crit par\" \/>\n\t<meta name=\"twitter:data1\" content=\"CL\" \/>\n\t<meta name=\"twitter:label2\" content=\"Dur\u00e9e de lecture estim\u00e9e\" \/>\n\t<meta name=\"twitter:data2\" content=\"1 minute\" \/>\n<script type=\"application\/ld+json\" class=\"yoast-schema-graph\">{\"@context\":\"https:\\\/\\\/schema.org\",\"@graph\":[{\"@type\":\"NewsArticle\",\"@id\":\"https:\\\/\\\/www.webdo.tn\\\/fr\\\/actualite\\\/national\\\/ghannouchi-refuse-de-quitter-la-prison-pour-son-audition\\\/205547\\\/#article\",\"isPartOf\":{\"@id\":\"https:\\\/\\\/www.webdo.tn\\\/fr\\\/actualite\\\/national\\\/ghannouchi-refuse-de-quitter-la-prison-pour-son-audition\\\/205547\\\/\"},\"author\":{\"name\":\"CL\",\"@id\":\"https:\\\/\\\/www.webdo.tn\\\/fr\\\/#\\\/schema\\\/person\\\/f35b42a42c5e2511bbd282959d6385cc\"},\"headline\":\"Rached Ghannouchi refuse de quitter la prison pour son audition\",\"datePublished\":\"2023-05-09T10:46:00+00:00\",\"dateModified\":\"2025-05-20T22:43:31+00:00\",\"mainEntityOfPage\":{\"@id\":\"https:\\\/\\\/www.webdo.tn\\\/fr\\\/actualite\\\/national\\\/ghannouchi-refuse-de-quitter-la-prison-pour-son-audition\\\/205547\\\/\"},\"wordCount\":154,\"commentCount\":0,\"publisher\":{\"@id\":\"https:\\\/\\\/www.webdo.tn\\\/fr\\\/#organization\"},\"image\":{\"@id\":\"https:\\\/\\\/www.webdo.tn\\\/fr\\\/actualite\\\/national\\\/ghannouchi-refuse-de-quitter-la-prison-pour-son-audition\\\/205547\\\/#primaryimage\"},\"thumbnailUrl\":\"https:\\\/\\\/www.webdo.tn\\\/fr\\\/wp-content\\\/uploads\\\/2023\\\/05\\\/3f5fc4fc2b87e4ec9ad8004e94c19090.jpg\",\"keywords\":[\"audition\",\"Ghannouchi\",\"Prison\"],\"articleSection\":[\"National\"],\"inLanguage\":\"fr-FR\"},{\"@type\":\"WebPage\",\"@id\":\"https:\\\/\\\/www.webdo.tn\\\/fr\\\/actualite\\\/national\\\/ghannouchi-refuse-de-quitter-la-prison-pour-son-audition\\\/205547\\\/\",\"url\":\"https:\\\/\\\/www.webdo.tn\\\/fr\\\/actualite\\\/national\\\/ghannouchi-refuse-de-quitter-la-prison-pour-son-audition\\\/205547\\\/\",\"name\":\"Rached Ghannouchi refuse de quitter la prison pour son audition\",\"isPartOf\":{\"@id\":\"https:\\\/\\\/www.webdo.tn\\\/fr\\\/#website\"},\"primaryImageOfPage\":{\"@id\":\"https:\\\/\\\/www.webdo.tn\\\/fr\\\/actualite\\\/national\\\/ghannouchi-refuse-de-quitter-la-prison-pour-son-audition\\\/205547\\\/#primaryimage\"},\"image\":{\"@id\":\"https:\\\/\\\/www.webdo.tn\\\/fr\\\/actualite\\\/national\\\/ghannouchi-refuse-de-quitter-la-prison-pour-son-audition\\\/205547\\\/#primaryimage\"},\"thumbnailUrl\":\"https:\\\/\\\/www.webdo.tn\\\/fr\\\/wp-content\\\/uploads\\\/2023\\\/05\\\/3f5fc4fc2b87e4ec9ad8004e94c19090.jpg\",\"datePublished\":\"2023-05-09T10:46:00+00:00\",\"dateModified\":\"2025-05-20T22:43:31+00:00\",\"description\":\"Le chef du parti Ennahdha Rached Ghannouchi a d\u00e9cid\u00e9 de quitter ce mardi 9 mai 2023 la prison pour comparaitre devant le juge d\u2019instruction dans l\u2019affaire Insta...\",\"breadcrumb\":{\"@id\":\"https:\\\/\\\/www.webdo.tn\\\/fr\\\/actualite\\\/national\\\/ghannouchi-refuse-de-quitter-la-prison-pour-son-audition\\\/205547\\\/#breadcrumb\"},\"inLanguage\":\"fr-FR\",\"potentialAction\":[{\"@type\":\"ReadAction\",\"target\":[\"https:\\\/\\\/www.webdo.tn\\\/fr\\\/actualite\\\/national\\\/ghannouchi-refuse-de-quitter-la-prison-pour-son-audition\\\/205547\\\/\"]}]},{\"@type\":\"ImageObject\",\"inLanguage\":\"fr-FR\",\"@id\":\"https:\\\/\\\/www.webdo.tn\\\/fr\\\/actualite\\\/national\\\/ghannouchi-refuse-de-quitter-la-prison-pour-son-audition\\\/205547\\\/#primaryimage\",\"url\":\"https:\\\/\\\/www.webdo.tn\\\/fr\\\/wp-content\\\/uploads\\\/2023\\\/05\\\/3f5fc4fc2b87e4ec9ad8004e94c19090.jpg\",\"contentUrl\":\"https:\\\/\\\/www.webdo.tn\\\/fr\\\/wp-content\\\/uploads\\\/2023\\\/05\\\/3f5fc4fc2b87e4ec9ad8004e94c19090.jpg\",\"width\":750,\"height\":400,\"caption\":\"Rached Ghannouchi\"},{\"@type\":\"BreadcrumbList\",\"@id\":\"https:\\\/\\\/www.webdo.tn\\\/fr\\\/actualite\\\/national\\\/ghannouchi-refuse-de-quitter-la-prison-pour-son-audition\\\/205547\\\/#breadcrumb\",\"itemListElement\":[{\"@type\":\"ListItem\",\"position\":1,\"name\":\"Accueil\",\"item\":\"https:\\\/\\\/www.webdo.tn\\\/fr\\\/\"},{\"@type\":\"ListItem\",\"position\":2,\"name\":\"Rached Ghannouchi refuse de quitter la prison pour son audition\"}]},{\"@type\":\"WebSite\",\"@id\":\"https:\\\/\\\/www.webdo.tn\\\/fr\\\/#website\",\"url\":\"https:\\\/\\\/www.webdo.tn\\\/fr\\\/\",\"name\":\"webdo\",\"description\":\"Tunisie - News en Tunisie et \u00e0 l&#039;international sur Webdo.tn\",\"publisher\":{\"@id\":\"https:\\\/\\\/www.webdo.tn\\\/fr\\\/#organization\"},\"potentialAction\":[{\"@type\":\"SearchAction\",\"target\":{\"@type\":\"EntryPoint\",\"urlTemplate\":\"https:\\\/\\\/www.webdo.tn\\\/fr\\\/?s={search_term_string}\"},\"query-input\":{\"@type\":\"PropertyValueSpecification\",\"valueRequired\":true,\"valueName\":\"search_term_string\"}}],\"inLanguage\":\"fr-FR\"},{\"@type\":\"Organization\",\"@id\":\"https:\\\/\\\/www.webdo.tn\\\/fr\\\/#organization\",\"name\":\"Webdo\",\"alternateName\":\"Webdo.tn\",\"url\":\"https:\\\/\\\/www.webdo.tn\\\/fr\\\/\",\"logo\":{\"@type\":\"ImageObject\",\"inLanguage\":\"fr-FR\",\"@id\":\"https:\\\/\\\/www.webdo.tn\\\/fr\\\/#\\\/schema\\\/logo\\\/image\\\/\",\"url\":\"https:\\\/\\\/www.webdo.tn\\\/fr\\\/wp-content\\\/uploads\\\/2025\\\/06\\\/Webdo-Tunisie_168377.jpg\",\"contentUrl\":\"https:\\\/\\\/www.webdo.tn\\\/fr\\\/wp-content\\\/uploads\\\/2025\\\/06\\\/Webdo-Tunisie_168377.jpg\",\"width\":301,\"height\":301,\"caption\":\"Webdo\"},\"image\":{\"@id\":\"https:\\\/\\\/www.webdo.tn\\\/fr\\\/#\\\/schema\\\/logo\\\/image\\\/\"},\"sameAs\":[\"https:\\\/\\\/www.facebook.com\\\/webdotn\",\"https:\\\/\\\/x.com\\\/webdo_tn\"],\"description\":\"Webdo est un m\u00e9dia num\u00e9rique tunisien fond\u00e9 en 2010, sp\u00e9cialis\u00e9 dans l\u2019actualit\u00e9 nationale et internationale, l\u2019\u00e9conomie, la soci\u00e9t\u00e9 et les analyses politiques. Le site s\u2019adresse \u00e0 un large public francophone et couvre l\u2019information tunisienne en temps r\u00e9el.\",\"email\":\"redac@webdo.tn\",\"legalName\":\"YNJ SARL\",\"foundingDate\":\"2010-09-06\",\"numberOfEmployees\":{\"@type\":\"QuantitativeValue\",\"minValue\":\"11\",\"maxValue\":\"50\"}},{\"@type\":\"Person\",\"@id\":\"https:\\\/\\\/www.webdo.tn\\\/fr\\\/#\\\/schema\\\/person\\\/f35b42a42c5e2511bbd282959d6385cc\",\"name\":\"CL\",\"image\":{\"@type\":\"ImageObject\",\"inLanguage\":\"fr-FR\",\"@id\":\"https:\\\/\\\/secure.gravatar.com\\\/avatar\\\/1447a49909b67aa657c488aec6512e1dd6143a480c1ecfee9b5b5cd74eb3b59e?s=96&d=mm&r=g\",\"url\":\"https:\\\/\\\/secure.gravatar.com\\\/avatar\\\/1447a49909b67aa657c488aec6512e1dd6143a480c1ecfee9b5b5cd74eb3b59e?s=96&d=mm&r=g\",\"contentUrl\":\"https:\\\/\\\/secure.gravatar.com\\\/avatar\\\/1447a49909b67aa657c488aec6512e1dd6143a480c1ecfee9b5b5cd74eb3b59e?s=96&d=mm&r=g\",\"caption\":\"CL\"},\"url\":\"https:\\\/\\\/www.webdo.tn\\\/fr\\\/actualite\\\/author\\\/cl\\\/\"}]}<\/script>\n<!-- \/ Yoast SEO Premium plugin. -->","yoast_head_json":{"title":"Rached Ghannouchi refuse de quitter la prison pour son audition","description":"Le chef du parti Ennahdha Rached Ghannouchi a d\u00e9cid\u00e9 de quitter ce mardi 9 mai 2023 la prison pour comparaitre devant le juge d\u2019instruction dans l\u2019affaire Insta...","canonical":"https:\/\/www.webdo.tn\/fr\/actualite\/national\/ghannouchi-refuse-de-quitter-la-prison-pour-son-audition\/205547\/","og_locale":"fr_FR","og_type":"article","og_title":"Rached Ghannouchi refuse de quitter la prison pour son audition","og_description":"Le chef du parti Ennahdha Rached Ghannouchi a d\u00e9cid\u00e9 de quitter ce mardi 9 mai 2023 la prison pour comparaitre devant le juge d\u2019instruction dans l\u2019affaire Insta...","og_url":"https:\/\/www.webdo.tn\/fr\/actualite\/national\/ghannouchi-refuse-de-quitter-la-prison-pour-son-audition\/205547\/","og_site_name":"webdo","article_publisher":"https:\/\/www.facebook.com\/webdotn","article_published_time":"2023-05-09T10:46:00+00:00","article_modified_time":"2025-05-20T22:43:31+00:00","og_image":[{"width":750,"height":400,"url":"https:\/\/www.webdo.tn\/fr\/wp-content\/uploads\/2023\/05\/3f5fc4fc2b87e4ec9ad8004e94c19090.jpg","type":"image\/jpeg"}],"author":"CL","twitter_card":"summary_large_image","twitter_creator":"@webdo_tn","twitter_site":"@webdo_tn","twitter_misc":{"\u00c9crit par":"CL","Dur\u00e9e de lecture estim\u00e9e":"1 minute"},"schema":{"@context":"https:\/\/schema.org","@graph":[{"@type":"NewsArticle","@id":"https:\/\/www.webdo.tn\/fr\/actualite\/national\/ghannouchi-refuse-de-quitter-la-prison-pour-son-audition\/205547\/#article","isPartOf":{"@id":"https:\/\/www.webdo.tn\/fr\/actualite\/national\/ghannouchi-refuse-de-quitter-la-prison-pour-son-audition\/205547\/"},"author":{"name":"CL","@id":"https:\/\/www.webdo.tn\/fr\/#\/schema\/person\/f35b42a42c5e2511bbd282959d6385cc"},"headline":"Rached Ghannouchi refuse de quitter la prison pour son audition","datePublished":"2023-05-09T10:46:00+00:00","dateModified":"2025-05-20T22:43:31+00:00","mainEntityOfPage":{"@id":"https:\/\/www.webdo.tn\/fr\/actualite\/national\/ghannouchi-refuse-de-quitter-la-prison-pour-son-audition\/205547\/"},"wordCount":154,"commentCount":0,"publisher":{"@id":"https:\/\/www.webdo.tn\/fr\/#organization"},"image":{"@id":"https:\/\/www.webdo.tn\/fr\/actualite\/national\/ghannouchi-refuse-de-quitter-la-prison-pour-son-audition\/205547\/#primaryimage"},"thumbnailUrl":"https:\/\/www.webdo.tn\/fr\/wp-content\/uploads\/2023\/05\/3f5fc4fc2b87e4ec9ad8004e94c19090.jpg","keywords":["audition","Ghannouchi","Prison"],"articleSection":["National"],"inLanguage":"fr-FR"},{"@type":"WebPage","@id":"https:\/\/www.webdo.tn\/fr\/actualite\/national\/ghannouchi-refuse-de-quitter-la-prison-pour-son-audition\/205547\/","url":"https:\/\/www.webdo.tn\/fr\/actualite\/national\/ghannouchi-refuse-de-quitter-la-prison-pour-son-audition\/205547\/","name":"Rached Ghannouchi refuse de quitter la prison pour son audition","isPartOf":{"@id":"https:\/\/www.webdo.tn\/fr\/#website"},"primaryImageOfPage":{"@id":"https:\/\/www.webdo.tn\/fr\/actualite\/national\/ghannouchi-refuse-de-quitter-la-prison-pour-son-audition\/205547\/#primaryimage"},"image":{"@id":"https:\/\/www.webdo.tn\/fr\/actualite\/national\/ghannouchi-refuse-de-quitter-la-prison-pour-son-audition\/205547\/#primaryimage"},"thumbnailUrl":"https:\/\/www.webdo.tn\/fr\/wp-content\/uploads\/2023\/05\/3f5fc4fc2b87e4ec9ad8004e94c19090.jpg","datePublished":"2023-05-09T10:46:00+00:00","dateModified":"2025-05-20T22:43:31+00:00","description":"Le chef du parti Ennahdha Rached Ghannouchi a d\u00e9cid\u00e9 de quitter ce mardi 9 mai 2023 la prison pour comparaitre devant le juge d\u2019instruction dans l\u2019affaire Insta...","breadcrumb":{"@id":"https:\/\/www.webdo.tn\/fr\/actualite\/national\/ghannouchi-refuse-de-quitter-la-prison-pour-son-audition\/205547\/#breadcrumb"},"inLanguage":"fr-FR","potentialAction":[{"@type":"ReadAction","target":["https:\/\/www.webdo.tn\/fr\/actualite\/national\/ghannouchi-refuse-de-quitter-la-prison-pour-son-audition\/205547\/"]}]},{"@type":"ImageObject","inLanguage":"fr-FR","@id":"https:\/\/www.webdo.tn\/fr\/actualite\/national\/ghannouchi-refuse-de-quitter-la-prison-pour-son-audition\/205547\/#primaryimage","url":"https:\/\/www.webdo.tn\/fr\/wp-content\/uploads\/2023\/05\/3f5fc4fc2b87e4ec9ad8004e94c19090.jpg","contentUrl":"https:\/\/www.webdo.tn\/fr\/wp-content\/uploads\/2023\/05\/3f5fc4fc2b87e4ec9ad8004e94c19090.jpg","width":750,"height":400,"caption":"Rached Ghannouchi"},{"@type":"BreadcrumbList","@id":"https:\/\/www.webdo.tn\/fr\/actualite\/national\/ghannouchi-refuse-de-quitter-la-prison-pour-son-audition\/205547\/#breadcrumb","itemListElement":[{"@type":"ListItem","position":1,"name":"Accueil","item":"https:\/\/www.webdo.tn\/fr\/"},{"@type":"ListItem","position":2,"name":"Rached Ghannouchi refuse de quitter la prison pour son audition"}]},{"@type":"WebSite","@id":"https:\/\/www.webdo.tn\/fr\/#website","url":"https:\/\/www.webdo.tn\/fr\/","name":"webdo","description":"Tunisie - News en Tunisie et \u00e0 l&#039;international sur Webdo.tn","publisher":{"@id":"https:\/\/www.webdo.tn\/fr\/#organization"},"potentialAction":[{"@type":"SearchAction","target":{"@type":"EntryPoint","urlTemplate":"https:\/\/www.webdo.tn\/fr\/?s={search_term_string}"},"query-input":{"@type":"PropertyValueSpecification","valueRequired":true,"valueName":"search_term_string"}}],"inLanguage":"fr-FR"},{"@type":"Organization","@id":"https:\/\/www.webdo.tn\/fr\/#organization","name":"Webdo","alternateName":"Webdo.tn","url":"https:\/\/www.webdo.tn\/fr\/","logo":{"@type":"ImageObject","inLanguage":"fr-FR","@id":"https:\/\/www.webdo.tn\/fr\/#\/schema\/logo\/image\/","url":"https:\/\/www.webdo.tn\/fr\/wp-content\/uploads\/2025\/06\/Webdo-Tunisie_168377.jpg","contentUrl":"https:\/\/www.webdo.tn\/fr\/wp-content\/uploads\/2025\/06\/Webdo-Tunisie_168377.jpg","width":301,"height":301,"caption":"Webdo"},"image":{"@id":"https:\/\/www.webdo.tn\/fr\/#\/schema\/logo\/image\/"},"sameAs":["https:\/\/www.facebook.com\/webdotn","https:\/\/x.com\/webdo_tn"],"description":"Webdo est un m\u00e9dia num\u00e9rique tunisien fond\u00e9 en 2010, sp\u00e9cialis\u00e9 dans l\u2019actualit\u00e9 nationale et internationale, l\u2019\u00e9conomie, la soci\u00e9t\u00e9 et les analyses politiques. Le site s\u2019adresse \u00e0 un large public francophone et couvre l\u2019information tunisienne en temps r\u00e9el.","email":"redac@webdo.tn","legalName":"YNJ SARL","foundingDate":"2010-09-06","numberOfEmployees":{"@type":"QuantitativeValue","minValue":"11","maxValue":"50"}},{"@type":"Person","@id":"https:\/\/www.webdo.tn\/fr\/#\/schema\/person\/f35b42a42c5e2511bbd282959d6385cc","name":"CL","image":{"@type":"ImageObject","inLanguage":"fr-FR","@id":"https:\/\/secure.gravatar.com\/avatar\/1447a49909b67aa657c488aec6512e1dd6143a480c1ecfee9b5b5cd74eb3b59e?s=96&d=mm&r=g","url":"https:\/\/secure.gravatar.com\/avatar\/1447a49909b67aa657c488aec6512e1dd6143a480c1ecfee9b5b5cd74eb3b59e?s=96&d=mm&r=g","contentUrl":"https:\/\/secure.gravatar.com\/avatar\/1447a49909b67aa657c488aec6512e1dd6143a480c1ecfee9b5b5cd74eb3b59e?s=96&d=mm&r=g","caption":"CL"},"url":"https:\/\/www.webdo.tn\/fr\/actualite\/author\/cl\/"}]}},"_links":{"self":[{"href":"https:\/\/www.webdo.tn\/fr\/wp-json\/wp\/v2\/posts\/205547","targetHints":{"allow":["GET"]}}],"collection":[{"href":"https:\/\/www.webdo.tn\/fr\/wp-json\/wp\/v2\/posts"}],"about":[{"href":"https:\/\/www.webdo.tn\/fr\/wp-json\/wp\/v2\/types\/post"}],"author":[{"embeddable":true,"href":"https:\/\/www.webdo.tn\/fr\/wp-json\/wp\/v2\/users\/3175"}],"replies":[{"embeddable":true,"href":"https:\/\/www.webdo.tn\/fr\/wp-json\/wp\/v2\/comments?post=205547"}],"version-history":[{"count":0,"href":"https:\/\/www.webdo.tn\/fr\/wp-json\/wp\/v2\/posts\/205547\/revisions"}],"wp:featuredmedia":[{"embeddable":true,"href":"https:\/\/www.webdo.tn\/fr\/wp-json\/wp\/v2\/media\/251203"}],"wp:attachment":[{"href":"https:\/\/www.webdo.tn\/fr\/wp-json\/wp\/v2\/media?parent=205547"}],"wp:term":[{"taxonomy":"category","embeddable":true,"href":"https:\/\/www.webdo.tn\/fr\/wp-json\/wp\/v2\/categories?post=205547"},{"taxonomy":"post_tag","embeddable":true,"href":"https:\/\/www.webdo.tn\/fr\/wp-json\/wp\/v2\/tags?post=205547"}],"curies":[{"name":"wp","href":"https:\/\/api.w.org\/{rel}","templated":true}]}}