{"id":205541,"date":"2023-05-09T08:47:00","date_gmt":"2023-05-09T08:47:00","guid":{"rendered":"https:\/\/www.webdo.tn\/fr\/blog\/kais-saied-appelle-a-proteger-les-lanceurs-d-alerte\/205541\/"},"modified":"2025-05-20T22:43:31","modified_gmt":"2025-05-20T22:43:31","slug":"kais-saied-appelle-a-proteger-les-lanceurs-d-alerte","status":"publish","type":"post","link":"https:\/\/www.webdo.tn\/fr\/actualite\/national\/kais-saied-appelle-a-proteger-les-lanceurs-d-alerte\/205541\/","title":{"rendered":"Kais Saied appelle \u00e0 prot\u00e9ger les lanceurs d\u2019alerte"},"content":{"rendered":"<p>Le pr\u00e9sident de la R\u00e9publique Kais Saied a appel\u00e9 \u00e0 prot\u00e9ger les lanceurs d&rsquo;alertes car ils payent cher la d\u00e9nonciation des pratiques de hors-la-loi qui agissent sans crainte des poursuites .<\/p>\n<p>\t\t\t\t\t\t\t\t\t\u00a0\u00ab\u00a0La Tunisie passe par une \u00e9tape tr\u00e8s d\u00e9licate de son histoire et la justice doit jouer son r\u00f4le pour relever tous les d\u00e9fis surtout en ce qui concerne les dossiers de corruption&#8230; J&rsquo;en re\u00e7ois une dizaine chaque jour et il faut prot\u00e9ger les lanceurs d&rsquo;alertes, car ils payent cher la d\u00e9nonciation des pratiques de hors-la-loi qui agissent sans crainte des poursuites et qui sentent qu\u2019ils sont au-dessus de la Loi. L&rsquo;Etat doit enrayer leurs r\u00e9seaux au sein de l\u2019appareil de l\u2019Etat et dans plusieurs secteurs\u00a0\u00bb, a laiss\u00e9 entendre hier lundi 8 mai le pr\u00e9sident de la R\u00e9publique Kais Sa\u00efed.<\/p>\n<p>Au cours de sa r\u00e9union avec la ministre de la Justice, Le\u00efla Jaffel, Kais Saied soulign\u00e9 l\u2019importance de prot\u00e9ger les lanceurs d\u2019alerte pour renforcer la d\u00e9nonciation de la corruption dans tout le pays.\u00a0<\/p>\n<p>D\u2019autre part, le chef de l\u2019Etat a appel\u00e9 \u00e0 trouver des solutions \u00e0 la question des ch\u00e9ques sans provision. \u00ab\u00a0J\u2019ai appel\u00e9 \u00e0 l\u2019\u00e9laboration d\u2019un texte \u00a0 de loi pour mettre un terme \u00e0 cette situation. Il faut trouver des solutions, car l&#8217;emprisonnement des \u00e9metteurs ne profite pas aux victimes. Bien au contraire&#8230;\u00a0\u00bb.<\/p>\n","protected":false},"excerpt":{"rendered":"<p>Le pr\u00e9sident de la R\u00e9publique Kais Saied a appel\u00e9 \u00e0 prot\u00e9ger les lanceurs d&rsquo;alertes car ils payent cher la d\u00e9nonciation des pratiques de hors-la-loi qui agissen&#8230;<\/p>\n","protected":false},"author":3175,"featured_media":251200,"comment_status":"open","ping_status":"closed","sticky":false,"template":"","format":"standard","meta":{"footnotes":""},"categories":[44],"tags":[3196,2614,8450,2608],"class_list":["post-205541","post","type-post","status-publish","format-standard","has-post-thumbnail","hentry","category-national","tag-corruption","tag-kais-saied","tag-lanceurs-dalerte","tag-tunisie"],"yoast_head":"<!-- This site is optimized with the Yoast SEO Premium plugin v27.5 (Yoast SEO v27.5) - https:\/\/yoast.com\/product\/yoast-seo-premium-wordpress\/ -->\n<title>Kais Saied appelle \u00e0 prot\u00e9ger les lanceurs d\u2019alerte<\/title>\n<meta name=\"description\" content=\"Le pr\u00e9sident de la R\u00e9publique Kais Saied a appel\u00e9 \u00e0 prot\u00e9ger les lanceurs d&#039;alertes car ils payent cher la d\u00e9nonciation des pratiques de hors-la-loi qui agissen...\" \/>\n<link rel=\"canonical\" href=\"https:\/\/www.webdo.tn\/fr\/actualite\/national\/kais-saied-appelle-a-proteger-les-lanceurs-d-alerte\/205541\/\" \/>\n<meta property=\"og:locale\" content=\"fr_FR\" \/>\n<meta property=\"og:type\" content=\"article\" \/>\n<meta property=\"og:title\" content=\"Kais Saied appelle \u00e0 prot\u00e9ger les lanceurs d\u2019alerte\" \/>\n<meta property=\"og:description\" content=\"Le pr\u00e9sident de la R\u00e9publique Kais Saied a appel\u00e9 \u00e0 prot\u00e9ger les lanceurs d&#039;alertes car ils payent cher la d\u00e9nonciation des pratiques de hors-la-loi qui agissen...\" \/>\n<meta property=\"og:url\" content=\"https:\/\/www.webdo.tn\/fr\/actualite\/national\/kais-saied-appelle-a-proteger-les-lanceurs-d-alerte\/205541\/\" \/>\n<meta property=\"og:site_name\" content=\"webdo\" \/>\n<meta property=\"article:publisher\" content=\"https:\/\/www.facebook.com\/webdotn\" \/>\n<meta property=\"article:published_time\" content=\"2023-05-09T08:47:00+00:00\" \/>\n<meta property=\"article:modified_time\" content=\"2025-05-20T22:43:31+00:00\" \/>\n<meta property=\"og:image\" content=\"https:\/\/www.webdo.tn\/fr\/wp-content\/uploads\/2023\/05\/53a349b37b2e901060b57cb16b7dce7e.jpg\" \/>\n\t<meta property=\"og:image:width\" content=\"750\" \/>\n\t<meta property=\"og:image:height\" content=\"400\" \/>\n\t<meta property=\"og:image:type\" content=\"image\/jpeg\" \/>\n<meta name=\"author\" content=\"CL\" \/>\n<meta name=\"twitter:card\" content=\"summary_large_image\" \/>\n<meta name=\"twitter:creator\" content=\"@webdo_tn\" \/>\n<meta name=\"twitter:site\" content=\"@webdo_tn\" \/>\n<meta name=\"twitter:label1\" content=\"\u00c9crit par\" \/>\n\t<meta name=\"twitter:data1\" content=\"CL\" \/>\n\t<meta name=\"twitter:label2\" content=\"Dur\u00e9e de lecture estim\u00e9e\" \/>\n\t<meta name=\"twitter:data2\" content=\"1 minute\" \/>\n<script type=\"application\/ld+json\" class=\"yoast-schema-graph\">{\"@context\":\"https:\\\/\\\/schema.org\",\"@graph\":[{\"@type\":\"NewsArticle\",\"@id\":\"https:\\\/\\\/www.webdo.tn\\\/fr\\\/actualite\\\/national\\\/kais-saied-appelle-a-proteger-les-lanceurs-d-alerte\\\/205541\\\/#article\",\"isPartOf\":{\"@id\":\"https:\\\/\\\/www.webdo.tn\\\/fr\\\/actualite\\\/national\\\/kais-saied-appelle-a-proteger-les-lanceurs-d-alerte\\\/205541\\\/\"},\"author\":{\"name\":\"CL\",\"@id\":\"https:\\\/\\\/www.webdo.tn\\\/fr\\\/#\\\/schema\\\/person\\\/f35b42a42c5e2511bbd282959d6385cc\"},\"headline\":\"Kais Saied appelle \u00e0 prot\u00e9ger les lanceurs d\u2019alerte\",\"datePublished\":\"2023-05-09T08:47:00+00:00\",\"dateModified\":\"2025-05-20T22:43:31+00:00\",\"mainEntityOfPage\":{\"@id\":\"https:\\\/\\\/www.webdo.tn\\\/fr\\\/actualite\\\/national\\\/kais-saied-appelle-a-proteger-les-lanceurs-d-alerte\\\/205541\\\/\"},\"wordCount\":251,\"commentCount\":0,\"publisher\":{\"@id\":\"https:\\\/\\\/www.webdo.tn\\\/fr\\\/#organization\"},\"image\":{\"@id\":\"https:\\\/\\\/www.webdo.tn\\\/fr\\\/actualite\\\/national\\\/kais-saied-appelle-a-proteger-les-lanceurs-d-alerte\\\/205541\\\/#primaryimage\"},\"thumbnailUrl\":\"https:\\\/\\\/www.webdo.tn\\\/fr\\\/wp-content\\\/uploads\\\/2023\\\/05\\\/53a349b37b2e901060b57cb16b7dce7e.jpg\",\"keywords\":[\"corruption\",\"Kais Saied\",\"Lanceurs d'alerte\",\"Tunisie\"],\"articleSection\":[\"National\"],\"inLanguage\":\"fr-FR\"},{\"@type\":\"WebPage\",\"@id\":\"https:\\\/\\\/www.webdo.tn\\\/fr\\\/actualite\\\/national\\\/kais-saied-appelle-a-proteger-les-lanceurs-d-alerte\\\/205541\\\/\",\"url\":\"https:\\\/\\\/www.webdo.tn\\\/fr\\\/actualite\\\/national\\\/kais-saied-appelle-a-proteger-les-lanceurs-d-alerte\\\/205541\\\/\",\"name\":\"Kais Saied appelle \u00e0 prot\u00e9ger les lanceurs d\u2019alerte\",\"isPartOf\":{\"@id\":\"https:\\\/\\\/www.webdo.tn\\\/fr\\\/#website\"},\"primaryImageOfPage\":{\"@id\":\"https:\\\/\\\/www.webdo.tn\\\/fr\\\/actualite\\\/national\\\/kais-saied-appelle-a-proteger-les-lanceurs-d-alerte\\\/205541\\\/#primaryimage\"},\"image\":{\"@id\":\"https:\\\/\\\/www.webdo.tn\\\/fr\\\/actualite\\\/national\\\/kais-saied-appelle-a-proteger-les-lanceurs-d-alerte\\\/205541\\\/#primaryimage\"},\"thumbnailUrl\":\"https:\\\/\\\/www.webdo.tn\\\/fr\\\/wp-content\\\/uploads\\\/2023\\\/05\\\/53a349b37b2e901060b57cb16b7dce7e.jpg\",\"datePublished\":\"2023-05-09T08:47:00+00:00\",\"dateModified\":\"2025-05-20T22:43:31+00:00\",\"description\":\"Le pr\u00e9sident de la R\u00e9publique Kais Saied a appel\u00e9 \u00e0 prot\u00e9ger les lanceurs d'alertes car ils payent cher la d\u00e9nonciation des pratiques de hors-la-loi qui agissen...\",\"breadcrumb\":{\"@id\":\"https:\\\/\\\/www.webdo.tn\\\/fr\\\/actualite\\\/national\\\/kais-saied-appelle-a-proteger-les-lanceurs-d-alerte\\\/205541\\\/#breadcrumb\"},\"inLanguage\":\"fr-FR\",\"potentialAction\":[{\"@type\":\"ReadAction\",\"target\":[\"https:\\\/\\\/www.webdo.tn\\\/fr\\\/actualite\\\/national\\\/kais-saied-appelle-a-proteger-les-lanceurs-d-alerte\\\/205541\\\/\"]}]},{\"@type\":\"ImageObject\",\"inLanguage\":\"fr-FR\",\"@id\":\"https:\\\/\\\/www.webdo.tn\\\/fr\\\/actualite\\\/national\\\/kais-saied-appelle-a-proteger-les-lanceurs-d-alerte\\\/205541\\\/#primaryimage\",\"url\":\"https:\\\/\\\/www.webdo.tn\\\/fr\\\/wp-content\\\/uploads\\\/2023\\\/05\\\/53a349b37b2e901060b57cb16b7dce7e.jpg\",\"contentUrl\":\"https:\\\/\\\/www.webdo.tn\\\/fr\\\/wp-content\\\/uploads\\\/2023\\\/05\\\/53a349b37b2e901060b57cb16b7dce7e.jpg\",\"width\":750,\"height\":400,\"caption\":\"Kais Saied\"},{\"@type\":\"BreadcrumbList\",\"@id\":\"https:\\\/\\\/www.webdo.tn\\\/fr\\\/actualite\\\/national\\\/kais-saied-appelle-a-proteger-les-lanceurs-d-alerte\\\/205541\\\/#breadcrumb\",\"itemListElement\":[{\"@type\":\"ListItem\",\"position\":1,\"name\":\"Accueil\",\"item\":\"https:\\\/\\\/www.webdo.tn\\\/fr\\\/\"},{\"@type\":\"ListItem\",\"position\":2,\"name\":\"Kais Saied appelle \u00e0 prot\u00e9ger les lanceurs d\u2019alerte\"}]},{\"@type\":\"WebSite\",\"@id\":\"https:\\\/\\\/www.webdo.tn\\\/fr\\\/#website\",\"url\":\"https:\\\/\\\/www.webdo.tn\\\/fr\\\/\",\"name\":\"webdo\",\"description\":\"Tunisie - News en Tunisie et \u00e0 l&#039;international sur Webdo.tn\",\"publisher\":{\"@id\":\"https:\\\/\\\/www.webdo.tn\\\/fr\\\/#organization\"},\"potentialAction\":[{\"@type\":\"SearchAction\",\"target\":{\"@type\":\"EntryPoint\",\"urlTemplate\":\"https:\\\/\\\/www.webdo.tn\\\/fr\\\/?s={search_term_string}\"},\"query-input\":{\"@type\":\"PropertyValueSpecification\",\"valueRequired\":true,\"valueName\":\"search_term_string\"}}],\"inLanguage\":\"fr-FR\"},{\"@type\":\"Organization\",\"@id\":\"https:\\\/\\\/www.webdo.tn\\\/fr\\\/#organization\",\"name\":\"Webdo\",\"alternateName\":\"Webdo.tn\",\"url\":\"https:\\\/\\\/www.webdo.tn\\\/fr\\\/\",\"logo\":{\"@type\":\"ImageObject\",\"inLanguage\":\"fr-FR\",\"@id\":\"https:\\\/\\\/www.webdo.tn\\\/fr\\\/#\\\/schema\\\/logo\\\/image\\\/\",\"url\":\"https:\\\/\\\/www.webdo.tn\\\/fr\\\/wp-content\\\/uploads\\\/2025\\\/06\\\/Webdo-Tunisie_168377.jpg\",\"contentUrl\":\"https:\\\/\\\/www.webdo.tn\\\/fr\\\/wp-content\\\/uploads\\\/2025\\\/06\\\/Webdo-Tunisie_168377.jpg\",\"width\":301,\"height\":301,\"caption\":\"Webdo\"},\"image\":{\"@id\":\"https:\\\/\\\/www.webdo.tn\\\/fr\\\/#\\\/schema\\\/logo\\\/image\\\/\"},\"sameAs\":[\"https:\\\/\\\/www.facebook.com\\\/webdotn\",\"https:\\\/\\\/x.com\\\/webdo_tn\"],\"description\":\"Webdo est un m\u00e9dia num\u00e9rique tunisien fond\u00e9 en 2010, sp\u00e9cialis\u00e9 dans l\u2019actualit\u00e9 nationale et internationale, l\u2019\u00e9conomie, la soci\u00e9t\u00e9 et les analyses politiques. Le site s\u2019adresse \u00e0 un large public francophone et couvre l\u2019information tunisienne en temps r\u00e9el.\",\"email\":\"redac@webdo.tn\",\"legalName\":\"YNJ SARL\",\"foundingDate\":\"2010-09-06\",\"numberOfEmployees\":{\"@type\":\"QuantitativeValue\",\"minValue\":\"11\",\"maxValue\":\"50\"}},{\"@type\":\"Person\",\"@id\":\"https:\\\/\\\/www.webdo.tn\\\/fr\\\/#\\\/schema\\\/person\\\/f35b42a42c5e2511bbd282959d6385cc\",\"name\":\"CL\",\"image\":{\"@type\":\"ImageObject\",\"inLanguage\":\"fr-FR\",\"@id\":\"https:\\\/\\\/secure.gravatar.com\\\/avatar\\\/1447a49909b67aa657c488aec6512e1dd6143a480c1ecfee9b5b5cd74eb3b59e?s=96&d=mm&r=g\",\"url\":\"https:\\\/\\\/secure.gravatar.com\\\/avatar\\\/1447a49909b67aa657c488aec6512e1dd6143a480c1ecfee9b5b5cd74eb3b59e?s=96&d=mm&r=g\",\"contentUrl\":\"https:\\\/\\\/secure.gravatar.com\\\/avatar\\\/1447a49909b67aa657c488aec6512e1dd6143a480c1ecfee9b5b5cd74eb3b59e?s=96&d=mm&r=g\",\"caption\":\"CL\"},\"url\":\"https:\\\/\\\/www.webdo.tn\\\/fr\\\/actualite\\\/author\\\/cl\\\/\"}]}<\/script>\n<!-- \/ Yoast SEO Premium plugin. -->","yoast_head_json":{"title":"Kais Saied appelle \u00e0 prot\u00e9ger les lanceurs d\u2019alerte","description":"Le pr\u00e9sident de la R\u00e9publique Kais Saied a appel\u00e9 \u00e0 prot\u00e9ger les lanceurs d'alertes car ils payent cher la d\u00e9nonciation des pratiques de hors-la-loi qui agissen...","canonical":"https:\/\/www.webdo.tn\/fr\/actualite\/national\/kais-saied-appelle-a-proteger-les-lanceurs-d-alerte\/205541\/","og_locale":"fr_FR","og_type":"article","og_title":"Kais Saied appelle \u00e0 prot\u00e9ger les lanceurs d\u2019alerte","og_description":"Le pr\u00e9sident de la R\u00e9publique Kais Saied a appel\u00e9 \u00e0 prot\u00e9ger les lanceurs d'alertes car ils payent cher la d\u00e9nonciation des pratiques de hors-la-loi qui agissen...","og_url":"https:\/\/www.webdo.tn\/fr\/actualite\/national\/kais-saied-appelle-a-proteger-les-lanceurs-d-alerte\/205541\/","og_site_name":"webdo","article_publisher":"https:\/\/www.facebook.com\/webdotn","article_published_time":"2023-05-09T08:47:00+00:00","article_modified_time":"2025-05-20T22:43:31+00:00","og_image":[{"width":750,"height":400,"url":"https:\/\/www.webdo.tn\/fr\/wp-content\/uploads\/2023\/05\/53a349b37b2e901060b57cb16b7dce7e.jpg","type":"image\/jpeg"}],"author":"CL","twitter_card":"summary_large_image","twitter_creator":"@webdo_tn","twitter_site":"@webdo_tn","twitter_misc":{"\u00c9crit par":"CL","Dur\u00e9e de lecture estim\u00e9e":"1 minute"},"schema":{"@context":"https:\/\/schema.org","@graph":[{"@type":"NewsArticle","@id":"https:\/\/www.webdo.tn\/fr\/actualite\/national\/kais-saied-appelle-a-proteger-les-lanceurs-d-alerte\/205541\/#article","isPartOf":{"@id":"https:\/\/www.webdo.tn\/fr\/actualite\/national\/kais-saied-appelle-a-proteger-les-lanceurs-d-alerte\/205541\/"},"author":{"name":"CL","@id":"https:\/\/www.webdo.tn\/fr\/#\/schema\/person\/f35b42a42c5e2511bbd282959d6385cc"},"headline":"Kais Saied appelle \u00e0 prot\u00e9ger les lanceurs d\u2019alerte","datePublished":"2023-05-09T08:47:00+00:00","dateModified":"2025-05-20T22:43:31+00:00","mainEntityOfPage":{"@id":"https:\/\/www.webdo.tn\/fr\/actualite\/national\/kais-saied-appelle-a-proteger-les-lanceurs-d-alerte\/205541\/"},"wordCount":251,"commentCount":0,"publisher":{"@id":"https:\/\/www.webdo.tn\/fr\/#organization"},"image":{"@id":"https:\/\/www.webdo.tn\/fr\/actualite\/national\/kais-saied-appelle-a-proteger-les-lanceurs-d-alerte\/205541\/#primaryimage"},"thumbnailUrl":"https:\/\/www.webdo.tn\/fr\/wp-content\/uploads\/2023\/05\/53a349b37b2e901060b57cb16b7dce7e.jpg","keywords":["corruption","Kais Saied","Lanceurs d'alerte","Tunisie"],"articleSection":["National"],"inLanguage":"fr-FR"},{"@type":"WebPage","@id":"https:\/\/www.webdo.tn\/fr\/actualite\/national\/kais-saied-appelle-a-proteger-les-lanceurs-d-alerte\/205541\/","url":"https:\/\/www.webdo.tn\/fr\/actualite\/national\/kais-saied-appelle-a-proteger-les-lanceurs-d-alerte\/205541\/","name":"Kais Saied appelle \u00e0 prot\u00e9ger les lanceurs d\u2019alerte","isPartOf":{"@id":"https:\/\/www.webdo.tn\/fr\/#website"},"primaryImageOfPage":{"@id":"https:\/\/www.webdo.tn\/fr\/actualite\/national\/kais-saied-appelle-a-proteger-les-lanceurs-d-alerte\/205541\/#primaryimage"},"image":{"@id":"https:\/\/www.webdo.tn\/fr\/actualite\/national\/kais-saied-appelle-a-proteger-les-lanceurs-d-alerte\/205541\/#primaryimage"},"thumbnailUrl":"https:\/\/www.webdo.tn\/fr\/wp-content\/uploads\/2023\/05\/53a349b37b2e901060b57cb16b7dce7e.jpg","datePublished":"2023-05-09T08:47:00+00:00","dateModified":"2025-05-20T22:43:31+00:00","description":"Le pr\u00e9sident de la R\u00e9publique Kais Saied a appel\u00e9 \u00e0 prot\u00e9ger les lanceurs d'alertes car ils payent cher la d\u00e9nonciation des pratiques de hors-la-loi qui agissen...","breadcrumb":{"@id":"https:\/\/www.webdo.tn\/fr\/actualite\/national\/kais-saied-appelle-a-proteger-les-lanceurs-d-alerte\/205541\/#breadcrumb"},"inLanguage":"fr-FR","potentialAction":[{"@type":"ReadAction","target":["https:\/\/www.webdo.tn\/fr\/actualite\/national\/kais-saied-appelle-a-proteger-les-lanceurs-d-alerte\/205541\/"]}]},{"@type":"ImageObject","inLanguage":"fr-FR","@id":"https:\/\/www.webdo.tn\/fr\/actualite\/national\/kais-saied-appelle-a-proteger-les-lanceurs-d-alerte\/205541\/#primaryimage","url":"https:\/\/www.webdo.tn\/fr\/wp-content\/uploads\/2023\/05\/53a349b37b2e901060b57cb16b7dce7e.jpg","contentUrl":"https:\/\/www.webdo.tn\/fr\/wp-content\/uploads\/2023\/05\/53a349b37b2e901060b57cb16b7dce7e.jpg","width":750,"height":400,"caption":"Kais Saied"},{"@type":"BreadcrumbList","@id":"https:\/\/www.webdo.tn\/fr\/actualite\/national\/kais-saied-appelle-a-proteger-les-lanceurs-d-alerte\/205541\/#breadcrumb","itemListElement":[{"@type":"ListItem","position":1,"name":"Accueil","item":"https:\/\/www.webdo.tn\/fr\/"},{"@type":"ListItem","position":2,"name":"Kais Saied appelle \u00e0 prot\u00e9ger les lanceurs d\u2019alerte"}]},{"@type":"WebSite","@id":"https:\/\/www.webdo.tn\/fr\/#website","url":"https:\/\/www.webdo.tn\/fr\/","name":"webdo","description":"Tunisie - News en Tunisie et \u00e0 l&#039;international sur Webdo.tn","publisher":{"@id":"https:\/\/www.webdo.tn\/fr\/#organization"},"potentialAction":[{"@type":"SearchAction","target":{"@type":"EntryPoint","urlTemplate":"https:\/\/www.webdo.tn\/fr\/?s={search_term_string}"},"query-input":{"@type":"PropertyValueSpecification","valueRequired":true,"valueName":"search_term_string"}}],"inLanguage":"fr-FR"},{"@type":"Organization","@id":"https:\/\/www.webdo.tn\/fr\/#organization","name":"Webdo","alternateName":"Webdo.tn","url":"https:\/\/www.webdo.tn\/fr\/","logo":{"@type":"ImageObject","inLanguage":"fr-FR","@id":"https:\/\/www.webdo.tn\/fr\/#\/schema\/logo\/image\/","url":"https:\/\/www.webdo.tn\/fr\/wp-content\/uploads\/2025\/06\/Webdo-Tunisie_168377.jpg","contentUrl":"https:\/\/www.webdo.tn\/fr\/wp-content\/uploads\/2025\/06\/Webdo-Tunisie_168377.jpg","width":301,"height":301,"caption":"Webdo"},"image":{"@id":"https:\/\/www.webdo.tn\/fr\/#\/schema\/logo\/image\/"},"sameAs":["https:\/\/www.facebook.com\/webdotn","https:\/\/x.com\/webdo_tn"],"description":"Webdo est un m\u00e9dia num\u00e9rique tunisien fond\u00e9 en 2010, sp\u00e9cialis\u00e9 dans l\u2019actualit\u00e9 nationale et internationale, l\u2019\u00e9conomie, la soci\u00e9t\u00e9 et les analyses politiques. Le site s\u2019adresse \u00e0 un large public francophone et couvre l\u2019information tunisienne en temps r\u00e9el.","email":"redac@webdo.tn","legalName":"YNJ SARL","foundingDate":"2010-09-06","numberOfEmployees":{"@type":"QuantitativeValue","minValue":"11","maxValue":"50"}},{"@type":"Person","@id":"https:\/\/www.webdo.tn\/fr\/#\/schema\/person\/f35b42a42c5e2511bbd282959d6385cc","name":"CL","image":{"@type":"ImageObject","inLanguage":"fr-FR","@id":"https:\/\/secure.gravatar.com\/avatar\/1447a49909b67aa657c488aec6512e1dd6143a480c1ecfee9b5b5cd74eb3b59e?s=96&d=mm&r=g","url":"https:\/\/secure.gravatar.com\/avatar\/1447a49909b67aa657c488aec6512e1dd6143a480c1ecfee9b5b5cd74eb3b59e?s=96&d=mm&r=g","contentUrl":"https:\/\/secure.gravatar.com\/avatar\/1447a49909b67aa657c488aec6512e1dd6143a480c1ecfee9b5b5cd74eb3b59e?s=96&d=mm&r=g","caption":"CL"},"url":"https:\/\/www.webdo.tn\/fr\/actualite\/author\/cl\/"}]}},"_links":{"self":[{"href":"https:\/\/www.webdo.tn\/fr\/wp-json\/wp\/v2\/posts\/205541","targetHints":{"allow":["GET"]}}],"collection":[{"href":"https:\/\/www.webdo.tn\/fr\/wp-json\/wp\/v2\/posts"}],"about":[{"href":"https:\/\/www.webdo.tn\/fr\/wp-json\/wp\/v2\/types\/post"}],"author":[{"embeddable":true,"href":"https:\/\/www.webdo.tn\/fr\/wp-json\/wp\/v2\/users\/3175"}],"replies":[{"embeddable":true,"href":"https:\/\/www.webdo.tn\/fr\/wp-json\/wp\/v2\/comments?post=205541"}],"version-history":[{"count":0,"href":"https:\/\/www.webdo.tn\/fr\/wp-json\/wp\/v2\/posts\/205541\/revisions"}],"wp:featuredmedia":[{"embeddable":true,"href":"https:\/\/www.webdo.tn\/fr\/wp-json\/wp\/v2\/media\/251200"}],"wp:attachment":[{"href":"https:\/\/www.webdo.tn\/fr\/wp-json\/wp\/v2\/media?parent=205541"}],"wp:term":[{"taxonomy":"category","embeddable":true,"href":"https:\/\/www.webdo.tn\/fr\/wp-json\/wp\/v2\/categories?post=205541"},{"taxonomy":"post_tag","embeddable":true,"href":"https:\/\/www.webdo.tn\/fr\/wp-json\/wp\/v2\/tags?post=205541"}],"curies":[{"name":"wp","href":"https:\/\/api.w.org\/{rel}","templated":true}]}}