{"id":205531,"date":"2023-05-08T18:41:00","date_gmt":"2023-05-08T18:41:00","guid":{"rendered":"https:\/\/www.webdo.tn\/fr\/blog\/tunisie-snipe-la-presse-annonce-une-greve\/205531\/"},"modified":"2025-05-20T22:43:29","modified_gmt":"2025-05-20T22:43:29","slug":"tunisie-snipe-la-presse-annonce-une-greve","status":"publish","type":"post","link":"https:\/\/www.webdo.tn\/fr\/actualite\/national\/tunisie-snipe-la-presse-annonce-une-greve\/205531\/","title":{"rendered":"Tunisie : Snipe-La Presse annonce une gr\u00e8ve"},"content":{"rendered":"<p>Le syndicat de base de la Soci\u00e9t\u00e9 Nouvelle d&rsquo;Impression, de Presse et d&rsquo;Edition \u00ab\u00a0SNIPE-La Presse\u00a0\u00bb a d\u00e9cid\u00e9 d&rsquo;observer, mercredi prochain, une gr\u00e8ve avec pr\u00e9sence sur les lieux, et ce \u00ab\u00a0suite \u00e0 l&rsquo;\u00e9chec des n\u00e9gociations avec la partie administrative et la pr\u00e9sidence du gouvernement\u00a0\u00bb, selon une d\u00e9claration publi\u00e9e lundi par le syndicat.<\/p>\n<p>Le syndicat a affirm\u00e9 que quatre s\u00e9ances de n\u00e9gociation avaient \u00e9chou\u00e9 en raison de \u00ab\u00a0la politique de n\u00e9gligence, d&rsquo;indiff\u00e9rence et de tergiversation\u00a0\u00bb de la direction g\u00e9n\u00e9rale et de la pr\u00e9sidence du gouvernement \u00e0 l&rsquo;\u00e9gard des \u00ab\u00a0revendications vitales contenues dans le pr\u00e9avis de gr\u00e8ve du 21 mars 2023\u00a0\u00bb.<\/p>\n<p>La pr\u00e9sidence du gouvernement s&rsquo;est absent\u00e9e de la derni\u00e8re s\u00e9ance de n\u00e9gociation et s&rsquo;est soustraite \u00e0 ses responsabilit\u00e9s envers SNIPE-La Presse, en particulier apr\u00e8s s&rsquo;\u00eatre engag\u00e9e le 14 avril 2023 \u00e0 porter les demandes urgentes \u00e0 qui de droit pour trouver des solutions n\u00e9cessaires, ajoute le syndicat.<\/p>\n<p>La d\u00e9cision d&rsquo;observer une gr\u00e8ve est due \u00e0 la d\u00e9t\u00e9rioration de la situation sociale et financi\u00e8re de l&rsquo;entreprise, explique le syndicat, affirmant que \u00ab\u00a0la porte du dialogue reste ouverte\u00a0\u00bb. L&rsquo;objectif de la gr\u00e8ve est surtout un moyen de \u00ab\u00a0faire pression\u00a0\u00bb pour un \u00ab\u00a0retour \u00e0 la table du dialogue\u00a0\u00bb en vue de trouver une solution \u00e0 la crise \u00e9touffante que traversent SNIPE-La Presse et ses employ\u00e9s,selon le texte de la d\u00e9claration.<\/p>\n<p>Le 4 avril dernier, la cheffe du gouvernement Najla Bouden a pr\u00e9sid\u00e9 une r\u00e9union de travail minist\u00e9rielle consacr\u00e9e \u00e0 la situation de l&rsquo;entreprise SNIPE-La Presse au cours de laquelle a \u00e9t\u00e9 pr\u00e9sent\u00e9e la situation financi\u00e8re de l&rsquo;entreprise ainsi que les principales difficult\u00e9s auxquelles elle fait face.<\/p>\n<p>La cheffe du gouvernement a appel\u00e9 \u00e0 \u00e9tablir un diagnostic approfondi de la situation de l&rsquo;entreprise afin de trouver des solutions susceptibles de garantir sa p\u00e9rennit\u00e9 et d&rsquo;am\u00e9liorer son rendement.<\/p>\n<p>La Soci\u00e9t\u00e9 Nouvelle d&rsquo;Impression, de Presse et d&rsquo;Edition \u00ab\u00a0Snipe- la Presse\u00a0\u00bb, propri\u00e9t\u00e9 de l&rsquo;Etat, est l&rsquo;une des plus anciennes institutions m\u00e9diatiques en Tunisie. Elle publie deux quotidiens : \u00ab\u00a0La Presse\u00a0\u00bb en langue fran\u00e7aise et \u00ab\u00a0Essahafa\u00a0\u00bb en langue arabe.<\/p>\n","protected":false},"excerpt":{"rendered":"<p>Le syndicat de base de la Soci\u00e9t\u00e9 Nouvelle d&rsquo;Impression, de Presse et d&rsquo;Edition  SNIPE-La Presse  a d\u00e9cid\u00e9 d&rsquo;observer, mercredi prochain, une gr\u00e8ve avec pr\u00e9senc&#8230;<\/p>\n","protected":false},"author":3175,"featured_media":251195,"comment_status":"open","ping_status":"closed","sticky":false,"template":"","format":"standard","meta":{"footnotes":""},"categories":[44],"tags":[2647,6777,2608],"class_list":["post-205531","post","type-post","status-publish","format-standard","has-post-thumbnail","hentry","category-national","tag-greve","tag-la-presse","tag-tunisie"],"yoast_head":"<!-- This site is optimized with the Yoast SEO Premium plugin v27.4 (Yoast SEO v27.5) - https:\/\/yoast.com\/product\/yoast-seo-premium-wordpress\/ -->\n<title>Tunisie : Snipe-La Presse annonce une gr\u00e8ve<\/title>\n<meta name=\"description\" content=\"Le syndicat de base de la Soci\u00e9t\u00e9 Nouvelle d&#039;Impression, de Presse et d&#039;Edition SNIPE-La Presse a d\u00e9cid\u00e9 d&#039;observer, mercredi prochain, une gr\u00e8ve avec pr\u00e9senc...\" \/>\n<link rel=\"canonical\" href=\"https:\/\/www.webdo.tn\/fr\/actualite\/national\/tunisie-snipe-la-presse-annonce-une-greve\/205531\/\" \/>\n<meta property=\"og:locale\" content=\"fr_FR\" \/>\n<meta property=\"og:type\" content=\"article\" \/>\n<meta property=\"og:title\" content=\"Tunisie : Snipe-La Presse annonce une gr\u00e8ve\" \/>\n<meta property=\"og:description\" content=\"Le syndicat de base de la Soci\u00e9t\u00e9 Nouvelle d&#039;Impression, de Presse et d&#039;Edition SNIPE-La Presse a d\u00e9cid\u00e9 d&#039;observer, mercredi prochain, une gr\u00e8ve avec pr\u00e9senc...\" \/>\n<meta property=\"og:url\" content=\"https:\/\/www.webdo.tn\/fr\/actualite\/national\/tunisie-snipe-la-presse-annonce-une-greve\/205531\/\" \/>\n<meta property=\"og:site_name\" content=\"webdo\" \/>\n<meta property=\"article:publisher\" content=\"https:\/\/www.facebook.com\/webdotn\" \/>\n<meta property=\"article:published_time\" content=\"2023-05-08T18:41:00+00:00\" \/>\n<meta property=\"article:modified_time\" content=\"2025-05-20T22:43:29+00:00\" \/>\n<meta property=\"og:image\" content=\"https:\/\/www.webdo.tn\/fr\/wp-content\/uploads\/2023\/05\/93baecb95f6170bdc48d14a30243c43d.png\" \/>\n\t<meta property=\"og:image:width\" content=\"750\" \/>\n\t<meta property=\"og:image:height\" content=\"400\" \/>\n\t<meta property=\"og:image:type\" content=\"image\/png\" \/>\n<meta name=\"author\" content=\"CL\" \/>\n<meta name=\"twitter:card\" content=\"summary_large_image\" \/>\n<meta name=\"twitter:creator\" content=\"@webdo_tn\" \/>\n<meta name=\"twitter:site\" content=\"@webdo_tn\" \/>\n<meta name=\"twitter:label1\" content=\"\u00c9crit par\" \/>\n\t<meta name=\"twitter:data1\" content=\"CL\" \/>\n\t<meta name=\"twitter:label2\" content=\"Dur\u00e9e de lecture estim\u00e9e\" \/>\n\t<meta name=\"twitter:data2\" content=\"2 minutes\" \/>\n<script type=\"application\/ld+json\" class=\"yoast-schema-graph\">{\"@context\":\"https:\\\/\\\/schema.org\",\"@graph\":[{\"@type\":\"NewsArticle\",\"@id\":\"https:\\\/\\\/www.webdo.tn\\\/fr\\\/actualite\\\/national\\\/tunisie-snipe-la-presse-annonce-une-greve\\\/205531\\\/#article\",\"isPartOf\":{\"@id\":\"https:\\\/\\\/www.webdo.tn\\\/fr\\\/actualite\\\/national\\\/tunisie-snipe-la-presse-annonce-une-greve\\\/205531\\\/\"},\"author\":{\"name\":\"CL\",\"@id\":\"https:\\\/\\\/www.webdo.tn\\\/fr\\\/#\\\/schema\\\/person\\\/f35b42a42c5e2511bbd282959d6385cc\"},\"headline\":\"Tunisie : Snipe-La Presse annonce une gr\u00e8ve\",\"datePublished\":\"2023-05-08T18:41:00+00:00\",\"dateModified\":\"2025-05-20T22:43:29+00:00\",\"mainEntityOfPage\":{\"@id\":\"https:\\\/\\\/www.webdo.tn\\\/fr\\\/actualite\\\/national\\\/tunisie-snipe-la-presse-annonce-une-greve\\\/205531\\\/\"},\"wordCount\":389,\"commentCount\":0,\"publisher\":{\"@id\":\"https:\\\/\\\/www.webdo.tn\\\/fr\\\/#organization\"},\"image\":{\"@id\":\"https:\\\/\\\/www.webdo.tn\\\/fr\\\/actualite\\\/national\\\/tunisie-snipe-la-presse-annonce-une-greve\\\/205531\\\/#primaryimage\"},\"thumbnailUrl\":\"https:\\\/\\\/www.webdo.tn\\\/fr\\\/wp-content\\\/uploads\\\/2023\\\/05\\\/93baecb95f6170bdc48d14a30243c43d.png\",\"keywords\":[\"Gr\u00e8ve\",\"la presse\",\"Tunisie\"],\"articleSection\":[\"National\"],\"inLanguage\":\"fr-FR\"},{\"@type\":\"WebPage\",\"@id\":\"https:\\\/\\\/www.webdo.tn\\\/fr\\\/actualite\\\/national\\\/tunisie-snipe-la-presse-annonce-une-greve\\\/205531\\\/\",\"url\":\"https:\\\/\\\/www.webdo.tn\\\/fr\\\/actualite\\\/national\\\/tunisie-snipe-la-presse-annonce-une-greve\\\/205531\\\/\",\"name\":\"Tunisie : Snipe-La Presse annonce une gr\u00e8ve\",\"isPartOf\":{\"@id\":\"https:\\\/\\\/www.webdo.tn\\\/fr\\\/#website\"},\"primaryImageOfPage\":{\"@id\":\"https:\\\/\\\/www.webdo.tn\\\/fr\\\/actualite\\\/national\\\/tunisie-snipe-la-presse-annonce-une-greve\\\/205531\\\/#primaryimage\"},\"image\":{\"@id\":\"https:\\\/\\\/www.webdo.tn\\\/fr\\\/actualite\\\/national\\\/tunisie-snipe-la-presse-annonce-une-greve\\\/205531\\\/#primaryimage\"},\"thumbnailUrl\":\"https:\\\/\\\/www.webdo.tn\\\/fr\\\/wp-content\\\/uploads\\\/2023\\\/05\\\/93baecb95f6170bdc48d14a30243c43d.png\",\"datePublished\":\"2023-05-08T18:41:00+00:00\",\"dateModified\":\"2025-05-20T22:43:29+00:00\",\"description\":\"Le syndicat de base de la Soci\u00e9t\u00e9 Nouvelle d'Impression, de Presse et d'Edition SNIPE-La Presse a d\u00e9cid\u00e9 d'observer, mercredi prochain, une gr\u00e8ve avec pr\u00e9senc...\",\"breadcrumb\":{\"@id\":\"https:\\\/\\\/www.webdo.tn\\\/fr\\\/actualite\\\/national\\\/tunisie-snipe-la-presse-annonce-une-greve\\\/205531\\\/#breadcrumb\"},\"inLanguage\":\"fr-FR\",\"potentialAction\":[{\"@type\":\"ReadAction\",\"target\":[\"https:\\\/\\\/www.webdo.tn\\\/fr\\\/actualite\\\/national\\\/tunisie-snipe-la-presse-annonce-une-greve\\\/205531\\\/\"]}]},{\"@type\":\"ImageObject\",\"inLanguage\":\"fr-FR\",\"@id\":\"https:\\\/\\\/www.webdo.tn\\\/fr\\\/actualite\\\/national\\\/tunisie-snipe-la-presse-annonce-une-greve\\\/205531\\\/#primaryimage\",\"url\":\"https:\\\/\\\/www.webdo.tn\\\/fr\\\/wp-content\\\/uploads\\\/2023\\\/05\\\/93baecb95f6170bdc48d14a30243c43d.png\",\"contentUrl\":\"https:\\\/\\\/www.webdo.tn\\\/fr\\\/wp-content\\\/uploads\\\/2023\\\/05\\\/93baecb95f6170bdc48d14a30243c43d.png\",\"width\":750,\"height\":400,\"caption\":\"La Presse\"},{\"@type\":\"BreadcrumbList\",\"@id\":\"https:\\\/\\\/www.webdo.tn\\\/fr\\\/actualite\\\/national\\\/tunisie-snipe-la-presse-annonce-une-greve\\\/205531\\\/#breadcrumb\",\"itemListElement\":[{\"@type\":\"ListItem\",\"position\":1,\"name\":\"Accueil\",\"item\":\"https:\\\/\\\/www.webdo.tn\\\/fr\\\/\"},{\"@type\":\"ListItem\",\"position\":2,\"name\":\"Tunisie : Snipe-La Presse annonce une gr\u00e8ve\"}]},{\"@type\":\"WebSite\",\"@id\":\"https:\\\/\\\/www.webdo.tn\\\/fr\\\/#website\",\"url\":\"https:\\\/\\\/www.webdo.tn\\\/fr\\\/\",\"name\":\"webdo\",\"description\":\"Tunisie - News en Tunisie et \u00e0 l&#039;international sur Webdo.tn\",\"publisher\":{\"@id\":\"https:\\\/\\\/www.webdo.tn\\\/fr\\\/#organization\"},\"potentialAction\":[{\"@type\":\"SearchAction\",\"target\":{\"@type\":\"EntryPoint\",\"urlTemplate\":\"https:\\\/\\\/www.webdo.tn\\\/fr\\\/?s={search_term_string}\"},\"query-input\":{\"@type\":\"PropertyValueSpecification\",\"valueRequired\":true,\"valueName\":\"search_term_string\"}}],\"inLanguage\":\"fr-FR\"},{\"@type\":\"Organization\",\"@id\":\"https:\\\/\\\/www.webdo.tn\\\/fr\\\/#organization\",\"name\":\"Webdo\",\"alternateName\":\"Webdo.tn\",\"url\":\"https:\\\/\\\/www.webdo.tn\\\/fr\\\/\",\"logo\":{\"@type\":\"ImageObject\",\"inLanguage\":\"fr-FR\",\"@id\":\"https:\\\/\\\/www.webdo.tn\\\/fr\\\/#\\\/schema\\\/logo\\\/image\\\/\",\"url\":\"https:\\\/\\\/www.webdo.tn\\\/fr\\\/wp-content\\\/uploads\\\/2025\\\/06\\\/Webdo-Tunisie_168377.jpg\",\"contentUrl\":\"https:\\\/\\\/www.webdo.tn\\\/fr\\\/wp-content\\\/uploads\\\/2025\\\/06\\\/Webdo-Tunisie_168377.jpg\",\"width\":301,\"height\":301,\"caption\":\"Webdo\"},\"image\":{\"@id\":\"https:\\\/\\\/www.webdo.tn\\\/fr\\\/#\\\/schema\\\/logo\\\/image\\\/\"},\"sameAs\":[\"https:\\\/\\\/www.facebook.com\\\/webdotn\",\"https:\\\/\\\/x.com\\\/webdo_tn\"],\"description\":\"Webdo est un m\u00e9dia num\u00e9rique tunisien fond\u00e9 en 2010, sp\u00e9cialis\u00e9 dans l\u2019actualit\u00e9 nationale et internationale, l\u2019\u00e9conomie, la soci\u00e9t\u00e9 et les analyses politiques. Le site s\u2019adresse \u00e0 un large public francophone et couvre l\u2019information tunisienne en temps r\u00e9el.\",\"email\":\"redac@webdo.tn\",\"legalName\":\"YNJ SARL\",\"foundingDate\":\"2010-09-06\",\"numberOfEmployees\":{\"@type\":\"QuantitativeValue\",\"minValue\":\"11\",\"maxValue\":\"50\"}},{\"@type\":\"Person\",\"@id\":\"https:\\\/\\\/www.webdo.tn\\\/fr\\\/#\\\/schema\\\/person\\\/f35b42a42c5e2511bbd282959d6385cc\",\"name\":\"CL\",\"image\":{\"@type\":\"ImageObject\",\"inLanguage\":\"fr-FR\",\"@id\":\"https:\\\/\\\/secure.gravatar.com\\\/avatar\\\/1447a49909b67aa657c488aec6512e1dd6143a480c1ecfee9b5b5cd74eb3b59e?s=96&d=mm&r=g\",\"url\":\"https:\\\/\\\/secure.gravatar.com\\\/avatar\\\/1447a49909b67aa657c488aec6512e1dd6143a480c1ecfee9b5b5cd74eb3b59e?s=96&d=mm&r=g\",\"contentUrl\":\"https:\\\/\\\/secure.gravatar.com\\\/avatar\\\/1447a49909b67aa657c488aec6512e1dd6143a480c1ecfee9b5b5cd74eb3b59e?s=96&d=mm&r=g\",\"caption\":\"CL\"},\"url\":\"https:\\\/\\\/www.webdo.tn\\\/fr\\\/actualite\\\/author\\\/cl\\\/\"}]}<\/script>\n<!-- \/ Yoast SEO Premium plugin. -->","yoast_head_json":{"title":"Tunisie : Snipe-La Presse annonce une gr\u00e8ve","description":"Le syndicat de base de la Soci\u00e9t\u00e9 Nouvelle d'Impression, de Presse et d'Edition SNIPE-La Presse a d\u00e9cid\u00e9 d'observer, mercredi prochain, une gr\u00e8ve avec pr\u00e9senc...","canonical":"https:\/\/www.webdo.tn\/fr\/actualite\/national\/tunisie-snipe-la-presse-annonce-une-greve\/205531\/","og_locale":"fr_FR","og_type":"article","og_title":"Tunisie : Snipe-La Presse annonce une gr\u00e8ve","og_description":"Le syndicat de base de la Soci\u00e9t\u00e9 Nouvelle d'Impression, de Presse et d'Edition SNIPE-La Presse a d\u00e9cid\u00e9 d'observer, mercredi prochain, une gr\u00e8ve avec pr\u00e9senc...","og_url":"https:\/\/www.webdo.tn\/fr\/actualite\/national\/tunisie-snipe-la-presse-annonce-une-greve\/205531\/","og_site_name":"webdo","article_publisher":"https:\/\/www.facebook.com\/webdotn","article_published_time":"2023-05-08T18:41:00+00:00","article_modified_time":"2025-05-20T22:43:29+00:00","og_image":[{"width":750,"height":400,"url":"https:\/\/www.webdo.tn\/fr\/wp-content\/uploads\/2023\/05\/93baecb95f6170bdc48d14a30243c43d.png","type":"image\/png"}],"author":"CL","twitter_card":"summary_large_image","twitter_creator":"@webdo_tn","twitter_site":"@webdo_tn","twitter_misc":{"\u00c9crit par":"CL","Dur\u00e9e de lecture estim\u00e9e":"2 minutes"},"schema":{"@context":"https:\/\/schema.org","@graph":[{"@type":"NewsArticle","@id":"https:\/\/www.webdo.tn\/fr\/actualite\/national\/tunisie-snipe-la-presse-annonce-une-greve\/205531\/#article","isPartOf":{"@id":"https:\/\/www.webdo.tn\/fr\/actualite\/national\/tunisie-snipe-la-presse-annonce-une-greve\/205531\/"},"author":{"name":"CL","@id":"https:\/\/www.webdo.tn\/fr\/#\/schema\/person\/f35b42a42c5e2511bbd282959d6385cc"},"headline":"Tunisie : Snipe-La Presse annonce une gr\u00e8ve","datePublished":"2023-05-08T18:41:00+00:00","dateModified":"2025-05-20T22:43:29+00:00","mainEntityOfPage":{"@id":"https:\/\/www.webdo.tn\/fr\/actualite\/national\/tunisie-snipe-la-presse-annonce-une-greve\/205531\/"},"wordCount":389,"commentCount":0,"publisher":{"@id":"https:\/\/www.webdo.tn\/fr\/#organization"},"image":{"@id":"https:\/\/www.webdo.tn\/fr\/actualite\/national\/tunisie-snipe-la-presse-annonce-une-greve\/205531\/#primaryimage"},"thumbnailUrl":"https:\/\/www.webdo.tn\/fr\/wp-content\/uploads\/2023\/05\/93baecb95f6170bdc48d14a30243c43d.png","keywords":["Gr\u00e8ve","la presse","Tunisie"],"articleSection":["National"],"inLanguage":"fr-FR"},{"@type":"WebPage","@id":"https:\/\/www.webdo.tn\/fr\/actualite\/national\/tunisie-snipe-la-presse-annonce-une-greve\/205531\/","url":"https:\/\/www.webdo.tn\/fr\/actualite\/national\/tunisie-snipe-la-presse-annonce-une-greve\/205531\/","name":"Tunisie : Snipe-La Presse annonce une gr\u00e8ve","isPartOf":{"@id":"https:\/\/www.webdo.tn\/fr\/#website"},"primaryImageOfPage":{"@id":"https:\/\/www.webdo.tn\/fr\/actualite\/national\/tunisie-snipe-la-presse-annonce-une-greve\/205531\/#primaryimage"},"image":{"@id":"https:\/\/www.webdo.tn\/fr\/actualite\/national\/tunisie-snipe-la-presse-annonce-une-greve\/205531\/#primaryimage"},"thumbnailUrl":"https:\/\/www.webdo.tn\/fr\/wp-content\/uploads\/2023\/05\/93baecb95f6170bdc48d14a30243c43d.png","datePublished":"2023-05-08T18:41:00+00:00","dateModified":"2025-05-20T22:43:29+00:00","description":"Le syndicat de base de la Soci\u00e9t\u00e9 Nouvelle d'Impression, de Presse et d'Edition SNIPE-La Presse a d\u00e9cid\u00e9 d'observer, mercredi prochain, une gr\u00e8ve avec pr\u00e9senc...","breadcrumb":{"@id":"https:\/\/www.webdo.tn\/fr\/actualite\/national\/tunisie-snipe-la-presse-annonce-une-greve\/205531\/#breadcrumb"},"inLanguage":"fr-FR","potentialAction":[{"@type":"ReadAction","target":["https:\/\/www.webdo.tn\/fr\/actualite\/national\/tunisie-snipe-la-presse-annonce-une-greve\/205531\/"]}]},{"@type":"ImageObject","inLanguage":"fr-FR","@id":"https:\/\/www.webdo.tn\/fr\/actualite\/national\/tunisie-snipe-la-presse-annonce-une-greve\/205531\/#primaryimage","url":"https:\/\/www.webdo.tn\/fr\/wp-content\/uploads\/2023\/05\/93baecb95f6170bdc48d14a30243c43d.png","contentUrl":"https:\/\/www.webdo.tn\/fr\/wp-content\/uploads\/2023\/05\/93baecb95f6170bdc48d14a30243c43d.png","width":750,"height":400,"caption":"La Presse"},{"@type":"BreadcrumbList","@id":"https:\/\/www.webdo.tn\/fr\/actualite\/national\/tunisie-snipe-la-presse-annonce-une-greve\/205531\/#breadcrumb","itemListElement":[{"@type":"ListItem","position":1,"name":"Accueil","item":"https:\/\/www.webdo.tn\/fr\/"},{"@type":"ListItem","position":2,"name":"Tunisie : Snipe-La Presse annonce une gr\u00e8ve"}]},{"@type":"WebSite","@id":"https:\/\/www.webdo.tn\/fr\/#website","url":"https:\/\/www.webdo.tn\/fr\/","name":"webdo","description":"Tunisie - News en Tunisie et \u00e0 l&#039;international sur Webdo.tn","publisher":{"@id":"https:\/\/www.webdo.tn\/fr\/#organization"},"potentialAction":[{"@type":"SearchAction","target":{"@type":"EntryPoint","urlTemplate":"https:\/\/www.webdo.tn\/fr\/?s={search_term_string}"},"query-input":{"@type":"PropertyValueSpecification","valueRequired":true,"valueName":"search_term_string"}}],"inLanguage":"fr-FR"},{"@type":"Organization","@id":"https:\/\/www.webdo.tn\/fr\/#organization","name":"Webdo","alternateName":"Webdo.tn","url":"https:\/\/www.webdo.tn\/fr\/","logo":{"@type":"ImageObject","inLanguage":"fr-FR","@id":"https:\/\/www.webdo.tn\/fr\/#\/schema\/logo\/image\/","url":"https:\/\/www.webdo.tn\/fr\/wp-content\/uploads\/2025\/06\/Webdo-Tunisie_168377.jpg","contentUrl":"https:\/\/www.webdo.tn\/fr\/wp-content\/uploads\/2025\/06\/Webdo-Tunisie_168377.jpg","width":301,"height":301,"caption":"Webdo"},"image":{"@id":"https:\/\/www.webdo.tn\/fr\/#\/schema\/logo\/image\/"},"sameAs":["https:\/\/www.facebook.com\/webdotn","https:\/\/x.com\/webdo_tn"],"description":"Webdo est un m\u00e9dia num\u00e9rique tunisien fond\u00e9 en 2010, sp\u00e9cialis\u00e9 dans l\u2019actualit\u00e9 nationale et internationale, l\u2019\u00e9conomie, la soci\u00e9t\u00e9 et les analyses politiques. Le site s\u2019adresse \u00e0 un large public francophone et couvre l\u2019information tunisienne en temps r\u00e9el.","email":"redac@webdo.tn","legalName":"YNJ SARL","foundingDate":"2010-09-06","numberOfEmployees":{"@type":"QuantitativeValue","minValue":"11","maxValue":"50"}},{"@type":"Person","@id":"https:\/\/www.webdo.tn\/fr\/#\/schema\/person\/f35b42a42c5e2511bbd282959d6385cc","name":"CL","image":{"@type":"ImageObject","inLanguage":"fr-FR","@id":"https:\/\/secure.gravatar.com\/avatar\/1447a49909b67aa657c488aec6512e1dd6143a480c1ecfee9b5b5cd74eb3b59e?s=96&d=mm&r=g","url":"https:\/\/secure.gravatar.com\/avatar\/1447a49909b67aa657c488aec6512e1dd6143a480c1ecfee9b5b5cd74eb3b59e?s=96&d=mm&r=g","contentUrl":"https:\/\/secure.gravatar.com\/avatar\/1447a49909b67aa657c488aec6512e1dd6143a480c1ecfee9b5b5cd74eb3b59e?s=96&d=mm&r=g","caption":"CL"},"url":"https:\/\/www.webdo.tn\/fr\/actualite\/author\/cl\/"}]}},"_links":{"self":[{"href":"https:\/\/www.webdo.tn\/fr\/wp-json\/wp\/v2\/posts\/205531","targetHints":{"allow":["GET"]}}],"collection":[{"href":"https:\/\/www.webdo.tn\/fr\/wp-json\/wp\/v2\/posts"}],"about":[{"href":"https:\/\/www.webdo.tn\/fr\/wp-json\/wp\/v2\/types\/post"}],"author":[{"embeddable":true,"href":"https:\/\/www.webdo.tn\/fr\/wp-json\/wp\/v2\/users\/3175"}],"replies":[{"embeddable":true,"href":"https:\/\/www.webdo.tn\/fr\/wp-json\/wp\/v2\/comments?post=205531"}],"version-history":[{"count":0,"href":"https:\/\/www.webdo.tn\/fr\/wp-json\/wp\/v2\/posts\/205531\/revisions"}],"wp:featuredmedia":[{"embeddable":true,"href":"https:\/\/www.webdo.tn\/fr\/wp-json\/wp\/v2\/media\/251195"}],"wp:attachment":[{"href":"https:\/\/www.webdo.tn\/fr\/wp-json\/wp\/v2\/media?parent=205531"}],"wp:term":[{"taxonomy":"category","embeddable":true,"href":"https:\/\/www.webdo.tn\/fr\/wp-json\/wp\/v2\/categories?post=205531"},{"taxonomy":"post_tag","embeddable":true,"href":"https:\/\/www.webdo.tn\/fr\/wp-json\/wp\/v2\/tags?post=205531"}],"curies":[{"name":"wp","href":"https:\/\/api.w.org\/{rel}","templated":true}]}}