{"id":205530,"date":"2023-05-08T18:14:00","date_gmt":"2023-05-08T18:14:00","guid":{"rendered":"https:\/\/www.webdo.tn\/fr\/blog\/tunisie-du-nouveau-dans-les-procedures-de-retrait-du-certificat-de-nationalite\/205530\/"},"modified":"2025-05-20T22:50:04","modified_gmt":"2025-05-20T22:50:04","slug":"tunisie-du-nouveau-dans-les-procedures-de-retrait-du-certificat-de-nationalite","status":"publish","type":"post","link":"https:\/\/www.webdo.tn\/fr\/actualite\/national\/tunisie-du-nouveau-dans-les-procedures-de-retrait-du-certificat-de-nationalite\/205530\/","title":{"rendered":"Tunisie : Du nouveau dans les proc\u00e9dures de retrait du certificat de nationalit\u00e9"},"content":{"rendered":"<p>Dans un communiqu\u00e9 rendu public ce lundi 8 mai 2023, le minist\u00e8re de la Justice annonce que la ministre de la Justice, Le\u00efla Jeffal, a pris connaissance de l\u2019installation du syst\u00e8me \u00e9lectronique de nationalit\u00e9 dans tous les tribunaux cantonaux.<\/p>\n<p>\t\t\t\t\t\t\t\t\tSelon le d\u00e9partement, ce syst\u00e8me est d\u00e9sormais g\u00e9n\u00e9ralis\u00e9 \u00e0 l\u2019ensemble des tribunaux cantonaux du pays.<\/p>\n<p>Conform\u00e9ment \u00e0 cette nouvelle proc\u00e9dure, le citoyen peut retirer un certificat de nationalit\u00e9, instantan\u00e9ment aupr\u00e8s de n\u2019importe quel tribunal cantonal, moyennant un syst\u00e8me informatique int\u00e9gr\u00e9 garantissant la fiabilit\u00e9 juridique dudit certificat.<\/p>\n","protected":false},"excerpt":{"rendered":"<p>Dans un communiqu\u00e9 rendu public ce lundi 8 mai 2023, le minist\u00e8re de la Justice annonce que la ministre de la Justice, Le\u00efla Jeffal, a pris connaissance de l\u2019in&#8230;<\/p>\n","protected":false},"author":3175,"featured_media":278162,"comment_status":"open","ping_status":"closed","sticky":false,"template":"","format":"standard","meta":{"footnotes":""},"categories":[44],"tags":[8845,2608],"class_list":["post-205530","post","type-post","status-publish","format-standard","has-post-thumbnail","hentry","category-national","tag-nationalite","tag-tunisie"],"yoast_head":"<!-- This site is optimized with the Yoast SEO Premium plugin v27.5 (Yoast SEO v27.5) - https:\/\/yoast.com\/product\/yoast-seo-premium-wordpress\/ -->\n<title>Tunisie : Du nouveau dans les proc\u00e9dures de retrait du certificat de nationalit\u00e9<\/title>\n<meta name=\"description\" content=\"Dans un communiqu\u00e9 rendu public ce lundi 8 mai 2023, le minist\u00e8re de la Justice annonce que la ministre de la Justice, Le\u00efla Jeffal, a pris connaissance de l\u2019in...\" \/>\n<link rel=\"canonical\" href=\"https:\/\/www.webdo.tn\/fr\/actualite\/national\/tunisie-du-nouveau-dans-les-procedures-de-retrait-du-certificat-de-nationalite\/205530\/\" \/>\n<meta property=\"og:locale\" content=\"fr_FR\" \/>\n<meta property=\"og:type\" content=\"article\" \/>\n<meta property=\"og:title\" content=\"Tunisie : Du nouveau dans les proc\u00e9dures de retrait du certificat de nationalit\u00e9\" \/>\n<meta property=\"og:description\" content=\"Dans un communiqu\u00e9 rendu public ce lundi 8 mai 2023, le minist\u00e8re de la Justice annonce que la ministre de la Justice, Le\u00efla Jeffal, a pris connaissance de l\u2019in...\" \/>\n<meta property=\"og:url\" content=\"https:\/\/www.webdo.tn\/fr\/actualite\/national\/tunisie-du-nouveau-dans-les-procedures-de-retrait-du-certificat-de-nationalite\/205530\/\" \/>\n<meta property=\"og:site_name\" content=\"webdo\" \/>\n<meta property=\"article:publisher\" content=\"https:\/\/www.facebook.com\/webdotn\" \/>\n<meta property=\"article:published_time\" content=\"2023-05-08T18:14:00+00:00\" \/>\n<meta property=\"article:modified_time\" content=\"2025-05-20T22:50:04+00:00\" \/>\n<meta property=\"og:image\" content=\"https:\/\/www.webdo.tn\/fr\/wp-content\/uploads\/2023\/05\/e8455c947b2dbf8568736f30aafc6cc7.jpg\" \/>\n\t<meta property=\"og:image:width\" content=\"750\" \/>\n\t<meta property=\"og:image:height\" content=\"400\" \/>\n\t<meta property=\"og:image:type\" content=\"image\/jpeg\" \/>\n<meta name=\"author\" content=\"CL\" \/>\n<meta name=\"twitter:card\" content=\"summary_large_image\" \/>\n<meta name=\"twitter:creator\" content=\"@webdo_tn\" \/>\n<meta name=\"twitter:site\" content=\"@webdo_tn\" \/>\n<meta name=\"twitter:label1\" content=\"\u00c9crit par\" \/>\n\t<meta name=\"twitter:data1\" content=\"CL\" \/>\n<script type=\"application\/ld+json\" class=\"yoast-schema-graph\">{\"@context\":\"https:\\\/\\\/schema.org\",\"@graph\":[{\"@type\":\"NewsArticle\",\"@id\":\"https:\\\/\\\/www.webdo.tn\\\/fr\\\/actualite\\\/national\\\/tunisie-du-nouveau-dans-les-procedures-de-retrait-du-certificat-de-nationalite\\\/205530\\\/#article\",\"isPartOf\":{\"@id\":\"https:\\\/\\\/www.webdo.tn\\\/fr\\\/actualite\\\/national\\\/tunisie-du-nouveau-dans-les-procedures-de-retrait-du-certificat-de-nationalite\\\/205530\\\/\"},\"author\":{\"name\":\"CL\",\"@id\":\"https:\\\/\\\/www.webdo.tn\\\/fr\\\/#\\\/schema\\\/person\\\/f35b42a42c5e2511bbd282959d6385cc\"},\"headline\":\"Tunisie : Du nouveau dans les proc\u00e9dures de retrait du certificat de nationalit\u00e9\",\"datePublished\":\"2023-05-08T18:14:00+00:00\",\"dateModified\":\"2025-05-20T22:50:04+00:00\",\"mainEntityOfPage\":{\"@id\":\"https:\\\/\\\/www.webdo.tn\\\/fr\\\/actualite\\\/national\\\/tunisie-du-nouveau-dans-les-procedures-de-retrait-du-certificat-de-nationalite\\\/205530\\\/\"},\"wordCount\":111,\"commentCount\":0,\"publisher\":{\"@id\":\"https:\\\/\\\/www.webdo.tn\\\/fr\\\/#organization\"},\"image\":{\"@id\":\"https:\\\/\\\/www.webdo.tn\\\/fr\\\/actualite\\\/national\\\/tunisie-du-nouveau-dans-les-procedures-de-retrait-du-certificat-de-nationalite\\\/205530\\\/#primaryimage\"},\"thumbnailUrl\":\"https:\\\/\\\/www.webdo.tn\\\/fr\\\/wp-content\\\/uploads\\\/2023\\\/05\\\/e8455c947b2dbf8568736f30aafc6cc7.jpg\",\"keywords\":[\"nationalit\u00e9\",\"Tunisie\"],\"articleSection\":[\"National\"],\"inLanguage\":\"fr-FR\"},{\"@type\":\"WebPage\",\"@id\":\"https:\\\/\\\/www.webdo.tn\\\/fr\\\/actualite\\\/national\\\/tunisie-du-nouveau-dans-les-procedures-de-retrait-du-certificat-de-nationalite\\\/205530\\\/\",\"url\":\"https:\\\/\\\/www.webdo.tn\\\/fr\\\/actualite\\\/national\\\/tunisie-du-nouveau-dans-les-procedures-de-retrait-du-certificat-de-nationalite\\\/205530\\\/\",\"name\":\"Tunisie : Du nouveau dans les proc\u00e9dures de retrait du certificat de nationalit\u00e9\",\"isPartOf\":{\"@id\":\"https:\\\/\\\/www.webdo.tn\\\/fr\\\/#website\"},\"primaryImageOfPage\":{\"@id\":\"https:\\\/\\\/www.webdo.tn\\\/fr\\\/actualite\\\/national\\\/tunisie-du-nouveau-dans-les-procedures-de-retrait-du-certificat-de-nationalite\\\/205530\\\/#primaryimage\"},\"image\":{\"@id\":\"https:\\\/\\\/www.webdo.tn\\\/fr\\\/actualite\\\/national\\\/tunisie-du-nouveau-dans-les-procedures-de-retrait-du-certificat-de-nationalite\\\/205530\\\/#primaryimage\"},\"thumbnailUrl\":\"https:\\\/\\\/www.webdo.tn\\\/fr\\\/wp-content\\\/uploads\\\/2023\\\/05\\\/e8455c947b2dbf8568736f30aafc6cc7.jpg\",\"datePublished\":\"2023-05-08T18:14:00+00:00\",\"dateModified\":\"2025-05-20T22:50:04+00:00\",\"description\":\"Dans un communiqu\u00e9 rendu public ce lundi 8 mai 2023, le minist\u00e8re de la Justice annonce que la ministre de la Justice, Le\u00efla Jeffal, a pris connaissance de l\u2019in...\",\"breadcrumb\":{\"@id\":\"https:\\\/\\\/www.webdo.tn\\\/fr\\\/actualite\\\/national\\\/tunisie-du-nouveau-dans-les-procedures-de-retrait-du-certificat-de-nationalite\\\/205530\\\/#breadcrumb\"},\"inLanguage\":\"fr-FR\",\"potentialAction\":[{\"@type\":\"ReadAction\",\"target\":[\"https:\\\/\\\/www.webdo.tn\\\/fr\\\/actualite\\\/national\\\/tunisie-du-nouveau-dans-les-procedures-de-retrait-du-certificat-de-nationalite\\\/205530\\\/\"]}]},{\"@type\":\"ImageObject\",\"inLanguage\":\"fr-FR\",\"@id\":\"https:\\\/\\\/www.webdo.tn\\\/fr\\\/actualite\\\/national\\\/tunisie-du-nouveau-dans-les-procedures-de-retrait-du-certificat-de-nationalite\\\/205530\\\/#primaryimage\",\"url\":\"https:\\\/\\\/www.webdo.tn\\\/fr\\\/wp-content\\\/uploads\\\/2023\\\/05\\\/e8455c947b2dbf8568736f30aafc6cc7.jpg\",\"contentUrl\":\"https:\\\/\\\/www.webdo.tn\\\/fr\\\/wp-content\\\/uploads\\\/2023\\\/05\\\/e8455c947b2dbf8568736f30aafc6cc7.jpg\",\"width\":750,\"height\":400,\"caption\":\"Nationalit\u00e9\"},{\"@type\":\"BreadcrumbList\",\"@id\":\"https:\\\/\\\/www.webdo.tn\\\/fr\\\/actualite\\\/national\\\/tunisie-du-nouveau-dans-les-procedures-de-retrait-du-certificat-de-nationalite\\\/205530\\\/#breadcrumb\",\"itemListElement\":[{\"@type\":\"ListItem\",\"position\":1,\"name\":\"Accueil\",\"item\":\"https:\\\/\\\/www.webdo.tn\\\/fr\\\/\"},{\"@type\":\"ListItem\",\"position\":2,\"name\":\"Tunisie : Du nouveau dans les proc\u00e9dures de retrait du certificat de nationalit\u00e9\"}]},{\"@type\":\"WebSite\",\"@id\":\"https:\\\/\\\/www.webdo.tn\\\/fr\\\/#website\",\"url\":\"https:\\\/\\\/www.webdo.tn\\\/fr\\\/\",\"name\":\"webdo\",\"description\":\"Tunisie - News en Tunisie et \u00e0 l&#039;international sur Webdo.tn\",\"publisher\":{\"@id\":\"https:\\\/\\\/www.webdo.tn\\\/fr\\\/#organization\"},\"potentialAction\":[{\"@type\":\"SearchAction\",\"target\":{\"@type\":\"EntryPoint\",\"urlTemplate\":\"https:\\\/\\\/www.webdo.tn\\\/fr\\\/?s={search_term_string}\"},\"query-input\":{\"@type\":\"PropertyValueSpecification\",\"valueRequired\":true,\"valueName\":\"search_term_string\"}}],\"inLanguage\":\"fr-FR\"},{\"@type\":\"Organization\",\"@id\":\"https:\\\/\\\/www.webdo.tn\\\/fr\\\/#organization\",\"name\":\"Webdo\",\"alternateName\":\"Webdo.tn\",\"url\":\"https:\\\/\\\/www.webdo.tn\\\/fr\\\/\",\"logo\":{\"@type\":\"ImageObject\",\"inLanguage\":\"fr-FR\",\"@id\":\"https:\\\/\\\/www.webdo.tn\\\/fr\\\/#\\\/schema\\\/logo\\\/image\\\/\",\"url\":\"https:\\\/\\\/www.webdo.tn\\\/fr\\\/wp-content\\\/uploads\\\/2025\\\/06\\\/Webdo-Tunisie_168377.jpg\",\"contentUrl\":\"https:\\\/\\\/www.webdo.tn\\\/fr\\\/wp-content\\\/uploads\\\/2025\\\/06\\\/Webdo-Tunisie_168377.jpg\",\"width\":301,\"height\":301,\"caption\":\"Webdo\"},\"image\":{\"@id\":\"https:\\\/\\\/www.webdo.tn\\\/fr\\\/#\\\/schema\\\/logo\\\/image\\\/\"},\"sameAs\":[\"https:\\\/\\\/www.facebook.com\\\/webdotn\",\"https:\\\/\\\/x.com\\\/webdo_tn\"],\"description\":\"Webdo est un m\u00e9dia num\u00e9rique tunisien fond\u00e9 en 2010, sp\u00e9cialis\u00e9 dans l\u2019actualit\u00e9 nationale et internationale, l\u2019\u00e9conomie, la soci\u00e9t\u00e9 et les analyses politiques. Le site s\u2019adresse \u00e0 un large public francophone et couvre l\u2019information tunisienne en temps r\u00e9el.\",\"email\":\"redac@webdo.tn\",\"legalName\":\"YNJ SARL\",\"foundingDate\":\"2010-09-06\",\"numberOfEmployees\":{\"@type\":\"QuantitativeValue\",\"minValue\":\"11\",\"maxValue\":\"50\"}},{\"@type\":\"Person\",\"@id\":\"https:\\\/\\\/www.webdo.tn\\\/fr\\\/#\\\/schema\\\/person\\\/f35b42a42c5e2511bbd282959d6385cc\",\"name\":\"CL\",\"image\":{\"@type\":\"ImageObject\",\"inLanguage\":\"fr-FR\",\"@id\":\"https:\\\/\\\/secure.gravatar.com\\\/avatar\\\/1447a49909b67aa657c488aec6512e1dd6143a480c1ecfee9b5b5cd74eb3b59e?s=96&d=mm&r=g\",\"url\":\"https:\\\/\\\/secure.gravatar.com\\\/avatar\\\/1447a49909b67aa657c488aec6512e1dd6143a480c1ecfee9b5b5cd74eb3b59e?s=96&d=mm&r=g\",\"contentUrl\":\"https:\\\/\\\/secure.gravatar.com\\\/avatar\\\/1447a49909b67aa657c488aec6512e1dd6143a480c1ecfee9b5b5cd74eb3b59e?s=96&d=mm&r=g\",\"caption\":\"CL\"},\"url\":\"https:\\\/\\\/www.webdo.tn\\\/fr\\\/actualite\\\/author\\\/cl\\\/\"}]}<\/script>\n<!-- \/ Yoast SEO Premium plugin. -->","yoast_head_json":{"title":"Tunisie : Du nouveau dans les proc\u00e9dures de retrait du certificat de nationalit\u00e9","description":"Dans un communiqu\u00e9 rendu public ce lundi 8 mai 2023, le minist\u00e8re de la Justice annonce que la ministre de la Justice, Le\u00efla Jeffal, a pris connaissance de l\u2019in...","canonical":"https:\/\/www.webdo.tn\/fr\/actualite\/national\/tunisie-du-nouveau-dans-les-procedures-de-retrait-du-certificat-de-nationalite\/205530\/","og_locale":"fr_FR","og_type":"article","og_title":"Tunisie : Du nouveau dans les proc\u00e9dures de retrait du certificat de nationalit\u00e9","og_description":"Dans un communiqu\u00e9 rendu public ce lundi 8 mai 2023, le minist\u00e8re de la Justice annonce que la ministre de la Justice, Le\u00efla Jeffal, a pris connaissance de l\u2019in...","og_url":"https:\/\/www.webdo.tn\/fr\/actualite\/national\/tunisie-du-nouveau-dans-les-procedures-de-retrait-du-certificat-de-nationalite\/205530\/","og_site_name":"webdo","article_publisher":"https:\/\/www.facebook.com\/webdotn","article_published_time":"2023-05-08T18:14:00+00:00","article_modified_time":"2025-05-20T22:50:04+00:00","og_image":[{"width":750,"height":400,"url":"https:\/\/www.webdo.tn\/fr\/wp-content\/uploads\/2023\/05\/e8455c947b2dbf8568736f30aafc6cc7.jpg","type":"image\/jpeg"}],"author":"CL","twitter_card":"summary_large_image","twitter_creator":"@webdo_tn","twitter_site":"@webdo_tn","twitter_misc":{"\u00c9crit par":"CL"},"schema":{"@context":"https:\/\/schema.org","@graph":[{"@type":"NewsArticle","@id":"https:\/\/www.webdo.tn\/fr\/actualite\/national\/tunisie-du-nouveau-dans-les-procedures-de-retrait-du-certificat-de-nationalite\/205530\/#article","isPartOf":{"@id":"https:\/\/www.webdo.tn\/fr\/actualite\/national\/tunisie-du-nouveau-dans-les-procedures-de-retrait-du-certificat-de-nationalite\/205530\/"},"author":{"name":"CL","@id":"https:\/\/www.webdo.tn\/fr\/#\/schema\/person\/f35b42a42c5e2511bbd282959d6385cc"},"headline":"Tunisie : Du nouveau dans les proc\u00e9dures de retrait du certificat de nationalit\u00e9","datePublished":"2023-05-08T18:14:00+00:00","dateModified":"2025-05-20T22:50:04+00:00","mainEntityOfPage":{"@id":"https:\/\/www.webdo.tn\/fr\/actualite\/national\/tunisie-du-nouveau-dans-les-procedures-de-retrait-du-certificat-de-nationalite\/205530\/"},"wordCount":111,"commentCount":0,"publisher":{"@id":"https:\/\/www.webdo.tn\/fr\/#organization"},"image":{"@id":"https:\/\/www.webdo.tn\/fr\/actualite\/national\/tunisie-du-nouveau-dans-les-procedures-de-retrait-du-certificat-de-nationalite\/205530\/#primaryimage"},"thumbnailUrl":"https:\/\/www.webdo.tn\/fr\/wp-content\/uploads\/2023\/05\/e8455c947b2dbf8568736f30aafc6cc7.jpg","keywords":["nationalit\u00e9","Tunisie"],"articleSection":["National"],"inLanguage":"fr-FR"},{"@type":"WebPage","@id":"https:\/\/www.webdo.tn\/fr\/actualite\/national\/tunisie-du-nouveau-dans-les-procedures-de-retrait-du-certificat-de-nationalite\/205530\/","url":"https:\/\/www.webdo.tn\/fr\/actualite\/national\/tunisie-du-nouveau-dans-les-procedures-de-retrait-du-certificat-de-nationalite\/205530\/","name":"Tunisie : Du nouveau dans les proc\u00e9dures de retrait du certificat de nationalit\u00e9","isPartOf":{"@id":"https:\/\/www.webdo.tn\/fr\/#website"},"primaryImageOfPage":{"@id":"https:\/\/www.webdo.tn\/fr\/actualite\/national\/tunisie-du-nouveau-dans-les-procedures-de-retrait-du-certificat-de-nationalite\/205530\/#primaryimage"},"image":{"@id":"https:\/\/www.webdo.tn\/fr\/actualite\/national\/tunisie-du-nouveau-dans-les-procedures-de-retrait-du-certificat-de-nationalite\/205530\/#primaryimage"},"thumbnailUrl":"https:\/\/www.webdo.tn\/fr\/wp-content\/uploads\/2023\/05\/e8455c947b2dbf8568736f30aafc6cc7.jpg","datePublished":"2023-05-08T18:14:00+00:00","dateModified":"2025-05-20T22:50:04+00:00","description":"Dans un communiqu\u00e9 rendu public ce lundi 8 mai 2023, le minist\u00e8re de la Justice annonce que la ministre de la Justice, Le\u00efla Jeffal, a pris connaissance de l\u2019in...","breadcrumb":{"@id":"https:\/\/www.webdo.tn\/fr\/actualite\/national\/tunisie-du-nouveau-dans-les-procedures-de-retrait-du-certificat-de-nationalite\/205530\/#breadcrumb"},"inLanguage":"fr-FR","potentialAction":[{"@type":"ReadAction","target":["https:\/\/www.webdo.tn\/fr\/actualite\/national\/tunisie-du-nouveau-dans-les-procedures-de-retrait-du-certificat-de-nationalite\/205530\/"]}]},{"@type":"ImageObject","inLanguage":"fr-FR","@id":"https:\/\/www.webdo.tn\/fr\/actualite\/national\/tunisie-du-nouveau-dans-les-procedures-de-retrait-du-certificat-de-nationalite\/205530\/#primaryimage","url":"https:\/\/www.webdo.tn\/fr\/wp-content\/uploads\/2023\/05\/e8455c947b2dbf8568736f30aafc6cc7.jpg","contentUrl":"https:\/\/www.webdo.tn\/fr\/wp-content\/uploads\/2023\/05\/e8455c947b2dbf8568736f30aafc6cc7.jpg","width":750,"height":400,"caption":"Nationalit\u00e9"},{"@type":"BreadcrumbList","@id":"https:\/\/www.webdo.tn\/fr\/actualite\/national\/tunisie-du-nouveau-dans-les-procedures-de-retrait-du-certificat-de-nationalite\/205530\/#breadcrumb","itemListElement":[{"@type":"ListItem","position":1,"name":"Accueil","item":"https:\/\/www.webdo.tn\/fr\/"},{"@type":"ListItem","position":2,"name":"Tunisie : Du nouveau dans les proc\u00e9dures de retrait du certificat de nationalit\u00e9"}]},{"@type":"WebSite","@id":"https:\/\/www.webdo.tn\/fr\/#website","url":"https:\/\/www.webdo.tn\/fr\/","name":"webdo","description":"Tunisie - News en Tunisie et \u00e0 l&#039;international sur Webdo.tn","publisher":{"@id":"https:\/\/www.webdo.tn\/fr\/#organization"},"potentialAction":[{"@type":"SearchAction","target":{"@type":"EntryPoint","urlTemplate":"https:\/\/www.webdo.tn\/fr\/?s={search_term_string}"},"query-input":{"@type":"PropertyValueSpecification","valueRequired":true,"valueName":"search_term_string"}}],"inLanguage":"fr-FR"},{"@type":"Organization","@id":"https:\/\/www.webdo.tn\/fr\/#organization","name":"Webdo","alternateName":"Webdo.tn","url":"https:\/\/www.webdo.tn\/fr\/","logo":{"@type":"ImageObject","inLanguage":"fr-FR","@id":"https:\/\/www.webdo.tn\/fr\/#\/schema\/logo\/image\/","url":"https:\/\/www.webdo.tn\/fr\/wp-content\/uploads\/2025\/06\/Webdo-Tunisie_168377.jpg","contentUrl":"https:\/\/www.webdo.tn\/fr\/wp-content\/uploads\/2025\/06\/Webdo-Tunisie_168377.jpg","width":301,"height":301,"caption":"Webdo"},"image":{"@id":"https:\/\/www.webdo.tn\/fr\/#\/schema\/logo\/image\/"},"sameAs":["https:\/\/www.facebook.com\/webdotn","https:\/\/x.com\/webdo_tn"],"description":"Webdo est un m\u00e9dia num\u00e9rique tunisien fond\u00e9 en 2010, sp\u00e9cialis\u00e9 dans l\u2019actualit\u00e9 nationale et internationale, l\u2019\u00e9conomie, la soci\u00e9t\u00e9 et les analyses politiques. Le site s\u2019adresse \u00e0 un large public francophone et couvre l\u2019information tunisienne en temps r\u00e9el.","email":"redac@webdo.tn","legalName":"YNJ SARL","foundingDate":"2010-09-06","numberOfEmployees":{"@type":"QuantitativeValue","minValue":"11","maxValue":"50"}},{"@type":"Person","@id":"https:\/\/www.webdo.tn\/fr\/#\/schema\/person\/f35b42a42c5e2511bbd282959d6385cc","name":"CL","image":{"@type":"ImageObject","inLanguage":"fr-FR","@id":"https:\/\/secure.gravatar.com\/avatar\/1447a49909b67aa657c488aec6512e1dd6143a480c1ecfee9b5b5cd74eb3b59e?s=96&d=mm&r=g","url":"https:\/\/secure.gravatar.com\/avatar\/1447a49909b67aa657c488aec6512e1dd6143a480c1ecfee9b5b5cd74eb3b59e?s=96&d=mm&r=g","contentUrl":"https:\/\/secure.gravatar.com\/avatar\/1447a49909b67aa657c488aec6512e1dd6143a480c1ecfee9b5b5cd74eb3b59e?s=96&d=mm&r=g","caption":"CL"},"url":"https:\/\/www.webdo.tn\/fr\/actualite\/author\/cl\/"}]}},"_links":{"self":[{"href":"https:\/\/www.webdo.tn\/fr\/wp-json\/wp\/v2\/posts\/205530","targetHints":{"allow":["GET"]}}],"collection":[{"href":"https:\/\/www.webdo.tn\/fr\/wp-json\/wp\/v2\/posts"}],"about":[{"href":"https:\/\/www.webdo.tn\/fr\/wp-json\/wp\/v2\/types\/post"}],"author":[{"embeddable":true,"href":"https:\/\/www.webdo.tn\/fr\/wp-json\/wp\/v2\/users\/3175"}],"replies":[{"embeddable":true,"href":"https:\/\/www.webdo.tn\/fr\/wp-json\/wp\/v2\/comments?post=205530"}],"version-history":[{"count":0,"href":"https:\/\/www.webdo.tn\/fr\/wp-json\/wp\/v2\/posts\/205530\/revisions"}],"wp:featuredmedia":[{"embeddable":true,"href":"https:\/\/www.webdo.tn\/fr\/wp-json\/wp\/v2\/media\/278162"}],"wp:attachment":[{"href":"https:\/\/www.webdo.tn\/fr\/wp-json\/wp\/v2\/media?parent=205530"}],"wp:term":[{"taxonomy":"category","embeddable":true,"href":"https:\/\/www.webdo.tn\/fr\/wp-json\/wp\/v2\/categories?post=205530"},{"taxonomy":"post_tag","embeddable":true,"href":"https:\/\/www.webdo.tn\/fr\/wp-json\/wp\/v2\/tags?post=205530"}],"curies":[{"name":"wp","href":"https:\/\/api.w.org\/{rel}","templated":true}]}}