{"id":205521,"date":"2023-05-08T14:11:00","date_gmt":"2023-05-08T14:11:00","guid":{"rendered":"https:\/\/www.webdo.tn\/fr\/blog\/27eme-edition-du-comar-d-or-six-oeuvres-se-distinguent\/205521\/"},"modified":"2025-05-20T22:59:53","modified_gmt":"2025-05-20T22:59:53","slug":"27eme-edition-du-comar-d-or-six-oeuvres-se-distinguent","status":"publish","type":"post","link":"https:\/\/www.webdo.tn\/fr\/actualite\/culture\/27eme-edition-du-comar-d-or-six-oeuvres-se-distinguent\/205521\/","title":{"rendered":"27\u00e8me \u00e9dition du Comar d\u2019or : Six \u0153uvres se distinguent"},"content":{"rendered":"<p>Samedi 6 mai, au Th\u00e9\u00e2tre de la Ville de Tunis, c\u2019\u00e9tait la ru\u00e9e vers le (Comar) d\u2019or. 24 romans en langue fran\u00e7aise et 37 en langue arabe  \u00e9taient en lice pour cette 27\u00e8me \u00e9dition. Six \u0153uvres ont \u00e9t\u00e9 prim\u00e9es.<\/p>\n<p>\tPremiers prix : \u00ab\u00a0SIQAL, l\u2019antre de l\u2019ogresse\u00a0\u00bb de Mouha Harmel et \u00ab\u00a0Jebel Jloud\u00a0\u00bb de Taoufik Aloui<br \/>\n\tTrois romanciers et trois romanci\u00e8res prim\u00e9s<\/p>\n<p>Fid\u00e8le \u00e0 sa vocation d\u2019encourager les \u00e9crivains et les \u00e9diteurs tunisiens et promouvoir le livre, Comar Assurances c\u00e9l\u00e8bre cette ann\u00e9e la 27\u00e8me\u00a0 \u00e9dition de ses Prix litt\u00e9raires. \u00a0<\/p>\n<p>Le palmar\u00e8s a \u00e9t\u00e9 d\u00e9voil\u00e9 lors d\u2019une c\u00e9r\u00e9monie romanesque anim\u00e9e par Hamza Belloumi et organis\u00e9e au Th\u00e9\u00e2tre de la Ville de Tunis, samedi 6 mai, en pr\u00e9sence du pr\u00e9sident du conseil d\u2019administration de Comar et Hayet, Slaheddine Ladjimi.<\/p>\n<p>Apr\u00e8s un charmant pr\u00e9lude musical, assur\u00e9 par la chanteuse Asma Ben Ahmed, le micro a \u00e9t\u00e9 donn\u00e9 \u00e0 Ridha Kefi et Mohamed ElKadhi, pr\u00e9sidents respectifs des jurys de langue fran\u00e7aise et arabe pour d\u00e9voiler les noms des gagnants.<\/p>\n<p>Le Comar d\u2019or en langue fran\u00e7aise a \u00e9t\u00e9 d\u00e9cern\u00e9 \u00e0 \u00ab Siqal, l\u2019antre de l\u2019ogresse \u00bb de Mouha Harmel, et en langue arabe, \u00e0 \u00ab Jbel Jloud \u00bb de Taoufik Aloui.<\/p>\n<p>Le prix D\u00e9couverte du roman en fran\u00e7ais a \u00e9t\u00e9 attribu\u00e9 \u00e0 Meryem Sellami pour \u00a0\u00bb Je Jalouse la Brise du Sud sur ton Visage \u00a0\u00bb (\u00e9d. C\u00e9r\u00e8s). Cette jeune autrice se distingue \u00e0 nouveau avec son roman publi\u00e9 en 2022, qui a r\u00e9cemment eu le prix du roman de la 37\u00e8me Foire internationale du livre de Tunis, ex aequo, avec un roman en arabe \u00a0\u00bb Zoul Allah\u00a0\u00bb de Nizar Chakroun (Meskiliani Editions).<\/p>\n<p>Le prix D\u00e9couverte du roman en arabe est revenu \u00e0 Rafika Bhouri pour \u00ab\u00a0Zaman al Hathayan\u00a0\u00bb (litt\u00e9ralement \u00ab\u00a0Le temps de d\u00e9lire\u00a0\u00bb) paru chez Mohamed Ali Editions.<\/p>\n<p>Le prix sp\u00e9cial du Jury des romans en fran\u00e7ais et en arabe a \u00e9t\u00e9 attribu\u00e9, respectivement \u00e0 Fadhila Laouani pour \u00ab\u00a0Le Sacre des imb\u00e9ciles\u00a0\u00bb (Lumi\u00e8res M\u00e9diterran\u00e9e) et Sofien ben Rejeb pour \u00ab\u00a0Al Yaouma Jomaa wa Ghadan Khamis\u00a0\u00bb (litt\u00e9ralement \u00ab\u00a0Aujourd&rsquo;hui Vendredi et Demain Jeudi\u00a0\u00bb) paru chez Arcadia Editions.<\/p>\n<p>Le Comit\u00e9 d&rsquo;organisation des prix litt\u00e9raires Comar d&rsquo;Or 2023 a \u00e9t\u00e9 pr\u00e9sid\u00e9 par Lotfi Belhaj Kacem. Les \u0153uvres laur\u00e9ats dans les deux comp\u00e9titions, ont \u00e9t\u00e9 s\u00e9lectionn\u00e9s parmi 37 romans en arabe et 24 romans en fran\u00e7ais. Les \u0153uvres retenues sont publi\u00e9es durant la p\u00e9riode du 1er avril 2021 au 31 mars 2022.<\/p>\n<p>Samedi \u00e9tait la f\u00eate du roman tunisien et un appel aux \u00e9crivains de ne pas baisser les bras, et continuer \u00e0 aff\u00fbter leurs plumes.<\/p>\n<p>Palmar\u00e8s<\/p>\n<p>Comar d&rsquo;or<\/p>\n<p>\tEn fran\u00e7ais : \u00ab\u00a0SIQAL, l\u2019antre de l\u2019ogresse\u00a0\u00bb de Mouha HARMEL- Editions DEMETER<br \/>\n\tEn Arabe: \u00ab\u00a0Jebel Jloud\u00a0\u00bb de Taoufik ALOUI \u2013 Edition Dar Mohamed Ali<\/p>\n<p>Prix Sp\u00e9cial du jury<\/p>\n<p>\tEn fran\u00e7ais : \u00ab\u00a0Le sacre des imb\u00e9ciles\u00a0\u00bb de Fadhila LAOUANI- Editions PLUMES<br \/>\n\tEn arabe: \u00ab\u00a0\u0627\u0644\u064a\u0648\u0645 \u062c\u0645\u0639\u0629 \u0648 \u063a\u062f\u0627\u064b \u062e\u0645\u064a\u0633\u00a0\u00bb (Aujourd&rsquo;hui c&rsquo;est vendredi et demain c&rsquo;est jeudi), de Sofi\u00e8ne REJEB \u2013 Edition ARCADIA<\/p>\n<p>Prix d\u00e9couverte<\/p>\n<p>\tEn fran\u00e7ais : \u00ab\u00a0Je jalouse la brise du sud sur ton visage\u00a0\u00bb de Meryem SELLAMI- CERES Editions<br \/>\n\tEn arabe: \u00ab\u00a0Zamen El Hadhayen\u00a0\u00bb de Rafika BHOURI \u2013 Edition DAR MOHAMED ALI<\/p>\n<p>Jihene SALHI<\/p>\n","protected":false},"excerpt":{"rendered":"<p>Samedi 6 mai, au Th\u00e9\u00e2tre de la Ville de Tunis, c\u2019\u00e9tait la ru\u00e9e vers le (Comar) d\u2019or. 24 romans en langue fran\u00e7aise et 37 en langue arabe  \u00e9taient en lice pour c&#8230;<\/p>\n","protected":false},"author":3192,"featured_media":251225,"comment_status":"open","ping_status":"closed","sticky":false,"template":"","format":"standard","meta":{"footnotes":""},"categories":[2594],"tags":[8458,4025,2609],"class_list":["post-205521","post","type-post","status-publish","format-standard","has-post-thumbnail","hentry","category-culture","tag-comar-dor","tag-litterature","tag-prix"],"yoast_head":"<!-- This site is optimized with the Yoast SEO Premium plugin v27.5 (Yoast SEO v27.5) - https:\/\/yoast.com\/product\/yoast-seo-premium-wordpress\/ -->\n<title>27\u00e8me \u00e9dition du Comar d\u2019or : Six \u0153uvres se distinguent<\/title>\n<meta name=\"description\" content=\"Samedi 6 mai, au Th\u00e9\u00e2tre de la Ville de Tunis, c\u2019\u00e9tait la ru\u00e9e vers le (Comar) d\u2019or. 24 romans en langue fran\u00e7aise et 37 en langue arabe \u00e9taient en lice pour c...\" \/>\n<link rel=\"canonical\" href=\"https:\/\/www.webdo.tn\/fr\/actualite\/culture\/27eme-edition-du-comar-d-or-six-oeuvres-se-distinguent\/205521\/\" \/>\n<meta property=\"og:locale\" content=\"fr_FR\" \/>\n<meta property=\"og:type\" content=\"article\" \/>\n<meta property=\"og:title\" content=\"27\u00e8me \u00e9dition du Comar d\u2019or : Six \u0153uvres se distinguent\" \/>\n<meta property=\"og:description\" content=\"Samedi 6 mai, au Th\u00e9\u00e2tre de la Ville de Tunis, c\u2019\u00e9tait la ru\u00e9e vers le (Comar) d\u2019or. 24 romans en langue fran\u00e7aise et 37 en langue arabe \u00e9taient en lice pour c...\" \/>\n<meta property=\"og:url\" content=\"https:\/\/www.webdo.tn\/fr\/actualite\/culture\/27eme-edition-du-comar-d-or-six-oeuvres-se-distinguent\/205521\/\" \/>\n<meta property=\"og:site_name\" content=\"webdo\" \/>\n<meta property=\"article:publisher\" content=\"https:\/\/www.facebook.com\/webdotn\" \/>\n<meta property=\"article:published_time\" content=\"2023-05-08T14:11:00+00:00\" \/>\n<meta property=\"article:modified_time\" content=\"2025-05-20T22:59:53+00:00\" \/>\n<meta property=\"og:image\" content=\"https:\/\/www.webdo.tn\/fr\/wp-content\/uploads\/2023\/05\/59537077b27635228f7cb0c881ff4f20.png\" \/>\n\t<meta property=\"og:image:width\" content=\"750\" \/>\n\t<meta property=\"og:image:height\" content=\"400\" \/>\n\t<meta property=\"og:image:type\" content=\"image\/png\" \/>\n<meta name=\"author\" content=\"Jihene Salhi\" \/>\n<meta name=\"twitter:card\" content=\"summary_large_image\" \/>\n<meta name=\"twitter:creator\" content=\"@webdo_tn\" \/>\n<meta name=\"twitter:site\" content=\"@webdo_tn\" \/>\n<meta name=\"twitter:label1\" content=\"\u00c9crit par\" \/>\n\t<meta name=\"twitter:data1\" content=\"Jihene Salhi\" \/>\n\t<meta name=\"twitter:label2\" content=\"Dur\u00e9e de lecture estim\u00e9e\" \/>\n\t<meta name=\"twitter:data2\" content=\"3 minutes\" \/>\n<script type=\"application\/ld+json\" class=\"yoast-schema-graph\">{\"@context\":\"https:\\\/\\\/schema.org\",\"@graph\":[{\"@type\":\"NewsArticle\",\"@id\":\"https:\\\/\\\/www.webdo.tn\\\/fr\\\/actualite\\\/culture\\\/27eme-edition-du-comar-d-or-six-oeuvres-se-distinguent\\\/205521\\\/#article\",\"isPartOf\":{\"@id\":\"https:\\\/\\\/www.webdo.tn\\\/fr\\\/actualite\\\/culture\\\/27eme-edition-du-comar-d-or-six-oeuvres-se-distinguent\\\/205521\\\/\"},\"author\":{\"name\":\"Jihene Salhi\",\"@id\":\"https:\\\/\\\/www.webdo.tn\\\/fr\\\/#\\\/schema\\\/person\\\/e8567048e965b2f28690e3d978b4fcc9\"},\"headline\":\"27\u00e8me \u00e9dition du Comar d\u2019or : Six \u0153uvres se distinguent\",\"datePublished\":\"2023-05-08T14:11:00+00:00\",\"dateModified\":\"2025-05-20T22:59:53+00:00\",\"mainEntityOfPage\":{\"@id\":\"https:\\\/\\\/www.webdo.tn\\\/fr\\\/actualite\\\/culture\\\/27eme-edition-du-comar-d-or-six-oeuvres-se-distinguent\\\/205521\\\/\"},\"wordCount\":564,\"commentCount\":0,\"publisher\":{\"@id\":\"https:\\\/\\\/www.webdo.tn\\\/fr\\\/#organization\"},\"image\":{\"@id\":\"https:\\\/\\\/www.webdo.tn\\\/fr\\\/actualite\\\/culture\\\/27eme-edition-du-comar-d-or-six-oeuvres-se-distinguent\\\/205521\\\/#primaryimage\"},\"thumbnailUrl\":\"https:\\\/\\\/www.webdo.tn\\\/fr\\\/wp-content\\\/uploads\\\/2023\\\/05\\\/59537077b27635228f7cb0c881ff4f20.png\",\"keywords\":[\"comar d'or\",\"litt\u00e9rature\",\"prix\"],\"articleSection\":[\"Culture\"],\"inLanguage\":\"fr-FR\"},{\"@type\":\"WebPage\",\"@id\":\"https:\\\/\\\/www.webdo.tn\\\/fr\\\/actualite\\\/culture\\\/27eme-edition-du-comar-d-or-six-oeuvres-se-distinguent\\\/205521\\\/\",\"url\":\"https:\\\/\\\/www.webdo.tn\\\/fr\\\/actualite\\\/culture\\\/27eme-edition-du-comar-d-or-six-oeuvres-se-distinguent\\\/205521\\\/\",\"name\":\"27\u00e8me \u00e9dition du Comar d\u2019or : Six \u0153uvres se distinguent\",\"isPartOf\":{\"@id\":\"https:\\\/\\\/www.webdo.tn\\\/fr\\\/#website\"},\"primaryImageOfPage\":{\"@id\":\"https:\\\/\\\/www.webdo.tn\\\/fr\\\/actualite\\\/culture\\\/27eme-edition-du-comar-d-or-six-oeuvres-se-distinguent\\\/205521\\\/#primaryimage\"},\"image\":{\"@id\":\"https:\\\/\\\/www.webdo.tn\\\/fr\\\/actualite\\\/culture\\\/27eme-edition-du-comar-d-or-six-oeuvres-se-distinguent\\\/205521\\\/#primaryimage\"},\"thumbnailUrl\":\"https:\\\/\\\/www.webdo.tn\\\/fr\\\/wp-content\\\/uploads\\\/2023\\\/05\\\/59537077b27635228f7cb0c881ff4f20.png\",\"datePublished\":\"2023-05-08T14:11:00+00:00\",\"dateModified\":\"2025-05-20T22:59:53+00:00\",\"description\":\"Samedi 6 mai, au Th\u00e9\u00e2tre de la Ville de Tunis, c\u2019\u00e9tait la ru\u00e9e vers le (Comar) d\u2019or. 24 romans en langue fran\u00e7aise et 37 en langue arabe \u00e9taient en lice pour c...\",\"breadcrumb\":{\"@id\":\"https:\\\/\\\/www.webdo.tn\\\/fr\\\/actualite\\\/culture\\\/27eme-edition-du-comar-d-or-six-oeuvres-se-distinguent\\\/205521\\\/#breadcrumb\"},\"inLanguage\":\"fr-FR\",\"potentialAction\":[{\"@type\":\"ReadAction\",\"target\":[\"https:\\\/\\\/www.webdo.tn\\\/fr\\\/actualite\\\/culture\\\/27eme-edition-du-comar-d-or-six-oeuvres-se-distinguent\\\/205521\\\/\"]}]},{\"@type\":\"ImageObject\",\"inLanguage\":\"fr-FR\",\"@id\":\"https:\\\/\\\/www.webdo.tn\\\/fr\\\/actualite\\\/culture\\\/27eme-edition-du-comar-d-or-six-oeuvres-se-distinguent\\\/205521\\\/#primaryimage\",\"url\":\"https:\\\/\\\/www.webdo.tn\\\/fr\\\/wp-content\\\/uploads\\\/2023\\\/05\\\/59537077b27635228f7cb0c881ff4f20.png\",\"contentUrl\":\"https:\\\/\\\/www.webdo.tn\\\/fr\\\/wp-content\\\/uploads\\\/2023\\\/05\\\/59537077b27635228f7cb0c881ff4f20.png\",\"width\":750,\"height\":400,\"caption\":\"27\u00e8me \u00e9dition du Comar d\u2019or : Six \u0153uvres se distinguent\"},{\"@type\":\"BreadcrumbList\",\"@id\":\"https:\\\/\\\/www.webdo.tn\\\/fr\\\/actualite\\\/culture\\\/27eme-edition-du-comar-d-or-six-oeuvres-se-distinguent\\\/205521\\\/#breadcrumb\",\"itemListElement\":[{\"@type\":\"ListItem\",\"position\":1,\"name\":\"Accueil\",\"item\":\"https:\\\/\\\/www.webdo.tn\\\/fr\\\/\"},{\"@type\":\"ListItem\",\"position\":2,\"name\":\"27\u00e8me \u00e9dition du Comar d\u2019or : Six \u0153uvres se distinguent\"}]},{\"@type\":\"WebSite\",\"@id\":\"https:\\\/\\\/www.webdo.tn\\\/fr\\\/#website\",\"url\":\"https:\\\/\\\/www.webdo.tn\\\/fr\\\/\",\"name\":\"webdo\",\"description\":\"Tunisie - News en Tunisie et \u00e0 l&#039;international sur Webdo.tn\",\"publisher\":{\"@id\":\"https:\\\/\\\/www.webdo.tn\\\/fr\\\/#organization\"},\"potentialAction\":[{\"@type\":\"SearchAction\",\"target\":{\"@type\":\"EntryPoint\",\"urlTemplate\":\"https:\\\/\\\/www.webdo.tn\\\/fr\\\/?s={search_term_string}\"},\"query-input\":{\"@type\":\"PropertyValueSpecification\",\"valueRequired\":true,\"valueName\":\"search_term_string\"}}],\"inLanguage\":\"fr-FR\"},{\"@type\":\"Organization\",\"@id\":\"https:\\\/\\\/www.webdo.tn\\\/fr\\\/#organization\",\"name\":\"Webdo\",\"alternateName\":\"Webdo.tn\",\"url\":\"https:\\\/\\\/www.webdo.tn\\\/fr\\\/\",\"logo\":{\"@type\":\"ImageObject\",\"inLanguage\":\"fr-FR\",\"@id\":\"https:\\\/\\\/www.webdo.tn\\\/fr\\\/#\\\/schema\\\/logo\\\/image\\\/\",\"url\":\"https:\\\/\\\/www.webdo.tn\\\/fr\\\/wp-content\\\/uploads\\\/2025\\\/06\\\/Webdo-Tunisie_168377.jpg\",\"contentUrl\":\"https:\\\/\\\/www.webdo.tn\\\/fr\\\/wp-content\\\/uploads\\\/2025\\\/06\\\/Webdo-Tunisie_168377.jpg\",\"width\":301,\"height\":301,\"caption\":\"Webdo\"},\"image\":{\"@id\":\"https:\\\/\\\/www.webdo.tn\\\/fr\\\/#\\\/schema\\\/logo\\\/image\\\/\"},\"sameAs\":[\"https:\\\/\\\/www.facebook.com\\\/webdotn\",\"https:\\\/\\\/x.com\\\/webdo_tn\"],\"description\":\"Webdo est un m\u00e9dia num\u00e9rique tunisien fond\u00e9 en 2010, sp\u00e9cialis\u00e9 dans l\u2019actualit\u00e9 nationale et internationale, l\u2019\u00e9conomie, la soci\u00e9t\u00e9 et les analyses politiques. Le site s\u2019adresse \u00e0 un large public francophone et couvre l\u2019information tunisienne en temps r\u00e9el.\",\"email\":\"redac@webdo.tn\",\"legalName\":\"YNJ SARL\",\"foundingDate\":\"2010-09-06\",\"numberOfEmployees\":{\"@type\":\"QuantitativeValue\",\"minValue\":\"11\",\"maxValue\":\"50\"}},{\"@type\":\"Person\",\"@id\":\"https:\\\/\\\/www.webdo.tn\\\/fr\\\/#\\\/schema\\\/person\\\/e8567048e965b2f28690e3d978b4fcc9\",\"name\":\"Jihene Salhi\",\"image\":{\"@type\":\"ImageObject\",\"inLanguage\":\"fr-FR\",\"@id\":\"https:\\\/\\\/secure.gravatar.com\\\/avatar\\\/4b542df887abda49d842da61ca388fe7a1f93ab7c7942d967f72469e31288a0d?s=96&d=mm&r=g\",\"url\":\"https:\\\/\\\/secure.gravatar.com\\\/avatar\\\/4b542df887abda49d842da61ca388fe7a1f93ab7c7942d967f72469e31288a0d?s=96&d=mm&r=g\",\"contentUrl\":\"https:\\\/\\\/secure.gravatar.com\\\/avatar\\\/4b542df887abda49d842da61ca388fe7a1f93ab7c7942d967f72469e31288a0d?s=96&d=mm&r=g\",\"caption\":\"Jihene Salhi\"},\"url\":\"https:\\\/\\\/www.webdo.tn\\\/fr\\\/actualite\\\/author\\\/jihene-salhi\\\/\"}]}<\/script>\n<!-- \/ Yoast SEO Premium plugin. -->","yoast_head_json":{"title":"27\u00e8me \u00e9dition du Comar d\u2019or : Six \u0153uvres se distinguent","description":"Samedi 6 mai, au Th\u00e9\u00e2tre de la Ville de Tunis, c\u2019\u00e9tait la ru\u00e9e vers le (Comar) d\u2019or. 24 romans en langue fran\u00e7aise et 37 en langue arabe \u00e9taient en lice pour c...","canonical":"https:\/\/www.webdo.tn\/fr\/actualite\/culture\/27eme-edition-du-comar-d-or-six-oeuvres-se-distinguent\/205521\/","og_locale":"fr_FR","og_type":"article","og_title":"27\u00e8me \u00e9dition du Comar d\u2019or : Six \u0153uvres se distinguent","og_description":"Samedi 6 mai, au Th\u00e9\u00e2tre de la Ville de Tunis, c\u2019\u00e9tait la ru\u00e9e vers le (Comar) d\u2019or. 24 romans en langue fran\u00e7aise et 37 en langue arabe \u00e9taient en lice pour c...","og_url":"https:\/\/www.webdo.tn\/fr\/actualite\/culture\/27eme-edition-du-comar-d-or-six-oeuvres-se-distinguent\/205521\/","og_site_name":"webdo","article_publisher":"https:\/\/www.facebook.com\/webdotn","article_published_time":"2023-05-08T14:11:00+00:00","article_modified_time":"2025-05-20T22:59:53+00:00","og_image":[{"width":750,"height":400,"url":"https:\/\/www.webdo.tn\/fr\/wp-content\/uploads\/2023\/05\/59537077b27635228f7cb0c881ff4f20.png","type":"image\/png"}],"author":"Jihene Salhi","twitter_card":"summary_large_image","twitter_creator":"@webdo_tn","twitter_site":"@webdo_tn","twitter_misc":{"\u00c9crit par":"Jihene Salhi","Dur\u00e9e de lecture estim\u00e9e":"3 minutes"},"schema":{"@context":"https:\/\/schema.org","@graph":[{"@type":"NewsArticle","@id":"https:\/\/www.webdo.tn\/fr\/actualite\/culture\/27eme-edition-du-comar-d-or-six-oeuvres-se-distinguent\/205521\/#article","isPartOf":{"@id":"https:\/\/www.webdo.tn\/fr\/actualite\/culture\/27eme-edition-du-comar-d-or-six-oeuvres-se-distinguent\/205521\/"},"author":{"name":"Jihene Salhi","@id":"https:\/\/www.webdo.tn\/fr\/#\/schema\/person\/e8567048e965b2f28690e3d978b4fcc9"},"headline":"27\u00e8me \u00e9dition du Comar d\u2019or : Six \u0153uvres se distinguent","datePublished":"2023-05-08T14:11:00+00:00","dateModified":"2025-05-20T22:59:53+00:00","mainEntityOfPage":{"@id":"https:\/\/www.webdo.tn\/fr\/actualite\/culture\/27eme-edition-du-comar-d-or-six-oeuvres-se-distinguent\/205521\/"},"wordCount":564,"commentCount":0,"publisher":{"@id":"https:\/\/www.webdo.tn\/fr\/#organization"},"image":{"@id":"https:\/\/www.webdo.tn\/fr\/actualite\/culture\/27eme-edition-du-comar-d-or-six-oeuvres-se-distinguent\/205521\/#primaryimage"},"thumbnailUrl":"https:\/\/www.webdo.tn\/fr\/wp-content\/uploads\/2023\/05\/59537077b27635228f7cb0c881ff4f20.png","keywords":["comar d'or","litt\u00e9rature","prix"],"articleSection":["Culture"],"inLanguage":"fr-FR"},{"@type":"WebPage","@id":"https:\/\/www.webdo.tn\/fr\/actualite\/culture\/27eme-edition-du-comar-d-or-six-oeuvres-se-distinguent\/205521\/","url":"https:\/\/www.webdo.tn\/fr\/actualite\/culture\/27eme-edition-du-comar-d-or-six-oeuvres-se-distinguent\/205521\/","name":"27\u00e8me \u00e9dition du Comar d\u2019or : Six \u0153uvres se distinguent","isPartOf":{"@id":"https:\/\/www.webdo.tn\/fr\/#website"},"primaryImageOfPage":{"@id":"https:\/\/www.webdo.tn\/fr\/actualite\/culture\/27eme-edition-du-comar-d-or-six-oeuvres-se-distinguent\/205521\/#primaryimage"},"image":{"@id":"https:\/\/www.webdo.tn\/fr\/actualite\/culture\/27eme-edition-du-comar-d-or-six-oeuvres-se-distinguent\/205521\/#primaryimage"},"thumbnailUrl":"https:\/\/www.webdo.tn\/fr\/wp-content\/uploads\/2023\/05\/59537077b27635228f7cb0c881ff4f20.png","datePublished":"2023-05-08T14:11:00+00:00","dateModified":"2025-05-20T22:59:53+00:00","description":"Samedi 6 mai, au Th\u00e9\u00e2tre de la Ville de Tunis, c\u2019\u00e9tait la ru\u00e9e vers le (Comar) d\u2019or. 24 romans en langue fran\u00e7aise et 37 en langue arabe \u00e9taient en lice pour c...","breadcrumb":{"@id":"https:\/\/www.webdo.tn\/fr\/actualite\/culture\/27eme-edition-du-comar-d-or-six-oeuvres-se-distinguent\/205521\/#breadcrumb"},"inLanguage":"fr-FR","potentialAction":[{"@type":"ReadAction","target":["https:\/\/www.webdo.tn\/fr\/actualite\/culture\/27eme-edition-du-comar-d-or-six-oeuvres-se-distinguent\/205521\/"]}]},{"@type":"ImageObject","inLanguage":"fr-FR","@id":"https:\/\/www.webdo.tn\/fr\/actualite\/culture\/27eme-edition-du-comar-d-or-six-oeuvres-se-distinguent\/205521\/#primaryimage","url":"https:\/\/www.webdo.tn\/fr\/wp-content\/uploads\/2023\/05\/59537077b27635228f7cb0c881ff4f20.png","contentUrl":"https:\/\/www.webdo.tn\/fr\/wp-content\/uploads\/2023\/05\/59537077b27635228f7cb0c881ff4f20.png","width":750,"height":400,"caption":"27\u00e8me \u00e9dition du Comar d\u2019or : Six \u0153uvres se distinguent"},{"@type":"BreadcrumbList","@id":"https:\/\/www.webdo.tn\/fr\/actualite\/culture\/27eme-edition-du-comar-d-or-six-oeuvres-se-distinguent\/205521\/#breadcrumb","itemListElement":[{"@type":"ListItem","position":1,"name":"Accueil","item":"https:\/\/www.webdo.tn\/fr\/"},{"@type":"ListItem","position":2,"name":"27\u00e8me \u00e9dition du Comar d\u2019or : Six \u0153uvres se distinguent"}]},{"@type":"WebSite","@id":"https:\/\/www.webdo.tn\/fr\/#website","url":"https:\/\/www.webdo.tn\/fr\/","name":"webdo","description":"Tunisie - News en Tunisie et \u00e0 l&#039;international sur Webdo.tn","publisher":{"@id":"https:\/\/www.webdo.tn\/fr\/#organization"},"potentialAction":[{"@type":"SearchAction","target":{"@type":"EntryPoint","urlTemplate":"https:\/\/www.webdo.tn\/fr\/?s={search_term_string}"},"query-input":{"@type":"PropertyValueSpecification","valueRequired":true,"valueName":"search_term_string"}}],"inLanguage":"fr-FR"},{"@type":"Organization","@id":"https:\/\/www.webdo.tn\/fr\/#organization","name":"Webdo","alternateName":"Webdo.tn","url":"https:\/\/www.webdo.tn\/fr\/","logo":{"@type":"ImageObject","inLanguage":"fr-FR","@id":"https:\/\/www.webdo.tn\/fr\/#\/schema\/logo\/image\/","url":"https:\/\/www.webdo.tn\/fr\/wp-content\/uploads\/2025\/06\/Webdo-Tunisie_168377.jpg","contentUrl":"https:\/\/www.webdo.tn\/fr\/wp-content\/uploads\/2025\/06\/Webdo-Tunisie_168377.jpg","width":301,"height":301,"caption":"Webdo"},"image":{"@id":"https:\/\/www.webdo.tn\/fr\/#\/schema\/logo\/image\/"},"sameAs":["https:\/\/www.facebook.com\/webdotn","https:\/\/x.com\/webdo_tn"],"description":"Webdo est un m\u00e9dia num\u00e9rique tunisien fond\u00e9 en 2010, sp\u00e9cialis\u00e9 dans l\u2019actualit\u00e9 nationale et internationale, l\u2019\u00e9conomie, la soci\u00e9t\u00e9 et les analyses politiques. Le site s\u2019adresse \u00e0 un large public francophone et couvre l\u2019information tunisienne en temps r\u00e9el.","email":"redac@webdo.tn","legalName":"YNJ SARL","foundingDate":"2010-09-06","numberOfEmployees":{"@type":"QuantitativeValue","minValue":"11","maxValue":"50"}},{"@type":"Person","@id":"https:\/\/www.webdo.tn\/fr\/#\/schema\/person\/e8567048e965b2f28690e3d978b4fcc9","name":"Jihene Salhi","image":{"@type":"ImageObject","inLanguage":"fr-FR","@id":"https:\/\/secure.gravatar.com\/avatar\/4b542df887abda49d842da61ca388fe7a1f93ab7c7942d967f72469e31288a0d?s=96&d=mm&r=g","url":"https:\/\/secure.gravatar.com\/avatar\/4b542df887abda49d842da61ca388fe7a1f93ab7c7942d967f72469e31288a0d?s=96&d=mm&r=g","contentUrl":"https:\/\/secure.gravatar.com\/avatar\/4b542df887abda49d842da61ca388fe7a1f93ab7c7942d967f72469e31288a0d?s=96&d=mm&r=g","caption":"Jihene Salhi"},"url":"https:\/\/www.webdo.tn\/fr\/actualite\/author\/jihene-salhi\/"}]}},"_links":{"self":[{"href":"https:\/\/www.webdo.tn\/fr\/wp-json\/wp\/v2\/posts\/205521","targetHints":{"allow":["GET"]}}],"collection":[{"href":"https:\/\/www.webdo.tn\/fr\/wp-json\/wp\/v2\/posts"}],"about":[{"href":"https:\/\/www.webdo.tn\/fr\/wp-json\/wp\/v2\/types\/post"}],"author":[{"embeddable":true,"href":"https:\/\/www.webdo.tn\/fr\/wp-json\/wp\/v2\/users\/3192"}],"replies":[{"embeddable":true,"href":"https:\/\/www.webdo.tn\/fr\/wp-json\/wp\/v2\/comments?post=205521"}],"version-history":[{"count":0,"href":"https:\/\/www.webdo.tn\/fr\/wp-json\/wp\/v2\/posts\/205521\/revisions"}],"wp:featuredmedia":[{"embeddable":true,"href":"https:\/\/www.webdo.tn\/fr\/wp-json\/wp\/v2\/media\/251225"}],"wp:attachment":[{"href":"https:\/\/www.webdo.tn\/fr\/wp-json\/wp\/v2\/media?parent=205521"}],"wp:term":[{"taxonomy":"category","embeddable":true,"href":"https:\/\/www.webdo.tn\/fr\/wp-json\/wp\/v2\/categories?post=205521"},{"taxonomy":"post_tag","embeddable":true,"href":"https:\/\/www.webdo.tn\/fr\/wp-json\/wp\/v2\/tags?post=205521"}],"curies":[{"name":"wp","href":"https:\/\/api.w.org\/{rel}","templated":true}]}}