{"id":205517,"date":"2023-05-08T12:48:00","date_gmt":"2023-05-08T12:48:00","guid":{"rendered":"https:\/\/www.webdo.tn\/fr\/blog\/miff-2023-rania-youssef-declare-qu-elle-serait-heureuse-de-travailler-en-tunisie-meme-gratuitement-videos\/205517\/"},"modified":"2025-05-21T08:56:41","modified_gmt":"2025-05-21T08:56:41","slug":"miff-2023-rania-youssef-declare-qu-elle-serait-heureuse-de-travailler-en-tunisie-meme-gratuitement-videos","status":"publish","type":"post","link":"https:\/\/www.webdo.tn\/fr\/actualite\/culture\/miff-2023-rania-youssef-declare-qu-elle-serait-heureuse-de-travailler-en-tunisie-meme-gratuitement-videos\/205517\/","title":{"rendered":"MIFF 2023 &#8211; Rania Youssef : \u00ab\u00a0Je serais heureuse de travailler en Tunisie, m\u00eame gratuitement!\u00a0\u00bb (Vid\u00e9os)"},"content":{"rendered":"<div class=\"single-body entry-content typography-copy\" itemprop=\"articleBody\">\n<p style=\"font-weight: bold; text-align: justify\">\n\t\t\t\t\t\t\t\t\tL&rsquo;actrice \u00e9gyptienne Rania Youssef est l&rsquo;invit\u00e9e d&rsquo;honneur de la deuxi\u00e8me \u00e9dition du Master International Film Festival, qui se d\u00e9roule du 6 au 13 mai 2023 \u00e0 Yasmine Hammamet (Tunisie).\n\t\t\t\t\t\t\t\t<\/p>\n<div class=\"coprs\" style=\"text-align: center\"><\/div>\n<div class=\"coprs\" style=\"text-align: justify\">\n<p><span><span>Lors d&rsquo;un point de presse, elle a exprim\u00e9 sa grande joie d&rsquo;\u00eatre en Tunisie pour la quatri\u00e8me fois. Elle a \u00e9voqu\u00e9 son affection pour le peuple tunisien, qu&rsquo;elle qualifie de \u00ab\u00a0civilis\u00e9\u00a0\u00bb et dont elle appr\u00e9cie la tol\u00e9rance et la libert\u00e9 d&rsquo;esprit. L&rsquo;actrice a \u00e9galement salu\u00e9 les droits des femmes en Tunisie, faisant de ce pays arabe celui o\u00f9 les femmes disposent de la plus grande libert\u00e9 et de la plus grande \u00e9galit\u00e9. En tant que femme et m\u00e8re de deux filles, les droits des femmes sont pour elle tr\u00e8s importants. <\/span><\/span><\/p>\n<p><span><span>Rania Youssef a \u00e9galement \u00e9voqu\u00e9 son admiration pour la militante f\u00e9ministe Nawal El Saadawi, qui est tr\u00e8s appr\u00e9ci\u00e9e des tunisiens. Elle la consid\u00e8re comme une source d&rsquo;inspiration pour elle. Elle a rappel\u00e9 que Nawal Saadawi a \u00e9t\u00e9 une voix importante dans la lutte pour les droits des femmes en \u00c9gypte et dans le monde arabe, et qu&rsquo;elle continue d&rsquo;\u00eatre une figure embl\u00e9matique pour les f\u00e9ministes.<\/span><\/span><\/p>\n<p><iframe allowfullscreen=\"true\" frameborder=\"0\" height=\"314\" scrolling=\"no\" src=\"https:\/\/www.facebook.com\/plugins\/video.php?height=314&amp;href=https%3A%2F%2Fwww.facebook.com%2Fmassir.destiniii%2Fvideos%2F608461571229809%2F&amp;show_text=false&amp;width=560&amp;t=0\" width=\"560\"><\/iframe><\/p>\n<p>\u00a0<\/p>\n<p><span><span>Sur le plan professionnel, Rania Youssef a d\u00e9clar\u00e9 qu&rsquo;elle serait honor\u00e9e et heureuse de travailler en Tunisie, m\u00eame gratuitement. Ce qui a bien sur suscit\u00e9 des r\u00e9actions heureuses et amusantes de la part des journalistes pr\u00e9sents. Un appel est donc lanc\u00e9 aux r\u00e9alisateurs et producteurs tunisiens\u00a0! <\/span><\/span><\/p>\n<p><span><span>En parlant de l&rsquo;influence du cin\u00e9ma et des s\u00e9ries t\u00e9l\u00e9vis\u00e9es dans la promotion des droits des femmes, comme par exemple le film <em>Ouridou hallan\/Je veux une solution<\/em> (1975), qui avait fait avancer la loi sur le divorce en \u00c9gypte, Rania a expliqu\u00e9 que le cin\u00e9ma et les feuilletons pouvaient faire avancer influencer les citoyens et donc les gouvernants pour les pousser \u00e0 changer les l\u00e9gislations r\u00e9trogrades. Elle a \u00e9galement racont\u00e9 que le feuilleton<em><a href=\"https:\/\/www.webdo.tn\/fr\/actualite\/culture\/le-drame-des-veuves-egyptiennes-tutelle-legale-et-injustice-patriarcale-dans-le-feuilleton-taht-el-wissaya\/205108\"> Taht El wissaya\/Sous Tutelle<\/a><\/em>, diffus\u00e9 pendant le ramadan de cette ann\u00e9e, a suscit\u00e9 un d\u00e9bat sur la tutelle impos\u00e9e aux veuves concernant leurs enfants mineurs en \u00c9gypte, ce qui a finalement \u00e9t\u00e9 port\u00e9 devant le parlement. Elle croit fermement que le cin\u00e9ma et les m\u00e9dias ont le pouvoir de provoquer des changements significatifs dans la soci\u00e9t\u00e9.<\/span><\/span><\/p>\n<p><iframe allowfullscreen=\"true\" frameborder=\"0\" height=\"314\" scrolling=\"no\" src=\"https:\/\/www.facebook.com\/plugins\/video.php?height=314&amp;href=https%3A%2F%2Fwww.facebook.com%2Fmassir.destiniii%2Fvideos%2F214051391374537%2F&amp;show_text=false&amp;width=560&amp;t=0\" width=\"560\"><\/iframe><\/p>\n<p>\u00a0<\/p>\n<p><span><span>Rania Youssef a \u00e9galement parl\u00e9 de ses exp\u00e9riences personnelles et de ses choix de vie. Elle a r\u00e9v\u00e9l\u00e9 avoir eu l&rsquo;opportunit\u00e9 d&rsquo;aller au Japon et m\u00eame d&rsquo;y \u00e9pouser un producteur, mais elle a pr\u00e9f\u00e9r\u00e9 rester en \u00c9gypte. Pour elle, \u00eatre \u00e9loign\u00e9e de ses amis et de sa famille est inenvisageable. Elle consid\u00e8re \u00e9galement que chaque culture a ses propres traditions et coutumes, ce qui rend difficile la vie dans un autre pays. Rania pr\u00e9f\u00e8re rester dans une culture arabe qui lui est famili\u00e8re.<\/span><\/span><\/p>\n<p><iframe allowfullscreen=\"true\" frameborder=\"0\" height=\"314\" scrolling=\"no\" src=\"https:\/\/www.facebook.com\/plugins\/video.php?height=314&amp;href=https%3A%2F%2Fwww.facebook.com%2Fmassir.destiniii%2Fvideos%2F928939638224043%2F&amp;show_text=false&amp;width=560&amp;t=0\" width=\"560\"><\/iframe><\/p>\n<p>\u00a0<\/p>\n<p><span><span><strong><span>Ne\u00efla Driss<\/span><\/strong><\/span><\/span><\/p>\n<p>\u00a0<\/p>\n<p>\u00a0<\/p>\n<\/p><\/div>\n<div class=\"coprs\" style=\"text-align: center\"><\/div><\/div>\n","protected":false},"excerpt":{"rendered":"<p>L&rsquo;actrice \u00e9gyptienne Rania Youssef est l&rsquo;invit\u00e9e d&rsquo;honneur de la deuxi\u00e8me \u00e9dition du Master International Film Festival, qui se d\u00e9roule du 6 au 13 mai 2023 \u00e0 Ya&#8230;<\/p>\n","protected":false},"author":3164,"featured_media":251222,"comment_status":"open","ping_status":"closed","sticky":false,"template":"","format":"standard","meta":{"footnotes":""},"categories":[2594],"tags":[2626,2628,3607,8207,8206,8457,8137],"class_list":["post-205517","post","type-post","status-publish","format-standard","has-post-thumbnail","hentry","category-culture","tag-cinema","tag-festival","tag-hammamet","tag-master-international-film-festival","tag-miff","tag-miff-2023","tag-yasmine-hammamet"],"yoast_head":"<!-- This site is optimized with the Yoast SEO Premium plugin v27.5 (Yoast SEO v27.5) - https:\/\/yoast.com\/product\/yoast-seo-premium-wordpress\/ -->\n<title>MIFF 2023 - Rania Youssef : Je serais heureuse de travailler en Tunisie, m\u00eame gratuitement! (Vid\u00e9os)<\/title>\n<meta name=\"description\" content=\"L&#039;actrice \u00e9gyptienne Rania Youssef est l&#039;invit\u00e9e d&#039;honneur de la deuxi\u00e8me \u00e9dition du Master International Film Festival, qui se d\u00e9roule du 6 au 13 mai 2023 \u00e0 Ya...\" \/>\n<link rel=\"canonical\" href=\"https:\/\/www.webdo.tn\/fr\/actualite\/culture\/miff-2023-rania-youssef-declare-qu-elle-serait-heureuse-de-travailler-en-tunisie-meme-gratuitement-videos\/205517\/\" \/>\n<meta property=\"og:locale\" content=\"fr_FR\" \/>\n<meta property=\"og:type\" content=\"article\" \/>\n<meta property=\"og:title\" content=\"MIFF 2023 - Rania Youssef : &quot;Je serais heureuse de travailler en Tunisie, m\u00eame gratuitement!&quot; (Vid\u00e9os)\" \/>\n<meta property=\"og:description\" content=\"L&#039;actrice \u00e9gyptienne Rania Youssef est l&#039;invit\u00e9e d&#039;honneur de la deuxi\u00e8me \u00e9dition du Master International Film Festival, qui se d\u00e9roule du 6 au 13 mai 2023 \u00e0 Ya...\" \/>\n<meta property=\"og:url\" content=\"https:\/\/www.webdo.tn\/fr\/actualite\/culture\/miff-2023-rania-youssef-declare-qu-elle-serait-heureuse-de-travailler-en-tunisie-meme-gratuitement-videos\/205517\/\" \/>\n<meta property=\"og:site_name\" content=\"webdo\" \/>\n<meta property=\"article:publisher\" content=\"https:\/\/www.facebook.com\/webdotn\" \/>\n<meta property=\"article:author\" content=\"https:\/\/www.facebook.com\/massir.destiniii\/\" \/>\n<meta property=\"article:published_time\" content=\"2023-05-08T12:48:00+00:00\" \/>\n<meta property=\"article:modified_time\" content=\"2025-05-21T08:56:41+00:00\" \/>\n<meta property=\"og:image\" content=\"https:\/\/www.webdo.tn\/fr\/wp-content\/uploads\/2023\/05\/191651d2676d170f659a388bd496d756.jpeg\" \/>\n\t<meta property=\"og:image:width\" content=\"750\" \/>\n\t<meta property=\"og:image:height\" content=\"400\" \/>\n\t<meta property=\"og:image:type\" content=\"image\/jpeg\" \/>\n<meta name=\"author\" content=\"Ne\u00efla DRISS\" \/>\n<meta name=\"twitter:card\" content=\"summary_large_image\" \/>\n<meta name=\"twitter:creator\" content=\"@https:\/\/x.com\/MassirDestin\" \/>\n<meta name=\"twitter:site\" content=\"@webdo_tn\" \/>\n<meta name=\"twitter:label1\" content=\"\u00c9crit par\" \/>\n\t<meta name=\"twitter:data1\" content=\"Ne\u00efla DRISS\" \/>\n\t<meta name=\"twitter:label2\" content=\"Dur\u00e9e de lecture estim\u00e9e\" \/>\n\t<meta name=\"twitter:data2\" content=\"2 minutes\" \/>\n<script type=\"application\/ld+json\" class=\"yoast-schema-graph\">{\"@context\":\"https:\\\/\\\/schema.org\",\"@graph\":[{\"@type\":\"NewsArticle\",\"@id\":\"https:\\\/\\\/www.webdo.tn\\\/fr\\\/actualite\\\/culture\\\/miff-2023-rania-youssef-declare-qu-elle-serait-heureuse-de-travailler-en-tunisie-meme-gratuitement-videos\\\/205517\\\/#article\",\"isPartOf\":{\"@id\":\"https:\\\/\\\/www.webdo.tn\\\/fr\\\/actualite\\\/culture\\\/miff-2023-rania-youssef-declare-qu-elle-serait-heureuse-de-travailler-en-tunisie-meme-gratuitement-videos\\\/205517\\\/\"},\"author\":{\"name\":\"Ne\u00efla DRISS\",\"@id\":\"https:\\\/\\\/www.webdo.tn\\\/fr\\\/#\\\/schema\\\/person\\\/60d5ba619ed3f58783b0dc82b7dada80\"},\"headline\":\"MIFF 2023 &#8211; Rania Youssef : \u00ab\u00a0Je serais heureuse de travailler en Tunisie, m\u00eame gratuitement!\u00a0\u00bb (Vid\u00e9os)\",\"datePublished\":\"2023-05-08T12:48:00+00:00\",\"dateModified\":\"2025-05-21T08:56:41+00:00\",\"mainEntityOfPage\":{\"@id\":\"https:\\\/\\\/www.webdo.tn\\\/fr\\\/actualite\\\/culture\\\/miff-2023-rania-youssef-declare-qu-elle-serait-heureuse-de-travailler-en-tunisie-meme-gratuitement-videos\\\/205517\\\/\"},\"wordCount\":519,\"commentCount\":0,\"publisher\":{\"@id\":\"https:\\\/\\\/www.webdo.tn\\\/fr\\\/#organization\"},\"image\":{\"@id\":\"https:\\\/\\\/www.webdo.tn\\\/fr\\\/actualite\\\/culture\\\/miff-2023-rania-youssef-declare-qu-elle-serait-heureuse-de-travailler-en-tunisie-meme-gratuitement-videos\\\/205517\\\/#primaryimage\"},\"thumbnailUrl\":\"https:\\\/\\\/www.webdo.tn\\\/fr\\\/wp-content\\\/uploads\\\/2023\\\/05\\\/191651d2676d170f659a388bd496d756.jpeg\",\"keywords\":[\"Cin\u00e9ma\",\"Festival\",\"hammamet\",\"Master International Film Festival\",\"MIFF\",\"MIFF 2023\",\"Yasmine Hammamet\"],\"articleSection\":[\"Culture\"],\"inLanguage\":\"fr-FR\"},{\"@type\":\"WebPage\",\"@id\":\"https:\\\/\\\/www.webdo.tn\\\/fr\\\/actualite\\\/culture\\\/miff-2023-rania-youssef-declare-qu-elle-serait-heureuse-de-travailler-en-tunisie-meme-gratuitement-videos\\\/205517\\\/\",\"url\":\"https:\\\/\\\/www.webdo.tn\\\/fr\\\/actualite\\\/culture\\\/miff-2023-rania-youssef-declare-qu-elle-serait-heureuse-de-travailler-en-tunisie-meme-gratuitement-videos\\\/205517\\\/\",\"name\":\"MIFF 2023 - Rania Youssef : Je serais heureuse de travailler en Tunisie, m\u00eame gratuitement! (Vid\u00e9os)\",\"isPartOf\":{\"@id\":\"https:\\\/\\\/www.webdo.tn\\\/fr\\\/#website\"},\"primaryImageOfPage\":{\"@id\":\"https:\\\/\\\/www.webdo.tn\\\/fr\\\/actualite\\\/culture\\\/miff-2023-rania-youssef-declare-qu-elle-serait-heureuse-de-travailler-en-tunisie-meme-gratuitement-videos\\\/205517\\\/#primaryimage\"},\"image\":{\"@id\":\"https:\\\/\\\/www.webdo.tn\\\/fr\\\/actualite\\\/culture\\\/miff-2023-rania-youssef-declare-qu-elle-serait-heureuse-de-travailler-en-tunisie-meme-gratuitement-videos\\\/205517\\\/#primaryimage\"},\"thumbnailUrl\":\"https:\\\/\\\/www.webdo.tn\\\/fr\\\/wp-content\\\/uploads\\\/2023\\\/05\\\/191651d2676d170f659a388bd496d756.jpeg\",\"datePublished\":\"2023-05-08T12:48:00+00:00\",\"dateModified\":\"2025-05-21T08:56:41+00:00\",\"description\":\"L'actrice \u00e9gyptienne Rania Youssef est l'invit\u00e9e d'honneur de la deuxi\u00e8me \u00e9dition du Master International Film Festival, qui se d\u00e9roule du 6 au 13 mai 2023 \u00e0 Ya...\",\"breadcrumb\":{\"@id\":\"https:\\\/\\\/www.webdo.tn\\\/fr\\\/actualite\\\/culture\\\/miff-2023-rania-youssef-declare-qu-elle-serait-heureuse-de-travailler-en-tunisie-meme-gratuitement-videos\\\/205517\\\/#breadcrumb\"},\"inLanguage\":\"fr-FR\",\"potentialAction\":[{\"@type\":\"ReadAction\",\"target\":[\"https:\\\/\\\/www.webdo.tn\\\/fr\\\/actualite\\\/culture\\\/miff-2023-rania-youssef-declare-qu-elle-serait-heureuse-de-travailler-en-tunisie-meme-gratuitement-videos\\\/205517\\\/\"]}]},{\"@type\":\"ImageObject\",\"inLanguage\":\"fr-FR\",\"@id\":\"https:\\\/\\\/www.webdo.tn\\\/fr\\\/actualite\\\/culture\\\/miff-2023-rania-youssef-declare-qu-elle-serait-heureuse-de-travailler-en-tunisie-meme-gratuitement-videos\\\/205517\\\/#primaryimage\",\"url\":\"https:\\\/\\\/www.webdo.tn\\\/fr\\\/wp-content\\\/uploads\\\/2023\\\/05\\\/191651d2676d170f659a388bd496d756.jpeg\",\"contentUrl\":\"https:\\\/\\\/www.webdo.tn\\\/fr\\\/wp-content\\\/uploads\\\/2023\\\/05\\\/191651d2676d170f659a388bd496d756.jpeg\",\"width\":750,\"height\":400,\"caption\":\"Rania Youssef au Master International Film Festival\"},{\"@type\":\"BreadcrumbList\",\"@id\":\"https:\\\/\\\/www.webdo.tn\\\/fr\\\/actualite\\\/culture\\\/miff-2023-rania-youssef-declare-qu-elle-serait-heureuse-de-travailler-en-tunisie-meme-gratuitement-videos\\\/205517\\\/#breadcrumb\",\"itemListElement\":[{\"@type\":\"ListItem\",\"position\":1,\"name\":\"Accueil\",\"item\":\"https:\\\/\\\/www.webdo.tn\\\/fr\\\/\"},{\"@type\":\"ListItem\",\"position\":2,\"name\":\"MIFF 2023 &#8211; Rania Youssef : \u00ab\u00a0Je serais heureuse de travailler en Tunisie, m\u00eame gratuitement!\u00a0\u00bb (Vid\u00e9os)\"}]},{\"@type\":\"WebSite\",\"@id\":\"https:\\\/\\\/www.webdo.tn\\\/fr\\\/#website\",\"url\":\"https:\\\/\\\/www.webdo.tn\\\/fr\\\/\",\"name\":\"webdo\",\"description\":\"Tunisie - News en Tunisie et \u00e0 l&#039;international sur Webdo.tn\",\"publisher\":{\"@id\":\"https:\\\/\\\/www.webdo.tn\\\/fr\\\/#organization\"},\"potentialAction\":[{\"@type\":\"SearchAction\",\"target\":{\"@type\":\"EntryPoint\",\"urlTemplate\":\"https:\\\/\\\/www.webdo.tn\\\/fr\\\/?s={search_term_string}\"},\"query-input\":{\"@type\":\"PropertyValueSpecification\",\"valueRequired\":true,\"valueName\":\"search_term_string\"}}],\"inLanguage\":\"fr-FR\"},{\"@type\":\"Organization\",\"@id\":\"https:\\\/\\\/www.webdo.tn\\\/fr\\\/#organization\",\"name\":\"Webdo\",\"alternateName\":\"Webdo.tn\",\"url\":\"https:\\\/\\\/www.webdo.tn\\\/fr\\\/\",\"logo\":{\"@type\":\"ImageObject\",\"inLanguage\":\"fr-FR\",\"@id\":\"https:\\\/\\\/www.webdo.tn\\\/fr\\\/#\\\/schema\\\/logo\\\/image\\\/\",\"url\":\"https:\\\/\\\/www.webdo.tn\\\/fr\\\/wp-content\\\/uploads\\\/2025\\\/06\\\/Webdo-Tunisie_168377.jpg\",\"contentUrl\":\"https:\\\/\\\/www.webdo.tn\\\/fr\\\/wp-content\\\/uploads\\\/2025\\\/06\\\/Webdo-Tunisie_168377.jpg\",\"width\":301,\"height\":301,\"caption\":\"Webdo\"},\"image\":{\"@id\":\"https:\\\/\\\/www.webdo.tn\\\/fr\\\/#\\\/schema\\\/logo\\\/image\\\/\"},\"sameAs\":[\"https:\\\/\\\/www.facebook.com\\\/webdotn\",\"https:\\\/\\\/x.com\\\/webdo_tn\"],\"description\":\"Webdo est un m\u00e9dia num\u00e9rique tunisien fond\u00e9 en 2010, sp\u00e9cialis\u00e9 dans l\u2019actualit\u00e9 nationale et internationale, l\u2019\u00e9conomie, la soci\u00e9t\u00e9 et les analyses politiques. Le site s\u2019adresse \u00e0 un large public francophone et couvre l\u2019information tunisienne en temps r\u00e9el.\",\"email\":\"redac@webdo.tn\",\"legalName\":\"YNJ SARL\",\"foundingDate\":\"2010-09-06\",\"numberOfEmployees\":{\"@type\":\"QuantitativeValue\",\"minValue\":\"11\",\"maxValue\":\"50\"}},{\"@type\":\"Person\",\"@id\":\"https:\\\/\\\/www.webdo.tn\\\/fr\\\/#\\\/schema\\\/person\\\/60d5ba619ed3f58783b0dc82b7dada80\",\"name\":\"Ne\u00efla DRISS\",\"image\":{\"@type\":\"ImageObject\",\"inLanguage\":\"fr-FR\",\"@id\":\"https:\\\/\\\/www.webdo.tn\\\/fr\\\/wp-content\\\/uploads\\\/2026\\\/04\\\/neila-driss_avatar-96x96.jpg\",\"url\":\"https:\\\/\\\/www.webdo.tn\\\/fr\\\/wp-content\\\/uploads\\\/2026\\\/04\\\/neila-driss_avatar-96x96.jpg\",\"contentUrl\":\"https:\\\/\\\/www.webdo.tn\\\/fr\\\/wp-content\\\/uploads\\\/2026\\\/04\\\/neila-driss_avatar-96x96.jpg\",\"caption\":\"Ne\u00efla DRISS\"},\"description\":\"Ne\u00efla Driss est juriste, journaliste culturelle et critique de cin\u00e9ma tunisienne. Titulaire d\u2019un DEA en droit priv\u00e9 de l\u2019Universit\u00e9 Paris II et d\u2019un DESS de l\u2019IHEC Carthage, elle d\u00e9bute sa carri\u00e8re comme juriste sp\u00e9cialis\u00e9e en gestion de patrimoine immobilier. Elle s\u2019oriente ensuite vers l\u2019\u00e9criture en ligne, o\u00f9 elle se distingue d\u00e8s 2006 aux Tunisia Blog Awards, avant de se consacrer au journalisme culturel, avec une sp\u00e9cialisation dans la critique cin\u00e9matographique. Elle couvre r\u00e9guli\u00e8rement les grands festivals internationaux, notamment le Festival de Cannes, les Journ\u00e9es Cin\u00e9matographiques de Carthage et le Festival du film du Caire. Membre de l\u2019ATPCC et de la FIPRESCI, elle participe \u00e0 des jurys et initiatives internationales de critique. Depuis 2024, elle est \u00e9lectrice internationale aux Golden Globes. Facebook : https:\\\/\\\/www.facebook.com\\\/massir.destiniii\\\/ X : https:\\\/\\\/x.com\\\/MassirDestin\",\"sameAs\":[\"https:\\\/\\\/www.facebook.com\\\/massir.destiniii\\\/\",\"https:\\\/\\\/www.instagram.com\\\/neila.driss\\\/?hl=fr\",\"https:\\\/\\\/www.linkedin.com\\\/in\\\/neila-driss-22606a80\\\/\",\"https:\\\/\\\/x.com\\\/https:\\\/\\\/x.com\\\/MassirDestin\"],\"knowsAbout\":[\"Cin\u00e9ma international\",\"critique cin\u00e9matographique\",\"festivals de cin\u00e9ma\",\"journalisme culturel\"],\"knowsLanguage\":[\"Fran\u00e7ais\",\"Arabe\",\"Anglais\"],\"jobTitle\":\"Journaliste culturelle et critique de cin\u00e9ma\",\"worksFor\":\"Webdo\",\"url\":\"https:\\\/\\\/www.webdo.tn\\\/fr\\\/actualite\\\/author\\\/neila-driss\\\/\"}]}<\/script>\n<!-- \/ Yoast SEO Premium plugin. -->","yoast_head_json":{"title":"MIFF 2023 - Rania Youssef : Je serais heureuse de travailler en Tunisie, m\u00eame gratuitement! (Vid\u00e9os)","description":"L'actrice \u00e9gyptienne Rania Youssef est l'invit\u00e9e d'honneur de la deuxi\u00e8me \u00e9dition du Master International Film Festival, qui se d\u00e9roule du 6 au 13 mai 2023 \u00e0 Ya...","canonical":"https:\/\/www.webdo.tn\/fr\/actualite\/culture\/miff-2023-rania-youssef-declare-qu-elle-serait-heureuse-de-travailler-en-tunisie-meme-gratuitement-videos\/205517\/","og_locale":"fr_FR","og_type":"article","og_title":"MIFF 2023 - Rania Youssef : \"Je serais heureuse de travailler en Tunisie, m\u00eame gratuitement!\" (Vid\u00e9os)","og_description":"L'actrice \u00e9gyptienne Rania Youssef est l'invit\u00e9e d'honneur de la deuxi\u00e8me \u00e9dition du Master International Film Festival, qui se d\u00e9roule du 6 au 13 mai 2023 \u00e0 Ya...","og_url":"https:\/\/www.webdo.tn\/fr\/actualite\/culture\/miff-2023-rania-youssef-declare-qu-elle-serait-heureuse-de-travailler-en-tunisie-meme-gratuitement-videos\/205517\/","og_site_name":"webdo","article_publisher":"https:\/\/www.facebook.com\/webdotn","article_author":"https:\/\/www.facebook.com\/massir.destiniii\/","article_published_time":"2023-05-08T12:48:00+00:00","article_modified_time":"2025-05-21T08:56:41+00:00","og_image":[{"width":750,"height":400,"url":"https:\/\/www.webdo.tn\/fr\/wp-content\/uploads\/2023\/05\/191651d2676d170f659a388bd496d756.jpeg","type":"image\/jpeg"}],"author":"Ne\u00efla DRISS","twitter_card":"summary_large_image","twitter_creator":"@https:\/\/x.com\/MassirDestin","twitter_site":"@webdo_tn","twitter_misc":{"\u00c9crit par":"Ne\u00efla DRISS","Dur\u00e9e de lecture estim\u00e9e":"2 minutes"},"schema":{"@context":"https:\/\/schema.org","@graph":[{"@type":"NewsArticle","@id":"https:\/\/www.webdo.tn\/fr\/actualite\/culture\/miff-2023-rania-youssef-declare-qu-elle-serait-heureuse-de-travailler-en-tunisie-meme-gratuitement-videos\/205517\/#article","isPartOf":{"@id":"https:\/\/www.webdo.tn\/fr\/actualite\/culture\/miff-2023-rania-youssef-declare-qu-elle-serait-heureuse-de-travailler-en-tunisie-meme-gratuitement-videos\/205517\/"},"author":{"name":"Ne\u00efla DRISS","@id":"https:\/\/www.webdo.tn\/fr\/#\/schema\/person\/60d5ba619ed3f58783b0dc82b7dada80"},"headline":"MIFF 2023 &#8211; Rania Youssef : \u00ab\u00a0Je serais heureuse de travailler en Tunisie, m\u00eame gratuitement!\u00a0\u00bb (Vid\u00e9os)","datePublished":"2023-05-08T12:48:00+00:00","dateModified":"2025-05-21T08:56:41+00:00","mainEntityOfPage":{"@id":"https:\/\/www.webdo.tn\/fr\/actualite\/culture\/miff-2023-rania-youssef-declare-qu-elle-serait-heureuse-de-travailler-en-tunisie-meme-gratuitement-videos\/205517\/"},"wordCount":519,"commentCount":0,"publisher":{"@id":"https:\/\/www.webdo.tn\/fr\/#organization"},"image":{"@id":"https:\/\/www.webdo.tn\/fr\/actualite\/culture\/miff-2023-rania-youssef-declare-qu-elle-serait-heureuse-de-travailler-en-tunisie-meme-gratuitement-videos\/205517\/#primaryimage"},"thumbnailUrl":"https:\/\/www.webdo.tn\/fr\/wp-content\/uploads\/2023\/05\/191651d2676d170f659a388bd496d756.jpeg","keywords":["Cin\u00e9ma","Festival","hammamet","Master International Film Festival","MIFF","MIFF 2023","Yasmine Hammamet"],"articleSection":["Culture"],"inLanguage":"fr-FR"},{"@type":"WebPage","@id":"https:\/\/www.webdo.tn\/fr\/actualite\/culture\/miff-2023-rania-youssef-declare-qu-elle-serait-heureuse-de-travailler-en-tunisie-meme-gratuitement-videos\/205517\/","url":"https:\/\/www.webdo.tn\/fr\/actualite\/culture\/miff-2023-rania-youssef-declare-qu-elle-serait-heureuse-de-travailler-en-tunisie-meme-gratuitement-videos\/205517\/","name":"MIFF 2023 - Rania Youssef : Je serais heureuse de travailler en Tunisie, m\u00eame gratuitement! (Vid\u00e9os)","isPartOf":{"@id":"https:\/\/www.webdo.tn\/fr\/#website"},"primaryImageOfPage":{"@id":"https:\/\/www.webdo.tn\/fr\/actualite\/culture\/miff-2023-rania-youssef-declare-qu-elle-serait-heureuse-de-travailler-en-tunisie-meme-gratuitement-videos\/205517\/#primaryimage"},"image":{"@id":"https:\/\/www.webdo.tn\/fr\/actualite\/culture\/miff-2023-rania-youssef-declare-qu-elle-serait-heureuse-de-travailler-en-tunisie-meme-gratuitement-videos\/205517\/#primaryimage"},"thumbnailUrl":"https:\/\/www.webdo.tn\/fr\/wp-content\/uploads\/2023\/05\/191651d2676d170f659a388bd496d756.jpeg","datePublished":"2023-05-08T12:48:00+00:00","dateModified":"2025-05-21T08:56:41+00:00","description":"L'actrice \u00e9gyptienne Rania Youssef est l'invit\u00e9e d'honneur de la deuxi\u00e8me \u00e9dition du Master International Film Festival, qui se d\u00e9roule du 6 au 13 mai 2023 \u00e0 Ya...","breadcrumb":{"@id":"https:\/\/www.webdo.tn\/fr\/actualite\/culture\/miff-2023-rania-youssef-declare-qu-elle-serait-heureuse-de-travailler-en-tunisie-meme-gratuitement-videos\/205517\/#breadcrumb"},"inLanguage":"fr-FR","potentialAction":[{"@type":"ReadAction","target":["https:\/\/www.webdo.tn\/fr\/actualite\/culture\/miff-2023-rania-youssef-declare-qu-elle-serait-heureuse-de-travailler-en-tunisie-meme-gratuitement-videos\/205517\/"]}]},{"@type":"ImageObject","inLanguage":"fr-FR","@id":"https:\/\/www.webdo.tn\/fr\/actualite\/culture\/miff-2023-rania-youssef-declare-qu-elle-serait-heureuse-de-travailler-en-tunisie-meme-gratuitement-videos\/205517\/#primaryimage","url":"https:\/\/www.webdo.tn\/fr\/wp-content\/uploads\/2023\/05\/191651d2676d170f659a388bd496d756.jpeg","contentUrl":"https:\/\/www.webdo.tn\/fr\/wp-content\/uploads\/2023\/05\/191651d2676d170f659a388bd496d756.jpeg","width":750,"height":400,"caption":"Rania Youssef au Master International Film Festival"},{"@type":"BreadcrumbList","@id":"https:\/\/www.webdo.tn\/fr\/actualite\/culture\/miff-2023-rania-youssef-declare-qu-elle-serait-heureuse-de-travailler-en-tunisie-meme-gratuitement-videos\/205517\/#breadcrumb","itemListElement":[{"@type":"ListItem","position":1,"name":"Accueil","item":"https:\/\/www.webdo.tn\/fr\/"},{"@type":"ListItem","position":2,"name":"MIFF 2023 &#8211; Rania Youssef : \u00ab\u00a0Je serais heureuse de travailler en Tunisie, m\u00eame gratuitement!\u00a0\u00bb (Vid\u00e9os)"}]},{"@type":"WebSite","@id":"https:\/\/www.webdo.tn\/fr\/#website","url":"https:\/\/www.webdo.tn\/fr\/","name":"webdo","description":"Tunisie - News en Tunisie et \u00e0 l&#039;international sur Webdo.tn","publisher":{"@id":"https:\/\/www.webdo.tn\/fr\/#organization"},"potentialAction":[{"@type":"SearchAction","target":{"@type":"EntryPoint","urlTemplate":"https:\/\/www.webdo.tn\/fr\/?s={search_term_string}"},"query-input":{"@type":"PropertyValueSpecification","valueRequired":true,"valueName":"search_term_string"}}],"inLanguage":"fr-FR"},{"@type":"Organization","@id":"https:\/\/www.webdo.tn\/fr\/#organization","name":"Webdo","alternateName":"Webdo.tn","url":"https:\/\/www.webdo.tn\/fr\/","logo":{"@type":"ImageObject","inLanguage":"fr-FR","@id":"https:\/\/www.webdo.tn\/fr\/#\/schema\/logo\/image\/","url":"https:\/\/www.webdo.tn\/fr\/wp-content\/uploads\/2025\/06\/Webdo-Tunisie_168377.jpg","contentUrl":"https:\/\/www.webdo.tn\/fr\/wp-content\/uploads\/2025\/06\/Webdo-Tunisie_168377.jpg","width":301,"height":301,"caption":"Webdo"},"image":{"@id":"https:\/\/www.webdo.tn\/fr\/#\/schema\/logo\/image\/"},"sameAs":["https:\/\/www.facebook.com\/webdotn","https:\/\/x.com\/webdo_tn"],"description":"Webdo est un m\u00e9dia num\u00e9rique tunisien fond\u00e9 en 2010, sp\u00e9cialis\u00e9 dans l\u2019actualit\u00e9 nationale et internationale, l\u2019\u00e9conomie, la soci\u00e9t\u00e9 et les analyses politiques. Le site s\u2019adresse \u00e0 un large public francophone et couvre l\u2019information tunisienne en temps r\u00e9el.","email":"redac@webdo.tn","legalName":"YNJ SARL","foundingDate":"2010-09-06","numberOfEmployees":{"@type":"QuantitativeValue","minValue":"11","maxValue":"50"}},{"@type":"Person","@id":"https:\/\/www.webdo.tn\/fr\/#\/schema\/person\/60d5ba619ed3f58783b0dc82b7dada80","name":"Ne\u00efla DRISS","image":{"@type":"ImageObject","inLanguage":"fr-FR","@id":"https:\/\/www.webdo.tn\/fr\/wp-content\/uploads\/2026\/04\/neila-driss_avatar-96x96.jpg","url":"https:\/\/www.webdo.tn\/fr\/wp-content\/uploads\/2026\/04\/neila-driss_avatar-96x96.jpg","contentUrl":"https:\/\/www.webdo.tn\/fr\/wp-content\/uploads\/2026\/04\/neila-driss_avatar-96x96.jpg","caption":"Ne\u00efla DRISS"},"description":"Ne\u00efla Driss est juriste, journaliste culturelle et critique de cin\u00e9ma tunisienne. Titulaire d\u2019un DEA en droit priv\u00e9 de l\u2019Universit\u00e9 Paris II et d\u2019un DESS de l\u2019IHEC Carthage, elle d\u00e9bute sa carri\u00e8re comme juriste sp\u00e9cialis\u00e9e en gestion de patrimoine immobilier. Elle s\u2019oriente ensuite vers l\u2019\u00e9criture en ligne, o\u00f9 elle se distingue d\u00e8s 2006 aux Tunisia Blog Awards, avant de se consacrer au journalisme culturel, avec une sp\u00e9cialisation dans la critique cin\u00e9matographique. Elle couvre r\u00e9guli\u00e8rement les grands festivals internationaux, notamment le Festival de Cannes, les Journ\u00e9es Cin\u00e9matographiques de Carthage et le Festival du film du Caire. Membre de l\u2019ATPCC et de la FIPRESCI, elle participe \u00e0 des jurys et initiatives internationales de critique. Depuis 2024, elle est \u00e9lectrice internationale aux Golden Globes. Facebook : https:\/\/www.facebook.com\/massir.destiniii\/ X : https:\/\/x.com\/MassirDestin","sameAs":["https:\/\/www.facebook.com\/massir.destiniii\/","https:\/\/www.instagram.com\/neila.driss\/?hl=fr","https:\/\/www.linkedin.com\/in\/neila-driss-22606a80\/","https:\/\/x.com\/https:\/\/x.com\/MassirDestin"],"knowsAbout":["Cin\u00e9ma international","critique cin\u00e9matographique","festivals de cin\u00e9ma","journalisme culturel"],"knowsLanguage":["Fran\u00e7ais","Arabe","Anglais"],"jobTitle":"Journaliste culturelle et critique de cin\u00e9ma","worksFor":"Webdo","url":"https:\/\/www.webdo.tn\/fr\/actualite\/author\/neila-driss\/"}]}},"_links":{"self":[{"href":"https:\/\/www.webdo.tn\/fr\/wp-json\/wp\/v2\/posts\/205517","targetHints":{"allow":["GET"]}}],"collection":[{"href":"https:\/\/www.webdo.tn\/fr\/wp-json\/wp\/v2\/posts"}],"about":[{"href":"https:\/\/www.webdo.tn\/fr\/wp-json\/wp\/v2\/types\/post"}],"author":[{"embeddable":true,"href":"https:\/\/www.webdo.tn\/fr\/wp-json\/wp\/v2\/users\/3164"}],"replies":[{"embeddable":true,"href":"https:\/\/www.webdo.tn\/fr\/wp-json\/wp\/v2\/comments?post=205517"}],"version-history":[{"count":0,"href":"https:\/\/www.webdo.tn\/fr\/wp-json\/wp\/v2\/posts\/205517\/revisions"}],"wp:featuredmedia":[{"embeddable":true,"href":"https:\/\/www.webdo.tn\/fr\/wp-json\/wp\/v2\/media\/251222"}],"wp:attachment":[{"href":"https:\/\/www.webdo.tn\/fr\/wp-json\/wp\/v2\/media?parent=205517"}],"wp:term":[{"taxonomy":"category","embeddable":true,"href":"https:\/\/www.webdo.tn\/fr\/wp-json\/wp\/v2\/categories?post=205517"},{"taxonomy":"post_tag","embeddable":true,"href":"https:\/\/www.webdo.tn\/fr\/wp-json\/wp\/v2\/tags?post=205517"}],"curies":[{"name":"wp","href":"https:\/\/api.w.org\/{rel}","templated":true}]}}