{"id":205497,"date":"2023-05-07T13:14:00","date_gmt":"2023-05-07T13:14:00","guid":{"rendered":"https:\/\/www.webdo.tn\/fr\/blog\/tunisie-demarrage-des-souscriptions-a-la-deuxieme-tranche-de-l-emprunt-obligataire-national\/205497\/"},"modified":"2025-05-20T22:43:35","modified_gmt":"2025-05-20T22:43:35","slug":"tunisie-demarrage-des-souscriptions-a-la-deuxieme-tranche-de-l-emprunt-obligataire-national","status":"publish","type":"post","link":"https:\/\/www.webdo.tn\/fr\/actualite\/national\/tunisie-demarrage-des-souscriptions-a-la-deuxieme-tranche-de-l-emprunt-obligataire-national\/205497\/","title":{"rendered":"Tunisie : D\u00e9marrage des souscriptions \u00e0 la deuxi\u00e8me tranche de l&rsquo;Emprunt Obligataire National"},"content":{"rendered":"<p>Les souscriptions \u00e0 la deuxi\u00e8me tranche de l&rsquo;Emprunt Obligataire National 2023, dont le montant est fix\u00e9 \u00e0 700 millions de dinars (MD), d\u00e9marreront, demain, lundi, 8 mai 2023.<\/p>\n<p>\t\t\t\t\t\t\t\t\tPour la troisi\u00e8me ann\u00e9e cons\u00e9cutive, la Tunisie \u00e9met des emprunts obligataires nationaux comme m\u00e9canisme de financement du budget de l\u2019Etat, compte tenu de la difficult\u00e9 pour le pays de sortir sur les march\u00e9s financiers internationaux, en raison du retard pris dans l&rsquo;approbation de l\u2019accord avec le FMI au titre du m\u00e9canisme \u00e9largi de cr\u00e9dit (MEDC), d\u2019un montant d\u2019environ 1,9 milliard de dollars, malgr\u00e9 l&rsquo;accord au niveau des services du FMI conclu avec la Tunisie, le 15 octobre 2022.<\/p>\n<p>L&rsquo;analyste financier, Bassem Ennaifer a indiqu\u00e9 dans une d\u00e9claration \u00e0 l\u2019Agence TAP, que l\u2019\u00e9mission des emprunts obligataires par l\u2019Etat vise \u00e0 diversifier les sources de financement du budget.<\/p>\n<p>\u00ab\u00a0Le programme du gouvernement, ambitionne de mobiliser, \u00e0 travers l&rsquo;\u00e9mission des emprunts obligataires nationaux, un montant de 2,8 milliards de dinars, pour toute l\u2019ann\u00e9e 2023, contre environ 2 994 MD au cours de l&rsquo;ann\u00e9e pr\u00e9c\u00e9dente et 1 806 MD en 2021\u00a0\u00bb.<\/p>\n<p>Ennaifer a estim\u00e9 que la souscription \u00e0 la deuxi\u00e8me tranche de l&#8217;emprunt obligataire national devrait r\u00e9ussir \u00e0 d\u00e9passer l\u2019objectif pr\u00e9vu (700 MD), \u00e0 la lumi\u00e8re des pr\u00e9paratifs r\u00e9alis\u00e9s \u00e0 cet effet, par le minist\u00e8re des Finances et les institutions financi\u00e8res telles que les banques, les assurances et les interm\u00e9diaires en bourse.<br \/>\nPour m\u00e9moire, la Tunisie a r\u00e9ussi, en f\u00e9vrier 2023, \u00e0 mobiliser un montant de 715 MD, au titre de la premi\u00e8re tranche de l&#8217;emprunt obligataire national pour l&rsquo;exercice 2023, d\u00e9passant, ainsi, l\u2019objectif pr\u00e9vu estim\u00e9, \u00e9galement, \u00e0 700 MD.<\/p>\n","protected":false},"excerpt":{"rendered":"<p>Les souscriptions \u00e0 la deuxi\u00e8me tranche de l&rsquo;Emprunt Obligataire National 2023, dont le montant est fix\u00e9 \u00e0 700 millions de dinars (MD), d\u00e9marreront, demain, lun&#8230;<\/p>\n","protected":false},"author":3175,"featured_media":251213,"comment_status":"open","ping_status":"closed","sticky":false,"template":"","format":"standard","meta":{"footnotes":""},"categories":[44],"tags":[5345,2608],"class_list":["post-205497","post","type-post","status-publish","format-standard","has-post-thumbnail","hentry","category-national","tag-emprunt-obligataire","tag-tunisie"],"yoast_head":"<!-- This site is optimized with the Yoast SEO Premium plugin v27.5 (Yoast SEO v27.5) - https:\/\/yoast.com\/product\/yoast-seo-premium-wordpress\/ -->\n<title>Tunisie : D\u00e9marrage des souscriptions \u00e0 la deuxi\u00e8me tranche de l&#039;Emprunt Obligataire National<\/title>\n<meta name=\"description\" content=\"Les souscriptions \u00e0 la deuxi\u00e8me tranche de l&#039;Emprunt Obligataire National 2023, dont le montant est fix\u00e9 \u00e0 700 millions de dinars (MD), d\u00e9marreront, demain, lun...\" \/>\n<link rel=\"canonical\" href=\"https:\/\/www.webdo.tn\/fr\/actualite\/national\/tunisie-demarrage-des-souscriptions-a-la-deuxieme-tranche-de-l-emprunt-obligataire-national\/205497\/\" \/>\n<meta property=\"og:locale\" content=\"fr_FR\" \/>\n<meta property=\"og:type\" content=\"article\" \/>\n<meta property=\"og:title\" content=\"Tunisie : D\u00e9marrage des souscriptions \u00e0 la deuxi\u00e8me tranche de l&#039;Emprunt Obligataire National\" \/>\n<meta property=\"og:description\" content=\"Les souscriptions \u00e0 la deuxi\u00e8me tranche de l&#039;Emprunt Obligataire National 2023, dont le montant est fix\u00e9 \u00e0 700 millions de dinars (MD), d\u00e9marreront, demain, lun...\" \/>\n<meta property=\"og:url\" content=\"https:\/\/www.webdo.tn\/fr\/actualite\/national\/tunisie-demarrage-des-souscriptions-a-la-deuxieme-tranche-de-l-emprunt-obligataire-national\/205497\/\" \/>\n<meta property=\"og:site_name\" content=\"webdo\" \/>\n<meta property=\"article:publisher\" content=\"https:\/\/www.facebook.com\/webdotn\" \/>\n<meta property=\"article:published_time\" content=\"2023-05-07T13:14:00+00:00\" \/>\n<meta property=\"article:modified_time\" content=\"2025-05-20T22:43:35+00:00\" \/>\n<meta property=\"og:image\" content=\"https:\/\/www.webdo.tn\/fr\/wp-content\/uploads\/2023\/05\/160a77970e8264c2f1e7ea296c7c43cc.jpg\" \/>\n\t<meta property=\"og:image:width\" content=\"750\" \/>\n\t<meta property=\"og:image:height\" content=\"400\" \/>\n\t<meta property=\"og:image:type\" content=\"image\/jpeg\" \/>\n<meta name=\"author\" content=\"CL\" \/>\n<meta name=\"twitter:card\" content=\"summary_large_image\" \/>\n<meta name=\"twitter:creator\" content=\"@webdo_tn\" \/>\n<meta name=\"twitter:site\" content=\"@webdo_tn\" \/>\n<meta name=\"twitter:label1\" content=\"\u00c9crit par\" \/>\n\t<meta name=\"twitter:data1\" content=\"CL\" \/>\n\t<meta name=\"twitter:label2\" content=\"Dur\u00e9e de lecture estim\u00e9e\" \/>\n\t<meta name=\"twitter:data2\" content=\"1 minute\" \/>\n<script type=\"application\/ld+json\" class=\"yoast-schema-graph\">{\"@context\":\"https:\\\/\\\/schema.org\",\"@graph\":[{\"@type\":\"NewsArticle\",\"@id\":\"https:\\\/\\\/www.webdo.tn\\\/fr\\\/actualite\\\/national\\\/tunisie-demarrage-des-souscriptions-a-la-deuxieme-tranche-de-l-emprunt-obligataire-national\\\/205497\\\/#article\",\"isPartOf\":{\"@id\":\"https:\\\/\\\/www.webdo.tn\\\/fr\\\/actualite\\\/national\\\/tunisie-demarrage-des-souscriptions-a-la-deuxieme-tranche-de-l-emprunt-obligataire-national\\\/205497\\\/\"},\"author\":{\"name\":\"CL\",\"@id\":\"https:\\\/\\\/www.webdo.tn\\\/fr\\\/#\\\/schema\\\/person\\\/f35b42a42c5e2511bbd282959d6385cc\"},\"headline\":\"Tunisie : D\u00e9marrage des souscriptions \u00e0 la deuxi\u00e8me tranche de l&rsquo;Emprunt Obligataire National\",\"datePublished\":\"2023-05-07T13:14:00+00:00\",\"dateModified\":\"2025-05-20T22:43:35+00:00\",\"mainEntityOfPage\":{\"@id\":\"https:\\\/\\\/www.webdo.tn\\\/fr\\\/actualite\\\/national\\\/tunisie-demarrage-des-souscriptions-a-la-deuxieme-tranche-de-l-emprunt-obligataire-national\\\/205497\\\/\"},\"wordCount\":298,\"commentCount\":0,\"publisher\":{\"@id\":\"https:\\\/\\\/www.webdo.tn\\\/fr\\\/#organization\"},\"image\":{\"@id\":\"https:\\\/\\\/www.webdo.tn\\\/fr\\\/actualite\\\/national\\\/tunisie-demarrage-des-souscriptions-a-la-deuxieme-tranche-de-l-emprunt-obligataire-national\\\/205497\\\/#primaryimage\"},\"thumbnailUrl\":\"https:\\\/\\\/www.webdo.tn\\\/fr\\\/wp-content\\\/uploads\\\/2023\\\/05\\\/160a77970e8264c2f1e7ea296c7c43cc.jpg\",\"keywords\":[\"emprunt obligataire\",\"Tunisie\"],\"articleSection\":[\"National\"],\"inLanguage\":\"fr-FR\"},{\"@type\":\"WebPage\",\"@id\":\"https:\\\/\\\/www.webdo.tn\\\/fr\\\/actualite\\\/national\\\/tunisie-demarrage-des-souscriptions-a-la-deuxieme-tranche-de-l-emprunt-obligataire-national\\\/205497\\\/\",\"url\":\"https:\\\/\\\/www.webdo.tn\\\/fr\\\/actualite\\\/national\\\/tunisie-demarrage-des-souscriptions-a-la-deuxieme-tranche-de-l-emprunt-obligataire-national\\\/205497\\\/\",\"name\":\"Tunisie : D\u00e9marrage des souscriptions \u00e0 la deuxi\u00e8me tranche de l'Emprunt Obligataire National\",\"isPartOf\":{\"@id\":\"https:\\\/\\\/www.webdo.tn\\\/fr\\\/#website\"},\"primaryImageOfPage\":{\"@id\":\"https:\\\/\\\/www.webdo.tn\\\/fr\\\/actualite\\\/national\\\/tunisie-demarrage-des-souscriptions-a-la-deuxieme-tranche-de-l-emprunt-obligataire-national\\\/205497\\\/#primaryimage\"},\"image\":{\"@id\":\"https:\\\/\\\/www.webdo.tn\\\/fr\\\/actualite\\\/national\\\/tunisie-demarrage-des-souscriptions-a-la-deuxieme-tranche-de-l-emprunt-obligataire-national\\\/205497\\\/#primaryimage\"},\"thumbnailUrl\":\"https:\\\/\\\/www.webdo.tn\\\/fr\\\/wp-content\\\/uploads\\\/2023\\\/05\\\/160a77970e8264c2f1e7ea296c7c43cc.jpg\",\"datePublished\":\"2023-05-07T13:14:00+00:00\",\"dateModified\":\"2025-05-20T22:43:35+00:00\",\"description\":\"Les souscriptions \u00e0 la deuxi\u00e8me tranche de l'Emprunt Obligataire National 2023, dont le montant est fix\u00e9 \u00e0 700 millions de dinars (MD), d\u00e9marreront, demain, lun...\",\"breadcrumb\":{\"@id\":\"https:\\\/\\\/www.webdo.tn\\\/fr\\\/actualite\\\/national\\\/tunisie-demarrage-des-souscriptions-a-la-deuxieme-tranche-de-l-emprunt-obligataire-national\\\/205497\\\/#breadcrumb\"},\"inLanguage\":\"fr-FR\",\"potentialAction\":[{\"@type\":\"ReadAction\",\"target\":[\"https:\\\/\\\/www.webdo.tn\\\/fr\\\/actualite\\\/national\\\/tunisie-demarrage-des-souscriptions-a-la-deuxieme-tranche-de-l-emprunt-obligataire-national\\\/205497\\\/\"]}]},{\"@type\":\"ImageObject\",\"inLanguage\":\"fr-FR\",\"@id\":\"https:\\\/\\\/www.webdo.tn\\\/fr\\\/actualite\\\/national\\\/tunisie-demarrage-des-souscriptions-a-la-deuxieme-tranche-de-l-emprunt-obligataire-national\\\/205497\\\/#primaryimage\",\"url\":\"https:\\\/\\\/www.webdo.tn\\\/fr\\\/wp-content\\\/uploads\\\/2023\\\/05\\\/160a77970e8264c2f1e7ea296c7c43cc.jpg\",\"contentUrl\":\"https:\\\/\\\/www.webdo.tn\\\/fr\\\/wp-content\\\/uploads\\\/2023\\\/05\\\/160a77970e8264c2f1e7ea296c7c43cc.jpg\",\"width\":750,\"height\":400,\"caption\":\"Minist\u00e8re des Finances\"},{\"@type\":\"BreadcrumbList\",\"@id\":\"https:\\\/\\\/www.webdo.tn\\\/fr\\\/actualite\\\/national\\\/tunisie-demarrage-des-souscriptions-a-la-deuxieme-tranche-de-l-emprunt-obligataire-national\\\/205497\\\/#breadcrumb\",\"itemListElement\":[{\"@type\":\"ListItem\",\"position\":1,\"name\":\"Accueil\",\"item\":\"https:\\\/\\\/www.webdo.tn\\\/fr\\\/\"},{\"@type\":\"ListItem\",\"position\":2,\"name\":\"Tunisie : D\u00e9marrage des souscriptions \u00e0 la deuxi\u00e8me tranche de l&#8217;Emprunt Obligataire National\"}]},{\"@type\":\"WebSite\",\"@id\":\"https:\\\/\\\/www.webdo.tn\\\/fr\\\/#website\",\"url\":\"https:\\\/\\\/www.webdo.tn\\\/fr\\\/\",\"name\":\"webdo\",\"description\":\"Tunisie - News en Tunisie et \u00e0 l&#039;international sur Webdo.tn\",\"publisher\":{\"@id\":\"https:\\\/\\\/www.webdo.tn\\\/fr\\\/#organization\"},\"potentialAction\":[{\"@type\":\"SearchAction\",\"target\":{\"@type\":\"EntryPoint\",\"urlTemplate\":\"https:\\\/\\\/www.webdo.tn\\\/fr\\\/?s={search_term_string}\"},\"query-input\":{\"@type\":\"PropertyValueSpecification\",\"valueRequired\":true,\"valueName\":\"search_term_string\"}}],\"inLanguage\":\"fr-FR\"},{\"@type\":\"Organization\",\"@id\":\"https:\\\/\\\/www.webdo.tn\\\/fr\\\/#organization\",\"name\":\"Webdo\",\"alternateName\":\"Webdo.tn\",\"url\":\"https:\\\/\\\/www.webdo.tn\\\/fr\\\/\",\"logo\":{\"@type\":\"ImageObject\",\"inLanguage\":\"fr-FR\",\"@id\":\"https:\\\/\\\/www.webdo.tn\\\/fr\\\/#\\\/schema\\\/logo\\\/image\\\/\",\"url\":\"https:\\\/\\\/www.webdo.tn\\\/fr\\\/wp-content\\\/uploads\\\/2025\\\/06\\\/Webdo-Tunisie_168377.jpg\",\"contentUrl\":\"https:\\\/\\\/www.webdo.tn\\\/fr\\\/wp-content\\\/uploads\\\/2025\\\/06\\\/Webdo-Tunisie_168377.jpg\",\"width\":301,\"height\":301,\"caption\":\"Webdo\"},\"image\":{\"@id\":\"https:\\\/\\\/www.webdo.tn\\\/fr\\\/#\\\/schema\\\/logo\\\/image\\\/\"},\"sameAs\":[\"https:\\\/\\\/www.facebook.com\\\/webdotn\",\"https:\\\/\\\/x.com\\\/webdo_tn\"],\"description\":\"Webdo est un m\u00e9dia num\u00e9rique tunisien fond\u00e9 en 2010, sp\u00e9cialis\u00e9 dans l\u2019actualit\u00e9 nationale et internationale, l\u2019\u00e9conomie, la soci\u00e9t\u00e9 et les analyses politiques. Le site s\u2019adresse \u00e0 un large public francophone et couvre l\u2019information tunisienne en temps r\u00e9el.\",\"email\":\"redac@webdo.tn\",\"legalName\":\"YNJ SARL\",\"foundingDate\":\"2010-09-06\",\"numberOfEmployees\":{\"@type\":\"QuantitativeValue\",\"minValue\":\"11\",\"maxValue\":\"50\"}},{\"@type\":\"Person\",\"@id\":\"https:\\\/\\\/www.webdo.tn\\\/fr\\\/#\\\/schema\\\/person\\\/f35b42a42c5e2511bbd282959d6385cc\",\"name\":\"CL\",\"image\":{\"@type\":\"ImageObject\",\"inLanguage\":\"fr-FR\",\"@id\":\"https:\\\/\\\/secure.gravatar.com\\\/avatar\\\/1447a49909b67aa657c488aec6512e1dd6143a480c1ecfee9b5b5cd74eb3b59e?s=96&d=mm&r=g\",\"url\":\"https:\\\/\\\/secure.gravatar.com\\\/avatar\\\/1447a49909b67aa657c488aec6512e1dd6143a480c1ecfee9b5b5cd74eb3b59e?s=96&d=mm&r=g\",\"contentUrl\":\"https:\\\/\\\/secure.gravatar.com\\\/avatar\\\/1447a49909b67aa657c488aec6512e1dd6143a480c1ecfee9b5b5cd74eb3b59e?s=96&d=mm&r=g\",\"caption\":\"CL\"},\"url\":\"https:\\\/\\\/www.webdo.tn\\\/fr\\\/actualite\\\/author\\\/cl\\\/\"}]}<\/script>\n<!-- \/ Yoast SEO Premium plugin. -->","yoast_head_json":{"title":"Tunisie : D\u00e9marrage des souscriptions \u00e0 la deuxi\u00e8me tranche de l'Emprunt Obligataire National","description":"Les souscriptions \u00e0 la deuxi\u00e8me tranche de l'Emprunt Obligataire National 2023, dont le montant est fix\u00e9 \u00e0 700 millions de dinars (MD), d\u00e9marreront, demain, lun...","canonical":"https:\/\/www.webdo.tn\/fr\/actualite\/national\/tunisie-demarrage-des-souscriptions-a-la-deuxieme-tranche-de-l-emprunt-obligataire-national\/205497\/","og_locale":"fr_FR","og_type":"article","og_title":"Tunisie : D\u00e9marrage des souscriptions \u00e0 la deuxi\u00e8me tranche de l'Emprunt Obligataire National","og_description":"Les souscriptions \u00e0 la deuxi\u00e8me tranche de l'Emprunt Obligataire National 2023, dont le montant est fix\u00e9 \u00e0 700 millions de dinars (MD), d\u00e9marreront, demain, lun...","og_url":"https:\/\/www.webdo.tn\/fr\/actualite\/national\/tunisie-demarrage-des-souscriptions-a-la-deuxieme-tranche-de-l-emprunt-obligataire-national\/205497\/","og_site_name":"webdo","article_publisher":"https:\/\/www.facebook.com\/webdotn","article_published_time":"2023-05-07T13:14:00+00:00","article_modified_time":"2025-05-20T22:43:35+00:00","og_image":[{"width":750,"height":400,"url":"https:\/\/www.webdo.tn\/fr\/wp-content\/uploads\/2023\/05\/160a77970e8264c2f1e7ea296c7c43cc.jpg","type":"image\/jpeg"}],"author":"CL","twitter_card":"summary_large_image","twitter_creator":"@webdo_tn","twitter_site":"@webdo_tn","twitter_misc":{"\u00c9crit par":"CL","Dur\u00e9e de lecture estim\u00e9e":"1 minute"},"schema":{"@context":"https:\/\/schema.org","@graph":[{"@type":"NewsArticle","@id":"https:\/\/www.webdo.tn\/fr\/actualite\/national\/tunisie-demarrage-des-souscriptions-a-la-deuxieme-tranche-de-l-emprunt-obligataire-national\/205497\/#article","isPartOf":{"@id":"https:\/\/www.webdo.tn\/fr\/actualite\/national\/tunisie-demarrage-des-souscriptions-a-la-deuxieme-tranche-de-l-emprunt-obligataire-national\/205497\/"},"author":{"name":"CL","@id":"https:\/\/www.webdo.tn\/fr\/#\/schema\/person\/f35b42a42c5e2511bbd282959d6385cc"},"headline":"Tunisie : D\u00e9marrage des souscriptions \u00e0 la deuxi\u00e8me tranche de l&rsquo;Emprunt Obligataire National","datePublished":"2023-05-07T13:14:00+00:00","dateModified":"2025-05-20T22:43:35+00:00","mainEntityOfPage":{"@id":"https:\/\/www.webdo.tn\/fr\/actualite\/national\/tunisie-demarrage-des-souscriptions-a-la-deuxieme-tranche-de-l-emprunt-obligataire-national\/205497\/"},"wordCount":298,"commentCount":0,"publisher":{"@id":"https:\/\/www.webdo.tn\/fr\/#organization"},"image":{"@id":"https:\/\/www.webdo.tn\/fr\/actualite\/national\/tunisie-demarrage-des-souscriptions-a-la-deuxieme-tranche-de-l-emprunt-obligataire-national\/205497\/#primaryimage"},"thumbnailUrl":"https:\/\/www.webdo.tn\/fr\/wp-content\/uploads\/2023\/05\/160a77970e8264c2f1e7ea296c7c43cc.jpg","keywords":["emprunt obligataire","Tunisie"],"articleSection":["National"],"inLanguage":"fr-FR"},{"@type":"WebPage","@id":"https:\/\/www.webdo.tn\/fr\/actualite\/national\/tunisie-demarrage-des-souscriptions-a-la-deuxieme-tranche-de-l-emprunt-obligataire-national\/205497\/","url":"https:\/\/www.webdo.tn\/fr\/actualite\/national\/tunisie-demarrage-des-souscriptions-a-la-deuxieme-tranche-de-l-emprunt-obligataire-national\/205497\/","name":"Tunisie : D\u00e9marrage des souscriptions \u00e0 la deuxi\u00e8me tranche de l'Emprunt Obligataire National","isPartOf":{"@id":"https:\/\/www.webdo.tn\/fr\/#website"},"primaryImageOfPage":{"@id":"https:\/\/www.webdo.tn\/fr\/actualite\/national\/tunisie-demarrage-des-souscriptions-a-la-deuxieme-tranche-de-l-emprunt-obligataire-national\/205497\/#primaryimage"},"image":{"@id":"https:\/\/www.webdo.tn\/fr\/actualite\/national\/tunisie-demarrage-des-souscriptions-a-la-deuxieme-tranche-de-l-emprunt-obligataire-national\/205497\/#primaryimage"},"thumbnailUrl":"https:\/\/www.webdo.tn\/fr\/wp-content\/uploads\/2023\/05\/160a77970e8264c2f1e7ea296c7c43cc.jpg","datePublished":"2023-05-07T13:14:00+00:00","dateModified":"2025-05-20T22:43:35+00:00","description":"Les souscriptions \u00e0 la deuxi\u00e8me tranche de l'Emprunt Obligataire National 2023, dont le montant est fix\u00e9 \u00e0 700 millions de dinars (MD), d\u00e9marreront, demain, lun...","breadcrumb":{"@id":"https:\/\/www.webdo.tn\/fr\/actualite\/national\/tunisie-demarrage-des-souscriptions-a-la-deuxieme-tranche-de-l-emprunt-obligataire-national\/205497\/#breadcrumb"},"inLanguage":"fr-FR","potentialAction":[{"@type":"ReadAction","target":["https:\/\/www.webdo.tn\/fr\/actualite\/national\/tunisie-demarrage-des-souscriptions-a-la-deuxieme-tranche-de-l-emprunt-obligataire-national\/205497\/"]}]},{"@type":"ImageObject","inLanguage":"fr-FR","@id":"https:\/\/www.webdo.tn\/fr\/actualite\/national\/tunisie-demarrage-des-souscriptions-a-la-deuxieme-tranche-de-l-emprunt-obligataire-national\/205497\/#primaryimage","url":"https:\/\/www.webdo.tn\/fr\/wp-content\/uploads\/2023\/05\/160a77970e8264c2f1e7ea296c7c43cc.jpg","contentUrl":"https:\/\/www.webdo.tn\/fr\/wp-content\/uploads\/2023\/05\/160a77970e8264c2f1e7ea296c7c43cc.jpg","width":750,"height":400,"caption":"Minist\u00e8re des Finances"},{"@type":"BreadcrumbList","@id":"https:\/\/www.webdo.tn\/fr\/actualite\/national\/tunisie-demarrage-des-souscriptions-a-la-deuxieme-tranche-de-l-emprunt-obligataire-national\/205497\/#breadcrumb","itemListElement":[{"@type":"ListItem","position":1,"name":"Accueil","item":"https:\/\/www.webdo.tn\/fr\/"},{"@type":"ListItem","position":2,"name":"Tunisie : D\u00e9marrage des souscriptions \u00e0 la deuxi\u00e8me tranche de l&#8217;Emprunt Obligataire National"}]},{"@type":"WebSite","@id":"https:\/\/www.webdo.tn\/fr\/#website","url":"https:\/\/www.webdo.tn\/fr\/","name":"webdo","description":"Tunisie - News en Tunisie et \u00e0 l&#039;international sur Webdo.tn","publisher":{"@id":"https:\/\/www.webdo.tn\/fr\/#organization"},"potentialAction":[{"@type":"SearchAction","target":{"@type":"EntryPoint","urlTemplate":"https:\/\/www.webdo.tn\/fr\/?s={search_term_string}"},"query-input":{"@type":"PropertyValueSpecification","valueRequired":true,"valueName":"search_term_string"}}],"inLanguage":"fr-FR"},{"@type":"Organization","@id":"https:\/\/www.webdo.tn\/fr\/#organization","name":"Webdo","alternateName":"Webdo.tn","url":"https:\/\/www.webdo.tn\/fr\/","logo":{"@type":"ImageObject","inLanguage":"fr-FR","@id":"https:\/\/www.webdo.tn\/fr\/#\/schema\/logo\/image\/","url":"https:\/\/www.webdo.tn\/fr\/wp-content\/uploads\/2025\/06\/Webdo-Tunisie_168377.jpg","contentUrl":"https:\/\/www.webdo.tn\/fr\/wp-content\/uploads\/2025\/06\/Webdo-Tunisie_168377.jpg","width":301,"height":301,"caption":"Webdo"},"image":{"@id":"https:\/\/www.webdo.tn\/fr\/#\/schema\/logo\/image\/"},"sameAs":["https:\/\/www.facebook.com\/webdotn","https:\/\/x.com\/webdo_tn"],"description":"Webdo est un m\u00e9dia num\u00e9rique tunisien fond\u00e9 en 2010, sp\u00e9cialis\u00e9 dans l\u2019actualit\u00e9 nationale et internationale, l\u2019\u00e9conomie, la soci\u00e9t\u00e9 et les analyses politiques. Le site s\u2019adresse \u00e0 un large public francophone et couvre l\u2019information tunisienne en temps r\u00e9el.","email":"redac@webdo.tn","legalName":"YNJ SARL","foundingDate":"2010-09-06","numberOfEmployees":{"@type":"QuantitativeValue","minValue":"11","maxValue":"50"}},{"@type":"Person","@id":"https:\/\/www.webdo.tn\/fr\/#\/schema\/person\/f35b42a42c5e2511bbd282959d6385cc","name":"CL","image":{"@type":"ImageObject","inLanguage":"fr-FR","@id":"https:\/\/secure.gravatar.com\/avatar\/1447a49909b67aa657c488aec6512e1dd6143a480c1ecfee9b5b5cd74eb3b59e?s=96&d=mm&r=g","url":"https:\/\/secure.gravatar.com\/avatar\/1447a49909b67aa657c488aec6512e1dd6143a480c1ecfee9b5b5cd74eb3b59e?s=96&d=mm&r=g","contentUrl":"https:\/\/secure.gravatar.com\/avatar\/1447a49909b67aa657c488aec6512e1dd6143a480c1ecfee9b5b5cd74eb3b59e?s=96&d=mm&r=g","caption":"CL"},"url":"https:\/\/www.webdo.tn\/fr\/actualite\/author\/cl\/"}]}},"_links":{"self":[{"href":"https:\/\/www.webdo.tn\/fr\/wp-json\/wp\/v2\/posts\/205497","targetHints":{"allow":["GET"]}}],"collection":[{"href":"https:\/\/www.webdo.tn\/fr\/wp-json\/wp\/v2\/posts"}],"about":[{"href":"https:\/\/www.webdo.tn\/fr\/wp-json\/wp\/v2\/types\/post"}],"author":[{"embeddable":true,"href":"https:\/\/www.webdo.tn\/fr\/wp-json\/wp\/v2\/users\/3175"}],"replies":[{"embeddable":true,"href":"https:\/\/www.webdo.tn\/fr\/wp-json\/wp\/v2\/comments?post=205497"}],"version-history":[{"count":0,"href":"https:\/\/www.webdo.tn\/fr\/wp-json\/wp\/v2\/posts\/205497\/revisions"}],"wp:featuredmedia":[{"embeddable":true,"href":"https:\/\/www.webdo.tn\/fr\/wp-json\/wp\/v2\/media\/251213"}],"wp:attachment":[{"href":"https:\/\/www.webdo.tn\/fr\/wp-json\/wp\/v2\/media?parent=205497"}],"wp:term":[{"taxonomy":"category","embeddable":true,"href":"https:\/\/www.webdo.tn\/fr\/wp-json\/wp\/v2\/categories?post=205497"},{"taxonomy":"post_tag","embeddable":true,"href":"https:\/\/www.webdo.tn\/fr\/wp-json\/wp\/v2\/tags?post=205497"}],"curies":[{"name":"wp","href":"https:\/\/api.w.org\/{rel}","templated":true}]}}