{"id":205493,"date":"2023-05-07T09:41:00","date_gmt":"2023-05-07T09:41:00","guid":{"rendered":"https:\/\/www.webdo.tn\/fr\/blog\/tunisie-l-initiative-des-quatre-organisations-fin-prete\/205493\/"},"modified":"2025-05-20T22:43:34","modified_gmt":"2025-05-20T22:43:34","slug":"tunisie-l-initiative-des-quatre-organisations-fin-prete","status":"publish","type":"post","link":"https:\/\/www.webdo.tn\/fr\/actualite\/national\/tunisie-l-initiative-des-quatre-organisations-fin-prete\/205493\/","title":{"rendered":"Tunisie : L\u2019Initiative des quatre organisations fin pr\u00eate !"},"content":{"rendered":"<p>Le porte-parole du Forum tunisien pour les droits \u00e9conomiques et sociaux, (FTDES) Romdhan Ben Amor, a indiqu\u00e9 samedi que les diff\u00e9rents documents de l&rsquo;initiative politique, \u00e9conomique et sociale sont disponibles et seront d\u00e9voil\u00e9s prochainement.<\/p>\n<p>\t\t\t\t\t\t\t\t\tCette initiative pr\u00e9sentera un processus int\u00e9gr\u00e9 des dimensions politique, \u00e9conomique et sociale dans le but de r\u00e9soudre la crise qui \u00e9branle le pays, a-t-il affirm\u00e9.\u00a0<br \/>\nBen Amor a pr\u00e9cis\u00e9 dans une d\u00e9claration \u00e0 la TAP en marge du d\u00e9marrage du 3\u00e8me congr\u00e8s \u00e9lectif du Forum, organis\u00e9 samedi et dimanche \u00e0 Hammamet, que les valeurs inscrites dans l&rsquo;initiative, d\u00e9fendues par les 4 organisations,( \u00e0 savoir, l&rsquo;UGTT, la LTDH, l&rsquo;ordre des avocats et le FTDES), formeront un consensus entre la majorit\u00e9 des tunisiens.<\/p>\n<p>Il s&rsquo;agit notamment de la s\u00e9paration entre les pouvoirs et le soutien des instances constitutionnelles ind\u00e9pendantes.\u00a0<\/p>\n<p>Cette initiative formera une plateforme de militantisme durant la prochaine p\u00e9riode, a-t-il soutenu.\u00a0<\/p>\n<p>L&rsquo;initiative a un objectif constructif et reconnait la l\u00e9gitimit\u00e9 de la pr\u00e9sidence de la R\u00e9publique et tend la main au pr\u00e9sident de la R\u00e9publique, a encore not\u00e9 Ben Amor.\u00a0<\/p>\n<p>Le refus de cette initiative par le pr\u00e9sident de la R\u00e9publique s&rsquo;explique par sa volont\u00e9 de r\u00e9soudre les crises, \u00e9conomique, sociale et financi\u00e8re, sans \u00e9voquer la crise politique, malgr\u00e9 la forte interaction entre ces diff\u00e9rentes dimensions, a notamment estim\u00e9 Ben Amor.<\/p>\n","protected":false},"excerpt":{"rendered":"<p>Le porte-parole du Forum tunisien pour les droits \u00e9conomiques et sociaux, (FTDES) Romdhan Ben Amor, a indiqu\u00e9 samedi que les diff\u00e9rents documents de l&rsquo;initiativ&#8230;<\/p>\n","protected":false},"author":3175,"featured_media":251211,"comment_status":"open","ping_status":"closed","sticky":false,"template":"","format":"standard","meta":{"footnotes":""},"categories":[44],"tags":[7008,2608,2649],"class_list":["post-205493","post","type-post","status-publish","format-standard","has-post-thumbnail","hentry","category-national","tag-initiative","tag-tunisie","tag-ugtt"],"yoast_head":"<!-- This site is optimized with the Yoast SEO Premium plugin v27.4 (Yoast SEO v27.5) - https:\/\/yoast.com\/product\/yoast-seo-premium-wordpress\/ -->\n<title>Tunisie : L\u2019Initiative des quatre organisations fin pr\u00eate !<\/title>\n<meta name=\"description\" content=\"Le porte-parole du Forum tunisien pour les droits \u00e9conomiques et sociaux, (FTDES) Romdhan Ben Amor, a indiqu\u00e9 samedi que les diff\u00e9rents documents de l&#039;initiativ...\" \/>\n<link rel=\"canonical\" href=\"https:\/\/www.webdo.tn\/fr\/actualite\/national\/tunisie-l-initiative-des-quatre-organisations-fin-prete\/205493\/\" \/>\n<meta property=\"og:locale\" content=\"fr_FR\" \/>\n<meta property=\"og:type\" content=\"article\" \/>\n<meta property=\"og:title\" content=\"Tunisie : L\u2019Initiative des quatre organisations fin pr\u00eate !\" \/>\n<meta property=\"og:description\" content=\"Le porte-parole du Forum tunisien pour les droits \u00e9conomiques et sociaux, (FTDES) Romdhan Ben Amor, a indiqu\u00e9 samedi que les diff\u00e9rents documents de l&#039;initiativ...\" \/>\n<meta property=\"og:url\" content=\"https:\/\/www.webdo.tn\/fr\/actualite\/national\/tunisie-l-initiative-des-quatre-organisations-fin-prete\/205493\/\" \/>\n<meta property=\"og:site_name\" content=\"webdo\" \/>\n<meta property=\"article:publisher\" content=\"https:\/\/www.facebook.com\/webdotn\" \/>\n<meta property=\"article:published_time\" content=\"2023-05-07T09:41:00+00:00\" \/>\n<meta property=\"article:modified_time\" content=\"2025-05-20T22:43:34+00:00\" \/>\n<meta property=\"og:image\" content=\"https:\/\/www.webdo.tn\/fr\/wp-content\/uploads\/2023\/05\/5b9abc93449d2888c96e25076a56c60e.png\" \/>\n\t<meta property=\"og:image:width\" content=\"750\" \/>\n\t<meta property=\"og:image:height\" content=\"400\" \/>\n\t<meta property=\"og:image:type\" content=\"image\/png\" \/>\n<meta name=\"author\" content=\"CL\" \/>\n<meta name=\"twitter:card\" content=\"summary_large_image\" \/>\n<meta name=\"twitter:creator\" content=\"@webdo_tn\" \/>\n<meta name=\"twitter:site\" content=\"@webdo_tn\" \/>\n<meta name=\"twitter:label1\" content=\"\u00c9crit par\" \/>\n\t<meta name=\"twitter:data1\" content=\"CL\" \/>\n\t<meta name=\"twitter:label2\" content=\"Dur\u00e9e de lecture estim\u00e9e\" \/>\n\t<meta name=\"twitter:data2\" content=\"1 minute\" \/>\n<script type=\"application\/ld+json\" class=\"yoast-schema-graph\">{\"@context\":\"https:\\\/\\\/schema.org\",\"@graph\":[{\"@type\":\"NewsArticle\",\"@id\":\"https:\\\/\\\/www.webdo.tn\\\/fr\\\/actualite\\\/national\\\/tunisie-l-initiative-des-quatre-organisations-fin-prete\\\/205493\\\/#article\",\"isPartOf\":{\"@id\":\"https:\\\/\\\/www.webdo.tn\\\/fr\\\/actualite\\\/national\\\/tunisie-l-initiative-des-quatre-organisations-fin-prete\\\/205493\\\/\"},\"author\":{\"name\":\"CL\",\"@id\":\"https:\\\/\\\/www.webdo.tn\\\/fr\\\/#\\\/schema\\\/person\\\/f35b42a42c5e2511bbd282959d6385cc\"},\"headline\":\"Tunisie : L\u2019Initiative des quatre organisations fin pr\u00eate !\",\"datePublished\":\"2023-05-07T09:41:00+00:00\",\"dateModified\":\"2025-05-20T22:43:34+00:00\",\"mainEntityOfPage\":{\"@id\":\"https:\\\/\\\/www.webdo.tn\\\/fr\\\/actualite\\\/national\\\/tunisie-l-initiative-des-quatre-organisations-fin-prete\\\/205493\\\/\"},\"wordCount\":250,\"commentCount\":0,\"publisher\":{\"@id\":\"https:\\\/\\\/www.webdo.tn\\\/fr\\\/#organization\"},\"image\":{\"@id\":\"https:\\\/\\\/www.webdo.tn\\\/fr\\\/actualite\\\/national\\\/tunisie-l-initiative-des-quatre-organisations-fin-prete\\\/205493\\\/#primaryimage\"},\"thumbnailUrl\":\"https:\\\/\\\/www.webdo.tn\\\/fr\\\/wp-content\\\/uploads\\\/2023\\\/05\\\/5b9abc93449d2888c96e25076a56c60e.png\",\"keywords\":[\"Initiative\",\"Tunisie\",\"UGTT\"],\"articleSection\":[\"National\"],\"inLanguage\":\"fr-FR\"},{\"@type\":\"WebPage\",\"@id\":\"https:\\\/\\\/www.webdo.tn\\\/fr\\\/actualite\\\/national\\\/tunisie-l-initiative-des-quatre-organisations-fin-prete\\\/205493\\\/\",\"url\":\"https:\\\/\\\/www.webdo.tn\\\/fr\\\/actualite\\\/national\\\/tunisie-l-initiative-des-quatre-organisations-fin-prete\\\/205493\\\/\",\"name\":\"Tunisie : L\u2019Initiative des quatre organisations fin pr\u00eate !\",\"isPartOf\":{\"@id\":\"https:\\\/\\\/www.webdo.tn\\\/fr\\\/#website\"},\"primaryImageOfPage\":{\"@id\":\"https:\\\/\\\/www.webdo.tn\\\/fr\\\/actualite\\\/national\\\/tunisie-l-initiative-des-quatre-organisations-fin-prete\\\/205493\\\/#primaryimage\"},\"image\":{\"@id\":\"https:\\\/\\\/www.webdo.tn\\\/fr\\\/actualite\\\/national\\\/tunisie-l-initiative-des-quatre-organisations-fin-prete\\\/205493\\\/#primaryimage\"},\"thumbnailUrl\":\"https:\\\/\\\/www.webdo.tn\\\/fr\\\/wp-content\\\/uploads\\\/2023\\\/05\\\/5b9abc93449d2888c96e25076a56c60e.png\",\"datePublished\":\"2023-05-07T09:41:00+00:00\",\"dateModified\":\"2025-05-20T22:43:34+00:00\",\"description\":\"Le porte-parole du Forum tunisien pour les droits \u00e9conomiques et sociaux, (FTDES) Romdhan Ben Amor, a indiqu\u00e9 samedi que les diff\u00e9rents documents de l'initiativ...\",\"breadcrumb\":{\"@id\":\"https:\\\/\\\/www.webdo.tn\\\/fr\\\/actualite\\\/national\\\/tunisie-l-initiative-des-quatre-organisations-fin-prete\\\/205493\\\/#breadcrumb\"},\"inLanguage\":\"fr-FR\",\"potentialAction\":[{\"@type\":\"ReadAction\",\"target\":[\"https:\\\/\\\/www.webdo.tn\\\/fr\\\/actualite\\\/national\\\/tunisie-l-initiative-des-quatre-organisations-fin-prete\\\/205493\\\/\"]}]},{\"@type\":\"ImageObject\",\"inLanguage\":\"fr-FR\",\"@id\":\"https:\\\/\\\/www.webdo.tn\\\/fr\\\/actualite\\\/national\\\/tunisie-l-initiative-des-quatre-organisations-fin-prete\\\/205493\\\/#primaryimage\",\"url\":\"https:\\\/\\\/www.webdo.tn\\\/fr\\\/wp-content\\\/uploads\\\/2023\\\/05\\\/5b9abc93449d2888c96e25076a56c60e.png\",\"contentUrl\":\"https:\\\/\\\/www.webdo.tn\\\/fr\\\/wp-content\\\/uploads\\\/2023\\\/05\\\/5b9abc93449d2888c96e25076a56c60e.png\",\"width\":750,\"height\":400,\"caption\":\"Initiative\"},{\"@type\":\"BreadcrumbList\",\"@id\":\"https:\\\/\\\/www.webdo.tn\\\/fr\\\/actualite\\\/national\\\/tunisie-l-initiative-des-quatre-organisations-fin-prete\\\/205493\\\/#breadcrumb\",\"itemListElement\":[{\"@type\":\"ListItem\",\"position\":1,\"name\":\"Accueil\",\"item\":\"https:\\\/\\\/www.webdo.tn\\\/fr\\\/\"},{\"@type\":\"ListItem\",\"position\":2,\"name\":\"Tunisie : L\u2019Initiative des quatre organisations fin pr\u00eate !\"}]},{\"@type\":\"WebSite\",\"@id\":\"https:\\\/\\\/www.webdo.tn\\\/fr\\\/#website\",\"url\":\"https:\\\/\\\/www.webdo.tn\\\/fr\\\/\",\"name\":\"webdo\",\"description\":\"Tunisie - News en Tunisie et \u00e0 l&#039;international sur Webdo.tn\",\"publisher\":{\"@id\":\"https:\\\/\\\/www.webdo.tn\\\/fr\\\/#organization\"},\"potentialAction\":[{\"@type\":\"SearchAction\",\"target\":{\"@type\":\"EntryPoint\",\"urlTemplate\":\"https:\\\/\\\/www.webdo.tn\\\/fr\\\/?s={search_term_string}\"},\"query-input\":{\"@type\":\"PropertyValueSpecification\",\"valueRequired\":true,\"valueName\":\"search_term_string\"}}],\"inLanguage\":\"fr-FR\"},{\"@type\":\"Organization\",\"@id\":\"https:\\\/\\\/www.webdo.tn\\\/fr\\\/#organization\",\"name\":\"Webdo\",\"alternateName\":\"Webdo.tn\",\"url\":\"https:\\\/\\\/www.webdo.tn\\\/fr\\\/\",\"logo\":{\"@type\":\"ImageObject\",\"inLanguage\":\"fr-FR\",\"@id\":\"https:\\\/\\\/www.webdo.tn\\\/fr\\\/#\\\/schema\\\/logo\\\/image\\\/\",\"url\":\"https:\\\/\\\/www.webdo.tn\\\/fr\\\/wp-content\\\/uploads\\\/2025\\\/06\\\/Webdo-Tunisie_168377.jpg\",\"contentUrl\":\"https:\\\/\\\/www.webdo.tn\\\/fr\\\/wp-content\\\/uploads\\\/2025\\\/06\\\/Webdo-Tunisie_168377.jpg\",\"width\":301,\"height\":301,\"caption\":\"Webdo\"},\"image\":{\"@id\":\"https:\\\/\\\/www.webdo.tn\\\/fr\\\/#\\\/schema\\\/logo\\\/image\\\/\"},\"sameAs\":[\"https:\\\/\\\/www.facebook.com\\\/webdotn\",\"https:\\\/\\\/x.com\\\/webdo_tn\"],\"description\":\"Webdo est un m\u00e9dia num\u00e9rique tunisien fond\u00e9 en 2010, sp\u00e9cialis\u00e9 dans l\u2019actualit\u00e9 nationale et internationale, l\u2019\u00e9conomie, la soci\u00e9t\u00e9 et les analyses politiques. Le site s\u2019adresse \u00e0 un large public francophone et couvre l\u2019information tunisienne en temps r\u00e9el.\",\"email\":\"redac@webdo.tn\",\"legalName\":\"YNJ SARL\",\"foundingDate\":\"2010-09-06\",\"numberOfEmployees\":{\"@type\":\"QuantitativeValue\",\"minValue\":\"11\",\"maxValue\":\"50\"}},{\"@type\":\"Person\",\"@id\":\"https:\\\/\\\/www.webdo.tn\\\/fr\\\/#\\\/schema\\\/person\\\/f35b42a42c5e2511bbd282959d6385cc\",\"name\":\"CL\",\"image\":{\"@type\":\"ImageObject\",\"inLanguage\":\"fr-FR\",\"@id\":\"https:\\\/\\\/secure.gravatar.com\\\/avatar\\\/1447a49909b67aa657c488aec6512e1dd6143a480c1ecfee9b5b5cd74eb3b59e?s=96&d=mm&r=g\",\"url\":\"https:\\\/\\\/secure.gravatar.com\\\/avatar\\\/1447a49909b67aa657c488aec6512e1dd6143a480c1ecfee9b5b5cd74eb3b59e?s=96&d=mm&r=g\",\"contentUrl\":\"https:\\\/\\\/secure.gravatar.com\\\/avatar\\\/1447a49909b67aa657c488aec6512e1dd6143a480c1ecfee9b5b5cd74eb3b59e?s=96&d=mm&r=g\",\"caption\":\"CL\"},\"url\":\"https:\\\/\\\/www.webdo.tn\\\/fr\\\/actualite\\\/author\\\/cl\\\/\"}]}<\/script>\n<!-- \/ Yoast SEO Premium plugin. -->","yoast_head_json":{"title":"Tunisie : L\u2019Initiative des quatre organisations fin pr\u00eate !","description":"Le porte-parole du Forum tunisien pour les droits \u00e9conomiques et sociaux, (FTDES) Romdhan Ben Amor, a indiqu\u00e9 samedi que les diff\u00e9rents documents de l'initiativ...","canonical":"https:\/\/www.webdo.tn\/fr\/actualite\/national\/tunisie-l-initiative-des-quatre-organisations-fin-prete\/205493\/","og_locale":"fr_FR","og_type":"article","og_title":"Tunisie : L\u2019Initiative des quatre organisations fin pr\u00eate !","og_description":"Le porte-parole du Forum tunisien pour les droits \u00e9conomiques et sociaux, (FTDES) Romdhan Ben Amor, a indiqu\u00e9 samedi que les diff\u00e9rents documents de l'initiativ...","og_url":"https:\/\/www.webdo.tn\/fr\/actualite\/national\/tunisie-l-initiative-des-quatre-organisations-fin-prete\/205493\/","og_site_name":"webdo","article_publisher":"https:\/\/www.facebook.com\/webdotn","article_published_time":"2023-05-07T09:41:00+00:00","article_modified_time":"2025-05-20T22:43:34+00:00","og_image":[{"width":750,"height":400,"url":"https:\/\/www.webdo.tn\/fr\/wp-content\/uploads\/2023\/05\/5b9abc93449d2888c96e25076a56c60e.png","type":"image\/png"}],"author":"CL","twitter_card":"summary_large_image","twitter_creator":"@webdo_tn","twitter_site":"@webdo_tn","twitter_misc":{"\u00c9crit par":"CL","Dur\u00e9e de lecture estim\u00e9e":"1 minute"},"schema":{"@context":"https:\/\/schema.org","@graph":[{"@type":"NewsArticle","@id":"https:\/\/www.webdo.tn\/fr\/actualite\/national\/tunisie-l-initiative-des-quatre-organisations-fin-prete\/205493\/#article","isPartOf":{"@id":"https:\/\/www.webdo.tn\/fr\/actualite\/national\/tunisie-l-initiative-des-quatre-organisations-fin-prete\/205493\/"},"author":{"name":"CL","@id":"https:\/\/www.webdo.tn\/fr\/#\/schema\/person\/f35b42a42c5e2511bbd282959d6385cc"},"headline":"Tunisie : L\u2019Initiative des quatre organisations fin pr\u00eate !","datePublished":"2023-05-07T09:41:00+00:00","dateModified":"2025-05-20T22:43:34+00:00","mainEntityOfPage":{"@id":"https:\/\/www.webdo.tn\/fr\/actualite\/national\/tunisie-l-initiative-des-quatre-organisations-fin-prete\/205493\/"},"wordCount":250,"commentCount":0,"publisher":{"@id":"https:\/\/www.webdo.tn\/fr\/#organization"},"image":{"@id":"https:\/\/www.webdo.tn\/fr\/actualite\/national\/tunisie-l-initiative-des-quatre-organisations-fin-prete\/205493\/#primaryimage"},"thumbnailUrl":"https:\/\/www.webdo.tn\/fr\/wp-content\/uploads\/2023\/05\/5b9abc93449d2888c96e25076a56c60e.png","keywords":["Initiative","Tunisie","UGTT"],"articleSection":["National"],"inLanguage":"fr-FR"},{"@type":"WebPage","@id":"https:\/\/www.webdo.tn\/fr\/actualite\/national\/tunisie-l-initiative-des-quatre-organisations-fin-prete\/205493\/","url":"https:\/\/www.webdo.tn\/fr\/actualite\/national\/tunisie-l-initiative-des-quatre-organisations-fin-prete\/205493\/","name":"Tunisie : L\u2019Initiative des quatre organisations fin pr\u00eate !","isPartOf":{"@id":"https:\/\/www.webdo.tn\/fr\/#website"},"primaryImageOfPage":{"@id":"https:\/\/www.webdo.tn\/fr\/actualite\/national\/tunisie-l-initiative-des-quatre-organisations-fin-prete\/205493\/#primaryimage"},"image":{"@id":"https:\/\/www.webdo.tn\/fr\/actualite\/national\/tunisie-l-initiative-des-quatre-organisations-fin-prete\/205493\/#primaryimage"},"thumbnailUrl":"https:\/\/www.webdo.tn\/fr\/wp-content\/uploads\/2023\/05\/5b9abc93449d2888c96e25076a56c60e.png","datePublished":"2023-05-07T09:41:00+00:00","dateModified":"2025-05-20T22:43:34+00:00","description":"Le porte-parole du Forum tunisien pour les droits \u00e9conomiques et sociaux, (FTDES) Romdhan Ben Amor, a indiqu\u00e9 samedi que les diff\u00e9rents documents de l'initiativ...","breadcrumb":{"@id":"https:\/\/www.webdo.tn\/fr\/actualite\/national\/tunisie-l-initiative-des-quatre-organisations-fin-prete\/205493\/#breadcrumb"},"inLanguage":"fr-FR","potentialAction":[{"@type":"ReadAction","target":["https:\/\/www.webdo.tn\/fr\/actualite\/national\/tunisie-l-initiative-des-quatre-organisations-fin-prete\/205493\/"]}]},{"@type":"ImageObject","inLanguage":"fr-FR","@id":"https:\/\/www.webdo.tn\/fr\/actualite\/national\/tunisie-l-initiative-des-quatre-organisations-fin-prete\/205493\/#primaryimage","url":"https:\/\/www.webdo.tn\/fr\/wp-content\/uploads\/2023\/05\/5b9abc93449d2888c96e25076a56c60e.png","contentUrl":"https:\/\/www.webdo.tn\/fr\/wp-content\/uploads\/2023\/05\/5b9abc93449d2888c96e25076a56c60e.png","width":750,"height":400,"caption":"Initiative"},{"@type":"BreadcrumbList","@id":"https:\/\/www.webdo.tn\/fr\/actualite\/national\/tunisie-l-initiative-des-quatre-organisations-fin-prete\/205493\/#breadcrumb","itemListElement":[{"@type":"ListItem","position":1,"name":"Accueil","item":"https:\/\/www.webdo.tn\/fr\/"},{"@type":"ListItem","position":2,"name":"Tunisie : L\u2019Initiative des quatre organisations fin pr\u00eate !"}]},{"@type":"WebSite","@id":"https:\/\/www.webdo.tn\/fr\/#website","url":"https:\/\/www.webdo.tn\/fr\/","name":"webdo","description":"Tunisie - News en Tunisie et \u00e0 l&#039;international sur Webdo.tn","publisher":{"@id":"https:\/\/www.webdo.tn\/fr\/#organization"},"potentialAction":[{"@type":"SearchAction","target":{"@type":"EntryPoint","urlTemplate":"https:\/\/www.webdo.tn\/fr\/?s={search_term_string}"},"query-input":{"@type":"PropertyValueSpecification","valueRequired":true,"valueName":"search_term_string"}}],"inLanguage":"fr-FR"},{"@type":"Organization","@id":"https:\/\/www.webdo.tn\/fr\/#organization","name":"Webdo","alternateName":"Webdo.tn","url":"https:\/\/www.webdo.tn\/fr\/","logo":{"@type":"ImageObject","inLanguage":"fr-FR","@id":"https:\/\/www.webdo.tn\/fr\/#\/schema\/logo\/image\/","url":"https:\/\/www.webdo.tn\/fr\/wp-content\/uploads\/2025\/06\/Webdo-Tunisie_168377.jpg","contentUrl":"https:\/\/www.webdo.tn\/fr\/wp-content\/uploads\/2025\/06\/Webdo-Tunisie_168377.jpg","width":301,"height":301,"caption":"Webdo"},"image":{"@id":"https:\/\/www.webdo.tn\/fr\/#\/schema\/logo\/image\/"},"sameAs":["https:\/\/www.facebook.com\/webdotn","https:\/\/x.com\/webdo_tn"],"description":"Webdo est un m\u00e9dia num\u00e9rique tunisien fond\u00e9 en 2010, sp\u00e9cialis\u00e9 dans l\u2019actualit\u00e9 nationale et internationale, l\u2019\u00e9conomie, la soci\u00e9t\u00e9 et les analyses politiques. Le site s\u2019adresse \u00e0 un large public francophone et couvre l\u2019information tunisienne en temps r\u00e9el.","email":"redac@webdo.tn","legalName":"YNJ SARL","foundingDate":"2010-09-06","numberOfEmployees":{"@type":"QuantitativeValue","minValue":"11","maxValue":"50"}},{"@type":"Person","@id":"https:\/\/www.webdo.tn\/fr\/#\/schema\/person\/f35b42a42c5e2511bbd282959d6385cc","name":"CL","image":{"@type":"ImageObject","inLanguage":"fr-FR","@id":"https:\/\/secure.gravatar.com\/avatar\/1447a49909b67aa657c488aec6512e1dd6143a480c1ecfee9b5b5cd74eb3b59e?s=96&d=mm&r=g","url":"https:\/\/secure.gravatar.com\/avatar\/1447a49909b67aa657c488aec6512e1dd6143a480c1ecfee9b5b5cd74eb3b59e?s=96&d=mm&r=g","contentUrl":"https:\/\/secure.gravatar.com\/avatar\/1447a49909b67aa657c488aec6512e1dd6143a480c1ecfee9b5b5cd74eb3b59e?s=96&d=mm&r=g","caption":"CL"},"url":"https:\/\/www.webdo.tn\/fr\/actualite\/author\/cl\/"}]}},"_links":{"self":[{"href":"https:\/\/www.webdo.tn\/fr\/wp-json\/wp\/v2\/posts\/205493","targetHints":{"allow":["GET"]}}],"collection":[{"href":"https:\/\/www.webdo.tn\/fr\/wp-json\/wp\/v2\/posts"}],"about":[{"href":"https:\/\/www.webdo.tn\/fr\/wp-json\/wp\/v2\/types\/post"}],"author":[{"embeddable":true,"href":"https:\/\/www.webdo.tn\/fr\/wp-json\/wp\/v2\/users\/3175"}],"replies":[{"embeddable":true,"href":"https:\/\/www.webdo.tn\/fr\/wp-json\/wp\/v2\/comments?post=205493"}],"version-history":[{"count":0,"href":"https:\/\/www.webdo.tn\/fr\/wp-json\/wp\/v2\/posts\/205493\/revisions"}],"wp:featuredmedia":[{"embeddable":true,"href":"https:\/\/www.webdo.tn\/fr\/wp-json\/wp\/v2\/media\/251211"}],"wp:attachment":[{"href":"https:\/\/www.webdo.tn\/fr\/wp-json\/wp\/v2\/media?parent=205493"}],"wp:term":[{"taxonomy":"category","embeddable":true,"href":"https:\/\/www.webdo.tn\/fr\/wp-json\/wp\/v2\/categories?post=205493"},{"taxonomy":"post_tag","embeddable":true,"href":"https:\/\/www.webdo.tn\/fr\/wp-json\/wp\/v2\/tags?post=205493"}],"curies":[{"name":"wp","href":"https:\/\/api.w.org\/{rel}","templated":true}]}}