{"id":205491,"date":"2023-05-07T09:28:00","date_gmt":"2023-05-07T09:28:00","guid":{"rendered":"https:\/\/www.webdo.tn\/fr\/blog\/tunisie-le-front-de-salut-a-nouveau-dans-la-rue\/205491\/"},"modified":"2025-05-20T22:50:03","modified_gmt":"2025-05-20T22:50:03","slug":"tunisie-le-front-de-salut-a-nouveau-dans-la-rue","status":"publish","type":"post","link":"https:\/\/www.webdo.tn\/fr\/actualite\/national\/tunisie-le-front-de-salut-a-nouveau-dans-la-rue\/205491\/","title":{"rendered":"Tunisie : Le Front de salut, \u00e0 nouveau, dans la rue"},"content":{"rendered":"<p>Le Front de salut national a organis\u00e9, samedi 6 mai une manifestation, \u00e0 Tunis, en solidarit\u00e9 avec les personnes arr\u00eat\u00e9es sur fond d&rsquo;accusations de complot contre la s\u00fbret\u00e9 de l&rsquo;Etat et de corruption.<\/p>\n<p>\t\t\t\t\t\t\t\t\tQuelques dizaines de partisans et de dirigeants du Front de salut ont particip\u00e9 \u00e0 cette journ\u00e9e de mobilisation, dont notamment Ahmed Nejib Chebbi, les deux dirigeants du Mouvement Ennahdha, Ajmi Ourimi, Riadh Chouaibi et le pr\u00e9sident du parti \u00a0\u00bb Travail et r\u00e9alisation \u00ab\u00a0, Abdellatif Mekki.<\/p>\n<p>Prenant la parole, le dirigeant du mouvement Ennahdha, Riadh Chouaibi a soulign\u00e9 que \u00a0\u00bb les arrestations successives\u00a0\u00bb ne peuvent nullement dissuader le front de salut national et ses sympathisants \u00e0 aller de l&rsquo;avant sur la voie du \u00ab\u00a0retour au processus d\u00e9mocratique et du r\u00e9tablissement de la l\u00e9gitimit\u00e9 constitutionnelle\u00a0\u00bb par les moyens civils, pacifiques et l\u00e9gaux.<\/p>\n<p>Pour sa part, Ahmed N\u00e9jib Chebbi a d\u00e9clar\u00e9 aux m\u00e9dias que le front de salut national veut \u00e0 travers cette manifestation exprimer son attachement \u00e0 la l\u00e9gitimit\u00e9 constitutionnelle (la Constitution de 2014) et la pr\u00e9servation de l&rsquo;unit\u00e9 du peuple tunisien \u00e0 travers un programme national convenu.<\/p>\n<p>Chebbi a saisi l&rsquo;occasion pour remercier les forces de s\u00e9curit\u00e9 pour leurs efforts d\u00e9ploy\u00e9s durant l&rsquo;organisation de cette manifestation.<\/p>\n<p>Ces unit\u00e9s ont interc\u00e9d\u00e9 entre les partisans du Front et de ceux du pr\u00e9sident Kais Sa\u00efed qui observaient un mouvement sur les m\u00eames lieux.<\/p>\n","protected":false},"excerpt":{"rendered":"<p>Le Front de salut national a organis\u00e9, samedi 6 mai une manifestation, \u00e0 Tunis, en solidarit\u00e9 avec les personnes arr\u00eat\u00e9es sur fond d&rsquo;accusations de complot cont&#8230;<\/p>\n","protected":false},"author":3175,"featured_media":278154,"comment_status":"open","ping_status":"closed","sticky":false,"template":"","format":"standard","meta":{"footnotes":""},"categories":[44],"tags":[5999,2796,2608],"class_list":["post-205491","post","type-post","status-publish","format-standard","has-post-thumbnail","hentry","category-national","tag-front-de-salut","tag-protestation","tag-tunisie"],"yoast_head":"<!-- This site is optimized with the Yoast SEO Premium plugin v27.5 (Yoast SEO v27.5) - https:\/\/yoast.com\/product\/yoast-seo-premium-wordpress\/ -->\n<title>Tunisie : Le Front de salut, \u00e0 nouveau, dans la rue<\/title>\n<meta name=\"description\" content=\"Le Front de salut national a organis\u00e9, samedi 6 mai une manifestation, \u00e0 Tunis, en solidarit\u00e9 avec les personnes arr\u00eat\u00e9es sur fond d&#039;accusations de complot cont...\" \/>\n<link rel=\"canonical\" href=\"https:\/\/www.webdo.tn\/fr\/actualite\/national\/tunisie-le-front-de-salut-a-nouveau-dans-la-rue\/205491\/\" \/>\n<meta property=\"og:locale\" content=\"fr_FR\" \/>\n<meta property=\"og:type\" content=\"article\" \/>\n<meta property=\"og:title\" content=\"Tunisie : Le Front de salut, \u00e0 nouveau, dans la rue\" \/>\n<meta property=\"og:description\" content=\"Le Front de salut national a organis\u00e9, samedi 6 mai une manifestation, \u00e0 Tunis, en solidarit\u00e9 avec les personnes arr\u00eat\u00e9es sur fond d&#039;accusations de complot cont...\" \/>\n<meta property=\"og:url\" content=\"https:\/\/www.webdo.tn\/fr\/actualite\/national\/tunisie-le-front-de-salut-a-nouveau-dans-la-rue\/205491\/\" \/>\n<meta property=\"og:site_name\" content=\"webdo\" \/>\n<meta property=\"article:publisher\" content=\"https:\/\/www.facebook.com\/webdotn\" \/>\n<meta property=\"article:published_time\" content=\"2023-05-07T09:28:00+00:00\" \/>\n<meta property=\"article:modified_time\" content=\"2025-05-20T22:50:03+00:00\" \/>\n<meta property=\"og:image\" content=\"https:\/\/www.webdo.tn\/fr\/wp-content\/uploads\/2023\/05\/ad6a4d187e8cb6f0f1ad4a221555e0ec.png\" \/>\n\t<meta property=\"og:image:width\" content=\"750\" \/>\n\t<meta property=\"og:image:height\" content=\"400\" \/>\n\t<meta property=\"og:image:type\" content=\"image\/png\" \/>\n<meta name=\"author\" content=\"CL\" \/>\n<meta name=\"twitter:card\" content=\"summary_large_image\" \/>\n<meta name=\"twitter:creator\" content=\"@webdo_tn\" \/>\n<meta name=\"twitter:site\" content=\"@webdo_tn\" \/>\n<meta name=\"twitter:label1\" content=\"\u00c9crit par\" \/>\n\t<meta name=\"twitter:data1\" content=\"CL\" \/>\n\t<meta name=\"twitter:label2\" content=\"Dur\u00e9e de lecture estim\u00e9e\" \/>\n\t<meta name=\"twitter:data2\" content=\"1 minute\" \/>\n<script type=\"application\/ld+json\" class=\"yoast-schema-graph\">{\"@context\":\"https:\\\/\\\/schema.org\",\"@graph\":[{\"@type\":\"NewsArticle\",\"@id\":\"https:\\\/\\\/www.webdo.tn\\\/fr\\\/actualite\\\/national\\\/tunisie-le-front-de-salut-a-nouveau-dans-la-rue\\\/205491\\\/#article\",\"isPartOf\":{\"@id\":\"https:\\\/\\\/www.webdo.tn\\\/fr\\\/actualite\\\/national\\\/tunisie-le-front-de-salut-a-nouveau-dans-la-rue\\\/205491\\\/\"},\"author\":{\"name\":\"CL\",\"@id\":\"https:\\\/\\\/www.webdo.tn\\\/fr\\\/#\\\/schema\\\/person\\\/f35b42a42c5e2511bbd282959d6385cc\"},\"headline\":\"Tunisie : Le Front de salut, \u00e0 nouveau, dans la rue\",\"datePublished\":\"2023-05-07T09:28:00+00:00\",\"dateModified\":\"2025-05-20T22:50:03+00:00\",\"mainEntityOfPage\":{\"@id\":\"https:\\\/\\\/www.webdo.tn\\\/fr\\\/actualite\\\/national\\\/tunisie-le-front-de-salut-a-nouveau-dans-la-rue\\\/205491\\\/\"},\"wordCount\":249,\"commentCount\":0,\"publisher\":{\"@id\":\"https:\\\/\\\/www.webdo.tn\\\/fr\\\/#organization\"},\"image\":{\"@id\":\"https:\\\/\\\/www.webdo.tn\\\/fr\\\/actualite\\\/national\\\/tunisie-le-front-de-salut-a-nouveau-dans-la-rue\\\/205491\\\/#primaryimage\"},\"thumbnailUrl\":\"https:\\\/\\\/www.webdo.tn\\\/fr\\\/wp-content\\\/uploads\\\/2023\\\/05\\\/ad6a4d187e8cb6f0f1ad4a221555e0ec.png\",\"keywords\":[\"Front de salut\",\"protestation\",\"Tunisie\"],\"articleSection\":[\"National\"],\"inLanguage\":\"fr-FR\"},{\"@type\":\"WebPage\",\"@id\":\"https:\\\/\\\/www.webdo.tn\\\/fr\\\/actualite\\\/national\\\/tunisie-le-front-de-salut-a-nouveau-dans-la-rue\\\/205491\\\/\",\"url\":\"https:\\\/\\\/www.webdo.tn\\\/fr\\\/actualite\\\/national\\\/tunisie-le-front-de-salut-a-nouveau-dans-la-rue\\\/205491\\\/\",\"name\":\"Tunisie : Le Front de salut, \u00e0 nouveau, dans la rue\",\"isPartOf\":{\"@id\":\"https:\\\/\\\/www.webdo.tn\\\/fr\\\/#website\"},\"primaryImageOfPage\":{\"@id\":\"https:\\\/\\\/www.webdo.tn\\\/fr\\\/actualite\\\/national\\\/tunisie-le-front-de-salut-a-nouveau-dans-la-rue\\\/205491\\\/#primaryimage\"},\"image\":{\"@id\":\"https:\\\/\\\/www.webdo.tn\\\/fr\\\/actualite\\\/national\\\/tunisie-le-front-de-salut-a-nouveau-dans-la-rue\\\/205491\\\/#primaryimage\"},\"thumbnailUrl\":\"https:\\\/\\\/www.webdo.tn\\\/fr\\\/wp-content\\\/uploads\\\/2023\\\/05\\\/ad6a4d187e8cb6f0f1ad4a221555e0ec.png\",\"datePublished\":\"2023-05-07T09:28:00+00:00\",\"dateModified\":\"2025-05-20T22:50:03+00:00\",\"description\":\"Le Front de salut national a organis\u00e9, samedi 6 mai une manifestation, \u00e0 Tunis, en solidarit\u00e9 avec les personnes arr\u00eat\u00e9es sur fond d'accusations de complot cont...\",\"breadcrumb\":{\"@id\":\"https:\\\/\\\/www.webdo.tn\\\/fr\\\/actualite\\\/national\\\/tunisie-le-front-de-salut-a-nouveau-dans-la-rue\\\/205491\\\/#breadcrumb\"},\"inLanguage\":\"fr-FR\",\"potentialAction\":[{\"@type\":\"ReadAction\",\"target\":[\"https:\\\/\\\/www.webdo.tn\\\/fr\\\/actualite\\\/national\\\/tunisie-le-front-de-salut-a-nouveau-dans-la-rue\\\/205491\\\/\"]}]},{\"@type\":\"ImageObject\",\"inLanguage\":\"fr-FR\",\"@id\":\"https:\\\/\\\/www.webdo.tn\\\/fr\\\/actualite\\\/national\\\/tunisie-le-front-de-salut-a-nouveau-dans-la-rue\\\/205491\\\/#primaryimage\",\"url\":\"https:\\\/\\\/www.webdo.tn\\\/fr\\\/wp-content\\\/uploads\\\/2023\\\/05\\\/ad6a4d187e8cb6f0f1ad4a221555e0ec.png\",\"contentUrl\":\"https:\\\/\\\/www.webdo.tn\\\/fr\\\/wp-content\\\/uploads\\\/2023\\\/05\\\/ad6a4d187e8cb6f0f1ad4a221555e0ec.png\",\"width\":750,\"height\":400,\"caption\":\"Manifestation\"},{\"@type\":\"BreadcrumbList\",\"@id\":\"https:\\\/\\\/www.webdo.tn\\\/fr\\\/actualite\\\/national\\\/tunisie-le-front-de-salut-a-nouveau-dans-la-rue\\\/205491\\\/#breadcrumb\",\"itemListElement\":[{\"@type\":\"ListItem\",\"position\":1,\"name\":\"Accueil\",\"item\":\"https:\\\/\\\/www.webdo.tn\\\/fr\\\/\"},{\"@type\":\"ListItem\",\"position\":2,\"name\":\"Tunisie : Le Front de salut, \u00e0 nouveau, dans la rue\"}]},{\"@type\":\"WebSite\",\"@id\":\"https:\\\/\\\/www.webdo.tn\\\/fr\\\/#website\",\"url\":\"https:\\\/\\\/www.webdo.tn\\\/fr\\\/\",\"name\":\"webdo\",\"description\":\"Tunisie - News en Tunisie et \u00e0 l&#039;international sur Webdo.tn\",\"publisher\":{\"@id\":\"https:\\\/\\\/www.webdo.tn\\\/fr\\\/#organization\"},\"potentialAction\":[{\"@type\":\"SearchAction\",\"target\":{\"@type\":\"EntryPoint\",\"urlTemplate\":\"https:\\\/\\\/www.webdo.tn\\\/fr\\\/?s={search_term_string}\"},\"query-input\":{\"@type\":\"PropertyValueSpecification\",\"valueRequired\":true,\"valueName\":\"search_term_string\"}}],\"inLanguage\":\"fr-FR\"},{\"@type\":\"Organization\",\"@id\":\"https:\\\/\\\/www.webdo.tn\\\/fr\\\/#organization\",\"name\":\"Webdo\",\"alternateName\":\"Webdo.tn\",\"url\":\"https:\\\/\\\/www.webdo.tn\\\/fr\\\/\",\"logo\":{\"@type\":\"ImageObject\",\"inLanguage\":\"fr-FR\",\"@id\":\"https:\\\/\\\/www.webdo.tn\\\/fr\\\/#\\\/schema\\\/logo\\\/image\\\/\",\"url\":\"https:\\\/\\\/www.webdo.tn\\\/fr\\\/wp-content\\\/uploads\\\/2025\\\/06\\\/Webdo-Tunisie_168377.jpg\",\"contentUrl\":\"https:\\\/\\\/www.webdo.tn\\\/fr\\\/wp-content\\\/uploads\\\/2025\\\/06\\\/Webdo-Tunisie_168377.jpg\",\"width\":301,\"height\":301,\"caption\":\"Webdo\"},\"image\":{\"@id\":\"https:\\\/\\\/www.webdo.tn\\\/fr\\\/#\\\/schema\\\/logo\\\/image\\\/\"},\"sameAs\":[\"https:\\\/\\\/www.facebook.com\\\/webdotn\",\"https:\\\/\\\/x.com\\\/webdo_tn\"],\"description\":\"Webdo est un m\u00e9dia num\u00e9rique tunisien fond\u00e9 en 2010, sp\u00e9cialis\u00e9 dans l\u2019actualit\u00e9 nationale et internationale, l\u2019\u00e9conomie, la soci\u00e9t\u00e9 et les analyses politiques. Le site s\u2019adresse \u00e0 un large public francophone et couvre l\u2019information tunisienne en temps r\u00e9el.\",\"email\":\"redac@webdo.tn\",\"legalName\":\"YNJ SARL\",\"foundingDate\":\"2010-09-06\",\"numberOfEmployees\":{\"@type\":\"QuantitativeValue\",\"minValue\":\"11\",\"maxValue\":\"50\"}},{\"@type\":\"Person\",\"@id\":\"https:\\\/\\\/www.webdo.tn\\\/fr\\\/#\\\/schema\\\/person\\\/f35b42a42c5e2511bbd282959d6385cc\",\"name\":\"CL\",\"image\":{\"@type\":\"ImageObject\",\"inLanguage\":\"fr-FR\",\"@id\":\"https:\\\/\\\/secure.gravatar.com\\\/avatar\\\/1447a49909b67aa657c488aec6512e1dd6143a480c1ecfee9b5b5cd74eb3b59e?s=96&d=mm&r=g\",\"url\":\"https:\\\/\\\/secure.gravatar.com\\\/avatar\\\/1447a49909b67aa657c488aec6512e1dd6143a480c1ecfee9b5b5cd74eb3b59e?s=96&d=mm&r=g\",\"contentUrl\":\"https:\\\/\\\/secure.gravatar.com\\\/avatar\\\/1447a49909b67aa657c488aec6512e1dd6143a480c1ecfee9b5b5cd74eb3b59e?s=96&d=mm&r=g\",\"caption\":\"CL\"},\"url\":\"https:\\\/\\\/www.webdo.tn\\\/fr\\\/actualite\\\/author\\\/cl\\\/\"}]}<\/script>\n<!-- \/ Yoast SEO Premium plugin. -->","yoast_head_json":{"title":"Tunisie : Le Front de salut, \u00e0 nouveau, dans la rue","description":"Le Front de salut national a organis\u00e9, samedi 6 mai une manifestation, \u00e0 Tunis, en solidarit\u00e9 avec les personnes arr\u00eat\u00e9es sur fond d'accusations de complot cont...","canonical":"https:\/\/www.webdo.tn\/fr\/actualite\/national\/tunisie-le-front-de-salut-a-nouveau-dans-la-rue\/205491\/","og_locale":"fr_FR","og_type":"article","og_title":"Tunisie : Le Front de salut, \u00e0 nouveau, dans la rue","og_description":"Le Front de salut national a organis\u00e9, samedi 6 mai une manifestation, \u00e0 Tunis, en solidarit\u00e9 avec les personnes arr\u00eat\u00e9es sur fond d'accusations de complot cont...","og_url":"https:\/\/www.webdo.tn\/fr\/actualite\/national\/tunisie-le-front-de-salut-a-nouveau-dans-la-rue\/205491\/","og_site_name":"webdo","article_publisher":"https:\/\/www.facebook.com\/webdotn","article_published_time":"2023-05-07T09:28:00+00:00","article_modified_time":"2025-05-20T22:50:03+00:00","og_image":[{"width":750,"height":400,"url":"https:\/\/www.webdo.tn\/fr\/wp-content\/uploads\/2023\/05\/ad6a4d187e8cb6f0f1ad4a221555e0ec.png","type":"image\/png"}],"author":"CL","twitter_card":"summary_large_image","twitter_creator":"@webdo_tn","twitter_site":"@webdo_tn","twitter_misc":{"\u00c9crit par":"CL","Dur\u00e9e de lecture estim\u00e9e":"1 minute"},"schema":{"@context":"https:\/\/schema.org","@graph":[{"@type":"NewsArticle","@id":"https:\/\/www.webdo.tn\/fr\/actualite\/national\/tunisie-le-front-de-salut-a-nouveau-dans-la-rue\/205491\/#article","isPartOf":{"@id":"https:\/\/www.webdo.tn\/fr\/actualite\/national\/tunisie-le-front-de-salut-a-nouveau-dans-la-rue\/205491\/"},"author":{"name":"CL","@id":"https:\/\/www.webdo.tn\/fr\/#\/schema\/person\/f35b42a42c5e2511bbd282959d6385cc"},"headline":"Tunisie : Le Front de salut, \u00e0 nouveau, dans la rue","datePublished":"2023-05-07T09:28:00+00:00","dateModified":"2025-05-20T22:50:03+00:00","mainEntityOfPage":{"@id":"https:\/\/www.webdo.tn\/fr\/actualite\/national\/tunisie-le-front-de-salut-a-nouveau-dans-la-rue\/205491\/"},"wordCount":249,"commentCount":0,"publisher":{"@id":"https:\/\/www.webdo.tn\/fr\/#organization"},"image":{"@id":"https:\/\/www.webdo.tn\/fr\/actualite\/national\/tunisie-le-front-de-salut-a-nouveau-dans-la-rue\/205491\/#primaryimage"},"thumbnailUrl":"https:\/\/www.webdo.tn\/fr\/wp-content\/uploads\/2023\/05\/ad6a4d187e8cb6f0f1ad4a221555e0ec.png","keywords":["Front de salut","protestation","Tunisie"],"articleSection":["National"],"inLanguage":"fr-FR"},{"@type":"WebPage","@id":"https:\/\/www.webdo.tn\/fr\/actualite\/national\/tunisie-le-front-de-salut-a-nouveau-dans-la-rue\/205491\/","url":"https:\/\/www.webdo.tn\/fr\/actualite\/national\/tunisie-le-front-de-salut-a-nouveau-dans-la-rue\/205491\/","name":"Tunisie : Le Front de salut, \u00e0 nouveau, dans la rue","isPartOf":{"@id":"https:\/\/www.webdo.tn\/fr\/#website"},"primaryImageOfPage":{"@id":"https:\/\/www.webdo.tn\/fr\/actualite\/national\/tunisie-le-front-de-salut-a-nouveau-dans-la-rue\/205491\/#primaryimage"},"image":{"@id":"https:\/\/www.webdo.tn\/fr\/actualite\/national\/tunisie-le-front-de-salut-a-nouveau-dans-la-rue\/205491\/#primaryimage"},"thumbnailUrl":"https:\/\/www.webdo.tn\/fr\/wp-content\/uploads\/2023\/05\/ad6a4d187e8cb6f0f1ad4a221555e0ec.png","datePublished":"2023-05-07T09:28:00+00:00","dateModified":"2025-05-20T22:50:03+00:00","description":"Le Front de salut national a organis\u00e9, samedi 6 mai une manifestation, \u00e0 Tunis, en solidarit\u00e9 avec les personnes arr\u00eat\u00e9es sur fond d'accusations de complot cont...","breadcrumb":{"@id":"https:\/\/www.webdo.tn\/fr\/actualite\/national\/tunisie-le-front-de-salut-a-nouveau-dans-la-rue\/205491\/#breadcrumb"},"inLanguage":"fr-FR","potentialAction":[{"@type":"ReadAction","target":["https:\/\/www.webdo.tn\/fr\/actualite\/national\/tunisie-le-front-de-salut-a-nouveau-dans-la-rue\/205491\/"]}]},{"@type":"ImageObject","inLanguage":"fr-FR","@id":"https:\/\/www.webdo.tn\/fr\/actualite\/national\/tunisie-le-front-de-salut-a-nouveau-dans-la-rue\/205491\/#primaryimage","url":"https:\/\/www.webdo.tn\/fr\/wp-content\/uploads\/2023\/05\/ad6a4d187e8cb6f0f1ad4a221555e0ec.png","contentUrl":"https:\/\/www.webdo.tn\/fr\/wp-content\/uploads\/2023\/05\/ad6a4d187e8cb6f0f1ad4a221555e0ec.png","width":750,"height":400,"caption":"Manifestation"},{"@type":"BreadcrumbList","@id":"https:\/\/www.webdo.tn\/fr\/actualite\/national\/tunisie-le-front-de-salut-a-nouveau-dans-la-rue\/205491\/#breadcrumb","itemListElement":[{"@type":"ListItem","position":1,"name":"Accueil","item":"https:\/\/www.webdo.tn\/fr\/"},{"@type":"ListItem","position":2,"name":"Tunisie : Le Front de salut, \u00e0 nouveau, dans la rue"}]},{"@type":"WebSite","@id":"https:\/\/www.webdo.tn\/fr\/#website","url":"https:\/\/www.webdo.tn\/fr\/","name":"webdo","description":"Tunisie - News en Tunisie et \u00e0 l&#039;international sur Webdo.tn","publisher":{"@id":"https:\/\/www.webdo.tn\/fr\/#organization"},"potentialAction":[{"@type":"SearchAction","target":{"@type":"EntryPoint","urlTemplate":"https:\/\/www.webdo.tn\/fr\/?s={search_term_string}"},"query-input":{"@type":"PropertyValueSpecification","valueRequired":true,"valueName":"search_term_string"}}],"inLanguage":"fr-FR"},{"@type":"Organization","@id":"https:\/\/www.webdo.tn\/fr\/#organization","name":"Webdo","alternateName":"Webdo.tn","url":"https:\/\/www.webdo.tn\/fr\/","logo":{"@type":"ImageObject","inLanguage":"fr-FR","@id":"https:\/\/www.webdo.tn\/fr\/#\/schema\/logo\/image\/","url":"https:\/\/www.webdo.tn\/fr\/wp-content\/uploads\/2025\/06\/Webdo-Tunisie_168377.jpg","contentUrl":"https:\/\/www.webdo.tn\/fr\/wp-content\/uploads\/2025\/06\/Webdo-Tunisie_168377.jpg","width":301,"height":301,"caption":"Webdo"},"image":{"@id":"https:\/\/www.webdo.tn\/fr\/#\/schema\/logo\/image\/"},"sameAs":["https:\/\/www.facebook.com\/webdotn","https:\/\/x.com\/webdo_tn"],"description":"Webdo est un m\u00e9dia num\u00e9rique tunisien fond\u00e9 en 2010, sp\u00e9cialis\u00e9 dans l\u2019actualit\u00e9 nationale et internationale, l\u2019\u00e9conomie, la soci\u00e9t\u00e9 et les analyses politiques. Le site s\u2019adresse \u00e0 un large public francophone et couvre l\u2019information tunisienne en temps r\u00e9el.","email":"redac@webdo.tn","legalName":"YNJ SARL","foundingDate":"2010-09-06","numberOfEmployees":{"@type":"QuantitativeValue","minValue":"11","maxValue":"50"}},{"@type":"Person","@id":"https:\/\/www.webdo.tn\/fr\/#\/schema\/person\/f35b42a42c5e2511bbd282959d6385cc","name":"CL","image":{"@type":"ImageObject","inLanguage":"fr-FR","@id":"https:\/\/secure.gravatar.com\/avatar\/1447a49909b67aa657c488aec6512e1dd6143a480c1ecfee9b5b5cd74eb3b59e?s=96&d=mm&r=g","url":"https:\/\/secure.gravatar.com\/avatar\/1447a49909b67aa657c488aec6512e1dd6143a480c1ecfee9b5b5cd74eb3b59e?s=96&d=mm&r=g","contentUrl":"https:\/\/secure.gravatar.com\/avatar\/1447a49909b67aa657c488aec6512e1dd6143a480c1ecfee9b5b5cd74eb3b59e?s=96&d=mm&r=g","caption":"CL"},"url":"https:\/\/www.webdo.tn\/fr\/actualite\/author\/cl\/"}]}},"_links":{"self":[{"href":"https:\/\/www.webdo.tn\/fr\/wp-json\/wp\/v2\/posts\/205491","targetHints":{"allow":["GET"]}}],"collection":[{"href":"https:\/\/www.webdo.tn\/fr\/wp-json\/wp\/v2\/posts"}],"about":[{"href":"https:\/\/www.webdo.tn\/fr\/wp-json\/wp\/v2\/types\/post"}],"author":[{"embeddable":true,"href":"https:\/\/www.webdo.tn\/fr\/wp-json\/wp\/v2\/users\/3175"}],"replies":[{"embeddable":true,"href":"https:\/\/www.webdo.tn\/fr\/wp-json\/wp\/v2\/comments?post=205491"}],"version-history":[{"count":0,"href":"https:\/\/www.webdo.tn\/fr\/wp-json\/wp\/v2\/posts\/205491\/revisions"}],"wp:featuredmedia":[{"embeddable":true,"href":"https:\/\/www.webdo.tn\/fr\/wp-json\/wp\/v2\/media\/278154"}],"wp:attachment":[{"href":"https:\/\/www.webdo.tn\/fr\/wp-json\/wp\/v2\/media?parent=205491"}],"wp:term":[{"taxonomy":"category","embeddable":true,"href":"https:\/\/www.webdo.tn\/fr\/wp-json\/wp\/v2\/categories?post=205491"},{"taxonomy":"post_tag","embeddable":true,"href":"https:\/\/www.webdo.tn\/fr\/wp-json\/wp\/v2\/tags?post=205491"}],"curies":[{"name":"wp","href":"https:\/\/api.w.org\/{rel}","templated":true}]}}