{"id":205476,"date":"2023-05-06T09:17:00","date_gmt":"2023-05-06T09:17:00","guid":{"rendered":"https:\/\/www.webdo.tn\/fr\/blog\/l-esperance-lance-une-campagne-pour-payer-l-amende-a-la-caf\/205476\/"},"modified":"2025-05-20T22:00:04","modified_gmt":"2025-05-20T22:00:04","slug":"l-esperance-lance-une-campagne-pour-payer-l-amende-a-la-caf","status":"publish","type":"post","link":"https:\/\/www.webdo.tn\/fr\/actualite\/sport\/l-esperance-lance-une-campagne-pour-payer-l-amende-a-la-caf\/205476\/","title":{"rendered":"L\u2019Esp\u00e9rance lance une campagne pour payer l\u2019amende \u00e0 la CAF"},"content":{"rendered":"<p>L&rsquo;Esp\u00e9rance ST, lourdement sanctionn\u00e9e, hier par la Conf\u00e9d\u00e9ration Africaine de Football suite aux incidents ayant \u00e9maill\u00e9 le match du 29 avril dernier face \u00e0 la JS Kabylie, va tenter d\u2019all\u00e9ger les sanctions.<\/p>\n<p>\t\t\t\t\t\t\t\t\tSuite \u00e0 ces incidents, les \u00ab\u00a0Sang et or\u00a0\u00bb ont\u00a0 \u00e9cop\u00e9 de quatre matches \u00e0 huis clos dont deux avec sursis et d&rsquo;une amende de 300 mille dollars.<\/p>\n<p>Suite \u00e0 ces sanctions, le pr\u00e9sident de la Commission juridique de l\u2019EST, Riadh Touiti, a estim\u00e9 que les d\u00e9cisions de la commission de discipline de la CAF sont s\u00e9v\u00e8res et a assur\u00e9 que la Commission juridique du club fera appel de ces sanctions.<\/p>\n<p>Sur un autre plan, l\u2019EST va lancer une campagne de vente de billets virtuels pour payer l\u2019amende de 300 mille dinars inflig\u00e9e par la CAF.<\/p>\n<p>Rappelons que la commission de discipline de la CAF a inflig\u00e9, vendredi, \u00e0 l&rsquo;Esp\u00e9rance, quatre matches \u00e0 huis clos dont deux avec sursis, et ce suite aux incidents lors du quart de finale retour de la Ligue des champions \u00e0 Rades.<\/p>\n<p>La CAF a \u00e9galement menac\u00e9 d&rsquo;exclure de toute comp\u00e9tition africaine pour une ann\u00e9e en cas de r\u00e9cidive de ces d\u00e9passements durant les 12 prochains mois et d&rsquo;appliquer automatiquement les deux matches \u00e0 huis clos avec sursis, sans compter les autres sanctions.<\/p>\n<p>La deuxi\u00e8me mi-temps du quart de finale retour de la ligue des champions d&rsquo;Afrique de football qui s&rsquo;\u00e9tait sold\u00e9, samedi dernier \u00e0 Rades, par un nul 1-1 entre l&rsquo;Esp\u00e9rance et la JS Kabylie, avait d\u00e9marr\u00e9 avec 40 minutes de retard en raison d&rsquo;actes de vandalisme.<\/p>\n<p>L\u2019EST qui avait remport\u00e9 le match aller (1-0), a assur\u00e9 \u00e0 l&rsquo;issue de cette rencontre sa qualification en demi-finale \u00e0 la Ligue des champions. Il affrontera Al Ahly d&rsquo;Egypte en match aller le 12 mai \u00e0 Rades et le 19 mai au Caire.<\/p>\n","protected":false},"excerpt":{"rendered":"<p>L&rsquo;Esp\u00e9rance ST, lourdement sanctionn\u00e9e, hier par la Conf\u00e9d\u00e9ration Africaine de Football suite aux incidents ayant \u00e9maill\u00e9 le match du 29 avril dernier face \u00e0 la&#8230;<\/p>\n","protected":false},"author":3162,"featured_media":251242,"comment_status":"open","ping_status":"closed","sticky":false,"template":"","format":"standard","meta":{"footnotes":""},"categories":[2593],"tags":[3135,3102,3436,3136,4987],"class_list":["post-205476","post","type-post","status-publish","format-standard","has-post-thumbnail","hentry","category-sport","tag-caf","tag-esperance-st","tag-est","tag-ligue-des-champions","tag-sanctions"],"yoast_head":"<!-- This site is optimized with the Yoast SEO Premium plugin v27.5 (Yoast SEO v27.5) - https:\/\/yoast.com\/product\/yoast-seo-premium-wordpress\/ -->\n<title>L\u2019Esp\u00e9rance lance une campagne pour payer l\u2019amende \u00e0 la CAF<\/title>\n<meta name=\"description\" content=\"L&#039;Esp\u00e9rance ST, lourdement sanctionn\u00e9e, hier par la Conf\u00e9d\u00e9ration Africaine de Football suite aux incidents ayant \u00e9maill\u00e9 le match du 29 avril dernier face \u00e0 la...\" \/>\n<link rel=\"canonical\" href=\"https:\/\/www.webdo.tn\/fr\/actualite\/sport\/l-esperance-lance-une-campagne-pour-payer-l-amende-a-la-caf\/205476\/\" \/>\n<meta property=\"og:locale\" content=\"fr_FR\" \/>\n<meta property=\"og:type\" content=\"article\" \/>\n<meta property=\"og:title\" content=\"L\u2019Esp\u00e9rance lance une campagne pour payer l\u2019amende \u00e0 la CAF\" \/>\n<meta property=\"og:description\" content=\"L&#039;Esp\u00e9rance ST, lourdement sanctionn\u00e9e, hier par la Conf\u00e9d\u00e9ration Africaine de Football suite aux incidents ayant \u00e9maill\u00e9 le match du 29 avril dernier face \u00e0 la...\" \/>\n<meta property=\"og:url\" content=\"https:\/\/www.webdo.tn\/fr\/actualite\/sport\/l-esperance-lance-une-campagne-pour-payer-l-amende-a-la-caf\/205476\/\" \/>\n<meta property=\"og:site_name\" content=\"webdo\" \/>\n<meta property=\"article:publisher\" content=\"https:\/\/www.facebook.com\/webdotn\" \/>\n<meta property=\"article:published_time\" content=\"2023-05-06T09:17:00+00:00\" \/>\n<meta property=\"article:modified_time\" content=\"2025-05-20T22:00:04+00:00\" \/>\n<meta property=\"og:image\" content=\"https:\/\/www.webdo.tn\/fr\/wp-content\/uploads\/2023\/05\/67a85f04f56cab43950367d279ebd508.jpg\" \/>\n\t<meta property=\"og:image:width\" content=\"512\" \/>\n\t<meta property=\"og:image:height\" content=\"273\" \/>\n\t<meta property=\"og:image:type\" content=\"image\/jpeg\" \/>\n<meta name=\"author\" content=\"MC\" \/>\n<meta name=\"twitter:card\" content=\"summary_large_image\" \/>\n<meta name=\"twitter:creator\" content=\"@webdo_tn\" \/>\n<meta name=\"twitter:site\" content=\"@webdo_tn\" \/>\n<meta name=\"twitter:label1\" content=\"\u00c9crit par\" \/>\n\t<meta name=\"twitter:data1\" content=\"MC\" \/>\n\t<meta name=\"twitter:label2\" content=\"Dur\u00e9e de lecture estim\u00e9e\" \/>\n\t<meta name=\"twitter:data2\" content=\"2 minutes\" \/>\n<script type=\"application\/ld+json\" class=\"yoast-schema-graph\">{\"@context\":\"https:\\\/\\\/schema.org\",\"@graph\":[{\"@type\":\"NewsArticle\",\"@id\":\"https:\\\/\\\/www.webdo.tn\\\/fr\\\/actualite\\\/sport\\\/l-esperance-lance-une-campagne-pour-payer-l-amende-a-la-caf\\\/205476\\\/#article\",\"isPartOf\":{\"@id\":\"https:\\\/\\\/www.webdo.tn\\\/fr\\\/actualite\\\/sport\\\/l-esperance-lance-une-campagne-pour-payer-l-amende-a-la-caf\\\/205476\\\/\"},\"author\":{\"name\":\"MC\",\"@id\":\"https:\\\/\\\/www.webdo.tn\\\/fr\\\/#\\\/schema\\\/person\\\/2c4929cbf5a809e3bd38617c6ce150f6\"},\"headline\":\"L\u2019Esp\u00e9rance lance une campagne pour payer l\u2019amende \u00e0 la CAF\",\"datePublished\":\"2023-05-06T09:17:00+00:00\",\"dateModified\":\"2025-05-20T22:00:04+00:00\",\"mainEntityOfPage\":{\"@id\":\"https:\\\/\\\/www.webdo.tn\\\/fr\\\/actualite\\\/sport\\\/l-esperance-lance-une-campagne-pour-payer-l-amende-a-la-caf\\\/205476\\\/\"},\"wordCount\":324,\"commentCount\":0,\"publisher\":{\"@id\":\"https:\\\/\\\/www.webdo.tn\\\/fr\\\/#organization\"},\"image\":{\"@id\":\"https:\\\/\\\/www.webdo.tn\\\/fr\\\/actualite\\\/sport\\\/l-esperance-lance-une-campagne-pour-payer-l-amende-a-la-caf\\\/205476\\\/#primaryimage\"},\"thumbnailUrl\":\"https:\\\/\\\/www.webdo.tn\\\/fr\\\/wp-content\\\/uploads\\\/2023\\\/05\\\/67a85f04f56cab43950367d279ebd508.jpg\",\"keywords\":[\"CAF\",\"esp\u00e9rance st\",\"EST\",\"ligue des champions\",\"sanctions\"],\"articleSection\":[\"Sport\"],\"inLanguage\":\"fr-FR\"},{\"@type\":\"WebPage\",\"@id\":\"https:\\\/\\\/www.webdo.tn\\\/fr\\\/actualite\\\/sport\\\/l-esperance-lance-une-campagne-pour-payer-l-amende-a-la-caf\\\/205476\\\/\",\"url\":\"https:\\\/\\\/www.webdo.tn\\\/fr\\\/actualite\\\/sport\\\/l-esperance-lance-une-campagne-pour-payer-l-amende-a-la-caf\\\/205476\\\/\",\"name\":\"L\u2019Esp\u00e9rance lance une campagne pour payer l\u2019amende \u00e0 la CAF\",\"isPartOf\":{\"@id\":\"https:\\\/\\\/www.webdo.tn\\\/fr\\\/#website\"},\"primaryImageOfPage\":{\"@id\":\"https:\\\/\\\/www.webdo.tn\\\/fr\\\/actualite\\\/sport\\\/l-esperance-lance-une-campagne-pour-payer-l-amende-a-la-caf\\\/205476\\\/#primaryimage\"},\"image\":{\"@id\":\"https:\\\/\\\/www.webdo.tn\\\/fr\\\/actualite\\\/sport\\\/l-esperance-lance-une-campagne-pour-payer-l-amende-a-la-caf\\\/205476\\\/#primaryimage\"},\"thumbnailUrl\":\"https:\\\/\\\/www.webdo.tn\\\/fr\\\/wp-content\\\/uploads\\\/2023\\\/05\\\/67a85f04f56cab43950367d279ebd508.jpg\",\"datePublished\":\"2023-05-06T09:17:00+00:00\",\"dateModified\":\"2025-05-20T22:00:04+00:00\",\"description\":\"L'Esp\u00e9rance ST, lourdement sanctionn\u00e9e, hier par la Conf\u00e9d\u00e9ration Africaine de Football suite aux incidents ayant \u00e9maill\u00e9 le match du 29 avril dernier face \u00e0 la...\",\"breadcrumb\":{\"@id\":\"https:\\\/\\\/www.webdo.tn\\\/fr\\\/actualite\\\/sport\\\/l-esperance-lance-une-campagne-pour-payer-l-amende-a-la-caf\\\/205476\\\/#breadcrumb\"},\"inLanguage\":\"fr-FR\",\"potentialAction\":[{\"@type\":\"ReadAction\",\"target\":[\"https:\\\/\\\/www.webdo.tn\\\/fr\\\/actualite\\\/sport\\\/l-esperance-lance-une-campagne-pour-payer-l-amende-a-la-caf\\\/205476\\\/\"]}]},{\"@type\":\"ImageObject\",\"inLanguage\":\"fr-FR\",\"@id\":\"https:\\\/\\\/www.webdo.tn\\\/fr\\\/actualite\\\/sport\\\/l-esperance-lance-une-campagne-pour-payer-l-amende-a-la-caf\\\/205476\\\/#primaryimage\",\"url\":\"https:\\\/\\\/www.webdo.tn\\\/fr\\\/wp-content\\\/uploads\\\/2023\\\/05\\\/67a85f04f56cab43950367d279ebd508.jpg\",\"contentUrl\":\"https:\\\/\\\/www.webdo.tn\\\/fr\\\/wp-content\\\/uploads\\\/2023\\\/05\\\/67a85f04f56cab43950367d279ebd508.jpg\",\"width\":512,\"height\":273,\"caption\":\"L\u2019Esp\u00e9rance lance une campagne pour payer l\u2019amende \u00e0 la CAF\"},{\"@type\":\"BreadcrumbList\",\"@id\":\"https:\\\/\\\/www.webdo.tn\\\/fr\\\/actualite\\\/sport\\\/l-esperance-lance-une-campagne-pour-payer-l-amende-a-la-caf\\\/205476\\\/#breadcrumb\",\"itemListElement\":[{\"@type\":\"ListItem\",\"position\":1,\"name\":\"Accueil\",\"item\":\"https:\\\/\\\/www.webdo.tn\\\/fr\\\/\"},{\"@type\":\"ListItem\",\"position\":2,\"name\":\"L\u2019Esp\u00e9rance lance une campagne pour payer l\u2019amende \u00e0 la CAF\"}]},{\"@type\":\"WebSite\",\"@id\":\"https:\\\/\\\/www.webdo.tn\\\/fr\\\/#website\",\"url\":\"https:\\\/\\\/www.webdo.tn\\\/fr\\\/\",\"name\":\"webdo\",\"description\":\"Tunisie - News en Tunisie et \u00e0 l&#039;international sur Webdo.tn\",\"publisher\":{\"@id\":\"https:\\\/\\\/www.webdo.tn\\\/fr\\\/#organization\"},\"potentialAction\":[{\"@type\":\"SearchAction\",\"target\":{\"@type\":\"EntryPoint\",\"urlTemplate\":\"https:\\\/\\\/www.webdo.tn\\\/fr\\\/?s={search_term_string}\"},\"query-input\":{\"@type\":\"PropertyValueSpecification\",\"valueRequired\":true,\"valueName\":\"search_term_string\"}}],\"inLanguage\":\"fr-FR\"},{\"@type\":\"Organization\",\"@id\":\"https:\\\/\\\/www.webdo.tn\\\/fr\\\/#organization\",\"name\":\"Webdo\",\"alternateName\":\"Webdo.tn\",\"url\":\"https:\\\/\\\/www.webdo.tn\\\/fr\\\/\",\"logo\":{\"@type\":\"ImageObject\",\"inLanguage\":\"fr-FR\",\"@id\":\"https:\\\/\\\/www.webdo.tn\\\/fr\\\/#\\\/schema\\\/logo\\\/image\\\/\",\"url\":\"https:\\\/\\\/www.webdo.tn\\\/fr\\\/wp-content\\\/uploads\\\/2025\\\/06\\\/Webdo-Tunisie_168377.jpg\",\"contentUrl\":\"https:\\\/\\\/www.webdo.tn\\\/fr\\\/wp-content\\\/uploads\\\/2025\\\/06\\\/Webdo-Tunisie_168377.jpg\",\"width\":301,\"height\":301,\"caption\":\"Webdo\"},\"image\":{\"@id\":\"https:\\\/\\\/www.webdo.tn\\\/fr\\\/#\\\/schema\\\/logo\\\/image\\\/\"},\"sameAs\":[\"https:\\\/\\\/www.facebook.com\\\/webdotn\",\"https:\\\/\\\/x.com\\\/webdo_tn\"],\"description\":\"Webdo est un m\u00e9dia num\u00e9rique tunisien fond\u00e9 en 2010, sp\u00e9cialis\u00e9 dans l\u2019actualit\u00e9 nationale et internationale, l\u2019\u00e9conomie, la soci\u00e9t\u00e9 et les analyses politiques. Le site s\u2019adresse \u00e0 un large public francophone et couvre l\u2019information tunisienne en temps r\u00e9el.\",\"email\":\"redac@webdo.tn\",\"legalName\":\"YNJ SARL\",\"foundingDate\":\"2010-09-06\",\"numberOfEmployees\":{\"@type\":\"QuantitativeValue\",\"minValue\":\"11\",\"maxValue\":\"50\"}},{\"@type\":\"Person\",\"@id\":\"https:\\\/\\\/www.webdo.tn\\\/fr\\\/#\\\/schema\\\/person\\\/2c4929cbf5a809e3bd38617c6ce150f6\",\"name\":\"MC\",\"image\":{\"@type\":\"ImageObject\",\"inLanguage\":\"fr-FR\",\"@id\":\"https:\\\/\\\/secure.gravatar.com\\\/avatar\\\/a545bbb6f84efdd5553dbbc2895e3ca8f1d12c5215e00a041c9670b54aa9b18a?s=96&d=mm&r=g\",\"url\":\"https:\\\/\\\/secure.gravatar.com\\\/avatar\\\/a545bbb6f84efdd5553dbbc2895e3ca8f1d12c5215e00a041c9670b54aa9b18a?s=96&d=mm&r=g\",\"contentUrl\":\"https:\\\/\\\/secure.gravatar.com\\\/avatar\\\/a545bbb6f84efdd5553dbbc2895e3ca8f1d12c5215e00a041c9670b54aa9b18a?s=96&d=mm&r=g\",\"caption\":\"MC\"},\"url\":\"https:\\\/\\\/www.webdo.tn\\\/fr\\\/actualite\\\/author\\\/mc\\\/\"}]}<\/script>\n<!-- \/ Yoast SEO Premium plugin. -->","yoast_head_json":{"title":"L\u2019Esp\u00e9rance lance une campagne pour payer l\u2019amende \u00e0 la CAF","description":"L'Esp\u00e9rance ST, lourdement sanctionn\u00e9e, hier par la Conf\u00e9d\u00e9ration Africaine de Football suite aux incidents ayant \u00e9maill\u00e9 le match du 29 avril dernier face \u00e0 la...","canonical":"https:\/\/www.webdo.tn\/fr\/actualite\/sport\/l-esperance-lance-une-campagne-pour-payer-l-amende-a-la-caf\/205476\/","og_locale":"fr_FR","og_type":"article","og_title":"L\u2019Esp\u00e9rance lance une campagne pour payer l\u2019amende \u00e0 la CAF","og_description":"L'Esp\u00e9rance ST, lourdement sanctionn\u00e9e, hier par la Conf\u00e9d\u00e9ration Africaine de Football suite aux incidents ayant \u00e9maill\u00e9 le match du 29 avril dernier face \u00e0 la...","og_url":"https:\/\/www.webdo.tn\/fr\/actualite\/sport\/l-esperance-lance-une-campagne-pour-payer-l-amende-a-la-caf\/205476\/","og_site_name":"webdo","article_publisher":"https:\/\/www.facebook.com\/webdotn","article_published_time":"2023-05-06T09:17:00+00:00","article_modified_time":"2025-05-20T22:00:04+00:00","og_image":[{"width":512,"height":273,"url":"https:\/\/www.webdo.tn\/fr\/wp-content\/uploads\/2023\/05\/67a85f04f56cab43950367d279ebd508.jpg","type":"image\/jpeg"}],"author":"MC","twitter_card":"summary_large_image","twitter_creator":"@webdo_tn","twitter_site":"@webdo_tn","twitter_misc":{"\u00c9crit par":"MC","Dur\u00e9e de lecture estim\u00e9e":"2 minutes"},"schema":{"@context":"https:\/\/schema.org","@graph":[{"@type":"NewsArticle","@id":"https:\/\/www.webdo.tn\/fr\/actualite\/sport\/l-esperance-lance-une-campagne-pour-payer-l-amende-a-la-caf\/205476\/#article","isPartOf":{"@id":"https:\/\/www.webdo.tn\/fr\/actualite\/sport\/l-esperance-lance-une-campagne-pour-payer-l-amende-a-la-caf\/205476\/"},"author":{"name":"MC","@id":"https:\/\/www.webdo.tn\/fr\/#\/schema\/person\/2c4929cbf5a809e3bd38617c6ce150f6"},"headline":"L\u2019Esp\u00e9rance lance une campagne pour payer l\u2019amende \u00e0 la CAF","datePublished":"2023-05-06T09:17:00+00:00","dateModified":"2025-05-20T22:00:04+00:00","mainEntityOfPage":{"@id":"https:\/\/www.webdo.tn\/fr\/actualite\/sport\/l-esperance-lance-une-campagne-pour-payer-l-amende-a-la-caf\/205476\/"},"wordCount":324,"commentCount":0,"publisher":{"@id":"https:\/\/www.webdo.tn\/fr\/#organization"},"image":{"@id":"https:\/\/www.webdo.tn\/fr\/actualite\/sport\/l-esperance-lance-une-campagne-pour-payer-l-amende-a-la-caf\/205476\/#primaryimage"},"thumbnailUrl":"https:\/\/www.webdo.tn\/fr\/wp-content\/uploads\/2023\/05\/67a85f04f56cab43950367d279ebd508.jpg","keywords":["CAF","esp\u00e9rance st","EST","ligue des champions","sanctions"],"articleSection":["Sport"],"inLanguage":"fr-FR"},{"@type":"WebPage","@id":"https:\/\/www.webdo.tn\/fr\/actualite\/sport\/l-esperance-lance-une-campagne-pour-payer-l-amende-a-la-caf\/205476\/","url":"https:\/\/www.webdo.tn\/fr\/actualite\/sport\/l-esperance-lance-une-campagne-pour-payer-l-amende-a-la-caf\/205476\/","name":"L\u2019Esp\u00e9rance lance une campagne pour payer l\u2019amende \u00e0 la CAF","isPartOf":{"@id":"https:\/\/www.webdo.tn\/fr\/#website"},"primaryImageOfPage":{"@id":"https:\/\/www.webdo.tn\/fr\/actualite\/sport\/l-esperance-lance-une-campagne-pour-payer-l-amende-a-la-caf\/205476\/#primaryimage"},"image":{"@id":"https:\/\/www.webdo.tn\/fr\/actualite\/sport\/l-esperance-lance-une-campagne-pour-payer-l-amende-a-la-caf\/205476\/#primaryimage"},"thumbnailUrl":"https:\/\/www.webdo.tn\/fr\/wp-content\/uploads\/2023\/05\/67a85f04f56cab43950367d279ebd508.jpg","datePublished":"2023-05-06T09:17:00+00:00","dateModified":"2025-05-20T22:00:04+00:00","description":"L'Esp\u00e9rance ST, lourdement sanctionn\u00e9e, hier par la Conf\u00e9d\u00e9ration Africaine de Football suite aux incidents ayant \u00e9maill\u00e9 le match du 29 avril dernier face \u00e0 la...","breadcrumb":{"@id":"https:\/\/www.webdo.tn\/fr\/actualite\/sport\/l-esperance-lance-une-campagne-pour-payer-l-amende-a-la-caf\/205476\/#breadcrumb"},"inLanguage":"fr-FR","potentialAction":[{"@type":"ReadAction","target":["https:\/\/www.webdo.tn\/fr\/actualite\/sport\/l-esperance-lance-une-campagne-pour-payer-l-amende-a-la-caf\/205476\/"]}]},{"@type":"ImageObject","inLanguage":"fr-FR","@id":"https:\/\/www.webdo.tn\/fr\/actualite\/sport\/l-esperance-lance-une-campagne-pour-payer-l-amende-a-la-caf\/205476\/#primaryimage","url":"https:\/\/www.webdo.tn\/fr\/wp-content\/uploads\/2023\/05\/67a85f04f56cab43950367d279ebd508.jpg","contentUrl":"https:\/\/www.webdo.tn\/fr\/wp-content\/uploads\/2023\/05\/67a85f04f56cab43950367d279ebd508.jpg","width":512,"height":273,"caption":"L\u2019Esp\u00e9rance lance une campagne pour payer l\u2019amende \u00e0 la CAF"},{"@type":"BreadcrumbList","@id":"https:\/\/www.webdo.tn\/fr\/actualite\/sport\/l-esperance-lance-une-campagne-pour-payer-l-amende-a-la-caf\/205476\/#breadcrumb","itemListElement":[{"@type":"ListItem","position":1,"name":"Accueil","item":"https:\/\/www.webdo.tn\/fr\/"},{"@type":"ListItem","position":2,"name":"L\u2019Esp\u00e9rance lance une campagne pour payer l\u2019amende \u00e0 la CAF"}]},{"@type":"WebSite","@id":"https:\/\/www.webdo.tn\/fr\/#website","url":"https:\/\/www.webdo.tn\/fr\/","name":"webdo","description":"Tunisie - News en Tunisie et \u00e0 l&#039;international sur Webdo.tn","publisher":{"@id":"https:\/\/www.webdo.tn\/fr\/#organization"},"potentialAction":[{"@type":"SearchAction","target":{"@type":"EntryPoint","urlTemplate":"https:\/\/www.webdo.tn\/fr\/?s={search_term_string}"},"query-input":{"@type":"PropertyValueSpecification","valueRequired":true,"valueName":"search_term_string"}}],"inLanguage":"fr-FR"},{"@type":"Organization","@id":"https:\/\/www.webdo.tn\/fr\/#organization","name":"Webdo","alternateName":"Webdo.tn","url":"https:\/\/www.webdo.tn\/fr\/","logo":{"@type":"ImageObject","inLanguage":"fr-FR","@id":"https:\/\/www.webdo.tn\/fr\/#\/schema\/logo\/image\/","url":"https:\/\/www.webdo.tn\/fr\/wp-content\/uploads\/2025\/06\/Webdo-Tunisie_168377.jpg","contentUrl":"https:\/\/www.webdo.tn\/fr\/wp-content\/uploads\/2025\/06\/Webdo-Tunisie_168377.jpg","width":301,"height":301,"caption":"Webdo"},"image":{"@id":"https:\/\/www.webdo.tn\/fr\/#\/schema\/logo\/image\/"},"sameAs":["https:\/\/www.facebook.com\/webdotn","https:\/\/x.com\/webdo_tn"],"description":"Webdo est un m\u00e9dia num\u00e9rique tunisien fond\u00e9 en 2010, sp\u00e9cialis\u00e9 dans l\u2019actualit\u00e9 nationale et internationale, l\u2019\u00e9conomie, la soci\u00e9t\u00e9 et les analyses politiques. Le site s\u2019adresse \u00e0 un large public francophone et couvre l\u2019information tunisienne en temps r\u00e9el.","email":"redac@webdo.tn","legalName":"YNJ SARL","foundingDate":"2010-09-06","numberOfEmployees":{"@type":"QuantitativeValue","minValue":"11","maxValue":"50"}},{"@type":"Person","@id":"https:\/\/www.webdo.tn\/fr\/#\/schema\/person\/2c4929cbf5a809e3bd38617c6ce150f6","name":"MC","image":{"@type":"ImageObject","inLanguage":"fr-FR","@id":"https:\/\/secure.gravatar.com\/avatar\/a545bbb6f84efdd5553dbbc2895e3ca8f1d12c5215e00a041c9670b54aa9b18a?s=96&d=mm&r=g","url":"https:\/\/secure.gravatar.com\/avatar\/a545bbb6f84efdd5553dbbc2895e3ca8f1d12c5215e00a041c9670b54aa9b18a?s=96&d=mm&r=g","contentUrl":"https:\/\/secure.gravatar.com\/avatar\/a545bbb6f84efdd5553dbbc2895e3ca8f1d12c5215e00a041c9670b54aa9b18a?s=96&d=mm&r=g","caption":"MC"},"url":"https:\/\/www.webdo.tn\/fr\/actualite\/author\/mc\/"}]}},"_links":{"self":[{"href":"https:\/\/www.webdo.tn\/fr\/wp-json\/wp\/v2\/posts\/205476","targetHints":{"allow":["GET"]}}],"collection":[{"href":"https:\/\/www.webdo.tn\/fr\/wp-json\/wp\/v2\/posts"}],"about":[{"href":"https:\/\/www.webdo.tn\/fr\/wp-json\/wp\/v2\/types\/post"}],"author":[{"embeddable":true,"href":"https:\/\/www.webdo.tn\/fr\/wp-json\/wp\/v2\/users\/3162"}],"replies":[{"embeddable":true,"href":"https:\/\/www.webdo.tn\/fr\/wp-json\/wp\/v2\/comments?post=205476"}],"version-history":[{"count":0,"href":"https:\/\/www.webdo.tn\/fr\/wp-json\/wp\/v2\/posts\/205476\/revisions"}],"wp:featuredmedia":[{"embeddable":true,"href":"https:\/\/www.webdo.tn\/fr\/wp-json\/wp\/v2\/media\/251242"}],"wp:attachment":[{"href":"https:\/\/www.webdo.tn\/fr\/wp-json\/wp\/v2\/media?parent=205476"}],"wp:term":[{"taxonomy":"category","embeddable":true,"href":"https:\/\/www.webdo.tn\/fr\/wp-json\/wp\/v2\/categories?post=205476"},{"taxonomy":"post_tag","embeddable":true,"href":"https:\/\/www.webdo.tn\/fr\/wp-json\/wp\/v2\/tags?post=205476"}],"curies":[{"name":"wp","href":"https:\/\/api.w.org\/{rel}","templated":true}]}}