{"id":205467,"date":"2023-05-05T20:29:00","date_gmt":"2023-05-05T20:29:00","guid":{"rendered":"https:\/\/www.webdo.tn\/fr\/blog\/l-esperance-lourdement-sanctionne-par-la-caf\/205467\/"},"modified":"2023-05-05T20:29:00","modified_gmt":"2023-05-05T20:29:00","slug":"l-esperance-lourdement-sanctionne-par-la-caf","status":"publish","type":"post","link":"https:\/\/www.webdo.tn\/fr\/actualite\/sport\/l-esperance-lourdement-sanctionne-par-la-caf\/205467\/","title":{"rendered":"L&rsquo;Esp\u00e9rance lourdement sanctionn\u00e9e par la CAF"},"content":{"rendered":"<p>La Conf\u00e9d\u00e9ration Africaine de Football a fait part, ce vendredi 5 mai 2023, d&rsquo;une s\u00e9rie de sanctions \u00e0 l&rsquo;encontre de l&rsquo;Esp\u00e9rance Sportive de Tunis, suite des d\u00e9passements survenus lors du match contre la JSK, en Ligue des Champions.<\/p>\n<p>\t\t\t\t\t\t\t\t\tLa CAF n&rsquo;y est pas all\u00e9 de main morte. En effet, L&rsquo;EST\u00a0a \u00e9cop\u00e9 d&rsquo;une tr\u00e8s lourde amende de 300 mille dollars (912 mille dinars) \u00e0 la suite des d\u00e9bordements enregistr\u00e9s \u00e0 la mi-temps de son quart de finale retour de samedi dernier.<\/p>\n<p>De plus, les Sang et Or seront priv\u00e9s de leur public (huis clos) pour les quatres (dont deux \u00e0 sursis) prochains matches \u00e0 domicile. La demi-finale, face \u00e0 Al Ahly, se d\u00e9roulera donc \u00e0 huis clos.<\/p>\n","protected":false},"excerpt":{"rendered":"<p>La Conf\u00e9d\u00e9ration Africaine de Football a fait part, ce vendredi 5 mai 2023, d&rsquo;une s\u00e9rie de sanctions \u00e0 l&rsquo;encontre de l&rsquo;Esp\u00e9rance Sportive de Tunis, suite des d\u00e9&#8230;<\/p>\n","protected":false},"author":3169,"featured_media":251238,"comment_status":"open","ping_status":"closed","sticky":false,"template":"","format":"standard","meta":{"footnotes":""},"categories":[2593],"tags":[3135,5122,3436,4987,2608],"class_list":["post-205467","post","type-post","status-publish","format-standard","has-post-thumbnail","hentry","category-sport","tag-caf","tag-esperance-sportive-de-tunis","tag-est","tag-sanctions","tag-tunisie"],"yoast_head":"<!-- This site is optimized with the Yoast SEO Premium plugin v27.5 (Yoast SEO v27.5) - https:\/\/yoast.com\/product\/yoast-seo-premium-wordpress\/ -->\n<title>L&#039;Esp\u00e9rance lourdement sanctionn\u00e9e par la CAF<\/title>\n<meta name=\"description\" content=\"La Conf\u00e9d\u00e9ration Africaine de Football a fait part, ce vendredi 5 mai 2023, d&#039;une s\u00e9rie de sanctions \u00e0 l&#039;encontre de l&#039;Esp\u00e9rance Sportive de Tunis, suite des d\u00e9...\" \/>\n<link rel=\"canonical\" href=\"https:\/\/www.webdo.tn\/fr\/actualite\/sport\/l-esperance-lourdement-sanctionne-par-la-caf\/205467\/\" \/>\n<meta property=\"og:locale\" content=\"fr_FR\" \/>\n<meta property=\"og:type\" content=\"article\" \/>\n<meta property=\"og:title\" content=\"L&#039;Esp\u00e9rance lourdement sanctionn\u00e9e par la CAF\" \/>\n<meta property=\"og:description\" content=\"La Conf\u00e9d\u00e9ration Africaine de Football a fait part, ce vendredi 5 mai 2023, d&#039;une s\u00e9rie de sanctions \u00e0 l&#039;encontre de l&#039;Esp\u00e9rance Sportive de Tunis, suite des d\u00e9...\" \/>\n<meta property=\"og:url\" content=\"https:\/\/www.webdo.tn\/fr\/actualite\/sport\/l-esperance-lourdement-sanctionne-par-la-caf\/205467\/\" \/>\n<meta property=\"og:site_name\" content=\"webdo\" \/>\n<meta property=\"article:publisher\" content=\"https:\/\/www.facebook.com\/webdotn\" \/>\n<meta property=\"article:published_time\" content=\"2023-05-05T20:29:00+00:00\" \/>\n<meta property=\"og:image\" content=\"https:\/\/www.webdo.tn\/fr\/wp-content\/uploads\/2023\/05\/18285c149743846f13d62504dd9b4b8e.webp\" \/>\n\t<meta property=\"og:image:width\" content=\"750\" \/>\n\t<meta property=\"og:image:height\" content=\"400\" \/>\n\t<meta property=\"og:image:type\" content=\"image\/webp\" \/>\n<meta name=\"author\" content=\"Webdo\" \/>\n<meta name=\"twitter:card\" content=\"summary_large_image\" \/>\n<meta name=\"twitter:creator\" content=\"@webdo_tn\" \/>\n<meta name=\"twitter:site\" content=\"@webdo_tn\" \/>\n<meta name=\"twitter:label1\" content=\"\u00c9crit par\" \/>\n\t<meta name=\"twitter:data1\" content=\"Webdo\" \/>\n\t<meta name=\"twitter:label2\" content=\"Dur\u00e9e de lecture estim\u00e9e\" \/>\n\t<meta name=\"twitter:data2\" content=\"1 minute\" \/>\n<script type=\"application\/ld+json\" class=\"yoast-schema-graph\">{\"@context\":\"https:\\\/\\\/schema.org\",\"@graph\":[{\"@type\":\"NewsArticle\",\"@id\":\"https:\\\/\\\/www.webdo.tn\\\/fr\\\/actualite\\\/sport\\\/l-esperance-lourdement-sanctionne-par-la-caf\\\/205467\\\/#article\",\"isPartOf\":{\"@id\":\"https:\\\/\\\/www.webdo.tn\\\/fr\\\/actualite\\\/sport\\\/l-esperance-lourdement-sanctionne-par-la-caf\\\/205467\\\/\"},\"author\":{\"name\":\"Webdo\",\"@id\":\"https:\\\/\\\/www.webdo.tn\\\/fr\\\/#\\\/schema\\\/person\\\/1f4e491e0907b413d61089e8eb573acc\"},\"headline\":\"L&rsquo;Esp\u00e9rance lourdement sanctionn\u00e9e par la CAF\",\"datePublished\":\"2023-05-05T20:29:00+00:00\",\"mainEntityOfPage\":{\"@id\":\"https:\\\/\\\/www.webdo.tn\\\/fr\\\/actualite\\\/sport\\\/l-esperance-lourdement-sanctionne-par-la-caf\\\/205467\\\/\"},\"wordCount\":131,\"commentCount\":0,\"publisher\":{\"@id\":\"https:\\\/\\\/www.webdo.tn\\\/fr\\\/#organization\"},\"image\":{\"@id\":\"https:\\\/\\\/www.webdo.tn\\\/fr\\\/actualite\\\/sport\\\/l-esperance-lourdement-sanctionne-par-la-caf\\\/205467\\\/#primaryimage\"},\"thumbnailUrl\":\"https:\\\/\\\/www.webdo.tn\\\/fr\\\/wp-content\\\/uploads\\\/2023\\\/05\\\/18285c149743846f13d62504dd9b4b8e.webp\",\"keywords\":[\"CAF\",\"Esp\u00e9rance Sportive de Tunis\",\"EST\",\"sanctions\",\"Tunisie\"],\"articleSection\":[\"Sport\"],\"inLanguage\":\"fr-FR\"},{\"@type\":\"WebPage\",\"@id\":\"https:\\\/\\\/www.webdo.tn\\\/fr\\\/actualite\\\/sport\\\/l-esperance-lourdement-sanctionne-par-la-caf\\\/205467\\\/\",\"url\":\"https:\\\/\\\/www.webdo.tn\\\/fr\\\/actualite\\\/sport\\\/l-esperance-lourdement-sanctionne-par-la-caf\\\/205467\\\/\",\"name\":\"L'Esp\u00e9rance lourdement sanctionn\u00e9e par la CAF\",\"isPartOf\":{\"@id\":\"https:\\\/\\\/www.webdo.tn\\\/fr\\\/#website\"},\"primaryImageOfPage\":{\"@id\":\"https:\\\/\\\/www.webdo.tn\\\/fr\\\/actualite\\\/sport\\\/l-esperance-lourdement-sanctionne-par-la-caf\\\/205467\\\/#primaryimage\"},\"image\":{\"@id\":\"https:\\\/\\\/www.webdo.tn\\\/fr\\\/actualite\\\/sport\\\/l-esperance-lourdement-sanctionne-par-la-caf\\\/205467\\\/#primaryimage\"},\"thumbnailUrl\":\"https:\\\/\\\/www.webdo.tn\\\/fr\\\/wp-content\\\/uploads\\\/2023\\\/05\\\/18285c149743846f13d62504dd9b4b8e.webp\",\"datePublished\":\"2023-05-05T20:29:00+00:00\",\"description\":\"La Conf\u00e9d\u00e9ration Africaine de Football a fait part, ce vendredi 5 mai 2023, d'une s\u00e9rie de sanctions \u00e0 l'encontre de l'Esp\u00e9rance Sportive de Tunis, suite des d\u00e9...\",\"breadcrumb\":{\"@id\":\"https:\\\/\\\/www.webdo.tn\\\/fr\\\/actualite\\\/sport\\\/l-esperance-lourdement-sanctionne-par-la-caf\\\/205467\\\/#breadcrumb\"},\"inLanguage\":\"fr-FR\",\"potentialAction\":[{\"@type\":\"ReadAction\",\"target\":[\"https:\\\/\\\/www.webdo.tn\\\/fr\\\/actualite\\\/sport\\\/l-esperance-lourdement-sanctionne-par-la-caf\\\/205467\\\/\"]}]},{\"@type\":\"ImageObject\",\"inLanguage\":\"fr-FR\",\"@id\":\"https:\\\/\\\/www.webdo.tn\\\/fr\\\/actualite\\\/sport\\\/l-esperance-lourdement-sanctionne-par-la-caf\\\/205467\\\/#primaryimage\",\"url\":\"https:\\\/\\\/www.webdo.tn\\\/fr\\\/wp-content\\\/uploads\\\/2023\\\/05\\\/18285c149743846f13d62504dd9b4b8e.webp\",\"contentUrl\":\"https:\\\/\\\/www.webdo.tn\\\/fr\\\/wp-content\\\/uploads\\\/2023\\\/05\\\/18285c149743846f13d62504dd9b4b8e.webp\",\"width\":750,\"height\":400,\"caption\":\"L'Esp\u00e9rance lourdement sanctionn\u00e9e par la CAF\"},{\"@type\":\"BreadcrumbList\",\"@id\":\"https:\\\/\\\/www.webdo.tn\\\/fr\\\/actualite\\\/sport\\\/l-esperance-lourdement-sanctionne-par-la-caf\\\/205467\\\/#breadcrumb\",\"itemListElement\":[{\"@type\":\"ListItem\",\"position\":1,\"name\":\"Accueil\",\"item\":\"https:\\\/\\\/www.webdo.tn\\\/fr\\\/\"},{\"@type\":\"ListItem\",\"position\":2,\"name\":\"L&rsquo;Esp\u00e9rance lourdement sanctionn\u00e9e par la CAF\"}]},{\"@type\":\"WebSite\",\"@id\":\"https:\\\/\\\/www.webdo.tn\\\/fr\\\/#website\",\"url\":\"https:\\\/\\\/www.webdo.tn\\\/fr\\\/\",\"name\":\"webdo\",\"description\":\"Tunisie - News en Tunisie et \u00e0 l&#039;international sur Webdo.tn\",\"publisher\":{\"@id\":\"https:\\\/\\\/www.webdo.tn\\\/fr\\\/#organization\"},\"potentialAction\":[{\"@type\":\"SearchAction\",\"target\":{\"@type\":\"EntryPoint\",\"urlTemplate\":\"https:\\\/\\\/www.webdo.tn\\\/fr\\\/?s={search_term_string}\"},\"query-input\":{\"@type\":\"PropertyValueSpecification\",\"valueRequired\":true,\"valueName\":\"search_term_string\"}}],\"inLanguage\":\"fr-FR\"},{\"@type\":\"Organization\",\"@id\":\"https:\\\/\\\/www.webdo.tn\\\/fr\\\/#organization\",\"name\":\"Webdo\",\"alternateName\":\"Webdo.tn\",\"url\":\"https:\\\/\\\/www.webdo.tn\\\/fr\\\/\",\"logo\":{\"@type\":\"ImageObject\",\"inLanguage\":\"fr-FR\",\"@id\":\"https:\\\/\\\/www.webdo.tn\\\/fr\\\/#\\\/schema\\\/logo\\\/image\\\/\",\"url\":\"https:\\\/\\\/www.webdo.tn\\\/fr\\\/wp-content\\\/uploads\\\/2025\\\/06\\\/Webdo-Tunisie_168377.jpg\",\"contentUrl\":\"https:\\\/\\\/www.webdo.tn\\\/fr\\\/wp-content\\\/uploads\\\/2025\\\/06\\\/Webdo-Tunisie_168377.jpg\",\"width\":301,\"height\":301,\"caption\":\"Webdo\"},\"image\":{\"@id\":\"https:\\\/\\\/www.webdo.tn\\\/fr\\\/#\\\/schema\\\/logo\\\/image\\\/\"},\"sameAs\":[\"https:\\\/\\\/www.facebook.com\\\/webdotn\",\"https:\\\/\\\/x.com\\\/webdo_tn\"],\"description\":\"Webdo est un m\u00e9dia num\u00e9rique tunisien fond\u00e9 en 2010, sp\u00e9cialis\u00e9 dans l\u2019actualit\u00e9 nationale et internationale, l\u2019\u00e9conomie, la soci\u00e9t\u00e9 et les analyses politiques. Le site s\u2019adresse \u00e0 un large public francophone et couvre l\u2019information tunisienne en temps r\u00e9el.\",\"email\":\"redac@webdo.tn\",\"legalName\":\"YNJ SARL\",\"foundingDate\":\"2010-09-06\",\"numberOfEmployees\":{\"@type\":\"QuantitativeValue\",\"minValue\":\"11\",\"maxValue\":\"50\"}},{\"@type\":\"Person\",\"@id\":\"https:\\\/\\\/www.webdo.tn\\\/fr\\\/#\\\/schema\\\/person\\\/1f4e491e0907b413d61089e8eb573acc\",\"name\":\"Webdo\",\"image\":{\"@type\":\"ImageObject\",\"inLanguage\":\"fr-FR\",\"@id\":\"https:\\\/\\\/secure.gravatar.com\\\/avatar\\\/de97aeec1bb80978a9dbb127e47dfc88aaacb2f3c29aac907d8d3222e3495d49?s=96&d=mm&r=g\",\"url\":\"https:\\\/\\\/secure.gravatar.com\\\/avatar\\\/de97aeec1bb80978a9dbb127e47dfc88aaacb2f3c29aac907d8d3222e3495d49?s=96&d=mm&r=g\",\"contentUrl\":\"https:\\\/\\\/secure.gravatar.com\\\/avatar\\\/de97aeec1bb80978a9dbb127e47dfc88aaacb2f3c29aac907d8d3222e3495d49?s=96&d=mm&r=g\",\"caption\":\"Webdo\"},\"url\":\"https:\\\/\\\/www.webdo.tn\\\/fr\\\/actualite\\\/author\\\/webdo\\\/\"}]}<\/script>\n<!-- \/ Yoast SEO Premium plugin. -->","yoast_head_json":{"title":"L'Esp\u00e9rance lourdement sanctionn\u00e9e par la CAF","description":"La Conf\u00e9d\u00e9ration Africaine de Football a fait part, ce vendredi 5 mai 2023, d'une s\u00e9rie de sanctions \u00e0 l'encontre de l'Esp\u00e9rance Sportive de Tunis, suite des d\u00e9...","canonical":"https:\/\/www.webdo.tn\/fr\/actualite\/sport\/l-esperance-lourdement-sanctionne-par-la-caf\/205467\/","og_locale":"fr_FR","og_type":"article","og_title":"L'Esp\u00e9rance lourdement sanctionn\u00e9e par la CAF","og_description":"La Conf\u00e9d\u00e9ration Africaine de Football a fait part, ce vendredi 5 mai 2023, d'une s\u00e9rie de sanctions \u00e0 l'encontre de l'Esp\u00e9rance Sportive de Tunis, suite des d\u00e9...","og_url":"https:\/\/www.webdo.tn\/fr\/actualite\/sport\/l-esperance-lourdement-sanctionne-par-la-caf\/205467\/","og_site_name":"webdo","article_publisher":"https:\/\/www.facebook.com\/webdotn","article_published_time":"2023-05-05T20:29:00+00:00","og_image":[{"width":750,"height":400,"url":"https:\/\/www.webdo.tn\/fr\/wp-content\/uploads\/2023\/05\/18285c149743846f13d62504dd9b4b8e.webp","type":"image\/webp"}],"author":"Webdo","twitter_card":"summary_large_image","twitter_creator":"@webdo_tn","twitter_site":"@webdo_tn","twitter_misc":{"\u00c9crit par":"Webdo","Dur\u00e9e de lecture estim\u00e9e":"1 minute"},"schema":{"@context":"https:\/\/schema.org","@graph":[{"@type":"NewsArticle","@id":"https:\/\/www.webdo.tn\/fr\/actualite\/sport\/l-esperance-lourdement-sanctionne-par-la-caf\/205467\/#article","isPartOf":{"@id":"https:\/\/www.webdo.tn\/fr\/actualite\/sport\/l-esperance-lourdement-sanctionne-par-la-caf\/205467\/"},"author":{"name":"Webdo","@id":"https:\/\/www.webdo.tn\/fr\/#\/schema\/person\/1f4e491e0907b413d61089e8eb573acc"},"headline":"L&rsquo;Esp\u00e9rance lourdement sanctionn\u00e9e par la CAF","datePublished":"2023-05-05T20:29:00+00:00","mainEntityOfPage":{"@id":"https:\/\/www.webdo.tn\/fr\/actualite\/sport\/l-esperance-lourdement-sanctionne-par-la-caf\/205467\/"},"wordCount":131,"commentCount":0,"publisher":{"@id":"https:\/\/www.webdo.tn\/fr\/#organization"},"image":{"@id":"https:\/\/www.webdo.tn\/fr\/actualite\/sport\/l-esperance-lourdement-sanctionne-par-la-caf\/205467\/#primaryimage"},"thumbnailUrl":"https:\/\/www.webdo.tn\/fr\/wp-content\/uploads\/2023\/05\/18285c149743846f13d62504dd9b4b8e.webp","keywords":["CAF","Esp\u00e9rance Sportive de Tunis","EST","sanctions","Tunisie"],"articleSection":["Sport"],"inLanguage":"fr-FR"},{"@type":"WebPage","@id":"https:\/\/www.webdo.tn\/fr\/actualite\/sport\/l-esperance-lourdement-sanctionne-par-la-caf\/205467\/","url":"https:\/\/www.webdo.tn\/fr\/actualite\/sport\/l-esperance-lourdement-sanctionne-par-la-caf\/205467\/","name":"L'Esp\u00e9rance lourdement sanctionn\u00e9e par la CAF","isPartOf":{"@id":"https:\/\/www.webdo.tn\/fr\/#website"},"primaryImageOfPage":{"@id":"https:\/\/www.webdo.tn\/fr\/actualite\/sport\/l-esperance-lourdement-sanctionne-par-la-caf\/205467\/#primaryimage"},"image":{"@id":"https:\/\/www.webdo.tn\/fr\/actualite\/sport\/l-esperance-lourdement-sanctionne-par-la-caf\/205467\/#primaryimage"},"thumbnailUrl":"https:\/\/www.webdo.tn\/fr\/wp-content\/uploads\/2023\/05\/18285c149743846f13d62504dd9b4b8e.webp","datePublished":"2023-05-05T20:29:00+00:00","description":"La Conf\u00e9d\u00e9ration Africaine de Football a fait part, ce vendredi 5 mai 2023, d'une s\u00e9rie de sanctions \u00e0 l'encontre de l'Esp\u00e9rance Sportive de Tunis, suite des d\u00e9...","breadcrumb":{"@id":"https:\/\/www.webdo.tn\/fr\/actualite\/sport\/l-esperance-lourdement-sanctionne-par-la-caf\/205467\/#breadcrumb"},"inLanguage":"fr-FR","potentialAction":[{"@type":"ReadAction","target":["https:\/\/www.webdo.tn\/fr\/actualite\/sport\/l-esperance-lourdement-sanctionne-par-la-caf\/205467\/"]}]},{"@type":"ImageObject","inLanguage":"fr-FR","@id":"https:\/\/www.webdo.tn\/fr\/actualite\/sport\/l-esperance-lourdement-sanctionne-par-la-caf\/205467\/#primaryimage","url":"https:\/\/www.webdo.tn\/fr\/wp-content\/uploads\/2023\/05\/18285c149743846f13d62504dd9b4b8e.webp","contentUrl":"https:\/\/www.webdo.tn\/fr\/wp-content\/uploads\/2023\/05\/18285c149743846f13d62504dd9b4b8e.webp","width":750,"height":400,"caption":"L'Esp\u00e9rance lourdement sanctionn\u00e9e par la CAF"},{"@type":"BreadcrumbList","@id":"https:\/\/www.webdo.tn\/fr\/actualite\/sport\/l-esperance-lourdement-sanctionne-par-la-caf\/205467\/#breadcrumb","itemListElement":[{"@type":"ListItem","position":1,"name":"Accueil","item":"https:\/\/www.webdo.tn\/fr\/"},{"@type":"ListItem","position":2,"name":"L&rsquo;Esp\u00e9rance lourdement sanctionn\u00e9e par la CAF"}]},{"@type":"WebSite","@id":"https:\/\/www.webdo.tn\/fr\/#website","url":"https:\/\/www.webdo.tn\/fr\/","name":"webdo","description":"Tunisie - News en Tunisie et \u00e0 l&#039;international sur Webdo.tn","publisher":{"@id":"https:\/\/www.webdo.tn\/fr\/#organization"},"potentialAction":[{"@type":"SearchAction","target":{"@type":"EntryPoint","urlTemplate":"https:\/\/www.webdo.tn\/fr\/?s={search_term_string}"},"query-input":{"@type":"PropertyValueSpecification","valueRequired":true,"valueName":"search_term_string"}}],"inLanguage":"fr-FR"},{"@type":"Organization","@id":"https:\/\/www.webdo.tn\/fr\/#organization","name":"Webdo","alternateName":"Webdo.tn","url":"https:\/\/www.webdo.tn\/fr\/","logo":{"@type":"ImageObject","inLanguage":"fr-FR","@id":"https:\/\/www.webdo.tn\/fr\/#\/schema\/logo\/image\/","url":"https:\/\/www.webdo.tn\/fr\/wp-content\/uploads\/2025\/06\/Webdo-Tunisie_168377.jpg","contentUrl":"https:\/\/www.webdo.tn\/fr\/wp-content\/uploads\/2025\/06\/Webdo-Tunisie_168377.jpg","width":301,"height":301,"caption":"Webdo"},"image":{"@id":"https:\/\/www.webdo.tn\/fr\/#\/schema\/logo\/image\/"},"sameAs":["https:\/\/www.facebook.com\/webdotn","https:\/\/x.com\/webdo_tn"],"description":"Webdo est un m\u00e9dia num\u00e9rique tunisien fond\u00e9 en 2010, sp\u00e9cialis\u00e9 dans l\u2019actualit\u00e9 nationale et internationale, l\u2019\u00e9conomie, la soci\u00e9t\u00e9 et les analyses politiques. Le site s\u2019adresse \u00e0 un large public francophone et couvre l\u2019information tunisienne en temps r\u00e9el.","email":"redac@webdo.tn","legalName":"YNJ SARL","foundingDate":"2010-09-06","numberOfEmployees":{"@type":"QuantitativeValue","minValue":"11","maxValue":"50"}},{"@type":"Person","@id":"https:\/\/www.webdo.tn\/fr\/#\/schema\/person\/1f4e491e0907b413d61089e8eb573acc","name":"Webdo","image":{"@type":"ImageObject","inLanguage":"fr-FR","@id":"https:\/\/secure.gravatar.com\/avatar\/de97aeec1bb80978a9dbb127e47dfc88aaacb2f3c29aac907d8d3222e3495d49?s=96&d=mm&r=g","url":"https:\/\/secure.gravatar.com\/avatar\/de97aeec1bb80978a9dbb127e47dfc88aaacb2f3c29aac907d8d3222e3495d49?s=96&d=mm&r=g","contentUrl":"https:\/\/secure.gravatar.com\/avatar\/de97aeec1bb80978a9dbb127e47dfc88aaacb2f3c29aac907d8d3222e3495d49?s=96&d=mm&r=g","caption":"Webdo"},"url":"https:\/\/www.webdo.tn\/fr\/actualite\/author\/webdo\/"}]}},"_links":{"self":[{"href":"https:\/\/www.webdo.tn\/fr\/wp-json\/wp\/v2\/posts\/205467","targetHints":{"allow":["GET"]}}],"collection":[{"href":"https:\/\/www.webdo.tn\/fr\/wp-json\/wp\/v2\/posts"}],"about":[{"href":"https:\/\/www.webdo.tn\/fr\/wp-json\/wp\/v2\/types\/post"}],"author":[{"embeddable":true,"href":"https:\/\/www.webdo.tn\/fr\/wp-json\/wp\/v2\/users\/3169"}],"replies":[{"embeddable":true,"href":"https:\/\/www.webdo.tn\/fr\/wp-json\/wp\/v2\/comments?post=205467"}],"version-history":[{"count":0,"href":"https:\/\/www.webdo.tn\/fr\/wp-json\/wp\/v2\/posts\/205467\/revisions"}],"wp:featuredmedia":[{"embeddable":true,"href":"https:\/\/www.webdo.tn\/fr\/wp-json\/wp\/v2\/media\/251238"}],"wp:attachment":[{"href":"https:\/\/www.webdo.tn\/fr\/wp-json\/wp\/v2\/media?parent=205467"}],"wp:term":[{"taxonomy":"category","embeddable":true,"href":"https:\/\/www.webdo.tn\/fr\/wp-json\/wp\/v2\/categories?post=205467"},{"taxonomy":"post_tag","embeddable":true,"href":"https:\/\/www.webdo.tn\/fr\/wp-json\/wp\/v2\/tags?post=205467"}],"curies":[{"name":"wp","href":"https:\/\/api.w.org\/{rel}","templated":true}]}}