{"id":205458,"date":"2023-05-05T14:20:00","date_gmt":"2023-05-05T14:20:00","guid":{"rendered":"https:\/\/www.webdo.tn\/fr\/blog\/tourisme-medical-la-tunisie-fait-rever-les-francais\/205458\/"},"modified":"2025-05-20T22:58:21","modified_gmt":"2025-05-20T22:58:21","slug":"tourisme-medical-la-tunisie-fait-rever-les-francais","status":"publish","type":"post","link":"https:\/\/www.webdo.tn\/fr\/actualite\/national\/tourisme-medical-la-tunisie-fait-rever-les-francais\/205458\/","title":{"rendered":"Tourisme m\u00e9dical : la Tunisie fait r\u00eaver les Fran\u00e7ais !"},"content":{"rendered":"<p>Capital.fr a r\u00e9alis\u00e9 une enqu\u00eate sur le tourisme sanitaire des Fran\u00e7ais. L\u2019article met en exergue les efforts d\u00e9ploy\u00e9s par la Hongrie, la Turquie et la Tunisie pour attirer cette client\u00e8le. Voil\u00e0 ce que r\u00e9v\u00e8le l\u2019enqu\u00eate sur la destination Tunisie.<\/p>\n<p>\t\t\t\t\t\t\t\t\tLa qualit\u00e9 de leur sourire n\u2019est pas la seule pr\u00e9occupation de certains de ces patients fran\u00e7ais, qui n\u2019h\u00e9sitent pas \u00e0 \u00e9largir les soins \u00e0 toute leur apparence physique.<\/p>\n<p>Et c\u2019est vers la Tunisie qu\u2019ils se tournent cette fois, o\u00f9, comme en Hongrie et en Roumanie, une offre h\u00f4teli\u00e8re se d\u00e9veloppe. Le pays est un pionnier dans ce domaine et profite de conditions climatiques et administratives tr\u00e8s favorables.<\/p>\n<p>\u00abBeaucoup d\u2019\u00e9quipements m\u00e9dicaux sont subventionn\u00e9s par l\u2019Etat, les taxes sont r\u00e9duites sur ces appareils de pointe et les m\u00e9decins peuvent donc amortir rapidement leurs investissements\u00bb, explique une source locale.<\/p>\n<p>\u00abLe tourisme m\u00e9dical est une niche discr\u00e8te mais qui g\u00e9n\u00e8re beaucoup de rentr\u00e9es financi\u00e8res\u00bb, confirme Leila Tekaia, la directrice de l\u2019Office national du tourisme tunisien. Et les Fran\u00e7ais sont une cible de choix : en plus de la proximit\u00e9 de la langue, ils n\u2019ont pas besoin de visa pour se rendre dans le pays.<\/p>\n<p>On trouve donc beaucoup de cliniques sp\u00e9cialis\u00e9es dans les s\u00e9jours esth\u00e9tiques \u00e0 Tunis, mais aussi \u00e0 Carthage, sur les berges du lac, sur la c\u00f4te, ou \u00e0 proximit\u00e9 de l\u2019a\u00e9roport de la ville.<\/p>\n<p>Pour un tarif trois moins \u00e9lev\u00e9 qu\u2019en Europe de 2000 euros tout compris, vous pouvez vous offrir une rhinoplastie, avec une dur\u00e9e d\u2019hospitalisation de trois jours.<\/p>\n<p>Et il est possible d\u2019encha\u00eener sur un s\u00e9jour postop\u00e9ratoire de sept nuits, \u00abpour d\u00e9compresser\u00bb, \u00e0 passer dans un h\u00f4tel cinq \u00e9toiles \u00e0 quinze minutes de la clinique, \u00e0 Gammarth, au nord du quartier chic de la Marsa (Tunis), o\u00f9 les h\u00f4tels offrent bars, restaurants, piscine, spa, thalasso, conclut l\u2019article.<\/p>\n<p>Ils y a de plus en plus de Fran\u00e7ais qui sont s\u00e9duits par le tourisme de sant\u00e9. La S\u00e9cu a recens\u00e9 (et d\u00e9dommag\u00e9) un total de 488.999 Fran\u00e7ais ayant \u00e9t\u00e9 soign\u00e9s \u00e0 l\u2019\u00e9tranger en 2022.<\/p>\n","protected":false},"excerpt":{"rendered":"<p>Capital.fr a r\u00e9alis\u00e9 une enqu\u00eate sur le tourisme sanitaire des Fran\u00e7ais. L\u2019article met en exergue les efforts d\u00e9ploy\u00e9s par la Hongrie, la Turquie et la Tunisie&#8230;<\/p>\n","protected":false},"author":3188,"featured_media":251236,"comment_status":"open","ping_status":"closed","sticky":false,"template":"","format":"standard","meta":{"footnotes":""},"categories":[44],"tags":[3697,7131,2608],"class_list":["post-205458","post","type-post","status-publish","format-standard","has-post-thumbnail","hentry","category-national","tag-francais","tag-tourisme-medical","tag-tunisie"],"yoast_head":"<!-- This site is optimized with the Yoast SEO Premium plugin v27.4 (Yoast SEO v27.4) - https:\/\/yoast.com\/product\/yoast-seo-premium-wordpress\/ -->\n<title>Tourisme m\u00e9dical : la Tunisie fait r\u00eaver les Fran\u00e7ais !<\/title>\n<meta name=\"description\" content=\"Capital.fr a r\u00e9alis\u00e9 une enqu\u00eate sur le tourisme sanitaire des Fran\u00e7ais. L\u2019article met en exergue les efforts d\u00e9ploy\u00e9s par la Hongrie, la Turquie et la Tunisie...\" \/>\n<link rel=\"canonical\" href=\"https:\/\/www.webdo.tn\/fr\/actualite\/national\/tourisme-medical-la-tunisie-fait-rever-les-francais\/205458\/\" \/>\n<meta property=\"og:locale\" content=\"fr_FR\" \/>\n<meta property=\"og:type\" content=\"article\" \/>\n<meta property=\"og:title\" content=\"Tourisme m\u00e9dical : la Tunisie fait r\u00eaver les Fran\u00e7ais !\" \/>\n<meta property=\"og:description\" content=\"Capital.fr a r\u00e9alis\u00e9 une enqu\u00eate sur le tourisme sanitaire des Fran\u00e7ais. L\u2019article met en exergue les efforts d\u00e9ploy\u00e9s par la Hongrie, la Turquie et la Tunisie...\" \/>\n<meta property=\"og:url\" content=\"https:\/\/www.webdo.tn\/fr\/actualite\/national\/tourisme-medical-la-tunisie-fait-rever-les-francais\/205458\/\" \/>\n<meta property=\"og:site_name\" content=\"webdo\" \/>\n<meta property=\"article:publisher\" content=\"https:\/\/www.facebook.com\/webdotn\" \/>\n<meta property=\"article:published_time\" content=\"2023-05-05T14:20:00+00:00\" \/>\n<meta property=\"article:modified_time\" content=\"2025-05-20T22:58:21+00:00\" \/>\n<meta property=\"og:image\" content=\"https:\/\/www.webdo.tn\/fr\/wp-content\/uploads\/2023\/05\/6c93155a1844b09d876db430044fb7cf.jpg\" \/>\n\t<meta property=\"og:image:width\" content=\"574\" \/>\n\t<meta property=\"og:image:height\" content=\"306\" \/>\n\t<meta property=\"og:image:type\" content=\"image\/jpeg\" \/>\n<meta name=\"author\" content=\"Ramzi\" \/>\n<meta name=\"twitter:card\" content=\"summary_large_image\" \/>\n<meta name=\"twitter:creator\" content=\"@webdo_tn\" \/>\n<meta name=\"twitter:site\" content=\"@webdo_tn\" \/>\n<meta name=\"twitter:label1\" content=\"\u00c9crit par\" \/>\n\t<meta name=\"twitter:data1\" content=\"Ramzi\" \/>\n\t<meta name=\"twitter:label2\" content=\"Dur\u00e9e de lecture estim\u00e9e\" \/>\n\t<meta name=\"twitter:data2\" content=\"2 minutes\" \/>\n<script type=\"application\/ld+json\" class=\"yoast-schema-graph\">{\"@context\":\"https:\\\/\\\/schema.org\",\"@graph\":[{\"@type\":\"NewsArticle\",\"@id\":\"https:\\\/\\\/www.webdo.tn\\\/fr\\\/actualite\\\/national\\\/tourisme-medical-la-tunisie-fait-rever-les-francais\\\/205458\\\/#article\",\"isPartOf\":{\"@id\":\"https:\\\/\\\/www.webdo.tn\\\/fr\\\/actualite\\\/national\\\/tourisme-medical-la-tunisie-fait-rever-les-francais\\\/205458\\\/\"},\"author\":{\"name\":\"Ramzi\",\"@id\":\"https:\\\/\\\/www.webdo.tn\\\/fr\\\/#\\\/schema\\\/person\\\/590cb5f81adcfde6385530fdbdf468e2\"},\"headline\":\"Tourisme m\u00e9dical : la Tunisie fait r\u00eaver les Fran\u00e7ais !\",\"datePublished\":\"2023-05-05T14:20:00+00:00\",\"dateModified\":\"2025-05-20T22:58:21+00:00\",\"mainEntityOfPage\":{\"@id\":\"https:\\\/\\\/www.webdo.tn\\\/fr\\\/actualite\\\/national\\\/tourisme-medical-la-tunisie-fait-rever-les-francais\\\/205458\\\/\"},\"wordCount\":393,\"commentCount\":0,\"publisher\":{\"@id\":\"https:\\\/\\\/www.webdo.tn\\\/fr\\\/#organization\"},\"image\":{\"@id\":\"https:\\\/\\\/www.webdo.tn\\\/fr\\\/actualite\\\/national\\\/tourisme-medical-la-tunisie-fait-rever-les-francais\\\/205458\\\/#primaryimage\"},\"thumbnailUrl\":\"https:\\\/\\\/www.webdo.tn\\\/fr\\\/wp-content\\\/uploads\\\/2023\\\/05\\\/6c93155a1844b09d876db430044fb7cf.jpg\",\"keywords\":[\"fran\u00e7ais\",\"tourisme m\u00e9dical\",\"Tunisie\"],\"articleSection\":[\"National\"],\"inLanguage\":\"fr-FR\"},{\"@type\":\"WebPage\",\"@id\":\"https:\\\/\\\/www.webdo.tn\\\/fr\\\/actualite\\\/national\\\/tourisme-medical-la-tunisie-fait-rever-les-francais\\\/205458\\\/\",\"url\":\"https:\\\/\\\/www.webdo.tn\\\/fr\\\/actualite\\\/national\\\/tourisme-medical-la-tunisie-fait-rever-les-francais\\\/205458\\\/\",\"name\":\"Tourisme m\u00e9dical : la Tunisie fait r\u00eaver les Fran\u00e7ais !\",\"isPartOf\":{\"@id\":\"https:\\\/\\\/www.webdo.tn\\\/fr\\\/#website\"},\"primaryImageOfPage\":{\"@id\":\"https:\\\/\\\/www.webdo.tn\\\/fr\\\/actualite\\\/national\\\/tourisme-medical-la-tunisie-fait-rever-les-francais\\\/205458\\\/#primaryimage\"},\"image\":{\"@id\":\"https:\\\/\\\/www.webdo.tn\\\/fr\\\/actualite\\\/national\\\/tourisme-medical-la-tunisie-fait-rever-les-francais\\\/205458\\\/#primaryimage\"},\"thumbnailUrl\":\"https:\\\/\\\/www.webdo.tn\\\/fr\\\/wp-content\\\/uploads\\\/2023\\\/05\\\/6c93155a1844b09d876db430044fb7cf.jpg\",\"datePublished\":\"2023-05-05T14:20:00+00:00\",\"dateModified\":\"2025-05-20T22:58:21+00:00\",\"description\":\"Capital.fr a r\u00e9alis\u00e9 une enqu\u00eate sur le tourisme sanitaire des Fran\u00e7ais. L\u2019article met en exergue les efforts d\u00e9ploy\u00e9s par la Hongrie, la Turquie et la Tunisie...\",\"breadcrumb\":{\"@id\":\"https:\\\/\\\/www.webdo.tn\\\/fr\\\/actualite\\\/national\\\/tourisme-medical-la-tunisie-fait-rever-les-francais\\\/205458\\\/#breadcrumb\"},\"inLanguage\":\"fr-FR\",\"potentialAction\":[{\"@type\":\"ReadAction\",\"target\":[\"https:\\\/\\\/www.webdo.tn\\\/fr\\\/actualite\\\/national\\\/tourisme-medical-la-tunisie-fait-rever-les-francais\\\/205458\\\/\"]}]},{\"@type\":\"ImageObject\",\"inLanguage\":\"fr-FR\",\"@id\":\"https:\\\/\\\/www.webdo.tn\\\/fr\\\/actualite\\\/national\\\/tourisme-medical-la-tunisie-fait-rever-les-francais\\\/205458\\\/#primaryimage\",\"url\":\"https:\\\/\\\/www.webdo.tn\\\/fr\\\/wp-content\\\/uploads\\\/2023\\\/05\\\/6c93155a1844b09d876db430044fb7cf.jpg\",\"contentUrl\":\"https:\\\/\\\/www.webdo.tn\\\/fr\\\/wp-content\\\/uploads\\\/2023\\\/05\\\/6c93155a1844b09d876db430044fb7cf.jpg\",\"width\":574,\"height\":306,\"caption\":\"Tourisme m\u00e9dical : la Tunisie fait r\u00eaver les Fran\u00e7ais !\"},{\"@type\":\"BreadcrumbList\",\"@id\":\"https:\\\/\\\/www.webdo.tn\\\/fr\\\/actualite\\\/national\\\/tourisme-medical-la-tunisie-fait-rever-les-francais\\\/205458\\\/#breadcrumb\",\"itemListElement\":[{\"@type\":\"ListItem\",\"position\":1,\"name\":\"Accueil\",\"item\":\"https:\\\/\\\/www.webdo.tn\\\/fr\\\/\"},{\"@type\":\"ListItem\",\"position\":2,\"name\":\"Tourisme m\u00e9dical : la Tunisie fait r\u00eaver les Fran\u00e7ais !\"}]},{\"@type\":\"WebSite\",\"@id\":\"https:\\\/\\\/www.webdo.tn\\\/fr\\\/#website\",\"url\":\"https:\\\/\\\/www.webdo.tn\\\/fr\\\/\",\"name\":\"webdo\",\"description\":\"Tunisie - News en Tunisie et \u00e0 l&#039;international sur Webdo.tn\",\"publisher\":{\"@id\":\"https:\\\/\\\/www.webdo.tn\\\/fr\\\/#organization\"},\"potentialAction\":[{\"@type\":\"SearchAction\",\"target\":{\"@type\":\"EntryPoint\",\"urlTemplate\":\"https:\\\/\\\/www.webdo.tn\\\/fr\\\/?s={search_term_string}\"},\"query-input\":{\"@type\":\"PropertyValueSpecification\",\"valueRequired\":true,\"valueName\":\"search_term_string\"}}],\"inLanguage\":\"fr-FR\"},{\"@type\":\"Organization\",\"@id\":\"https:\\\/\\\/www.webdo.tn\\\/fr\\\/#organization\",\"name\":\"Webdo\",\"alternateName\":\"Webdo.tn\",\"url\":\"https:\\\/\\\/www.webdo.tn\\\/fr\\\/\",\"logo\":{\"@type\":\"ImageObject\",\"inLanguage\":\"fr-FR\",\"@id\":\"https:\\\/\\\/www.webdo.tn\\\/fr\\\/#\\\/schema\\\/logo\\\/image\\\/\",\"url\":\"https:\\\/\\\/www.webdo.tn\\\/fr\\\/wp-content\\\/uploads\\\/2025\\\/06\\\/Webdo-Tunisie_168377.jpg\",\"contentUrl\":\"https:\\\/\\\/www.webdo.tn\\\/fr\\\/wp-content\\\/uploads\\\/2025\\\/06\\\/Webdo-Tunisie_168377.jpg\",\"width\":301,\"height\":301,\"caption\":\"Webdo\"},\"image\":{\"@id\":\"https:\\\/\\\/www.webdo.tn\\\/fr\\\/#\\\/schema\\\/logo\\\/image\\\/\"},\"sameAs\":[\"https:\\\/\\\/www.facebook.com\\\/webdotn\",\"https:\\\/\\\/x.com\\\/webdo_tn\"],\"description\":\"Webdo est un m\u00e9dia num\u00e9rique tunisien fond\u00e9 en 2010, sp\u00e9cialis\u00e9 dans l\u2019actualit\u00e9 nationale et internationale, l\u2019\u00e9conomie, la soci\u00e9t\u00e9 et les analyses politiques. Le site s\u2019adresse \u00e0 un large public francophone et couvre l\u2019information tunisienne en temps r\u00e9el.\",\"email\":\"redac@webdo.tn\",\"legalName\":\"YNJ SARL\",\"foundingDate\":\"2010-09-06\",\"numberOfEmployees\":{\"@type\":\"QuantitativeValue\",\"minValue\":\"11\",\"maxValue\":\"50\"}},{\"@type\":\"Person\",\"@id\":\"https:\\\/\\\/www.webdo.tn\\\/fr\\\/#\\\/schema\\\/person\\\/590cb5f81adcfde6385530fdbdf468e2\",\"name\":\"Ramzi\",\"image\":{\"@type\":\"ImageObject\",\"inLanguage\":\"fr-FR\",\"@id\":\"https:\\\/\\\/secure.gravatar.com\\\/avatar\\\/48df7d18915e10cf866ba8e27604c81ff9243fd52704a1d210c3e387e1cb8d87?s=96&d=mm&r=g\",\"url\":\"https:\\\/\\\/secure.gravatar.com\\\/avatar\\\/48df7d18915e10cf866ba8e27604c81ff9243fd52704a1d210c3e387e1cb8d87?s=96&d=mm&r=g\",\"contentUrl\":\"https:\\\/\\\/secure.gravatar.com\\\/avatar\\\/48df7d18915e10cf866ba8e27604c81ff9243fd52704a1d210c3e387e1cb8d87?s=96&d=mm&r=g\",\"caption\":\"Ramzi\"},\"url\":\"https:\\\/\\\/www.webdo.tn\\\/fr\\\/actualite\\\/author\\\/ramzi\\\/\"}]}<\/script>\n<!-- \/ Yoast SEO Premium plugin. -->","yoast_head_json":{"title":"Tourisme m\u00e9dical : la Tunisie fait r\u00eaver les Fran\u00e7ais !","description":"Capital.fr a r\u00e9alis\u00e9 une enqu\u00eate sur le tourisme sanitaire des Fran\u00e7ais. L\u2019article met en exergue les efforts d\u00e9ploy\u00e9s par la Hongrie, la Turquie et la Tunisie...","canonical":"https:\/\/www.webdo.tn\/fr\/actualite\/national\/tourisme-medical-la-tunisie-fait-rever-les-francais\/205458\/","og_locale":"fr_FR","og_type":"article","og_title":"Tourisme m\u00e9dical : la Tunisie fait r\u00eaver les Fran\u00e7ais !","og_description":"Capital.fr a r\u00e9alis\u00e9 une enqu\u00eate sur le tourisme sanitaire des Fran\u00e7ais. L\u2019article met en exergue les efforts d\u00e9ploy\u00e9s par la Hongrie, la Turquie et la Tunisie...","og_url":"https:\/\/www.webdo.tn\/fr\/actualite\/national\/tourisme-medical-la-tunisie-fait-rever-les-francais\/205458\/","og_site_name":"webdo","article_publisher":"https:\/\/www.facebook.com\/webdotn","article_published_time":"2023-05-05T14:20:00+00:00","article_modified_time":"2025-05-20T22:58:21+00:00","og_image":[{"width":574,"height":306,"url":"https:\/\/www.webdo.tn\/fr\/wp-content\/uploads\/2023\/05\/6c93155a1844b09d876db430044fb7cf.jpg","type":"image\/jpeg"}],"author":"Ramzi","twitter_card":"summary_large_image","twitter_creator":"@webdo_tn","twitter_site":"@webdo_tn","twitter_misc":{"\u00c9crit par":"Ramzi","Dur\u00e9e de lecture estim\u00e9e":"2 minutes"},"schema":{"@context":"https:\/\/schema.org","@graph":[{"@type":"NewsArticle","@id":"https:\/\/www.webdo.tn\/fr\/actualite\/national\/tourisme-medical-la-tunisie-fait-rever-les-francais\/205458\/#article","isPartOf":{"@id":"https:\/\/www.webdo.tn\/fr\/actualite\/national\/tourisme-medical-la-tunisie-fait-rever-les-francais\/205458\/"},"author":{"name":"Ramzi","@id":"https:\/\/www.webdo.tn\/fr\/#\/schema\/person\/590cb5f81adcfde6385530fdbdf468e2"},"headline":"Tourisme m\u00e9dical : la Tunisie fait r\u00eaver les Fran\u00e7ais !","datePublished":"2023-05-05T14:20:00+00:00","dateModified":"2025-05-20T22:58:21+00:00","mainEntityOfPage":{"@id":"https:\/\/www.webdo.tn\/fr\/actualite\/national\/tourisme-medical-la-tunisie-fait-rever-les-francais\/205458\/"},"wordCount":393,"commentCount":0,"publisher":{"@id":"https:\/\/www.webdo.tn\/fr\/#organization"},"image":{"@id":"https:\/\/www.webdo.tn\/fr\/actualite\/national\/tourisme-medical-la-tunisie-fait-rever-les-francais\/205458\/#primaryimage"},"thumbnailUrl":"https:\/\/www.webdo.tn\/fr\/wp-content\/uploads\/2023\/05\/6c93155a1844b09d876db430044fb7cf.jpg","keywords":["fran\u00e7ais","tourisme m\u00e9dical","Tunisie"],"articleSection":["National"],"inLanguage":"fr-FR"},{"@type":"WebPage","@id":"https:\/\/www.webdo.tn\/fr\/actualite\/national\/tourisme-medical-la-tunisie-fait-rever-les-francais\/205458\/","url":"https:\/\/www.webdo.tn\/fr\/actualite\/national\/tourisme-medical-la-tunisie-fait-rever-les-francais\/205458\/","name":"Tourisme m\u00e9dical : la Tunisie fait r\u00eaver les Fran\u00e7ais !","isPartOf":{"@id":"https:\/\/www.webdo.tn\/fr\/#website"},"primaryImageOfPage":{"@id":"https:\/\/www.webdo.tn\/fr\/actualite\/national\/tourisme-medical-la-tunisie-fait-rever-les-francais\/205458\/#primaryimage"},"image":{"@id":"https:\/\/www.webdo.tn\/fr\/actualite\/national\/tourisme-medical-la-tunisie-fait-rever-les-francais\/205458\/#primaryimage"},"thumbnailUrl":"https:\/\/www.webdo.tn\/fr\/wp-content\/uploads\/2023\/05\/6c93155a1844b09d876db430044fb7cf.jpg","datePublished":"2023-05-05T14:20:00+00:00","dateModified":"2025-05-20T22:58:21+00:00","description":"Capital.fr a r\u00e9alis\u00e9 une enqu\u00eate sur le tourisme sanitaire des Fran\u00e7ais. L\u2019article met en exergue les efforts d\u00e9ploy\u00e9s par la Hongrie, la Turquie et la Tunisie...","breadcrumb":{"@id":"https:\/\/www.webdo.tn\/fr\/actualite\/national\/tourisme-medical-la-tunisie-fait-rever-les-francais\/205458\/#breadcrumb"},"inLanguage":"fr-FR","potentialAction":[{"@type":"ReadAction","target":["https:\/\/www.webdo.tn\/fr\/actualite\/national\/tourisme-medical-la-tunisie-fait-rever-les-francais\/205458\/"]}]},{"@type":"ImageObject","inLanguage":"fr-FR","@id":"https:\/\/www.webdo.tn\/fr\/actualite\/national\/tourisme-medical-la-tunisie-fait-rever-les-francais\/205458\/#primaryimage","url":"https:\/\/www.webdo.tn\/fr\/wp-content\/uploads\/2023\/05\/6c93155a1844b09d876db430044fb7cf.jpg","contentUrl":"https:\/\/www.webdo.tn\/fr\/wp-content\/uploads\/2023\/05\/6c93155a1844b09d876db430044fb7cf.jpg","width":574,"height":306,"caption":"Tourisme m\u00e9dical : la Tunisie fait r\u00eaver les Fran\u00e7ais !"},{"@type":"BreadcrumbList","@id":"https:\/\/www.webdo.tn\/fr\/actualite\/national\/tourisme-medical-la-tunisie-fait-rever-les-francais\/205458\/#breadcrumb","itemListElement":[{"@type":"ListItem","position":1,"name":"Accueil","item":"https:\/\/www.webdo.tn\/fr\/"},{"@type":"ListItem","position":2,"name":"Tourisme m\u00e9dical : la Tunisie fait r\u00eaver les Fran\u00e7ais !"}]},{"@type":"WebSite","@id":"https:\/\/www.webdo.tn\/fr\/#website","url":"https:\/\/www.webdo.tn\/fr\/","name":"webdo","description":"Tunisie - News en Tunisie et \u00e0 l&#039;international sur Webdo.tn","publisher":{"@id":"https:\/\/www.webdo.tn\/fr\/#organization"},"potentialAction":[{"@type":"SearchAction","target":{"@type":"EntryPoint","urlTemplate":"https:\/\/www.webdo.tn\/fr\/?s={search_term_string}"},"query-input":{"@type":"PropertyValueSpecification","valueRequired":true,"valueName":"search_term_string"}}],"inLanguage":"fr-FR"},{"@type":"Organization","@id":"https:\/\/www.webdo.tn\/fr\/#organization","name":"Webdo","alternateName":"Webdo.tn","url":"https:\/\/www.webdo.tn\/fr\/","logo":{"@type":"ImageObject","inLanguage":"fr-FR","@id":"https:\/\/www.webdo.tn\/fr\/#\/schema\/logo\/image\/","url":"https:\/\/www.webdo.tn\/fr\/wp-content\/uploads\/2025\/06\/Webdo-Tunisie_168377.jpg","contentUrl":"https:\/\/www.webdo.tn\/fr\/wp-content\/uploads\/2025\/06\/Webdo-Tunisie_168377.jpg","width":301,"height":301,"caption":"Webdo"},"image":{"@id":"https:\/\/www.webdo.tn\/fr\/#\/schema\/logo\/image\/"},"sameAs":["https:\/\/www.facebook.com\/webdotn","https:\/\/x.com\/webdo_tn"],"description":"Webdo est un m\u00e9dia num\u00e9rique tunisien fond\u00e9 en 2010, sp\u00e9cialis\u00e9 dans l\u2019actualit\u00e9 nationale et internationale, l\u2019\u00e9conomie, la soci\u00e9t\u00e9 et les analyses politiques. Le site s\u2019adresse \u00e0 un large public francophone et couvre l\u2019information tunisienne en temps r\u00e9el.","email":"redac@webdo.tn","legalName":"YNJ SARL","foundingDate":"2010-09-06","numberOfEmployees":{"@type":"QuantitativeValue","minValue":"11","maxValue":"50"}},{"@type":"Person","@id":"https:\/\/www.webdo.tn\/fr\/#\/schema\/person\/590cb5f81adcfde6385530fdbdf468e2","name":"Ramzi","image":{"@type":"ImageObject","inLanguage":"fr-FR","@id":"https:\/\/secure.gravatar.com\/avatar\/48df7d18915e10cf866ba8e27604c81ff9243fd52704a1d210c3e387e1cb8d87?s=96&d=mm&r=g","url":"https:\/\/secure.gravatar.com\/avatar\/48df7d18915e10cf866ba8e27604c81ff9243fd52704a1d210c3e387e1cb8d87?s=96&d=mm&r=g","contentUrl":"https:\/\/secure.gravatar.com\/avatar\/48df7d18915e10cf866ba8e27604c81ff9243fd52704a1d210c3e387e1cb8d87?s=96&d=mm&r=g","caption":"Ramzi"},"url":"https:\/\/www.webdo.tn\/fr\/actualite\/author\/ramzi\/"}]}},"_links":{"self":[{"href":"https:\/\/www.webdo.tn\/fr\/wp-json\/wp\/v2\/posts\/205458","targetHints":{"allow":["GET"]}}],"collection":[{"href":"https:\/\/www.webdo.tn\/fr\/wp-json\/wp\/v2\/posts"}],"about":[{"href":"https:\/\/www.webdo.tn\/fr\/wp-json\/wp\/v2\/types\/post"}],"author":[{"embeddable":true,"href":"https:\/\/www.webdo.tn\/fr\/wp-json\/wp\/v2\/users\/3188"}],"replies":[{"embeddable":true,"href":"https:\/\/www.webdo.tn\/fr\/wp-json\/wp\/v2\/comments?post=205458"}],"version-history":[{"count":0,"href":"https:\/\/www.webdo.tn\/fr\/wp-json\/wp\/v2\/posts\/205458\/revisions"}],"wp:featuredmedia":[{"embeddable":true,"href":"https:\/\/www.webdo.tn\/fr\/wp-json\/wp\/v2\/media\/251236"}],"wp:attachment":[{"href":"https:\/\/www.webdo.tn\/fr\/wp-json\/wp\/v2\/media?parent=205458"}],"wp:term":[{"taxonomy":"category","embeddable":true,"href":"https:\/\/www.webdo.tn\/fr\/wp-json\/wp\/v2\/categories?post=205458"},{"taxonomy":"post_tag","embeddable":true,"href":"https:\/\/www.webdo.tn\/fr\/wp-json\/wp\/v2\/tags?post=205458"}],"curies":[{"name":"wp","href":"https:\/\/api.w.org\/{rel}","templated":true}]}}