{"id":205454,"date":"2023-05-05T12:21:00","date_gmt":"2023-05-05T12:21:00","guid":{"rendered":"https:\/\/www.webdo.tn\/fr\/blog\/libye-cinq-femmes-de-terroristes-et-leurs-enfants-rapatries-en-tunisie\/205454\/"},"modified":"2025-05-20T22:43:39","modified_gmt":"2025-05-20T22:43:39","slug":"libye-cinq-femmes-de-terroristes-et-leurs-enfants-rapatries-en-tunisie","status":"publish","type":"post","link":"https:\/\/www.webdo.tn\/fr\/actualite\/national\/libye-cinq-femmes-de-terroristes-et-leurs-enfants-rapatries-en-tunisie\/205454\/","title":{"rendered":"Libye : Cinq femmes de terroristes et leurs enfants rapatri\u00e9s en Tunisie"},"content":{"rendered":"<p>Les autorit\u00e9s tunisiennes ont r\u00e9cup\u00e9r\u00e9 ce vendredi 5 mai 2023, cinq femmes de terroristes et leurs enfants rapatri\u00e9s de Libye.<\/p>\n<p>\t\t\t\t\t\t\t\t\tSelon l\u2019activiste Mustapha Abdelkabir, ces femmes ont \u00e9t\u00e9 blanchies par la justice et ont prouv\u00e9 qu\u2019elles n\u2019ont aucun lien avec les activit\u00e9s terroristes de leurs maris.\u00a0<\/p>\n<p>Cependant, il affirme que les unit\u00e9s s\u00e9curitaires vont assurer ce rapatriement et que la justice va trancher pour connaitre leur sort.\u00a0<\/p>\n<p>Et de rappeler que la Tunisie avait rapatri\u00e9 six enfants de terroristes en 2022.<\/p>\n","protected":false},"excerpt":{"rendered":"<p>Les autorit\u00e9s tunisiennes ont r\u00e9cup\u00e9r\u00e9 ce vendredi 5 mai 2023, cinq femmes de terroristes et leurs enfants rapatri\u00e9s de Libye.<\/p>\n","protected":false},"author":3175,"featured_media":251231,"comment_status":"open","ping_status":"closed","sticky":false,"template":"","format":"standard","meta":{"footnotes":""},"categories":[44],"tags":[3700,3279,3671,2608],"class_list":["post-205454","post","type-post","status-publish","format-standard","has-post-thumbnail","hentry","category-national","tag-femmes","tag-libye","tag-terroristes","tag-tunisie"],"yoast_head":"<!-- This site is optimized with the Yoast SEO Premium plugin v27.4 (Yoast SEO v27.5) - https:\/\/yoast.com\/product\/yoast-seo-premium-wordpress\/ -->\n<title>Libye : Cinq femmes de terroristes et leurs enfants rapatri\u00e9s en Tunisie<\/title>\n<meta name=\"description\" content=\"Les autorit\u00e9s tunisiennes ont r\u00e9cup\u00e9r\u00e9 ce vendredi 5 mai 2023, cinq femmes de terroristes et leurs enfants rapatri\u00e9s de Libye.\" \/>\n<link rel=\"canonical\" href=\"https:\/\/www.webdo.tn\/fr\/actualite\/national\/libye-cinq-femmes-de-terroristes-et-leurs-enfants-rapatries-en-tunisie\/205454\/\" \/>\n<meta property=\"og:locale\" content=\"fr_FR\" \/>\n<meta property=\"og:type\" content=\"article\" \/>\n<meta property=\"og:title\" content=\"Libye : Cinq femmes de terroristes et leurs enfants rapatri\u00e9s en Tunisie\" \/>\n<meta property=\"og:description\" content=\"Les autorit\u00e9s tunisiennes ont r\u00e9cup\u00e9r\u00e9 ce vendredi 5 mai 2023, cinq femmes de terroristes et leurs enfants rapatri\u00e9s de Libye.\" \/>\n<meta property=\"og:url\" content=\"https:\/\/www.webdo.tn\/fr\/actualite\/national\/libye-cinq-femmes-de-terroristes-et-leurs-enfants-rapatries-en-tunisie\/205454\/\" \/>\n<meta property=\"og:site_name\" content=\"webdo\" \/>\n<meta property=\"article:publisher\" content=\"https:\/\/www.facebook.com\/webdotn\" \/>\n<meta property=\"article:published_time\" content=\"2023-05-05T12:21:00+00:00\" \/>\n<meta property=\"article:modified_time\" content=\"2025-05-20T22:43:39+00:00\" \/>\n<meta property=\"og:image\" content=\"https:\/\/www.webdo.tn\/fr\/wp-content\/uploads\/2023\/05\/f752f359a1130778ab736d166bf9a8e2.jpg\" \/>\n\t<meta property=\"og:image:width\" content=\"750\" \/>\n\t<meta property=\"og:image:height\" content=\"400\" \/>\n\t<meta property=\"og:image:type\" content=\"image\/jpeg\" \/>\n<meta name=\"author\" content=\"CL\" \/>\n<meta name=\"twitter:card\" content=\"summary_large_image\" \/>\n<meta name=\"twitter:creator\" content=\"@webdo_tn\" \/>\n<meta name=\"twitter:site\" content=\"@webdo_tn\" \/>\n<meta name=\"twitter:label1\" content=\"\u00c9crit par\" \/>\n\t<meta name=\"twitter:data1\" content=\"CL\" \/>\n<script type=\"application\/ld+json\" class=\"yoast-schema-graph\">{\"@context\":\"https:\\\/\\\/schema.org\",\"@graph\":[{\"@type\":\"NewsArticle\",\"@id\":\"https:\\\/\\\/www.webdo.tn\\\/fr\\\/actualite\\\/national\\\/libye-cinq-femmes-de-terroristes-et-leurs-enfants-rapatries-en-tunisie\\\/205454\\\/#article\",\"isPartOf\":{\"@id\":\"https:\\\/\\\/www.webdo.tn\\\/fr\\\/actualite\\\/national\\\/libye-cinq-femmes-de-terroristes-et-leurs-enfants-rapatries-en-tunisie\\\/205454\\\/\"},\"author\":{\"name\":\"CL\",\"@id\":\"https:\\\/\\\/www.webdo.tn\\\/fr\\\/#\\\/schema\\\/person\\\/f35b42a42c5e2511bbd282959d6385cc\"},\"headline\":\"Libye : Cinq femmes de terroristes et leurs enfants rapatri\u00e9s en Tunisie\",\"datePublished\":\"2023-05-05T12:21:00+00:00\",\"dateModified\":\"2025-05-20T22:43:39+00:00\",\"mainEntityOfPage\":{\"@id\":\"https:\\\/\\\/www.webdo.tn\\\/fr\\\/actualite\\\/national\\\/libye-cinq-femmes-de-terroristes-et-leurs-enfants-rapatries-en-tunisie\\\/205454\\\/\"},\"wordCount\":100,\"commentCount\":0,\"publisher\":{\"@id\":\"https:\\\/\\\/www.webdo.tn\\\/fr\\\/#organization\"},\"image\":{\"@id\":\"https:\\\/\\\/www.webdo.tn\\\/fr\\\/actualite\\\/national\\\/libye-cinq-femmes-de-terroristes-et-leurs-enfants-rapatries-en-tunisie\\\/205454\\\/#primaryimage\"},\"thumbnailUrl\":\"https:\\\/\\\/www.webdo.tn\\\/fr\\\/wp-content\\\/uploads\\\/2023\\\/05\\\/f752f359a1130778ab736d166bf9a8e2.jpg\",\"keywords\":[\"femmes\",\"Libye\",\"Terroristes\",\"Tunisie\"],\"articleSection\":[\"National\"],\"inLanguage\":\"fr-FR\"},{\"@type\":\"WebPage\",\"@id\":\"https:\\\/\\\/www.webdo.tn\\\/fr\\\/actualite\\\/national\\\/libye-cinq-femmes-de-terroristes-et-leurs-enfants-rapatries-en-tunisie\\\/205454\\\/\",\"url\":\"https:\\\/\\\/www.webdo.tn\\\/fr\\\/actualite\\\/national\\\/libye-cinq-femmes-de-terroristes-et-leurs-enfants-rapatries-en-tunisie\\\/205454\\\/\",\"name\":\"Libye : Cinq femmes de terroristes et leurs enfants rapatri\u00e9s en Tunisie\",\"isPartOf\":{\"@id\":\"https:\\\/\\\/www.webdo.tn\\\/fr\\\/#website\"},\"primaryImageOfPage\":{\"@id\":\"https:\\\/\\\/www.webdo.tn\\\/fr\\\/actualite\\\/national\\\/libye-cinq-femmes-de-terroristes-et-leurs-enfants-rapatries-en-tunisie\\\/205454\\\/#primaryimage\"},\"image\":{\"@id\":\"https:\\\/\\\/www.webdo.tn\\\/fr\\\/actualite\\\/national\\\/libye-cinq-femmes-de-terroristes-et-leurs-enfants-rapatries-en-tunisie\\\/205454\\\/#primaryimage\"},\"thumbnailUrl\":\"https:\\\/\\\/www.webdo.tn\\\/fr\\\/wp-content\\\/uploads\\\/2023\\\/05\\\/f752f359a1130778ab736d166bf9a8e2.jpg\",\"datePublished\":\"2023-05-05T12:21:00+00:00\",\"dateModified\":\"2025-05-20T22:43:39+00:00\",\"description\":\"Les autorit\u00e9s tunisiennes ont r\u00e9cup\u00e9r\u00e9 ce vendredi 5 mai 2023, cinq femmes de terroristes et leurs enfants rapatri\u00e9s de Libye.\",\"breadcrumb\":{\"@id\":\"https:\\\/\\\/www.webdo.tn\\\/fr\\\/actualite\\\/national\\\/libye-cinq-femmes-de-terroristes-et-leurs-enfants-rapatries-en-tunisie\\\/205454\\\/#breadcrumb\"},\"inLanguage\":\"fr-FR\",\"potentialAction\":[{\"@type\":\"ReadAction\",\"target\":[\"https:\\\/\\\/www.webdo.tn\\\/fr\\\/actualite\\\/national\\\/libye-cinq-femmes-de-terroristes-et-leurs-enfants-rapatries-en-tunisie\\\/205454\\\/\"]}]},{\"@type\":\"ImageObject\",\"inLanguage\":\"fr-FR\",\"@id\":\"https:\\\/\\\/www.webdo.tn\\\/fr\\\/actualite\\\/national\\\/libye-cinq-femmes-de-terroristes-et-leurs-enfants-rapatries-en-tunisie\\\/205454\\\/#primaryimage\",\"url\":\"https:\\\/\\\/www.webdo.tn\\\/fr\\\/wp-content\\\/uploads\\\/2023\\\/05\\\/f752f359a1130778ab736d166bf9a8e2.jpg\",\"contentUrl\":\"https:\\\/\\\/www.webdo.tn\\\/fr\\\/wp-content\\\/uploads\\\/2023\\\/05\\\/f752f359a1130778ab736d166bf9a8e2.jpg\",\"width\":750,\"height\":400,\"caption\":\"enfants Libye terroristes\"},{\"@type\":\"BreadcrumbList\",\"@id\":\"https:\\\/\\\/www.webdo.tn\\\/fr\\\/actualite\\\/national\\\/libye-cinq-femmes-de-terroristes-et-leurs-enfants-rapatries-en-tunisie\\\/205454\\\/#breadcrumb\",\"itemListElement\":[{\"@type\":\"ListItem\",\"position\":1,\"name\":\"Accueil\",\"item\":\"https:\\\/\\\/www.webdo.tn\\\/fr\\\/\"},{\"@type\":\"ListItem\",\"position\":2,\"name\":\"Libye : Cinq femmes de terroristes et leurs enfants rapatri\u00e9s en Tunisie\"}]},{\"@type\":\"WebSite\",\"@id\":\"https:\\\/\\\/www.webdo.tn\\\/fr\\\/#website\",\"url\":\"https:\\\/\\\/www.webdo.tn\\\/fr\\\/\",\"name\":\"webdo\",\"description\":\"Tunisie - News en Tunisie et \u00e0 l&#039;international sur Webdo.tn\",\"publisher\":{\"@id\":\"https:\\\/\\\/www.webdo.tn\\\/fr\\\/#organization\"},\"potentialAction\":[{\"@type\":\"SearchAction\",\"target\":{\"@type\":\"EntryPoint\",\"urlTemplate\":\"https:\\\/\\\/www.webdo.tn\\\/fr\\\/?s={search_term_string}\"},\"query-input\":{\"@type\":\"PropertyValueSpecification\",\"valueRequired\":true,\"valueName\":\"search_term_string\"}}],\"inLanguage\":\"fr-FR\"},{\"@type\":\"Organization\",\"@id\":\"https:\\\/\\\/www.webdo.tn\\\/fr\\\/#organization\",\"name\":\"Webdo\",\"alternateName\":\"Webdo.tn\",\"url\":\"https:\\\/\\\/www.webdo.tn\\\/fr\\\/\",\"logo\":{\"@type\":\"ImageObject\",\"inLanguage\":\"fr-FR\",\"@id\":\"https:\\\/\\\/www.webdo.tn\\\/fr\\\/#\\\/schema\\\/logo\\\/image\\\/\",\"url\":\"https:\\\/\\\/www.webdo.tn\\\/fr\\\/wp-content\\\/uploads\\\/2025\\\/06\\\/Webdo-Tunisie_168377.jpg\",\"contentUrl\":\"https:\\\/\\\/www.webdo.tn\\\/fr\\\/wp-content\\\/uploads\\\/2025\\\/06\\\/Webdo-Tunisie_168377.jpg\",\"width\":301,\"height\":301,\"caption\":\"Webdo\"},\"image\":{\"@id\":\"https:\\\/\\\/www.webdo.tn\\\/fr\\\/#\\\/schema\\\/logo\\\/image\\\/\"},\"sameAs\":[\"https:\\\/\\\/www.facebook.com\\\/webdotn\",\"https:\\\/\\\/x.com\\\/webdo_tn\"],\"description\":\"Webdo est un m\u00e9dia num\u00e9rique tunisien fond\u00e9 en 2010, sp\u00e9cialis\u00e9 dans l\u2019actualit\u00e9 nationale et internationale, l\u2019\u00e9conomie, la soci\u00e9t\u00e9 et les analyses politiques. Le site s\u2019adresse \u00e0 un large public francophone et couvre l\u2019information tunisienne en temps r\u00e9el.\",\"email\":\"redac@webdo.tn\",\"legalName\":\"YNJ SARL\",\"foundingDate\":\"2010-09-06\",\"numberOfEmployees\":{\"@type\":\"QuantitativeValue\",\"minValue\":\"11\",\"maxValue\":\"50\"}},{\"@type\":\"Person\",\"@id\":\"https:\\\/\\\/www.webdo.tn\\\/fr\\\/#\\\/schema\\\/person\\\/f35b42a42c5e2511bbd282959d6385cc\",\"name\":\"CL\",\"image\":{\"@type\":\"ImageObject\",\"inLanguage\":\"fr-FR\",\"@id\":\"https:\\\/\\\/secure.gravatar.com\\\/avatar\\\/1447a49909b67aa657c488aec6512e1dd6143a480c1ecfee9b5b5cd74eb3b59e?s=96&d=mm&r=g\",\"url\":\"https:\\\/\\\/secure.gravatar.com\\\/avatar\\\/1447a49909b67aa657c488aec6512e1dd6143a480c1ecfee9b5b5cd74eb3b59e?s=96&d=mm&r=g\",\"contentUrl\":\"https:\\\/\\\/secure.gravatar.com\\\/avatar\\\/1447a49909b67aa657c488aec6512e1dd6143a480c1ecfee9b5b5cd74eb3b59e?s=96&d=mm&r=g\",\"caption\":\"CL\"},\"url\":\"https:\\\/\\\/www.webdo.tn\\\/fr\\\/actualite\\\/author\\\/cl\\\/\"}]}<\/script>\n<!-- \/ Yoast SEO Premium plugin. -->","yoast_head_json":{"title":"Libye : Cinq femmes de terroristes et leurs enfants rapatri\u00e9s en Tunisie","description":"Les autorit\u00e9s tunisiennes ont r\u00e9cup\u00e9r\u00e9 ce vendredi 5 mai 2023, cinq femmes de terroristes et leurs enfants rapatri\u00e9s de Libye.","canonical":"https:\/\/www.webdo.tn\/fr\/actualite\/national\/libye-cinq-femmes-de-terroristes-et-leurs-enfants-rapatries-en-tunisie\/205454\/","og_locale":"fr_FR","og_type":"article","og_title":"Libye : Cinq femmes de terroristes et leurs enfants rapatri\u00e9s en Tunisie","og_description":"Les autorit\u00e9s tunisiennes ont r\u00e9cup\u00e9r\u00e9 ce vendredi 5 mai 2023, cinq femmes de terroristes et leurs enfants rapatri\u00e9s de Libye.","og_url":"https:\/\/www.webdo.tn\/fr\/actualite\/national\/libye-cinq-femmes-de-terroristes-et-leurs-enfants-rapatries-en-tunisie\/205454\/","og_site_name":"webdo","article_publisher":"https:\/\/www.facebook.com\/webdotn","article_published_time":"2023-05-05T12:21:00+00:00","article_modified_time":"2025-05-20T22:43:39+00:00","og_image":[{"width":750,"height":400,"url":"https:\/\/www.webdo.tn\/fr\/wp-content\/uploads\/2023\/05\/f752f359a1130778ab736d166bf9a8e2.jpg","type":"image\/jpeg"}],"author":"CL","twitter_card":"summary_large_image","twitter_creator":"@webdo_tn","twitter_site":"@webdo_tn","twitter_misc":{"\u00c9crit par":"CL"},"schema":{"@context":"https:\/\/schema.org","@graph":[{"@type":"NewsArticle","@id":"https:\/\/www.webdo.tn\/fr\/actualite\/national\/libye-cinq-femmes-de-terroristes-et-leurs-enfants-rapatries-en-tunisie\/205454\/#article","isPartOf":{"@id":"https:\/\/www.webdo.tn\/fr\/actualite\/national\/libye-cinq-femmes-de-terroristes-et-leurs-enfants-rapatries-en-tunisie\/205454\/"},"author":{"name":"CL","@id":"https:\/\/www.webdo.tn\/fr\/#\/schema\/person\/f35b42a42c5e2511bbd282959d6385cc"},"headline":"Libye : Cinq femmes de terroristes et leurs enfants rapatri\u00e9s en Tunisie","datePublished":"2023-05-05T12:21:00+00:00","dateModified":"2025-05-20T22:43:39+00:00","mainEntityOfPage":{"@id":"https:\/\/www.webdo.tn\/fr\/actualite\/national\/libye-cinq-femmes-de-terroristes-et-leurs-enfants-rapatries-en-tunisie\/205454\/"},"wordCount":100,"commentCount":0,"publisher":{"@id":"https:\/\/www.webdo.tn\/fr\/#organization"},"image":{"@id":"https:\/\/www.webdo.tn\/fr\/actualite\/national\/libye-cinq-femmes-de-terroristes-et-leurs-enfants-rapatries-en-tunisie\/205454\/#primaryimage"},"thumbnailUrl":"https:\/\/www.webdo.tn\/fr\/wp-content\/uploads\/2023\/05\/f752f359a1130778ab736d166bf9a8e2.jpg","keywords":["femmes","Libye","Terroristes","Tunisie"],"articleSection":["National"],"inLanguage":"fr-FR"},{"@type":"WebPage","@id":"https:\/\/www.webdo.tn\/fr\/actualite\/national\/libye-cinq-femmes-de-terroristes-et-leurs-enfants-rapatries-en-tunisie\/205454\/","url":"https:\/\/www.webdo.tn\/fr\/actualite\/national\/libye-cinq-femmes-de-terroristes-et-leurs-enfants-rapatries-en-tunisie\/205454\/","name":"Libye : Cinq femmes de terroristes et leurs enfants rapatri\u00e9s en Tunisie","isPartOf":{"@id":"https:\/\/www.webdo.tn\/fr\/#website"},"primaryImageOfPage":{"@id":"https:\/\/www.webdo.tn\/fr\/actualite\/national\/libye-cinq-femmes-de-terroristes-et-leurs-enfants-rapatries-en-tunisie\/205454\/#primaryimage"},"image":{"@id":"https:\/\/www.webdo.tn\/fr\/actualite\/national\/libye-cinq-femmes-de-terroristes-et-leurs-enfants-rapatries-en-tunisie\/205454\/#primaryimage"},"thumbnailUrl":"https:\/\/www.webdo.tn\/fr\/wp-content\/uploads\/2023\/05\/f752f359a1130778ab736d166bf9a8e2.jpg","datePublished":"2023-05-05T12:21:00+00:00","dateModified":"2025-05-20T22:43:39+00:00","description":"Les autorit\u00e9s tunisiennes ont r\u00e9cup\u00e9r\u00e9 ce vendredi 5 mai 2023, cinq femmes de terroristes et leurs enfants rapatri\u00e9s de Libye.","breadcrumb":{"@id":"https:\/\/www.webdo.tn\/fr\/actualite\/national\/libye-cinq-femmes-de-terroristes-et-leurs-enfants-rapatries-en-tunisie\/205454\/#breadcrumb"},"inLanguage":"fr-FR","potentialAction":[{"@type":"ReadAction","target":["https:\/\/www.webdo.tn\/fr\/actualite\/national\/libye-cinq-femmes-de-terroristes-et-leurs-enfants-rapatries-en-tunisie\/205454\/"]}]},{"@type":"ImageObject","inLanguage":"fr-FR","@id":"https:\/\/www.webdo.tn\/fr\/actualite\/national\/libye-cinq-femmes-de-terroristes-et-leurs-enfants-rapatries-en-tunisie\/205454\/#primaryimage","url":"https:\/\/www.webdo.tn\/fr\/wp-content\/uploads\/2023\/05\/f752f359a1130778ab736d166bf9a8e2.jpg","contentUrl":"https:\/\/www.webdo.tn\/fr\/wp-content\/uploads\/2023\/05\/f752f359a1130778ab736d166bf9a8e2.jpg","width":750,"height":400,"caption":"enfants Libye terroristes"},{"@type":"BreadcrumbList","@id":"https:\/\/www.webdo.tn\/fr\/actualite\/national\/libye-cinq-femmes-de-terroristes-et-leurs-enfants-rapatries-en-tunisie\/205454\/#breadcrumb","itemListElement":[{"@type":"ListItem","position":1,"name":"Accueil","item":"https:\/\/www.webdo.tn\/fr\/"},{"@type":"ListItem","position":2,"name":"Libye : Cinq femmes de terroristes et leurs enfants rapatri\u00e9s en Tunisie"}]},{"@type":"WebSite","@id":"https:\/\/www.webdo.tn\/fr\/#website","url":"https:\/\/www.webdo.tn\/fr\/","name":"webdo","description":"Tunisie - News en Tunisie et \u00e0 l&#039;international sur Webdo.tn","publisher":{"@id":"https:\/\/www.webdo.tn\/fr\/#organization"},"potentialAction":[{"@type":"SearchAction","target":{"@type":"EntryPoint","urlTemplate":"https:\/\/www.webdo.tn\/fr\/?s={search_term_string}"},"query-input":{"@type":"PropertyValueSpecification","valueRequired":true,"valueName":"search_term_string"}}],"inLanguage":"fr-FR"},{"@type":"Organization","@id":"https:\/\/www.webdo.tn\/fr\/#organization","name":"Webdo","alternateName":"Webdo.tn","url":"https:\/\/www.webdo.tn\/fr\/","logo":{"@type":"ImageObject","inLanguage":"fr-FR","@id":"https:\/\/www.webdo.tn\/fr\/#\/schema\/logo\/image\/","url":"https:\/\/www.webdo.tn\/fr\/wp-content\/uploads\/2025\/06\/Webdo-Tunisie_168377.jpg","contentUrl":"https:\/\/www.webdo.tn\/fr\/wp-content\/uploads\/2025\/06\/Webdo-Tunisie_168377.jpg","width":301,"height":301,"caption":"Webdo"},"image":{"@id":"https:\/\/www.webdo.tn\/fr\/#\/schema\/logo\/image\/"},"sameAs":["https:\/\/www.facebook.com\/webdotn","https:\/\/x.com\/webdo_tn"],"description":"Webdo est un m\u00e9dia num\u00e9rique tunisien fond\u00e9 en 2010, sp\u00e9cialis\u00e9 dans l\u2019actualit\u00e9 nationale et internationale, l\u2019\u00e9conomie, la soci\u00e9t\u00e9 et les analyses politiques. Le site s\u2019adresse \u00e0 un large public francophone et couvre l\u2019information tunisienne en temps r\u00e9el.","email":"redac@webdo.tn","legalName":"YNJ SARL","foundingDate":"2010-09-06","numberOfEmployees":{"@type":"QuantitativeValue","minValue":"11","maxValue":"50"}},{"@type":"Person","@id":"https:\/\/www.webdo.tn\/fr\/#\/schema\/person\/f35b42a42c5e2511bbd282959d6385cc","name":"CL","image":{"@type":"ImageObject","inLanguage":"fr-FR","@id":"https:\/\/secure.gravatar.com\/avatar\/1447a49909b67aa657c488aec6512e1dd6143a480c1ecfee9b5b5cd74eb3b59e?s=96&d=mm&r=g","url":"https:\/\/secure.gravatar.com\/avatar\/1447a49909b67aa657c488aec6512e1dd6143a480c1ecfee9b5b5cd74eb3b59e?s=96&d=mm&r=g","contentUrl":"https:\/\/secure.gravatar.com\/avatar\/1447a49909b67aa657c488aec6512e1dd6143a480c1ecfee9b5b5cd74eb3b59e?s=96&d=mm&r=g","caption":"CL"},"url":"https:\/\/www.webdo.tn\/fr\/actualite\/author\/cl\/"}]}},"_links":{"self":[{"href":"https:\/\/www.webdo.tn\/fr\/wp-json\/wp\/v2\/posts\/205454","targetHints":{"allow":["GET"]}}],"collection":[{"href":"https:\/\/www.webdo.tn\/fr\/wp-json\/wp\/v2\/posts"}],"about":[{"href":"https:\/\/www.webdo.tn\/fr\/wp-json\/wp\/v2\/types\/post"}],"author":[{"embeddable":true,"href":"https:\/\/www.webdo.tn\/fr\/wp-json\/wp\/v2\/users\/3175"}],"replies":[{"embeddable":true,"href":"https:\/\/www.webdo.tn\/fr\/wp-json\/wp\/v2\/comments?post=205454"}],"version-history":[{"count":0,"href":"https:\/\/www.webdo.tn\/fr\/wp-json\/wp\/v2\/posts\/205454\/revisions"}],"wp:featuredmedia":[{"embeddable":true,"href":"https:\/\/www.webdo.tn\/fr\/wp-json\/wp\/v2\/media\/251231"}],"wp:attachment":[{"href":"https:\/\/www.webdo.tn\/fr\/wp-json\/wp\/v2\/media?parent=205454"}],"wp:term":[{"taxonomy":"category","embeddable":true,"href":"https:\/\/www.webdo.tn\/fr\/wp-json\/wp\/v2\/categories?post=205454"},{"taxonomy":"post_tag","embeddable":true,"href":"https:\/\/www.webdo.tn\/fr\/wp-json\/wp\/v2\/tags?post=205454"}],"curies":[{"name":"wp","href":"https:\/\/api.w.org\/{rel}","templated":true}]}}