{"id":205415,"date":"2023-05-04T10:31:00","date_gmt":"2023-05-04T10:31:00","guid":{"rendered":"https:\/\/www.webdo.tn\/fr\/blog\/violences-au-stade-de-rades-mandats-de-depot-contre-31-supporters-de-l-est\/205415\/"},"modified":"2025-05-20T22:00:10","modified_gmt":"2025-05-20T22:00:10","slug":"violences-au-stade-de-rades-mandats-de-depot-contre-31-supporters-de-l-est","status":"publish","type":"post","link":"https:\/\/www.webdo.tn\/fr\/actualite\/sport\/violences-au-stade-de-rades-mandats-de-depot-contre-31-supporters-de-l-est\/205415\/","title":{"rendered":"Violences au stade de Rades : Mandats de d\u00e9p\u00f4t contre 31 supporters de l\u2019EST"},"content":{"rendered":"<p>En marge des \u00e9v\u00e9nements survenus samedi dernier au stade Hamadi Agrebi de Rades, 31 mandats de d\u00e9p\u00f4ts ont \u00e9t\u00e9 \u00e9mis des supporters de l\u2019Esp\u00e9rance ST.<\/p>\n<p>\t\t\t\t\t\t\t\t\tLe juge d\u2019instruction aupr\u00e8s du Tribunal de premi\u00e8re instance de Ben Arous, en charge de l\u2019affaire des violences qui ont eu lieu samedi 29 avril lors du quart de finale retour de la Ligue des Champions africaine, entre l&rsquo;Esp\u00e9rance ST et la JS Kabylie d&rsquo;Alg\u00e9rie, a \u00e9mis des mandats de d\u00e9p\u00f4t \u00e0 l\u2019encontre de 31 supporters de l\u2019EST.<\/p>\n<p>Par ailleurs, 27 autres supporters sur les 58 qui ont comparu devant le juge d\u2019instrcution ont \u00e9t\u00e9 maintenus en libert\u00e9, en attendant la suite de l\u2019enqu\u00eate.<br \/>\n\u00a0<br \/>\nRappelons qu\u2019en marge des \u00e9v\u00e8nements, qui se sont produits \u00e0 la mi-temps de ladite rencontre et qui ont retard\u00e9\u00a0 le coup d\u2019envoi de la seconde p\u00e9riode de plus de 40 minutes, la sous-direction des affaires criminelles d\u2019El Gorjani a \u00e9t\u00e9 saisie pour enqu\u00eater sur les circonstances des actes de vandalisme et de violence survenus.<\/p>\n<p>Le porte-parole du tribunal de premi\u00e8re instance de Ben Arous, Omar Hanine avait indiqu\u00e9 lundi dernier, que les d\u00e9lais de garde \u00e0 vue des 66 suspects (dont 12 adolescents \u00e2g\u00e9s de 16 et 17 ans) arr\u00eat\u00e9s apr\u00e8s ces \u00e9v\u00e9nements avaient \u00e9t\u00e9 prolong\u00e9s.<\/p>\n<p>Six proc\u00e8s-verbaux ont \u00e9t\u00e9 enregistr\u00e9s dans des affaires ayant trait \u00e0 la d\u00e9tention d&rsquo;armes blanches, d\u00e9tention de stup\u00e9fiants et usage de faux billets.<\/p>\n","protected":false},"excerpt":{"rendered":"<p>En marge des \u00e9v\u00e9nements survenus samedi dernier au stade Hamadi Agrebi de Rades, 31 mandats de d\u00e9p\u00f4ts ont \u00e9t\u00e9 \u00e9mis des supporters de l\u2019Esp\u00e9rance ST.<\/p>\n","protected":false},"author":3162,"featured_media":251250,"comment_status":"open","ping_status":"closed","sticky":false,"template":"","format":"standard","meta":{"footnotes":""},"categories":[2593],"tags":[3102,3136,2886,8475,3802],"class_list":["post-205415","post","type-post","status-publish","format-standard","has-post-thumbnail","hentry","category-sport","tag-esperance-st","tag-ligue-des-champions","tag-mandat-de-depot","tag-supporters","tag-vandalisme"],"yoast_head":"<!-- This site is optimized with the Yoast SEO Premium plugin v27.5 (Yoast SEO v27.5) - https:\/\/yoast.com\/product\/yoast-seo-premium-wordpress\/ -->\n<title>Violences au stade de Rades : Mandats de d\u00e9p\u00f4t contre 31 supporters de l\u2019EST<\/title>\n<meta name=\"description\" content=\"En marge des \u00e9v\u00e9nements survenus samedi dernier au stade Hamadi Agrebi de Rades, 31 mandats de d\u00e9p\u00f4ts ont \u00e9t\u00e9 \u00e9mis des supporters de l\u2019Esp\u00e9rance ST.\" \/>\n<link rel=\"canonical\" href=\"https:\/\/www.webdo.tn\/fr\/actualite\/sport\/violences-au-stade-de-rades-mandats-de-depot-contre-31-supporters-de-l-est\/205415\/\" \/>\n<meta property=\"og:locale\" content=\"fr_FR\" \/>\n<meta property=\"og:type\" content=\"article\" \/>\n<meta property=\"og:title\" content=\"Violences au stade de Rades : Mandats de d\u00e9p\u00f4t contre 31 supporters de l\u2019EST\" \/>\n<meta property=\"og:description\" content=\"En marge des \u00e9v\u00e9nements survenus samedi dernier au stade Hamadi Agrebi de Rades, 31 mandats de d\u00e9p\u00f4ts ont \u00e9t\u00e9 \u00e9mis des supporters de l\u2019Esp\u00e9rance ST.\" \/>\n<meta property=\"og:url\" content=\"https:\/\/www.webdo.tn\/fr\/actualite\/sport\/violences-au-stade-de-rades-mandats-de-depot-contre-31-supporters-de-l-est\/205415\/\" \/>\n<meta property=\"og:site_name\" content=\"webdo\" \/>\n<meta property=\"article:publisher\" content=\"https:\/\/www.facebook.com\/webdotn\" \/>\n<meta property=\"article:published_time\" content=\"2023-05-04T10:31:00+00:00\" \/>\n<meta property=\"article:modified_time\" content=\"2025-05-20T22:00:10+00:00\" \/>\n<meta property=\"og:image\" content=\"https:\/\/www.webdo.tn\/fr\/wp-content\/uploads\/2023\/05\/783f7071b3725e515f5d51248362f3b9.jpg\" \/>\n\t<meta property=\"og:image:width\" content=\"750\" \/>\n\t<meta property=\"og:image:height\" content=\"400\" \/>\n\t<meta property=\"og:image:type\" content=\"image\/jpeg\" \/>\n<meta name=\"author\" content=\"MC\" \/>\n<meta name=\"twitter:card\" content=\"summary_large_image\" \/>\n<meta name=\"twitter:creator\" content=\"@webdo_tn\" \/>\n<meta name=\"twitter:site\" content=\"@webdo_tn\" \/>\n<meta name=\"twitter:label1\" content=\"\u00c9crit par\" \/>\n\t<meta name=\"twitter:data1\" content=\"MC\" \/>\n\t<meta name=\"twitter:label2\" content=\"Dur\u00e9e de lecture estim\u00e9e\" \/>\n\t<meta name=\"twitter:data2\" content=\"1 minute\" \/>\n<script type=\"application\/ld+json\" class=\"yoast-schema-graph\">{\"@context\":\"https:\\\/\\\/schema.org\",\"@graph\":[{\"@type\":\"NewsArticle\",\"@id\":\"https:\\\/\\\/www.webdo.tn\\\/fr\\\/actualite\\\/sport\\\/violences-au-stade-de-rades-mandats-de-depot-contre-31-supporters-de-l-est\\\/205415\\\/#article\",\"isPartOf\":{\"@id\":\"https:\\\/\\\/www.webdo.tn\\\/fr\\\/actualite\\\/sport\\\/violences-au-stade-de-rades-mandats-de-depot-contre-31-supporters-de-l-est\\\/205415\\\/\"},\"author\":{\"name\":\"MC\",\"@id\":\"https:\\\/\\\/www.webdo.tn\\\/fr\\\/#\\\/schema\\\/person\\\/2c4929cbf5a809e3bd38617c6ce150f6\"},\"headline\":\"Violences au stade de Rades : Mandats de d\u00e9p\u00f4t contre 31 supporters de l\u2019EST\",\"datePublished\":\"2023-05-04T10:31:00+00:00\",\"dateModified\":\"2025-05-20T22:00:10+00:00\",\"mainEntityOfPage\":{\"@id\":\"https:\\\/\\\/www.webdo.tn\\\/fr\\\/actualite\\\/sport\\\/violences-au-stade-de-rades-mandats-de-depot-contre-31-supporters-de-l-est\\\/205415\\\/\"},\"wordCount\":269,\"commentCount\":0,\"publisher\":{\"@id\":\"https:\\\/\\\/www.webdo.tn\\\/fr\\\/#organization\"},\"image\":{\"@id\":\"https:\\\/\\\/www.webdo.tn\\\/fr\\\/actualite\\\/sport\\\/violences-au-stade-de-rades-mandats-de-depot-contre-31-supporters-de-l-est\\\/205415\\\/#primaryimage\"},\"thumbnailUrl\":\"https:\\\/\\\/www.webdo.tn\\\/fr\\\/wp-content\\\/uploads\\\/2023\\\/05\\\/783f7071b3725e515f5d51248362f3b9.jpg\",\"keywords\":[\"esp\u00e9rance st\",\"ligue des champions\",\"mandat de d\u00e9p\u00f4t\",\"supporters\",\"Vandalisme\"],\"articleSection\":[\"Sport\"],\"inLanguage\":\"fr-FR\"},{\"@type\":\"WebPage\",\"@id\":\"https:\\\/\\\/www.webdo.tn\\\/fr\\\/actualite\\\/sport\\\/violences-au-stade-de-rades-mandats-de-depot-contre-31-supporters-de-l-est\\\/205415\\\/\",\"url\":\"https:\\\/\\\/www.webdo.tn\\\/fr\\\/actualite\\\/sport\\\/violences-au-stade-de-rades-mandats-de-depot-contre-31-supporters-de-l-est\\\/205415\\\/\",\"name\":\"Violences au stade de Rades : Mandats de d\u00e9p\u00f4t contre 31 supporters de l\u2019EST\",\"isPartOf\":{\"@id\":\"https:\\\/\\\/www.webdo.tn\\\/fr\\\/#website\"},\"primaryImageOfPage\":{\"@id\":\"https:\\\/\\\/www.webdo.tn\\\/fr\\\/actualite\\\/sport\\\/violences-au-stade-de-rades-mandats-de-depot-contre-31-supporters-de-l-est\\\/205415\\\/#primaryimage\"},\"image\":{\"@id\":\"https:\\\/\\\/www.webdo.tn\\\/fr\\\/actualite\\\/sport\\\/violences-au-stade-de-rades-mandats-de-depot-contre-31-supporters-de-l-est\\\/205415\\\/#primaryimage\"},\"thumbnailUrl\":\"https:\\\/\\\/www.webdo.tn\\\/fr\\\/wp-content\\\/uploads\\\/2023\\\/05\\\/783f7071b3725e515f5d51248362f3b9.jpg\",\"datePublished\":\"2023-05-04T10:31:00+00:00\",\"dateModified\":\"2025-05-20T22:00:10+00:00\",\"description\":\"En marge des \u00e9v\u00e9nements survenus samedi dernier au stade Hamadi Agrebi de Rades, 31 mandats de d\u00e9p\u00f4ts ont \u00e9t\u00e9 \u00e9mis des supporters de l\u2019Esp\u00e9rance ST.\",\"breadcrumb\":{\"@id\":\"https:\\\/\\\/www.webdo.tn\\\/fr\\\/actualite\\\/sport\\\/violences-au-stade-de-rades-mandats-de-depot-contre-31-supporters-de-l-est\\\/205415\\\/#breadcrumb\"},\"inLanguage\":\"fr-FR\",\"potentialAction\":[{\"@type\":\"ReadAction\",\"target\":[\"https:\\\/\\\/www.webdo.tn\\\/fr\\\/actualite\\\/sport\\\/violences-au-stade-de-rades-mandats-de-depot-contre-31-supporters-de-l-est\\\/205415\\\/\"]}]},{\"@type\":\"ImageObject\",\"inLanguage\":\"fr-FR\",\"@id\":\"https:\\\/\\\/www.webdo.tn\\\/fr\\\/actualite\\\/sport\\\/violences-au-stade-de-rades-mandats-de-depot-contre-31-supporters-de-l-est\\\/205415\\\/#primaryimage\",\"url\":\"https:\\\/\\\/www.webdo.tn\\\/fr\\\/wp-content\\\/uploads\\\/2023\\\/05\\\/783f7071b3725e515f5d51248362f3b9.jpg\",\"contentUrl\":\"https:\\\/\\\/www.webdo.tn\\\/fr\\\/wp-content\\\/uploads\\\/2023\\\/05\\\/783f7071b3725e515f5d51248362f3b9.jpg\",\"width\":750,\"height\":400,\"caption\":\"Violences au stade de Rades : Mandats de d\u00e9p\u00f4t contre 31 supporters de l\u2019EST\"},{\"@type\":\"BreadcrumbList\",\"@id\":\"https:\\\/\\\/www.webdo.tn\\\/fr\\\/actualite\\\/sport\\\/violences-au-stade-de-rades-mandats-de-depot-contre-31-supporters-de-l-est\\\/205415\\\/#breadcrumb\",\"itemListElement\":[{\"@type\":\"ListItem\",\"position\":1,\"name\":\"Accueil\",\"item\":\"https:\\\/\\\/www.webdo.tn\\\/fr\\\/\"},{\"@type\":\"ListItem\",\"position\":2,\"name\":\"Violences au stade de Rades : Mandats de d\u00e9p\u00f4t contre 31 supporters de l\u2019EST\"}]},{\"@type\":\"WebSite\",\"@id\":\"https:\\\/\\\/www.webdo.tn\\\/fr\\\/#website\",\"url\":\"https:\\\/\\\/www.webdo.tn\\\/fr\\\/\",\"name\":\"webdo\",\"description\":\"Tunisie - News en Tunisie et \u00e0 l&#039;international sur Webdo.tn\",\"publisher\":{\"@id\":\"https:\\\/\\\/www.webdo.tn\\\/fr\\\/#organization\"},\"potentialAction\":[{\"@type\":\"SearchAction\",\"target\":{\"@type\":\"EntryPoint\",\"urlTemplate\":\"https:\\\/\\\/www.webdo.tn\\\/fr\\\/?s={search_term_string}\"},\"query-input\":{\"@type\":\"PropertyValueSpecification\",\"valueRequired\":true,\"valueName\":\"search_term_string\"}}],\"inLanguage\":\"fr-FR\"},{\"@type\":\"Organization\",\"@id\":\"https:\\\/\\\/www.webdo.tn\\\/fr\\\/#organization\",\"name\":\"Webdo\",\"alternateName\":\"Webdo.tn\",\"url\":\"https:\\\/\\\/www.webdo.tn\\\/fr\\\/\",\"logo\":{\"@type\":\"ImageObject\",\"inLanguage\":\"fr-FR\",\"@id\":\"https:\\\/\\\/www.webdo.tn\\\/fr\\\/#\\\/schema\\\/logo\\\/image\\\/\",\"url\":\"https:\\\/\\\/www.webdo.tn\\\/fr\\\/wp-content\\\/uploads\\\/2025\\\/06\\\/Webdo-Tunisie_168377.jpg\",\"contentUrl\":\"https:\\\/\\\/www.webdo.tn\\\/fr\\\/wp-content\\\/uploads\\\/2025\\\/06\\\/Webdo-Tunisie_168377.jpg\",\"width\":301,\"height\":301,\"caption\":\"Webdo\"},\"image\":{\"@id\":\"https:\\\/\\\/www.webdo.tn\\\/fr\\\/#\\\/schema\\\/logo\\\/image\\\/\"},\"sameAs\":[\"https:\\\/\\\/www.facebook.com\\\/webdotn\",\"https:\\\/\\\/x.com\\\/webdo_tn\"],\"description\":\"Webdo est un m\u00e9dia num\u00e9rique tunisien fond\u00e9 en 2010, sp\u00e9cialis\u00e9 dans l\u2019actualit\u00e9 nationale et internationale, l\u2019\u00e9conomie, la soci\u00e9t\u00e9 et les analyses politiques. Le site s\u2019adresse \u00e0 un large public francophone et couvre l\u2019information tunisienne en temps r\u00e9el.\",\"email\":\"redac@webdo.tn\",\"legalName\":\"YNJ SARL\",\"foundingDate\":\"2010-09-06\",\"numberOfEmployees\":{\"@type\":\"QuantitativeValue\",\"minValue\":\"11\",\"maxValue\":\"50\"}},{\"@type\":\"Person\",\"@id\":\"https:\\\/\\\/www.webdo.tn\\\/fr\\\/#\\\/schema\\\/person\\\/2c4929cbf5a809e3bd38617c6ce150f6\",\"name\":\"MC\",\"image\":{\"@type\":\"ImageObject\",\"inLanguage\":\"fr-FR\",\"@id\":\"https:\\\/\\\/secure.gravatar.com\\\/avatar\\\/a545bbb6f84efdd5553dbbc2895e3ca8f1d12c5215e00a041c9670b54aa9b18a?s=96&d=mm&r=g\",\"url\":\"https:\\\/\\\/secure.gravatar.com\\\/avatar\\\/a545bbb6f84efdd5553dbbc2895e3ca8f1d12c5215e00a041c9670b54aa9b18a?s=96&d=mm&r=g\",\"contentUrl\":\"https:\\\/\\\/secure.gravatar.com\\\/avatar\\\/a545bbb6f84efdd5553dbbc2895e3ca8f1d12c5215e00a041c9670b54aa9b18a?s=96&d=mm&r=g\",\"caption\":\"MC\"},\"url\":\"https:\\\/\\\/www.webdo.tn\\\/fr\\\/actualite\\\/author\\\/mc\\\/\"}]}<\/script>\n<!-- \/ Yoast SEO Premium plugin. -->","yoast_head_json":{"title":"Violences au stade de Rades : Mandats de d\u00e9p\u00f4t contre 31 supporters de l\u2019EST","description":"En marge des \u00e9v\u00e9nements survenus samedi dernier au stade Hamadi Agrebi de Rades, 31 mandats de d\u00e9p\u00f4ts ont \u00e9t\u00e9 \u00e9mis des supporters de l\u2019Esp\u00e9rance ST.","canonical":"https:\/\/www.webdo.tn\/fr\/actualite\/sport\/violences-au-stade-de-rades-mandats-de-depot-contre-31-supporters-de-l-est\/205415\/","og_locale":"fr_FR","og_type":"article","og_title":"Violences au stade de Rades : Mandats de d\u00e9p\u00f4t contre 31 supporters de l\u2019EST","og_description":"En marge des \u00e9v\u00e9nements survenus samedi dernier au stade Hamadi Agrebi de Rades, 31 mandats de d\u00e9p\u00f4ts ont \u00e9t\u00e9 \u00e9mis des supporters de l\u2019Esp\u00e9rance ST.","og_url":"https:\/\/www.webdo.tn\/fr\/actualite\/sport\/violences-au-stade-de-rades-mandats-de-depot-contre-31-supporters-de-l-est\/205415\/","og_site_name":"webdo","article_publisher":"https:\/\/www.facebook.com\/webdotn","article_published_time":"2023-05-04T10:31:00+00:00","article_modified_time":"2025-05-20T22:00:10+00:00","og_image":[{"width":750,"height":400,"url":"https:\/\/www.webdo.tn\/fr\/wp-content\/uploads\/2023\/05\/783f7071b3725e515f5d51248362f3b9.jpg","type":"image\/jpeg"}],"author":"MC","twitter_card":"summary_large_image","twitter_creator":"@webdo_tn","twitter_site":"@webdo_tn","twitter_misc":{"\u00c9crit par":"MC","Dur\u00e9e de lecture estim\u00e9e":"1 minute"},"schema":{"@context":"https:\/\/schema.org","@graph":[{"@type":"NewsArticle","@id":"https:\/\/www.webdo.tn\/fr\/actualite\/sport\/violences-au-stade-de-rades-mandats-de-depot-contre-31-supporters-de-l-est\/205415\/#article","isPartOf":{"@id":"https:\/\/www.webdo.tn\/fr\/actualite\/sport\/violences-au-stade-de-rades-mandats-de-depot-contre-31-supporters-de-l-est\/205415\/"},"author":{"name":"MC","@id":"https:\/\/www.webdo.tn\/fr\/#\/schema\/person\/2c4929cbf5a809e3bd38617c6ce150f6"},"headline":"Violences au stade de Rades : Mandats de d\u00e9p\u00f4t contre 31 supporters de l\u2019EST","datePublished":"2023-05-04T10:31:00+00:00","dateModified":"2025-05-20T22:00:10+00:00","mainEntityOfPage":{"@id":"https:\/\/www.webdo.tn\/fr\/actualite\/sport\/violences-au-stade-de-rades-mandats-de-depot-contre-31-supporters-de-l-est\/205415\/"},"wordCount":269,"commentCount":0,"publisher":{"@id":"https:\/\/www.webdo.tn\/fr\/#organization"},"image":{"@id":"https:\/\/www.webdo.tn\/fr\/actualite\/sport\/violences-au-stade-de-rades-mandats-de-depot-contre-31-supporters-de-l-est\/205415\/#primaryimage"},"thumbnailUrl":"https:\/\/www.webdo.tn\/fr\/wp-content\/uploads\/2023\/05\/783f7071b3725e515f5d51248362f3b9.jpg","keywords":["esp\u00e9rance st","ligue des champions","mandat de d\u00e9p\u00f4t","supporters","Vandalisme"],"articleSection":["Sport"],"inLanguage":"fr-FR"},{"@type":"WebPage","@id":"https:\/\/www.webdo.tn\/fr\/actualite\/sport\/violences-au-stade-de-rades-mandats-de-depot-contre-31-supporters-de-l-est\/205415\/","url":"https:\/\/www.webdo.tn\/fr\/actualite\/sport\/violences-au-stade-de-rades-mandats-de-depot-contre-31-supporters-de-l-est\/205415\/","name":"Violences au stade de Rades : Mandats de d\u00e9p\u00f4t contre 31 supporters de l\u2019EST","isPartOf":{"@id":"https:\/\/www.webdo.tn\/fr\/#website"},"primaryImageOfPage":{"@id":"https:\/\/www.webdo.tn\/fr\/actualite\/sport\/violences-au-stade-de-rades-mandats-de-depot-contre-31-supporters-de-l-est\/205415\/#primaryimage"},"image":{"@id":"https:\/\/www.webdo.tn\/fr\/actualite\/sport\/violences-au-stade-de-rades-mandats-de-depot-contre-31-supporters-de-l-est\/205415\/#primaryimage"},"thumbnailUrl":"https:\/\/www.webdo.tn\/fr\/wp-content\/uploads\/2023\/05\/783f7071b3725e515f5d51248362f3b9.jpg","datePublished":"2023-05-04T10:31:00+00:00","dateModified":"2025-05-20T22:00:10+00:00","description":"En marge des \u00e9v\u00e9nements survenus samedi dernier au stade Hamadi Agrebi de Rades, 31 mandats de d\u00e9p\u00f4ts ont \u00e9t\u00e9 \u00e9mis des supporters de l\u2019Esp\u00e9rance ST.","breadcrumb":{"@id":"https:\/\/www.webdo.tn\/fr\/actualite\/sport\/violences-au-stade-de-rades-mandats-de-depot-contre-31-supporters-de-l-est\/205415\/#breadcrumb"},"inLanguage":"fr-FR","potentialAction":[{"@type":"ReadAction","target":["https:\/\/www.webdo.tn\/fr\/actualite\/sport\/violences-au-stade-de-rades-mandats-de-depot-contre-31-supporters-de-l-est\/205415\/"]}]},{"@type":"ImageObject","inLanguage":"fr-FR","@id":"https:\/\/www.webdo.tn\/fr\/actualite\/sport\/violences-au-stade-de-rades-mandats-de-depot-contre-31-supporters-de-l-est\/205415\/#primaryimage","url":"https:\/\/www.webdo.tn\/fr\/wp-content\/uploads\/2023\/05\/783f7071b3725e515f5d51248362f3b9.jpg","contentUrl":"https:\/\/www.webdo.tn\/fr\/wp-content\/uploads\/2023\/05\/783f7071b3725e515f5d51248362f3b9.jpg","width":750,"height":400,"caption":"Violences au stade de Rades : Mandats de d\u00e9p\u00f4t contre 31 supporters de l\u2019EST"},{"@type":"BreadcrumbList","@id":"https:\/\/www.webdo.tn\/fr\/actualite\/sport\/violences-au-stade-de-rades-mandats-de-depot-contre-31-supporters-de-l-est\/205415\/#breadcrumb","itemListElement":[{"@type":"ListItem","position":1,"name":"Accueil","item":"https:\/\/www.webdo.tn\/fr\/"},{"@type":"ListItem","position":2,"name":"Violences au stade de Rades : Mandats de d\u00e9p\u00f4t contre 31 supporters de l\u2019EST"}]},{"@type":"WebSite","@id":"https:\/\/www.webdo.tn\/fr\/#website","url":"https:\/\/www.webdo.tn\/fr\/","name":"webdo","description":"Tunisie - News en Tunisie et \u00e0 l&#039;international sur Webdo.tn","publisher":{"@id":"https:\/\/www.webdo.tn\/fr\/#organization"},"potentialAction":[{"@type":"SearchAction","target":{"@type":"EntryPoint","urlTemplate":"https:\/\/www.webdo.tn\/fr\/?s={search_term_string}"},"query-input":{"@type":"PropertyValueSpecification","valueRequired":true,"valueName":"search_term_string"}}],"inLanguage":"fr-FR"},{"@type":"Organization","@id":"https:\/\/www.webdo.tn\/fr\/#organization","name":"Webdo","alternateName":"Webdo.tn","url":"https:\/\/www.webdo.tn\/fr\/","logo":{"@type":"ImageObject","inLanguage":"fr-FR","@id":"https:\/\/www.webdo.tn\/fr\/#\/schema\/logo\/image\/","url":"https:\/\/www.webdo.tn\/fr\/wp-content\/uploads\/2025\/06\/Webdo-Tunisie_168377.jpg","contentUrl":"https:\/\/www.webdo.tn\/fr\/wp-content\/uploads\/2025\/06\/Webdo-Tunisie_168377.jpg","width":301,"height":301,"caption":"Webdo"},"image":{"@id":"https:\/\/www.webdo.tn\/fr\/#\/schema\/logo\/image\/"},"sameAs":["https:\/\/www.facebook.com\/webdotn","https:\/\/x.com\/webdo_tn"],"description":"Webdo est un m\u00e9dia num\u00e9rique tunisien fond\u00e9 en 2010, sp\u00e9cialis\u00e9 dans l\u2019actualit\u00e9 nationale et internationale, l\u2019\u00e9conomie, la soci\u00e9t\u00e9 et les analyses politiques. Le site s\u2019adresse \u00e0 un large public francophone et couvre l\u2019information tunisienne en temps r\u00e9el.","email":"redac@webdo.tn","legalName":"YNJ SARL","foundingDate":"2010-09-06","numberOfEmployees":{"@type":"QuantitativeValue","minValue":"11","maxValue":"50"}},{"@type":"Person","@id":"https:\/\/www.webdo.tn\/fr\/#\/schema\/person\/2c4929cbf5a809e3bd38617c6ce150f6","name":"MC","image":{"@type":"ImageObject","inLanguage":"fr-FR","@id":"https:\/\/secure.gravatar.com\/avatar\/a545bbb6f84efdd5553dbbc2895e3ca8f1d12c5215e00a041c9670b54aa9b18a?s=96&d=mm&r=g","url":"https:\/\/secure.gravatar.com\/avatar\/a545bbb6f84efdd5553dbbc2895e3ca8f1d12c5215e00a041c9670b54aa9b18a?s=96&d=mm&r=g","contentUrl":"https:\/\/secure.gravatar.com\/avatar\/a545bbb6f84efdd5553dbbc2895e3ca8f1d12c5215e00a041c9670b54aa9b18a?s=96&d=mm&r=g","caption":"MC"},"url":"https:\/\/www.webdo.tn\/fr\/actualite\/author\/mc\/"}]}},"_links":{"self":[{"href":"https:\/\/www.webdo.tn\/fr\/wp-json\/wp\/v2\/posts\/205415","targetHints":{"allow":["GET"]}}],"collection":[{"href":"https:\/\/www.webdo.tn\/fr\/wp-json\/wp\/v2\/posts"}],"about":[{"href":"https:\/\/www.webdo.tn\/fr\/wp-json\/wp\/v2\/types\/post"}],"author":[{"embeddable":true,"href":"https:\/\/www.webdo.tn\/fr\/wp-json\/wp\/v2\/users\/3162"}],"replies":[{"embeddable":true,"href":"https:\/\/www.webdo.tn\/fr\/wp-json\/wp\/v2\/comments?post=205415"}],"version-history":[{"count":0,"href":"https:\/\/www.webdo.tn\/fr\/wp-json\/wp\/v2\/posts\/205415\/revisions"}],"wp:featuredmedia":[{"embeddable":true,"href":"https:\/\/www.webdo.tn\/fr\/wp-json\/wp\/v2\/media\/251250"}],"wp:attachment":[{"href":"https:\/\/www.webdo.tn\/fr\/wp-json\/wp\/v2\/media?parent=205415"}],"wp:term":[{"taxonomy":"category","embeddable":true,"href":"https:\/\/www.webdo.tn\/fr\/wp-json\/wp\/v2\/categories?post=205415"},{"taxonomy":"post_tag","embeddable":true,"href":"https:\/\/www.webdo.tn\/fr\/wp-json\/wp\/v2\/tags?post=205415"}],"curies":[{"name":"wp","href":"https:\/\/api.w.org\/{rel}","templated":true}]}}