{"id":205409,"date":"2023-05-04T09:33:00","date_gmt":"2023-05-04T09:33:00","guid":{"rendered":"https:\/\/www.webdo.tn\/fr\/blog\/des-enfants-s-exhibent-avec-des-armes-blanches-leurs-parents-convoques-a-el-gorjani\/205409\/"},"modified":"2025-05-20T22:00:09","modified_gmt":"2025-05-20T22:00:09","slug":"des-enfants-s-exhibent-avec-des-armes-blanches-leurs-parents-convoques-a-el-gorjani","status":"publish","type":"post","link":"https:\/\/www.webdo.tn\/fr\/actualite\/national\/des-enfants-s-exhibent-avec-des-armes-blanches-leurs-parents-convoques-a-el-gorjani\/205409\/","title":{"rendered":"Des enfants s\u2019exhibent avec des armes blanches, leurs parents convoqu\u00e9s \u00e0 El Gorjani"},"content":{"rendered":"<p>Les enfants qui sont apparus dans un clip s\u2019exhibant avec des armes blanches, ont \u00e9t\u00e9 emmen\u00e9s au district de s\u00fbret\u00e9 d\u2019El Gorjani pour enqu\u00eate.<\/p>\n<p>\t\t\t\t\t\t\t\t\tIls ont \u00e9t\u00e9 convoqu\u00e9s avec leurs parents \u00e0 El Gorjani pour d\u00e9terminer les circonstances qui ont conduit au tournage de ce clip dans lequel des enfants s\u2019exhibent avec des armes blanches en chantant une chanson rap, selon l&rsquo;oncle d&rsquo;un des enfants dans une d\u00e9claration \u00e0 Diwan FM.<\/p>\n<p>L\u2019affaire a \u00e9galement fait l\u2019objet de proc\u00e9dures lanc\u00e9es par le minist\u00e8re de la Famille de la femme de l&rsquo;enfance et des personnes \u00e2g\u00e9es, qui a ordonn\u00e9 ses services de coordonner avec la direction r\u00e9gionale de protection sociale au niveau de la police judiciaire afin de d\u00e9terminer le lieu de tournage de cette vid\u00e9o.<\/p>\n<p>En outre, le minist\u00e8re de la famille a d\u00e9cid\u00e9 de prendre en charge les enfants qui ont particip\u00e9 au tournage de cette vid\u00e9o en plus des sanctions qui seront inflig\u00e9es contre tous ceux qui seront condamn\u00e9s dans cette affaire d&rsquo;exploitation de mineurs.<\/p>\n","protected":false},"excerpt":{"rendered":"<p>Les enfants qui sont apparus dans un clip s\u2019exhibant avec des armes blanches, ont \u00e9t\u00e9 emmen\u00e9s au district de s\u00fbret\u00e9 d\u2019El Gorjani pour enqu\u00eate.<\/p>\n","protected":false},"author":3162,"featured_media":251245,"comment_status":"open","ping_status":"closed","sticky":false,"template":"","format":"standard","meta":{"footnotes":""},"categories":[44],"tags":[8472,7845,2956,4200],"class_list":["post-205409","post","type-post","status-publish","format-standard","has-post-thumbnail","hentry","category-national","tag-armes-blanches","tag-clip","tag-enfants","tag-mineurs"],"yoast_head":"<!-- This site is optimized with the Yoast SEO Premium plugin v27.4 (Yoast SEO v27.5) - https:\/\/yoast.com\/product\/yoast-seo-premium-wordpress\/ -->\n<title>Des enfants s\u2019exhibent avec des armes blanches, leurs parents convoqu\u00e9s \u00e0 El Gorjani<\/title>\n<meta name=\"description\" content=\"Les enfants qui sont apparus dans un clip s\u2019exhibant avec des armes blanches, ont \u00e9t\u00e9 emmen\u00e9s au district de s\u00fbret\u00e9 d\u2019El Gorjani pour enqu\u00eate.\" \/>\n<link rel=\"canonical\" href=\"https:\/\/www.webdo.tn\/fr\/actualite\/national\/des-enfants-s-exhibent-avec-des-armes-blanches-leurs-parents-convoques-a-el-gorjani\/205409\/\" \/>\n<meta property=\"og:locale\" content=\"fr_FR\" \/>\n<meta property=\"og:type\" content=\"article\" \/>\n<meta property=\"og:title\" content=\"Des enfants s\u2019exhibent avec des armes blanches, leurs parents convoqu\u00e9s \u00e0 El Gorjani\" \/>\n<meta property=\"og:description\" content=\"Les enfants qui sont apparus dans un clip s\u2019exhibant avec des armes blanches, ont \u00e9t\u00e9 emmen\u00e9s au district de s\u00fbret\u00e9 d\u2019El Gorjani pour enqu\u00eate.\" \/>\n<meta property=\"og:url\" content=\"https:\/\/www.webdo.tn\/fr\/actualite\/national\/des-enfants-s-exhibent-avec-des-armes-blanches-leurs-parents-convoques-a-el-gorjani\/205409\/\" \/>\n<meta property=\"og:site_name\" content=\"webdo\" \/>\n<meta property=\"article:publisher\" content=\"https:\/\/www.facebook.com\/webdotn\" \/>\n<meta property=\"article:published_time\" content=\"2023-05-04T09:33:00+00:00\" \/>\n<meta property=\"article:modified_time\" content=\"2025-05-20T22:00:09+00:00\" \/>\n<meta property=\"og:image\" content=\"https:\/\/www.webdo.tn\/fr\/wp-content\/uploads\/2023\/05\/0cf127b2d18cb3cc714e39aa8e6a4210.jpg\" \/>\n\t<meta property=\"og:image:width\" content=\"750\" \/>\n\t<meta property=\"og:image:height\" content=\"400\" \/>\n\t<meta property=\"og:image:type\" content=\"image\/jpeg\" \/>\n<meta name=\"author\" content=\"MC\" \/>\n<meta name=\"twitter:card\" content=\"summary_large_image\" \/>\n<meta name=\"twitter:creator\" content=\"@webdo_tn\" \/>\n<meta name=\"twitter:site\" content=\"@webdo_tn\" \/>\n<meta name=\"twitter:label1\" content=\"\u00c9crit par\" \/>\n\t<meta name=\"twitter:data1\" content=\"MC\" \/>\n\t<meta name=\"twitter:label2\" content=\"Dur\u00e9e de lecture estim\u00e9e\" \/>\n\t<meta name=\"twitter:data2\" content=\"1 minute\" \/>\n<script type=\"application\/ld+json\" class=\"yoast-schema-graph\">{\"@context\":\"https:\\\/\\\/schema.org\",\"@graph\":[{\"@type\":\"NewsArticle\",\"@id\":\"https:\\\/\\\/www.webdo.tn\\\/fr\\\/actualite\\\/national\\\/des-enfants-s-exhibent-avec-des-armes-blanches-leurs-parents-convoques-a-el-gorjani\\\/205409\\\/#article\",\"isPartOf\":{\"@id\":\"https:\\\/\\\/www.webdo.tn\\\/fr\\\/actualite\\\/national\\\/des-enfants-s-exhibent-avec-des-armes-blanches-leurs-parents-convoques-a-el-gorjani\\\/205409\\\/\"},\"author\":{\"name\":\"MC\",\"@id\":\"https:\\\/\\\/www.webdo.tn\\\/fr\\\/#\\\/schema\\\/person\\\/2c4929cbf5a809e3bd38617c6ce150f6\"},\"headline\":\"Des enfants s\u2019exhibent avec des armes blanches, leurs parents convoqu\u00e9s \u00e0 El Gorjani\",\"datePublished\":\"2023-05-04T09:33:00+00:00\",\"dateModified\":\"2025-05-20T22:00:09+00:00\",\"mainEntityOfPage\":{\"@id\":\"https:\\\/\\\/www.webdo.tn\\\/fr\\\/actualite\\\/national\\\/des-enfants-s-exhibent-avec-des-armes-blanches-leurs-parents-convoques-a-el-gorjani\\\/205409\\\/\"},\"wordCount\":205,\"commentCount\":0,\"publisher\":{\"@id\":\"https:\\\/\\\/www.webdo.tn\\\/fr\\\/#organization\"},\"image\":{\"@id\":\"https:\\\/\\\/www.webdo.tn\\\/fr\\\/actualite\\\/national\\\/des-enfants-s-exhibent-avec-des-armes-blanches-leurs-parents-convoques-a-el-gorjani\\\/205409\\\/#primaryimage\"},\"thumbnailUrl\":\"https:\\\/\\\/www.webdo.tn\\\/fr\\\/wp-content\\\/uploads\\\/2023\\\/05\\\/0cf127b2d18cb3cc714e39aa8e6a4210.jpg\",\"keywords\":[\"armes blanches\",\"clip\",\"enfants\",\"mineurs\"],\"articleSection\":[\"National\"],\"inLanguage\":\"fr-FR\"},{\"@type\":\"WebPage\",\"@id\":\"https:\\\/\\\/www.webdo.tn\\\/fr\\\/actualite\\\/national\\\/des-enfants-s-exhibent-avec-des-armes-blanches-leurs-parents-convoques-a-el-gorjani\\\/205409\\\/\",\"url\":\"https:\\\/\\\/www.webdo.tn\\\/fr\\\/actualite\\\/national\\\/des-enfants-s-exhibent-avec-des-armes-blanches-leurs-parents-convoques-a-el-gorjani\\\/205409\\\/\",\"name\":\"Des enfants s\u2019exhibent avec des armes blanches, leurs parents convoqu\u00e9s \u00e0 El Gorjani\",\"isPartOf\":{\"@id\":\"https:\\\/\\\/www.webdo.tn\\\/fr\\\/#website\"},\"primaryImageOfPage\":{\"@id\":\"https:\\\/\\\/www.webdo.tn\\\/fr\\\/actualite\\\/national\\\/des-enfants-s-exhibent-avec-des-armes-blanches-leurs-parents-convoques-a-el-gorjani\\\/205409\\\/#primaryimage\"},\"image\":{\"@id\":\"https:\\\/\\\/www.webdo.tn\\\/fr\\\/actualite\\\/national\\\/des-enfants-s-exhibent-avec-des-armes-blanches-leurs-parents-convoques-a-el-gorjani\\\/205409\\\/#primaryimage\"},\"thumbnailUrl\":\"https:\\\/\\\/www.webdo.tn\\\/fr\\\/wp-content\\\/uploads\\\/2023\\\/05\\\/0cf127b2d18cb3cc714e39aa8e6a4210.jpg\",\"datePublished\":\"2023-05-04T09:33:00+00:00\",\"dateModified\":\"2025-05-20T22:00:09+00:00\",\"description\":\"Les enfants qui sont apparus dans un clip s\u2019exhibant avec des armes blanches, ont \u00e9t\u00e9 emmen\u00e9s au district de s\u00fbret\u00e9 d\u2019El Gorjani pour enqu\u00eate.\",\"breadcrumb\":{\"@id\":\"https:\\\/\\\/www.webdo.tn\\\/fr\\\/actualite\\\/national\\\/des-enfants-s-exhibent-avec-des-armes-blanches-leurs-parents-convoques-a-el-gorjani\\\/205409\\\/#breadcrumb\"},\"inLanguage\":\"fr-FR\",\"potentialAction\":[{\"@type\":\"ReadAction\",\"target\":[\"https:\\\/\\\/www.webdo.tn\\\/fr\\\/actualite\\\/national\\\/des-enfants-s-exhibent-avec-des-armes-blanches-leurs-parents-convoques-a-el-gorjani\\\/205409\\\/\"]}]},{\"@type\":\"ImageObject\",\"inLanguage\":\"fr-FR\",\"@id\":\"https:\\\/\\\/www.webdo.tn\\\/fr\\\/actualite\\\/national\\\/des-enfants-s-exhibent-avec-des-armes-blanches-leurs-parents-convoques-a-el-gorjani\\\/205409\\\/#primaryimage\",\"url\":\"https:\\\/\\\/www.webdo.tn\\\/fr\\\/wp-content\\\/uploads\\\/2023\\\/05\\\/0cf127b2d18cb3cc714e39aa8e6a4210.jpg\",\"contentUrl\":\"https:\\\/\\\/www.webdo.tn\\\/fr\\\/wp-content\\\/uploads\\\/2023\\\/05\\\/0cf127b2d18cb3cc714e39aa8e6a4210.jpg\",\"width\":750,\"height\":400,\"caption\":\"Des enfants s\u2019exhibent avec des armes blanches, leurs parents convoqu\u00e9s \u00e0 El Gorjani\"},{\"@type\":\"BreadcrumbList\",\"@id\":\"https:\\\/\\\/www.webdo.tn\\\/fr\\\/actualite\\\/national\\\/des-enfants-s-exhibent-avec-des-armes-blanches-leurs-parents-convoques-a-el-gorjani\\\/205409\\\/#breadcrumb\",\"itemListElement\":[{\"@type\":\"ListItem\",\"position\":1,\"name\":\"Accueil\",\"item\":\"https:\\\/\\\/www.webdo.tn\\\/fr\\\/\"},{\"@type\":\"ListItem\",\"position\":2,\"name\":\"Des enfants s\u2019exhibent avec des armes blanches, leurs parents convoqu\u00e9s \u00e0 El Gorjani\"}]},{\"@type\":\"WebSite\",\"@id\":\"https:\\\/\\\/www.webdo.tn\\\/fr\\\/#website\",\"url\":\"https:\\\/\\\/www.webdo.tn\\\/fr\\\/\",\"name\":\"webdo\",\"description\":\"Tunisie - News en Tunisie et \u00e0 l&#039;international sur Webdo.tn\",\"publisher\":{\"@id\":\"https:\\\/\\\/www.webdo.tn\\\/fr\\\/#organization\"},\"potentialAction\":[{\"@type\":\"SearchAction\",\"target\":{\"@type\":\"EntryPoint\",\"urlTemplate\":\"https:\\\/\\\/www.webdo.tn\\\/fr\\\/?s={search_term_string}\"},\"query-input\":{\"@type\":\"PropertyValueSpecification\",\"valueRequired\":true,\"valueName\":\"search_term_string\"}}],\"inLanguage\":\"fr-FR\"},{\"@type\":\"Organization\",\"@id\":\"https:\\\/\\\/www.webdo.tn\\\/fr\\\/#organization\",\"name\":\"Webdo\",\"alternateName\":\"Webdo.tn\",\"url\":\"https:\\\/\\\/www.webdo.tn\\\/fr\\\/\",\"logo\":{\"@type\":\"ImageObject\",\"inLanguage\":\"fr-FR\",\"@id\":\"https:\\\/\\\/www.webdo.tn\\\/fr\\\/#\\\/schema\\\/logo\\\/image\\\/\",\"url\":\"https:\\\/\\\/www.webdo.tn\\\/fr\\\/wp-content\\\/uploads\\\/2025\\\/06\\\/Webdo-Tunisie_168377.jpg\",\"contentUrl\":\"https:\\\/\\\/www.webdo.tn\\\/fr\\\/wp-content\\\/uploads\\\/2025\\\/06\\\/Webdo-Tunisie_168377.jpg\",\"width\":301,\"height\":301,\"caption\":\"Webdo\"},\"image\":{\"@id\":\"https:\\\/\\\/www.webdo.tn\\\/fr\\\/#\\\/schema\\\/logo\\\/image\\\/\"},\"sameAs\":[\"https:\\\/\\\/www.facebook.com\\\/webdotn\",\"https:\\\/\\\/x.com\\\/webdo_tn\"],\"description\":\"Webdo est un m\u00e9dia num\u00e9rique tunisien fond\u00e9 en 2010, sp\u00e9cialis\u00e9 dans l\u2019actualit\u00e9 nationale et internationale, l\u2019\u00e9conomie, la soci\u00e9t\u00e9 et les analyses politiques. Le site s\u2019adresse \u00e0 un large public francophone et couvre l\u2019information tunisienne en temps r\u00e9el.\",\"email\":\"redac@webdo.tn\",\"legalName\":\"YNJ SARL\",\"foundingDate\":\"2010-09-06\",\"numberOfEmployees\":{\"@type\":\"QuantitativeValue\",\"minValue\":\"11\",\"maxValue\":\"50\"}},{\"@type\":\"Person\",\"@id\":\"https:\\\/\\\/www.webdo.tn\\\/fr\\\/#\\\/schema\\\/person\\\/2c4929cbf5a809e3bd38617c6ce150f6\",\"name\":\"MC\",\"image\":{\"@type\":\"ImageObject\",\"inLanguage\":\"fr-FR\",\"@id\":\"https:\\\/\\\/secure.gravatar.com\\\/avatar\\\/a545bbb6f84efdd5553dbbc2895e3ca8f1d12c5215e00a041c9670b54aa9b18a?s=96&d=mm&r=g\",\"url\":\"https:\\\/\\\/secure.gravatar.com\\\/avatar\\\/a545bbb6f84efdd5553dbbc2895e3ca8f1d12c5215e00a041c9670b54aa9b18a?s=96&d=mm&r=g\",\"contentUrl\":\"https:\\\/\\\/secure.gravatar.com\\\/avatar\\\/a545bbb6f84efdd5553dbbc2895e3ca8f1d12c5215e00a041c9670b54aa9b18a?s=96&d=mm&r=g\",\"caption\":\"MC\"},\"url\":\"https:\\\/\\\/www.webdo.tn\\\/fr\\\/actualite\\\/author\\\/mc\\\/\"}]}<\/script>\n<!-- \/ Yoast SEO Premium plugin. -->","yoast_head_json":{"title":"Des enfants s\u2019exhibent avec des armes blanches, leurs parents convoqu\u00e9s \u00e0 El Gorjani","description":"Les enfants qui sont apparus dans un clip s\u2019exhibant avec des armes blanches, ont \u00e9t\u00e9 emmen\u00e9s au district de s\u00fbret\u00e9 d\u2019El Gorjani pour enqu\u00eate.","canonical":"https:\/\/www.webdo.tn\/fr\/actualite\/national\/des-enfants-s-exhibent-avec-des-armes-blanches-leurs-parents-convoques-a-el-gorjani\/205409\/","og_locale":"fr_FR","og_type":"article","og_title":"Des enfants s\u2019exhibent avec des armes blanches, leurs parents convoqu\u00e9s \u00e0 El Gorjani","og_description":"Les enfants qui sont apparus dans un clip s\u2019exhibant avec des armes blanches, ont \u00e9t\u00e9 emmen\u00e9s au district de s\u00fbret\u00e9 d\u2019El Gorjani pour enqu\u00eate.","og_url":"https:\/\/www.webdo.tn\/fr\/actualite\/national\/des-enfants-s-exhibent-avec-des-armes-blanches-leurs-parents-convoques-a-el-gorjani\/205409\/","og_site_name":"webdo","article_publisher":"https:\/\/www.facebook.com\/webdotn","article_published_time":"2023-05-04T09:33:00+00:00","article_modified_time":"2025-05-20T22:00:09+00:00","og_image":[{"width":750,"height":400,"url":"https:\/\/www.webdo.tn\/fr\/wp-content\/uploads\/2023\/05\/0cf127b2d18cb3cc714e39aa8e6a4210.jpg","type":"image\/jpeg"}],"author":"MC","twitter_card":"summary_large_image","twitter_creator":"@webdo_tn","twitter_site":"@webdo_tn","twitter_misc":{"\u00c9crit par":"MC","Dur\u00e9e de lecture estim\u00e9e":"1 minute"},"schema":{"@context":"https:\/\/schema.org","@graph":[{"@type":"NewsArticle","@id":"https:\/\/www.webdo.tn\/fr\/actualite\/national\/des-enfants-s-exhibent-avec-des-armes-blanches-leurs-parents-convoques-a-el-gorjani\/205409\/#article","isPartOf":{"@id":"https:\/\/www.webdo.tn\/fr\/actualite\/national\/des-enfants-s-exhibent-avec-des-armes-blanches-leurs-parents-convoques-a-el-gorjani\/205409\/"},"author":{"name":"MC","@id":"https:\/\/www.webdo.tn\/fr\/#\/schema\/person\/2c4929cbf5a809e3bd38617c6ce150f6"},"headline":"Des enfants s\u2019exhibent avec des armes blanches, leurs parents convoqu\u00e9s \u00e0 El Gorjani","datePublished":"2023-05-04T09:33:00+00:00","dateModified":"2025-05-20T22:00:09+00:00","mainEntityOfPage":{"@id":"https:\/\/www.webdo.tn\/fr\/actualite\/national\/des-enfants-s-exhibent-avec-des-armes-blanches-leurs-parents-convoques-a-el-gorjani\/205409\/"},"wordCount":205,"commentCount":0,"publisher":{"@id":"https:\/\/www.webdo.tn\/fr\/#organization"},"image":{"@id":"https:\/\/www.webdo.tn\/fr\/actualite\/national\/des-enfants-s-exhibent-avec-des-armes-blanches-leurs-parents-convoques-a-el-gorjani\/205409\/#primaryimage"},"thumbnailUrl":"https:\/\/www.webdo.tn\/fr\/wp-content\/uploads\/2023\/05\/0cf127b2d18cb3cc714e39aa8e6a4210.jpg","keywords":["armes blanches","clip","enfants","mineurs"],"articleSection":["National"],"inLanguage":"fr-FR"},{"@type":"WebPage","@id":"https:\/\/www.webdo.tn\/fr\/actualite\/national\/des-enfants-s-exhibent-avec-des-armes-blanches-leurs-parents-convoques-a-el-gorjani\/205409\/","url":"https:\/\/www.webdo.tn\/fr\/actualite\/national\/des-enfants-s-exhibent-avec-des-armes-blanches-leurs-parents-convoques-a-el-gorjani\/205409\/","name":"Des enfants s\u2019exhibent avec des armes blanches, leurs parents convoqu\u00e9s \u00e0 El Gorjani","isPartOf":{"@id":"https:\/\/www.webdo.tn\/fr\/#website"},"primaryImageOfPage":{"@id":"https:\/\/www.webdo.tn\/fr\/actualite\/national\/des-enfants-s-exhibent-avec-des-armes-blanches-leurs-parents-convoques-a-el-gorjani\/205409\/#primaryimage"},"image":{"@id":"https:\/\/www.webdo.tn\/fr\/actualite\/national\/des-enfants-s-exhibent-avec-des-armes-blanches-leurs-parents-convoques-a-el-gorjani\/205409\/#primaryimage"},"thumbnailUrl":"https:\/\/www.webdo.tn\/fr\/wp-content\/uploads\/2023\/05\/0cf127b2d18cb3cc714e39aa8e6a4210.jpg","datePublished":"2023-05-04T09:33:00+00:00","dateModified":"2025-05-20T22:00:09+00:00","description":"Les enfants qui sont apparus dans un clip s\u2019exhibant avec des armes blanches, ont \u00e9t\u00e9 emmen\u00e9s au district de s\u00fbret\u00e9 d\u2019El Gorjani pour enqu\u00eate.","breadcrumb":{"@id":"https:\/\/www.webdo.tn\/fr\/actualite\/national\/des-enfants-s-exhibent-avec-des-armes-blanches-leurs-parents-convoques-a-el-gorjani\/205409\/#breadcrumb"},"inLanguage":"fr-FR","potentialAction":[{"@type":"ReadAction","target":["https:\/\/www.webdo.tn\/fr\/actualite\/national\/des-enfants-s-exhibent-avec-des-armes-blanches-leurs-parents-convoques-a-el-gorjani\/205409\/"]}]},{"@type":"ImageObject","inLanguage":"fr-FR","@id":"https:\/\/www.webdo.tn\/fr\/actualite\/national\/des-enfants-s-exhibent-avec-des-armes-blanches-leurs-parents-convoques-a-el-gorjani\/205409\/#primaryimage","url":"https:\/\/www.webdo.tn\/fr\/wp-content\/uploads\/2023\/05\/0cf127b2d18cb3cc714e39aa8e6a4210.jpg","contentUrl":"https:\/\/www.webdo.tn\/fr\/wp-content\/uploads\/2023\/05\/0cf127b2d18cb3cc714e39aa8e6a4210.jpg","width":750,"height":400,"caption":"Des enfants s\u2019exhibent avec des armes blanches, leurs parents convoqu\u00e9s \u00e0 El Gorjani"},{"@type":"BreadcrumbList","@id":"https:\/\/www.webdo.tn\/fr\/actualite\/national\/des-enfants-s-exhibent-avec-des-armes-blanches-leurs-parents-convoques-a-el-gorjani\/205409\/#breadcrumb","itemListElement":[{"@type":"ListItem","position":1,"name":"Accueil","item":"https:\/\/www.webdo.tn\/fr\/"},{"@type":"ListItem","position":2,"name":"Des enfants s\u2019exhibent avec des armes blanches, leurs parents convoqu\u00e9s \u00e0 El Gorjani"}]},{"@type":"WebSite","@id":"https:\/\/www.webdo.tn\/fr\/#website","url":"https:\/\/www.webdo.tn\/fr\/","name":"webdo","description":"Tunisie - News en Tunisie et \u00e0 l&#039;international sur Webdo.tn","publisher":{"@id":"https:\/\/www.webdo.tn\/fr\/#organization"},"potentialAction":[{"@type":"SearchAction","target":{"@type":"EntryPoint","urlTemplate":"https:\/\/www.webdo.tn\/fr\/?s={search_term_string}"},"query-input":{"@type":"PropertyValueSpecification","valueRequired":true,"valueName":"search_term_string"}}],"inLanguage":"fr-FR"},{"@type":"Organization","@id":"https:\/\/www.webdo.tn\/fr\/#organization","name":"Webdo","alternateName":"Webdo.tn","url":"https:\/\/www.webdo.tn\/fr\/","logo":{"@type":"ImageObject","inLanguage":"fr-FR","@id":"https:\/\/www.webdo.tn\/fr\/#\/schema\/logo\/image\/","url":"https:\/\/www.webdo.tn\/fr\/wp-content\/uploads\/2025\/06\/Webdo-Tunisie_168377.jpg","contentUrl":"https:\/\/www.webdo.tn\/fr\/wp-content\/uploads\/2025\/06\/Webdo-Tunisie_168377.jpg","width":301,"height":301,"caption":"Webdo"},"image":{"@id":"https:\/\/www.webdo.tn\/fr\/#\/schema\/logo\/image\/"},"sameAs":["https:\/\/www.facebook.com\/webdotn","https:\/\/x.com\/webdo_tn"],"description":"Webdo est un m\u00e9dia num\u00e9rique tunisien fond\u00e9 en 2010, sp\u00e9cialis\u00e9 dans l\u2019actualit\u00e9 nationale et internationale, l\u2019\u00e9conomie, la soci\u00e9t\u00e9 et les analyses politiques. Le site s\u2019adresse \u00e0 un large public francophone et couvre l\u2019information tunisienne en temps r\u00e9el.","email":"redac@webdo.tn","legalName":"YNJ SARL","foundingDate":"2010-09-06","numberOfEmployees":{"@type":"QuantitativeValue","minValue":"11","maxValue":"50"}},{"@type":"Person","@id":"https:\/\/www.webdo.tn\/fr\/#\/schema\/person\/2c4929cbf5a809e3bd38617c6ce150f6","name":"MC","image":{"@type":"ImageObject","inLanguage":"fr-FR","@id":"https:\/\/secure.gravatar.com\/avatar\/a545bbb6f84efdd5553dbbc2895e3ca8f1d12c5215e00a041c9670b54aa9b18a?s=96&d=mm&r=g","url":"https:\/\/secure.gravatar.com\/avatar\/a545bbb6f84efdd5553dbbc2895e3ca8f1d12c5215e00a041c9670b54aa9b18a?s=96&d=mm&r=g","contentUrl":"https:\/\/secure.gravatar.com\/avatar\/a545bbb6f84efdd5553dbbc2895e3ca8f1d12c5215e00a041c9670b54aa9b18a?s=96&d=mm&r=g","caption":"MC"},"url":"https:\/\/www.webdo.tn\/fr\/actualite\/author\/mc\/"}]}},"_links":{"self":[{"href":"https:\/\/www.webdo.tn\/fr\/wp-json\/wp\/v2\/posts\/205409","targetHints":{"allow":["GET"]}}],"collection":[{"href":"https:\/\/www.webdo.tn\/fr\/wp-json\/wp\/v2\/posts"}],"about":[{"href":"https:\/\/www.webdo.tn\/fr\/wp-json\/wp\/v2\/types\/post"}],"author":[{"embeddable":true,"href":"https:\/\/www.webdo.tn\/fr\/wp-json\/wp\/v2\/users\/3162"}],"replies":[{"embeddable":true,"href":"https:\/\/www.webdo.tn\/fr\/wp-json\/wp\/v2\/comments?post=205409"}],"version-history":[{"count":0,"href":"https:\/\/www.webdo.tn\/fr\/wp-json\/wp\/v2\/posts\/205409\/revisions"}],"wp:featuredmedia":[{"embeddable":true,"href":"https:\/\/www.webdo.tn\/fr\/wp-json\/wp\/v2\/media\/251245"}],"wp:attachment":[{"href":"https:\/\/www.webdo.tn\/fr\/wp-json\/wp\/v2\/media?parent=205409"}],"wp:term":[{"taxonomy":"category","embeddable":true,"href":"https:\/\/www.webdo.tn\/fr\/wp-json\/wp\/v2\/categories?post=205409"},{"taxonomy":"post_tag","embeddable":true,"href":"https:\/\/www.webdo.tn\/fr\/wp-json\/wp\/v2\/tags?post=205409"}],"curies":[{"name":"wp","href":"https:\/\/api.w.org\/{rel}","templated":true}]}}