{"id":205399,"date":"2023-05-03T20:05:00","date_gmt":"2023-05-03T20:05:00","guid":{"rendered":"https:\/\/www.webdo.tn\/fr\/blog\/tunisie-libye-les-problemes-sont-montes-de-toutes-pieces-insiste-kais-saied\/205399\/"},"modified":"2025-05-20T22:43:40","modified_gmt":"2025-05-20T22:43:40","slug":"tunisie-libye-les-problemes-sont-montes-de-toutes-pieces-insiste-kais-saied","status":"publish","type":"post","link":"https:\/\/www.webdo.tn\/fr\/actualite\/national\/tunisie-libye-les-problemes-sont-montes-de-toutes-pieces-insiste-kais-saied\/205399\/","title":{"rendered":"Tunisie \u2013 Libye : \u00ab Les probl\u00e8mes sont mont\u00e9s de toutes pi\u00e8ces \u00bb, insiste Kais Saied"},"content":{"rendered":"<p>Le pr\u00e9sident de la R\u00e9publique, Kais Saied, a re\u00e7u, mercredi, au Palais de Carthage, la ministre libyenne des Affaires \u00e9trang\u00e8res et de la Coop\u00e9ration internationale, Najla Mangoush, et le ministre libyen des Transports au gouvernement d&rsquo;entente nationale, Mohamed Chahoubi.<\/p>\n<p>\t\t\t\t\t\t\t\t\tAu cours de cette rencontre, l&rsquo;accent a \u00e9t\u00e9 mis sur l&rsquo;importance d&rsquo;intensifier la concertation et la coop\u00e9ration entre les deux pays dans tous les domaines dont, notamment, les secteurs de l&rsquo;\u00e9conomie, de l&rsquo;investissement, de l&rsquo;\u00e9nergie et de la s\u00e9curit\u00e9.<\/p>\n<p>Le chef de l&rsquo;Etat a, \u00e0 cette occasion, r\u00e9affirm\u00e9 la position in\u00e9branlable de la Tunisie en faveur de la r\u00e9solution de la crise en Libye, dans le cadre d&rsquo;une approche bas\u00e9e sur l&rsquo;unit\u00e9 de ce peuple fr\u00e8re.<\/p>\n<p>Il a dit rejeter toute ing\u00e9rence \u00e9trang\u00e8re dans les affaires internes de la Libye, indique un communiqu\u00e9 de la pr\u00e9sidence de la R\u00e9publique.<\/p>\n<p>Saied a, \u00e9galement, soulign\u00e9 la n\u00e9cessit\u00e9 d&rsquo;intensifier les efforts visant \u00e0 r\u00e9aliser les aspirations des deux peuples fr\u00e8res et de passer outre certains probl\u00e8mes qui, a-t-il dit, sont \u00ab\u00a0mont\u00e9s de toutes pi\u00e8ces\u00a0\u00bb et qui risquent de perturber les relations de fraternit\u00e9 et de coop\u00e9ration unissant la Tunisie et la Libye.<\/p>\n<p>Le chef de l&rsquo;Etat a, \u00e9galement, mis en avant l&rsquo;importance de relever les d\u00e9fis actuels et d&rsquo;intensifier les r\u00e9unions \u00e0 tous les niveaux, exprimant la volont\u00e9 de mettre en application les accords bilat\u00e9raux.<\/p>\n","protected":false},"excerpt":{"rendered":"<p>Le pr\u00e9sident de la R\u00e9publique, Kais Saied, a re\u00e7u, mercredi, au Palais de Carthage, la ministre libyenne des Affaires \u00e9trang\u00e8res et de la Coop\u00e9ration internatio&#8230;<\/p>\n","protected":false},"author":3175,"featured_media":251247,"comment_status":"open","ping_status":"closed","sticky":false,"template":"","format":"standard","meta":{"footnotes":""},"categories":[44],"tags":[2614,3279,2608],"class_list":["post-205399","post","type-post","status-publish","format-standard","has-post-thumbnail","hentry","category-national","tag-kais-saied","tag-libye","tag-tunisie"],"yoast_head":"<!-- This site is optimized with the Yoast SEO Premium plugin v27.4 (Yoast SEO v27.5) - https:\/\/yoast.com\/product\/yoast-seo-premium-wordpress\/ -->\n<title>Tunisie \u2013 Libye : \u00ab Les probl\u00e8mes sont mont\u00e9s de toutes pi\u00e8ces \u00bb, insiste Kais Saied<\/title>\n<meta name=\"description\" content=\"Le pr\u00e9sident de la R\u00e9publique, Kais Saied, a re\u00e7u, mercredi, au Palais de Carthage, la ministre libyenne des Affaires \u00e9trang\u00e8res et de la Coop\u00e9ration internatio...\" \/>\n<link rel=\"canonical\" href=\"https:\/\/www.webdo.tn\/fr\/actualite\/national\/tunisie-libye-les-problemes-sont-montes-de-toutes-pieces-insiste-kais-saied\/205399\/\" \/>\n<meta property=\"og:locale\" content=\"fr_FR\" \/>\n<meta property=\"og:type\" content=\"article\" \/>\n<meta property=\"og:title\" content=\"Tunisie \u2013 Libye : \u00ab Les probl\u00e8mes sont mont\u00e9s de toutes pi\u00e8ces \u00bb, insiste Kais Saied\" \/>\n<meta property=\"og:description\" content=\"Le pr\u00e9sident de la R\u00e9publique, Kais Saied, a re\u00e7u, mercredi, au Palais de Carthage, la ministre libyenne des Affaires \u00e9trang\u00e8res et de la Coop\u00e9ration internatio...\" \/>\n<meta property=\"og:url\" content=\"https:\/\/www.webdo.tn\/fr\/actualite\/national\/tunisie-libye-les-problemes-sont-montes-de-toutes-pieces-insiste-kais-saied\/205399\/\" \/>\n<meta property=\"og:site_name\" content=\"webdo\" \/>\n<meta property=\"article:publisher\" content=\"https:\/\/www.facebook.com\/webdotn\" \/>\n<meta property=\"article:published_time\" content=\"2023-05-03T20:05:00+00:00\" \/>\n<meta property=\"article:modified_time\" content=\"2025-05-20T22:43:40+00:00\" \/>\n<meta property=\"og:image\" content=\"https:\/\/www.webdo.tn\/fr\/wp-content\/uploads\/2023\/05\/48cbfb31164cda1ed9c2856e252e2508.jpg\" \/>\n\t<meta property=\"og:image:width\" content=\"750\" \/>\n\t<meta property=\"og:image:height\" content=\"400\" \/>\n\t<meta property=\"og:image:type\" content=\"image\/jpeg\" \/>\n<meta name=\"author\" content=\"CL\" \/>\n<meta name=\"twitter:card\" content=\"summary_large_image\" \/>\n<meta name=\"twitter:creator\" content=\"@webdo_tn\" \/>\n<meta name=\"twitter:site\" content=\"@webdo_tn\" \/>\n<meta name=\"twitter:label1\" content=\"\u00c9crit par\" \/>\n\t<meta name=\"twitter:data1\" content=\"CL\" \/>\n\t<meta name=\"twitter:label2\" content=\"Dur\u00e9e de lecture estim\u00e9e\" \/>\n\t<meta name=\"twitter:data2\" content=\"1 minute\" \/>\n<script type=\"application\/ld+json\" class=\"yoast-schema-graph\">{\"@context\":\"https:\\\/\\\/schema.org\",\"@graph\":[{\"@type\":\"NewsArticle\",\"@id\":\"https:\\\/\\\/www.webdo.tn\\\/fr\\\/actualite\\\/national\\\/tunisie-libye-les-problemes-sont-montes-de-toutes-pieces-insiste-kais-saied\\\/205399\\\/#article\",\"isPartOf\":{\"@id\":\"https:\\\/\\\/www.webdo.tn\\\/fr\\\/actualite\\\/national\\\/tunisie-libye-les-problemes-sont-montes-de-toutes-pieces-insiste-kais-saied\\\/205399\\\/\"},\"author\":{\"name\":\"CL\",\"@id\":\"https:\\\/\\\/www.webdo.tn\\\/fr\\\/#\\\/schema\\\/person\\\/f35b42a42c5e2511bbd282959d6385cc\"},\"headline\":\"Tunisie \u2013 Libye : \u00ab Les probl\u00e8mes sont mont\u00e9s de toutes pi\u00e8ces \u00bb, insiste Kais Saied\",\"datePublished\":\"2023-05-03T20:05:00+00:00\",\"dateModified\":\"2025-05-20T22:43:40+00:00\",\"mainEntityOfPage\":{\"@id\":\"https:\\\/\\\/www.webdo.tn\\\/fr\\\/actualite\\\/national\\\/tunisie-libye-les-problemes-sont-montes-de-toutes-pieces-insiste-kais-saied\\\/205399\\\/\"},\"wordCount\":273,\"commentCount\":0,\"publisher\":{\"@id\":\"https:\\\/\\\/www.webdo.tn\\\/fr\\\/#organization\"},\"image\":{\"@id\":\"https:\\\/\\\/www.webdo.tn\\\/fr\\\/actualite\\\/national\\\/tunisie-libye-les-problemes-sont-montes-de-toutes-pieces-insiste-kais-saied\\\/205399\\\/#primaryimage\"},\"thumbnailUrl\":\"https:\\\/\\\/www.webdo.tn\\\/fr\\\/wp-content\\\/uploads\\\/2023\\\/05\\\/48cbfb31164cda1ed9c2856e252e2508.jpg\",\"keywords\":[\"Kais Saied\",\"Libye\",\"Tunisie\"],\"articleSection\":[\"National\"],\"inLanguage\":\"fr-FR\"},{\"@type\":\"WebPage\",\"@id\":\"https:\\\/\\\/www.webdo.tn\\\/fr\\\/actualite\\\/national\\\/tunisie-libye-les-problemes-sont-montes-de-toutes-pieces-insiste-kais-saied\\\/205399\\\/\",\"url\":\"https:\\\/\\\/www.webdo.tn\\\/fr\\\/actualite\\\/national\\\/tunisie-libye-les-problemes-sont-montes-de-toutes-pieces-insiste-kais-saied\\\/205399\\\/\",\"name\":\"Tunisie \u2013 Libye : \u00ab Les probl\u00e8mes sont mont\u00e9s de toutes pi\u00e8ces \u00bb, insiste Kais Saied\",\"isPartOf\":{\"@id\":\"https:\\\/\\\/www.webdo.tn\\\/fr\\\/#website\"},\"primaryImageOfPage\":{\"@id\":\"https:\\\/\\\/www.webdo.tn\\\/fr\\\/actualite\\\/national\\\/tunisie-libye-les-problemes-sont-montes-de-toutes-pieces-insiste-kais-saied\\\/205399\\\/#primaryimage\"},\"image\":{\"@id\":\"https:\\\/\\\/www.webdo.tn\\\/fr\\\/actualite\\\/national\\\/tunisie-libye-les-problemes-sont-montes-de-toutes-pieces-insiste-kais-saied\\\/205399\\\/#primaryimage\"},\"thumbnailUrl\":\"https:\\\/\\\/www.webdo.tn\\\/fr\\\/wp-content\\\/uploads\\\/2023\\\/05\\\/48cbfb31164cda1ed9c2856e252e2508.jpg\",\"datePublished\":\"2023-05-03T20:05:00+00:00\",\"dateModified\":\"2025-05-20T22:43:40+00:00\",\"description\":\"Le pr\u00e9sident de la R\u00e9publique, Kais Saied, a re\u00e7u, mercredi, au Palais de Carthage, la ministre libyenne des Affaires \u00e9trang\u00e8res et de la Coop\u00e9ration internatio...\",\"breadcrumb\":{\"@id\":\"https:\\\/\\\/www.webdo.tn\\\/fr\\\/actualite\\\/national\\\/tunisie-libye-les-problemes-sont-montes-de-toutes-pieces-insiste-kais-saied\\\/205399\\\/#breadcrumb\"},\"inLanguage\":\"fr-FR\",\"potentialAction\":[{\"@type\":\"ReadAction\",\"target\":[\"https:\\\/\\\/www.webdo.tn\\\/fr\\\/actualite\\\/national\\\/tunisie-libye-les-problemes-sont-montes-de-toutes-pieces-insiste-kais-saied\\\/205399\\\/\"]}]},{\"@type\":\"ImageObject\",\"inLanguage\":\"fr-FR\",\"@id\":\"https:\\\/\\\/www.webdo.tn\\\/fr\\\/actualite\\\/national\\\/tunisie-libye-les-problemes-sont-montes-de-toutes-pieces-insiste-kais-saied\\\/205399\\\/#primaryimage\",\"url\":\"https:\\\/\\\/www.webdo.tn\\\/fr\\\/wp-content\\\/uploads\\\/2023\\\/05\\\/48cbfb31164cda1ed9c2856e252e2508.jpg\",\"contentUrl\":\"https:\\\/\\\/www.webdo.tn\\\/fr\\\/wp-content\\\/uploads\\\/2023\\\/05\\\/48cbfb31164cda1ed9c2856e252e2508.jpg\",\"width\":750,\"height\":400,\"caption\":\"Kais Saied\"},{\"@type\":\"BreadcrumbList\",\"@id\":\"https:\\\/\\\/www.webdo.tn\\\/fr\\\/actualite\\\/national\\\/tunisie-libye-les-problemes-sont-montes-de-toutes-pieces-insiste-kais-saied\\\/205399\\\/#breadcrumb\",\"itemListElement\":[{\"@type\":\"ListItem\",\"position\":1,\"name\":\"Accueil\",\"item\":\"https:\\\/\\\/www.webdo.tn\\\/fr\\\/\"},{\"@type\":\"ListItem\",\"position\":2,\"name\":\"Tunisie \u2013 Libye : \u00ab Les probl\u00e8mes sont mont\u00e9s de toutes pi\u00e8ces \u00bb, insiste Kais Saied\"}]},{\"@type\":\"WebSite\",\"@id\":\"https:\\\/\\\/www.webdo.tn\\\/fr\\\/#website\",\"url\":\"https:\\\/\\\/www.webdo.tn\\\/fr\\\/\",\"name\":\"webdo\",\"description\":\"Tunisie - News en Tunisie et \u00e0 l&#039;international sur Webdo.tn\",\"publisher\":{\"@id\":\"https:\\\/\\\/www.webdo.tn\\\/fr\\\/#organization\"},\"potentialAction\":[{\"@type\":\"SearchAction\",\"target\":{\"@type\":\"EntryPoint\",\"urlTemplate\":\"https:\\\/\\\/www.webdo.tn\\\/fr\\\/?s={search_term_string}\"},\"query-input\":{\"@type\":\"PropertyValueSpecification\",\"valueRequired\":true,\"valueName\":\"search_term_string\"}}],\"inLanguage\":\"fr-FR\"},{\"@type\":\"Organization\",\"@id\":\"https:\\\/\\\/www.webdo.tn\\\/fr\\\/#organization\",\"name\":\"Webdo\",\"alternateName\":\"Webdo.tn\",\"url\":\"https:\\\/\\\/www.webdo.tn\\\/fr\\\/\",\"logo\":{\"@type\":\"ImageObject\",\"inLanguage\":\"fr-FR\",\"@id\":\"https:\\\/\\\/www.webdo.tn\\\/fr\\\/#\\\/schema\\\/logo\\\/image\\\/\",\"url\":\"https:\\\/\\\/www.webdo.tn\\\/fr\\\/wp-content\\\/uploads\\\/2025\\\/06\\\/Webdo-Tunisie_168377.jpg\",\"contentUrl\":\"https:\\\/\\\/www.webdo.tn\\\/fr\\\/wp-content\\\/uploads\\\/2025\\\/06\\\/Webdo-Tunisie_168377.jpg\",\"width\":301,\"height\":301,\"caption\":\"Webdo\"},\"image\":{\"@id\":\"https:\\\/\\\/www.webdo.tn\\\/fr\\\/#\\\/schema\\\/logo\\\/image\\\/\"},\"sameAs\":[\"https:\\\/\\\/www.facebook.com\\\/webdotn\",\"https:\\\/\\\/x.com\\\/webdo_tn\"],\"description\":\"Webdo est un m\u00e9dia num\u00e9rique tunisien fond\u00e9 en 2010, sp\u00e9cialis\u00e9 dans l\u2019actualit\u00e9 nationale et internationale, l\u2019\u00e9conomie, la soci\u00e9t\u00e9 et les analyses politiques. Le site s\u2019adresse \u00e0 un large public francophone et couvre l\u2019information tunisienne en temps r\u00e9el.\",\"email\":\"redac@webdo.tn\",\"legalName\":\"YNJ SARL\",\"foundingDate\":\"2010-09-06\",\"numberOfEmployees\":{\"@type\":\"QuantitativeValue\",\"minValue\":\"11\",\"maxValue\":\"50\"}},{\"@type\":\"Person\",\"@id\":\"https:\\\/\\\/www.webdo.tn\\\/fr\\\/#\\\/schema\\\/person\\\/f35b42a42c5e2511bbd282959d6385cc\",\"name\":\"CL\",\"image\":{\"@type\":\"ImageObject\",\"inLanguage\":\"fr-FR\",\"@id\":\"https:\\\/\\\/secure.gravatar.com\\\/avatar\\\/1447a49909b67aa657c488aec6512e1dd6143a480c1ecfee9b5b5cd74eb3b59e?s=96&d=mm&r=g\",\"url\":\"https:\\\/\\\/secure.gravatar.com\\\/avatar\\\/1447a49909b67aa657c488aec6512e1dd6143a480c1ecfee9b5b5cd74eb3b59e?s=96&d=mm&r=g\",\"contentUrl\":\"https:\\\/\\\/secure.gravatar.com\\\/avatar\\\/1447a49909b67aa657c488aec6512e1dd6143a480c1ecfee9b5b5cd74eb3b59e?s=96&d=mm&r=g\",\"caption\":\"CL\"},\"url\":\"https:\\\/\\\/www.webdo.tn\\\/fr\\\/actualite\\\/author\\\/cl\\\/\"}]}<\/script>\n<!-- \/ Yoast SEO Premium plugin. -->","yoast_head_json":{"title":"Tunisie \u2013 Libye : \u00ab Les probl\u00e8mes sont mont\u00e9s de toutes pi\u00e8ces \u00bb, insiste Kais Saied","description":"Le pr\u00e9sident de la R\u00e9publique, Kais Saied, a re\u00e7u, mercredi, au Palais de Carthage, la ministre libyenne des Affaires \u00e9trang\u00e8res et de la Coop\u00e9ration internatio...","canonical":"https:\/\/www.webdo.tn\/fr\/actualite\/national\/tunisie-libye-les-problemes-sont-montes-de-toutes-pieces-insiste-kais-saied\/205399\/","og_locale":"fr_FR","og_type":"article","og_title":"Tunisie \u2013 Libye : \u00ab Les probl\u00e8mes sont mont\u00e9s de toutes pi\u00e8ces \u00bb, insiste Kais Saied","og_description":"Le pr\u00e9sident de la R\u00e9publique, Kais Saied, a re\u00e7u, mercredi, au Palais de Carthage, la ministre libyenne des Affaires \u00e9trang\u00e8res et de la Coop\u00e9ration internatio...","og_url":"https:\/\/www.webdo.tn\/fr\/actualite\/national\/tunisie-libye-les-problemes-sont-montes-de-toutes-pieces-insiste-kais-saied\/205399\/","og_site_name":"webdo","article_publisher":"https:\/\/www.facebook.com\/webdotn","article_published_time":"2023-05-03T20:05:00+00:00","article_modified_time":"2025-05-20T22:43:40+00:00","og_image":[{"width":750,"height":400,"url":"https:\/\/www.webdo.tn\/fr\/wp-content\/uploads\/2023\/05\/48cbfb31164cda1ed9c2856e252e2508.jpg","type":"image\/jpeg"}],"author":"CL","twitter_card":"summary_large_image","twitter_creator":"@webdo_tn","twitter_site":"@webdo_tn","twitter_misc":{"\u00c9crit par":"CL","Dur\u00e9e de lecture estim\u00e9e":"1 minute"},"schema":{"@context":"https:\/\/schema.org","@graph":[{"@type":"NewsArticle","@id":"https:\/\/www.webdo.tn\/fr\/actualite\/national\/tunisie-libye-les-problemes-sont-montes-de-toutes-pieces-insiste-kais-saied\/205399\/#article","isPartOf":{"@id":"https:\/\/www.webdo.tn\/fr\/actualite\/national\/tunisie-libye-les-problemes-sont-montes-de-toutes-pieces-insiste-kais-saied\/205399\/"},"author":{"name":"CL","@id":"https:\/\/www.webdo.tn\/fr\/#\/schema\/person\/f35b42a42c5e2511bbd282959d6385cc"},"headline":"Tunisie \u2013 Libye : \u00ab Les probl\u00e8mes sont mont\u00e9s de toutes pi\u00e8ces \u00bb, insiste Kais Saied","datePublished":"2023-05-03T20:05:00+00:00","dateModified":"2025-05-20T22:43:40+00:00","mainEntityOfPage":{"@id":"https:\/\/www.webdo.tn\/fr\/actualite\/national\/tunisie-libye-les-problemes-sont-montes-de-toutes-pieces-insiste-kais-saied\/205399\/"},"wordCount":273,"commentCount":0,"publisher":{"@id":"https:\/\/www.webdo.tn\/fr\/#organization"},"image":{"@id":"https:\/\/www.webdo.tn\/fr\/actualite\/national\/tunisie-libye-les-problemes-sont-montes-de-toutes-pieces-insiste-kais-saied\/205399\/#primaryimage"},"thumbnailUrl":"https:\/\/www.webdo.tn\/fr\/wp-content\/uploads\/2023\/05\/48cbfb31164cda1ed9c2856e252e2508.jpg","keywords":["Kais Saied","Libye","Tunisie"],"articleSection":["National"],"inLanguage":"fr-FR"},{"@type":"WebPage","@id":"https:\/\/www.webdo.tn\/fr\/actualite\/national\/tunisie-libye-les-problemes-sont-montes-de-toutes-pieces-insiste-kais-saied\/205399\/","url":"https:\/\/www.webdo.tn\/fr\/actualite\/national\/tunisie-libye-les-problemes-sont-montes-de-toutes-pieces-insiste-kais-saied\/205399\/","name":"Tunisie \u2013 Libye : \u00ab Les probl\u00e8mes sont mont\u00e9s de toutes pi\u00e8ces \u00bb, insiste Kais Saied","isPartOf":{"@id":"https:\/\/www.webdo.tn\/fr\/#website"},"primaryImageOfPage":{"@id":"https:\/\/www.webdo.tn\/fr\/actualite\/national\/tunisie-libye-les-problemes-sont-montes-de-toutes-pieces-insiste-kais-saied\/205399\/#primaryimage"},"image":{"@id":"https:\/\/www.webdo.tn\/fr\/actualite\/national\/tunisie-libye-les-problemes-sont-montes-de-toutes-pieces-insiste-kais-saied\/205399\/#primaryimage"},"thumbnailUrl":"https:\/\/www.webdo.tn\/fr\/wp-content\/uploads\/2023\/05\/48cbfb31164cda1ed9c2856e252e2508.jpg","datePublished":"2023-05-03T20:05:00+00:00","dateModified":"2025-05-20T22:43:40+00:00","description":"Le pr\u00e9sident de la R\u00e9publique, Kais Saied, a re\u00e7u, mercredi, au Palais de Carthage, la ministre libyenne des Affaires \u00e9trang\u00e8res et de la Coop\u00e9ration internatio...","breadcrumb":{"@id":"https:\/\/www.webdo.tn\/fr\/actualite\/national\/tunisie-libye-les-problemes-sont-montes-de-toutes-pieces-insiste-kais-saied\/205399\/#breadcrumb"},"inLanguage":"fr-FR","potentialAction":[{"@type":"ReadAction","target":["https:\/\/www.webdo.tn\/fr\/actualite\/national\/tunisie-libye-les-problemes-sont-montes-de-toutes-pieces-insiste-kais-saied\/205399\/"]}]},{"@type":"ImageObject","inLanguage":"fr-FR","@id":"https:\/\/www.webdo.tn\/fr\/actualite\/national\/tunisie-libye-les-problemes-sont-montes-de-toutes-pieces-insiste-kais-saied\/205399\/#primaryimage","url":"https:\/\/www.webdo.tn\/fr\/wp-content\/uploads\/2023\/05\/48cbfb31164cda1ed9c2856e252e2508.jpg","contentUrl":"https:\/\/www.webdo.tn\/fr\/wp-content\/uploads\/2023\/05\/48cbfb31164cda1ed9c2856e252e2508.jpg","width":750,"height":400,"caption":"Kais Saied"},{"@type":"BreadcrumbList","@id":"https:\/\/www.webdo.tn\/fr\/actualite\/national\/tunisie-libye-les-problemes-sont-montes-de-toutes-pieces-insiste-kais-saied\/205399\/#breadcrumb","itemListElement":[{"@type":"ListItem","position":1,"name":"Accueil","item":"https:\/\/www.webdo.tn\/fr\/"},{"@type":"ListItem","position":2,"name":"Tunisie \u2013 Libye : \u00ab Les probl\u00e8mes sont mont\u00e9s de toutes pi\u00e8ces \u00bb, insiste Kais Saied"}]},{"@type":"WebSite","@id":"https:\/\/www.webdo.tn\/fr\/#website","url":"https:\/\/www.webdo.tn\/fr\/","name":"webdo","description":"Tunisie - News en Tunisie et \u00e0 l&#039;international sur Webdo.tn","publisher":{"@id":"https:\/\/www.webdo.tn\/fr\/#organization"},"potentialAction":[{"@type":"SearchAction","target":{"@type":"EntryPoint","urlTemplate":"https:\/\/www.webdo.tn\/fr\/?s={search_term_string}"},"query-input":{"@type":"PropertyValueSpecification","valueRequired":true,"valueName":"search_term_string"}}],"inLanguage":"fr-FR"},{"@type":"Organization","@id":"https:\/\/www.webdo.tn\/fr\/#organization","name":"Webdo","alternateName":"Webdo.tn","url":"https:\/\/www.webdo.tn\/fr\/","logo":{"@type":"ImageObject","inLanguage":"fr-FR","@id":"https:\/\/www.webdo.tn\/fr\/#\/schema\/logo\/image\/","url":"https:\/\/www.webdo.tn\/fr\/wp-content\/uploads\/2025\/06\/Webdo-Tunisie_168377.jpg","contentUrl":"https:\/\/www.webdo.tn\/fr\/wp-content\/uploads\/2025\/06\/Webdo-Tunisie_168377.jpg","width":301,"height":301,"caption":"Webdo"},"image":{"@id":"https:\/\/www.webdo.tn\/fr\/#\/schema\/logo\/image\/"},"sameAs":["https:\/\/www.facebook.com\/webdotn","https:\/\/x.com\/webdo_tn"],"description":"Webdo est un m\u00e9dia num\u00e9rique tunisien fond\u00e9 en 2010, sp\u00e9cialis\u00e9 dans l\u2019actualit\u00e9 nationale et internationale, l\u2019\u00e9conomie, la soci\u00e9t\u00e9 et les analyses politiques. Le site s\u2019adresse \u00e0 un large public francophone et couvre l\u2019information tunisienne en temps r\u00e9el.","email":"redac@webdo.tn","legalName":"YNJ SARL","foundingDate":"2010-09-06","numberOfEmployees":{"@type":"QuantitativeValue","minValue":"11","maxValue":"50"}},{"@type":"Person","@id":"https:\/\/www.webdo.tn\/fr\/#\/schema\/person\/f35b42a42c5e2511bbd282959d6385cc","name":"CL","image":{"@type":"ImageObject","inLanguage":"fr-FR","@id":"https:\/\/secure.gravatar.com\/avatar\/1447a49909b67aa657c488aec6512e1dd6143a480c1ecfee9b5b5cd74eb3b59e?s=96&d=mm&r=g","url":"https:\/\/secure.gravatar.com\/avatar\/1447a49909b67aa657c488aec6512e1dd6143a480c1ecfee9b5b5cd74eb3b59e?s=96&d=mm&r=g","contentUrl":"https:\/\/secure.gravatar.com\/avatar\/1447a49909b67aa657c488aec6512e1dd6143a480c1ecfee9b5b5cd74eb3b59e?s=96&d=mm&r=g","caption":"CL"},"url":"https:\/\/www.webdo.tn\/fr\/actualite\/author\/cl\/"}]}},"_links":{"self":[{"href":"https:\/\/www.webdo.tn\/fr\/wp-json\/wp\/v2\/posts\/205399","targetHints":{"allow":["GET"]}}],"collection":[{"href":"https:\/\/www.webdo.tn\/fr\/wp-json\/wp\/v2\/posts"}],"about":[{"href":"https:\/\/www.webdo.tn\/fr\/wp-json\/wp\/v2\/types\/post"}],"author":[{"embeddable":true,"href":"https:\/\/www.webdo.tn\/fr\/wp-json\/wp\/v2\/users\/3175"}],"replies":[{"embeddable":true,"href":"https:\/\/www.webdo.tn\/fr\/wp-json\/wp\/v2\/comments?post=205399"}],"version-history":[{"count":0,"href":"https:\/\/www.webdo.tn\/fr\/wp-json\/wp\/v2\/posts\/205399\/revisions"}],"wp:featuredmedia":[{"embeddable":true,"href":"https:\/\/www.webdo.tn\/fr\/wp-json\/wp\/v2\/media\/251247"}],"wp:attachment":[{"href":"https:\/\/www.webdo.tn\/fr\/wp-json\/wp\/v2\/media?parent=205399"}],"wp:term":[{"taxonomy":"category","embeddable":true,"href":"https:\/\/www.webdo.tn\/fr\/wp-json\/wp\/v2\/categories?post=205399"},{"taxonomy":"post_tag","embeddable":true,"href":"https:\/\/www.webdo.tn\/fr\/wp-json\/wp\/v2\/tags?post=205399"}],"curies":[{"name":"wp","href":"https:\/\/api.w.org\/{rel}","templated":true}]}}