{"id":205384,"date":"2023-05-03T14:19:00","date_gmt":"2023-05-03T14:19:00","guid":{"rendered":"https:\/\/www.webdo.tn\/fr\/blog\/procedures-lancees-concernant-la-diffusion-d-une-video-choquante\/205384\/"},"modified":"2025-05-20T22:00:19","modified_gmt":"2025-05-20T22:00:19","slug":"procedures-lancees-concernant-la-diffusion-d-une-video-choquante","status":"publish","type":"post","link":"https:\/\/www.webdo.tn\/fr\/actualite\/national\/procedures-lancees-concernant-la-diffusion-d-une-video-choquante\/205384\/","title":{"rendered":"Proc\u00e9dures lanc\u00e9es concernant la diffusion d&rsquo;une vid\u00e9o choquante"},"content":{"rendered":"<p>Un clip montrant des enfants avec des armes blanches a fait l\u2019objet de proc\u00e9dures lanc\u00e9es par le minist\u00e8re de la Famille de la femme de l&rsquo;enfance et des personnes \u00e2g\u00e9es.<\/p>\n<p>\t\t\t\t\t\t\t\t\tCe d\u00e9partement a ordonn\u00e9, aujourd\u2019hui, ses services de coordonner avec la direction r\u00e9gionale de protection sociale au niveau de la police judiciaire afin de d\u00e9terminer le lieu de tournage de cette vid\u00e9o qualifi\u00e9e de \u00ab\u00a0choquante\u00a0\u00bb.<\/p>\n<p>La vid\u00e9o en question pr\u00e9sente un groupe d&rsquo;enfants s\u2019exhibant avec des armes blanches.<\/p>\n<p>En outre, le minist\u00e8re de la famille a d\u00e9cid\u00e9 de prendre en charge les enfants qui ont particip\u00e9 au tournage de cette vid\u00e9o en plus des sanctions qui seront inflig\u00e9es contre tous ceux qui seront condamn\u00e9s dans cette affaire d&rsquo;exploitation de mineurs.<\/p>\n<p>Le minist\u00e8re a appel\u00e9 \u00e9galement les parents \u00e0 assumer leurs responsabilit\u00e9s envers leurs enfants et \u00e0 leur fournir l&rsquo;assistance et l&rsquo;encadrement n\u00e9cessaire.<\/p>\n","protected":false},"excerpt":{"rendered":"<p>Un clip montrant des enfants avec des armes blanches a fait l\u2019objet de proc\u00e9dures lanc\u00e9es par le minist\u00e8re de la Famille de la femme de l&rsquo;enfance et des personn&#8230;<\/p>\n","protected":false},"author":3162,"featured_media":251270,"comment_status":"open","ping_status":"closed","sticky":false,"template":"","format":"standard","meta":{"footnotes":""},"categories":[44],"tags":[7845,2956,6999,4200],"class_list":["post-205384","post","type-post","status-publish","format-standard","has-post-thumbnail","hentry","category-national","tag-clip","tag-enfants","tag-exploitation","tag-mineurs"],"yoast_head":"<!-- This site is optimized with the Yoast SEO Premium plugin v27.4 (Yoast SEO v27.5) - https:\/\/yoast.com\/product\/yoast-seo-premium-wordpress\/ -->\n<title>Proc\u00e9dures lanc\u00e9es concernant la diffusion d&#039;une vid\u00e9o choquante<\/title>\n<meta name=\"description\" content=\"Un clip montrant des enfants avec des armes blanches a fait l\u2019objet de proc\u00e9dures lanc\u00e9es par le minist\u00e8re de la Famille de la femme de l&#039;enfance et des personn...\" \/>\n<link rel=\"canonical\" href=\"https:\/\/www.webdo.tn\/fr\/actualite\/national\/procedures-lancees-concernant-la-diffusion-d-une-video-choquante\/205384\/\" \/>\n<meta property=\"og:locale\" content=\"fr_FR\" \/>\n<meta property=\"og:type\" content=\"article\" \/>\n<meta property=\"og:title\" content=\"Proc\u00e9dures lanc\u00e9es concernant la diffusion d&#039;une vid\u00e9o choquante\" \/>\n<meta property=\"og:description\" content=\"Un clip montrant des enfants avec des armes blanches a fait l\u2019objet de proc\u00e9dures lanc\u00e9es par le minist\u00e8re de la Famille de la femme de l&#039;enfance et des personn...\" \/>\n<meta property=\"og:url\" content=\"https:\/\/www.webdo.tn\/fr\/actualite\/national\/procedures-lancees-concernant-la-diffusion-d-une-video-choquante\/205384\/\" \/>\n<meta property=\"og:site_name\" content=\"webdo\" \/>\n<meta property=\"article:publisher\" content=\"https:\/\/www.facebook.com\/webdotn\" \/>\n<meta property=\"article:published_time\" content=\"2023-05-03T14:19:00+00:00\" \/>\n<meta property=\"article:modified_time\" content=\"2025-05-20T22:00:19+00:00\" \/>\n<meta property=\"og:image\" content=\"https:\/\/www.webdo.tn\/fr\/wp-content\/uploads\/2023\/05\/6ef145b70c2723a976f1dc3d7e151e28.jpg\" \/>\n\t<meta property=\"og:image:width\" content=\"750\" \/>\n\t<meta property=\"og:image:height\" content=\"400\" \/>\n\t<meta property=\"og:image:type\" content=\"image\/jpeg\" \/>\n<meta name=\"author\" content=\"MC\" \/>\n<meta name=\"twitter:card\" content=\"summary_large_image\" \/>\n<meta name=\"twitter:creator\" content=\"@webdo_tn\" \/>\n<meta name=\"twitter:site\" content=\"@webdo_tn\" \/>\n<meta name=\"twitter:label1\" content=\"\u00c9crit par\" \/>\n\t<meta name=\"twitter:data1\" content=\"MC\" \/>\n\t<meta name=\"twitter:label2\" content=\"Dur\u00e9e de lecture estim\u00e9e\" \/>\n\t<meta name=\"twitter:data2\" content=\"1 minute\" \/>\n<script type=\"application\/ld+json\" class=\"yoast-schema-graph\">{\"@context\":\"https:\\\/\\\/schema.org\",\"@graph\":[{\"@type\":\"NewsArticle\",\"@id\":\"https:\\\/\\\/www.webdo.tn\\\/fr\\\/actualite\\\/national\\\/procedures-lancees-concernant-la-diffusion-d-une-video-choquante\\\/205384\\\/#article\",\"isPartOf\":{\"@id\":\"https:\\\/\\\/www.webdo.tn\\\/fr\\\/actualite\\\/national\\\/procedures-lancees-concernant-la-diffusion-d-une-video-choquante\\\/205384\\\/\"},\"author\":{\"name\":\"MC\",\"@id\":\"https:\\\/\\\/www.webdo.tn\\\/fr\\\/#\\\/schema\\\/person\\\/2c4929cbf5a809e3bd38617c6ce150f6\"},\"headline\":\"Proc\u00e9dures lanc\u00e9es concernant la diffusion d&rsquo;une vid\u00e9o choquante\",\"datePublished\":\"2023-05-03T14:19:00+00:00\",\"dateModified\":\"2025-05-20T22:00:19+00:00\",\"mainEntityOfPage\":{\"@id\":\"https:\\\/\\\/www.webdo.tn\\\/fr\\\/actualite\\\/national\\\/procedures-lancees-concernant-la-diffusion-d-une-video-choquante\\\/205384\\\/\"},\"wordCount\":179,\"commentCount\":0,\"publisher\":{\"@id\":\"https:\\\/\\\/www.webdo.tn\\\/fr\\\/#organization\"},\"image\":{\"@id\":\"https:\\\/\\\/www.webdo.tn\\\/fr\\\/actualite\\\/national\\\/procedures-lancees-concernant-la-diffusion-d-une-video-choquante\\\/205384\\\/#primaryimage\"},\"thumbnailUrl\":\"https:\\\/\\\/www.webdo.tn\\\/fr\\\/wp-content\\\/uploads\\\/2023\\\/05\\\/6ef145b70c2723a976f1dc3d7e151e28.jpg\",\"keywords\":[\"clip\",\"enfants\",\"exploitation\",\"mineurs\"],\"articleSection\":[\"National\"],\"inLanguage\":\"fr-FR\"},{\"@type\":\"WebPage\",\"@id\":\"https:\\\/\\\/www.webdo.tn\\\/fr\\\/actualite\\\/national\\\/procedures-lancees-concernant-la-diffusion-d-une-video-choquante\\\/205384\\\/\",\"url\":\"https:\\\/\\\/www.webdo.tn\\\/fr\\\/actualite\\\/national\\\/procedures-lancees-concernant-la-diffusion-d-une-video-choquante\\\/205384\\\/\",\"name\":\"Proc\u00e9dures lanc\u00e9es concernant la diffusion d'une vid\u00e9o choquante\",\"isPartOf\":{\"@id\":\"https:\\\/\\\/www.webdo.tn\\\/fr\\\/#website\"},\"primaryImageOfPage\":{\"@id\":\"https:\\\/\\\/www.webdo.tn\\\/fr\\\/actualite\\\/national\\\/procedures-lancees-concernant-la-diffusion-d-une-video-choquante\\\/205384\\\/#primaryimage\"},\"image\":{\"@id\":\"https:\\\/\\\/www.webdo.tn\\\/fr\\\/actualite\\\/national\\\/procedures-lancees-concernant-la-diffusion-d-une-video-choquante\\\/205384\\\/#primaryimage\"},\"thumbnailUrl\":\"https:\\\/\\\/www.webdo.tn\\\/fr\\\/wp-content\\\/uploads\\\/2023\\\/05\\\/6ef145b70c2723a976f1dc3d7e151e28.jpg\",\"datePublished\":\"2023-05-03T14:19:00+00:00\",\"dateModified\":\"2025-05-20T22:00:19+00:00\",\"description\":\"Un clip montrant des enfants avec des armes blanches a fait l\u2019objet de proc\u00e9dures lanc\u00e9es par le minist\u00e8re de la Famille de la femme de l'enfance et des personn...\",\"breadcrumb\":{\"@id\":\"https:\\\/\\\/www.webdo.tn\\\/fr\\\/actualite\\\/national\\\/procedures-lancees-concernant-la-diffusion-d-une-video-choquante\\\/205384\\\/#breadcrumb\"},\"inLanguage\":\"fr-FR\",\"potentialAction\":[{\"@type\":\"ReadAction\",\"target\":[\"https:\\\/\\\/www.webdo.tn\\\/fr\\\/actualite\\\/national\\\/procedures-lancees-concernant-la-diffusion-d-une-video-choquante\\\/205384\\\/\"]}]},{\"@type\":\"ImageObject\",\"inLanguage\":\"fr-FR\",\"@id\":\"https:\\\/\\\/www.webdo.tn\\\/fr\\\/actualite\\\/national\\\/procedures-lancees-concernant-la-diffusion-d-une-video-choquante\\\/205384\\\/#primaryimage\",\"url\":\"https:\\\/\\\/www.webdo.tn\\\/fr\\\/wp-content\\\/uploads\\\/2023\\\/05\\\/6ef145b70c2723a976f1dc3d7e151e28.jpg\",\"contentUrl\":\"https:\\\/\\\/www.webdo.tn\\\/fr\\\/wp-content\\\/uploads\\\/2023\\\/05\\\/6ef145b70c2723a976f1dc3d7e151e28.jpg\",\"width\":750,\"height\":400,\"caption\":\"Proc\u00e9dures lanc\u00e9es concernant la diffusion d'une vid\u00e9o choquante\"},{\"@type\":\"BreadcrumbList\",\"@id\":\"https:\\\/\\\/www.webdo.tn\\\/fr\\\/actualite\\\/national\\\/procedures-lancees-concernant-la-diffusion-d-une-video-choquante\\\/205384\\\/#breadcrumb\",\"itemListElement\":[{\"@type\":\"ListItem\",\"position\":1,\"name\":\"Accueil\",\"item\":\"https:\\\/\\\/www.webdo.tn\\\/fr\\\/\"},{\"@type\":\"ListItem\",\"position\":2,\"name\":\"Proc\u00e9dures lanc\u00e9es concernant la diffusion d&#8217;une vid\u00e9o choquante\"}]},{\"@type\":\"WebSite\",\"@id\":\"https:\\\/\\\/www.webdo.tn\\\/fr\\\/#website\",\"url\":\"https:\\\/\\\/www.webdo.tn\\\/fr\\\/\",\"name\":\"webdo\",\"description\":\"Tunisie - News en Tunisie et \u00e0 l&#039;international sur Webdo.tn\",\"publisher\":{\"@id\":\"https:\\\/\\\/www.webdo.tn\\\/fr\\\/#organization\"},\"potentialAction\":[{\"@type\":\"SearchAction\",\"target\":{\"@type\":\"EntryPoint\",\"urlTemplate\":\"https:\\\/\\\/www.webdo.tn\\\/fr\\\/?s={search_term_string}\"},\"query-input\":{\"@type\":\"PropertyValueSpecification\",\"valueRequired\":true,\"valueName\":\"search_term_string\"}}],\"inLanguage\":\"fr-FR\"},{\"@type\":\"Organization\",\"@id\":\"https:\\\/\\\/www.webdo.tn\\\/fr\\\/#organization\",\"name\":\"Webdo\",\"alternateName\":\"Webdo.tn\",\"url\":\"https:\\\/\\\/www.webdo.tn\\\/fr\\\/\",\"logo\":{\"@type\":\"ImageObject\",\"inLanguage\":\"fr-FR\",\"@id\":\"https:\\\/\\\/www.webdo.tn\\\/fr\\\/#\\\/schema\\\/logo\\\/image\\\/\",\"url\":\"https:\\\/\\\/www.webdo.tn\\\/fr\\\/wp-content\\\/uploads\\\/2025\\\/06\\\/Webdo-Tunisie_168377.jpg\",\"contentUrl\":\"https:\\\/\\\/www.webdo.tn\\\/fr\\\/wp-content\\\/uploads\\\/2025\\\/06\\\/Webdo-Tunisie_168377.jpg\",\"width\":301,\"height\":301,\"caption\":\"Webdo\"},\"image\":{\"@id\":\"https:\\\/\\\/www.webdo.tn\\\/fr\\\/#\\\/schema\\\/logo\\\/image\\\/\"},\"sameAs\":[\"https:\\\/\\\/www.facebook.com\\\/webdotn\",\"https:\\\/\\\/x.com\\\/webdo_tn\"],\"description\":\"Webdo est un m\u00e9dia num\u00e9rique tunisien fond\u00e9 en 2010, sp\u00e9cialis\u00e9 dans l\u2019actualit\u00e9 nationale et internationale, l\u2019\u00e9conomie, la soci\u00e9t\u00e9 et les analyses politiques. Le site s\u2019adresse \u00e0 un large public francophone et couvre l\u2019information tunisienne en temps r\u00e9el.\",\"email\":\"redac@webdo.tn\",\"legalName\":\"YNJ SARL\",\"foundingDate\":\"2010-09-06\",\"numberOfEmployees\":{\"@type\":\"QuantitativeValue\",\"minValue\":\"11\",\"maxValue\":\"50\"}},{\"@type\":\"Person\",\"@id\":\"https:\\\/\\\/www.webdo.tn\\\/fr\\\/#\\\/schema\\\/person\\\/2c4929cbf5a809e3bd38617c6ce150f6\",\"name\":\"MC\",\"image\":{\"@type\":\"ImageObject\",\"inLanguage\":\"fr-FR\",\"@id\":\"https:\\\/\\\/secure.gravatar.com\\\/avatar\\\/a545bbb6f84efdd5553dbbc2895e3ca8f1d12c5215e00a041c9670b54aa9b18a?s=96&d=mm&r=g\",\"url\":\"https:\\\/\\\/secure.gravatar.com\\\/avatar\\\/a545bbb6f84efdd5553dbbc2895e3ca8f1d12c5215e00a041c9670b54aa9b18a?s=96&d=mm&r=g\",\"contentUrl\":\"https:\\\/\\\/secure.gravatar.com\\\/avatar\\\/a545bbb6f84efdd5553dbbc2895e3ca8f1d12c5215e00a041c9670b54aa9b18a?s=96&d=mm&r=g\",\"caption\":\"MC\"},\"url\":\"https:\\\/\\\/www.webdo.tn\\\/fr\\\/actualite\\\/author\\\/mc\\\/\"}]}<\/script>\n<!-- \/ Yoast SEO Premium plugin. -->","yoast_head_json":{"title":"Proc\u00e9dures lanc\u00e9es concernant la diffusion d'une vid\u00e9o choquante","description":"Un clip montrant des enfants avec des armes blanches a fait l\u2019objet de proc\u00e9dures lanc\u00e9es par le minist\u00e8re de la Famille de la femme de l'enfance et des personn...","canonical":"https:\/\/www.webdo.tn\/fr\/actualite\/national\/procedures-lancees-concernant-la-diffusion-d-une-video-choquante\/205384\/","og_locale":"fr_FR","og_type":"article","og_title":"Proc\u00e9dures lanc\u00e9es concernant la diffusion d'une vid\u00e9o choquante","og_description":"Un clip montrant des enfants avec des armes blanches a fait l\u2019objet de proc\u00e9dures lanc\u00e9es par le minist\u00e8re de la Famille de la femme de l'enfance et des personn...","og_url":"https:\/\/www.webdo.tn\/fr\/actualite\/national\/procedures-lancees-concernant-la-diffusion-d-une-video-choquante\/205384\/","og_site_name":"webdo","article_publisher":"https:\/\/www.facebook.com\/webdotn","article_published_time":"2023-05-03T14:19:00+00:00","article_modified_time":"2025-05-20T22:00:19+00:00","og_image":[{"width":750,"height":400,"url":"https:\/\/www.webdo.tn\/fr\/wp-content\/uploads\/2023\/05\/6ef145b70c2723a976f1dc3d7e151e28.jpg","type":"image\/jpeg"}],"author":"MC","twitter_card":"summary_large_image","twitter_creator":"@webdo_tn","twitter_site":"@webdo_tn","twitter_misc":{"\u00c9crit par":"MC","Dur\u00e9e de lecture estim\u00e9e":"1 minute"},"schema":{"@context":"https:\/\/schema.org","@graph":[{"@type":"NewsArticle","@id":"https:\/\/www.webdo.tn\/fr\/actualite\/national\/procedures-lancees-concernant-la-diffusion-d-une-video-choquante\/205384\/#article","isPartOf":{"@id":"https:\/\/www.webdo.tn\/fr\/actualite\/national\/procedures-lancees-concernant-la-diffusion-d-une-video-choquante\/205384\/"},"author":{"name":"MC","@id":"https:\/\/www.webdo.tn\/fr\/#\/schema\/person\/2c4929cbf5a809e3bd38617c6ce150f6"},"headline":"Proc\u00e9dures lanc\u00e9es concernant la diffusion d&rsquo;une vid\u00e9o choquante","datePublished":"2023-05-03T14:19:00+00:00","dateModified":"2025-05-20T22:00:19+00:00","mainEntityOfPage":{"@id":"https:\/\/www.webdo.tn\/fr\/actualite\/national\/procedures-lancees-concernant-la-diffusion-d-une-video-choquante\/205384\/"},"wordCount":179,"commentCount":0,"publisher":{"@id":"https:\/\/www.webdo.tn\/fr\/#organization"},"image":{"@id":"https:\/\/www.webdo.tn\/fr\/actualite\/national\/procedures-lancees-concernant-la-diffusion-d-une-video-choquante\/205384\/#primaryimage"},"thumbnailUrl":"https:\/\/www.webdo.tn\/fr\/wp-content\/uploads\/2023\/05\/6ef145b70c2723a976f1dc3d7e151e28.jpg","keywords":["clip","enfants","exploitation","mineurs"],"articleSection":["National"],"inLanguage":"fr-FR"},{"@type":"WebPage","@id":"https:\/\/www.webdo.tn\/fr\/actualite\/national\/procedures-lancees-concernant-la-diffusion-d-une-video-choquante\/205384\/","url":"https:\/\/www.webdo.tn\/fr\/actualite\/national\/procedures-lancees-concernant-la-diffusion-d-une-video-choquante\/205384\/","name":"Proc\u00e9dures lanc\u00e9es concernant la diffusion d'une vid\u00e9o choquante","isPartOf":{"@id":"https:\/\/www.webdo.tn\/fr\/#website"},"primaryImageOfPage":{"@id":"https:\/\/www.webdo.tn\/fr\/actualite\/national\/procedures-lancees-concernant-la-diffusion-d-une-video-choquante\/205384\/#primaryimage"},"image":{"@id":"https:\/\/www.webdo.tn\/fr\/actualite\/national\/procedures-lancees-concernant-la-diffusion-d-une-video-choquante\/205384\/#primaryimage"},"thumbnailUrl":"https:\/\/www.webdo.tn\/fr\/wp-content\/uploads\/2023\/05\/6ef145b70c2723a976f1dc3d7e151e28.jpg","datePublished":"2023-05-03T14:19:00+00:00","dateModified":"2025-05-20T22:00:19+00:00","description":"Un clip montrant des enfants avec des armes blanches a fait l\u2019objet de proc\u00e9dures lanc\u00e9es par le minist\u00e8re de la Famille de la femme de l'enfance et des personn...","breadcrumb":{"@id":"https:\/\/www.webdo.tn\/fr\/actualite\/national\/procedures-lancees-concernant-la-diffusion-d-une-video-choquante\/205384\/#breadcrumb"},"inLanguage":"fr-FR","potentialAction":[{"@type":"ReadAction","target":["https:\/\/www.webdo.tn\/fr\/actualite\/national\/procedures-lancees-concernant-la-diffusion-d-une-video-choquante\/205384\/"]}]},{"@type":"ImageObject","inLanguage":"fr-FR","@id":"https:\/\/www.webdo.tn\/fr\/actualite\/national\/procedures-lancees-concernant-la-diffusion-d-une-video-choquante\/205384\/#primaryimage","url":"https:\/\/www.webdo.tn\/fr\/wp-content\/uploads\/2023\/05\/6ef145b70c2723a976f1dc3d7e151e28.jpg","contentUrl":"https:\/\/www.webdo.tn\/fr\/wp-content\/uploads\/2023\/05\/6ef145b70c2723a976f1dc3d7e151e28.jpg","width":750,"height":400,"caption":"Proc\u00e9dures lanc\u00e9es concernant la diffusion d'une vid\u00e9o choquante"},{"@type":"BreadcrumbList","@id":"https:\/\/www.webdo.tn\/fr\/actualite\/national\/procedures-lancees-concernant-la-diffusion-d-une-video-choquante\/205384\/#breadcrumb","itemListElement":[{"@type":"ListItem","position":1,"name":"Accueil","item":"https:\/\/www.webdo.tn\/fr\/"},{"@type":"ListItem","position":2,"name":"Proc\u00e9dures lanc\u00e9es concernant la diffusion d&#8217;une vid\u00e9o choquante"}]},{"@type":"WebSite","@id":"https:\/\/www.webdo.tn\/fr\/#website","url":"https:\/\/www.webdo.tn\/fr\/","name":"webdo","description":"Tunisie - News en Tunisie et \u00e0 l&#039;international sur Webdo.tn","publisher":{"@id":"https:\/\/www.webdo.tn\/fr\/#organization"},"potentialAction":[{"@type":"SearchAction","target":{"@type":"EntryPoint","urlTemplate":"https:\/\/www.webdo.tn\/fr\/?s={search_term_string}"},"query-input":{"@type":"PropertyValueSpecification","valueRequired":true,"valueName":"search_term_string"}}],"inLanguage":"fr-FR"},{"@type":"Organization","@id":"https:\/\/www.webdo.tn\/fr\/#organization","name":"Webdo","alternateName":"Webdo.tn","url":"https:\/\/www.webdo.tn\/fr\/","logo":{"@type":"ImageObject","inLanguage":"fr-FR","@id":"https:\/\/www.webdo.tn\/fr\/#\/schema\/logo\/image\/","url":"https:\/\/www.webdo.tn\/fr\/wp-content\/uploads\/2025\/06\/Webdo-Tunisie_168377.jpg","contentUrl":"https:\/\/www.webdo.tn\/fr\/wp-content\/uploads\/2025\/06\/Webdo-Tunisie_168377.jpg","width":301,"height":301,"caption":"Webdo"},"image":{"@id":"https:\/\/www.webdo.tn\/fr\/#\/schema\/logo\/image\/"},"sameAs":["https:\/\/www.facebook.com\/webdotn","https:\/\/x.com\/webdo_tn"],"description":"Webdo est un m\u00e9dia num\u00e9rique tunisien fond\u00e9 en 2010, sp\u00e9cialis\u00e9 dans l\u2019actualit\u00e9 nationale et internationale, l\u2019\u00e9conomie, la soci\u00e9t\u00e9 et les analyses politiques. Le site s\u2019adresse \u00e0 un large public francophone et couvre l\u2019information tunisienne en temps r\u00e9el.","email":"redac@webdo.tn","legalName":"YNJ SARL","foundingDate":"2010-09-06","numberOfEmployees":{"@type":"QuantitativeValue","minValue":"11","maxValue":"50"}},{"@type":"Person","@id":"https:\/\/www.webdo.tn\/fr\/#\/schema\/person\/2c4929cbf5a809e3bd38617c6ce150f6","name":"MC","image":{"@type":"ImageObject","inLanguage":"fr-FR","@id":"https:\/\/secure.gravatar.com\/avatar\/a545bbb6f84efdd5553dbbc2895e3ca8f1d12c5215e00a041c9670b54aa9b18a?s=96&d=mm&r=g","url":"https:\/\/secure.gravatar.com\/avatar\/a545bbb6f84efdd5553dbbc2895e3ca8f1d12c5215e00a041c9670b54aa9b18a?s=96&d=mm&r=g","contentUrl":"https:\/\/secure.gravatar.com\/avatar\/a545bbb6f84efdd5553dbbc2895e3ca8f1d12c5215e00a041c9670b54aa9b18a?s=96&d=mm&r=g","caption":"MC"},"url":"https:\/\/www.webdo.tn\/fr\/actualite\/author\/mc\/"}]}},"_links":{"self":[{"href":"https:\/\/www.webdo.tn\/fr\/wp-json\/wp\/v2\/posts\/205384","targetHints":{"allow":["GET"]}}],"collection":[{"href":"https:\/\/www.webdo.tn\/fr\/wp-json\/wp\/v2\/posts"}],"about":[{"href":"https:\/\/www.webdo.tn\/fr\/wp-json\/wp\/v2\/types\/post"}],"author":[{"embeddable":true,"href":"https:\/\/www.webdo.tn\/fr\/wp-json\/wp\/v2\/users\/3162"}],"replies":[{"embeddable":true,"href":"https:\/\/www.webdo.tn\/fr\/wp-json\/wp\/v2\/comments?post=205384"}],"version-history":[{"count":0,"href":"https:\/\/www.webdo.tn\/fr\/wp-json\/wp\/v2\/posts\/205384\/revisions"}],"wp:featuredmedia":[{"embeddable":true,"href":"https:\/\/www.webdo.tn\/fr\/wp-json\/wp\/v2\/media\/251270"}],"wp:attachment":[{"href":"https:\/\/www.webdo.tn\/fr\/wp-json\/wp\/v2\/media?parent=205384"}],"wp:term":[{"taxonomy":"category","embeddable":true,"href":"https:\/\/www.webdo.tn\/fr\/wp-json\/wp\/v2\/categories?post=205384"},{"taxonomy":"post_tag","embeddable":true,"href":"https:\/\/www.webdo.tn\/fr\/wp-json\/wp\/v2\/tags?post=205384"}],"curies":[{"name":"wp","href":"https:\/\/api.w.org\/{rel}","templated":true}]}}