{"id":205379,"date":"2023-05-03T11:11:00","date_gmt":"2023-05-03T11:11:00","guid":{"rendered":"https:\/\/www.webdo.tn\/fr\/blog\/des-enfants-s-exhibent-avec-des-armes-blanches-fait-polemique\/205379\/"},"modified":"2025-05-20T22:58:22","modified_gmt":"2025-05-20T22:58:22","slug":"des-enfants-s-exhibent-avec-des-armes-blanches-fait-polemique","status":"publish","type":"post","link":"https:\/\/www.webdo.tn\/fr\/actualite\/national\/des-enfants-s-exhibent-avec-des-armes-blanches-fait-polemique\/205379\/","title":{"rendered":"Des enfants s\u2019exhibent avec des armes blanches dans un clip pol\u00e9mique !"},"content":{"rendered":"<p>Un clip montrant des enfants avec des armes blanches est en train d\u2019\u00eatre partag\u00e9e en masse sur les r\u00e9seaux sociaux. Le D\u00e9l\u00e9gu\u00e9 g\u00e9n\u00e9ral \u00e0 la protection de l&rsquo;enfance, Mihyar Hamadi, est intervenu sur Mosa\u00efque FM.<\/p>\n<p>\t\t\t\t\t\t\t\t\tO\u00f9 va-ton ? C\u2019est la question que se posent les internautes apr\u00e8s la diffusion, hier, d\u2019un clip montrant de jeunes pousses s\u2019exhibant avec des armes blanches.<\/p>\n<p>La violence des images est entretenue par des paroles aussi abjectes qu\u2019insignifiantes, traduisant une culture immorale que rien ne justifiait, s\u2019agissant de gamins cens\u00e9s \u00eatre sur les bancs de l\u2019\u00e9cole.<\/p>\n<p>Intervenant sur les ondes de Mosa\u00efque FM, le D\u00e9l\u00e9gu\u00e9 g\u00e9n\u00e9ral \u00e0 la protection de l&rsquo;enfance, Mihyar Hamadi, a exprim\u00e9 \u00ab sa profonde indignation, tout en signalant que le minist\u00e8re de la Femme, de la Famille, de l&rsquo;Enfance et des Seniors est en train d\u2019enqu\u00eater sur l\u2019identit\u00e9 des enfants et des personnes qui sont derri\u00e8re ce \u00ab travail \u00bb qui s\u2019accommode, \u00e0 l\u2019envi, de crimes \u00e9lectroniques \u00bb.<\/p>\n<p>Il a invit\u00e9, par ailleurs, les gens qui reconnaissent ces enfants \u00e0 appeler le num\u00e9ro vert (1809) pour divulguer le ou les personnes impliqu\u00e9es dans cette vid\u00e9o que nous ne partagerons pas pour des raisons \u00e9videntes de d\u00e9ontologie.<\/p>\n","protected":false},"excerpt":{"rendered":"<p>Un clip montrant des enfants avec des armes blanches est en train d\u2019\u00eatre partag\u00e9e en masse sur les r\u00e9seaux sociaux. Le D\u00e9l\u00e9gu\u00e9 g\u00e9n\u00e9ral \u00e0 la protection de l&rsquo;enfa&#8230;<\/p>\n","protected":false},"author":3188,"featured_media":251271,"comment_status":"open","ping_status":"closed","sticky":false,"template":"","format":"standard","meta":{"footnotes":""},"categories":[44],"tags":[8472,7845,2956,2836],"class_list":["post-205379","post","type-post","status-publish","format-standard","has-post-thumbnail","hentry","category-national","tag-armes-blanches","tag-clip","tag-enfants","tag-reseaux-sociaux"],"yoast_head":"<!-- This site is optimized with the Yoast SEO Premium plugin v27.4 (Yoast SEO v27.5) - https:\/\/yoast.com\/product\/yoast-seo-premium-wordpress\/ -->\n<title>Des enfants s\u2019exhibent avec des armes blanches dans un clip pol\u00e9mique !<\/title>\n<meta name=\"description\" content=\"Un clip montrant des enfants avec des armes blanches est en train d\u2019\u00eatre partag\u00e9e en masse sur les r\u00e9seaux sociaux. Le D\u00e9l\u00e9gu\u00e9 g\u00e9n\u00e9ral \u00e0 la protection de l&#039;enfa...\" \/>\n<link rel=\"canonical\" href=\"https:\/\/www.webdo.tn\/fr\/actualite\/national\/des-enfants-s-exhibent-avec-des-armes-blanches-fait-polemique\/205379\/\" \/>\n<meta property=\"og:locale\" content=\"fr_FR\" \/>\n<meta property=\"og:type\" content=\"article\" \/>\n<meta property=\"og:title\" content=\"Des enfants s\u2019exhibent avec des armes blanches dans un clip pol\u00e9mique !\" \/>\n<meta property=\"og:description\" content=\"Un clip montrant des enfants avec des armes blanches est en train d\u2019\u00eatre partag\u00e9e en masse sur les r\u00e9seaux sociaux. Le D\u00e9l\u00e9gu\u00e9 g\u00e9n\u00e9ral \u00e0 la protection de l&#039;enfa...\" \/>\n<meta property=\"og:url\" content=\"https:\/\/www.webdo.tn\/fr\/actualite\/national\/des-enfants-s-exhibent-avec-des-armes-blanches-fait-polemique\/205379\/\" \/>\n<meta property=\"og:site_name\" content=\"webdo\" \/>\n<meta property=\"article:publisher\" content=\"https:\/\/www.facebook.com\/webdotn\" \/>\n<meta property=\"article:published_time\" content=\"2023-05-03T11:11:00+00:00\" \/>\n<meta property=\"article:modified_time\" content=\"2025-05-20T22:58:22+00:00\" \/>\n<meta property=\"og:image\" content=\"https:\/\/www.webdo.tn\/fr\/wp-content\/uploads\/2023\/05\/c2408686b122b9778551dbc1964eda00.jpg\" \/>\n\t<meta property=\"og:image:width\" content=\"750\" \/>\n\t<meta property=\"og:image:height\" content=\"400\" \/>\n\t<meta property=\"og:image:type\" content=\"image\/jpeg\" \/>\n<meta name=\"author\" content=\"Ramzi\" \/>\n<meta name=\"twitter:card\" content=\"summary_large_image\" \/>\n<meta name=\"twitter:creator\" content=\"@webdo_tn\" \/>\n<meta name=\"twitter:site\" content=\"@webdo_tn\" \/>\n<meta name=\"twitter:label1\" content=\"\u00c9crit par\" \/>\n\t<meta name=\"twitter:data1\" content=\"Ramzi\" \/>\n\t<meta name=\"twitter:label2\" content=\"Dur\u00e9e de lecture estim\u00e9e\" \/>\n\t<meta name=\"twitter:data2\" content=\"1 minute\" \/>\n<script type=\"application\/ld+json\" class=\"yoast-schema-graph\">{\"@context\":\"https:\\\/\\\/schema.org\",\"@graph\":[{\"@type\":\"NewsArticle\",\"@id\":\"https:\\\/\\\/www.webdo.tn\\\/fr\\\/actualite\\\/national\\\/des-enfants-s-exhibent-avec-des-armes-blanches-fait-polemique\\\/205379\\\/#article\",\"isPartOf\":{\"@id\":\"https:\\\/\\\/www.webdo.tn\\\/fr\\\/actualite\\\/national\\\/des-enfants-s-exhibent-avec-des-armes-blanches-fait-polemique\\\/205379\\\/\"},\"author\":{\"name\":\"Ramzi\",\"@id\":\"https:\\\/\\\/www.webdo.tn\\\/fr\\\/#\\\/schema\\\/person\\\/590cb5f81adcfde6385530fdbdf468e2\"},\"headline\":\"Des enfants s\u2019exhibent avec des armes blanches dans un clip pol\u00e9mique !\",\"datePublished\":\"2023-05-03T11:11:00+00:00\",\"dateModified\":\"2025-05-20T22:58:22+00:00\",\"mainEntityOfPage\":{\"@id\":\"https:\\\/\\\/www.webdo.tn\\\/fr\\\/actualite\\\/national\\\/des-enfants-s-exhibent-avec-des-armes-blanches-fait-polemique\\\/205379\\\/\"},\"wordCount\":233,\"commentCount\":0,\"publisher\":{\"@id\":\"https:\\\/\\\/www.webdo.tn\\\/fr\\\/#organization\"},\"image\":{\"@id\":\"https:\\\/\\\/www.webdo.tn\\\/fr\\\/actualite\\\/national\\\/des-enfants-s-exhibent-avec-des-armes-blanches-fait-polemique\\\/205379\\\/#primaryimage\"},\"thumbnailUrl\":\"https:\\\/\\\/www.webdo.tn\\\/fr\\\/wp-content\\\/uploads\\\/2023\\\/05\\\/c2408686b122b9778551dbc1964eda00.jpg\",\"keywords\":[\"armes blanches\",\"clip\",\"enfants\",\"r\u00e9seaux sociaux\"],\"articleSection\":[\"National\"],\"inLanguage\":\"fr-FR\"},{\"@type\":\"WebPage\",\"@id\":\"https:\\\/\\\/www.webdo.tn\\\/fr\\\/actualite\\\/national\\\/des-enfants-s-exhibent-avec-des-armes-blanches-fait-polemique\\\/205379\\\/\",\"url\":\"https:\\\/\\\/www.webdo.tn\\\/fr\\\/actualite\\\/national\\\/des-enfants-s-exhibent-avec-des-armes-blanches-fait-polemique\\\/205379\\\/\",\"name\":\"Des enfants s\u2019exhibent avec des armes blanches dans un clip pol\u00e9mique !\",\"isPartOf\":{\"@id\":\"https:\\\/\\\/www.webdo.tn\\\/fr\\\/#website\"},\"primaryImageOfPage\":{\"@id\":\"https:\\\/\\\/www.webdo.tn\\\/fr\\\/actualite\\\/national\\\/des-enfants-s-exhibent-avec-des-armes-blanches-fait-polemique\\\/205379\\\/#primaryimage\"},\"image\":{\"@id\":\"https:\\\/\\\/www.webdo.tn\\\/fr\\\/actualite\\\/national\\\/des-enfants-s-exhibent-avec-des-armes-blanches-fait-polemique\\\/205379\\\/#primaryimage\"},\"thumbnailUrl\":\"https:\\\/\\\/www.webdo.tn\\\/fr\\\/wp-content\\\/uploads\\\/2023\\\/05\\\/c2408686b122b9778551dbc1964eda00.jpg\",\"datePublished\":\"2023-05-03T11:11:00+00:00\",\"dateModified\":\"2025-05-20T22:58:22+00:00\",\"description\":\"Un clip montrant des enfants avec des armes blanches est en train d\u2019\u00eatre partag\u00e9e en masse sur les r\u00e9seaux sociaux. Le D\u00e9l\u00e9gu\u00e9 g\u00e9n\u00e9ral \u00e0 la protection de l'enfa...\",\"breadcrumb\":{\"@id\":\"https:\\\/\\\/www.webdo.tn\\\/fr\\\/actualite\\\/national\\\/des-enfants-s-exhibent-avec-des-armes-blanches-fait-polemique\\\/205379\\\/#breadcrumb\"},\"inLanguage\":\"fr-FR\",\"potentialAction\":[{\"@type\":\"ReadAction\",\"target\":[\"https:\\\/\\\/www.webdo.tn\\\/fr\\\/actualite\\\/national\\\/des-enfants-s-exhibent-avec-des-armes-blanches-fait-polemique\\\/205379\\\/\"]}]},{\"@type\":\"ImageObject\",\"inLanguage\":\"fr-FR\",\"@id\":\"https:\\\/\\\/www.webdo.tn\\\/fr\\\/actualite\\\/national\\\/des-enfants-s-exhibent-avec-des-armes-blanches-fait-polemique\\\/205379\\\/#primaryimage\",\"url\":\"https:\\\/\\\/www.webdo.tn\\\/fr\\\/wp-content\\\/uploads\\\/2023\\\/05\\\/c2408686b122b9778551dbc1964eda00.jpg\",\"contentUrl\":\"https:\\\/\\\/www.webdo.tn\\\/fr\\\/wp-content\\\/uploads\\\/2023\\\/05\\\/c2408686b122b9778551dbc1964eda00.jpg\",\"width\":750,\"height\":400,\"caption\":\"Des enfants s\u2019exhibent avec des armes blanches dans un clip pol\u00e9mique !\"},{\"@type\":\"BreadcrumbList\",\"@id\":\"https:\\\/\\\/www.webdo.tn\\\/fr\\\/actualite\\\/national\\\/des-enfants-s-exhibent-avec-des-armes-blanches-fait-polemique\\\/205379\\\/#breadcrumb\",\"itemListElement\":[{\"@type\":\"ListItem\",\"position\":1,\"name\":\"Accueil\",\"item\":\"https:\\\/\\\/www.webdo.tn\\\/fr\\\/\"},{\"@type\":\"ListItem\",\"position\":2,\"name\":\"Des enfants s\u2019exhibent avec des armes blanches dans un clip pol\u00e9mique !\"}]},{\"@type\":\"WebSite\",\"@id\":\"https:\\\/\\\/www.webdo.tn\\\/fr\\\/#website\",\"url\":\"https:\\\/\\\/www.webdo.tn\\\/fr\\\/\",\"name\":\"webdo\",\"description\":\"Tunisie - News en Tunisie et \u00e0 l&#039;international sur Webdo.tn\",\"publisher\":{\"@id\":\"https:\\\/\\\/www.webdo.tn\\\/fr\\\/#organization\"},\"potentialAction\":[{\"@type\":\"SearchAction\",\"target\":{\"@type\":\"EntryPoint\",\"urlTemplate\":\"https:\\\/\\\/www.webdo.tn\\\/fr\\\/?s={search_term_string}\"},\"query-input\":{\"@type\":\"PropertyValueSpecification\",\"valueRequired\":true,\"valueName\":\"search_term_string\"}}],\"inLanguage\":\"fr-FR\"},{\"@type\":\"Organization\",\"@id\":\"https:\\\/\\\/www.webdo.tn\\\/fr\\\/#organization\",\"name\":\"Webdo\",\"alternateName\":\"Webdo.tn\",\"url\":\"https:\\\/\\\/www.webdo.tn\\\/fr\\\/\",\"logo\":{\"@type\":\"ImageObject\",\"inLanguage\":\"fr-FR\",\"@id\":\"https:\\\/\\\/www.webdo.tn\\\/fr\\\/#\\\/schema\\\/logo\\\/image\\\/\",\"url\":\"https:\\\/\\\/www.webdo.tn\\\/fr\\\/wp-content\\\/uploads\\\/2025\\\/06\\\/Webdo-Tunisie_168377.jpg\",\"contentUrl\":\"https:\\\/\\\/www.webdo.tn\\\/fr\\\/wp-content\\\/uploads\\\/2025\\\/06\\\/Webdo-Tunisie_168377.jpg\",\"width\":301,\"height\":301,\"caption\":\"Webdo\"},\"image\":{\"@id\":\"https:\\\/\\\/www.webdo.tn\\\/fr\\\/#\\\/schema\\\/logo\\\/image\\\/\"},\"sameAs\":[\"https:\\\/\\\/www.facebook.com\\\/webdotn\",\"https:\\\/\\\/x.com\\\/webdo_tn\"],\"description\":\"Webdo est un m\u00e9dia num\u00e9rique tunisien fond\u00e9 en 2010, sp\u00e9cialis\u00e9 dans l\u2019actualit\u00e9 nationale et internationale, l\u2019\u00e9conomie, la soci\u00e9t\u00e9 et les analyses politiques. Le site s\u2019adresse \u00e0 un large public francophone et couvre l\u2019information tunisienne en temps r\u00e9el.\",\"email\":\"redac@webdo.tn\",\"legalName\":\"YNJ SARL\",\"foundingDate\":\"2010-09-06\",\"numberOfEmployees\":{\"@type\":\"QuantitativeValue\",\"minValue\":\"11\",\"maxValue\":\"50\"}},{\"@type\":\"Person\",\"@id\":\"https:\\\/\\\/www.webdo.tn\\\/fr\\\/#\\\/schema\\\/person\\\/590cb5f81adcfde6385530fdbdf468e2\",\"name\":\"Ramzi\",\"image\":{\"@type\":\"ImageObject\",\"inLanguage\":\"fr-FR\",\"@id\":\"https:\\\/\\\/secure.gravatar.com\\\/avatar\\\/48df7d18915e10cf866ba8e27604c81ff9243fd52704a1d210c3e387e1cb8d87?s=96&d=mm&r=g\",\"url\":\"https:\\\/\\\/secure.gravatar.com\\\/avatar\\\/48df7d18915e10cf866ba8e27604c81ff9243fd52704a1d210c3e387e1cb8d87?s=96&d=mm&r=g\",\"contentUrl\":\"https:\\\/\\\/secure.gravatar.com\\\/avatar\\\/48df7d18915e10cf866ba8e27604c81ff9243fd52704a1d210c3e387e1cb8d87?s=96&d=mm&r=g\",\"caption\":\"Ramzi\"},\"url\":\"https:\\\/\\\/www.webdo.tn\\\/fr\\\/actualite\\\/author\\\/ramzi\\\/\"}]}<\/script>\n<!-- \/ Yoast SEO Premium plugin. -->","yoast_head_json":{"title":"Des enfants s\u2019exhibent avec des armes blanches dans un clip pol\u00e9mique !","description":"Un clip montrant des enfants avec des armes blanches est en train d\u2019\u00eatre partag\u00e9e en masse sur les r\u00e9seaux sociaux. Le D\u00e9l\u00e9gu\u00e9 g\u00e9n\u00e9ral \u00e0 la protection de l'enfa...","canonical":"https:\/\/www.webdo.tn\/fr\/actualite\/national\/des-enfants-s-exhibent-avec-des-armes-blanches-fait-polemique\/205379\/","og_locale":"fr_FR","og_type":"article","og_title":"Des enfants s\u2019exhibent avec des armes blanches dans un clip pol\u00e9mique !","og_description":"Un clip montrant des enfants avec des armes blanches est en train d\u2019\u00eatre partag\u00e9e en masse sur les r\u00e9seaux sociaux. Le D\u00e9l\u00e9gu\u00e9 g\u00e9n\u00e9ral \u00e0 la protection de l'enfa...","og_url":"https:\/\/www.webdo.tn\/fr\/actualite\/national\/des-enfants-s-exhibent-avec-des-armes-blanches-fait-polemique\/205379\/","og_site_name":"webdo","article_publisher":"https:\/\/www.facebook.com\/webdotn","article_published_time":"2023-05-03T11:11:00+00:00","article_modified_time":"2025-05-20T22:58:22+00:00","og_image":[{"width":750,"height":400,"url":"https:\/\/www.webdo.tn\/fr\/wp-content\/uploads\/2023\/05\/c2408686b122b9778551dbc1964eda00.jpg","type":"image\/jpeg"}],"author":"Ramzi","twitter_card":"summary_large_image","twitter_creator":"@webdo_tn","twitter_site":"@webdo_tn","twitter_misc":{"\u00c9crit par":"Ramzi","Dur\u00e9e de lecture estim\u00e9e":"1 minute"},"schema":{"@context":"https:\/\/schema.org","@graph":[{"@type":"NewsArticle","@id":"https:\/\/www.webdo.tn\/fr\/actualite\/national\/des-enfants-s-exhibent-avec-des-armes-blanches-fait-polemique\/205379\/#article","isPartOf":{"@id":"https:\/\/www.webdo.tn\/fr\/actualite\/national\/des-enfants-s-exhibent-avec-des-armes-blanches-fait-polemique\/205379\/"},"author":{"name":"Ramzi","@id":"https:\/\/www.webdo.tn\/fr\/#\/schema\/person\/590cb5f81adcfde6385530fdbdf468e2"},"headline":"Des enfants s\u2019exhibent avec des armes blanches dans un clip pol\u00e9mique !","datePublished":"2023-05-03T11:11:00+00:00","dateModified":"2025-05-20T22:58:22+00:00","mainEntityOfPage":{"@id":"https:\/\/www.webdo.tn\/fr\/actualite\/national\/des-enfants-s-exhibent-avec-des-armes-blanches-fait-polemique\/205379\/"},"wordCount":233,"commentCount":0,"publisher":{"@id":"https:\/\/www.webdo.tn\/fr\/#organization"},"image":{"@id":"https:\/\/www.webdo.tn\/fr\/actualite\/national\/des-enfants-s-exhibent-avec-des-armes-blanches-fait-polemique\/205379\/#primaryimage"},"thumbnailUrl":"https:\/\/www.webdo.tn\/fr\/wp-content\/uploads\/2023\/05\/c2408686b122b9778551dbc1964eda00.jpg","keywords":["armes blanches","clip","enfants","r\u00e9seaux sociaux"],"articleSection":["National"],"inLanguage":"fr-FR"},{"@type":"WebPage","@id":"https:\/\/www.webdo.tn\/fr\/actualite\/national\/des-enfants-s-exhibent-avec-des-armes-blanches-fait-polemique\/205379\/","url":"https:\/\/www.webdo.tn\/fr\/actualite\/national\/des-enfants-s-exhibent-avec-des-armes-blanches-fait-polemique\/205379\/","name":"Des enfants s\u2019exhibent avec des armes blanches dans un clip pol\u00e9mique !","isPartOf":{"@id":"https:\/\/www.webdo.tn\/fr\/#website"},"primaryImageOfPage":{"@id":"https:\/\/www.webdo.tn\/fr\/actualite\/national\/des-enfants-s-exhibent-avec-des-armes-blanches-fait-polemique\/205379\/#primaryimage"},"image":{"@id":"https:\/\/www.webdo.tn\/fr\/actualite\/national\/des-enfants-s-exhibent-avec-des-armes-blanches-fait-polemique\/205379\/#primaryimage"},"thumbnailUrl":"https:\/\/www.webdo.tn\/fr\/wp-content\/uploads\/2023\/05\/c2408686b122b9778551dbc1964eda00.jpg","datePublished":"2023-05-03T11:11:00+00:00","dateModified":"2025-05-20T22:58:22+00:00","description":"Un clip montrant des enfants avec des armes blanches est en train d\u2019\u00eatre partag\u00e9e en masse sur les r\u00e9seaux sociaux. Le D\u00e9l\u00e9gu\u00e9 g\u00e9n\u00e9ral \u00e0 la protection de l'enfa...","breadcrumb":{"@id":"https:\/\/www.webdo.tn\/fr\/actualite\/national\/des-enfants-s-exhibent-avec-des-armes-blanches-fait-polemique\/205379\/#breadcrumb"},"inLanguage":"fr-FR","potentialAction":[{"@type":"ReadAction","target":["https:\/\/www.webdo.tn\/fr\/actualite\/national\/des-enfants-s-exhibent-avec-des-armes-blanches-fait-polemique\/205379\/"]}]},{"@type":"ImageObject","inLanguage":"fr-FR","@id":"https:\/\/www.webdo.tn\/fr\/actualite\/national\/des-enfants-s-exhibent-avec-des-armes-blanches-fait-polemique\/205379\/#primaryimage","url":"https:\/\/www.webdo.tn\/fr\/wp-content\/uploads\/2023\/05\/c2408686b122b9778551dbc1964eda00.jpg","contentUrl":"https:\/\/www.webdo.tn\/fr\/wp-content\/uploads\/2023\/05\/c2408686b122b9778551dbc1964eda00.jpg","width":750,"height":400,"caption":"Des enfants s\u2019exhibent avec des armes blanches dans un clip pol\u00e9mique !"},{"@type":"BreadcrumbList","@id":"https:\/\/www.webdo.tn\/fr\/actualite\/national\/des-enfants-s-exhibent-avec-des-armes-blanches-fait-polemique\/205379\/#breadcrumb","itemListElement":[{"@type":"ListItem","position":1,"name":"Accueil","item":"https:\/\/www.webdo.tn\/fr\/"},{"@type":"ListItem","position":2,"name":"Des enfants s\u2019exhibent avec des armes blanches dans un clip pol\u00e9mique !"}]},{"@type":"WebSite","@id":"https:\/\/www.webdo.tn\/fr\/#website","url":"https:\/\/www.webdo.tn\/fr\/","name":"webdo","description":"Tunisie - News en Tunisie et \u00e0 l&#039;international sur Webdo.tn","publisher":{"@id":"https:\/\/www.webdo.tn\/fr\/#organization"},"potentialAction":[{"@type":"SearchAction","target":{"@type":"EntryPoint","urlTemplate":"https:\/\/www.webdo.tn\/fr\/?s={search_term_string}"},"query-input":{"@type":"PropertyValueSpecification","valueRequired":true,"valueName":"search_term_string"}}],"inLanguage":"fr-FR"},{"@type":"Organization","@id":"https:\/\/www.webdo.tn\/fr\/#organization","name":"Webdo","alternateName":"Webdo.tn","url":"https:\/\/www.webdo.tn\/fr\/","logo":{"@type":"ImageObject","inLanguage":"fr-FR","@id":"https:\/\/www.webdo.tn\/fr\/#\/schema\/logo\/image\/","url":"https:\/\/www.webdo.tn\/fr\/wp-content\/uploads\/2025\/06\/Webdo-Tunisie_168377.jpg","contentUrl":"https:\/\/www.webdo.tn\/fr\/wp-content\/uploads\/2025\/06\/Webdo-Tunisie_168377.jpg","width":301,"height":301,"caption":"Webdo"},"image":{"@id":"https:\/\/www.webdo.tn\/fr\/#\/schema\/logo\/image\/"},"sameAs":["https:\/\/www.facebook.com\/webdotn","https:\/\/x.com\/webdo_tn"],"description":"Webdo est un m\u00e9dia num\u00e9rique tunisien fond\u00e9 en 2010, sp\u00e9cialis\u00e9 dans l\u2019actualit\u00e9 nationale et internationale, l\u2019\u00e9conomie, la soci\u00e9t\u00e9 et les analyses politiques. Le site s\u2019adresse \u00e0 un large public francophone et couvre l\u2019information tunisienne en temps r\u00e9el.","email":"redac@webdo.tn","legalName":"YNJ SARL","foundingDate":"2010-09-06","numberOfEmployees":{"@type":"QuantitativeValue","minValue":"11","maxValue":"50"}},{"@type":"Person","@id":"https:\/\/www.webdo.tn\/fr\/#\/schema\/person\/590cb5f81adcfde6385530fdbdf468e2","name":"Ramzi","image":{"@type":"ImageObject","inLanguage":"fr-FR","@id":"https:\/\/secure.gravatar.com\/avatar\/48df7d18915e10cf866ba8e27604c81ff9243fd52704a1d210c3e387e1cb8d87?s=96&d=mm&r=g","url":"https:\/\/secure.gravatar.com\/avatar\/48df7d18915e10cf866ba8e27604c81ff9243fd52704a1d210c3e387e1cb8d87?s=96&d=mm&r=g","contentUrl":"https:\/\/secure.gravatar.com\/avatar\/48df7d18915e10cf866ba8e27604c81ff9243fd52704a1d210c3e387e1cb8d87?s=96&d=mm&r=g","caption":"Ramzi"},"url":"https:\/\/www.webdo.tn\/fr\/actualite\/author\/ramzi\/"}]}},"_links":{"self":[{"href":"https:\/\/www.webdo.tn\/fr\/wp-json\/wp\/v2\/posts\/205379","targetHints":{"allow":["GET"]}}],"collection":[{"href":"https:\/\/www.webdo.tn\/fr\/wp-json\/wp\/v2\/posts"}],"about":[{"href":"https:\/\/www.webdo.tn\/fr\/wp-json\/wp\/v2\/types\/post"}],"author":[{"embeddable":true,"href":"https:\/\/www.webdo.tn\/fr\/wp-json\/wp\/v2\/users\/3188"}],"replies":[{"embeddable":true,"href":"https:\/\/www.webdo.tn\/fr\/wp-json\/wp\/v2\/comments?post=205379"}],"version-history":[{"count":0,"href":"https:\/\/www.webdo.tn\/fr\/wp-json\/wp\/v2\/posts\/205379\/revisions"}],"wp:featuredmedia":[{"embeddable":true,"href":"https:\/\/www.webdo.tn\/fr\/wp-json\/wp\/v2\/media\/251271"}],"wp:attachment":[{"href":"https:\/\/www.webdo.tn\/fr\/wp-json\/wp\/v2\/media?parent=205379"}],"wp:term":[{"taxonomy":"category","embeddable":true,"href":"https:\/\/www.webdo.tn\/fr\/wp-json\/wp\/v2\/categories?post=205379"},{"taxonomy":"post_tag","embeddable":true,"href":"https:\/\/www.webdo.tn\/fr\/wp-json\/wp\/v2\/tags?post=205379"}],"curies":[{"name":"wp","href":"https:\/\/api.w.org\/{rel}","templated":true}]}}