{"id":205373,"date":"2023-05-03T09:26:00","date_gmt":"2023-05-03T09:26:00","guid":{"rendered":"https:\/\/www.webdo.tn\/fr\/blog\/classement-mondial-de-la-liberte-de-la-presse-2023-la-tunisie-devisse-de-27-places\/205373\/"},"modified":"2025-05-20T22:00:18","modified_gmt":"2025-05-20T22:00:18","slug":"classement-mondial-de-la-liberte-de-la-presse-2023-la-tunisie-devisse-de-27-places","status":"publish","type":"post","link":"https:\/\/www.webdo.tn\/fr\/actualite\/national\/classement-mondial-de-la-liberte-de-la-presse-2023-la-tunisie-devisse-de-27-places\/205373\/","title":{"rendered":"Classement mondial de la libert\u00e9 de la presse 2023 : La Tunisie d\u00e9visse de 27 places"},"content":{"rendered":"<p>A l\u2019occasion de la c\u00e9l\u00e9bration, ce mercredi 3 mai, du 30e anniversaire de la Journ\u00e9e mondiale de la libert\u00e9 de la presse, l\u2019organisation Reporters sans fronti\u00e8res (RSF) a publi\u00e9 son classement mondial de la libert\u00e9 de la presse.<\/p>\n<p>\t\t\t\t\t\t\t\t\tRSF indique que dans l\u2019\u00e9dition 2023 du Classement mondial de la libert\u00e9 de la presse, qui \u00ab\u00a0\u00e9value les conditions d\u2019exercice du journalisme dans 180 pays et territoires\u00a0\u00bb, il appara\u00eet que la situation est \u00ab\u00a0tr\u00e8s grave\u00a0\u00bb dans 31 pays, \u00ab\u00a0difficile\u00a0\u00bb dans 42 et \u00ab\u00a0probl\u00e9matique\u00a0\u00bb dans 55, alors qu\u2019elle est \u00ab\u00a0bonne\u00a0\u00bb ou \u00ab\u00a0plut\u00f4t bonne\u00a0\u00bb dans 52 pays.<\/p>\n<p>RSF souligne ainsi que les conditions d\u2019exercice du journalisme sont mauvaises dans 7 pays sur 10 et satisfaisantes dans seulement 3 pays sur 10.<\/p>\n<p>Le rapport de RSF pr\u00e9cise que la Tunisie est plac\u00e9e dans l\u2019avant-derni\u00e8re cat\u00e9gorie \u00e0 savoir que la situation de la presse y est difficile.<\/p>\n<p>La Tunisie (121e) d\u00e9visse de 27 places alors qu\u2019elle \u00e9tait class\u00e9e 94e en 2022, 73e en 2021 et 72e en 2020. RSF consid\u00e8re que cette chute (continue) est due \u00e0 \u00ab\u00a0la mont\u00e9e de l&rsquo;autoritarisme dans le pays et \u00e0 l&rsquo;intol\u00e9rance quant aux critiques de la presse\u00a0\u00bb.<\/p>\n<p>Le S\u00e9n\u00e9gal (104e) perd 31 places, le P\u00e9rou (110e), perd 33 places, et enregistrent ainsi les plus fortes chutes.<\/p>\n<p>En haut du classement, la Norv\u00e8ge reste en t\u00eate devant l\u2019Irlande et le Danemark. La Cor\u00e9e du Nord (180e) est, par ailleurs, \u00e0 la derni\u00e8re place, derri\u00e8re la Chine (179e) et le Vietnam (178e). Le Canada est 15e, la France 24e, les Etats-Unis 45e, la Russie 164e, et l\u2019Egypte 166e, etc.<\/p>\n<p>A l&rsquo;occasion de la Journ\u00e9e mondiale de la libert\u00e9 de la presse, le Secr\u00e9taire g\u00e9n\u00e9ral de l&rsquo;ONU, Ant\u00f3nio Guterres, a d\u00e9clar\u00e9 que la libert\u00e9 de la presse est en danger dans le monde entier et que la d\u00e9sinformation, les discours de haine et les attaques meurtri\u00e8res contre les journalistes menacent la libert\u00e9 de la presse.<\/p>\n","protected":false},"excerpt":{"rendered":"<p>A l\u2019occasion de la c\u00e9l\u00e9bration, ce mercredi 3 mai, du 30e anniversaire de la Journ\u00e9e mondiale de la libert\u00e9 de la presse, l\u2019organisation Reporters sans fronti\u00e8r&#8230;<\/p>\n","protected":false},"author":3162,"featured_media":251267,"comment_status":"open","ping_status":"closed","sticky":false,"template":"","format":"standard","meta":{"footnotes":""},"categories":[44],"tags":[6568,2811,8484,2608],"class_list":["post-205373","post","type-post","status-publish","format-standard","has-post-thumbnail","hentry","category-national","tag-liberte-de-la-presse","tag-reporters-sans-frontieres","tag-rsf","tag-tunisie"],"yoast_head":"<!-- This site is optimized with the Yoast SEO Premium plugin v27.5 (Yoast SEO v27.5) - https:\/\/yoast.com\/product\/yoast-seo-premium-wordpress\/ -->\n<title>Classement mondial de la libert\u00e9 de la presse 2023 : La Tunisie d\u00e9visse de 27 places<\/title>\n<meta name=\"description\" content=\"A l\u2019occasion de la c\u00e9l\u00e9bration, ce mercredi 3 mai, du 30e anniversaire de la Journ\u00e9e mondiale de la libert\u00e9 de la presse, l\u2019organisation Reporters sans fronti\u00e8r...\" \/>\n<link rel=\"canonical\" href=\"https:\/\/www.webdo.tn\/fr\/actualite\/national\/classement-mondial-de-la-liberte-de-la-presse-2023-la-tunisie-devisse-de-27-places\/205373\/\" \/>\n<meta property=\"og:locale\" content=\"fr_FR\" \/>\n<meta property=\"og:type\" content=\"article\" \/>\n<meta property=\"og:title\" content=\"Classement mondial de la libert\u00e9 de la presse 2023 : La Tunisie d\u00e9visse de 27 places\" \/>\n<meta property=\"og:description\" content=\"A l\u2019occasion de la c\u00e9l\u00e9bration, ce mercredi 3 mai, du 30e anniversaire de la Journ\u00e9e mondiale de la libert\u00e9 de la presse, l\u2019organisation Reporters sans fronti\u00e8r...\" \/>\n<meta property=\"og:url\" content=\"https:\/\/www.webdo.tn\/fr\/actualite\/national\/classement-mondial-de-la-liberte-de-la-presse-2023-la-tunisie-devisse-de-27-places\/205373\/\" \/>\n<meta property=\"og:site_name\" content=\"webdo\" \/>\n<meta property=\"article:publisher\" content=\"https:\/\/www.facebook.com\/webdotn\" \/>\n<meta property=\"article:published_time\" content=\"2023-05-03T09:26:00+00:00\" \/>\n<meta property=\"article:modified_time\" content=\"2025-05-20T22:00:18+00:00\" \/>\n<meta property=\"og:image\" content=\"https:\/\/www.webdo.tn\/fr\/wp-content\/uploads\/2023\/05\/fdbac77946beffa019a08fb705184107.jpg\" \/>\n\t<meta property=\"og:image:width\" content=\"750\" \/>\n\t<meta property=\"og:image:height\" content=\"400\" \/>\n\t<meta property=\"og:image:type\" content=\"image\/jpeg\" \/>\n<meta name=\"author\" content=\"MC\" \/>\n<meta name=\"twitter:card\" content=\"summary_large_image\" \/>\n<meta name=\"twitter:creator\" content=\"@webdo_tn\" \/>\n<meta name=\"twitter:site\" content=\"@webdo_tn\" \/>\n<meta name=\"twitter:label1\" content=\"\u00c9crit par\" \/>\n\t<meta name=\"twitter:data1\" content=\"MC\" \/>\n\t<meta name=\"twitter:label2\" content=\"Dur\u00e9e de lecture estim\u00e9e\" \/>\n\t<meta name=\"twitter:data2\" content=\"2 minutes\" \/>\n<script type=\"application\/ld+json\" class=\"yoast-schema-graph\">{\"@context\":\"https:\\\/\\\/schema.org\",\"@graph\":[{\"@type\":\"NewsArticle\",\"@id\":\"https:\\\/\\\/www.webdo.tn\\\/fr\\\/actualite\\\/national\\\/classement-mondial-de-la-liberte-de-la-presse-2023-la-tunisie-devisse-de-27-places\\\/205373\\\/#article\",\"isPartOf\":{\"@id\":\"https:\\\/\\\/www.webdo.tn\\\/fr\\\/actualite\\\/national\\\/classement-mondial-de-la-liberte-de-la-presse-2023-la-tunisie-devisse-de-27-places\\\/205373\\\/\"},\"author\":{\"name\":\"MC\",\"@id\":\"https:\\\/\\\/www.webdo.tn\\\/fr\\\/#\\\/schema\\\/person\\\/2c4929cbf5a809e3bd38617c6ce150f6\"},\"headline\":\"Classement mondial de la libert\u00e9 de la presse 2023 : La Tunisie d\u00e9visse de 27 places\",\"datePublished\":\"2023-05-03T09:26:00+00:00\",\"dateModified\":\"2025-05-20T22:00:18+00:00\",\"mainEntityOfPage\":{\"@id\":\"https:\\\/\\\/www.webdo.tn\\\/fr\\\/actualite\\\/national\\\/classement-mondial-de-la-liberte-de-la-presse-2023-la-tunisie-devisse-de-27-places\\\/205373\\\/\"},\"wordCount\":352,\"commentCount\":0,\"publisher\":{\"@id\":\"https:\\\/\\\/www.webdo.tn\\\/fr\\\/#organization\"},\"image\":{\"@id\":\"https:\\\/\\\/www.webdo.tn\\\/fr\\\/actualite\\\/national\\\/classement-mondial-de-la-liberte-de-la-presse-2023-la-tunisie-devisse-de-27-places\\\/205373\\\/#primaryimage\"},\"thumbnailUrl\":\"https:\\\/\\\/www.webdo.tn\\\/fr\\\/wp-content\\\/uploads\\\/2023\\\/05\\\/fdbac77946beffa019a08fb705184107.jpg\",\"keywords\":[\"libert\u00e9 de la presse\",\"reporters sans fronti\u00e8res\",\"rsf\",\"Tunisie\"],\"articleSection\":[\"National\"],\"inLanguage\":\"fr-FR\"},{\"@type\":\"WebPage\",\"@id\":\"https:\\\/\\\/www.webdo.tn\\\/fr\\\/actualite\\\/national\\\/classement-mondial-de-la-liberte-de-la-presse-2023-la-tunisie-devisse-de-27-places\\\/205373\\\/\",\"url\":\"https:\\\/\\\/www.webdo.tn\\\/fr\\\/actualite\\\/national\\\/classement-mondial-de-la-liberte-de-la-presse-2023-la-tunisie-devisse-de-27-places\\\/205373\\\/\",\"name\":\"Classement mondial de la libert\u00e9 de la presse 2023 : La Tunisie d\u00e9visse de 27 places\",\"isPartOf\":{\"@id\":\"https:\\\/\\\/www.webdo.tn\\\/fr\\\/#website\"},\"primaryImageOfPage\":{\"@id\":\"https:\\\/\\\/www.webdo.tn\\\/fr\\\/actualite\\\/national\\\/classement-mondial-de-la-liberte-de-la-presse-2023-la-tunisie-devisse-de-27-places\\\/205373\\\/#primaryimage\"},\"image\":{\"@id\":\"https:\\\/\\\/www.webdo.tn\\\/fr\\\/actualite\\\/national\\\/classement-mondial-de-la-liberte-de-la-presse-2023-la-tunisie-devisse-de-27-places\\\/205373\\\/#primaryimage\"},\"thumbnailUrl\":\"https:\\\/\\\/www.webdo.tn\\\/fr\\\/wp-content\\\/uploads\\\/2023\\\/05\\\/fdbac77946beffa019a08fb705184107.jpg\",\"datePublished\":\"2023-05-03T09:26:00+00:00\",\"dateModified\":\"2025-05-20T22:00:18+00:00\",\"description\":\"A l\u2019occasion de la c\u00e9l\u00e9bration, ce mercredi 3 mai, du 30e anniversaire de la Journ\u00e9e mondiale de la libert\u00e9 de la presse, l\u2019organisation Reporters sans fronti\u00e8r...\",\"breadcrumb\":{\"@id\":\"https:\\\/\\\/www.webdo.tn\\\/fr\\\/actualite\\\/national\\\/classement-mondial-de-la-liberte-de-la-presse-2023-la-tunisie-devisse-de-27-places\\\/205373\\\/#breadcrumb\"},\"inLanguage\":\"fr-FR\",\"potentialAction\":[{\"@type\":\"ReadAction\",\"target\":[\"https:\\\/\\\/www.webdo.tn\\\/fr\\\/actualite\\\/national\\\/classement-mondial-de-la-liberte-de-la-presse-2023-la-tunisie-devisse-de-27-places\\\/205373\\\/\"]}]},{\"@type\":\"ImageObject\",\"inLanguage\":\"fr-FR\",\"@id\":\"https:\\\/\\\/www.webdo.tn\\\/fr\\\/actualite\\\/national\\\/classement-mondial-de-la-liberte-de-la-presse-2023-la-tunisie-devisse-de-27-places\\\/205373\\\/#primaryimage\",\"url\":\"https:\\\/\\\/www.webdo.tn\\\/fr\\\/wp-content\\\/uploads\\\/2023\\\/05\\\/fdbac77946beffa019a08fb705184107.jpg\",\"contentUrl\":\"https:\\\/\\\/www.webdo.tn\\\/fr\\\/wp-content\\\/uploads\\\/2023\\\/05\\\/fdbac77946beffa019a08fb705184107.jpg\",\"width\":750,\"height\":400,\"caption\":\"Classement mondial de la libert\u00e9 de la presse 2023 : La Tunisie d\u00e9visse de 27 places\"},{\"@type\":\"BreadcrumbList\",\"@id\":\"https:\\\/\\\/www.webdo.tn\\\/fr\\\/actualite\\\/national\\\/classement-mondial-de-la-liberte-de-la-presse-2023-la-tunisie-devisse-de-27-places\\\/205373\\\/#breadcrumb\",\"itemListElement\":[{\"@type\":\"ListItem\",\"position\":1,\"name\":\"Accueil\",\"item\":\"https:\\\/\\\/www.webdo.tn\\\/fr\\\/\"},{\"@type\":\"ListItem\",\"position\":2,\"name\":\"Classement mondial de la libert\u00e9 de la presse 2023 : La Tunisie d\u00e9visse de 27 places\"}]},{\"@type\":\"WebSite\",\"@id\":\"https:\\\/\\\/www.webdo.tn\\\/fr\\\/#website\",\"url\":\"https:\\\/\\\/www.webdo.tn\\\/fr\\\/\",\"name\":\"webdo\",\"description\":\"Tunisie - News en Tunisie et \u00e0 l&#039;international sur Webdo.tn\",\"publisher\":{\"@id\":\"https:\\\/\\\/www.webdo.tn\\\/fr\\\/#organization\"},\"potentialAction\":[{\"@type\":\"SearchAction\",\"target\":{\"@type\":\"EntryPoint\",\"urlTemplate\":\"https:\\\/\\\/www.webdo.tn\\\/fr\\\/?s={search_term_string}\"},\"query-input\":{\"@type\":\"PropertyValueSpecification\",\"valueRequired\":true,\"valueName\":\"search_term_string\"}}],\"inLanguage\":\"fr-FR\"},{\"@type\":\"Organization\",\"@id\":\"https:\\\/\\\/www.webdo.tn\\\/fr\\\/#organization\",\"name\":\"Webdo\",\"alternateName\":\"Webdo.tn\",\"url\":\"https:\\\/\\\/www.webdo.tn\\\/fr\\\/\",\"logo\":{\"@type\":\"ImageObject\",\"inLanguage\":\"fr-FR\",\"@id\":\"https:\\\/\\\/www.webdo.tn\\\/fr\\\/#\\\/schema\\\/logo\\\/image\\\/\",\"url\":\"https:\\\/\\\/www.webdo.tn\\\/fr\\\/wp-content\\\/uploads\\\/2025\\\/06\\\/Webdo-Tunisie_168377.jpg\",\"contentUrl\":\"https:\\\/\\\/www.webdo.tn\\\/fr\\\/wp-content\\\/uploads\\\/2025\\\/06\\\/Webdo-Tunisie_168377.jpg\",\"width\":301,\"height\":301,\"caption\":\"Webdo\"},\"image\":{\"@id\":\"https:\\\/\\\/www.webdo.tn\\\/fr\\\/#\\\/schema\\\/logo\\\/image\\\/\"},\"sameAs\":[\"https:\\\/\\\/www.facebook.com\\\/webdotn\",\"https:\\\/\\\/x.com\\\/webdo_tn\"],\"description\":\"Webdo est un m\u00e9dia num\u00e9rique tunisien fond\u00e9 en 2010, sp\u00e9cialis\u00e9 dans l\u2019actualit\u00e9 nationale et internationale, l\u2019\u00e9conomie, la soci\u00e9t\u00e9 et les analyses politiques. Le site s\u2019adresse \u00e0 un large public francophone et couvre l\u2019information tunisienne en temps r\u00e9el.\",\"email\":\"redac@webdo.tn\",\"legalName\":\"YNJ SARL\",\"foundingDate\":\"2010-09-06\",\"numberOfEmployees\":{\"@type\":\"QuantitativeValue\",\"minValue\":\"11\",\"maxValue\":\"50\"}},{\"@type\":\"Person\",\"@id\":\"https:\\\/\\\/www.webdo.tn\\\/fr\\\/#\\\/schema\\\/person\\\/2c4929cbf5a809e3bd38617c6ce150f6\",\"name\":\"MC\",\"image\":{\"@type\":\"ImageObject\",\"inLanguage\":\"fr-FR\",\"@id\":\"https:\\\/\\\/secure.gravatar.com\\\/avatar\\\/a545bbb6f84efdd5553dbbc2895e3ca8f1d12c5215e00a041c9670b54aa9b18a?s=96&d=mm&r=g\",\"url\":\"https:\\\/\\\/secure.gravatar.com\\\/avatar\\\/a545bbb6f84efdd5553dbbc2895e3ca8f1d12c5215e00a041c9670b54aa9b18a?s=96&d=mm&r=g\",\"contentUrl\":\"https:\\\/\\\/secure.gravatar.com\\\/avatar\\\/a545bbb6f84efdd5553dbbc2895e3ca8f1d12c5215e00a041c9670b54aa9b18a?s=96&d=mm&r=g\",\"caption\":\"MC\"},\"url\":\"https:\\\/\\\/www.webdo.tn\\\/fr\\\/actualite\\\/author\\\/mc\\\/\"}]}<\/script>\n<!-- \/ Yoast SEO Premium plugin. -->","yoast_head_json":{"title":"Classement mondial de la libert\u00e9 de la presse 2023 : La Tunisie d\u00e9visse de 27 places","description":"A l\u2019occasion de la c\u00e9l\u00e9bration, ce mercredi 3 mai, du 30e anniversaire de la Journ\u00e9e mondiale de la libert\u00e9 de la presse, l\u2019organisation Reporters sans fronti\u00e8r...","canonical":"https:\/\/www.webdo.tn\/fr\/actualite\/national\/classement-mondial-de-la-liberte-de-la-presse-2023-la-tunisie-devisse-de-27-places\/205373\/","og_locale":"fr_FR","og_type":"article","og_title":"Classement mondial de la libert\u00e9 de la presse 2023 : La Tunisie d\u00e9visse de 27 places","og_description":"A l\u2019occasion de la c\u00e9l\u00e9bration, ce mercredi 3 mai, du 30e anniversaire de la Journ\u00e9e mondiale de la libert\u00e9 de la presse, l\u2019organisation Reporters sans fronti\u00e8r...","og_url":"https:\/\/www.webdo.tn\/fr\/actualite\/national\/classement-mondial-de-la-liberte-de-la-presse-2023-la-tunisie-devisse-de-27-places\/205373\/","og_site_name":"webdo","article_publisher":"https:\/\/www.facebook.com\/webdotn","article_published_time":"2023-05-03T09:26:00+00:00","article_modified_time":"2025-05-20T22:00:18+00:00","og_image":[{"width":750,"height":400,"url":"https:\/\/www.webdo.tn\/fr\/wp-content\/uploads\/2023\/05\/fdbac77946beffa019a08fb705184107.jpg","type":"image\/jpeg"}],"author":"MC","twitter_card":"summary_large_image","twitter_creator":"@webdo_tn","twitter_site":"@webdo_tn","twitter_misc":{"\u00c9crit par":"MC","Dur\u00e9e de lecture estim\u00e9e":"2 minutes"},"schema":{"@context":"https:\/\/schema.org","@graph":[{"@type":"NewsArticle","@id":"https:\/\/www.webdo.tn\/fr\/actualite\/national\/classement-mondial-de-la-liberte-de-la-presse-2023-la-tunisie-devisse-de-27-places\/205373\/#article","isPartOf":{"@id":"https:\/\/www.webdo.tn\/fr\/actualite\/national\/classement-mondial-de-la-liberte-de-la-presse-2023-la-tunisie-devisse-de-27-places\/205373\/"},"author":{"name":"MC","@id":"https:\/\/www.webdo.tn\/fr\/#\/schema\/person\/2c4929cbf5a809e3bd38617c6ce150f6"},"headline":"Classement mondial de la libert\u00e9 de la presse 2023 : La Tunisie d\u00e9visse de 27 places","datePublished":"2023-05-03T09:26:00+00:00","dateModified":"2025-05-20T22:00:18+00:00","mainEntityOfPage":{"@id":"https:\/\/www.webdo.tn\/fr\/actualite\/national\/classement-mondial-de-la-liberte-de-la-presse-2023-la-tunisie-devisse-de-27-places\/205373\/"},"wordCount":352,"commentCount":0,"publisher":{"@id":"https:\/\/www.webdo.tn\/fr\/#organization"},"image":{"@id":"https:\/\/www.webdo.tn\/fr\/actualite\/national\/classement-mondial-de-la-liberte-de-la-presse-2023-la-tunisie-devisse-de-27-places\/205373\/#primaryimage"},"thumbnailUrl":"https:\/\/www.webdo.tn\/fr\/wp-content\/uploads\/2023\/05\/fdbac77946beffa019a08fb705184107.jpg","keywords":["libert\u00e9 de la presse","reporters sans fronti\u00e8res","rsf","Tunisie"],"articleSection":["National"],"inLanguage":"fr-FR"},{"@type":"WebPage","@id":"https:\/\/www.webdo.tn\/fr\/actualite\/national\/classement-mondial-de-la-liberte-de-la-presse-2023-la-tunisie-devisse-de-27-places\/205373\/","url":"https:\/\/www.webdo.tn\/fr\/actualite\/national\/classement-mondial-de-la-liberte-de-la-presse-2023-la-tunisie-devisse-de-27-places\/205373\/","name":"Classement mondial de la libert\u00e9 de la presse 2023 : La Tunisie d\u00e9visse de 27 places","isPartOf":{"@id":"https:\/\/www.webdo.tn\/fr\/#website"},"primaryImageOfPage":{"@id":"https:\/\/www.webdo.tn\/fr\/actualite\/national\/classement-mondial-de-la-liberte-de-la-presse-2023-la-tunisie-devisse-de-27-places\/205373\/#primaryimage"},"image":{"@id":"https:\/\/www.webdo.tn\/fr\/actualite\/national\/classement-mondial-de-la-liberte-de-la-presse-2023-la-tunisie-devisse-de-27-places\/205373\/#primaryimage"},"thumbnailUrl":"https:\/\/www.webdo.tn\/fr\/wp-content\/uploads\/2023\/05\/fdbac77946beffa019a08fb705184107.jpg","datePublished":"2023-05-03T09:26:00+00:00","dateModified":"2025-05-20T22:00:18+00:00","description":"A l\u2019occasion de la c\u00e9l\u00e9bration, ce mercredi 3 mai, du 30e anniversaire de la Journ\u00e9e mondiale de la libert\u00e9 de la presse, l\u2019organisation Reporters sans fronti\u00e8r...","breadcrumb":{"@id":"https:\/\/www.webdo.tn\/fr\/actualite\/national\/classement-mondial-de-la-liberte-de-la-presse-2023-la-tunisie-devisse-de-27-places\/205373\/#breadcrumb"},"inLanguage":"fr-FR","potentialAction":[{"@type":"ReadAction","target":["https:\/\/www.webdo.tn\/fr\/actualite\/national\/classement-mondial-de-la-liberte-de-la-presse-2023-la-tunisie-devisse-de-27-places\/205373\/"]}]},{"@type":"ImageObject","inLanguage":"fr-FR","@id":"https:\/\/www.webdo.tn\/fr\/actualite\/national\/classement-mondial-de-la-liberte-de-la-presse-2023-la-tunisie-devisse-de-27-places\/205373\/#primaryimage","url":"https:\/\/www.webdo.tn\/fr\/wp-content\/uploads\/2023\/05\/fdbac77946beffa019a08fb705184107.jpg","contentUrl":"https:\/\/www.webdo.tn\/fr\/wp-content\/uploads\/2023\/05\/fdbac77946beffa019a08fb705184107.jpg","width":750,"height":400,"caption":"Classement mondial de la libert\u00e9 de la presse 2023 : La Tunisie d\u00e9visse de 27 places"},{"@type":"BreadcrumbList","@id":"https:\/\/www.webdo.tn\/fr\/actualite\/national\/classement-mondial-de-la-liberte-de-la-presse-2023-la-tunisie-devisse-de-27-places\/205373\/#breadcrumb","itemListElement":[{"@type":"ListItem","position":1,"name":"Accueil","item":"https:\/\/www.webdo.tn\/fr\/"},{"@type":"ListItem","position":2,"name":"Classement mondial de la libert\u00e9 de la presse 2023 : La Tunisie d\u00e9visse de 27 places"}]},{"@type":"WebSite","@id":"https:\/\/www.webdo.tn\/fr\/#website","url":"https:\/\/www.webdo.tn\/fr\/","name":"webdo","description":"Tunisie - News en Tunisie et \u00e0 l&#039;international sur Webdo.tn","publisher":{"@id":"https:\/\/www.webdo.tn\/fr\/#organization"},"potentialAction":[{"@type":"SearchAction","target":{"@type":"EntryPoint","urlTemplate":"https:\/\/www.webdo.tn\/fr\/?s={search_term_string}"},"query-input":{"@type":"PropertyValueSpecification","valueRequired":true,"valueName":"search_term_string"}}],"inLanguage":"fr-FR"},{"@type":"Organization","@id":"https:\/\/www.webdo.tn\/fr\/#organization","name":"Webdo","alternateName":"Webdo.tn","url":"https:\/\/www.webdo.tn\/fr\/","logo":{"@type":"ImageObject","inLanguage":"fr-FR","@id":"https:\/\/www.webdo.tn\/fr\/#\/schema\/logo\/image\/","url":"https:\/\/www.webdo.tn\/fr\/wp-content\/uploads\/2025\/06\/Webdo-Tunisie_168377.jpg","contentUrl":"https:\/\/www.webdo.tn\/fr\/wp-content\/uploads\/2025\/06\/Webdo-Tunisie_168377.jpg","width":301,"height":301,"caption":"Webdo"},"image":{"@id":"https:\/\/www.webdo.tn\/fr\/#\/schema\/logo\/image\/"},"sameAs":["https:\/\/www.facebook.com\/webdotn","https:\/\/x.com\/webdo_tn"],"description":"Webdo est un m\u00e9dia num\u00e9rique tunisien fond\u00e9 en 2010, sp\u00e9cialis\u00e9 dans l\u2019actualit\u00e9 nationale et internationale, l\u2019\u00e9conomie, la soci\u00e9t\u00e9 et les analyses politiques. Le site s\u2019adresse \u00e0 un large public francophone et couvre l\u2019information tunisienne en temps r\u00e9el.","email":"redac@webdo.tn","legalName":"YNJ SARL","foundingDate":"2010-09-06","numberOfEmployees":{"@type":"QuantitativeValue","minValue":"11","maxValue":"50"}},{"@type":"Person","@id":"https:\/\/www.webdo.tn\/fr\/#\/schema\/person\/2c4929cbf5a809e3bd38617c6ce150f6","name":"MC","image":{"@type":"ImageObject","inLanguage":"fr-FR","@id":"https:\/\/secure.gravatar.com\/avatar\/a545bbb6f84efdd5553dbbc2895e3ca8f1d12c5215e00a041c9670b54aa9b18a?s=96&d=mm&r=g","url":"https:\/\/secure.gravatar.com\/avatar\/a545bbb6f84efdd5553dbbc2895e3ca8f1d12c5215e00a041c9670b54aa9b18a?s=96&d=mm&r=g","contentUrl":"https:\/\/secure.gravatar.com\/avatar\/a545bbb6f84efdd5553dbbc2895e3ca8f1d12c5215e00a041c9670b54aa9b18a?s=96&d=mm&r=g","caption":"MC"},"url":"https:\/\/www.webdo.tn\/fr\/actualite\/author\/mc\/"}]}},"_links":{"self":[{"href":"https:\/\/www.webdo.tn\/fr\/wp-json\/wp\/v2\/posts\/205373","targetHints":{"allow":["GET"]}}],"collection":[{"href":"https:\/\/www.webdo.tn\/fr\/wp-json\/wp\/v2\/posts"}],"about":[{"href":"https:\/\/www.webdo.tn\/fr\/wp-json\/wp\/v2\/types\/post"}],"author":[{"embeddable":true,"href":"https:\/\/www.webdo.tn\/fr\/wp-json\/wp\/v2\/users\/3162"}],"replies":[{"embeddable":true,"href":"https:\/\/www.webdo.tn\/fr\/wp-json\/wp\/v2\/comments?post=205373"}],"version-history":[{"count":0,"href":"https:\/\/www.webdo.tn\/fr\/wp-json\/wp\/v2\/posts\/205373\/revisions"}],"wp:featuredmedia":[{"embeddable":true,"href":"https:\/\/www.webdo.tn\/fr\/wp-json\/wp\/v2\/media\/251267"}],"wp:attachment":[{"href":"https:\/\/www.webdo.tn\/fr\/wp-json\/wp\/v2\/media?parent=205373"}],"wp:term":[{"taxonomy":"category","embeddable":true,"href":"https:\/\/www.webdo.tn\/fr\/wp-json\/wp\/v2\/categories?post=205373"},{"taxonomy":"post_tag","embeddable":true,"href":"https:\/\/www.webdo.tn\/fr\/wp-json\/wp\/v2\/tags?post=205373"}],"curies":[{"name":"wp","href":"https:\/\/api.w.org\/{rel}","templated":true}]}}