{"id":205345,"date":"2023-05-02T12:33:00","date_gmt":"2023-05-02T12:33:00","guid":{"rendered":"https:\/\/www.webdo.tn\/fr\/blog\/twitter-vente-d-articles-de-presse-a-l-unite-a-partir-de-juin\/205345\/"},"modified":"2025-05-20T22:59:27","modified_gmt":"2025-05-20T22:59:27","slug":"twitter-vente-d-articles-de-presse-a-l-unite-a-partir-de-juin","status":"publish","type":"post","link":"https:\/\/www.webdo.tn\/fr\/actualite\/international\/twitter-vente-d-articles-de-presse-a-l-unite-a-partir-de-juin\/205345\/","title":{"rendered":"Twitter : Vente d\u2019articles de presse \u00e0 l\u2019unit\u00e9 \u00e0 partir de juin"},"content":{"rendered":"<p>A partir du mois prochain, Twitter permettra aux \u00e9diteurs de m\u00e9dias de faire payer les lecteurs, article par article, en un simple clic.<\/p>\n<p>\t\t\t\t\t\t\t\t\tC\u2019est ce qu\u2019a \u00e9crit Elon Musk, le patron du r\u00e9seau social, samedi, une solution maintes fois propos\u00e9e, mais dont le mod\u00e8le \u00e9conomique reste \u00e0 prouver.<\/p>\n<p>Depuis qu&rsquo;il a rachet\u00e9 l&rsquo;entreprise am\u00e9ricaine, Elon Musk ne cesse de lancer de nouveaux projets, parfois dans une certaine confusion.<\/p>\n<p>\u00ab\u00a0Cela permettra aux utilisateurs qui ne prendraient pas d&rsquo;abonnement mensuel de payer un prix plus \u00e9lev\u00e9 par article quand ils veulent lire un article de mani\u00e8re occasionnelle.<\/p>\n<p>\u00c7a sera gagnant-gagnant pour les m\u00e9dias et les lecteurs\u00a0\u00bb, ajoute le patron de twitter. Il n&rsquo;a donn\u00e9 aucun autre d\u00e9tail sur les prix ou le fonctionnement.<\/p>\n<p>Elon Musk, le patron de Tesla et de SpaceX, a rachet\u00e9 le r\u00e9seau social twitter, le 27 octobre 2022, pour 44 milliards de dollars.<\/p>\n<p>Sa premi\u00e8re action a \u00e9t\u00e9 de renvoyer le patron de Twitter, Parag Agrawal, et deux autres dirigeants.<\/p>\n","protected":false},"excerpt":{"rendered":"<p>A partir du mois prochain, Twitter permettra aux \u00e9diteurs de m\u00e9dias de faire payer les lecteurs, article par article, en un simple clic.<\/p>\n","protected":false},"author":3188,"featured_media":278158,"comment_status":"open","ping_status":"closed","sticky":false,"template":"","format":"standard","meta":{"footnotes":""},"categories":[2598],"tags":[4134,2943,3453],"class_list":["post-205345","post","type-post","status-publish","format-standard","has-post-thumbnail","hentry","category-international","tag-elon-musk","tag-medias","tag-twitter"],"yoast_head":"<!-- This site is optimized with the Yoast SEO Premium plugin v27.5 (Yoast SEO v27.5) - https:\/\/yoast.com\/product\/yoast-seo-premium-wordpress\/ -->\n<title>Twitter : Vente d\u2019articles de presse \u00e0 l\u2019unit\u00e9 \u00e0 partir de juin<\/title>\n<meta name=\"description\" content=\"A partir du mois prochain, Twitter permettra aux \u00e9diteurs de m\u00e9dias de faire payer les lecteurs, article par article, en un simple clic.\" \/>\n<link rel=\"canonical\" href=\"https:\/\/www.webdo.tn\/fr\/actualite\/international\/twitter-vente-d-articles-de-presse-a-l-unite-a-partir-de-juin\/205345\/\" \/>\n<meta property=\"og:locale\" content=\"fr_FR\" \/>\n<meta property=\"og:type\" content=\"article\" \/>\n<meta property=\"og:title\" content=\"Twitter : Vente d\u2019articles de presse \u00e0 l\u2019unit\u00e9 \u00e0 partir de juin\" \/>\n<meta property=\"og:description\" content=\"A partir du mois prochain, Twitter permettra aux \u00e9diteurs de m\u00e9dias de faire payer les lecteurs, article par article, en un simple clic.\" \/>\n<meta property=\"og:url\" content=\"https:\/\/www.webdo.tn\/fr\/actualite\/international\/twitter-vente-d-articles-de-presse-a-l-unite-a-partir-de-juin\/205345\/\" \/>\n<meta property=\"og:site_name\" content=\"webdo\" \/>\n<meta property=\"article:publisher\" content=\"https:\/\/www.facebook.com\/webdotn\" \/>\n<meta property=\"article:published_time\" content=\"2023-05-02T12:33:00+00:00\" \/>\n<meta property=\"article:modified_time\" content=\"2025-05-20T22:59:27+00:00\" \/>\n<meta property=\"og:image\" content=\"https:\/\/www.webdo.tn\/fr\/wp-content\/uploads\/2023\/05\/25e942a1a1b64c338cf621c6b4e00515.jpg\" \/>\n\t<meta property=\"og:image:width\" content=\"741\" \/>\n\t<meta property=\"og:image:height\" content=\"395\" \/>\n\t<meta property=\"og:image:type\" content=\"image\/jpeg\" \/>\n<meta name=\"author\" content=\"Ramzi\" \/>\n<meta name=\"twitter:card\" content=\"summary_large_image\" \/>\n<meta name=\"twitter:creator\" content=\"@webdo_tn\" \/>\n<meta name=\"twitter:site\" content=\"@webdo_tn\" \/>\n<meta name=\"twitter:label1\" content=\"\u00c9crit par\" \/>\n\t<meta name=\"twitter:data1\" content=\"Ramzi\" \/>\n\t<meta name=\"twitter:label2\" content=\"Dur\u00e9e de lecture estim\u00e9e\" \/>\n\t<meta name=\"twitter:data2\" content=\"1 minute\" \/>\n<script type=\"application\/ld+json\" class=\"yoast-schema-graph\">{\"@context\":\"https:\\\/\\\/schema.org\",\"@graph\":[{\"@type\":\"NewsArticle\",\"@id\":\"https:\\\/\\\/www.webdo.tn\\\/fr\\\/actualite\\\/international\\\/twitter-vente-d-articles-de-presse-a-l-unite-a-partir-de-juin\\\/205345\\\/#article\",\"isPartOf\":{\"@id\":\"https:\\\/\\\/www.webdo.tn\\\/fr\\\/actualite\\\/international\\\/twitter-vente-d-articles-de-presse-a-l-unite-a-partir-de-juin\\\/205345\\\/\"},\"author\":{\"name\":\"Ramzi\",\"@id\":\"https:\\\/\\\/www.webdo.tn\\\/fr\\\/#\\\/schema\\\/person\\\/590cb5f81adcfde6385530fdbdf468e2\"},\"headline\":\"Twitter : Vente d\u2019articles de presse \u00e0 l\u2019unit\u00e9 \u00e0 partir de juin\",\"datePublished\":\"2023-05-02T12:33:00+00:00\",\"dateModified\":\"2025-05-20T22:59:27+00:00\",\"mainEntityOfPage\":{\"@id\":\"https:\\\/\\\/www.webdo.tn\\\/fr\\\/actualite\\\/international\\\/twitter-vente-d-articles-de-presse-a-l-unite-a-partir-de-juin\\\/205345\\\/\"},\"wordCount\":185,\"commentCount\":0,\"publisher\":{\"@id\":\"https:\\\/\\\/www.webdo.tn\\\/fr\\\/#organization\"},\"image\":{\"@id\":\"https:\\\/\\\/www.webdo.tn\\\/fr\\\/actualite\\\/international\\\/twitter-vente-d-articles-de-presse-a-l-unite-a-partir-de-juin\\\/205345\\\/#primaryimage\"},\"thumbnailUrl\":\"https:\\\/\\\/www.webdo.tn\\\/fr\\\/wp-content\\\/uploads\\\/2023\\\/05\\\/25e942a1a1b64c338cf621c6b4e00515.jpg\",\"keywords\":[\"Elon Musk\",\"m\u00e9dias\",\"Twitter\"],\"articleSection\":[\"International\"],\"inLanguage\":\"fr-FR\"},{\"@type\":\"WebPage\",\"@id\":\"https:\\\/\\\/www.webdo.tn\\\/fr\\\/actualite\\\/international\\\/twitter-vente-d-articles-de-presse-a-l-unite-a-partir-de-juin\\\/205345\\\/\",\"url\":\"https:\\\/\\\/www.webdo.tn\\\/fr\\\/actualite\\\/international\\\/twitter-vente-d-articles-de-presse-a-l-unite-a-partir-de-juin\\\/205345\\\/\",\"name\":\"Twitter : Vente d\u2019articles de presse \u00e0 l\u2019unit\u00e9 \u00e0 partir de juin\",\"isPartOf\":{\"@id\":\"https:\\\/\\\/www.webdo.tn\\\/fr\\\/#website\"},\"primaryImageOfPage\":{\"@id\":\"https:\\\/\\\/www.webdo.tn\\\/fr\\\/actualite\\\/international\\\/twitter-vente-d-articles-de-presse-a-l-unite-a-partir-de-juin\\\/205345\\\/#primaryimage\"},\"image\":{\"@id\":\"https:\\\/\\\/www.webdo.tn\\\/fr\\\/actualite\\\/international\\\/twitter-vente-d-articles-de-presse-a-l-unite-a-partir-de-juin\\\/205345\\\/#primaryimage\"},\"thumbnailUrl\":\"https:\\\/\\\/www.webdo.tn\\\/fr\\\/wp-content\\\/uploads\\\/2023\\\/05\\\/25e942a1a1b64c338cf621c6b4e00515.jpg\",\"datePublished\":\"2023-05-02T12:33:00+00:00\",\"dateModified\":\"2025-05-20T22:59:27+00:00\",\"description\":\"A partir du mois prochain, Twitter permettra aux \u00e9diteurs de m\u00e9dias de faire payer les lecteurs, article par article, en un simple clic.\",\"breadcrumb\":{\"@id\":\"https:\\\/\\\/www.webdo.tn\\\/fr\\\/actualite\\\/international\\\/twitter-vente-d-articles-de-presse-a-l-unite-a-partir-de-juin\\\/205345\\\/#breadcrumb\"},\"inLanguage\":\"fr-FR\",\"potentialAction\":[{\"@type\":\"ReadAction\",\"target\":[\"https:\\\/\\\/www.webdo.tn\\\/fr\\\/actualite\\\/international\\\/twitter-vente-d-articles-de-presse-a-l-unite-a-partir-de-juin\\\/205345\\\/\"]}]},{\"@type\":\"ImageObject\",\"inLanguage\":\"fr-FR\",\"@id\":\"https:\\\/\\\/www.webdo.tn\\\/fr\\\/actualite\\\/international\\\/twitter-vente-d-articles-de-presse-a-l-unite-a-partir-de-juin\\\/205345\\\/#primaryimage\",\"url\":\"https:\\\/\\\/www.webdo.tn\\\/fr\\\/wp-content\\\/uploads\\\/2023\\\/05\\\/25e942a1a1b64c338cf621c6b4e00515.jpg\",\"contentUrl\":\"https:\\\/\\\/www.webdo.tn\\\/fr\\\/wp-content\\\/uploads\\\/2023\\\/05\\\/25e942a1a1b64c338cf621c6b4e00515.jpg\",\"width\":741,\"height\":395,\"caption\":\"Twitter : Vente d\u2019articles de presse \u00e0 l\u2019unit\u00e9 \u00e0 partir de juin\"},{\"@type\":\"BreadcrumbList\",\"@id\":\"https:\\\/\\\/www.webdo.tn\\\/fr\\\/actualite\\\/international\\\/twitter-vente-d-articles-de-presse-a-l-unite-a-partir-de-juin\\\/205345\\\/#breadcrumb\",\"itemListElement\":[{\"@type\":\"ListItem\",\"position\":1,\"name\":\"Accueil\",\"item\":\"https:\\\/\\\/www.webdo.tn\\\/fr\\\/\"},{\"@type\":\"ListItem\",\"position\":2,\"name\":\"Twitter : Vente d\u2019articles de presse \u00e0 l\u2019unit\u00e9 \u00e0 partir de juin\"}]},{\"@type\":\"WebSite\",\"@id\":\"https:\\\/\\\/www.webdo.tn\\\/fr\\\/#website\",\"url\":\"https:\\\/\\\/www.webdo.tn\\\/fr\\\/\",\"name\":\"webdo\",\"description\":\"Tunisie - News en Tunisie et \u00e0 l&#039;international sur Webdo.tn\",\"publisher\":{\"@id\":\"https:\\\/\\\/www.webdo.tn\\\/fr\\\/#organization\"},\"potentialAction\":[{\"@type\":\"SearchAction\",\"target\":{\"@type\":\"EntryPoint\",\"urlTemplate\":\"https:\\\/\\\/www.webdo.tn\\\/fr\\\/?s={search_term_string}\"},\"query-input\":{\"@type\":\"PropertyValueSpecification\",\"valueRequired\":true,\"valueName\":\"search_term_string\"}}],\"inLanguage\":\"fr-FR\"},{\"@type\":\"Organization\",\"@id\":\"https:\\\/\\\/www.webdo.tn\\\/fr\\\/#organization\",\"name\":\"Webdo\",\"alternateName\":\"Webdo.tn\",\"url\":\"https:\\\/\\\/www.webdo.tn\\\/fr\\\/\",\"logo\":{\"@type\":\"ImageObject\",\"inLanguage\":\"fr-FR\",\"@id\":\"https:\\\/\\\/www.webdo.tn\\\/fr\\\/#\\\/schema\\\/logo\\\/image\\\/\",\"url\":\"https:\\\/\\\/www.webdo.tn\\\/fr\\\/wp-content\\\/uploads\\\/2025\\\/06\\\/Webdo-Tunisie_168377.jpg\",\"contentUrl\":\"https:\\\/\\\/www.webdo.tn\\\/fr\\\/wp-content\\\/uploads\\\/2025\\\/06\\\/Webdo-Tunisie_168377.jpg\",\"width\":301,\"height\":301,\"caption\":\"Webdo\"},\"image\":{\"@id\":\"https:\\\/\\\/www.webdo.tn\\\/fr\\\/#\\\/schema\\\/logo\\\/image\\\/\"},\"sameAs\":[\"https:\\\/\\\/www.facebook.com\\\/webdotn\",\"https:\\\/\\\/x.com\\\/webdo_tn\"],\"description\":\"Webdo est un m\u00e9dia num\u00e9rique tunisien fond\u00e9 en 2010, sp\u00e9cialis\u00e9 dans l\u2019actualit\u00e9 nationale et internationale, l\u2019\u00e9conomie, la soci\u00e9t\u00e9 et les analyses politiques. Le site s\u2019adresse \u00e0 un large public francophone et couvre l\u2019information tunisienne en temps r\u00e9el.\",\"email\":\"redac@webdo.tn\",\"legalName\":\"YNJ SARL\",\"foundingDate\":\"2010-09-06\",\"numberOfEmployees\":{\"@type\":\"QuantitativeValue\",\"minValue\":\"11\",\"maxValue\":\"50\"}},{\"@type\":\"Person\",\"@id\":\"https:\\\/\\\/www.webdo.tn\\\/fr\\\/#\\\/schema\\\/person\\\/590cb5f81adcfde6385530fdbdf468e2\",\"name\":\"Ramzi\",\"image\":{\"@type\":\"ImageObject\",\"inLanguage\":\"fr-FR\",\"@id\":\"https:\\\/\\\/secure.gravatar.com\\\/avatar\\\/48df7d18915e10cf866ba8e27604c81ff9243fd52704a1d210c3e387e1cb8d87?s=96&d=mm&r=g\",\"url\":\"https:\\\/\\\/secure.gravatar.com\\\/avatar\\\/48df7d18915e10cf866ba8e27604c81ff9243fd52704a1d210c3e387e1cb8d87?s=96&d=mm&r=g\",\"contentUrl\":\"https:\\\/\\\/secure.gravatar.com\\\/avatar\\\/48df7d18915e10cf866ba8e27604c81ff9243fd52704a1d210c3e387e1cb8d87?s=96&d=mm&r=g\",\"caption\":\"Ramzi\"},\"url\":\"https:\\\/\\\/www.webdo.tn\\\/fr\\\/actualite\\\/author\\\/ramzi\\\/\"}]}<\/script>\n<!-- \/ Yoast SEO Premium plugin. -->","yoast_head_json":{"title":"Twitter : Vente d\u2019articles de presse \u00e0 l\u2019unit\u00e9 \u00e0 partir de juin","description":"A partir du mois prochain, Twitter permettra aux \u00e9diteurs de m\u00e9dias de faire payer les lecteurs, article par article, en un simple clic.","canonical":"https:\/\/www.webdo.tn\/fr\/actualite\/international\/twitter-vente-d-articles-de-presse-a-l-unite-a-partir-de-juin\/205345\/","og_locale":"fr_FR","og_type":"article","og_title":"Twitter : Vente d\u2019articles de presse \u00e0 l\u2019unit\u00e9 \u00e0 partir de juin","og_description":"A partir du mois prochain, Twitter permettra aux \u00e9diteurs de m\u00e9dias de faire payer les lecteurs, article par article, en un simple clic.","og_url":"https:\/\/www.webdo.tn\/fr\/actualite\/international\/twitter-vente-d-articles-de-presse-a-l-unite-a-partir-de-juin\/205345\/","og_site_name":"webdo","article_publisher":"https:\/\/www.facebook.com\/webdotn","article_published_time":"2023-05-02T12:33:00+00:00","article_modified_time":"2025-05-20T22:59:27+00:00","og_image":[{"width":741,"height":395,"url":"https:\/\/www.webdo.tn\/fr\/wp-content\/uploads\/2023\/05\/25e942a1a1b64c338cf621c6b4e00515.jpg","type":"image\/jpeg"}],"author":"Ramzi","twitter_card":"summary_large_image","twitter_creator":"@webdo_tn","twitter_site":"@webdo_tn","twitter_misc":{"\u00c9crit par":"Ramzi","Dur\u00e9e de lecture estim\u00e9e":"1 minute"},"schema":{"@context":"https:\/\/schema.org","@graph":[{"@type":"NewsArticle","@id":"https:\/\/www.webdo.tn\/fr\/actualite\/international\/twitter-vente-d-articles-de-presse-a-l-unite-a-partir-de-juin\/205345\/#article","isPartOf":{"@id":"https:\/\/www.webdo.tn\/fr\/actualite\/international\/twitter-vente-d-articles-de-presse-a-l-unite-a-partir-de-juin\/205345\/"},"author":{"name":"Ramzi","@id":"https:\/\/www.webdo.tn\/fr\/#\/schema\/person\/590cb5f81adcfde6385530fdbdf468e2"},"headline":"Twitter : Vente d\u2019articles de presse \u00e0 l\u2019unit\u00e9 \u00e0 partir de juin","datePublished":"2023-05-02T12:33:00+00:00","dateModified":"2025-05-20T22:59:27+00:00","mainEntityOfPage":{"@id":"https:\/\/www.webdo.tn\/fr\/actualite\/international\/twitter-vente-d-articles-de-presse-a-l-unite-a-partir-de-juin\/205345\/"},"wordCount":185,"commentCount":0,"publisher":{"@id":"https:\/\/www.webdo.tn\/fr\/#organization"},"image":{"@id":"https:\/\/www.webdo.tn\/fr\/actualite\/international\/twitter-vente-d-articles-de-presse-a-l-unite-a-partir-de-juin\/205345\/#primaryimage"},"thumbnailUrl":"https:\/\/www.webdo.tn\/fr\/wp-content\/uploads\/2023\/05\/25e942a1a1b64c338cf621c6b4e00515.jpg","keywords":["Elon Musk","m\u00e9dias","Twitter"],"articleSection":["International"],"inLanguage":"fr-FR"},{"@type":"WebPage","@id":"https:\/\/www.webdo.tn\/fr\/actualite\/international\/twitter-vente-d-articles-de-presse-a-l-unite-a-partir-de-juin\/205345\/","url":"https:\/\/www.webdo.tn\/fr\/actualite\/international\/twitter-vente-d-articles-de-presse-a-l-unite-a-partir-de-juin\/205345\/","name":"Twitter : Vente d\u2019articles de presse \u00e0 l\u2019unit\u00e9 \u00e0 partir de juin","isPartOf":{"@id":"https:\/\/www.webdo.tn\/fr\/#website"},"primaryImageOfPage":{"@id":"https:\/\/www.webdo.tn\/fr\/actualite\/international\/twitter-vente-d-articles-de-presse-a-l-unite-a-partir-de-juin\/205345\/#primaryimage"},"image":{"@id":"https:\/\/www.webdo.tn\/fr\/actualite\/international\/twitter-vente-d-articles-de-presse-a-l-unite-a-partir-de-juin\/205345\/#primaryimage"},"thumbnailUrl":"https:\/\/www.webdo.tn\/fr\/wp-content\/uploads\/2023\/05\/25e942a1a1b64c338cf621c6b4e00515.jpg","datePublished":"2023-05-02T12:33:00+00:00","dateModified":"2025-05-20T22:59:27+00:00","description":"A partir du mois prochain, Twitter permettra aux \u00e9diteurs de m\u00e9dias de faire payer les lecteurs, article par article, en un simple clic.","breadcrumb":{"@id":"https:\/\/www.webdo.tn\/fr\/actualite\/international\/twitter-vente-d-articles-de-presse-a-l-unite-a-partir-de-juin\/205345\/#breadcrumb"},"inLanguage":"fr-FR","potentialAction":[{"@type":"ReadAction","target":["https:\/\/www.webdo.tn\/fr\/actualite\/international\/twitter-vente-d-articles-de-presse-a-l-unite-a-partir-de-juin\/205345\/"]}]},{"@type":"ImageObject","inLanguage":"fr-FR","@id":"https:\/\/www.webdo.tn\/fr\/actualite\/international\/twitter-vente-d-articles-de-presse-a-l-unite-a-partir-de-juin\/205345\/#primaryimage","url":"https:\/\/www.webdo.tn\/fr\/wp-content\/uploads\/2023\/05\/25e942a1a1b64c338cf621c6b4e00515.jpg","contentUrl":"https:\/\/www.webdo.tn\/fr\/wp-content\/uploads\/2023\/05\/25e942a1a1b64c338cf621c6b4e00515.jpg","width":741,"height":395,"caption":"Twitter : Vente d\u2019articles de presse \u00e0 l\u2019unit\u00e9 \u00e0 partir de juin"},{"@type":"BreadcrumbList","@id":"https:\/\/www.webdo.tn\/fr\/actualite\/international\/twitter-vente-d-articles-de-presse-a-l-unite-a-partir-de-juin\/205345\/#breadcrumb","itemListElement":[{"@type":"ListItem","position":1,"name":"Accueil","item":"https:\/\/www.webdo.tn\/fr\/"},{"@type":"ListItem","position":2,"name":"Twitter : Vente d\u2019articles de presse \u00e0 l\u2019unit\u00e9 \u00e0 partir de juin"}]},{"@type":"WebSite","@id":"https:\/\/www.webdo.tn\/fr\/#website","url":"https:\/\/www.webdo.tn\/fr\/","name":"webdo","description":"Tunisie - News en Tunisie et \u00e0 l&#039;international sur Webdo.tn","publisher":{"@id":"https:\/\/www.webdo.tn\/fr\/#organization"},"potentialAction":[{"@type":"SearchAction","target":{"@type":"EntryPoint","urlTemplate":"https:\/\/www.webdo.tn\/fr\/?s={search_term_string}"},"query-input":{"@type":"PropertyValueSpecification","valueRequired":true,"valueName":"search_term_string"}}],"inLanguage":"fr-FR"},{"@type":"Organization","@id":"https:\/\/www.webdo.tn\/fr\/#organization","name":"Webdo","alternateName":"Webdo.tn","url":"https:\/\/www.webdo.tn\/fr\/","logo":{"@type":"ImageObject","inLanguage":"fr-FR","@id":"https:\/\/www.webdo.tn\/fr\/#\/schema\/logo\/image\/","url":"https:\/\/www.webdo.tn\/fr\/wp-content\/uploads\/2025\/06\/Webdo-Tunisie_168377.jpg","contentUrl":"https:\/\/www.webdo.tn\/fr\/wp-content\/uploads\/2025\/06\/Webdo-Tunisie_168377.jpg","width":301,"height":301,"caption":"Webdo"},"image":{"@id":"https:\/\/www.webdo.tn\/fr\/#\/schema\/logo\/image\/"},"sameAs":["https:\/\/www.facebook.com\/webdotn","https:\/\/x.com\/webdo_tn"],"description":"Webdo est un m\u00e9dia num\u00e9rique tunisien fond\u00e9 en 2010, sp\u00e9cialis\u00e9 dans l\u2019actualit\u00e9 nationale et internationale, l\u2019\u00e9conomie, la soci\u00e9t\u00e9 et les analyses politiques. Le site s\u2019adresse \u00e0 un large public francophone et couvre l\u2019information tunisienne en temps r\u00e9el.","email":"redac@webdo.tn","legalName":"YNJ SARL","foundingDate":"2010-09-06","numberOfEmployees":{"@type":"QuantitativeValue","minValue":"11","maxValue":"50"}},{"@type":"Person","@id":"https:\/\/www.webdo.tn\/fr\/#\/schema\/person\/590cb5f81adcfde6385530fdbdf468e2","name":"Ramzi","image":{"@type":"ImageObject","inLanguage":"fr-FR","@id":"https:\/\/secure.gravatar.com\/avatar\/48df7d18915e10cf866ba8e27604c81ff9243fd52704a1d210c3e387e1cb8d87?s=96&d=mm&r=g","url":"https:\/\/secure.gravatar.com\/avatar\/48df7d18915e10cf866ba8e27604c81ff9243fd52704a1d210c3e387e1cb8d87?s=96&d=mm&r=g","contentUrl":"https:\/\/secure.gravatar.com\/avatar\/48df7d18915e10cf866ba8e27604c81ff9243fd52704a1d210c3e387e1cb8d87?s=96&d=mm&r=g","caption":"Ramzi"},"url":"https:\/\/www.webdo.tn\/fr\/actualite\/author\/ramzi\/"}]}},"_links":{"self":[{"href":"https:\/\/www.webdo.tn\/fr\/wp-json\/wp\/v2\/posts\/205345","targetHints":{"allow":["GET"]}}],"collection":[{"href":"https:\/\/www.webdo.tn\/fr\/wp-json\/wp\/v2\/posts"}],"about":[{"href":"https:\/\/www.webdo.tn\/fr\/wp-json\/wp\/v2\/types\/post"}],"author":[{"embeddable":true,"href":"https:\/\/www.webdo.tn\/fr\/wp-json\/wp\/v2\/users\/3188"}],"replies":[{"embeddable":true,"href":"https:\/\/www.webdo.tn\/fr\/wp-json\/wp\/v2\/comments?post=205345"}],"version-history":[{"count":0,"href":"https:\/\/www.webdo.tn\/fr\/wp-json\/wp\/v2\/posts\/205345\/revisions"}],"wp:featuredmedia":[{"embeddable":true,"href":"https:\/\/www.webdo.tn\/fr\/wp-json\/wp\/v2\/media\/278158"}],"wp:attachment":[{"href":"https:\/\/www.webdo.tn\/fr\/wp-json\/wp\/v2\/media?parent=205345"}],"wp:term":[{"taxonomy":"category","embeddable":true,"href":"https:\/\/www.webdo.tn\/fr\/wp-json\/wp\/v2\/categories?post=205345"},{"taxonomy":"post_tag","embeddable":true,"href":"https:\/\/www.webdo.tn\/fr\/wp-json\/wp\/v2\/tags?post=205345"}],"curies":[{"name":"wp","href":"https:\/\/api.w.org\/{rel}","templated":true}]}}