{"id":205329,"date":"2023-05-01T21:12:00","date_gmt":"2023-05-01T21:12:00","guid":{"rendered":"https:\/\/www.webdo.tn\/fr\/blog\/les-negociations-avec-le-fmi-se-poursuivent-selon-malek-ezzahi\/205329\/"},"modified":"2023-05-01T21:12:00","modified_gmt":"2023-05-01T21:12:00","slug":"les-negociations-avec-le-fmi-se-poursuivent-selon-malek-ezzahi","status":"publish","type":"post","link":"https:\/\/www.webdo.tn\/fr\/actualite\/national\/les-negociations-avec-le-fmi-se-poursuivent-selon-malek-ezzahi\/205329\/","title":{"rendered":"Les n\u00e9gociations avec le FMI se poursuivent, selon Malek Ezzahi"},"content":{"rendered":"<p>Le ministre des affaires sociales Malek Ezzahi, a indiqu\u00e9 que les n\u00e9gociations avec le Fond mon\u00e9taire international (FMI) se poursuivent, en marge de la c\u00e9r\u00e9monie d&rsquo;hommage aux employ\u00e9s, organis\u00e9e par le minist\u00e8re des affaires sociales \u00e0 l&rsquo;occasion de la f\u00eate du travail, ce lundi 1er mai 2023.<\/p>\n<p>\t\t\t\t\t\t\t\t\tLe ministre a \u00e9galement insist\u00e9 sur le fait que le programme des r\u00e9formes propos\u00e9 dans le cadre de l&rsquo;accord avec le FMI ne se fera pas aux d\u00e9pens de cat\u00e9gories vuln\u00e9rables et \u00e0 revenu limit\u00e9.<\/p>\n<p>Il est \u00e0 rappeler\u00a0que le gouvernement n\u00e9gocie depuis plusieurs mois un accord de cr\u00e9dit avec le FMI d&rsquo;un montant de 1,9 milliard de dollars, en contrepartie de la r\u00e9alisation de plusieurs r\u00e9formes qui ont \u00e9t\u00e9 approuv\u00e9es par le Fond depuis fin 2022. Le dossier de la Tunisie attend toujours d&rsquo;\u00eatre pr\u00e9sent\u00e9 au conseil d&rsquo;administration du FMI.<\/p>\n","protected":false},"excerpt":{"rendered":"<p>Le ministre des affaires sociales Malek Ezzahi, a indiqu\u00e9 que les n\u00e9gociations avec le Fond mon\u00e9taire international (FMI) se poursuivent, en marge de la c\u00e9r\u00e9mon&#8230;<\/p>\n","protected":false},"author":3169,"featured_media":251282,"comment_status":"open","ping_status":"closed","sticky":false,"template":"","format":"standard","meta":{"footnotes":""},"categories":[44],"tags":[4233,7178,2685,3130,2608],"class_list":["post-205329","post","type-post","status-publish","format-standard","has-post-thumbnail","hentry","category-national","tag-fmi","tag-negociations","tag-pret","tag-reformes","tag-tunisie"],"yoast_head":"<!-- This site is optimized with the Yoast SEO Premium plugin v27.5 (Yoast SEO v27.5) - https:\/\/yoast.com\/product\/yoast-seo-premium-wordpress\/ -->\n<title>Les n\u00e9gociations avec le FMI se poursuivent, selon Malek Ezzahi<\/title>\n<meta name=\"description\" content=\"Le ministre des affaires sociales Malek Ezzahi, a indiqu\u00e9 que les n\u00e9gociations avec le Fond mon\u00e9taire international (FMI) se poursuivent, en marge de la c\u00e9r\u00e9mon...\" \/>\n<link rel=\"canonical\" href=\"https:\/\/www.webdo.tn\/fr\/actualite\/national\/les-negociations-avec-le-fmi-se-poursuivent-selon-malek-ezzahi\/205329\/\" \/>\n<meta property=\"og:locale\" content=\"fr_FR\" \/>\n<meta property=\"og:type\" content=\"article\" \/>\n<meta property=\"og:title\" content=\"Les n\u00e9gociations avec le FMI se poursuivent, selon Malek Ezzahi\" \/>\n<meta property=\"og:description\" content=\"Le ministre des affaires sociales Malek Ezzahi, a indiqu\u00e9 que les n\u00e9gociations avec le Fond mon\u00e9taire international (FMI) se poursuivent, en marge de la c\u00e9r\u00e9mon...\" \/>\n<meta property=\"og:url\" content=\"https:\/\/www.webdo.tn\/fr\/actualite\/national\/les-negociations-avec-le-fmi-se-poursuivent-selon-malek-ezzahi\/205329\/\" \/>\n<meta property=\"og:site_name\" content=\"webdo\" \/>\n<meta property=\"article:publisher\" content=\"https:\/\/www.facebook.com\/webdotn\" \/>\n<meta property=\"article:published_time\" content=\"2023-05-01T21:12:00+00:00\" \/>\n<meta property=\"og:image\" content=\"https:\/\/www.webdo.tn\/fr\/wp-content\/uploads\/2023\/05\/0d96209a9b2ea440b43fbd9fcca6374f.jpg\" \/>\n\t<meta property=\"og:image:width\" content=\"750\" \/>\n\t<meta property=\"og:image:height\" content=\"400\" \/>\n\t<meta property=\"og:image:type\" content=\"image\/jpeg\" \/>\n<meta name=\"author\" content=\"Webdo\" \/>\n<meta name=\"twitter:card\" content=\"summary_large_image\" \/>\n<meta name=\"twitter:creator\" content=\"@webdo_tn\" \/>\n<meta name=\"twitter:site\" content=\"@webdo_tn\" \/>\n<meta name=\"twitter:label1\" content=\"\u00c9crit par\" \/>\n\t<meta name=\"twitter:data1\" content=\"Webdo\" \/>\n\t<meta name=\"twitter:label2\" content=\"Dur\u00e9e de lecture estim\u00e9e\" \/>\n\t<meta name=\"twitter:data2\" content=\"1 minute\" \/>\n<script type=\"application\/ld+json\" class=\"yoast-schema-graph\">{\"@context\":\"https:\\\/\\\/schema.org\",\"@graph\":[{\"@type\":\"NewsArticle\",\"@id\":\"https:\\\/\\\/www.webdo.tn\\\/fr\\\/actualite\\\/national\\\/les-negociations-avec-le-fmi-se-poursuivent-selon-malek-ezzahi\\\/205329\\\/#article\",\"isPartOf\":{\"@id\":\"https:\\\/\\\/www.webdo.tn\\\/fr\\\/actualite\\\/national\\\/les-negociations-avec-le-fmi-se-poursuivent-selon-malek-ezzahi\\\/205329\\\/\"},\"author\":{\"name\":\"Webdo\",\"@id\":\"https:\\\/\\\/www.webdo.tn\\\/fr\\\/#\\\/schema\\\/person\\\/1f4e491e0907b413d61089e8eb573acc\"},\"headline\":\"Les n\u00e9gociations avec le FMI se poursuivent, selon Malek Ezzahi\",\"datePublished\":\"2023-05-01T21:12:00+00:00\",\"mainEntityOfPage\":{\"@id\":\"https:\\\/\\\/www.webdo.tn\\\/fr\\\/actualite\\\/national\\\/les-negociations-avec-le-fmi-se-poursuivent-selon-malek-ezzahi\\\/205329\\\/\"},\"wordCount\":168,\"commentCount\":0,\"publisher\":{\"@id\":\"https:\\\/\\\/www.webdo.tn\\\/fr\\\/#organization\"},\"image\":{\"@id\":\"https:\\\/\\\/www.webdo.tn\\\/fr\\\/actualite\\\/national\\\/les-negociations-avec-le-fmi-se-poursuivent-selon-malek-ezzahi\\\/205329\\\/#primaryimage\"},\"thumbnailUrl\":\"https:\\\/\\\/www.webdo.tn\\\/fr\\\/wp-content\\\/uploads\\\/2023\\\/05\\\/0d96209a9b2ea440b43fbd9fcca6374f.jpg\",\"keywords\":[\"FMI\",\"N\u00e9gociations\",\"pr\u00eat\",\"r\u00e9formes\",\"Tunisie\"],\"articleSection\":[\"National\"],\"inLanguage\":\"fr-FR\"},{\"@type\":\"WebPage\",\"@id\":\"https:\\\/\\\/www.webdo.tn\\\/fr\\\/actualite\\\/national\\\/les-negociations-avec-le-fmi-se-poursuivent-selon-malek-ezzahi\\\/205329\\\/\",\"url\":\"https:\\\/\\\/www.webdo.tn\\\/fr\\\/actualite\\\/national\\\/les-negociations-avec-le-fmi-se-poursuivent-selon-malek-ezzahi\\\/205329\\\/\",\"name\":\"Les n\u00e9gociations avec le FMI se poursuivent, selon Malek Ezzahi\",\"isPartOf\":{\"@id\":\"https:\\\/\\\/www.webdo.tn\\\/fr\\\/#website\"},\"primaryImageOfPage\":{\"@id\":\"https:\\\/\\\/www.webdo.tn\\\/fr\\\/actualite\\\/national\\\/les-negociations-avec-le-fmi-se-poursuivent-selon-malek-ezzahi\\\/205329\\\/#primaryimage\"},\"image\":{\"@id\":\"https:\\\/\\\/www.webdo.tn\\\/fr\\\/actualite\\\/national\\\/les-negociations-avec-le-fmi-se-poursuivent-selon-malek-ezzahi\\\/205329\\\/#primaryimage\"},\"thumbnailUrl\":\"https:\\\/\\\/www.webdo.tn\\\/fr\\\/wp-content\\\/uploads\\\/2023\\\/05\\\/0d96209a9b2ea440b43fbd9fcca6374f.jpg\",\"datePublished\":\"2023-05-01T21:12:00+00:00\",\"description\":\"Le ministre des affaires sociales Malek Ezzahi, a indiqu\u00e9 que les n\u00e9gociations avec le Fond mon\u00e9taire international (FMI) se poursuivent, en marge de la c\u00e9r\u00e9mon...\",\"breadcrumb\":{\"@id\":\"https:\\\/\\\/www.webdo.tn\\\/fr\\\/actualite\\\/national\\\/les-negociations-avec-le-fmi-se-poursuivent-selon-malek-ezzahi\\\/205329\\\/#breadcrumb\"},\"inLanguage\":\"fr-FR\",\"potentialAction\":[{\"@type\":\"ReadAction\",\"target\":[\"https:\\\/\\\/www.webdo.tn\\\/fr\\\/actualite\\\/national\\\/les-negociations-avec-le-fmi-se-poursuivent-selon-malek-ezzahi\\\/205329\\\/\"]}]},{\"@type\":\"ImageObject\",\"inLanguage\":\"fr-FR\",\"@id\":\"https:\\\/\\\/www.webdo.tn\\\/fr\\\/actualite\\\/national\\\/les-negociations-avec-le-fmi-se-poursuivent-selon-malek-ezzahi\\\/205329\\\/#primaryimage\",\"url\":\"https:\\\/\\\/www.webdo.tn\\\/fr\\\/wp-content\\\/uploads\\\/2023\\\/05\\\/0d96209a9b2ea440b43fbd9fcca6374f.jpg\",\"contentUrl\":\"https:\\\/\\\/www.webdo.tn\\\/fr\\\/wp-content\\\/uploads\\\/2023\\\/05\\\/0d96209a9b2ea440b43fbd9fcca6374f.jpg\",\"width\":750,\"height\":400,\"caption\":\"Les n\u00e9gociations avec le FMI se poursuivent, selon Malek Ezzahi\"},{\"@type\":\"BreadcrumbList\",\"@id\":\"https:\\\/\\\/www.webdo.tn\\\/fr\\\/actualite\\\/national\\\/les-negociations-avec-le-fmi-se-poursuivent-selon-malek-ezzahi\\\/205329\\\/#breadcrumb\",\"itemListElement\":[{\"@type\":\"ListItem\",\"position\":1,\"name\":\"Accueil\",\"item\":\"https:\\\/\\\/www.webdo.tn\\\/fr\\\/\"},{\"@type\":\"ListItem\",\"position\":2,\"name\":\"Les n\u00e9gociations avec le FMI se poursuivent, selon Malek Ezzahi\"}]},{\"@type\":\"WebSite\",\"@id\":\"https:\\\/\\\/www.webdo.tn\\\/fr\\\/#website\",\"url\":\"https:\\\/\\\/www.webdo.tn\\\/fr\\\/\",\"name\":\"webdo\",\"description\":\"Tunisie - News en Tunisie et \u00e0 l&#039;international sur Webdo.tn\",\"publisher\":{\"@id\":\"https:\\\/\\\/www.webdo.tn\\\/fr\\\/#organization\"},\"potentialAction\":[{\"@type\":\"SearchAction\",\"target\":{\"@type\":\"EntryPoint\",\"urlTemplate\":\"https:\\\/\\\/www.webdo.tn\\\/fr\\\/?s={search_term_string}\"},\"query-input\":{\"@type\":\"PropertyValueSpecification\",\"valueRequired\":true,\"valueName\":\"search_term_string\"}}],\"inLanguage\":\"fr-FR\"},{\"@type\":\"Organization\",\"@id\":\"https:\\\/\\\/www.webdo.tn\\\/fr\\\/#organization\",\"name\":\"Webdo\",\"alternateName\":\"Webdo.tn\",\"url\":\"https:\\\/\\\/www.webdo.tn\\\/fr\\\/\",\"logo\":{\"@type\":\"ImageObject\",\"inLanguage\":\"fr-FR\",\"@id\":\"https:\\\/\\\/www.webdo.tn\\\/fr\\\/#\\\/schema\\\/logo\\\/image\\\/\",\"url\":\"https:\\\/\\\/www.webdo.tn\\\/fr\\\/wp-content\\\/uploads\\\/2025\\\/06\\\/Webdo-Tunisie_168377.jpg\",\"contentUrl\":\"https:\\\/\\\/www.webdo.tn\\\/fr\\\/wp-content\\\/uploads\\\/2025\\\/06\\\/Webdo-Tunisie_168377.jpg\",\"width\":301,\"height\":301,\"caption\":\"Webdo\"},\"image\":{\"@id\":\"https:\\\/\\\/www.webdo.tn\\\/fr\\\/#\\\/schema\\\/logo\\\/image\\\/\"},\"sameAs\":[\"https:\\\/\\\/www.facebook.com\\\/webdotn\",\"https:\\\/\\\/x.com\\\/webdo_tn\"],\"description\":\"Webdo est un m\u00e9dia num\u00e9rique tunisien fond\u00e9 en 2010, sp\u00e9cialis\u00e9 dans l\u2019actualit\u00e9 nationale et internationale, l\u2019\u00e9conomie, la soci\u00e9t\u00e9 et les analyses politiques. Le site s\u2019adresse \u00e0 un large public francophone et couvre l\u2019information tunisienne en temps r\u00e9el.\",\"email\":\"redac@webdo.tn\",\"legalName\":\"YNJ SARL\",\"foundingDate\":\"2010-09-06\",\"numberOfEmployees\":{\"@type\":\"QuantitativeValue\",\"minValue\":\"11\",\"maxValue\":\"50\"}},{\"@type\":\"Person\",\"@id\":\"https:\\\/\\\/www.webdo.tn\\\/fr\\\/#\\\/schema\\\/person\\\/1f4e491e0907b413d61089e8eb573acc\",\"name\":\"Webdo\",\"image\":{\"@type\":\"ImageObject\",\"inLanguage\":\"fr-FR\",\"@id\":\"https:\\\/\\\/secure.gravatar.com\\\/avatar\\\/de97aeec1bb80978a9dbb127e47dfc88aaacb2f3c29aac907d8d3222e3495d49?s=96&d=mm&r=g\",\"url\":\"https:\\\/\\\/secure.gravatar.com\\\/avatar\\\/de97aeec1bb80978a9dbb127e47dfc88aaacb2f3c29aac907d8d3222e3495d49?s=96&d=mm&r=g\",\"contentUrl\":\"https:\\\/\\\/secure.gravatar.com\\\/avatar\\\/de97aeec1bb80978a9dbb127e47dfc88aaacb2f3c29aac907d8d3222e3495d49?s=96&d=mm&r=g\",\"caption\":\"Webdo\"},\"url\":\"https:\\\/\\\/www.webdo.tn\\\/fr\\\/actualite\\\/author\\\/webdo\\\/\"}]}<\/script>\n<!-- \/ Yoast SEO Premium plugin. -->","yoast_head_json":{"title":"Les n\u00e9gociations avec le FMI se poursuivent, selon Malek Ezzahi","description":"Le ministre des affaires sociales Malek Ezzahi, a indiqu\u00e9 que les n\u00e9gociations avec le Fond mon\u00e9taire international (FMI) se poursuivent, en marge de la c\u00e9r\u00e9mon...","canonical":"https:\/\/www.webdo.tn\/fr\/actualite\/national\/les-negociations-avec-le-fmi-se-poursuivent-selon-malek-ezzahi\/205329\/","og_locale":"fr_FR","og_type":"article","og_title":"Les n\u00e9gociations avec le FMI se poursuivent, selon Malek Ezzahi","og_description":"Le ministre des affaires sociales Malek Ezzahi, a indiqu\u00e9 que les n\u00e9gociations avec le Fond mon\u00e9taire international (FMI) se poursuivent, en marge de la c\u00e9r\u00e9mon...","og_url":"https:\/\/www.webdo.tn\/fr\/actualite\/national\/les-negociations-avec-le-fmi-se-poursuivent-selon-malek-ezzahi\/205329\/","og_site_name":"webdo","article_publisher":"https:\/\/www.facebook.com\/webdotn","article_published_time":"2023-05-01T21:12:00+00:00","og_image":[{"width":750,"height":400,"url":"https:\/\/www.webdo.tn\/fr\/wp-content\/uploads\/2023\/05\/0d96209a9b2ea440b43fbd9fcca6374f.jpg","type":"image\/jpeg"}],"author":"Webdo","twitter_card":"summary_large_image","twitter_creator":"@webdo_tn","twitter_site":"@webdo_tn","twitter_misc":{"\u00c9crit par":"Webdo","Dur\u00e9e de lecture estim\u00e9e":"1 minute"},"schema":{"@context":"https:\/\/schema.org","@graph":[{"@type":"NewsArticle","@id":"https:\/\/www.webdo.tn\/fr\/actualite\/national\/les-negociations-avec-le-fmi-se-poursuivent-selon-malek-ezzahi\/205329\/#article","isPartOf":{"@id":"https:\/\/www.webdo.tn\/fr\/actualite\/national\/les-negociations-avec-le-fmi-se-poursuivent-selon-malek-ezzahi\/205329\/"},"author":{"name":"Webdo","@id":"https:\/\/www.webdo.tn\/fr\/#\/schema\/person\/1f4e491e0907b413d61089e8eb573acc"},"headline":"Les n\u00e9gociations avec le FMI se poursuivent, selon Malek Ezzahi","datePublished":"2023-05-01T21:12:00+00:00","mainEntityOfPage":{"@id":"https:\/\/www.webdo.tn\/fr\/actualite\/national\/les-negociations-avec-le-fmi-se-poursuivent-selon-malek-ezzahi\/205329\/"},"wordCount":168,"commentCount":0,"publisher":{"@id":"https:\/\/www.webdo.tn\/fr\/#organization"},"image":{"@id":"https:\/\/www.webdo.tn\/fr\/actualite\/national\/les-negociations-avec-le-fmi-se-poursuivent-selon-malek-ezzahi\/205329\/#primaryimage"},"thumbnailUrl":"https:\/\/www.webdo.tn\/fr\/wp-content\/uploads\/2023\/05\/0d96209a9b2ea440b43fbd9fcca6374f.jpg","keywords":["FMI","N\u00e9gociations","pr\u00eat","r\u00e9formes","Tunisie"],"articleSection":["National"],"inLanguage":"fr-FR"},{"@type":"WebPage","@id":"https:\/\/www.webdo.tn\/fr\/actualite\/national\/les-negociations-avec-le-fmi-se-poursuivent-selon-malek-ezzahi\/205329\/","url":"https:\/\/www.webdo.tn\/fr\/actualite\/national\/les-negociations-avec-le-fmi-se-poursuivent-selon-malek-ezzahi\/205329\/","name":"Les n\u00e9gociations avec le FMI se poursuivent, selon Malek Ezzahi","isPartOf":{"@id":"https:\/\/www.webdo.tn\/fr\/#website"},"primaryImageOfPage":{"@id":"https:\/\/www.webdo.tn\/fr\/actualite\/national\/les-negociations-avec-le-fmi-se-poursuivent-selon-malek-ezzahi\/205329\/#primaryimage"},"image":{"@id":"https:\/\/www.webdo.tn\/fr\/actualite\/national\/les-negociations-avec-le-fmi-se-poursuivent-selon-malek-ezzahi\/205329\/#primaryimage"},"thumbnailUrl":"https:\/\/www.webdo.tn\/fr\/wp-content\/uploads\/2023\/05\/0d96209a9b2ea440b43fbd9fcca6374f.jpg","datePublished":"2023-05-01T21:12:00+00:00","description":"Le ministre des affaires sociales Malek Ezzahi, a indiqu\u00e9 que les n\u00e9gociations avec le Fond mon\u00e9taire international (FMI) se poursuivent, en marge de la c\u00e9r\u00e9mon...","breadcrumb":{"@id":"https:\/\/www.webdo.tn\/fr\/actualite\/national\/les-negociations-avec-le-fmi-se-poursuivent-selon-malek-ezzahi\/205329\/#breadcrumb"},"inLanguage":"fr-FR","potentialAction":[{"@type":"ReadAction","target":["https:\/\/www.webdo.tn\/fr\/actualite\/national\/les-negociations-avec-le-fmi-se-poursuivent-selon-malek-ezzahi\/205329\/"]}]},{"@type":"ImageObject","inLanguage":"fr-FR","@id":"https:\/\/www.webdo.tn\/fr\/actualite\/national\/les-negociations-avec-le-fmi-se-poursuivent-selon-malek-ezzahi\/205329\/#primaryimage","url":"https:\/\/www.webdo.tn\/fr\/wp-content\/uploads\/2023\/05\/0d96209a9b2ea440b43fbd9fcca6374f.jpg","contentUrl":"https:\/\/www.webdo.tn\/fr\/wp-content\/uploads\/2023\/05\/0d96209a9b2ea440b43fbd9fcca6374f.jpg","width":750,"height":400,"caption":"Les n\u00e9gociations avec le FMI se poursuivent, selon Malek Ezzahi"},{"@type":"BreadcrumbList","@id":"https:\/\/www.webdo.tn\/fr\/actualite\/national\/les-negociations-avec-le-fmi-se-poursuivent-selon-malek-ezzahi\/205329\/#breadcrumb","itemListElement":[{"@type":"ListItem","position":1,"name":"Accueil","item":"https:\/\/www.webdo.tn\/fr\/"},{"@type":"ListItem","position":2,"name":"Les n\u00e9gociations avec le FMI se poursuivent, selon Malek Ezzahi"}]},{"@type":"WebSite","@id":"https:\/\/www.webdo.tn\/fr\/#website","url":"https:\/\/www.webdo.tn\/fr\/","name":"webdo","description":"Tunisie - News en Tunisie et \u00e0 l&#039;international sur Webdo.tn","publisher":{"@id":"https:\/\/www.webdo.tn\/fr\/#organization"},"potentialAction":[{"@type":"SearchAction","target":{"@type":"EntryPoint","urlTemplate":"https:\/\/www.webdo.tn\/fr\/?s={search_term_string}"},"query-input":{"@type":"PropertyValueSpecification","valueRequired":true,"valueName":"search_term_string"}}],"inLanguage":"fr-FR"},{"@type":"Organization","@id":"https:\/\/www.webdo.tn\/fr\/#organization","name":"Webdo","alternateName":"Webdo.tn","url":"https:\/\/www.webdo.tn\/fr\/","logo":{"@type":"ImageObject","inLanguage":"fr-FR","@id":"https:\/\/www.webdo.tn\/fr\/#\/schema\/logo\/image\/","url":"https:\/\/www.webdo.tn\/fr\/wp-content\/uploads\/2025\/06\/Webdo-Tunisie_168377.jpg","contentUrl":"https:\/\/www.webdo.tn\/fr\/wp-content\/uploads\/2025\/06\/Webdo-Tunisie_168377.jpg","width":301,"height":301,"caption":"Webdo"},"image":{"@id":"https:\/\/www.webdo.tn\/fr\/#\/schema\/logo\/image\/"},"sameAs":["https:\/\/www.facebook.com\/webdotn","https:\/\/x.com\/webdo_tn"],"description":"Webdo est un m\u00e9dia num\u00e9rique tunisien fond\u00e9 en 2010, sp\u00e9cialis\u00e9 dans l\u2019actualit\u00e9 nationale et internationale, l\u2019\u00e9conomie, la soci\u00e9t\u00e9 et les analyses politiques. Le site s\u2019adresse \u00e0 un large public francophone et couvre l\u2019information tunisienne en temps r\u00e9el.","email":"redac@webdo.tn","legalName":"YNJ SARL","foundingDate":"2010-09-06","numberOfEmployees":{"@type":"QuantitativeValue","minValue":"11","maxValue":"50"}},{"@type":"Person","@id":"https:\/\/www.webdo.tn\/fr\/#\/schema\/person\/1f4e491e0907b413d61089e8eb573acc","name":"Webdo","image":{"@type":"ImageObject","inLanguage":"fr-FR","@id":"https:\/\/secure.gravatar.com\/avatar\/de97aeec1bb80978a9dbb127e47dfc88aaacb2f3c29aac907d8d3222e3495d49?s=96&d=mm&r=g","url":"https:\/\/secure.gravatar.com\/avatar\/de97aeec1bb80978a9dbb127e47dfc88aaacb2f3c29aac907d8d3222e3495d49?s=96&d=mm&r=g","contentUrl":"https:\/\/secure.gravatar.com\/avatar\/de97aeec1bb80978a9dbb127e47dfc88aaacb2f3c29aac907d8d3222e3495d49?s=96&d=mm&r=g","caption":"Webdo"},"url":"https:\/\/www.webdo.tn\/fr\/actualite\/author\/webdo\/"}]}},"_links":{"self":[{"href":"https:\/\/www.webdo.tn\/fr\/wp-json\/wp\/v2\/posts\/205329","targetHints":{"allow":["GET"]}}],"collection":[{"href":"https:\/\/www.webdo.tn\/fr\/wp-json\/wp\/v2\/posts"}],"about":[{"href":"https:\/\/www.webdo.tn\/fr\/wp-json\/wp\/v2\/types\/post"}],"author":[{"embeddable":true,"href":"https:\/\/www.webdo.tn\/fr\/wp-json\/wp\/v2\/users\/3169"}],"replies":[{"embeddable":true,"href":"https:\/\/www.webdo.tn\/fr\/wp-json\/wp\/v2\/comments?post=205329"}],"version-history":[{"count":0,"href":"https:\/\/www.webdo.tn\/fr\/wp-json\/wp\/v2\/posts\/205329\/revisions"}],"wp:featuredmedia":[{"embeddable":true,"href":"https:\/\/www.webdo.tn\/fr\/wp-json\/wp\/v2\/media\/251282"}],"wp:attachment":[{"href":"https:\/\/www.webdo.tn\/fr\/wp-json\/wp\/v2\/media?parent=205329"}],"wp:term":[{"taxonomy":"category","embeddable":true,"href":"https:\/\/www.webdo.tn\/fr\/wp-json\/wp\/v2\/categories?post=205329"},{"taxonomy":"post_tag","embeddable":true,"href":"https:\/\/www.webdo.tn\/fr\/wp-json\/wp\/v2\/tags?post=205329"}],"curies":[{"name":"wp","href":"https:\/\/api.w.org\/{rel}","templated":true}]}}