{"id":205314,"date":"2023-05-01T11:26:00","date_gmt":"2023-05-01T11:26:00","guid":{"rendered":"https:\/\/www.webdo.tn\/fr\/blog\/stade-de-rades-l-homme-a-la-tronconneuse-arrete\/205314\/"},"modified":"2025-05-20T22:43:44","modified_gmt":"2025-05-20T22:43:44","slug":"stade-de-rades-l-homme-a-la-tronconneuse-arrete","status":"publish","type":"post","link":"https:\/\/www.webdo.tn\/fr\/actualite\/sport\/stade-de-rades-l-homme-a-la-tronconneuse-arrete\/205314\/","title":{"rendered":"Stade de Rad\u00e8s : L\u2019homme \u00e0 la tron\u00e7onneuse arr\u00eat\u00e9 !"},"content":{"rendered":"<p>Ses photos ont fait le tour des r\u00e9seaux sociaux et ont choqu\u00e9 tous les Tunisiens. Un supporter sort une tron\u00e7onneuse en plein match au stade de Rad\u00e8s samedi dernier.<\/p>\n<p>Selon Mosa\u00efque FM, le supporter en question a \u00e9t\u00e9 identifi\u00e9 et arr\u00eat\u00e9 par les forces de l\u2019ordre hier. Il serait impliqu\u00e9 dans les actes de violence observ\u00e9s du quart de finale de la Ligue des champions d&rsquo;Afrique entre l&rsquo;Esp\u00e9rance de Tunis et la Jeunesse sportive de Kabylie, samedi soir.\u00a0<\/p>\n<p>En effet, le quart de finale de la Ligue des champions d&rsquo;Afrique entre l&rsquo;Esp\u00e9rance de Tunis et la Jeunesse sportive de Kabylie a \u00e9t\u00e9 interrompu plus d&rsquo;une demi-heure en raison d&rsquo;incidents graves samedi soir. Un incendie s&rsquo;est notamment d\u00e9clar\u00e9 dans un couloir d&rsquo;acc\u00e8s.<\/p>\n<p>Le ministre de l\u2019Int\u00e9rieur Kamel Feki, a ordonn\u00e9, dimanche, l&rsquo;ouverture d&rsquo;une enqu\u00eate suite aux \u00e9v\u00e9nements violents qui ont eu lieu hier au stade de Rad\u00e8s.<\/p>\n","protected":false},"excerpt":{"rendered":"<p>Ses photos ont fait le tour des r\u00e9seaux sociaux et ont choqu\u00e9 tous les Tunisiens. Un supporter sort une tron\u00e7onneuse en plein match au stade de Rad\u00e8s samedi der&#8230;<\/p>\n","protected":false},"author":3175,"featured_media":251277,"comment_status":"open","ping_status":"closed","sticky":false,"template":"","format":"standard","meta":{"footnotes":""},"categories":[2593],"tags":[2622,2754,2608,2827],"class_list":["post-205314","post","type-post","status-publish","format-standard","has-post-thumbnail","hentry","category-sport","tag-football","tag-rades","tag-tunisie","tag-violence"],"yoast_head":"<!-- This site is optimized with the Yoast SEO Premium plugin v27.4 (Yoast SEO v27.5) - https:\/\/yoast.com\/product\/yoast-seo-premium-wordpress\/ -->\n<title>Stade de Rad\u00e8s : L\u2019homme \u00e0 la tron\u00e7onneuse arr\u00eat\u00e9 !<\/title>\n<meta name=\"description\" content=\"Ses photos ont fait le tour des r\u00e9seaux sociaux et ont choqu\u00e9 tous les Tunisiens. Un supporter sort une tron\u00e7onneuse en plein match au stade de Rad\u00e8s samedi der...\" \/>\n<link rel=\"canonical\" href=\"https:\/\/www.webdo.tn\/fr\/actualite\/sport\/stade-de-rades-l-homme-a-la-tronconneuse-arrete\/205314\/\" \/>\n<meta property=\"og:locale\" content=\"fr_FR\" \/>\n<meta property=\"og:type\" content=\"article\" \/>\n<meta property=\"og:title\" content=\"Stade de Rad\u00e8s : L\u2019homme \u00e0 la tron\u00e7onneuse arr\u00eat\u00e9 !\" \/>\n<meta property=\"og:description\" content=\"Ses photos ont fait le tour des r\u00e9seaux sociaux et ont choqu\u00e9 tous les Tunisiens. Un supporter sort une tron\u00e7onneuse en plein match au stade de Rad\u00e8s samedi der...\" \/>\n<meta property=\"og:url\" content=\"https:\/\/www.webdo.tn\/fr\/actualite\/sport\/stade-de-rades-l-homme-a-la-tronconneuse-arrete\/205314\/\" \/>\n<meta property=\"og:site_name\" content=\"webdo\" \/>\n<meta property=\"article:publisher\" content=\"https:\/\/www.facebook.com\/webdotn\" \/>\n<meta property=\"article:published_time\" content=\"2023-05-01T11:26:00+00:00\" \/>\n<meta property=\"article:modified_time\" content=\"2025-05-20T22:43:44+00:00\" \/>\n<meta property=\"og:image\" content=\"https:\/\/www.webdo.tn\/fr\/wp-content\/uploads\/2023\/05\/1805cc14db06a1053bf7e42d62a17642.jpg\" \/>\n\t<meta property=\"og:image:width\" content=\"720\" \/>\n\t<meta property=\"og:image:height\" content=\"384\" \/>\n\t<meta property=\"og:image:type\" content=\"image\/jpeg\" \/>\n<meta name=\"author\" content=\"CL\" \/>\n<meta name=\"twitter:card\" content=\"summary_large_image\" \/>\n<meta name=\"twitter:creator\" content=\"@webdo_tn\" \/>\n<meta name=\"twitter:site\" content=\"@webdo_tn\" \/>\n<meta name=\"twitter:label1\" content=\"\u00c9crit par\" \/>\n\t<meta name=\"twitter:data1\" content=\"CL\" \/>\n\t<meta name=\"twitter:label2\" content=\"Dur\u00e9e de lecture estim\u00e9e\" \/>\n\t<meta name=\"twitter:data2\" content=\"1 minute\" \/>\n<script type=\"application\/ld+json\" class=\"yoast-schema-graph\">{\"@context\":\"https:\\\/\\\/schema.org\",\"@graph\":[{\"@type\":\"NewsArticle\",\"@id\":\"https:\\\/\\\/www.webdo.tn\\\/fr\\\/actualite\\\/sport\\\/stade-de-rades-l-homme-a-la-tronconneuse-arrete\\\/205314\\\/#article\",\"isPartOf\":{\"@id\":\"https:\\\/\\\/www.webdo.tn\\\/fr\\\/actualite\\\/sport\\\/stade-de-rades-l-homme-a-la-tronconneuse-arrete\\\/205314\\\/\"},\"author\":{\"name\":\"CL\",\"@id\":\"https:\\\/\\\/www.webdo.tn\\\/fr\\\/#\\\/schema\\\/person\\\/f35b42a42c5e2511bbd282959d6385cc\"},\"headline\":\"Stade de Rad\u00e8s : L\u2019homme \u00e0 la tron\u00e7onneuse arr\u00eat\u00e9 !\",\"datePublished\":\"2023-05-01T11:26:00+00:00\",\"dateModified\":\"2025-05-20T22:43:44+00:00\",\"mainEntityOfPage\":{\"@id\":\"https:\\\/\\\/www.webdo.tn\\\/fr\\\/actualite\\\/sport\\\/stade-de-rades-l-homme-a-la-tronconneuse-arrete\\\/205314\\\/\"},\"wordCount\":183,\"commentCount\":0,\"publisher\":{\"@id\":\"https:\\\/\\\/www.webdo.tn\\\/fr\\\/#organization\"},\"image\":{\"@id\":\"https:\\\/\\\/www.webdo.tn\\\/fr\\\/actualite\\\/sport\\\/stade-de-rades-l-homme-a-la-tronconneuse-arrete\\\/205314\\\/#primaryimage\"},\"thumbnailUrl\":\"https:\\\/\\\/www.webdo.tn\\\/fr\\\/wp-content\\\/uploads\\\/2023\\\/05\\\/1805cc14db06a1053bf7e42d62a17642.jpg\",\"keywords\":[\"football\",\"Rad\u00e8s\",\"Tunisie\",\"violence\"],\"articleSection\":[\"Sport\"],\"inLanguage\":\"fr-FR\"},{\"@type\":\"WebPage\",\"@id\":\"https:\\\/\\\/www.webdo.tn\\\/fr\\\/actualite\\\/sport\\\/stade-de-rades-l-homme-a-la-tronconneuse-arrete\\\/205314\\\/\",\"url\":\"https:\\\/\\\/www.webdo.tn\\\/fr\\\/actualite\\\/sport\\\/stade-de-rades-l-homme-a-la-tronconneuse-arrete\\\/205314\\\/\",\"name\":\"Stade de Rad\u00e8s : L\u2019homme \u00e0 la tron\u00e7onneuse arr\u00eat\u00e9 !\",\"isPartOf\":{\"@id\":\"https:\\\/\\\/www.webdo.tn\\\/fr\\\/#website\"},\"primaryImageOfPage\":{\"@id\":\"https:\\\/\\\/www.webdo.tn\\\/fr\\\/actualite\\\/sport\\\/stade-de-rades-l-homme-a-la-tronconneuse-arrete\\\/205314\\\/#primaryimage\"},\"image\":{\"@id\":\"https:\\\/\\\/www.webdo.tn\\\/fr\\\/actualite\\\/sport\\\/stade-de-rades-l-homme-a-la-tronconneuse-arrete\\\/205314\\\/#primaryimage\"},\"thumbnailUrl\":\"https:\\\/\\\/www.webdo.tn\\\/fr\\\/wp-content\\\/uploads\\\/2023\\\/05\\\/1805cc14db06a1053bf7e42d62a17642.jpg\",\"datePublished\":\"2023-05-01T11:26:00+00:00\",\"dateModified\":\"2025-05-20T22:43:44+00:00\",\"description\":\"Ses photos ont fait le tour des r\u00e9seaux sociaux et ont choqu\u00e9 tous les Tunisiens. Un supporter sort une tron\u00e7onneuse en plein match au stade de Rad\u00e8s samedi der...\",\"breadcrumb\":{\"@id\":\"https:\\\/\\\/www.webdo.tn\\\/fr\\\/actualite\\\/sport\\\/stade-de-rades-l-homme-a-la-tronconneuse-arrete\\\/205314\\\/#breadcrumb\"},\"inLanguage\":\"fr-FR\",\"potentialAction\":[{\"@type\":\"ReadAction\",\"target\":[\"https:\\\/\\\/www.webdo.tn\\\/fr\\\/actualite\\\/sport\\\/stade-de-rades-l-homme-a-la-tronconneuse-arrete\\\/205314\\\/\"]}]},{\"@type\":\"ImageObject\",\"inLanguage\":\"fr-FR\",\"@id\":\"https:\\\/\\\/www.webdo.tn\\\/fr\\\/actualite\\\/sport\\\/stade-de-rades-l-homme-a-la-tronconneuse-arrete\\\/205314\\\/#primaryimage\",\"url\":\"https:\\\/\\\/www.webdo.tn\\\/fr\\\/wp-content\\\/uploads\\\/2023\\\/05\\\/1805cc14db06a1053bf7e42d62a17642.jpg\",\"contentUrl\":\"https:\\\/\\\/www.webdo.tn\\\/fr\\\/wp-content\\\/uploads\\\/2023\\\/05\\\/1805cc14db06a1053bf7e42d62a17642.jpg\",\"width\":720,\"height\":384,\"caption\":\"Stade de Rad\u00e8s : L\u2019homme \u00e0 la tron\u00e7onneuse arr\u00eat\u00e9 !\"},{\"@type\":\"BreadcrumbList\",\"@id\":\"https:\\\/\\\/www.webdo.tn\\\/fr\\\/actualite\\\/sport\\\/stade-de-rades-l-homme-a-la-tronconneuse-arrete\\\/205314\\\/#breadcrumb\",\"itemListElement\":[{\"@type\":\"ListItem\",\"position\":1,\"name\":\"Accueil\",\"item\":\"https:\\\/\\\/www.webdo.tn\\\/fr\\\/\"},{\"@type\":\"ListItem\",\"position\":2,\"name\":\"Stade de Rad\u00e8s : L\u2019homme \u00e0 la tron\u00e7onneuse arr\u00eat\u00e9 !\"}]},{\"@type\":\"WebSite\",\"@id\":\"https:\\\/\\\/www.webdo.tn\\\/fr\\\/#website\",\"url\":\"https:\\\/\\\/www.webdo.tn\\\/fr\\\/\",\"name\":\"webdo\",\"description\":\"Tunisie - News en Tunisie et \u00e0 l&#039;international sur Webdo.tn\",\"publisher\":{\"@id\":\"https:\\\/\\\/www.webdo.tn\\\/fr\\\/#organization\"},\"potentialAction\":[{\"@type\":\"SearchAction\",\"target\":{\"@type\":\"EntryPoint\",\"urlTemplate\":\"https:\\\/\\\/www.webdo.tn\\\/fr\\\/?s={search_term_string}\"},\"query-input\":{\"@type\":\"PropertyValueSpecification\",\"valueRequired\":true,\"valueName\":\"search_term_string\"}}],\"inLanguage\":\"fr-FR\"},{\"@type\":\"Organization\",\"@id\":\"https:\\\/\\\/www.webdo.tn\\\/fr\\\/#organization\",\"name\":\"Webdo\",\"alternateName\":\"Webdo.tn\",\"url\":\"https:\\\/\\\/www.webdo.tn\\\/fr\\\/\",\"logo\":{\"@type\":\"ImageObject\",\"inLanguage\":\"fr-FR\",\"@id\":\"https:\\\/\\\/www.webdo.tn\\\/fr\\\/#\\\/schema\\\/logo\\\/image\\\/\",\"url\":\"https:\\\/\\\/www.webdo.tn\\\/fr\\\/wp-content\\\/uploads\\\/2025\\\/06\\\/Webdo-Tunisie_168377.jpg\",\"contentUrl\":\"https:\\\/\\\/www.webdo.tn\\\/fr\\\/wp-content\\\/uploads\\\/2025\\\/06\\\/Webdo-Tunisie_168377.jpg\",\"width\":301,\"height\":301,\"caption\":\"Webdo\"},\"image\":{\"@id\":\"https:\\\/\\\/www.webdo.tn\\\/fr\\\/#\\\/schema\\\/logo\\\/image\\\/\"},\"sameAs\":[\"https:\\\/\\\/www.facebook.com\\\/webdotn\",\"https:\\\/\\\/x.com\\\/webdo_tn\"],\"description\":\"Webdo est un m\u00e9dia num\u00e9rique tunisien fond\u00e9 en 2010, sp\u00e9cialis\u00e9 dans l\u2019actualit\u00e9 nationale et internationale, l\u2019\u00e9conomie, la soci\u00e9t\u00e9 et les analyses politiques. Le site s\u2019adresse \u00e0 un large public francophone et couvre l\u2019information tunisienne en temps r\u00e9el.\",\"email\":\"redac@webdo.tn\",\"legalName\":\"YNJ SARL\",\"foundingDate\":\"2010-09-06\",\"numberOfEmployees\":{\"@type\":\"QuantitativeValue\",\"minValue\":\"11\",\"maxValue\":\"50\"}},{\"@type\":\"Person\",\"@id\":\"https:\\\/\\\/www.webdo.tn\\\/fr\\\/#\\\/schema\\\/person\\\/f35b42a42c5e2511bbd282959d6385cc\",\"name\":\"CL\",\"image\":{\"@type\":\"ImageObject\",\"inLanguage\":\"fr-FR\",\"@id\":\"https:\\\/\\\/secure.gravatar.com\\\/avatar\\\/1447a49909b67aa657c488aec6512e1dd6143a480c1ecfee9b5b5cd74eb3b59e?s=96&d=mm&r=g\",\"url\":\"https:\\\/\\\/secure.gravatar.com\\\/avatar\\\/1447a49909b67aa657c488aec6512e1dd6143a480c1ecfee9b5b5cd74eb3b59e?s=96&d=mm&r=g\",\"contentUrl\":\"https:\\\/\\\/secure.gravatar.com\\\/avatar\\\/1447a49909b67aa657c488aec6512e1dd6143a480c1ecfee9b5b5cd74eb3b59e?s=96&d=mm&r=g\",\"caption\":\"CL\"},\"url\":\"https:\\\/\\\/www.webdo.tn\\\/fr\\\/actualite\\\/author\\\/cl\\\/\"}]}<\/script>\n<!-- \/ Yoast SEO Premium plugin. -->","yoast_head_json":{"title":"Stade de Rad\u00e8s : L\u2019homme \u00e0 la tron\u00e7onneuse arr\u00eat\u00e9 !","description":"Ses photos ont fait le tour des r\u00e9seaux sociaux et ont choqu\u00e9 tous les Tunisiens. Un supporter sort une tron\u00e7onneuse en plein match au stade de Rad\u00e8s samedi der...","canonical":"https:\/\/www.webdo.tn\/fr\/actualite\/sport\/stade-de-rades-l-homme-a-la-tronconneuse-arrete\/205314\/","og_locale":"fr_FR","og_type":"article","og_title":"Stade de Rad\u00e8s : L\u2019homme \u00e0 la tron\u00e7onneuse arr\u00eat\u00e9 !","og_description":"Ses photos ont fait le tour des r\u00e9seaux sociaux et ont choqu\u00e9 tous les Tunisiens. Un supporter sort une tron\u00e7onneuse en plein match au stade de Rad\u00e8s samedi der...","og_url":"https:\/\/www.webdo.tn\/fr\/actualite\/sport\/stade-de-rades-l-homme-a-la-tronconneuse-arrete\/205314\/","og_site_name":"webdo","article_publisher":"https:\/\/www.facebook.com\/webdotn","article_published_time":"2023-05-01T11:26:00+00:00","article_modified_time":"2025-05-20T22:43:44+00:00","og_image":[{"width":720,"height":384,"url":"https:\/\/www.webdo.tn\/fr\/wp-content\/uploads\/2023\/05\/1805cc14db06a1053bf7e42d62a17642.jpg","type":"image\/jpeg"}],"author":"CL","twitter_card":"summary_large_image","twitter_creator":"@webdo_tn","twitter_site":"@webdo_tn","twitter_misc":{"\u00c9crit par":"CL","Dur\u00e9e de lecture estim\u00e9e":"1 minute"},"schema":{"@context":"https:\/\/schema.org","@graph":[{"@type":"NewsArticle","@id":"https:\/\/www.webdo.tn\/fr\/actualite\/sport\/stade-de-rades-l-homme-a-la-tronconneuse-arrete\/205314\/#article","isPartOf":{"@id":"https:\/\/www.webdo.tn\/fr\/actualite\/sport\/stade-de-rades-l-homme-a-la-tronconneuse-arrete\/205314\/"},"author":{"name":"CL","@id":"https:\/\/www.webdo.tn\/fr\/#\/schema\/person\/f35b42a42c5e2511bbd282959d6385cc"},"headline":"Stade de Rad\u00e8s : L\u2019homme \u00e0 la tron\u00e7onneuse arr\u00eat\u00e9 !","datePublished":"2023-05-01T11:26:00+00:00","dateModified":"2025-05-20T22:43:44+00:00","mainEntityOfPage":{"@id":"https:\/\/www.webdo.tn\/fr\/actualite\/sport\/stade-de-rades-l-homme-a-la-tronconneuse-arrete\/205314\/"},"wordCount":183,"commentCount":0,"publisher":{"@id":"https:\/\/www.webdo.tn\/fr\/#organization"},"image":{"@id":"https:\/\/www.webdo.tn\/fr\/actualite\/sport\/stade-de-rades-l-homme-a-la-tronconneuse-arrete\/205314\/#primaryimage"},"thumbnailUrl":"https:\/\/www.webdo.tn\/fr\/wp-content\/uploads\/2023\/05\/1805cc14db06a1053bf7e42d62a17642.jpg","keywords":["football","Rad\u00e8s","Tunisie","violence"],"articleSection":["Sport"],"inLanguage":"fr-FR"},{"@type":"WebPage","@id":"https:\/\/www.webdo.tn\/fr\/actualite\/sport\/stade-de-rades-l-homme-a-la-tronconneuse-arrete\/205314\/","url":"https:\/\/www.webdo.tn\/fr\/actualite\/sport\/stade-de-rades-l-homme-a-la-tronconneuse-arrete\/205314\/","name":"Stade de Rad\u00e8s : L\u2019homme \u00e0 la tron\u00e7onneuse arr\u00eat\u00e9 !","isPartOf":{"@id":"https:\/\/www.webdo.tn\/fr\/#website"},"primaryImageOfPage":{"@id":"https:\/\/www.webdo.tn\/fr\/actualite\/sport\/stade-de-rades-l-homme-a-la-tronconneuse-arrete\/205314\/#primaryimage"},"image":{"@id":"https:\/\/www.webdo.tn\/fr\/actualite\/sport\/stade-de-rades-l-homme-a-la-tronconneuse-arrete\/205314\/#primaryimage"},"thumbnailUrl":"https:\/\/www.webdo.tn\/fr\/wp-content\/uploads\/2023\/05\/1805cc14db06a1053bf7e42d62a17642.jpg","datePublished":"2023-05-01T11:26:00+00:00","dateModified":"2025-05-20T22:43:44+00:00","description":"Ses photos ont fait le tour des r\u00e9seaux sociaux et ont choqu\u00e9 tous les Tunisiens. Un supporter sort une tron\u00e7onneuse en plein match au stade de Rad\u00e8s samedi der...","breadcrumb":{"@id":"https:\/\/www.webdo.tn\/fr\/actualite\/sport\/stade-de-rades-l-homme-a-la-tronconneuse-arrete\/205314\/#breadcrumb"},"inLanguage":"fr-FR","potentialAction":[{"@type":"ReadAction","target":["https:\/\/www.webdo.tn\/fr\/actualite\/sport\/stade-de-rades-l-homme-a-la-tronconneuse-arrete\/205314\/"]}]},{"@type":"ImageObject","inLanguage":"fr-FR","@id":"https:\/\/www.webdo.tn\/fr\/actualite\/sport\/stade-de-rades-l-homme-a-la-tronconneuse-arrete\/205314\/#primaryimage","url":"https:\/\/www.webdo.tn\/fr\/wp-content\/uploads\/2023\/05\/1805cc14db06a1053bf7e42d62a17642.jpg","contentUrl":"https:\/\/www.webdo.tn\/fr\/wp-content\/uploads\/2023\/05\/1805cc14db06a1053bf7e42d62a17642.jpg","width":720,"height":384,"caption":"Stade de Rad\u00e8s : L\u2019homme \u00e0 la tron\u00e7onneuse arr\u00eat\u00e9 !"},{"@type":"BreadcrumbList","@id":"https:\/\/www.webdo.tn\/fr\/actualite\/sport\/stade-de-rades-l-homme-a-la-tronconneuse-arrete\/205314\/#breadcrumb","itemListElement":[{"@type":"ListItem","position":1,"name":"Accueil","item":"https:\/\/www.webdo.tn\/fr\/"},{"@type":"ListItem","position":2,"name":"Stade de Rad\u00e8s : L\u2019homme \u00e0 la tron\u00e7onneuse arr\u00eat\u00e9 !"}]},{"@type":"WebSite","@id":"https:\/\/www.webdo.tn\/fr\/#website","url":"https:\/\/www.webdo.tn\/fr\/","name":"webdo","description":"Tunisie - News en Tunisie et \u00e0 l&#039;international sur Webdo.tn","publisher":{"@id":"https:\/\/www.webdo.tn\/fr\/#organization"},"potentialAction":[{"@type":"SearchAction","target":{"@type":"EntryPoint","urlTemplate":"https:\/\/www.webdo.tn\/fr\/?s={search_term_string}"},"query-input":{"@type":"PropertyValueSpecification","valueRequired":true,"valueName":"search_term_string"}}],"inLanguage":"fr-FR"},{"@type":"Organization","@id":"https:\/\/www.webdo.tn\/fr\/#organization","name":"Webdo","alternateName":"Webdo.tn","url":"https:\/\/www.webdo.tn\/fr\/","logo":{"@type":"ImageObject","inLanguage":"fr-FR","@id":"https:\/\/www.webdo.tn\/fr\/#\/schema\/logo\/image\/","url":"https:\/\/www.webdo.tn\/fr\/wp-content\/uploads\/2025\/06\/Webdo-Tunisie_168377.jpg","contentUrl":"https:\/\/www.webdo.tn\/fr\/wp-content\/uploads\/2025\/06\/Webdo-Tunisie_168377.jpg","width":301,"height":301,"caption":"Webdo"},"image":{"@id":"https:\/\/www.webdo.tn\/fr\/#\/schema\/logo\/image\/"},"sameAs":["https:\/\/www.facebook.com\/webdotn","https:\/\/x.com\/webdo_tn"],"description":"Webdo est un m\u00e9dia num\u00e9rique tunisien fond\u00e9 en 2010, sp\u00e9cialis\u00e9 dans l\u2019actualit\u00e9 nationale et internationale, l\u2019\u00e9conomie, la soci\u00e9t\u00e9 et les analyses politiques. Le site s\u2019adresse \u00e0 un large public francophone et couvre l\u2019information tunisienne en temps r\u00e9el.","email":"redac@webdo.tn","legalName":"YNJ SARL","foundingDate":"2010-09-06","numberOfEmployees":{"@type":"QuantitativeValue","minValue":"11","maxValue":"50"}},{"@type":"Person","@id":"https:\/\/www.webdo.tn\/fr\/#\/schema\/person\/f35b42a42c5e2511bbd282959d6385cc","name":"CL","image":{"@type":"ImageObject","inLanguage":"fr-FR","@id":"https:\/\/secure.gravatar.com\/avatar\/1447a49909b67aa657c488aec6512e1dd6143a480c1ecfee9b5b5cd74eb3b59e?s=96&d=mm&r=g","url":"https:\/\/secure.gravatar.com\/avatar\/1447a49909b67aa657c488aec6512e1dd6143a480c1ecfee9b5b5cd74eb3b59e?s=96&d=mm&r=g","contentUrl":"https:\/\/secure.gravatar.com\/avatar\/1447a49909b67aa657c488aec6512e1dd6143a480c1ecfee9b5b5cd74eb3b59e?s=96&d=mm&r=g","caption":"CL"},"url":"https:\/\/www.webdo.tn\/fr\/actualite\/author\/cl\/"}]}},"_links":{"self":[{"href":"https:\/\/www.webdo.tn\/fr\/wp-json\/wp\/v2\/posts\/205314","targetHints":{"allow":["GET"]}}],"collection":[{"href":"https:\/\/www.webdo.tn\/fr\/wp-json\/wp\/v2\/posts"}],"about":[{"href":"https:\/\/www.webdo.tn\/fr\/wp-json\/wp\/v2\/types\/post"}],"author":[{"embeddable":true,"href":"https:\/\/www.webdo.tn\/fr\/wp-json\/wp\/v2\/users\/3175"}],"replies":[{"embeddable":true,"href":"https:\/\/www.webdo.tn\/fr\/wp-json\/wp\/v2\/comments?post=205314"}],"version-history":[{"count":0,"href":"https:\/\/www.webdo.tn\/fr\/wp-json\/wp\/v2\/posts\/205314\/revisions"}],"wp:featuredmedia":[{"embeddable":true,"href":"https:\/\/www.webdo.tn\/fr\/wp-json\/wp\/v2\/media\/251277"}],"wp:attachment":[{"href":"https:\/\/www.webdo.tn\/fr\/wp-json\/wp\/v2\/media?parent=205314"}],"wp:term":[{"taxonomy":"category","embeddable":true,"href":"https:\/\/www.webdo.tn\/fr\/wp-json\/wp\/v2\/categories?post=205314"},{"taxonomy":"post_tag","embeddable":true,"href":"https:\/\/www.webdo.tn\/fr\/wp-json\/wp\/v2\/tags?post=205314"}],"curies":[{"name":"wp","href":"https:\/\/api.w.org\/{rel}","templated":true}]}}