{"id":205312,"date":"2023-05-01T10:56:00","date_gmt":"2023-05-01T10:56:00","guid":{"rendered":"https:\/\/www.webdo.tn\/fr\/blog\/hamma-hammami-nous-sommes-contre-ennahdha-kais-saied-et-abir-moussi\/205312\/"},"modified":"2025-05-20T22:43:45","modified_gmt":"2025-05-20T22:43:45","slug":"hamma-hammami-nous-sommes-contre-ennahdha-kais-saied-et-abir-moussi","status":"publish","type":"post","link":"https:\/\/www.webdo.tn\/fr\/actualite\/national\/hamma-hammami-nous-sommes-contre-ennahdha-kais-saied-et-abir-moussi\/205312\/","title":{"rendered":"Hamma Hammami : \u00ab Nous sommes contre Ennahdha, Kais Saied et Abir Moussi \u00bb"},"content":{"rendered":"<p>Lors de la f\u00eate du travail, le chef du parti des Travailleurs Hamma Hammami n\u2019a pas omis d\u2019adresser ses messages politiques.<\/p>\n<p>S\u2019exprimant au micro de Jawhara FM, il a affirm\u00e9 que la situation en Tunisie est actuellement catastrophique sur tous les plans. Et de mettre en garde contre toute atteinte aux libert\u00e9s et aux droits des Tunisiens.\u00a0<\/p>\n<p>Evoquant la situation politique dans le pays, Hammami a affirm\u00e9 que son parti est contre Ennahdha, Kais Saied et Abir Moussi.\u00a0<\/p>\n<p>\u00ab Kais Saied veut s\u2019emparer de tous les pouvoirs et pourchasser ses opposants \u00bb, a-t-il encore dit.<\/p>\n","protected":false},"excerpt":{"rendered":"<p>Lors de la f\u00eate du travail, le chef du parti des Travailleurs Hamma Hammami n\u2019a pas omis d\u2019adresser ses messages politiques.<\/p>\n","protected":false},"author":3175,"featured_media":251279,"comment_status":"open","ping_status":"closed","sticky":false,"template":"","format":"standard","meta":{"footnotes":""},"categories":[44],"tags":[6188,4029,2608],"class_list":["post-205312","post","type-post","status-publish","format-standard","has-post-thumbnail","hentry","category-national","tag-hamma-hammami","tag-politique","tag-tunisie"],"yoast_head":"<!-- This site is optimized with the Yoast SEO Premium plugin v27.5 (Yoast SEO v27.5) - https:\/\/yoast.com\/product\/yoast-seo-premium-wordpress\/ -->\n<title>Hamma Hammami : \u00ab Nous sommes contre Ennahdha, Kais Saied et Abir Moussi \u00bb<\/title>\n<meta name=\"description\" content=\"Lors de la f\u00eate du travail, le chef du parti des Travailleurs Hamma Hammami n\u2019a pas omis d\u2019adresser ses messages politiques.\" \/>\n<link rel=\"canonical\" href=\"https:\/\/www.webdo.tn\/fr\/actualite\/national\/hamma-hammami-nous-sommes-contre-ennahdha-kais-saied-et-abir-moussi\/205312\/\" \/>\n<meta property=\"og:locale\" content=\"fr_FR\" \/>\n<meta property=\"og:type\" content=\"article\" \/>\n<meta property=\"og:title\" content=\"Hamma Hammami : \u00ab Nous sommes contre Ennahdha, Kais Saied et Abir Moussi \u00bb\" \/>\n<meta property=\"og:description\" content=\"Lors de la f\u00eate du travail, le chef du parti des Travailleurs Hamma Hammami n\u2019a pas omis d\u2019adresser ses messages politiques.\" \/>\n<meta property=\"og:url\" content=\"https:\/\/www.webdo.tn\/fr\/actualite\/national\/hamma-hammami-nous-sommes-contre-ennahdha-kais-saied-et-abir-moussi\/205312\/\" \/>\n<meta property=\"og:site_name\" content=\"webdo\" \/>\n<meta property=\"article:publisher\" content=\"https:\/\/www.facebook.com\/webdotn\" \/>\n<meta property=\"article:published_time\" content=\"2023-05-01T10:56:00+00:00\" \/>\n<meta property=\"article:modified_time\" content=\"2025-05-20T22:43:45+00:00\" \/>\n<meta property=\"og:image\" content=\"https:\/\/www.webdo.tn\/fr\/wp-content\/uploads\/2023\/05\/a421a986f5e5fc47aa2776301b31d074.png\" \/>\n\t<meta property=\"og:image:width\" content=\"750\" \/>\n\t<meta property=\"og:image:height\" content=\"400\" \/>\n\t<meta property=\"og:image:type\" content=\"image\/png\" \/>\n<meta name=\"author\" content=\"CL\" \/>\n<meta name=\"twitter:card\" content=\"summary_large_image\" \/>\n<meta name=\"twitter:creator\" content=\"@webdo_tn\" \/>\n<meta name=\"twitter:site\" content=\"@webdo_tn\" \/>\n<meta name=\"twitter:label1\" content=\"\u00c9crit par\" \/>\n\t<meta name=\"twitter:data1\" content=\"CL\" \/>\n<script type=\"application\/ld+json\" class=\"yoast-schema-graph\">{\"@context\":\"https:\\\/\\\/schema.org\",\"@graph\":[{\"@type\":\"NewsArticle\",\"@id\":\"https:\\\/\\\/www.webdo.tn\\\/fr\\\/actualite\\\/national\\\/hamma-hammami-nous-sommes-contre-ennahdha-kais-saied-et-abir-moussi\\\/205312\\\/#article\",\"isPartOf\":{\"@id\":\"https:\\\/\\\/www.webdo.tn\\\/fr\\\/actualite\\\/national\\\/hamma-hammami-nous-sommes-contre-ennahdha-kais-saied-et-abir-moussi\\\/205312\\\/\"},\"author\":{\"name\":\"CL\",\"@id\":\"https:\\\/\\\/www.webdo.tn\\\/fr\\\/#\\\/schema\\\/person\\\/f35b42a42c5e2511bbd282959d6385cc\"},\"headline\":\"Hamma Hammami : \u00ab Nous sommes contre Ennahdha, Kais Saied et Abir Moussi \u00bb\",\"datePublished\":\"2023-05-01T10:56:00+00:00\",\"dateModified\":\"2025-05-20T22:43:45+00:00\",\"mainEntityOfPage\":{\"@id\":\"https:\\\/\\\/www.webdo.tn\\\/fr\\\/actualite\\\/national\\\/hamma-hammami-nous-sommes-contre-ennahdha-kais-saied-et-abir-moussi\\\/205312\\\/\"},\"wordCount\":110,\"commentCount\":0,\"publisher\":{\"@id\":\"https:\\\/\\\/www.webdo.tn\\\/fr\\\/#organization\"},\"image\":{\"@id\":\"https:\\\/\\\/www.webdo.tn\\\/fr\\\/actualite\\\/national\\\/hamma-hammami-nous-sommes-contre-ennahdha-kais-saied-et-abir-moussi\\\/205312\\\/#primaryimage\"},\"thumbnailUrl\":\"https:\\\/\\\/www.webdo.tn\\\/fr\\\/wp-content\\\/uploads\\\/2023\\\/05\\\/a421a986f5e5fc47aa2776301b31d074.png\",\"keywords\":[\"Hamma Hammami\",\"Politique\",\"Tunisie\"],\"articleSection\":[\"National\"],\"inLanguage\":\"fr-FR\"},{\"@type\":\"WebPage\",\"@id\":\"https:\\\/\\\/www.webdo.tn\\\/fr\\\/actualite\\\/national\\\/hamma-hammami-nous-sommes-contre-ennahdha-kais-saied-et-abir-moussi\\\/205312\\\/\",\"url\":\"https:\\\/\\\/www.webdo.tn\\\/fr\\\/actualite\\\/national\\\/hamma-hammami-nous-sommes-contre-ennahdha-kais-saied-et-abir-moussi\\\/205312\\\/\",\"name\":\"Hamma Hammami : \u00ab Nous sommes contre Ennahdha, Kais Saied et Abir Moussi \u00bb\",\"isPartOf\":{\"@id\":\"https:\\\/\\\/www.webdo.tn\\\/fr\\\/#website\"},\"primaryImageOfPage\":{\"@id\":\"https:\\\/\\\/www.webdo.tn\\\/fr\\\/actualite\\\/national\\\/hamma-hammami-nous-sommes-contre-ennahdha-kais-saied-et-abir-moussi\\\/205312\\\/#primaryimage\"},\"image\":{\"@id\":\"https:\\\/\\\/www.webdo.tn\\\/fr\\\/actualite\\\/national\\\/hamma-hammami-nous-sommes-contre-ennahdha-kais-saied-et-abir-moussi\\\/205312\\\/#primaryimage\"},\"thumbnailUrl\":\"https:\\\/\\\/www.webdo.tn\\\/fr\\\/wp-content\\\/uploads\\\/2023\\\/05\\\/a421a986f5e5fc47aa2776301b31d074.png\",\"datePublished\":\"2023-05-01T10:56:00+00:00\",\"dateModified\":\"2025-05-20T22:43:45+00:00\",\"description\":\"Lors de la f\u00eate du travail, le chef du parti des Travailleurs Hamma Hammami n\u2019a pas omis d\u2019adresser ses messages politiques.\",\"breadcrumb\":{\"@id\":\"https:\\\/\\\/www.webdo.tn\\\/fr\\\/actualite\\\/national\\\/hamma-hammami-nous-sommes-contre-ennahdha-kais-saied-et-abir-moussi\\\/205312\\\/#breadcrumb\"},\"inLanguage\":\"fr-FR\",\"potentialAction\":[{\"@type\":\"ReadAction\",\"target\":[\"https:\\\/\\\/www.webdo.tn\\\/fr\\\/actualite\\\/national\\\/hamma-hammami-nous-sommes-contre-ennahdha-kais-saied-et-abir-moussi\\\/205312\\\/\"]}]},{\"@type\":\"ImageObject\",\"inLanguage\":\"fr-FR\",\"@id\":\"https:\\\/\\\/www.webdo.tn\\\/fr\\\/actualite\\\/national\\\/hamma-hammami-nous-sommes-contre-ennahdha-kais-saied-et-abir-moussi\\\/205312\\\/#primaryimage\",\"url\":\"https:\\\/\\\/www.webdo.tn\\\/fr\\\/wp-content\\\/uploads\\\/2023\\\/05\\\/a421a986f5e5fc47aa2776301b31d074.png\",\"contentUrl\":\"https:\\\/\\\/www.webdo.tn\\\/fr\\\/wp-content\\\/uploads\\\/2023\\\/05\\\/a421a986f5e5fc47aa2776301b31d074.png\",\"width\":750,\"height\":400,\"caption\":\"Hamma Hammami\"},{\"@type\":\"BreadcrumbList\",\"@id\":\"https:\\\/\\\/www.webdo.tn\\\/fr\\\/actualite\\\/national\\\/hamma-hammami-nous-sommes-contre-ennahdha-kais-saied-et-abir-moussi\\\/205312\\\/#breadcrumb\",\"itemListElement\":[{\"@type\":\"ListItem\",\"position\":1,\"name\":\"Accueil\",\"item\":\"https:\\\/\\\/www.webdo.tn\\\/fr\\\/\"},{\"@type\":\"ListItem\",\"position\":2,\"name\":\"Hamma Hammami : \u00ab Nous sommes contre Ennahdha, Kais Saied et Abir Moussi \u00bb\"}]},{\"@type\":\"WebSite\",\"@id\":\"https:\\\/\\\/www.webdo.tn\\\/fr\\\/#website\",\"url\":\"https:\\\/\\\/www.webdo.tn\\\/fr\\\/\",\"name\":\"webdo\",\"description\":\"Tunisie - News en Tunisie et \u00e0 l&#039;international sur Webdo.tn\",\"publisher\":{\"@id\":\"https:\\\/\\\/www.webdo.tn\\\/fr\\\/#organization\"},\"potentialAction\":[{\"@type\":\"SearchAction\",\"target\":{\"@type\":\"EntryPoint\",\"urlTemplate\":\"https:\\\/\\\/www.webdo.tn\\\/fr\\\/?s={search_term_string}\"},\"query-input\":{\"@type\":\"PropertyValueSpecification\",\"valueRequired\":true,\"valueName\":\"search_term_string\"}}],\"inLanguage\":\"fr-FR\"},{\"@type\":\"Organization\",\"@id\":\"https:\\\/\\\/www.webdo.tn\\\/fr\\\/#organization\",\"name\":\"Webdo\",\"alternateName\":\"Webdo.tn\",\"url\":\"https:\\\/\\\/www.webdo.tn\\\/fr\\\/\",\"logo\":{\"@type\":\"ImageObject\",\"inLanguage\":\"fr-FR\",\"@id\":\"https:\\\/\\\/www.webdo.tn\\\/fr\\\/#\\\/schema\\\/logo\\\/image\\\/\",\"url\":\"https:\\\/\\\/www.webdo.tn\\\/fr\\\/wp-content\\\/uploads\\\/2025\\\/06\\\/Webdo-Tunisie_168377.jpg\",\"contentUrl\":\"https:\\\/\\\/www.webdo.tn\\\/fr\\\/wp-content\\\/uploads\\\/2025\\\/06\\\/Webdo-Tunisie_168377.jpg\",\"width\":301,\"height\":301,\"caption\":\"Webdo\"},\"image\":{\"@id\":\"https:\\\/\\\/www.webdo.tn\\\/fr\\\/#\\\/schema\\\/logo\\\/image\\\/\"},\"sameAs\":[\"https:\\\/\\\/www.facebook.com\\\/webdotn\",\"https:\\\/\\\/x.com\\\/webdo_tn\"],\"description\":\"Webdo est un m\u00e9dia num\u00e9rique tunisien fond\u00e9 en 2010, sp\u00e9cialis\u00e9 dans l\u2019actualit\u00e9 nationale et internationale, l\u2019\u00e9conomie, la soci\u00e9t\u00e9 et les analyses politiques. Le site s\u2019adresse \u00e0 un large public francophone et couvre l\u2019information tunisienne en temps r\u00e9el.\",\"email\":\"redac@webdo.tn\",\"legalName\":\"YNJ SARL\",\"foundingDate\":\"2010-09-06\",\"numberOfEmployees\":{\"@type\":\"QuantitativeValue\",\"minValue\":\"11\",\"maxValue\":\"50\"}},{\"@type\":\"Person\",\"@id\":\"https:\\\/\\\/www.webdo.tn\\\/fr\\\/#\\\/schema\\\/person\\\/f35b42a42c5e2511bbd282959d6385cc\",\"name\":\"CL\",\"image\":{\"@type\":\"ImageObject\",\"inLanguage\":\"fr-FR\",\"@id\":\"https:\\\/\\\/secure.gravatar.com\\\/avatar\\\/1447a49909b67aa657c488aec6512e1dd6143a480c1ecfee9b5b5cd74eb3b59e?s=96&d=mm&r=g\",\"url\":\"https:\\\/\\\/secure.gravatar.com\\\/avatar\\\/1447a49909b67aa657c488aec6512e1dd6143a480c1ecfee9b5b5cd74eb3b59e?s=96&d=mm&r=g\",\"contentUrl\":\"https:\\\/\\\/secure.gravatar.com\\\/avatar\\\/1447a49909b67aa657c488aec6512e1dd6143a480c1ecfee9b5b5cd74eb3b59e?s=96&d=mm&r=g\",\"caption\":\"CL\"},\"url\":\"https:\\\/\\\/www.webdo.tn\\\/fr\\\/actualite\\\/author\\\/cl\\\/\"}]}<\/script>\n<!-- \/ Yoast SEO Premium plugin. -->","yoast_head_json":{"title":"Hamma Hammami : \u00ab Nous sommes contre Ennahdha, Kais Saied et Abir Moussi \u00bb","description":"Lors de la f\u00eate du travail, le chef du parti des Travailleurs Hamma Hammami n\u2019a pas omis d\u2019adresser ses messages politiques.","canonical":"https:\/\/www.webdo.tn\/fr\/actualite\/national\/hamma-hammami-nous-sommes-contre-ennahdha-kais-saied-et-abir-moussi\/205312\/","og_locale":"fr_FR","og_type":"article","og_title":"Hamma Hammami : \u00ab Nous sommes contre Ennahdha, Kais Saied et Abir Moussi \u00bb","og_description":"Lors de la f\u00eate du travail, le chef du parti des Travailleurs Hamma Hammami n\u2019a pas omis d\u2019adresser ses messages politiques.","og_url":"https:\/\/www.webdo.tn\/fr\/actualite\/national\/hamma-hammami-nous-sommes-contre-ennahdha-kais-saied-et-abir-moussi\/205312\/","og_site_name":"webdo","article_publisher":"https:\/\/www.facebook.com\/webdotn","article_published_time":"2023-05-01T10:56:00+00:00","article_modified_time":"2025-05-20T22:43:45+00:00","og_image":[{"width":750,"height":400,"url":"https:\/\/www.webdo.tn\/fr\/wp-content\/uploads\/2023\/05\/a421a986f5e5fc47aa2776301b31d074.png","type":"image\/png"}],"author":"CL","twitter_card":"summary_large_image","twitter_creator":"@webdo_tn","twitter_site":"@webdo_tn","twitter_misc":{"\u00c9crit par":"CL"},"schema":{"@context":"https:\/\/schema.org","@graph":[{"@type":"NewsArticle","@id":"https:\/\/www.webdo.tn\/fr\/actualite\/national\/hamma-hammami-nous-sommes-contre-ennahdha-kais-saied-et-abir-moussi\/205312\/#article","isPartOf":{"@id":"https:\/\/www.webdo.tn\/fr\/actualite\/national\/hamma-hammami-nous-sommes-contre-ennahdha-kais-saied-et-abir-moussi\/205312\/"},"author":{"name":"CL","@id":"https:\/\/www.webdo.tn\/fr\/#\/schema\/person\/f35b42a42c5e2511bbd282959d6385cc"},"headline":"Hamma Hammami : \u00ab Nous sommes contre Ennahdha, Kais Saied et Abir Moussi \u00bb","datePublished":"2023-05-01T10:56:00+00:00","dateModified":"2025-05-20T22:43:45+00:00","mainEntityOfPage":{"@id":"https:\/\/www.webdo.tn\/fr\/actualite\/national\/hamma-hammami-nous-sommes-contre-ennahdha-kais-saied-et-abir-moussi\/205312\/"},"wordCount":110,"commentCount":0,"publisher":{"@id":"https:\/\/www.webdo.tn\/fr\/#organization"},"image":{"@id":"https:\/\/www.webdo.tn\/fr\/actualite\/national\/hamma-hammami-nous-sommes-contre-ennahdha-kais-saied-et-abir-moussi\/205312\/#primaryimage"},"thumbnailUrl":"https:\/\/www.webdo.tn\/fr\/wp-content\/uploads\/2023\/05\/a421a986f5e5fc47aa2776301b31d074.png","keywords":["Hamma Hammami","Politique","Tunisie"],"articleSection":["National"],"inLanguage":"fr-FR"},{"@type":"WebPage","@id":"https:\/\/www.webdo.tn\/fr\/actualite\/national\/hamma-hammami-nous-sommes-contre-ennahdha-kais-saied-et-abir-moussi\/205312\/","url":"https:\/\/www.webdo.tn\/fr\/actualite\/national\/hamma-hammami-nous-sommes-contre-ennahdha-kais-saied-et-abir-moussi\/205312\/","name":"Hamma Hammami : \u00ab Nous sommes contre Ennahdha, Kais Saied et Abir Moussi \u00bb","isPartOf":{"@id":"https:\/\/www.webdo.tn\/fr\/#website"},"primaryImageOfPage":{"@id":"https:\/\/www.webdo.tn\/fr\/actualite\/national\/hamma-hammami-nous-sommes-contre-ennahdha-kais-saied-et-abir-moussi\/205312\/#primaryimage"},"image":{"@id":"https:\/\/www.webdo.tn\/fr\/actualite\/national\/hamma-hammami-nous-sommes-contre-ennahdha-kais-saied-et-abir-moussi\/205312\/#primaryimage"},"thumbnailUrl":"https:\/\/www.webdo.tn\/fr\/wp-content\/uploads\/2023\/05\/a421a986f5e5fc47aa2776301b31d074.png","datePublished":"2023-05-01T10:56:00+00:00","dateModified":"2025-05-20T22:43:45+00:00","description":"Lors de la f\u00eate du travail, le chef du parti des Travailleurs Hamma Hammami n\u2019a pas omis d\u2019adresser ses messages politiques.","breadcrumb":{"@id":"https:\/\/www.webdo.tn\/fr\/actualite\/national\/hamma-hammami-nous-sommes-contre-ennahdha-kais-saied-et-abir-moussi\/205312\/#breadcrumb"},"inLanguage":"fr-FR","potentialAction":[{"@type":"ReadAction","target":["https:\/\/www.webdo.tn\/fr\/actualite\/national\/hamma-hammami-nous-sommes-contre-ennahdha-kais-saied-et-abir-moussi\/205312\/"]}]},{"@type":"ImageObject","inLanguage":"fr-FR","@id":"https:\/\/www.webdo.tn\/fr\/actualite\/national\/hamma-hammami-nous-sommes-contre-ennahdha-kais-saied-et-abir-moussi\/205312\/#primaryimage","url":"https:\/\/www.webdo.tn\/fr\/wp-content\/uploads\/2023\/05\/a421a986f5e5fc47aa2776301b31d074.png","contentUrl":"https:\/\/www.webdo.tn\/fr\/wp-content\/uploads\/2023\/05\/a421a986f5e5fc47aa2776301b31d074.png","width":750,"height":400,"caption":"Hamma Hammami"},{"@type":"BreadcrumbList","@id":"https:\/\/www.webdo.tn\/fr\/actualite\/national\/hamma-hammami-nous-sommes-contre-ennahdha-kais-saied-et-abir-moussi\/205312\/#breadcrumb","itemListElement":[{"@type":"ListItem","position":1,"name":"Accueil","item":"https:\/\/www.webdo.tn\/fr\/"},{"@type":"ListItem","position":2,"name":"Hamma Hammami : \u00ab Nous sommes contre Ennahdha, Kais Saied et Abir Moussi \u00bb"}]},{"@type":"WebSite","@id":"https:\/\/www.webdo.tn\/fr\/#website","url":"https:\/\/www.webdo.tn\/fr\/","name":"webdo","description":"Tunisie - News en Tunisie et \u00e0 l&#039;international sur Webdo.tn","publisher":{"@id":"https:\/\/www.webdo.tn\/fr\/#organization"},"potentialAction":[{"@type":"SearchAction","target":{"@type":"EntryPoint","urlTemplate":"https:\/\/www.webdo.tn\/fr\/?s={search_term_string}"},"query-input":{"@type":"PropertyValueSpecification","valueRequired":true,"valueName":"search_term_string"}}],"inLanguage":"fr-FR"},{"@type":"Organization","@id":"https:\/\/www.webdo.tn\/fr\/#organization","name":"Webdo","alternateName":"Webdo.tn","url":"https:\/\/www.webdo.tn\/fr\/","logo":{"@type":"ImageObject","inLanguage":"fr-FR","@id":"https:\/\/www.webdo.tn\/fr\/#\/schema\/logo\/image\/","url":"https:\/\/www.webdo.tn\/fr\/wp-content\/uploads\/2025\/06\/Webdo-Tunisie_168377.jpg","contentUrl":"https:\/\/www.webdo.tn\/fr\/wp-content\/uploads\/2025\/06\/Webdo-Tunisie_168377.jpg","width":301,"height":301,"caption":"Webdo"},"image":{"@id":"https:\/\/www.webdo.tn\/fr\/#\/schema\/logo\/image\/"},"sameAs":["https:\/\/www.facebook.com\/webdotn","https:\/\/x.com\/webdo_tn"],"description":"Webdo est un m\u00e9dia num\u00e9rique tunisien fond\u00e9 en 2010, sp\u00e9cialis\u00e9 dans l\u2019actualit\u00e9 nationale et internationale, l\u2019\u00e9conomie, la soci\u00e9t\u00e9 et les analyses politiques. Le site s\u2019adresse \u00e0 un large public francophone et couvre l\u2019information tunisienne en temps r\u00e9el.","email":"redac@webdo.tn","legalName":"YNJ SARL","foundingDate":"2010-09-06","numberOfEmployees":{"@type":"QuantitativeValue","minValue":"11","maxValue":"50"}},{"@type":"Person","@id":"https:\/\/www.webdo.tn\/fr\/#\/schema\/person\/f35b42a42c5e2511bbd282959d6385cc","name":"CL","image":{"@type":"ImageObject","inLanguage":"fr-FR","@id":"https:\/\/secure.gravatar.com\/avatar\/1447a49909b67aa657c488aec6512e1dd6143a480c1ecfee9b5b5cd74eb3b59e?s=96&d=mm&r=g","url":"https:\/\/secure.gravatar.com\/avatar\/1447a49909b67aa657c488aec6512e1dd6143a480c1ecfee9b5b5cd74eb3b59e?s=96&d=mm&r=g","contentUrl":"https:\/\/secure.gravatar.com\/avatar\/1447a49909b67aa657c488aec6512e1dd6143a480c1ecfee9b5b5cd74eb3b59e?s=96&d=mm&r=g","caption":"CL"},"url":"https:\/\/www.webdo.tn\/fr\/actualite\/author\/cl\/"}]}},"_links":{"self":[{"href":"https:\/\/www.webdo.tn\/fr\/wp-json\/wp\/v2\/posts\/205312","targetHints":{"allow":["GET"]}}],"collection":[{"href":"https:\/\/www.webdo.tn\/fr\/wp-json\/wp\/v2\/posts"}],"about":[{"href":"https:\/\/www.webdo.tn\/fr\/wp-json\/wp\/v2\/types\/post"}],"author":[{"embeddable":true,"href":"https:\/\/www.webdo.tn\/fr\/wp-json\/wp\/v2\/users\/3175"}],"replies":[{"embeddable":true,"href":"https:\/\/www.webdo.tn\/fr\/wp-json\/wp\/v2\/comments?post=205312"}],"version-history":[{"count":0,"href":"https:\/\/www.webdo.tn\/fr\/wp-json\/wp\/v2\/posts\/205312\/revisions"}],"wp:featuredmedia":[{"embeddable":true,"href":"https:\/\/www.webdo.tn\/fr\/wp-json\/wp\/v2\/media\/251279"}],"wp:attachment":[{"href":"https:\/\/www.webdo.tn\/fr\/wp-json\/wp\/v2\/media?parent=205312"}],"wp:term":[{"taxonomy":"category","embeddable":true,"href":"https:\/\/www.webdo.tn\/fr\/wp-json\/wp\/v2\/categories?post=205312"},{"taxonomy":"post_tag","embeddable":true,"href":"https:\/\/www.webdo.tn\/fr\/wp-json\/wp\/v2\/tags?post=205312"}],"curies":[{"name":"wp","href":"https:\/\/api.w.org\/{rel}","templated":true}]}}