{"id":205310,"date":"2023-05-01T09:53:00","date_gmt":"2023-05-01T09:53:00","guid":{"rendered":"https:\/\/www.webdo.tn\/fr\/blog\/tunisie-migration-clandestine-73-subsahariens-sauves\/205310\/"},"modified":"2025-05-20T22:43:44","modified_gmt":"2025-05-20T22:43:44","slug":"tunisie-migration-clandestine-73-subsahariens-sauves","status":"publish","type":"post","link":"https:\/\/www.webdo.tn\/fr\/actualite\/national\/tunisie-migration-clandestine-73-subsahariens-sauves\/205310\/","title":{"rendered":"Tunisie &#8211; Migration clandestine : 73 Subsahariens sauv\u00e9s"},"content":{"rendered":"<p>Les unit\u00e9s flottantes relevant de la garde maritime du centre (Mahdia et Sfax), ont r\u00e9ussi, dans la nuit du 29 au 30 avril, \u00e0 d\u00e9jouer deux op\u00e9rations de franchissement ill\u00e9gal des fronti\u00e8res maritimes et ont secouru 73 subsahariens apr\u00e8s le naufrage de leurs embarcations en mer, selon ce qui a \u00e9t\u00e9 rapport\u00e9 par la page officielle du porte-parole de la Direction g\u00e9n\u00e9rale de la Garde nationale.<\/p>\n<p>\t\t\t\t\t\t\t\t\tLe Samedi, 29 avril 2023, une patrouille relevant de la Garde maritime \u00e0 Sidi Youssef Kerkennah a arr\u00eat\u00e9 l&rsquo;organisateur des op\u00e9rations de franchissement ill\u00e9gal des fronti\u00e8res, recherch\u00e9 par les unit\u00e9s de s\u00e9curit\u00e9 et diverses structures judiciaires pour formation d\u2019une \u00ab\u00a0entente\u00a0\u00bb pour la migration irr\u00e9guli\u00e8re. A cet effet, le minist\u00e8re public a autoris\u00e9 la prise des mesures n\u00e9cessaires \u00e0 son encontre.<\/p>\n","protected":false},"excerpt":{"rendered":"<p>Les unit\u00e9s flottantes relevant de la garde maritime du centre (Mahdia et Sfax), ont r\u00e9ussi, dans la nuit du 29 au 30 avril, \u00e0 d\u00e9jouer deux op\u00e9rations de franchi&#8230;<\/p>\n","protected":false},"author":3175,"featured_media":251276,"comment_status":"open","ping_status":"closed","sticky":false,"template":"","format":"standard","meta":{"footnotes":""},"categories":[44],"tags":[2615,2608],"class_list":["post-205310","post","type-post","status-publish","format-standard","has-post-thumbnail","hentry","category-national","tag-migration","tag-tunisie"],"yoast_head":"<!-- This site is optimized with the Yoast SEO Premium plugin v27.4 (Yoast SEO v27.4) - https:\/\/yoast.com\/product\/yoast-seo-premium-wordpress\/ -->\n<title>Tunisie - Migration clandestine : 73 Subsahariens sauv\u00e9s<\/title>\n<meta name=\"description\" content=\"Les unit\u00e9s flottantes relevant de la garde maritime du centre (Mahdia et Sfax), ont r\u00e9ussi, dans la nuit du 29 au 30 avril, \u00e0 d\u00e9jouer deux op\u00e9rations de franchi...\" \/>\n<link rel=\"canonical\" href=\"https:\/\/www.webdo.tn\/fr\/actualite\/national\/tunisie-migration-clandestine-73-subsahariens-sauves\/205310\/\" \/>\n<meta property=\"og:locale\" content=\"fr_FR\" \/>\n<meta property=\"og:type\" content=\"article\" \/>\n<meta property=\"og:title\" content=\"Tunisie - Migration clandestine : 73 Subsahariens sauv\u00e9s\" \/>\n<meta property=\"og:description\" content=\"Les unit\u00e9s flottantes relevant de la garde maritime du centre (Mahdia et Sfax), ont r\u00e9ussi, dans la nuit du 29 au 30 avril, \u00e0 d\u00e9jouer deux op\u00e9rations de franchi...\" \/>\n<meta property=\"og:url\" content=\"https:\/\/www.webdo.tn\/fr\/actualite\/national\/tunisie-migration-clandestine-73-subsahariens-sauves\/205310\/\" \/>\n<meta property=\"og:site_name\" content=\"webdo\" \/>\n<meta property=\"article:publisher\" content=\"https:\/\/www.facebook.com\/webdotn\" \/>\n<meta property=\"article:published_time\" content=\"2023-05-01T09:53:00+00:00\" \/>\n<meta property=\"article:modified_time\" content=\"2025-05-20T22:43:44+00:00\" \/>\n<meta property=\"og:image\" content=\"https:\/\/www.webdo.tn\/fr\/wp-content\/uploads\/2023\/05\/f7b0f5ecf8dbb59c6e6bccfa32fc9c24.png\" \/>\n\t<meta property=\"og:image:width\" content=\"750\" \/>\n\t<meta property=\"og:image:height\" content=\"400\" \/>\n\t<meta property=\"og:image:type\" content=\"image\/png\" \/>\n<meta name=\"author\" content=\"CL\" \/>\n<meta name=\"twitter:card\" content=\"summary_large_image\" \/>\n<meta name=\"twitter:creator\" content=\"@webdo_tn\" \/>\n<meta name=\"twitter:site\" content=\"@webdo_tn\" \/>\n<meta name=\"twitter:label1\" content=\"\u00c9crit par\" \/>\n\t<meta name=\"twitter:data1\" content=\"CL\" \/>\n\t<meta name=\"twitter:label2\" content=\"Dur\u00e9e de lecture estim\u00e9e\" \/>\n\t<meta name=\"twitter:data2\" content=\"1 minute\" \/>\n<script type=\"application\/ld+json\" class=\"yoast-schema-graph\">{\"@context\":\"https:\\\/\\\/schema.org\",\"@graph\":[{\"@type\":\"NewsArticle\",\"@id\":\"https:\\\/\\\/www.webdo.tn\\\/fr\\\/actualite\\\/national\\\/tunisie-migration-clandestine-73-subsahariens-sauves\\\/205310\\\/#article\",\"isPartOf\":{\"@id\":\"https:\\\/\\\/www.webdo.tn\\\/fr\\\/actualite\\\/national\\\/tunisie-migration-clandestine-73-subsahariens-sauves\\\/205310\\\/\"},\"author\":{\"name\":\"CL\",\"@id\":\"https:\\\/\\\/www.webdo.tn\\\/fr\\\/#\\\/schema\\\/person\\\/f35b42a42c5e2511bbd282959d6385cc\"},\"headline\":\"Tunisie &#8211; Migration clandestine : 73 Subsahariens sauv\u00e9s\",\"datePublished\":\"2023-05-01T09:53:00+00:00\",\"dateModified\":\"2025-05-20T22:43:44+00:00\",\"mainEntityOfPage\":{\"@id\":\"https:\\\/\\\/www.webdo.tn\\\/fr\\\/actualite\\\/national\\\/tunisie-migration-clandestine-73-subsahariens-sauves\\\/205310\\\/\"},\"wordCount\":146,\"commentCount\":0,\"publisher\":{\"@id\":\"https:\\\/\\\/www.webdo.tn\\\/fr\\\/#organization\"},\"image\":{\"@id\":\"https:\\\/\\\/www.webdo.tn\\\/fr\\\/actualite\\\/national\\\/tunisie-migration-clandestine-73-subsahariens-sauves\\\/205310\\\/#primaryimage\"},\"thumbnailUrl\":\"https:\\\/\\\/www.webdo.tn\\\/fr\\\/wp-content\\\/uploads\\\/2023\\\/05\\\/f7b0f5ecf8dbb59c6e6bccfa32fc9c24.png\",\"keywords\":[\"Migration\",\"Tunisie\"],\"articleSection\":[\"National\"],\"inLanguage\":\"fr-FR\"},{\"@type\":\"WebPage\",\"@id\":\"https:\\\/\\\/www.webdo.tn\\\/fr\\\/actualite\\\/national\\\/tunisie-migration-clandestine-73-subsahariens-sauves\\\/205310\\\/\",\"url\":\"https:\\\/\\\/www.webdo.tn\\\/fr\\\/actualite\\\/national\\\/tunisie-migration-clandestine-73-subsahariens-sauves\\\/205310\\\/\",\"name\":\"Tunisie - Migration clandestine : 73 Subsahariens sauv\u00e9s\",\"isPartOf\":{\"@id\":\"https:\\\/\\\/www.webdo.tn\\\/fr\\\/#website\"},\"primaryImageOfPage\":{\"@id\":\"https:\\\/\\\/www.webdo.tn\\\/fr\\\/actualite\\\/national\\\/tunisie-migration-clandestine-73-subsahariens-sauves\\\/205310\\\/#primaryimage\"},\"image\":{\"@id\":\"https:\\\/\\\/www.webdo.tn\\\/fr\\\/actualite\\\/national\\\/tunisie-migration-clandestine-73-subsahariens-sauves\\\/205310\\\/#primaryimage\"},\"thumbnailUrl\":\"https:\\\/\\\/www.webdo.tn\\\/fr\\\/wp-content\\\/uploads\\\/2023\\\/05\\\/f7b0f5ecf8dbb59c6e6bccfa32fc9c24.png\",\"datePublished\":\"2023-05-01T09:53:00+00:00\",\"dateModified\":\"2025-05-20T22:43:44+00:00\",\"description\":\"Les unit\u00e9s flottantes relevant de la garde maritime du centre (Mahdia et Sfax), ont r\u00e9ussi, dans la nuit du 29 au 30 avril, \u00e0 d\u00e9jouer deux op\u00e9rations de franchi...\",\"breadcrumb\":{\"@id\":\"https:\\\/\\\/www.webdo.tn\\\/fr\\\/actualite\\\/national\\\/tunisie-migration-clandestine-73-subsahariens-sauves\\\/205310\\\/#breadcrumb\"},\"inLanguage\":\"fr-FR\",\"potentialAction\":[{\"@type\":\"ReadAction\",\"target\":[\"https:\\\/\\\/www.webdo.tn\\\/fr\\\/actualite\\\/national\\\/tunisie-migration-clandestine-73-subsahariens-sauves\\\/205310\\\/\"]}]},{\"@type\":\"ImageObject\",\"inLanguage\":\"fr-FR\",\"@id\":\"https:\\\/\\\/www.webdo.tn\\\/fr\\\/actualite\\\/national\\\/tunisie-migration-clandestine-73-subsahariens-sauves\\\/205310\\\/#primaryimage\",\"url\":\"https:\\\/\\\/www.webdo.tn\\\/fr\\\/wp-content\\\/uploads\\\/2023\\\/05\\\/f7b0f5ecf8dbb59c6e6bccfa32fc9c24.png\",\"contentUrl\":\"https:\\\/\\\/www.webdo.tn\\\/fr\\\/wp-content\\\/uploads\\\/2023\\\/05\\\/f7b0f5ecf8dbb59c6e6bccfa32fc9c24.png\",\"width\":750,\"height\":400,\"caption\":\"Migration cl\"},{\"@type\":\"BreadcrumbList\",\"@id\":\"https:\\\/\\\/www.webdo.tn\\\/fr\\\/actualite\\\/national\\\/tunisie-migration-clandestine-73-subsahariens-sauves\\\/205310\\\/#breadcrumb\",\"itemListElement\":[{\"@type\":\"ListItem\",\"position\":1,\"name\":\"Accueil\",\"item\":\"https:\\\/\\\/www.webdo.tn\\\/fr\\\/\"},{\"@type\":\"ListItem\",\"position\":2,\"name\":\"Tunisie &#8211; Migration clandestine : 73 Subsahariens sauv\u00e9s\"}]},{\"@type\":\"WebSite\",\"@id\":\"https:\\\/\\\/www.webdo.tn\\\/fr\\\/#website\",\"url\":\"https:\\\/\\\/www.webdo.tn\\\/fr\\\/\",\"name\":\"webdo\",\"description\":\"Tunisie - News en Tunisie et \u00e0 l&#039;international sur Webdo.tn\",\"publisher\":{\"@id\":\"https:\\\/\\\/www.webdo.tn\\\/fr\\\/#organization\"},\"potentialAction\":[{\"@type\":\"SearchAction\",\"target\":{\"@type\":\"EntryPoint\",\"urlTemplate\":\"https:\\\/\\\/www.webdo.tn\\\/fr\\\/?s={search_term_string}\"},\"query-input\":{\"@type\":\"PropertyValueSpecification\",\"valueRequired\":true,\"valueName\":\"search_term_string\"}}],\"inLanguage\":\"fr-FR\"},{\"@type\":\"Organization\",\"@id\":\"https:\\\/\\\/www.webdo.tn\\\/fr\\\/#organization\",\"name\":\"Webdo\",\"alternateName\":\"Webdo.tn\",\"url\":\"https:\\\/\\\/www.webdo.tn\\\/fr\\\/\",\"logo\":{\"@type\":\"ImageObject\",\"inLanguage\":\"fr-FR\",\"@id\":\"https:\\\/\\\/www.webdo.tn\\\/fr\\\/#\\\/schema\\\/logo\\\/image\\\/\",\"url\":\"https:\\\/\\\/www.webdo.tn\\\/fr\\\/wp-content\\\/uploads\\\/2025\\\/06\\\/Webdo-Tunisie_168377.jpg\",\"contentUrl\":\"https:\\\/\\\/www.webdo.tn\\\/fr\\\/wp-content\\\/uploads\\\/2025\\\/06\\\/Webdo-Tunisie_168377.jpg\",\"width\":301,\"height\":301,\"caption\":\"Webdo\"},\"image\":{\"@id\":\"https:\\\/\\\/www.webdo.tn\\\/fr\\\/#\\\/schema\\\/logo\\\/image\\\/\"},\"sameAs\":[\"https:\\\/\\\/www.facebook.com\\\/webdotn\",\"https:\\\/\\\/x.com\\\/webdo_tn\"],\"description\":\"Webdo est un m\u00e9dia num\u00e9rique tunisien fond\u00e9 en 2010, sp\u00e9cialis\u00e9 dans l\u2019actualit\u00e9 nationale et internationale, l\u2019\u00e9conomie, la soci\u00e9t\u00e9 et les analyses politiques. Le site s\u2019adresse \u00e0 un large public francophone et couvre l\u2019information tunisienne en temps r\u00e9el.\",\"email\":\"redac@webdo.tn\",\"legalName\":\"YNJ SARL\",\"foundingDate\":\"2010-09-06\",\"numberOfEmployees\":{\"@type\":\"QuantitativeValue\",\"minValue\":\"11\",\"maxValue\":\"50\"}},{\"@type\":\"Person\",\"@id\":\"https:\\\/\\\/www.webdo.tn\\\/fr\\\/#\\\/schema\\\/person\\\/f35b42a42c5e2511bbd282959d6385cc\",\"name\":\"CL\",\"image\":{\"@type\":\"ImageObject\",\"inLanguage\":\"fr-FR\",\"@id\":\"https:\\\/\\\/secure.gravatar.com\\\/avatar\\\/1447a49909b67aa657c488aec6512e1dd6143a480c1ecfee9b5b5cd74eb3b59e?s=96&d=mm&r=g\",\"url\":\"https:\\\/\\\/secure.gravatar.com\\\/avatar\\\/1447a49909b67aa657c488aec6512e1dd6143a480c1ecfee9b5b5cd74eb3b59e?s=96&d=mm&r=g\",\"contentUrl\":\"https:\\\/\\\/secure.gravatar.com\\\/avatar\\\/1447a49909b67aa657c488aec6512e1dd6143a480c1ecfee9b5b5cd74eb3b59e?s=96&d=mm&r=g\",\"caption\":\"CL\"},\"url\":\"https:\\\/\\\/www.webdo.tn\\\/fr\\\/actualite\\\/author\\\/cl\\\/\"}]}<\/script>\n<!-- \/ Yoast SEO Premium plugin. -->","yoast_head_json":{"title":"Tunisie - Migration clandestine : 73 Subsahariens sauv\u00e9s","description":"Les unit\u00e9s flottantes relevant de la garde maritime du centre (Mahdia et Sfax), ont r\u00e9ussi, dans la nuit du 29 au 30 avril, \u00e0 d\u00e9jouer deux op\u00e9rations de franchi...","canonical":"https:\/\/www.webdo.tn\/fr\/actualite\/national\/tunisie-migration-clandestine-73-subsahariens-sauves\/205310\/","og_locale":"fr_FR","og_type":"article","og_title":"Tunisie - Migration clandestine : 73 Subsahariens sauv\u00e9s","og_description":"Les unit\u00e9s flottantes relevant de la garde maritime du centre (Mahdia et Sfax), ont r\u00e9ussi, dans la nuit du 29 au 30 avril, \u00e0 d\u00e9jouer deux op\u00e9rations de franchi...","og_url":"https:\/\/www.webdo.tn\/fr\/actualite\/national\/tunisie-migration-clandestine-73-subsahariens-sauves\/205310\/","og_site_name":"webdo","article_publisher":"https:\/\/www.facebook.com\/webdotn","article_published_time":"2023-05-01T09:53:00+00:00","article_modified_time":"2025-05-20T22:43:44+00:00","og_image":[{"width":750,"height":400,"url":"https:\/\/www.webdo.tn\/fr\/wp-content\/uploads\/2023\/05\/f7b0f5ecf8dbb59c6e6bccfa32fc9c24.png","type":"image\/png"}],"author":"CL","twitter_card":"summary_large_image","twitter_creator":"@webdo_tn","twitter_site":"@webdo_tn","twitter_misc":{"\u00c9crit par":"CL","Dur\u00e9e de lecture estim\u00e9e":"1 minute"},"schema":{"@context":"https:\/\/schema.org","@graph":[{"@type":"NewsArticle","@id":"https:\/\/www.webdo.tn\/fr\/actualite\/national\/tunisie-migration-clandestine-73-subsahariens-sauves\/205310\/#article","isPartOf":{"@id":"https:\/\/www.webdo.tn\/fr\/actualite\/national\/tunisie-migration-clandestine-73-subsahariens-sauves\/205310\/"},"author":{"name":"CL","@id":"https:\/\/www.webdo.tn\/fr\/#\/schema\/person\/f35b42a42c5e2511bbd282959d6385cc"},"headline":"Tunisie &#8211; Migration clandestine : 73 Subsahariens sauv\u00e9s","datePublished":"2023-05-01T09:53:00+00:00","dateModified":"2025-05-20T22:43:44+00:00","mainEntityOfPage":{"@id":"https:\/\/www.webdo.tn\/fr\/actualite\/national\/tunisie-migration-clandestine-73-subsahariens-sauves\/205310\/"},"wordCount":146,"commentCount":0,"publisher":{"@id":"https:\/\/www.webdo.tn\/fr\/#organization"},"image":{"@id":"https:\/\/www.webdo.tn\/fr\/actualite\/national\/tunisie-migration-clandestine-73-subsahariens-sauves\/205310\/#primaryimage"},"thumbnailUrl":"https:\/\/www.webdo.tn\/fr\/wp-content\/uploads\/2023\/05\/f7b0f5ecf8dbb59c6e6bccfa32fc9c24.png","keywords":["Migration","Tunisie"],"articleSection":["National"],"inLanguage":"fr-FR"},{"@type":"WebPage","@id":"https:\/\/www.webdo.tn\/fr\/actualite\/national\/tunisie-migration-clandestine-73-subsahariens-sauves\/205310\/","url":"https:\/\/www.webdo.tn\/fr\/actualite\/national\/tunisie-migration-clandestine-73-subsahariens-sauves\/205310\/","name":"Tunisie - Migration clandestine : 73 Subsahariens sauv\u00e9s","isPartOf":{"@id":"https:\/\/www.webdo.tn\/fr\/#website"},"primaryImageOfPage":{"@id":"https:\/\/www.webdo.tn\/fr\/actualite\/national\/tunisie-migration-clandestine-73-subsahariens-sauves\/205310\/#primaryimage"},"image":{"@id":"https:\/\/www.webdo.tn\/fr\/actualite\/national\/tunisie-migration-clandestine-73-subsahariens-sauves\/205310\/#primaryimage"},"thumbnailUrl":"https:\/\/www.webdo.tn\/fr\/wp-content\/uploads\/2023\/05\/f7b0f5ecf8dbb59c6e6bccfa32fc9c24.png","datePublished":"2023-05-01T09:53:00+00:00","dateModified":"2025-05-20T22:43:44+00:00","description":"Les unit\u00e9s flottantes relevant de la garde maritime du centre (Mahdia et Sfax), ont r\u00e9ussi, dans la nuit du 29 au 30 avril, \u00e0 d\u00e9jouer deux op\u00e9rations de franchi...","breadcrumb":{"@id":"https:\/\/www.webdo.tn\/fr\/actualite\/national\/tunisie-migration-clandestine-73-subsahariens-sauves\/205310\/#breadcrumb"},"inLanguage":"fr-FR","potentialAction":[{"@type":"ReadAction","target":["https:\/\/www.webdo.tn\/fr\/actualite\/national\/tunisie-migration-clandestine-73-subsahariens-sauves\/205310\/"]}]},{"@type":"ImageObject","inLanguage":"fr-FR","@id":"https:\/\/www.webdo.tn\/fr\/actualite\/national\/tunisie-migration-clandestine-73-subsahariens-sauves\/205310\/#primaryimage","url":"https:\/\/www.webdo.tn\/fr\/wp-content\/uploads\/2023\/05\/f7b0f5ecf8dbb59c6e6bccfa32fc9c24.png","contentUrl":"https:\/\/www.webdo.tn\/fr\/wp-content\/uploads\/2023\/05\/f7b0f5ecf8dbb59c6e6bccfa32fc9c24.png","width":750,"height":400,"caption":"Migration cl"},{"@type":"BreadcrumbList","@id":"https:\/\/www.webdo.tn\/fr\/actualite\/national\/tunisie-migration-clandestine-73-subsahariens-sauves\/205310\/#breadcrumb","itemListElement":[{"@type":"ListItem","position":1,"name":"Accueil","item":"https:\/\/www.webdo.tn\/fr\/"},{"@type":"ListItem","position":2,"name":"Tunisie &#8211; Migration clandestine : 73 Subsahariens sauv\u00e9s"}]},{"@type":"WebSite","@id":"https:\/\/www.webdo.tn\/fr\/#website","url":"https:\/\/www.webdo.tn\/fr\/","name":"webdo","description":"Tunisie - News en Tunisie et \u00e0 l&#039;international sur Webdo.tn","publisher":{"@id":"https:\/\/www.webdo.tn\/fr\/#organization"},"potentialAction":[{"@type":"SearchAction","target":{"@type":"EntryPoint","urlTemplate":"https:\/\/www.webdo.tn\/fr\/?s={search_term_string}"},"query-input":{"@type":"PropertyValueSpecification","valueRequired":true,"valueName":"search_term_string"}}],"inLanguage":"fr-FR"},{"@type":"Organization","@id":"https:\/\/www.webdo.tn\/fr\/#organization","name":"Webdo","alternateName":"Webdo.tn","url":"https:\/\/www.webdo.tn\/fr\/","logo":{"@type":"ImageObject","inLanguage":"fr-FR","@id":"https:\/\/www.webdo.tn\/fr\/#\/schema\/logo\/image\/","url":"https:\/\/www.webdo.tn\/fr\/wp-content\/uploads\/2025\/06\/Webdo-Tunisie_168377.jpg","contentUrl":"https:\/\/www.webdo.tn\/fr\/wp-content\/uploads\/2025\/06\/Webdo-Tunisie_168377.jpg","width":301,"height":301,"caption":"Webdo"},"image":{"@id":"https:\/\/www.webdo.tn\/fr\/#\/schema\/logo\/image\/"},"sameAs":["https:\/\/www.facebook.com\/webdotn","https:\/\/x.com\/webdo_tn"],"description":"Webdo est un m\u00e9dia num\u00e9rique tunisien fond\u00e9 en 2010, sp\u00e9cialis\u00e9 dans l\u2019actualit\u00e9 nationale et internationale, l\u2019\u00e9conomie, la soci\u00e9t\u00e9 et les analyses politiques. Le site s\u2019adresse \u00e0 un large public francophone et couvre l\u2019information tunisienne en temps r\u00e9el.","email":"redac@webdo.tn","legalName":"YNJ SARL","foundingDate":"2010-09-06","numberOfEmployees":{"@type":"QuantitativeValue","minValue":"11","maxValue":"50"}},{"@type":"Person","@id":"https:\/\/www.webdo.tn\/fr\/#\/schema\/person\/f35b42a42c5e2511bbd282959d6385cc","name":"CL","image":{"@type":"ImageObject","inLanguage":"fr-FR","@id":"https:\/\/secure.gravatar.com\/avatar\/1447a49909b67aa657c488aec6512e1dd6143a480c1ecfee9b5b5cd74eb3b59e?s=96&d=mm&r=g","url":"https:\/\/secure.gravatar.com\/avatar\/1447a49909b67aa657c488aec6512e1dd6143a480c1ecfee9b5b5cd74eb3b59e?s=96&d=mm&r=g","contentUrl":"https:\/\/secure.gravatar.com\/avatar\/1447a49909b67aa657c488aec6512e1dd6143a480c1ecfee9b5b5cd74eb3b59e?s=96&d=mm&r=g","caption":"CL"},"url":"https:\/\/www.webdo.tn\/fr\/actualite\/author\/cl\/"}]}},"_links":{"self":[{"href":"https:\/\/www.webdo.tn\/fr\/wp-json\/wp\/v2\/posts\/205310","targetHints":{"allow":["GET"]}}],"collection":[{"href":"https:\/\/www.webdo.tn\/fr\/wp-json\/wp\/v2\/posts"}],"about":[{"href":"https:\/\/www.webdo.tn\/fr\/wp-json\/wp\/v2\/types\/post"}],"author":[{"embeddable":true,"href":"https:\/\/www.webdo.tn\/fr\/wp-json\/wp\/v2\/users\/3175"}],"replies":[{"embeddable":true,"href":"https:\/\/www.webdo.tn\/fr\/wp-json\/wp\/v2\/comments?post=205310"}],"version-history":[{"count":0,"href":"https:\/\/www.webdo.tn\/fr\/wp-json\/wp\/v2\/posts\/205310\/revisions"}],"wp:featuredmedia":[{"embeddable":true,"href":"https:\/\/www.webdo.tn\/fr\/wp-json\/wp\/v2\/media\/251276"}],"wp:attachment":[{"href":"https:\/\/www.webdo.tn\/fr\/wp-json\/wp\/v2\/media?parent=205310"}],"wp:term":[{"taxonomy":"category","embeddable":true,"href":"https:\/\/www.webdo.tn\/fr\/wp-json\/wp\/v2\/categories?post=205310"},{"taxonomy":"post_tag","embeddable":true,"href":"https:\/\/www.webdo.tn\/fr\/wp-json\/wp\/v2\/tags?post=205310"}],"curies":[{"name":"wp","href":"https:\/\/api.w.org\/{rel}","templated":true}]}}