{"id":205298,"date":"2023-04-30T15:05:00","date_gmt":"2023-04-30T15:05:00","guid":{"rendered":"https:\/\/www.webdo.tn\/fr\/blog\/66-supporters-sang-et-or-en-garde-a-vue\/205298\/"},"modified":"2025-05-17T21:07:19","modified_gmt":"2025-05-17T21:07:19","slug":"66-supporters-sang-et-or-en-garde-a-vue","status":"publish","type":"post","link":"https:\/\/www.webdo.tn\/fr\/actualite\/sport\/66-supporters-sang-et-or-en-garde-a-vue\/205298\/","title":{"rendered":"66 supporters Sang et Or en garde \u00e0 vue"},"content":{"rendered":"<p>Le Parquet aupr\u00e8s du Tribunal de premi\u00e8re instance de Ben Arous a d\u00e9cider, ce dimanche 30 avril 2023, de placer de 66 supporters Sang et Or en garde \u00e0 vue, suite aux \u00e9v\u00e9nements qui ont \u00e9clat\u00e9, hier soir, au Stade Hamadi Agrebi lors du match de Ligue des champions entre l\u2019EST et la JSK, d&rsquo;apr\u00e8s la radio Mosaique FM.<\/p>\n<p>\t\t\t\t\t\t\t\t\tCes \u00e9v\u00e9nements de violence ont retard\u00e9 le coup d&rsquo;envoi de la deuix\u00e8me mi-temps de pr\u00e8s de 40 minutes.<\/p>\n<p>Selon la radio priv\u00e9e, ces supporters ont \u00e9t\u00e9 arr\u00eat\u00e9es pour le jet de pierres et des violences, tandis six autres ont \u00e9t\u00e9 interpell\u00e9es pour falsification de tickets et d\u00e9tention d\u2019armes blanches et de stup\u00e9fiants.<\/p>\n","protected":false},"excerpt":{"rendered":"<p>Le Parquet aupr\u00e8s du Tribunal de premi\u00e8re instance de Ben Arous a d\u00e9cider, ce dimanche 30 avril 2023, de placer de 66 supporters Sang et Or en garde \u00e0 vue, suit&#8230;<\/p>\n","protected":false},"author":3169,"featured_media":278156,"comment_status":"open","ping_status":"closed","sticky":false,"template":"","format":"standard","meta":{"footnotes":""},"categories":[2593],"tags":[3437,2622,2754,9480,2608,2827],"class_list":["post-205298","post","type-post","status-publish","format-standard","has-post-thumbnail","hentry","category-sport","tag-esperance","tag-football","tag-rades","tag-sang-et-or","tag-tunisie","tag-violence"],"yoast_head":"<!-- This site is optimized with the Yoast SEO Premium plugin v27.4 (Yoast SEO v27.5) - https:\/\/yoast.com\/product\/yoast-seo-premium-wordpress\/ -->\n<title>66 supporters Sang et Or en garde \u00e0 vue<\/title>\n<meta name=\"description\" content=\"Le Parquet aupr\u00e8s du Tribunal de premi\u00e8re instance de Ben Arous a d\u00e9cider, ce dimanche 30 avril 2023, de placer de 66 supporters Sang et Or en garde \u00e0 vue, suit...\" \/>\n<link rel=\"canonical\" href=\"https:\/\/www.webdo.tn\/fr\/actualite\/sport\/66-supporters-sang-et-or-en-garde-a-vue\/205298\/\" \/>\n<meta property=\"og:locale\" content=\"fr_FR\" \/>\n<meta property=\"og:type\" content=\"article\" \/>\n<meta property=\"og:title\" content=\"66 supporters Sang et Or en garde \u00e0 vue\" \/>\n<meta property=\"og:description\" content=\"Le Parquet aupr\u00e8s du Tribunal de premi\u00e8re instance de Ben Arous a d\u00e9cider, ce dimanche 30 avril 2023, de placer de 66 supporters Sang et Or en garde \u00e0 vue, suit...\" \/>\n<meta property=\"og:url\" content=\"https:\/\/www.webdo.tn\/fr\/actualite\/sport\/66-supporters-sang-et-or-en-garde-a-vue\/205298\/\" \/>\n<meta property=\"og:site_name\" content=\"webdo\" \/>\n<meta property=\"article:publisher\" content=\"https:\/\/www.facebook.com\/webdotn\" \/>\n<meta property=\"article:published_time\" content=\"2023-04-30T15:05:00+00:00\" \/>\n<meta property=\"article:modified_time\" content=\"2025-05-17T21:07:19+00:00\" \/>\n<meta property=\"og:image\" content=\"https:\/\/www.webdo.tn\/fr\/wp-content\/uploads\/2023\/04\/517479180172365a7483de7feb6f43ab.jpg\" \/>\n\t<meta property=\"og:image:width\" content=\"750\" \/>\n\t<meta property=\"og:image:height\" content=\"400\" \/>\n\t<meta property=\"og:image:type\" content=\"image\/jpeg\" \/>\n<meta name=\"author\" content=\"Webdo\" \/>\n<meta name=\"twitter:card\" content=\"summary_large_image\" \/>\n<meta name=\"twitter:creator\" content=\"@webdo_tn\" \/>\n<meta name=\"twitter:site\" content=\"@webdo_tn\" \/>\n<meta name=\"twitter:label1\" content=\"\u00c9crit par\" \/>\n\t<meta name=\"twitter:data1\" content=\"Webdo\" \/>\n\t<meta name=\"twitter:label2\" content=\"Dur\u00e9e de lecture estim\u00e9e\" \/>\n\t<meta name=\"twitter:data2\" content=\"1 minute\" \/>\n<script type=\"application\/ld+json\" class=\"yoast-schema-graph\">{\"@context\":\"https:\\\/\\\/schema.org\",\"@graph\":[{\"@type\":\"NewsArticle\",\"@id\":\"https:\\\/\\\/www.webdo.tn\\\/fr\\\/actualite\\\/sport\\\/66-supporters-sang-et-or-en-garde-a-vue\\\/205298\\\/#article\",\"isPartOf\":{\"@id\":\"https:\\\/\\\/www.webdo.tn\\\/fr\\\/actualite\\\/sport\\\/66-supporters-sang-et-or-en-garde-a-vue\\\/205298\\\/\"},\"author\":{\"name\":\"Webdo\",\"@id\":\"https:\\\/\\\/www.webdo.tn\\\/fr\\\/#\\\/schema\\\/person\\\/1f4e491e0907b413d61089e8eb573acc\"},\"headline\":\"66 supporters Sang et Or en garde \u00e0 vue\",\"datePublished\":\"2023-04-30T15:05:00+00:00\",\"dateModified\":\"2025-05-17T21:07:19+00:00\",\"mainEntityOfPage\":{\"@id\":\"https:\\\/\\\/www.webdo.tn\\\/fr\\\/actualite\\\/sport\\\/66-supporters-sang-et-or-en-garde-a-vue\\\/205298\\\/\"},\"wordCount\":131,\"commentCount\":0,\"publisher\":{\"@id\":\"https:\\\/\\\/www.webdo.tn\\\/fr\\\/#organization\"},\"image\":{\"@id\":\"https:\\\/\\\/www.webdo.tn\\\/fr\\\/actualite\\\/sport\\\/66-supporters-sang-et-or-en-garde-a-vue\\\/205298\\\/#primaryimage\"},\"thumbnailUrl\":\"https:\\\/\\\/www.webdo.tn\\\/fr\\\/wp-content\\\/uploads\\\/2023\\\/04\\\/517479180172365a7483de7feb6f43ab.jpg\",\"keywords\":[\"esp\u00e9rance\",\"football\",\"Rad\u00e8s\",\"sang et or\",\"Tunisie\",\"violence\"],\"articleSection\":[\"Sport\"],\"inLanguage\":\"fr-FR\"},{\"@type\":\"WebPage\",\"@id\":\"https:\\\/\\\/www.webdo.tn\\\/fr\\\/actualite\\\/sport\\\/66-supporters-sang-et-or-en-garde-a-vue\\\/205298\\\/\",\"url\":\"https:\\\/\\\/www.webdo.tn\\\/fr\\\/actualite\\\/sport\\\/66-supporters-sang-et-or-en-garde-a-vue\\\/205298\\\/\",\"name\":\"66 supporters Sang et Or en garde \u00e0 vue\",\"isPartOf\":{\"@id\":\"https:\\\/\\\/www.webdo.tn\\\/fr\\\/#website\"},\"primaryImageOfPage\":{\"@id\":\"https:\\\/\\\/www.webdo.tn\\\/fr\\\/actualite\\\/sport\\\/66-supporters-sang-et-or-en-garde-a-vue\\\/205298\\\/#primaryimage\"},\"image\":{\"@id\":\"https:\\\/\\\/www.webdo.tn\\\/fr\\\/actualite\\\/sport\\\/66-supporters-sang-et-or-en-garde-a-vue\\\/205298\\\/#primaryimage\"},\"thumbnailUrl\":\"https:\\\/\\\/www.webdo.tn\\\/fr\\\/wp-content\\\/uploads\\\/2023\\\/04\\\/517479180172365a7483de7feb6f43ab.jpg\",\"datePublished\":\"2023-04-30T15:05:00+00:00\",\"dateModified\":\"2025-05-17T21:07:19+00:00\",\"description\":\"Le Parquet aupr\u00e8s du Tribunal de premi\u00e8re instance de Ben Arous a d\u00e9cider, ce dimanche 30 avril 2023, de placer de 66 supporters Sang et Or en garde \u00e0 vue, suit...\",\"breadcrumb\":{\"@id\":\"https:\\\/\\\/www.webdo.tn\\\/fr\\\/actualite\\\/sport\\\/66-supporters-sang-et-or-en-garde-a-vue\\\/205298\\\/#breadcrumb\"},\"inLanguage\":\"fr-FR\",\"potentialAction\":[{\"@type\":\"ReadAction\",\"target\":[\"https:\\\/\\\/www.webdo.tn\\\/fr\\\/actualite\\\/sport\\\/66-supporters-sang-et-or-en-garde-a-vue\\\/205298\\\/\"]}]},{\"@type\":\"ImageObject\",\"inLanguage\":\"fr-FR\",\"@id\":\"https:\\\/\\\/www.webdo.tn\\\/fr\\\/actualite\\\/sport\\\/66-supporters-sang-et-or-en-garde-a-vue\\\/205298\\\/#primaryimage\",\"url\":\"https:\\\/\\\/www.webdo.tn\\\/fr\\\/wp-content\\\/uploads\\\/2023\\\/04\\\/517479180172365a7483de7feb6f43ab.jpg\",\"contentUrl\":\"https:\\\/\\\/www.webdo.tn\\\/fr\\\/wp-content\\\/uploads\\\/2023\\\/04\\\/517479180172365a7483de7feb6f43ab.jpg\",\"width\":750,\"height\":400,\"caption\":\"66 supporters Sang et Or en garde \u00e0 vue\"},{\"@type\":\"BreadcrumbList\",\"@id\":\"https:\\\/\\\/www.webdo.tn\\\/fr\\\/actualite\\\/sport\\\/66-supporters-sang-et-or-en-garde-a-vue\\\/205298\\\/#breadcrumb\",\"itemListElement\":[{\"@type\":\"ListItem\",\"position\":1,\"name\":\"Accueil\",\"item\":\"https:\\\/\\\/www.webdo.tn\\\/fr\\\/\"},{\"@type\":\"ListItem\",\"position\":2,\"name\":\"66 supporters Sang et Or en garde \u00e0 vue\"}]},{\"@type\":\"WebSite\",\"@id\":\"https:\\\/\\\/www.webdo.tn\\\/fr\\\/#website\",\"url\":\"https:\\\/\\\/www.webdo.tn\\\/fr\\\/\",\"name\":\"webdo\",\"description\":\"Tunisie - News en Tunisie et \u00e0 l&#039;international sur Webdo.tn\",\"publisher\":{\"@id\":\"https:\\\/\\\/www.webdo.tn\\\/fr\\\/#organization\"},\"potentialAction\":[{\"@type\":\"SearchAction\",\"target\":{\"@type\":\"EntryPoint\",\"urlTemplate\":\"https:\\\/\\\/www.webdo.tn\\\/fr\\\/?s={search_term_string}\"},\"query-input\":{\"@type\":\"PropertyValueSpecification\",\"valueRequired\":true,\"valueName\":\"search_term_string\"}}],\"inLanguage\":\"fr-FR\"},{\"@type\":\"Organization\",\"@id\":\"https:\\\/\\\/www.webdo.tn\\\/fr\\\/#organization\",\"name\":\"Webdo\",\"alternateName\":\"Webdo.tn\",\"url\":\"https:\\\/\\\/www.webdo.tn\\\/fr\\\/\",\"logo\":{\"@type\":\"ImageObject\",\"inLanguage\":\"fr-FR\",\"@id\":\"https:\\\/\\\/www.webdo.tn\\\/fr\\\/#\\\/schema\\\/logo\\\/image\\\/\",\"url\":\"https:\\\/\\\/www.webdo.tn\\\/fr\\\/wp-content\\\/uploads\\\/2025\\\/06\\\/Webdo-Tunisie_168377.jpg\",\"contentUrl\":\"https:\\\/\\\/www.webdo.tn\\\/fr\\\/wp-content\\\/uploads\\\/2025\\\/06\\\/Webdo-Tunisie_168377.jpg\",\"width\":301,\"height\":301,\"caption\":\"Webdo\"},\"image\":{\"@id\":\"https:\\\/\\\/www.webdo.tn\\\/fr\\\/#\\\/schema\\\/logo\\\/image\\\/\"},\"sameAs\":[\"https:\\\/\\\/www.facebook.com\\\/webdotn\",\"https:\\\/\\\/x.com\\\/webdo_tn\"],\"description\":\"Webdo est un m\u00e9dia num\u00e9rique tunisien fond\u00e9 en 2010, sp\u00e9cialis\u00e9 dans l\u2019actualit\u00e9 nationale et internationale, l\u2019\u00e9conomie, la soci\u00e9t\u00e9 et les analyses politiques. Le site s\u2019adresse \u00e0 un large public francophone et couvre l\u2019information tunisienne en temps r\u00e9el.\",\"email\":\"redac@webdo.tn\",\"legalName\":\"YNJ SARL\",\"foundingDate\":\"2010-09-06\",\"numberOfEmployees\":{\"@type\":\"QuantitativeValue\",\"minValue\":\"11\",\"maxValue\":\"50\"}},{\"@type\":\"Person\",\"@id\":\"https:\\\/\\\/www.webdo.tn\\\/fr\\\/#\\\/schema\\\/person\\\/1f4e491e0907b413d61089e8eb573acc\",\"name\":\"Webdo\",\"image\":{\"@type\":\"ImageObject\",\"inLanguage\":\"fr-FR\",\"@id\":\"https:\\\/\\\/secure.gravatar.com\\\/avatar\\\/de97aeec1bb80978a9dbb127e47dfc88aaacb2f3c29aac907d8d3222e3495d49?s=96&d=mm&r=g\",\"url\":\"https:\\\/\\\/secure.gravatar.com\\\/avatar\\\/de97aeec1bb80978a9dbb127e47dfc88aaacb2f3c29aac907d8d3222e3495d49?s=96&d=mm&r=g\",\"contentUrl\":\"https:\\\/\\\/secure.gravatar.com\\\/avatar\\\/de97aeec1bb80978a9dbb127e47dfc88aaacb2f3c29aac907d8d3222e3495d49?s=96&d=mm&r=g\",\"caption\":\"Webdo\"},\"url\":\"https:\\\/\\\/www.webdo.tn\\\/fr\\\/actualite\\\/author\\\/webdo\\\/\"}]}<\/script>\n<!-- \/ Yoast SEO Premium plugin. -->","yoast_head_json":{"title":"66 supporters Sang et Or en garde \u00e0 vue","description":"Le Parquet aupr\u00e8s du Tribunal de premi\u00e8re instance de Ben Arous a d\u00e9cider, ce dimanche 30 avril 2023, de placer de 66 supporters Sang et Or en garde \u00e0 vue, suit...","canonical":"https:\/\/www.webdo.tn\/fr\/actualite\/sport\/66-supporters-sang-et-or-en-garde-a-vue\/205298\/","og_locale":"fr_FR","og_type":"article","og_title":"66 supporters Sang et Or en garde \u00e0 vue","og_description":"Le Parquet aupr\u00e8s du Tribunal de premi\u00e8re instance de Ben Arous a d\u00e9cider, ce dimanche 30 avril 2023, de placer de 66 supporters Sang et Or en garde \u00e0 vue, suit...","og_url":"https:\/\/www.webdo.tn\/fr\/actualite\/sport\/66-supporters-sang-et-or-en-garde-a-vue\/205298\/","og_site_name":"webdo","article_publisher":"https:\/\/www.facebook.com\/webdotn","article_published_time":"2023-04-30T15:05:00+00:00","article_modified_time":"2025-05-17T21:07:19+00:00","og_image":[{"width":750,"height":400,"url":"https:\/\/www.webdo.tn\/fr\/wp-content\/uploads\/2023\/04\/517479180172365a7483de7feb6f43ab.jpg","type":"image\/jpeg"}],"author":"Webdo","twitter_card":"summary_large_image","twitter_creator":"@webdo_tn","twitter_site":"@webdo_tn","twitter_misc":{"\u00c9crit par":"Webdo","Dur\u00e9e de lecture estim\u00e9e":"1 minute"},"schema":{"@context":"https:\/\/schema.org","@graph":[{"@type":"NewsArticle","@id":"https:\/\/www.webdo.tn\/fr\/actualite\/sport\/66-supporters-sang-et-or-en-garde-a-vue\/205298\/#article","isPartOf":{"@id":"https:\/\/www.webdo.tn\/fr\/actualite\/sport\/66-supporters-sang-et-or-en-garde-a-vue\/205298\/"},"author":{"name":"Webdo","@id":"https:\/\/www.webdo.tn\/fr\/#\/schema\/person\/1f4e491e0907b413d61089e8eb573acc"},"headline":"66 supporters Sang et Or en garde \u00e0 vue","datePublished":"2023-04-30T15:05:00+00:00","dateModified":"2025-05-17T21:07:19+00:00","mainEntityOfPage":{"@id":"https:\/\/www.webdo.tn\/fr\/actualite\/sport\/66-supporters-sang-et-or-en-garde-a-vue\/205298\/"},"wordCount":131,"commentCount":0,"publisher":{"@id":"https:\/\/www.webdo.tn\/fr\/#organization"},"image":{"@id":"https:\/\/www.webdo.tn\/fr\/actualite\/sport\/66-supporters-sang-et-or-en-garde-a-vue\/205298\/#primaryimage"},"thumbnailUrl":"https:\/\/www.webdo.tn\/fr\/wp-content\/uploads\/2023\/04\/517479180172365a7483de7feb6f43ab.jpg","keywords":["esp\u00e9rance","football","Rad\u00e8s","sang et or","Tunisie","violence"],"articleSection":["Sport"],"inLanguage":"fr-FR"},{"@type":"WebPage","@id":"https:\/\/www.webdo.tn\/fr\/actualite\/sport\/66-supporters-sang-et-or-en-garde-a-vue\/205298\/","url":"https:\/\/www.webdo.tn\/fr\/actualite\/sport\/66-supporters-sang-et-or-en-garde-a-vue\/205298\/","name":"66 supporters Sang et Or en garde \u00e0 vue","isPartOf":{"@id":"https:\/\/www.webdo.tn\/fr\/#website"},"primaryImageOfPage":{"@id":"https:\/\/www.webdo.tn\/fr\/actualite\/sport\/66-supporters-sang-et-or-en-garde-a-vue\/205298\/#primaryimage"},"image":{"@id":"https:\/\/www.webdo.tn\/fr\/actualite\/sport\/66-supporters-sang-et-or-en-garde-a-vue\/205298\/#primaryimage"},"thumbnailUrl":"https:\/\/www.webdo.tn\/fr\/wp-content\/uploads\/2023\/04\/517479180172365a7483de7feb6f43ab.jpg","datePublished":"2023-04-30T15:05:00+00:00","dateModified":"2025-05-17T21:07:19+00:00","description":"Le Parquet aupr\u00e8s du Tribunal de premi\u00e8re instance de Ben Arous a d\u00e9cider, ce dimanche 30 avril 2023, de placer de 66 supporters Sang et Or en garde \u00e0 vue, suit...","breadcrumb":{"@id":"https:\/\/www.webdo.tn\/fr\/actualite\/sport\/66-supporters-sang-et-or-en-garde-a-vue\/205298\/#breadcrumb"},"inLanguage":"fr-FR","potentialAction":[{"@type":"ReadAction","target":["https:\/\/www.webdo.tn\/fr\/actualite\/sport\/66-supporters-sang-et-or-en-garde-a-vue\/205298\/"]}]},{"@type":"ImageObject","inLanguage":"fr-FR","@id":"https:\/\/www.webdo.tn\/fr\/actualite\/sport\/66-supporters-sang-et-or-en-garde-a-vue\/205298\/#primaryimage","url":"https:\/\/www.webdo.tn\/fr\/wp-content\/uploads\/2023\/04\/517479180172365a7483de7feb6f43ab.jpg","contentUrl":"https:\/\/www.webdo.tn\/fr\/wp-content\/uploads\/2023\/04\/517479180172365a7483de7feb6f43ab.jpg","width":750,"height":400,"caption":"66 supporters Sang et Or en garde \u00e0 vue"},{"@type":"BreadcrumbList","@id":"https:\/\/www.webdo.tn\/fr\/actualite\/sport\/66-supporters-sang-et-or-en-garde-a-vue\/205298\/#breadcrumb","itemListElement":[{"@type":"ListItem","position":1,"name":"Accueil","item":"https:\/\/www.webdo.tn\/fr\/"},{"@type":"ListItem","position":2,"name":"66 supporters Sang et Or en garde \u00e0 vue"}]},{"@type":"WebSite","@id":"https:\/\/www.webdo.tn\/fr\/#website","url":"https:\/\/www.webdo.tn\/fr\/","name":"webdo","description":"Tunisie - News en Tunisie et \u00e0 l&#039;international sur Webdo.tn","publisher":{"@id":"https:\/\/www.webdo.tn\/fr\/#organization"},"potentialAction":[{"@type":"SearchAction","target":{"@type":"EntryPoint","urlTemplate":"https:\/\/www.webdo.tn\/fr\/?s={search_term_string}"},"query-input":{"@type":"PropertyValueSpecification","valueRequired":true,"valueName":"search_term_string"}}],"inLanguage":"fr-FR"},{"@type":"Organization","@id":"https:\/\/www.webdo.tn\/fr\/#organization","name":"Webdo","alternateName":"Webdo.tn","url":"https:\/\/www.webdo.tn\/fr\/","logo":{"@type":"ImageObject","inLanguage":"fr-FR","@id":"https:\/\/www.webdo.tn\/fr\/#\/schema\/logo\/image\/","url":"https:\/\/www.webdo.tn\/fr\/wp-content\/uploads\/2025\/06\/Webdo-Tunisie_168377.jpg","contentUrl":"https:\/\/www.webdo.tn\/fr\/wp-content\/uploads\/2025\/06\/Webdo-Tunisie_168377.jpg","width":301,"height":301,"caption":"Webdo"},"image":{"@id":"https:\/\/www.webdo.tn\/fr\/#\/schema\/logo\/image\/"},"sameAs":["https:\/\/www.facebook.com\/webdotn","https:\/\/x.com\/webdo_tn"],"description":"Webdo est un m\u00e9dia num\u00e9rique tunisien fond\u00e9 en 2010, sp\u00e9cialis\u00e9 dans l\u2019actualit\u00e9 nationale et internationale, l\u2019\u00e9conomie, la soci\u00e9t\u00e9 et les analyses politiques. Le site s\u2019adresse \u00e0 un large public francophone et couvre l\u2019information tunisienne en temps r\u00e9el.","email":"redac@webdo.tn","legalName":"YNJ SARL","foundingDate":"2010-09-06","numberOfEmployees":{"@type":"QuantitativeValue","minValue":"11","maxValue":"50"}},{"@type":"Person","@id":"https:\/\/www.webdo.tn\/fr\/#\/schema\/person\/1f4e491e0907b413d61089e8eb573acc","name":"Webdo","image":{"@type":"ImageObject","inLanguage":"fr-FR","@id":"https:\/\/secure.gravatar.com\/avatar\/de97aeec1bb80978a9dbb127e47dfc88aaacb2f3c29aac907d8d3222e3495d49?s=96&d=mm&r=g","url":"https:\/\/secure.gravatar.com\/avatar\/de97aeec1bb80978a9dbb127e47dfc88aaacb2f3c29aac907d8d3222e3495d49?s=96&d=mm&r=g","contentUrl":"https:\/\/secure.gravatar.com\/avatar\/de97aeec1bb80978a9dbb127e47dfc88aaacb2f3c29aac907d8d3222e3495d49?s=96&d=mm&r=g","caption":"Webdo"},"url":"https:\/\/www.webdo.tn\/fr\/actualite\/author\/webdo\/"}]}},"_links":{"self":[{"href":"https:\/\/www.webdo.tn\/fr\/wp-json\/wp\/v2\/posts\/205298","targetHints":{"allow":["GET"]}}],"collection":[{"href":"https:\/\/www.webdo.tn\/fr\/wp-json\/wp\/v2\/posts"}],"about":[{"href":"https:\/\/www.webdo.tn\/fr\/wp-json\/wp\/v2\/types\/post"}],"author":[{"embeddable":true,"href":"https:\/\/www.webdo.tn\/fr\/wp-json\/wp\/v2\/users\/3169"}],"replies":[{"embeddable":true,"href":"https:\/\/www.webdo.tn\/fr\/wp-json\/wp\/v2\/comments?post=205298"}],"version-history":[{"count":0,"href":"https:\/\/www.webdo.tn\/fr\/wp-json\/wp\/v2\/posts\/205298\/revisions"}],"wp:featuredmedia":[{"embeddable":true,"href":"https:\/\/www.webdo.tn\/fr\/wp-json\/wp\/v2\/media\/278156"}],"wp:attachment":[{"href":"https:\/\/www.webdo.tn\/fr\/wp-json\/wp\/v2\/media?parent=205298"}],"wp:term":[{"taxonomy":"category","embeddable":true,"href":"https:\/\/www.webdo.tn\/fr\/wp-json\/wp\/v2\/categories?post=205298"},{"taxonomy":"post_tag","embeddable":true,"href":"https:\/\/www.webdo.tn\/fr\/wp-json\/wp\/v2\/tags?post=205298"}],"curies":[{"name":"wp","href":"https:\/\/api.w.org\/{rel}","templated":true}]}}