{"id":205274,"date":"2023-04-29T09:43:00","date_gmt":"2023-04-29T09:43:00","guid":{"rendered":"https:\/\/www.webdo.tn\/fr\/blog\/les-uns-crient-a-la-censure-les-autres-parlent-d-infraction-et-de-mauvaise-foi\/205274\/"},"modified":"2025-05-20T22:00:25","modified_gmt":"2025-05-20T22:00:25","slug":"les-uns-crient-a-la-censure-les-autres-parlent-d-infraction-et-de-mauvaise-foi","status":"publish","type":"post","link":"https:\/\/www.webdo.tn\/fr\/actualite\/culture\/les-uns-crient-a-la-censure-les-autres-parlent-d-infraction-et-de-mauvaise-foi\/205274\/","title":{"rendered":"Les uns crient \u00e0 la censure\u2026 les autres parlent \u00ab\u00a0d&rsquo;infraction et de mauvaise foi\u00a0\u00bb"},"content":{"rendered":"<p>La journ\u00e9e inaugurale de la 37\u00e8me \u00e9dition de la Foire internationale du livre de Tunis (FILT) qui se d\u00e9roule jusqu\u2019au 7 mai aura marqu\u00e9 les esprits. Et pour cause, un roman, \u00e0 priori comme tous les romans, a \u00e9t\u00e9 retir\u00e9 du stand de son \u00e9diteur, provoquant des r\u00e9actions en s\u00e9rie.<\/p>\n<p>\t\t\t\t\t\t\t\t\tLe roman dont on parle est \u00ab\u00a0Frankenstein Tunis\u00a0\u00bb. Il s\u2019agit du nouveau roman de Kamel Riahi dont toutes les copies ont \u00e9t\u00e9 retir\u00e9es, hier, du stand de son \u00e9diteur, Dar Al-Kitab, lors de la 37\u00e8me \u00e9dition de la Foire internationale du livre de Tunis (FILT), organis\u00e9e au palais des expositions du Kram.<\/p>\n<p>L\u2019incident a \u00e9t\u00e9 confirm\u00e9 par l&rsquo;\u00e9diteur Habib Zoghbi, propri\u00e9taire de Dar Al-Kitab, soulignant que le roman en question a \u00e9t\u00e9 retir\u00e9 par les services du minist\u00e8re des Affaires Culturelles qui a \u00e9galement d\u00e9cid\u00e9 de fermer son stand.<\/p>\n<p>Les professionnels du livre et de l&rsquo;\u00e9dition crient \u00e0 la censure <\/p>\n<p>Qu\u2019en est-il de la pol\u00e9mique qui s\u2019en est suivie ? Les professionnels du livre et de l&rsquo;\u00e9dition crient \u00e0 la censure et en signe de solidarit\u00e9 avec leur coll\u00e8gue, ont d\u00e9cid\u00e9, \u00e0 leur tour, de fermer leurs stands, comme l\u2019a confirm\u00e9, hier soir, le pr\u00e9sident de l&rsquo;Union des \u00e9diteurs tunisiens Riadh Ben Abderrazek et membre du comit\u00e9 d&rsquo;organisation du FILT.<\/p>\n<p>La version officielle est diff\u00e9rente. Elle avance plut\u00f4t des raisons en lien avec le r\u00e8glement de la foire interdisant toute publication non d\u00e9clar\u00e9e d&rsquo;avance au comit\u00e9 d&rsquo;organisation.<\/p>\n<p>La version officielle parle d&rsquo;infraction et de mauvaise foi<\/p>\n<p>L&rsquo;Etablissement National pour la Promotion des Festivals et des Manifestations Culturelles et Artistiques a publi\u00e9 un communiqu\u00e9 dans lequel il explique les raisons du retrait du roman sans le citer.<\/p>\n<p>\u00ab\u00a0Il convient de noter que le livre en question \u00e9tait expos\u00e9 d&rsquo;une mani\u00e8re clandestine et cela confirme l&rsquo;infraction et la mauvaise foi\u00a0\u00bb, pr\u00e9cis-t-on. Ainsi, l&rsquo;\u00e9diteur est accus\u00e9 par les organisateurs du FILT d&rsquo;avoir \u00ab\u00a0viol\u00e9 le r\u00e8glement interne de la foire en pr\u00e9sentant un livre qui n&rsquo;a pas \u00e9t\u00e9 inclus dans la liste pr\u00e9sent\u00e9e au comit\u00e9 des exposants lors de la s\u00e9lection des dossiers de candidature\u00a0\u00bb.<\/p>\n<p>Un r\u00e8glement \u00e0 changer ?<\/p>\n<p>L&rsquo;exposition du nouveau roman de Kamel Riahi au stand de son \u00e9diteur a \u00e9t\u00e9 donc per\u00e7ue comme \u00e9tant une infraction et non conforme au r\u00e8glement int\u00e9rieur de la foire interdisant l&rsquo;exposition de publications qui ne figurent pas dans la liste initiale pr\u00e9sent\u00e9 au comit\u00e9 de s\u00e9lection.<\/p>\n<p>Cet incident n\u2019est pas le premier du genre. Des incidents similaires ont plusieurs fois marqu\u00e9 les \u00e9ditions pr\u00e9c\u00e9dentes de la foire. Si les professionnels ont le plus souvent d\u00e9nonc\u00e9 un acte de censure visant leurs publications, Le r\u00e8glement de la foire stipule de ne pr\u00e9senter que les titres annonc\u00e9s par chaque exposant.<\/p>\n<p>A partir de l\u00e0 il convient de trouver des solutions sur la question des livres non d\u00e9clar\u00e9s quand on sait que le r\u00e8glement int\u00e9rieur de la foire a \u00e9t\u00e9 adopt\u00e9 pour faire face aux pratiques de certains exposants, lors des \u00e9ditions pr\u00e9c\u00e9dentes, qui ne se conformaient pas \u00e0 la liste pr\u00e9liminaire pr\u00e9sent\u00e9e avant le d\u00e9but de la foire.<\/p>\n","protected":false},"excerpt":{"rendered":"<p>La journ\u00e9e inaugurale de la 37\u00e8me \u00e9dition de la Foire internationale du livre de Tunis (FILT) qui se d\u00e9roule jusqu\u2019au 7 mai aura marqu\u00e9 les esprits. Et pour cau&#8230;<\/p>\n","protected":false},"author":3162,"featured_media":251298,"comment_status":"open","ping_status":"closed","sticky":false,"template":"","format":"standard","meta":{"footnotes":""},"categories":[2594],"tags":[7340,6588,5927],"class_list":["post-205274","post","type-post","status-publish","format-standard","has-post-thumbnail","hentry","category-culture","tag-censure","tag-foire-du-livre","tag-livre"],"yoast_head":"<!-- This site is optimized with the Yoast SEO Premium plugin v27.5 (Yoast SEO v27.5) - https:\/\/yoast.com\/product\/yoast-seo-premium-wordpress\/ -->\n<title>Les uns crient \u00e0 la censure\u2026 les autres parlent d&#039;infraction et de mauvaise foi<\/title>\n<meta name=\"description\" content=\"La journ\u00e9e inaugurale de la 37\u00e8me \u00e9dition de la Foire internationale du livre de Tunis (FILT) qui se d\u00e9roule jusqu\u2019au 7 mai aura marqu\u00e9 les esprits. Et pour cau...\" \/>\n<link rel=\"canonical\" href=\"https:\/\/www.webdo.tn\/fr\/actualite\/culture\/les-uns-crient-a-la-censure-les-autres-parlent-d-infraction-et-de-mauvaise-foi\/205274\/\" \/>\n<meta property=\"og:locale\" content=\"fr_FR\" \/>\n<meta property=\"og:type\" content=\"article\" \/>\n<meta property=\"og:title\" content=\"Les uns crient \u00e0 la censure\u2026 les autres parlent &quot;d&#039;infraction et de mauvaise foi&quot;\" \/>\n<meta property=\"og:description\" content=\"La journ\u00e9e inaugurale de la 37\u00e8me \u00e9dition de la Foire internationale du livre de Tunis (FILT) qui se d\u00e9roule jusqu\u2019au 7 mai aura marqu\u00e9 les esprits. Et pour cau...\" \/>\n<meta property=\"og:url\" content=\"https:\/\/www.webdo.tn\/fr\/actualite\/culture\/les-uns-crient-a-la-censure-les-autres-parlent-d-infraction-et-de-mauvaise-foi\/205274\/\" \/>\n<meta property=\"og:site_name\" content=\"webdo\" \/>\n<meta property=\"article:publisher\" content=\"https:\/\/www.facebook.com\/webdotn\" \/>\n<meta property=\"article:published_time\" content=\"2023-04-29T09:43:00+00:00\" \/>\n<meta property=\"article:modified_time\" content=\"2025-05-20T22:00:25+00:00\" \/>\n<meta property=\"og:image\" content=\"https:\/\/www.webdo.tn\/fr\/wp-content\/uploads\/2023\/04\/061ab182392f1f2319ac35939d02a9b5.jpg\" \/>\n\t<meta property=\"og:image:width\" content=\"750\" \/>\n\t<meta property=\"og:image:height\" content=\"400\" \/>\n\t<meta property=\"og:image:type\" content=\"image\/jpeg\" \/>\n<meta name=\"author\" content=\"MC\" \/>\n<meta name=\"twitter:card\" content=\"summary_large_image\" \/>\n<meta name=\"twitter:creator\" content=\"@webdo_tn\" \/>\n<meta name=\"twitter:site\" content=\"@webdo_tn\" \/>\n<meta name=\"twitter:label1\" content=\"\u00c9crit par\" \/>\n\t<meta name=\"twitter:data1\" content=\"MC\" \/>\n\t<meta name=\"twitter:label2\" content=\"Dur\u00e9e de lecture estim\u00e9e\" \/>\n\t<meta name=\"twitter:data2\" content=\"3 minutes\" \/>\n<script type=\"application\/ld+json\" class=\"yoast-schema-graph\">{\"@context\":\"https:\\\/\\\/schema.org\",\"@graph\":[{\"@type\":\"NewsArticle\",\"@id\":\"https:\\\/\\\/www.webdo.tn\\\/fr\\\/actualite\\\/culture\\\/les-uns-crient-a-la-censure-les-autres-parlent-d-infraction-et-de-mauvaise-foi\\\/205274\\\/#article\",\"isPartOf\":{\"@id\":\"https:\\\/\\\/www.webdo.tn\\\/fr\\\/actualite\\\/culture\\\/les-uns-crient-a-la-censure-les-autres-parlent-d-infraction-et-de-mauvaise-foi\\\/205274\\\/\"},\"author\":{\"name\":\"MC\",\"@id\":\"https:\\\/\\\/www.webdo.tn\\\/fr\\\/#\\\/schema\\\/person\\\/2c4929cbf5a809e3bd38617c6ce150f6\"},\"headline\":\"Les uns crient \u00e0 la censure\u2026 les autres parlent \u00ab\u00a0d&rsquo;infraction et de mauvaise foi\u00a0\u00bb\",\"datePublished\":\"2023-04-29T09:43:00+00:00\",\"dateModified\":\"2025-05-20T22:00:25+00:00\",\"mainEntityOfPage\":{\"@id\":\"https:\\\/\\\/www.webdo.tn\\\/fr\\\/actualite\\\/culture\\\/les-uns-crient-a-la-censure-les-autres-parlent-d-infraction-et-de-mauvaise-foi\\\/205274\\\/\"},\"wordCount\":577,\"commentCount\":0,\"publisher\":{\"@id\":\"https:\\\/\\\/www.webdo.tn\\\/fr\\\/#organization\"},\"image\":{\"@id\":\"https:\\\/\\\/www.webdo.tn\\\/fr\\\/actualite\\\/culture\\\/les-uns-crient-a-la-censure-les-autres-parlent-d-infraction-et-de-mauvaise-foi\\\/205274\\\/#primaryimage\"},\"thumbnailUrl\":\"https:\\\/\\\/www.webdo.tn\\\/fr\\\/wp-content\\\/uploads\\\/2023\\\/04\\\/061ab182392f1f2319ac35939d02a9b5.jpg\",\"keywords\":[\"censure\",\"foire du livre\",\"livre\"],\"articleSection\":[\"Culture\"],\"inLanguage\":\"fr-FR\"},{\"@type\":\"WebPage\",\"@id\":\"https:\\\/\\\/www.webdo.tn\\\/fr\\\/actualite\\\/culture\\\/les-uns-crient-a-la-censure-les-autres-parlent-d-infraction-et-de-mauvaise-foi\\\/205274\\\/\",\"url\":\"https:\\\/\\\/www.webdo.tn\\\/fr\\\/actualite\\\/culture\\\/les-uns-crient-a-la-censure-les-autres-parlent-d-infraction-et-de-mauvaise-foi\\\/205274\\\/\",\"name\":\"Les uns crient \u00e0 la censure\u2026 les autres parlent d'infraction et de mauvaise foi\",\"isPartOf\":{\"@id\":\"https:\\\/\\\/www.webdo.tn\\\/fr\\\/#website\"},\"primaryImageOfPage\":{\"@id\":\"https:\\\/\\\/www.webdo.tn\\\/fr\\\/actualite\\\/culture\\\/les-uns-crient-a-la-censure-les-autres-parlent-d-infraction-et-de-mauvaise-foi\\\/205274\\\/#primaryimage\"},\"image\":{\"@id\":\"https:\\\/\\\/www.webdo.tn\\\/fr\\\/actualite\\\/culture\\\/les-uns-crient-a-la-censure-les-autres-parlent-d-infraction-et-de-mauvaise-foi\\\/205274\\\/#primaryimage\"},\"thumbnailUrl\":\"https:\\\/\\\/www.webdo.tn\\\/fr\\\/wp-content\\\/uploads\\\/2023\\\/04\\\/061ab182392f1f2319ac35939d02a9b5.jpg\",\"datePublished\":\"2023-04-29T09:43:00+00:00\",\"dateModified\":\"2025-05-20T22:00:25+00:00\",\"description\":\"La journ\u00e9e inaugurale de la 37\u00e8me \u00e9dition de la Foire internationale du livre de Tunis (FILT) qui se d\u00e9roule jusqu\u2019au 7 mai aura marqu\u00e9 les esprits. Et pour cau...\",\"breadcrumb\":{\"@id\":\"https:\\\/\\\/www.webdo.tn\\\/fr\\\/actualite\\\/culture\\\/les-uns-crient-a-la-censure-les-autres-parlent-d-infraction-et-de-mauvaise-foi\\\/205274\\\/#breadcrumb\"},\"inLanguage\":\"fr-FR\",\"potentialAction\":[{\"@type\":\"ReadAction\",\"target\":[\"https:\\\/\\\/www.webdo.tn\\\/fr\\\/actualite\\\/culture\\\/les-uns-crient-a-la-censure-les-autres-parlent-d-infraction-et-de-mauvaise-foi\\\/205274\\\/\"]}]},{\"@type\":\"ImageObject\",\"inLanguage\":\"fr-FR\",\"@id\":\"https:\\\/\\\/www.webdo.tn\\\/fr\\\/actualite\\\/culture\\\/les-uns-crient-a-la-censure-les-autres-parlent-d-infraction-et-de-mauvaise-foi\\\/205274\\\/#primaryimage\",\"url\":\"https:\\\/\\\/www.webdo.tn\\\/fr\\\/wp-content\\\/uploads\\\/2023\\\/04\\\/061ab182392f1f2319ac35939d02a9b5.jpg\",\"contentUrl\":\"https:\\\/\\\/www.webdo.tn\\\/fr\\\/wp-content\\\/uploads\\\/2023\\\/04\\\/061ab182392f1f2319ac35939d02a9b5.jpg\",\"width\":750,\"height\":400,\"caption\":\"Les uns crient \u00e0 la censure\u2026 les autres parlent \\\"d'infraction et de mauvaise foi\\\"\"},{\"@type\":\"BreadcrumbList\",\"@id\":\"https:\\\/\\\/www.webdo.tn\\\/fr\\\/actualite\\\/culture\\\/les-uns-crient-a-la-censure-les-autres-parlent-d-infraction-et-de-mauvaise-foi\\\/205274\\\/#breadcrumb\",\"itemListElement\":[{\"@type\":\"ListItem\",\"position\":1,\"name\":\"Accueil\",\"item\":\"https:\\\/\\\/www.webdo.tn\\\/fr\\\/\"},{\"@type\":\"ListItem\",\"position\":2,\"name\":\"Les uns crient \u00e0 la censure\u2026 les autres parlent \u00ab\u00a0d&rsquo;infraction et de mauvaise foi\u00a0\u00bb\"}]},{\"@type\":\"WebSite\",\"@id\":\"https:\\\/\\\/www.webdo.tn\\\/fr\\\/#website\",\"url\":\"https:\\\/\\\/www.webdo.tn\\\/fr\\\/\",\"name\":\"webdo\",\"description\":\"Tunisie - News en Tunisie et \u00e0 l&#039;international sur Webdo.tn\",\"publisher\":{\"@id\":\"https:\\\/\\\/www.webdo.tn\\\/fr\\\/#organization\"},\"potentialAction\":[{\"@type\":\"SearchAction\",\"target\":{\"@type\":\"EntryPoint\",\"urlTemplate\":\"https:\\\/\\\/www.webdo.tn\\\/fr\\\/?s={search_term_string}\"},\"query-input\":{\"@type\":\"PropertyValueSpecification\",\"valueRequired\":true,\"valueName\":\"search_term_string\"}}],\"inLanguage\":\"fr-FR\"},{\"@type\":\"Organization\",\"@id\":\"https:\\\/\\\/www.webdo.tn\\\/fr\\\/#organization\",\"name\":\"Webdo\",\"alternateName\":\"Webdo.tn\",\"url\":\"https:\\\/\\\/www.webdo.tn\\\/fr\\\/\",\"logo\":{\"@type\":\"ImageObject\",\"inLanguage\":\"fr-FR\",\"@id\":\"https:\\\/\\\/www.webdo.tn\\\/fr\\\/#\\\/schema\\\/logo\\\/image\\\/\",\"url\":\"https:\\\/\\\/www.webdo.tn\\\/fr\\\/wp-content\\\/uploads\\\/2025\\\/06\\\/Webdo-Tunisie_168377.jpg\",\"contentUrl\":\"https:\\\/\\\/www.webdo.tn\\\/fr\\\/wp-content\\\/uploads\\\/2025\\\/06\\\/Webdo-Tunisie_168377.jpg\",\"width\":301,\"height\":301,\"caption\":\"Webdo\"},\"image\":{\"@id\":\"https:\\\/\\\/www.webdo.tn\\\/fr\\\/#\\\/schema\\\/logo\\\/image\\\/\"},\"sameAs\":[\"https:\\\/\\\/www.facebook.com\\\/webdotn\",\"https:\\\/\\\/x.com\\\/webdo_tn\"],\"description\":\"Webdo est un m\u00e9dia num\u00e9rique tunisien fond\u00e9 en 2010, sp\u00e9cialis\u00e9 dans l\u2019actualit\u00e9 nationale et internationale, l\u2019\u00e9conomie, la soci\u00e9t\u00e9 et les analyses politiques. Le site s\u2019adresse \u00e0 un large public francophone et couvre l\u2019information tunisienne en temps r\u00e9el.\",\"email\":\"redac@webdo.tn\",\"legalName\":\"YNJ SARL\",\"foundingDate\":\"2010-09-06\",\"numberOfEmployees\":{\"@type\":\"QuantitativeValue\",\"minValue\":\"11\",\"maxValue\":\"50\"}},{\"@type\":\"Person\",\"@id\":\"https:\\\/\\\/www.webdo.tn\\\/fr\\\/#\\\/schema\\\/person\\\/2c4929cbf5a809e3bd38617c6ce150f6\",\"name\":\"MC\",\"image\":{\"@type\":\"ImageObject\",\"inLanguage\":\"fr-FR\",\"@id\":\"https:\\\/\\\/secure.gravatar.com\\\/avatar\\\/a545bbb6f84efdd5553dbbc2895e3ca8f1d12c5215e00a041c9670b54aa9b18a?s=96&d=mm&r=g\",\"url\":\"https:\\\/\\\/secure.gravatar.com\\\/avatar\\\/a545bbb6f84efdd5553dbbc2895e3ca8f1d12c5215e00a041c9670b54aa9b18a?s=96&d=mm&r=g\",\"contentUrl\":\"https:\\\/\\\/secure.gravatar.com\\\/avatar\\\/a545bbb6f84efdd5553dbbc2895e3ca8f1d12c5215e00a041c9670b54aa9b18a?s=96&d=mm&r=g\",\"caption\":\"MC\"},\"url\":\"https:\\\/\\\/www.webdo.tn\\\/fr\\\/actualite\\\/author\\\/mc\\\/\"}]}<\/script>\n<!-- \/ Yoast SEO Premium plugin. -->","yoast_head_json":{"title":"Les uns crient \u00e0 la censure\u2026 les autres parlent d'infraction et de mauvaise foi","description":"La journ\u00e9e inaugurale de la 37\u00e8me \u00e9dition de la Foire internationale du livre de Tunis (FILT) qui se d\u00e9roule jusqu\u2019au 7 mai aura marqu\u00e9 les esprits. Et pour cau...","canonical":"https:\/\/www.webdo.tn\/fr\/actualite\/culture\/les-uns-crient-a-la-censure-les-autres-parlent-d-infraction-et-de-mauvaise-foi\/205274\/","og_locale":"fr_FR","og_type":"article","og_title":"Les uns crient \u00e0 la censure\u2026 les autres parlent \"d'infraction et de mauvaise foi\"","og_description":"La journ\u00e9e inaugurale de la 37\u00e8me \u00e9dition de la Foire internationale du livre de Tunis (FILT) qui se d\u00e9roule jusqu\u2019au 7 mai aura marqu\u00e9 les esprits. Et pour cau...","og_url":"https:\/\/www.webdo.tn\/fr\/actualite\/culture\/les-uns-crient-a-la-censure-les-autres-parlent-d-infraction-et-de-mauvaise-foi\/205274\/","og_site_name":"webdo","article_publisher":"https:\/\/www.facebook.com\/webdotn","article_published_time":"2023-04-29T09:43:00+00:00","article_modified_time":"2025-05-20T22:00:25+00:00","og_image":[{"width":750,"height":400,"url":"https:\/\/www.webdo.tn\/fr\/wp-content\/uploads\/2023\/04\/061ab182392f1f2319ac35939d02a9b5.jpg","type":"image\/jpeg"}],"author":"MC","twitter_card":"summary_large_image","twitter_creator":"@webdo_tn","twitter_site":"@webdo_tn","twitter_misc":{"\u00c9crit par":"MC","Dur\u00e9e de lecture estim\u00e9e":"3 minutes"},"schema":{"@context":"https:\/\/schema.org","@graph":[{"@type":"NewsArticle","@id":"https:\/\/www.webdo.tn\/fr\/actualite\/culture\/les-uns-crient-a-la-censure-les-autres-parlent-d-infraction-et-de-mauvaise-foi\/205274\/#article","isPartOf":{"@id":"https:\/\/www.webdo.tn\/fr\/actualite\/culture\/les-uns-crient-a-la-censure-les-autres-parlent-d-infraction-et-de-mauvaise-foi\/205274\/"},"author":{"name":"MC","@id":"https:\/\/www.webdo.tn\/fr\/#\/schema\/person\/2c4929cbf5a809e3bd38617c6ce150f6"},"headline":"Les uns crient \u00e0 la censure\u2026 les autres parlent \u00ab\u00a0d&rsquo;infraction et de mauvaise foi\u00a0\u00bb","datePublished":"2023-04-29T09:43:00+00:00","dateModified":"2025-05-20T22:00:25+00:00","mainEntityOfPage":{"@id":"https:\/\/www.webdo.tn\/fr\/actualite\/culture\/les-uns-crient-a-la-censure-les-autres-parlent-d-infraction-et-de-mauvaise-foi\/205274\/"},"wordCount":577,"commentCount":0,"publisher":{"@id":"https:\/\/www.webdo.tn\/fr\/#organization"},"image":{"@id":"https:\/\/www.webdo.tn\/fr\/actualite\/culture\/les-uns-crient-a-la-censure-les-autres-parlent-d-infraction-et-de-mauvaise-foi\/205274\/#primaryimage"},"thumbnailUrl":"https:\/\/www.webdo.tn\/fr\/wp-content\/uploads\/2023\/04\/061ab182392f1f2319ac35939d02a9b5.jpg","keywords":["censure","foire du livre","livre"],"articleSection":["Culture"],"inLanguage":"fr-FR"},{"@type":"WebPage","@id":"https:\/\/www.webdo.tn\/fr\/actualite\/culture\/les-uns-crient-a-la-censure-les-autres-parlent-d-infraction-et-de-mauvaise-foi\/205274\/","url":"https:\/\/www.webdo.tn\/fr\/actualite\/culture\/les-uns-crient-a-la-censure-les-autres-parlent-d-infraction-et-de-mauvaise-foi\/205274\/","name":"Les uns crient \u00e0 la censure\u2026 les autres parlent d'infraction et de mauvaise foi","isPartOf":{"@id":"https:\/\/www.webdo.tn\/fr\/#website"},"primaryImageOfPage":{"@id":"https:\/\/www.webdo.tn\/fr\/actualite\/culture\/les-uns-crient-a-la-censure-les-autres-parlent-d-infraction-et-de-mauvaise-foi\/205274\/#primaryimage"},"image":{"@id":"https:\/\/www.webdo.tn\/fr\/actualite\/culture\/les-uns-crient-a-la-censure-les-autres-parlent-d-infraction-et-de-mauvaise-foi\/205274\/#primaryimage"},"thumbnailUrl":"https:\/\/www.webdo.tn\/fr\/wp-content\/uploads\/2023\/04\/061ab182392f1f2319ac35939d02a9b5.jpg","datePublished":"2023-04-29T09:43:00+00:00","dateModified":"2025-05-20T22:00:25+00:00","description":"La journ\u00e9e inaugurale de la 37\u00e8me \u00e9dition de la Foire internationale du livre de Tunis (FILT) qui se d\u00e9roule jusqu\u2019au 7 mai aura marqu\u00e9 les esprits. Et pour cau...","breadcrumb":{"@id":"https:\/\/www.webdo.tn\/fr\/actualite\/culture\/les-uns-crient-a-la-censure-les-autres-parlent-d-infraction-et-de-mauvaise-foi\/205274\/#breadcrumb"},"inLanguage":"fr-FR","potentialAction":[{"@type":"ReadAction","target":["https:\/\/www.webdo.tn\/fr\/actualite\/culture\/les-uns-crient-a-la-censure-les-autres-parlent-d-infraction-et-de-mauvaise-foi\/205274\/"]}]},{"@type":"ImageObject","inLanguage":"fr-FR","@id":"https:\/\/www.webdo.tn\/fr\/actualite\/culture\/les-uns-crient-a-la-censure-les-autres-parlent-d-infraction-et-de-mauvaise-foi\/205274\/#primaryimage","url":"https:\/\/www.webdo.tn\/fr\/wp-content\/uploads\/2023\/04\/061ab182392f1f2319ac35939d02a9b5.jpg","contentUrl":"https:\/\/www.webdo.tn\/fr\/wp-content\/uploads\/2023\/04\/061ab182392f1f2319ac35939d02a9b5.jpg","width":750,"height":400,"caption":"Les uns crient \u00e0 la censure\u2026 les autres parlent \"d'infraction et de mauvaise foi\""},{"@type":"BreadcrumbList","@id":"https:\/\/www.webdo.tn\/fr\/actualite\/culture\/les-uns-crient-a-la-censure-les-autres-parlent-d-infraction-et-de-mauvaise-foi\/205274\/#breadcrumb","itemListElement":[{"@type":"ListItem","position":1,"name":"Accueil","item":"https:\/\/www.webdo.tn\/fr\/"},{"@type":"ListItem","position":2,"name":"Les uns crient \u00e0 la censure\u2026 les autres parlent \u00ab\u00a0d&rsquo;infraction et de mauvaise foi\u00a0\u00bb"}]},{"@type":"WebSite","@id":"https:\/\/www.webdo.tn\/fr\/#website","url":"https:\/\/www.webdo.tn\/fr\/","name":"webdo","description":"Tunisie - News en Tunisie et \u00e0 l&#039;international sur Webdo.tn","publisher":{"@id":"https:\/\/www.webdo.tn\/fr\/#organization"},"potentialAction":[{"@type":"SearchAction","target":{"@type":"EntryPoint","urlTemplate":"https:\/\/www.webdo.tn\/fr\/?s={search_term_string}"},"query-input":{"@type":"PropertyValueSpecification","valueRequired":true,"valueName":"search_term_string"}}],"inLanguage":"fr-FR"},{"@type":"Organization","@id":"https:\/\/www.webdo.tn\/fr\/#organization","name":"Webdo","alternateName":"Webdo.tn","url":"https:\/\/www.webdo.tn\/fr\/","logo":{"@type":"ImageObject","inLanguage":"fr-FR","@id":"https:\/\/www.webdo.tn\/fr\/#\/schema\/logo\/image\/","url":"https:\/\/www.webdo.tn\/fr\/wp-content\/uploads\/2025\/06\/Webdo-Tunisie_168377.jpg","contentUrl":"https:\/\/www.webdo.tn\/fr\/wp-content\/uploads\/2025\/06\/Webdo-Tunisie_168377.jpg","width":301,"height":301,"caption":"Webdo"},"image":{"@id":"https:\/\/www.webdo.tn\/fr\/#\/schema\/logo\/image\/"},"sameAs":["https:\/\/www.facebook.com\/webdotn","https:\/\/x.com\/webdo_tn"],"description":"Webdo est un m\u00e9dia num\u00e9rique tunisien fond\u00e9 en 2010, sp\u00e9cialis\u00e9 dans l\u2019actualit\u00e9 nationale et internationale, l\u2019\u00e9conomie, la soci\u00e9t\u00e9 et les analyses politiques. Le site s\u2019adresse \u00e0 un large public francophone et couvre l\u2019information tunisienne en temps r\u00e9el.","email":"redac@webdo.tn","legalName":"YNJ SARL","foundingDate":"2010-09-06","numberOfEmployees":{"@type":"QuantitativeValue","minValue":"11","maxValue":"50"}},{"@type":"Person","@id":"https:\/\/www.webdo.tn\/fr\/#\/schema\/person\/2c4929cbf5a809e3bd38617c6ce150f6","name":"MC","image":{"@type":"ImageObject","inLanguage":"fr-FR","@id":"https:\/\/secure.gravatar.com\/avatar\/a545bbb6f84efdd5553dbbc2895e3ca8f1d12c5215e00a041c9670b54aa9b18a?s=96&d=mm&r=g","url":"https:\/\/secure.gravatar.com\/avatar\/a545bbb6f84efdd5553dbbc2895e3ca8f1d12c5215e00a041c9670b54aa9b18a?s=96&d=mm&r=g","contentUrl":"https:\/\/secure.gravatar.com\/avatar\/a545bbb6f84efdd5553dbbc2895e3ca8f1d12c5215e00a041c9670b54aa9b18a?s=96&d=mm&r=g","caption":"MC"},"url":"https:\/\/www.webdo.tn\/fr\/actualite\/author\/mc\/"}]}},"_links":{"self":[{"href":"https:\/\/www.webdo.tn\/fr\/wp-json\/wp\/v2\/posts\/205274","targetHints":{"allow":["GET"]}}],"collection":[{"href":"https:\/\/www.webdo.tn\/fr\/wp-json\/wp\/v2\/posts"}],"about":[{"href":"https:\/\/www.webdo.tn\/fr\/wp-json\/wp\/v2\/types\/post"}],"author":[{"embeddable":true,"href":"https:\/\/www.webdo.tn\/fr\/wp-json\/wp\/v2\/users\/3162"}],"replies":[{"embeddable":true,"href":"https:\/\/www.webdo.tn\/fr\/wp-json\/wp\/v2\/comments?post=205274"}],"version-history":[{"count":0,"href":"https:\/\/www.webdo.tn\/fr\/wp-json\/wp\/v2\/posts\/205274\/revisions"}],"wp:featuredmedia":[{"embeddable":true,"href":"https:\/\/www.webdo.tn\/fr\/wp-json\/wp\/v2\/media\/251298"}],"wp:attachment":[{"href":"https:\/\/www.webdo.tn\/fr\/wp-json\/wp\/v2\/media?parent=205274"}],"wp:term":[{"taxonomy":"category","embeddable":true,"href":"https:\/\/www.webdo.tn\/fr\/wp-json\/wp\/v2\/categories?post=205274"},{"taxonomy":"post_tag","embeddable":true,"href":"https:\/\/www.webdo.tn\/fr\/wp-json\/wp\/v2\/tags?post=205274"}],"curies":[{"name":"wp","href":"https:\/\/api.w.org\/{rel}","templated":true}]}}