{"id":205268,"date":"2023-04-28T20:59:00","date_gmt":"2023-04-28T20:59:00","guid":{"rendered":"https:\/\/www.webdo.tn\/fr\/blog\/kais-saied-appelle-a-liberer-la-pensee-est-ce-possible-sans-livres\/205268\/"},"modified":"2023-04-28T20:59:00","modified_gmt":"2023-04-28T20:59:00","slug":"kais-saied-appelle-a-liberer-la-pensee-est-ce-possible-sans-livres","status":"publish","type":"post","link":"https:\/\/www.webdo.tn\/fr\/actualite\/culture\/kais-saied-appelle-a-liberer-la-pensee-est-ce-possible-sans-livres\/205268\/","title":{"rendered":"Kais Saied appelle \u00e0 \u00ab\u00a0lib\u00e9rer la pens\u00e9e\u00a0\u00bb ! Est-ce possible sans livres ?"},"content":{"rendered":"<p>La visite du\u00a0pr\u00e9sident de la R\u00e9publique, Ka\u00efs Sa\u00efed, avait effectu\u00e9 une visite, ce vendredi 28 avril 2023, \u00e0 la foire du Livre \u00e0 l\u2019occasion de son ouverture au parc des expositions du Kram.\u00a0Une visite au cours de laquelle le chef de l&rsquo;Etat a beaucoup insist\u00e9 sur\u00a0l\u2019importance de \u00ab lib\u00e9rer la pens\u00e9e \u00bb. Mais comment cette lib\u00e9ration serait possible sans livres ?<\/p>\n<p>\t\t\t\t\t\t\t\t\tQuelques heures apr\u00e9s la visite du chef de l&rsquo;Etat, le stand de Dar El Kitab a \u00e9t\u00e9 ferm\u00e9 \u00e0 cause du livre \u00ab\u00a0Le Frankestein tunisien\u00a0\u00bb.\u00a0Selon le directeur de la maison d&rsquo;\u00e9dition, Habib Zoghbi,\u00a0le retrait du livre \u00e9tait d\u00fb au fait qu&rsquo;il ne figurait pas sur\u00a0la liste d\u00e9pos\u00e9e \u00e0 la foire alors qu&rsquo;il a bien \u00e9t\u00e9 inclus, plus tard, dans une liste compl\u00e9mentaire.<\/p>\n<p>Face \u00e0 cette d\u00e9cision invraisemblable,\u00a0les syndicats sont en train\u00a0de formuler la d\u00e9cision de fermer toutes les ailes des \u00e9diteurs tunisiens, a confi\u00e9 Habib Zoghbi. Ce dernier invite m\u00eame\u00a0le minist\u00e8re de la Culture \u00e0 animer cette foire tout seul, en rappelant que la foire du livre est aux \u00e9diteurs et pas au minist\u00e8re et sans les \u00e9diteurs il n\u2019a pas lieu.<\/p>\n<p>Comment lib\u00e9rer alors la pens\u00e9e, pour reprendre les termes du Pr\u00e9sident, sans livres ? Une question digne d&rsquo;un sujet de philosohpie pour les candidats du prochain baccalaur\u00e9at.<\/p>\n","protected":false},"excerpt":{"rendered":"<p>La visite du\u00a0pr\u00e9sident de la R\u00e9publique, Ka\u00efs Sa\u00efed, avait effectu\u00e9 une visite, ce vendredi 28 avril 2023, \u00e0 la foire du Livre \u00e0 l\u2019occasion de son ouverture au&#8230;<\/p>\n","protected":false},"author":3169,"featured_media":251296,"comment_status":"open","ping_status":"closed","sticky":false,"template":"","format":"standard","meta":{"footnotes":""},"categories":[2594],"tags":[8496,8497,6588,8499,8498,2608],"class_list":["post-205268","post","type-post","status-publish","format-standard","has-post-thumbnail","hentry","category-culture","tag-dar-el-kitab","tag-editeurs","tag-foire-du-livre","tag-frankenstein-tunisien","tag-pensee","tag-tunisie"],"yoast_head":"<!-- This site is optimized with the Yoast SEO Premium plugin v27.5 (Yoast SEO v27.5) - https:\/\/yoast.com\/product\/yoast-seo-premium-wordpress\/ -->\n<title>Kais Saied appelle \u00e0 lib\u00e9rer la pens\u00e9e ! Est-ce possible sans livres ?<\/title>\n<meta name=\"description\" content=\"La visite du\u00a0pr\u00e9sident de la R\u00e9publique, Ka\u00efs Sa\u00efed, avait effectu\u00e9 une visite, ce vendredi 28 avril 2023, \u00e0 la foire du Livre \u00e0 l\u2019occasion de son ouverture au...\" \/>\n<link rel=\"canonical\" href=\"https:\/\/www.webdo.tn\/fr\/actualite\/culture\/kais-saied-appelle-a-liberer-la-pensee-est-ce-possible-sans-livres\/205268\/\" \/>\n<meta property=\"og:locale\" content=\"fr_FR\" \/>\n<meta property=\"og:type\" content=\"article\" \/>\n<meta property=\"og:title\" content=\"Kais Saied appelle \u00e0 &quot;lib\u00e9rer la pens\u00e9e&quot; ! Est-ce possible sans livres ?\" \/>\n<meta property=\"og:description\" content=\"La visite du\u00a0pr\u00e9sident de la R\u00e9publique, Ka\u00efs Sa\u00efed, avait effectu\u00e9 une visite, ce vendredi 28 avril 2023, \u00e0 la foire du Livre \u00e0 l\u2019occasion de son ouverture au...\" \/>\n<meta property=\"og:url\" content=\"https:\/\/www.webdo.tn\/fr\/actualite\/culture\/kais-saied-appelle-a-liberer-la-pensee-est-ce-possible-sans-livres\/205268\/\" \/>\n<meta property=\"og:site_name\" content=\"webdo\" \/>\n<meta property=\"article:publisher\" content=\"https:\/\/www.facebook.com\/webdotn\" \/>\n<meta property=\"article:published_time\" content=\"2023-04-28T20:59:00+00:00\" \/>\n<meta property=\"og:image\" content=\"https:\/\/www.webdo.tn\/fr\/wp-content\/uploads\/2023\/04\/a65a54ba64fe8cbda7286960bbf9b91e.png\" \/>\n\t<meta property=\"og:image:width\" content=\"585\" \/>\n\t<meta property=\"og:image:height\" content=\"312\" \/>\n\t<meta property=\"og:image:type\" content=\"image\/png\" \/>\n<meta name=\"author\" content=\"Webdo\" \/>\n<meta name=\"twitter:card\" content=\"summary_large_image\" \/>\n<meta name=\"twitter:creator\" content=\"@webdo_tn\" \/>\n<meta name=\"twitter:site\" content=\"@webdo_tn\" \/>\n<meta name=\"twitter:label1\" content=\"\u00c9crit par\" \/>\n\t<meta name=\"twitter:data1\" content=\"Webdo\" \/>\n\t<meta name=\"twitter:label2\" content=\"Dur\u00e9e de lecture estim\u00e9e\" \/>\n\t<meta name=\"twitter:data2\" content=\"1 minute\" \/>\n<script type=\"application\/ld+json\" class=\"yoast-schema-graph\">{\"@context\":\"https:\\\/\\\/schema.org\",\"@graph\":[{\"@type\":\"NewsArticle\",\"@id\":\"https:\\\/\\\/www.webdo.tn\\\/fr\\\/actualite\\\/culture\\\/kais-saied-appelle-a-liberer-la-pensee-est-ce-possible-sans-livres\\\/205268\\\/#article\",\"isPartOf\":{\"@id\":\"https:\\\/\\\/www.webdo.tn\\\/fr\\\/actualite\\\/culture\\\/kais-saied-appelle-a-liberer-la-pensee-est-ce-possible-sans-livres\\\/205268\\\/\"},\"author\":{\"name\":\"Webdo\",\"@id\":\"https:\\\/\\\/www.webdo.tn\\\/fr\\\/#\\\/schema\\\/person\\\/1f4e491e0907b413d61089e8eb573acc\"},\"headline\":\"Kais Saied appelle \u00e0 \u00ab\u00a0lib\u00e9rer la pens\u00e9e\u00a0\u00bb ! Est-ce possible sans livres ?\",\"datePublished\":\"2023-04-28T20:59:00+00:00\",\"mainEntityOfPage\":{\"@id\":\"https:\\\/\\\/www.webdo.tn\\\/fr\\\/actualite\\\/culture\\\/kais-saied-appelle-a-liberer-la-pensee-est-ce-possible-sans-livres\\\/205268\\\/\"},\"wordCount\":248,\"commentCount\":0,\"publisher\":{\"@id\":\"https:\\\/\\\/www.webdo.tn\\\/fr\\\/#organization\"},\"image\":{\"@id\":\"https:\\\/\\\/www.webdo.tn\\\/fr\\\/actualite\\\/culture\\\/kais-saied-appelle-a-liberer-la-pensee-est-ce-possible-sans-livres\\\/205268\\\/#primaryimage\"},\"thumbnailUrl\":\"https:\\\/\\\/www.webdo.tn\\\/fr\\\/wp-content\\\/uploads\\\/2023\\\/04\\\/a65a54ba64fe8cbda7286960bbf9b91e.png\",\"keywords\":[\"dar el kitab\",\"\u00e9diteurs\",\"foire du livre\",\"frankenstein tunisien\",\"pens\u00e9e\",\"Tunisie\"],\"articleSection\":[\"Culture\"],\"inLanguage\":\"fr-FR\"},{\"@type\":\"WebPage\",\"@id\":\"https:\\\/\\\/www.webdo.tn\\\/fr\\\/actualite\\\/culture\\\/kais-saied-appelle-a-liberer-la-pensee-est-ce-possible-sans-livres\\\/205268\\\/\",\"url\":\"https:\\\/\\\/www.webdo.tn\\\/fr\\\/actualite\\\/culture\\\/kais-saied-appelle-a-liberer-la-pensee-est-ce-possible-sans-livres\\\/205268\\\/\",\"name\":\"Kais Saied appelle \u00e0 lib\u00e9rer la pens\u00e9e ! Est-ce possible sans livres ?\",\"isPartOf\":{\"@id\":\"https:\\\/\\\/www.webdo.tn\\\/fr\\\/#website\"},\"primaryImageOfPage\":{\"@id\":\"https:\\\/\\\/www.webdo.tn\\\/fr\\\/actualite\\\/culture\\\/kais-saied-appelle-a-liberer-la-pensee-est-ce-possible-sans-livres\\\/205268\\\/#primaryimage\"},\"image\":{\"@id\":\"https:\\\/\\\/www.webdo.tn\\\/fr\\\/actualite\\\/culture\\\/kais-saied-appelle-a-liberer-la-pensee-est-ce-possible-sans-livres\\\/205268\\\/#primaryimage\"},\"thumbnailUrl\":\"https:\\\/\\\/www.webdo.tn\\\/fr\\\/wp-content\\\/uploads\\\/2023\\\/04\\\/a65a54ba64fe8cbda7286960bbf9b91e.png\",\"datePublished\":\"2023-04-28T20:59:00+00:00\",\"description\":\"La visite du\u00a0pr\u00e9sident de la R\u00e9publique, Ka\u00efs Sa\u00efed, avait effectu\u00e9 une visite, ce vendredi 28 avril 2023, \u00e0 la foire du Livre \u00e0 l\u2019occasion de son ouverture au...\",\"breadcrumb\":{\"@id\":\"https:\\\/\\\/www.webdo.tn\\\/fr\\\/actualite\\\/culture\\\/kais-saied-appelle-a-liberer-la-pensee-est-ce-possible-sans-livres\\\/205268\\\/#breadcrumb\"},\"inLanguage\":\"fr-FR\",\"potentialAction\":[{\"@type\":\"ReadAction\",\"target\":[\"https:\\\/\\\/www.webdo.tn\\\/fr\\\/actualite\\\/culture\\\/kais-saied-appelle-a-liberer-la-pensee-est-ce-possible-sans-livres\\\/205268\\\/\"]}]},{\"@type\":\"ImageObject\",\"inLanguage\":\"fr-FR\",\"@id\":\"https:\\\/\\\/www.webdo.tn\\\/fr\\\/actualite\\\/culture\\\/kais-saied-appelle-a-liberer-la-pensee-est-ce-possible-sans-livres\\\/205268\\\/#primaryimage\",\"url\":\"https:\\\/\\\/www.webdo.tn\\\/fr\\\/wp-content\\\/uploads\\\/2023\\\/04\\\/a65a54ba64fe8cbda7286960bbf9b91e.png\",\"contentUrl\":\"https:\\\/\\\/www.webdo.tn\\\/fr\\\/wp-content\\\/uploads\\\/2023\\\/04\\\/a65a54ba64fe8cbda7286960bbf9b91e.png\",\"width\":585,\"height\":312,\"caption\":\"Kais Saied appelle \u00e0 \\\"lib\u00e9rer la pens\u00e9e\\\" ! Est-ce possible sans livres ?\"},{\"@type\":\"BreadcrumbList\",\"@id\":\"https:\\\/\\\/www.webdo.tn\\\/fr\\\/actualite\\\/culture\\\/kais-saied-appelle-a-liberer-la-pensee-est-ce-possible-sans-livres\\\/205268\\\/#breadcrumb\",\"itemListElement\":[{\"@type\":\"ListItem\",\"position\":1,\"name\":\"Accueil\",\"item\":\"https:\\\/\\\/www.webdo.tn\\\/fr\\\/\"},{\"@type\":\"ListItem\",\"position\":2,\"name\":\"Kais Saied appelle \u00e0 \u00ab\u00a0lib\u00e9rer la pens\u00e9e\u00a0\u00bb ! Est-ce possible sans livres ?\"}]},{\"@type\":\"WebSite\",\"@id\":\"https:\\\/\\\/www.webdo.tn\\\/fr\\\/#website\",\"url\":\"https:\\\/\\\/www.webdo.tn\\\/fr\\\/\",\"name\":\"webdo\",\"description\":\"Tunisie - News en Tunisie et \u00e0 l&#039;international sur Webdo.tn\",\"publisher\":{\"@id\":\"https:\\\/\\\/www.webdo.tn\\\/fr\\\/#organization\"},\"potentialAction\":[{\"@type\":\"SearchAction\",\"target\":{\"@type\":\"EntryPoint\",\"urlTemplate\":\"https:\\\/\\\/www.webdo.tn\\\/fr\\\/?s={search_term_string}\"},\"query-input\":{\"@type\":\"PropertyValueSpecification\",\"valueRequired\":true,\"valueName\":\"search_term_string\"}}],\"inLanguage\":\"fr-FR\"},{\"@type\":\"Organization\",\"@id\":\"https:\\\/\\\/www.webdo.tn\\\/fr\\\/#organization\",\"name\":\"Webdo\",\"alternateName\":\"Webdo.tn\",\"url\":\"https:\\\/\\\/www.webdo.tn\\\/fr\\\/\",\"logo\":{\"@type\":\"ImageObject\",\"inLanguage\":\"fr-FR\",\"@id\":\"https:\\\/\\\/www.webdo.tn\\\/fr\\\/#\\\/schema\\\/logo\\\/image\\\/\",\"url\":\"https:\\\/\\\/www.webdo.tn\\\/fr\\\/wp-content\\\/uploads\\\/2025\\\/06\\\/Webdo-Tunisie_168377.jpg\",\"contentUrl\":\"https:\\\/\\\/www.webdo.tn\\\/fr\\\/wp-content\\\/uploads\\\/2025\\\/06\\\/Webdo-Tunisie_168377.jpg\",\"width\":301,\"height\":301,\"caption\":\"Webdo\"},\"image\":{\"@id\":\"https:\\\/\\\/www.webdo.tn\\\/fr\\\/#\\\/schema\\\/logo\\\/image\\\/\"},\"sameAs\":[\"https:\\\/\\\/www.facebook.com\\\/webdotn\",\"https:\\\/\\\/x.com\\\/webdo_tn\"],\"description\":\"Webdo est un m\u00e9dia num\u00e9rique tunisien fond\u00e9 en 2010, sp\u00e9cialis\u00e9 dans l\u2019actualit\u00e9 nationale et internationale, l\u2019\u00e9conomie, la soci\u00e9t\u00e9 et les analyses politiques. Le site s\u2019adresse \u00e0 un large public francophone et couvre l\u2019information tunisienne en temps r\u00e9el.\",\"email\":\"redac@webdo.tn\",\"legalName\":\"YNJ SARL\",\"foundingDate\":\"2010-09-06\",\"numberOfEmployees\":{\"@type\":\"QuantitativeValue\",\"minValue\":\"11\",\"maxValue\":\"50\"}},{\"@type\":\"Person\",\"@id\":\"https:\\\/\\\/www.webdo.tn\\\/fr\\\/#\\\/schema\\\/person\\\/1f4e491e0907b413d61089e8eb573acc\",\"name\":\"Webdo\",\"image\":{\"@type\":\"ImageObject\",\"inLanguage\":\"fr-FR\",\"@id\":\"https:\\\/\\\/secure.gravatar.com\\\/avatar\\\/de97aeec1bb80978a9dbb127e47dfc88aaacb2f3c29aac907d8d3222e3495d49?s=96&d=mm&r=g\",\"url\":\"https:\\\/\\\/secure.gravatar.com\\\/avatar\\\/de97aeec1bb80978a9dbb127e47dfc88aaacb2f3c29aac907d8d3222e3495d49?s=96&d=mm&r=g\",\"contentUrl\":\"https:\\\/\\\/secure.gravatar.com\\\/avatar\\\/de97aeec1bb80978a9dbb127e47dfc88aaacb2f3c29aac907d8d3222e3495d49?s=96&d=mm&r=g\",\"caption\":\"Webdo\"},\"url\":\"https:\\\/\\\/www.webdo.tn\\\/fr\\\/actualite\\\/author\\\/webdo\\\/\"}]}<\/script>\n<!-- \/ Yoast SEO Premium plugin. -->","yoast_head_json":{"title":"Kais Saied appelle \u00e0 lib\u00e9rer la pens\u00e9e ! Est-ce possible sans livres ?","description":"La visite du\u00a0pr\u00e9sident de la R\u00e9publique, Ka\u00efs Sa\u00efed, avait effectu\u00e9 une visite, ce vendredi 28 avril 2023, \u00e0 la foire du Livre \u00e0 l\u2019occasion de son ouverture au...","canonical":"https:\/\/www.webdo.tn\/fr\/actualite\/culture\/kais-saied-appelle-a-liberer-la-pensee-est-ce-possible-sans-livres\/205268\/","og_locale":"fr_FR","og_type":"article","og_title":"Kais Saied appelle \u00e0 \"lib\u00e9rer la pens\u00e9e\" ! Est-ce possible sans livres ?","og_description":"La visite du\u00a0pr\u00e9sident de la R\u00e9publique, Ka\u00efs Sa\u00efed, avait effectu\u00e9 une visite, ce vendredi 28 avril 2023, \u00e0 la foire du Livre \u00e0 l\u2019occasion de son ouverture au...","og_url":"https:\/\/www.webdo.tn\/fr\/actualite\/culture\/kais-saied-appelle-a-liberer-la-pensee-est-ce-possible-sans-livres\/205268\/","og_site_name":"webdo","article_publisher":"https:\/\/www.facebook.com\/webdotn","article_published_time":"2023-04-28T20:59:00+00:00","og_image":[{"width":585,"height":312,"url":"https:\/\/www.webdo.tn\/fr\/wp-content\/uploads\/2023\/04\/a65a54ba64fe8cbda7286960bbf9b91e.png","type":"image\/png"}],"author":"Webdo","twitter_card":"summary_large_image","twitter_creator":"@webdo_tn","twitter_site":"@webdo_tn","twitter_misc":{"\u00c9crit par":"Webdo","Dur\u00e9e de lecture estim\u00e9e":"1 minute"},"schema":{"@context":"https:\/\/schema.org","@graph":[{"@type":"NewsArticle","@id":"https:\/\/www.webdo.tn\/fr\/actualite\/culture\/kais-saied-appelle-a-liberer-la-pensee-est-ce-possible-sans-livres\/205268\/#article","isPartOf":{"@id":"https:\/\/www.webdo.tn\/fr\/actualite\/culture\/kais-saied-appelle-a-liberer-la-pensee-est-ce-possible-sans-livres\/205268\/"},"author":{"name":"Webdo","@id":"https:\/\/www.webdo.tn\/fr\/#\/schema\/person\/1f4e491e0907b413d61089e8eb573acc"},"headline":"Kais Saied appelle \u00e0 \u00ab\u00a0lib\u00e9rer la pens\u00e9e\u00a0\u00bb ! Est-ce possible sans livres ?","datePublished":"2023-04-28T20:59:00+00:00","mainEntityOfPage":{"@id":"https:\/\/www.webdo.tn\/fr\/actualite\/culture\/kais-saied-appelle-a-liberer-la-pensee-est-ce-possible-sans-livres\/205268\/"},"wordCount":248,"commentCount":0,"publisher":{"@id":"https:\/\/www.webdo.tn\/fr\/#organization"},"image":{"@id":"https:\/\/www.webdo.tn\/fr\/actualite\/culture\/kais-saied-appelle-a-liberer-la-pensee-est-ce-possible-sans-livres\/205268\/#primaryimage"},"thumbnailUrl":"https:\/\/www.webdo.tn\/fr\/wp-content\/uploads\/2023\/04\/a65a54ba64fe8cbda7286960bbf9b91e.png","keywords":["dar el kitab","\u00e9diteurs","foire du livre","frankenstein tunisien","pens\u00e9e","Tunisie"],"articleSection":["Culture"],"inLanguage":"fr-FR"},{"@type":"WebPage","@id":"https:\/\/www.webdo.tn\/fr\/actualite\/culture\/kais-saied-appelle-a-liberer-la-pensee-est-ce-possible-sans-livres\/205268\/","url":"https:\/\/www.webdo.tn\/fr\/actualite\/culture\/kais-saied-appelle-a-liberer-la-pensee-est-ce-possible-sans-livres\/205268\/","name":"Kais Saied appelle \u00e0 lib\u00e9rer la pens\u00e9e ! Est-ce possible sans livres ?","isPartOf":{"@id":"https:\/\/www.webdo.tn\/fr\/#website"},"primaryImageOfPage":{"@id":"https:\/\/www.webdo.tn\/fr\/actualite\/culture\/kais-saied-appelle-a-liberer-la-pensee-est-ce-possible-sans-livres\/205268\/#primaryimage"},"image":{"@id":"https:\/\/www.webdo.tn\/fr\/actualite\/culture\/kais-saied-appelle-a-liberer-la-pensee-est-ce-possible-sans-livres\/205268\/#primaryimage"},"thumbnailUrl":"https:\/\/www.webdo.tn\/fr\/wp-content\/uploads\/2023\/04\/a65a54ba64fe8cbda7286960bbf9b91e.png","datePublished":"2023-04-28T20:59:00+00:00","description":"La visite du\u00a0pr\u00e9sident de la R\u00e9publique, Ka\u00efs Sa\u00efed, avait effectu\u00e9 une visite, ce vendredi 28 avril 2023, \u00e0 la foire du Livre \u00e0 l\u2019occasion de son ouverture au...","breadcrumb":{"@id":"https:\/\/www.webdo.tn\/fr\/actualite\/culture\/kais-saied-appelle-a-liberer-la-pensee-est-ce-possible-sans-livres\/205268\/#breadcrumb"},"inLanguage":"fr-FR","potentialAction":[{"@type":"ReadAction","target":["https:\/\/www.webdo.tn\/fr\/actualite\/culture\/kais-saied-appelle-a-liberer-la-pensee-est-ce-possible-sans-livres\/205268\/"]}]},{"@type":"ImageObject","inLanguage":"fr-FR","@id":"https:\/\/www.webdo.tn\/fr\/actualite\/culture\/kais-saied-appelle-a-liberer-la-pensee-est-ce-possible-sans-livres\/205268\/#primaryimage","url":"https:\/\/www.webdo.tn\/fr\/wp-content\/uploads\/2023\/04\/a65a54ba64fe8cbda7286960bbf9b91e.png","contentUrl":"https:\/\/www.webdo.tn\/fr\/wp-content\/uploads\/2023\/04\/a65a54ba64fe8cbda7286960bbf9b91e.png","width":585,"height":312,"caption":"Kais Saied appelle \u00e0 \"lib\u00e9rer la pens\u00e9e\" ! Est-ce possible sans livres ?"},{"@type":"BreadcrumbList","@id":"https:\/\/www.webdo.tn\/fr\/actualite\/culture\/kais-saied-appelle-a-liberer-la-pensee-est-ce-possible-sans-livres\/205268\/#breadcrumb","itemListElement":[{"@type":"ListItem","position":1,"name":"Accueil","item":"https:\/\/www.webdo.tn\/fr\/"},{"@type":"ListItem","position":2,"name":"Kais Saied appelle \u00e0 \u00ab\u00a0lib\u00e9rer la pens\u00e9e\u00a0\u00bb ! Est-ce possible sans livres ?"}]},{"@type":"WebSite","@id":"https:\/\/www.webdo.tn\/fr\/#website","url":"https:\/\/www.webdo.tn\/fr\/","name":"webdo","description":"Tunisie - News en Tunisie et \u00e0 l&#039;international sur Webdo.tn","publisher":{"@id":"https:\/\/www.webdo.tn\/fr\/#organization"},"potentialAction":[{"@type":"SearchAction","target":{"@type":"EntryPoint","urlTemplate":"https:\/\/www.webdo.tn\/fr\/?s={search_term_string}"},"query-input":{"@type":"PropertyValueSpecification","valueRequired":true,"valueName":"search_term_string"}}],"inLanguage":"fr-FR"},{"@type":"Organization","@id":"https:\/\/www.webdo.tn\/fr\/#organization","name":"Webdo","alternateName":"Webdo.tn","url":"https:\/\/www.webdo.tn\/fr\/","logo":{"@type":"ImageObject","inLanguage":"fr-FR","@id":"https:\/\/www.webdo.tn\/fr\/#\/schema\/logo\/image\/","url":"https:\/\/www.webdo.tn\/fr\/wp-content\/uploads\/2025\/06\/Webdo-Tunisie_168377.jpg","contentUrl":"https:\/\/www.webdo.tn\/fr\/wp-content\/uploads\/2025\/06\/Webdo-Tunisie_168377.jpg","width":301,"height":301,"caption":"Webdo"},"image":{"@id":"https:\/\/www.webdo.tn\/fr\/#\/schema\/logo\/image\/"},"sameAs":["https:\/\/www.facebook.com\/webdotn","https:\/\/x.com\/webdo_tn"],"description":"Webdo est un m\u00e9dia num\u00e9rique tunisien fond\u00e9 en 2010, sp\u00e9cialis\u00e9 dans l\u2019actualit\u00e9 nationale et internationale, l\u2019\u00e9conomie, la soci\u00e9t\u00e9 et les analyses politiques. Le site s\u2019adresse \u00e0 un large public francophone et couvre l\u2019information tunisienne en temps r\u00e9el.","email":"redac@webdo.tn","legalName":"YNJ SARL","foundingDate":"2010-09-06","numberOfEmployees":{"@type":"QuantitativeValue","minValue":"11","maxValue":"50"}},{"@type":"Person","@id":"https:\/\/www.webdo.tn\/fr\/#\/schema\/person\/1f4e491e0907b413d61089e8eb573acc","name":"Webdo","image":{"@type":"ImageObject","inLanguage":"fr-FR","@id":"https:\/\/secure.gravatar.com\/avatar\/de97aeec1bb80978a9dbb127e47dfc88aaacb2f3c29aac907d8d3222e3495d49?s=96&d=mm&r=g","url":"https:\/\/secure.gravatar.com\/avatar\/de97aeec1bb80978a9dbb127e47dfc88aaacb2f3c29aac907d8d3222e3495d49?s=96&d=mm&r=g","contentUrl":"https:\/\/secure.gravatar.com\/avatar\/de97aeec1bb80978a9dbb127e47dfc88aaacb2f3c29aac907d8d3222e3495d49?s=96&d=mm&r=g","caption":"Webdo"},"url":"https:\/\/www.webdo.tn\/fr\/actualite\/author\/webdo\/"}]}},"_links":{"self":[{"href":"https:\/\/www.webdo.tn\/fr\/wp-json\/wp\/v2\/posts\/205268","targetHints":{"allow":["GET"]}}],"collection":[{"href":"https:\/\/www.webdo.tn\/fr\/wp-json\/wp\/v2\/posts"}],"about":[{"href":"https:\/\/www.webdo.tn\/fr\/wp-json\/wp\/v2\/types\/post"}],"author":[{"embeddable":true,"href":"https:\/\/www.webdo.tn\/fr\/wp-json\/wp\/v2\/users\/3169"}],"replies":[{"embeddable":true,"href":"https:\/\/www.webdo.tn\/fr\/wp-json\/wp\/v2\/comments?post=205268"}],"version-history":[{"count":0,"href":"https:\/\/www.webdo.tn\/fr\/wp-json\/wp\/v2\/posts\/205268\/revisions"}],"wp:featuredmedia":[{"embeddable":true,"href":"https:\/\/www.webdo.tn\/fr\/wp-json\/wp\/v2\/media\/251296"}],"wp:attachment":[{"href":"https:\/\/www.webdo.tn\/fr\/wp-json\/wp\/v2\/media?parent=205268"}],"wp:term":[{"taxonomy":"category","embeddable":true,"href":"https:\/\/www.webdo.tn\/fr\/wp-json\/wp\/v2\/categories?post=205268"},{"taxonomy":"post_tag","embeddable":true,"href":"https:\/\/www.webdo.tn\/fr\/wp-json\/wp\/v2\/tags?post=205268"}],"curies":[{"name":"wp","href":"https:\/\/api.w.org\/{rel}","templated":true}]}}