{"id":205265,"date":"2023-04-28T19:56:00","date_gmt":"2023-04-28T19:56:00","guid":{"rendered":"https:\/\/www.webdo.tn\/fr\/blog\/le-directeur-de-dar-el-kitab-explique-les-raisons-de-la-fermeture-de-son-stand\/205265\/"},"modified":"2023-04-28T19:56:00","modified_gmt":"2023-04-28T19:56:00","slug":"le-directeur-de-dar-el-kitab-explique-les-raisons-de-la-fermeture-de-son-stand","status":"publish","type":"post","link":"https:\/\/www.webdo.tn\/fr\/actualite\/culture\/le-directeur-de-dar-el-kitab-explique-les-raisons-de-la-fermeture-de-son-stand\/205265\/","title":{"rendered":"Stand de Dar El Kitab ferm\u00e9 : Explications de son directeur"},"content":{"rendered":"<p>Le directeur de la maison d\u2019\u00e9dition Dar El Kitab, Habib Zoghbi, a expliqu\u00e9 les raisons de la fermeture de son stand, dans une vid\u00e9o post\u00e9e sur Facebook par la page de \u00ab\u00a0La Maison du livre Tunisie\u00a0\u00bb, ce vendredi 28 avril 2023.<\/p>\n<p>\t\t\t\t\t\t\t\t\tCette fermeture serait li\u00e9e au livre \u00ab le Frankenstein tunisien \u00bb, de l&rsquo;auteur Kamel Riahi.<\/p>\n<p>Habib Zoghbi a d\u00e9plor\u00e9 le harc\u00e8lement des s\u00e9curitaires, de l\u2019administration et de tous les intervenants, \u00e0 son encontre et \u00e0 l&rsquo;encontre de son stand.\u00a0Il a \u00e9galement pr\u00e9cis\u00e9 que les autres \u00e9diteurs ont d\u00e9cid\u00e9 de fermer \u00e9galement leurs stands en guise de protestation contre une d\u00e9cision qui n\u2019a aucun fondement l\u00e9gal.<\/p>\n<p>Selon le directeur de la maison d&rsquo;\u00e9dition, le retrait du livre \u00e9tait d\u00fb au fait qu&rsquo;il ne figurait pas sur\u00a0la liste d\u00e9pos\u00e9e \u00e0 la foire alors qu&rsquo;il a bien \u00e9t\u00e9 inclus, plus tard, dans une liste compl\u00e9mentaire.<\/p>\n<p>\u00ab\u00a0Le Frankenstein tunisien \u00bb est un livre politique, comme son auteur le pr\u00e9sente, qui fait \u00e9tat de la cr\u00e9ation d&rsquo;un monstre par les Tunisiens \u00e0 partir de leurs d\u00e9ceptions.<\/p>\n<p>\u00ab\u00a0Hasard du calendrier\u00a0\u00bb, cette fermerture du stand de Dar El Kitab intervient quelques heures seulement apr\u00e9s la visite du\u00a0pr\u00e9sident de la R\u00e9publique, Ka\u00efs Sa\u00efed, \u00e0 la foire du Livre \u00e0 l\u2019occasion de son ouverture au parc des expositions du Kram.\u00a0Une visite au cours de laquelle le chef de l&rsquo;Etat a beaucoup insist\u00e9 sur\u00a0l\u2019importance de \u00ab lib\u00e9rer la pens\u00e9e \u00bb.<\/p>\n","protected":false},"excerpt":{"rendered":"<p>Le directeur de la maison d\u2019\u00e9dition Dar El Kitab, Habib Zoghbi, a expliqu\u00e9 les raisons de la fermeture de son stand, dans une vid\u00e9o post\u00e9e sur Facebook par la p&#8230;<\/p>\n","protected":false},"author":3169,"featured_media":251297,"comment_status":"open","ping_status":"closed","sticky":false,"template":"","format":"standard","meta":{"footnotes":""},"categories":[2594],"tags":[8496,6588,8500,2608],"class_list":["post-205265","post","type-post","status-publish","format-standard","has-post-thumbnail","hentry","category-culture","tag-dar-el-kitab","tag-foire-du-livre","tag-stand","tag-tunisie"],"yoast_head":"<!-- This site is optimized with the Yoast SEO Premium plugin v27.5 (Yoast SEO v27.5) - https:\/\/yoast.com\/product\/yoast-seo-premium-wordpress\/ -->\n<title>Stand de Dar El Kitab ferm\u00e9 : Explications de son directeur<\/title>\n<meta name=\"description\" content=\"Le directeur de la maison d\u2019\u00e9dition Dar El Kitab, Habib Zoghbi, a expliqu\u00e9 les raisons de la fermeture de son stand, dans une vid\u00e9o post\u00e9e sur Facebook par la p...\" \/>\n<link rel=\"canonical\" href=\"https:\/\/www.webdo.tn\/fr\/actualite\/culture\/le-directeur-de-dar-el-kitab-explique-les-raisons-de-la-fermeture-de-son-stand\/205265\/\" \/>\n<meta property=\"og:locale\" content=\"fr_FR\" \/>\n<meta property=\"og:type\" content=\"article\" \/>\n<meta property=\"og:title\" content=\"Stand de Dar El Kitab ferm\u00e9 : Explications de son directeur\" \/>\n<meta property=\"og:description\" content=\"Le directeur de la maison d\u2019\u00e9dition Dar El Kitab, Habib Zoghbi, a expliqu\u00e9 les raisons de la fermeture de son stand, dans une vid\u00e9o post\u00e9e sur Facebook par la p...\" \/>\n<meta property=\"og:url\" content=\"https:\/\/www.webdo.tn\/fr\/actualite\/culture\/le-directeur-de-dar-el-kitab-explique-les-raisons-de-la-fermeture-de-son-stand\/205265\/\" \/>\n<meta property=\"og:site_name\" content=\"webdo\" \/>\n<meta property=\"article:publisher\" content=\"https:\/\/www.facebook.com\/webdotn\" \/>\n<meta property=\"article:published_time\" content=\"2023-04-28T19:56:00+00:00\" \/>\n<meta property=\"og:image\" content=\"https:\/\/www.webdo.tn\/fr\/wp-content\/uploads\/2023\/04\/6d4bef1c28afca046b56f005a92ef97e.jpg\" \/>\n\t<meta property=\"og:image:width\" content=\"750\" \/>\n\t<meta property=\"og:image:height\" content=\"400\" \/>\n\t<meta property=\"og:image:type\" content=\"image\/jpeg\" \/>\n<meta name=\"author\" content=\"Webdo\" \/>\n<meta name=\"twitter:card\" content=\"summary_large_image\" \/>\n<meta name=\"twitter:creator\" content=\"@webdo_tn\" \/>\n<meta name=\"twitter:site\" content=\"@webdo_tn\" \/>\n<meta name=\"twitter:label1\" content=\"\u00c9crit par\" \/>\n\t<meta name=\"twitter:data1\" content=\"Webdo\" \/>\n\t<meta name=\"twitter:label2\" content=\"Dur\u00e9e de lecture estim\u00e9e\" \/>\n\t<meta name=\"twitter:data2\" content=\"1 minute\" \/>\n<script type=\"application\/ld+json\" class=\"yoast-schema-graph\">{\"@context\":\"https:\\\/\\\/schema.org\",\"@graph\":[{\"@type\":\"NewsArticle\",\"@id\":\"https:\\\/\\\/www.webdo.tn\\\/fr\\\/actualite\\\/culture\\\/le-directeur-de-dar-el-kitab-explique-les-raisons-de-la-fermeture-de-son-stand\\\/205265\\\/#article\",\"isPartOf\":{\"@id\":\"https:\\\/\\\/www.webdo.tn\\\/fr\\\/actualite\\\/culture\\\/le-directeur-de-dar-el-kitab-explique-les-raisons-de-la-fermeture-de-son-stand\\\/205265\\\/\"},\"author\":{\"name\":\"Webdo\",\"@id\":\"https:\\\/\\\/www.webdo.tn\\\/fr\\\/#\\\/schema\\\/person\\\/1f4e491e0907b413d61089e8eb573acc\"},\"headline\":\"Stand de Dar El Kitab ferm\u00e9 : Explications de son directeur\",\"datePublished\":\"2023-04-28T19:56:00+00:00\",\"mainEntityOfPage\":{\"@id\":\"https:\\\/\\\/www.webdo.tn\\\/fr\\\/actualite\\\/culture\\\/le-directeur-de-dar-el-kitab-explique-les-raisons-de-la-fermeture-de-son-stand\\\/205265\\\/\"},\"wordCount\":268,\"commentCount\":0,\"publisher\":{\"@id\":\"https:\\\/\\\/www.webdo.tn\\\/fr\\\/#organization\"},\"image\":{\"@id\":\"https:\\\/\\\/www.webdo.tn\\\/fr\\\/actualite\\\/culture\\\/le-directeur-de-dar-el-kitab-explique-les-raisons-de-la-fermeture-de-son-stand\\\/205265\\\/#primaryimage\"},\"thumbnailUrl\":\"https:\\\/\\\/www.webdo.tn\\\/fr\\\/wp-content\\\/uploads\\\/2023\\\/04\\\/6d4bef1c28afca046b56f005a92ef97e.jpg\",\"keywords\":[\"dar el kitab\",\"foire du livre\",\"stand\",\"Tunisie\"],\"articleSection\":[\"Culture\"],\"inLanguage\":\"fr-FR\"},{\"@type\":\"WebPage\",\"@id\":\"https:\\\/\\\/www.webdo.tn\\\/fr\\\/actualite\\\/culture\\\/le-directeur-de-dar-el-kitab-explique-les-raisons-de-la-fermeture-de-son-stand\\\/205265\\\/\",\"url\":\"https:\\\/\\\/www.webdo.tn\\\/fr\\\/actualite\\\/culture\\\/le-directeur-de-dar-el-kitab-explique-les-raisons-de-la-fermeture-de-son-stand\\\/205265\\\/\",\"name\":\"Stand de Dar El Kitab ferm\u00e9 : Explications de son directeur\",\"isPartOf\":{\"@id\":\"https:\\\/\\\/www.webdo.tn\\\/fr\\\/#website\"},\"primaryImageOfPage\":{\"@id\":\"https:\\\/\\\/www.webdo.tn\\\/fr\\\/actualite\\\/culture\\\/le-directeur-de-dar-el-kitab-explique-les-raisons-de-la-fermeture-de-son-stand\\\/205265\\\/#primaryimage\"},\"image\":{\"@id\":\"https:\\\/\\\/www.webdo.tn\\\/fr\\\/actualite\\\/culture\\\/le-directeur-de-dar-el-kitab-explique-les-raisons-de-la-fermeture-de-son-stand\\\/205265\\\/#primaryimage\"},\"thumbnailUrl\":\"https:\\\/\\\/www.webdo.tn\\\/fr\\\/wp-content\\\/uploads\\\/2023\\\/04\\\/6d4bef1c28afca046b56f005a92ef97e.jpg\",\"datePublished\":\"2023-04-28T19:56:00+00:00\",\"description\":\"Le directeur de la maison d\u2019\u00e9dition Dar El Kitab, Habib Zoghbi, a expliqu\u00e9 les raisons de la fermeture de son stand, dans une vid\u00e9o post\u00e9e sur Facebook par la p...\",\"breadcrumb\":{\"@id\":\"https:\\\/\\\/www.webdo.tn\\\/fr\\\/actualite\\\/culture\\\/le-directeur-de-dar-el-kitab-explique-les-raisons-de-la-fermeture-de-son-stand\\\/205265\\\/#breadcrumb\"},\"inLanguage\":\"fr-FR\",\"potentialAction\":[{\"@type\":\"ReadAction\",\"target\":[\"https:\\\/\\\/www.webdo.tn\\\/fr\\\/actualite\\\/culture\\\/le-directeur-de-dar-el-kitab-explique-les-raisons-de-la-fermeture-de-son-stand\\\/205265\\\/\"]}]},{\"@type\":\"ImageObject\",\"inLanguage\":\"fr-FR\",\"@id\":\"https:\\\/\\\/www.webdo.tn\\\/fr\\\/actualite\\\/culture\\\/le-directeur-de-dar-el-kitab-explique-les-raisons-de-la-fermeture-de-son-stand\\\/205265\\\/#primaryimage\",\"url\":\"https:\\\/\\\/www.webdo.tn\\\/fr\\\/wp-content\\\/uploads\\\/2023\\\/04\\\/6d4bef1c28afca046b56f005a92ef97e.jpg\",\"contentUrl\":\"https:\\\/\\\/www.webdo.tn\\\/fr\\\/wp-content\\\/uploads\\\/2023\\\/04\\\/6d4bef1c28afca046b56f005a92ef97e.jpg\",\"width\":750,\"height\":400,\"caption\":\"Stand de Dar El Kitab ferm\u00e9 : Explications de son directeur\"},{\"@type\":\"BreadcrumbList\",\"@id\":\"https:\\\/\\\/www.webdo.tn\\\/fr\\\/actualite\\\/culture\\\/le-directeur-de-dar-el-kitab-explique-les-raisons-de-la-fermeture-de-son-stand\\\/205265\\\/#breadcrumb\",\"itemListElement\":[{\"@type\":\"ListItem\",\"position\":1,\"name\":\"Accueil\",\"item\":\"https:\\\/\\\/www.webdo.tn\\\/fr\\\/\"},{\"@type\":\"ListItem\",\"position\":2,\"name\":\"Stand de Dar El Kitab ferm\u00e9 : Explications de son directeur\"}]},{\"@type\":\"WebSite\",\"@id\":\"https:\\\/\\\/www.webdo.tn\\\/fr\\\/#website\",\"url\":\"https:\\\/\\\/www.webdo.tn\\\/fr\\\/\",\"name\":\"webdo\",\"description\":\"Tunisie - News en Tunisie et \u00e0 l&#039;international sur Webdo.tn\",\"publisher\":{\"@id\":\"https:\\\/\\\/www.webdo.tn\\\/fr\\\/#organization\"},\"potentialAction\":[{\"@type\":\"SearchAction\",\"target\":{\"@type\":\"EntryPoint\",\"urlTemplate\":\"https:\\\/\\\/www.webdo.tn\\\/fr\\\/?s={search_term_string}\"},\"query-input\":{\"@type\":\"PropertyValueSpecification\",\"valueRequired\":true,\"valueName\":\"search_term_string\"}}],\"inLanguage\":\"fr-FR\"},{\"@type\":\"Organization\",\"@id\":\"https:\\\/\\\/www.webdo.tn\\\/fr\\\/#organization\",\"name\":\"Webdo\",\"alternateName\":\"Webdo.tn\",\"url\":\"https:\\\/\\\/www.webdo.tn\\\/fr\\\/\",\"logo\":{\"@type\":\"ImageObject\",\"inLanguage\":\"fr-FR\",\"@id\":\"https:\\\/\\\/www.webdo.tn\\\/fr\\\/#\\\/schema\\\/logo\\\/image\\\/\",\"url\":\"https:\\\/\\\/www.webdo.tn\\\/fr\\\/wp-content\\\/uploads\\\/2025\\\/06\\\/Webdo-Tunisie_168377.jpg\",\"contentUrl\":\"https:\\\/\\\/www.webdo.tn\\\/fr\\\/wp-content\\\/uploads\\\/2025\\\/06\\\/Webdo-Tunisie_168377.jpg\",\"width\":301,\"height\":301,\"caption\":\"Webdo\"},\"image\":{\"@id\":\"https:\\\/\\\/www.webdo.tn\\\/fr\\\/#\\\/schema\\\/logo\\\/image\\\/\"},\"sameAs\":[\"https:\\\/\\\/www.facebook.com\\\/webdotn\",\"https:\\\/\\\/x.com\\\/webdo_tn\"],\"description\":\"Webdo est un m\u00e9dia num\u00e9rique tunisien fond\u00e9 en 2010, sp\u00e9cialis\u00e9 dans l\u2019actualit\u00e9 nationale et internationale, l\u2019\u00e9conomie, la soci\u00e9t\u00e9 et les analyses politiques. Le site s\u2019adresse \u00e0 un large public francophone et couvre l\u2019information tunisienne en temps r\u00e9el.\",\"email\":\"redac@webdo.tn\",\"legalName\":\"YNJ SARL\",\"foundingDate\":\"2010-09-06\",\"numberOfEmployees\":{\"@type\":\"QuantitativeValue\",\"minValue\":\"11\",\"maxValue\":\"50\"}},{\"@type\":\"Person\",\"@id\":\"https:\\\/\\\/www.webdo.tn\\\/fr\\\/#\\\/schema\\\/person\\\/1f4e491e0907b413d61089e8eb573acc\",\"name\":\"Webdo\",\"image\":{\"@type\":\"ImageObject\",\"inLanguage\":\"fr-FR\",\"@id\":\"https:\\\/\\\/secure.gravatar.com\\\/avatar\\\/de97aeec1bb80978a9dbb127e47dfc88aaacb2f3c29aac907d8d3222e3495d49?s=96&d=mm&r=g\",\"url\":\"https:\\\/\\\/secure.gravatar.com\\\/avatar\\\/de97aeec1bb80978a9dbb127e47dfc88aaacb2f3c29aac907d8d3222e3495d49?s=96&d=mm&r=g\",\"contentUrl\":\"https:\\\/\\\/secure.gravatar.com\\\/avatar\\\/de97aeec1bb80978a9dbb127e47dfc88aaacb2f3c29aac907d8d3222e3495d49?s=96&d=mm&r=g\",\"caption\":\"Webdo\"},\"url\":\"https:\\\/\\\/www.webdo.tn\\\/fr\\\/actualite\\\/author\\\/webdo\\\/\"}]}<\/script>\n<!-- \/ Yoast SEO Premium plugin. -->","yoast_head_json":{"title":"Stand de Dar El Kitab ferm\u00e9 : Explications de son directeur","description":"Le directeur de la maison d\u2019\u00e9dition Dar El Kitab, Habib Zoghbi, a expliqu\u00e9 les raisons de la fermeture de son stand, dans une vid\u00e9o post\u00e9e sur Facebook par la p...","canonical":"https:\/\/www.webdo.tn\/fr\/actualite\/culture\/le-directeur-de-dar-el-kitab-explique-les-raisons-de-la-fermeture-de-son-stand\/205265\/","og_locale":"fr_FR","og_type":"article","og_title":"Stand de Dar El Kitab ferm\u00e9 : Explications de son directeur","og_description":"Le directeur de la maison d\u2019\u00e9dition Dar El Kitab, Habib Zoghbi, a expliqu\u00e9 les raisons de la fermeture de son stand, dans une vid\u00e9o post\u00e9e sur Facebook par la p...","og_url":"https:\/\/www.webdo.tn\/fr\/actualite\/culture\/le-directeur-de-dar-el-kitab-explique-les-raisons-de-la-fermeture-de-son-stand\/205265\/","og_site_name":"webdo","article_publisher":"https:\/\/www.facebook.com\/webdotn","article_published_time":"2023-04-28T19:56:00+00:00","og_image":[{"width":750,"height":400,"url":"https:\/\/www.webdo.tn\/fr\/wp-content\/uploads\/2023\/04\/6d4bef1c28afca046b56f005a92ef97e.jpg","type":"image\/jpeg"}],"author":"Webdo","twitter_card":"summary_large_image","twitter_creator":"@webdo_tn","twitter_site":"@webdo_tn","twitter_misc":{"\u00c9crit par":"Webdo","Dur\u00e9e de lecture estim\u00e9e":"1 minute"},"schema":{"@context":"https:\/\/schema.org","@graph":[{"@type":"NewsArticle","@id":"https:\/\/www.webdo.tn\/fr\/actualite\/culture\/le-directeur-de-dar-el-kitab-explique-les-raisons-de-la-fermeture-de-son-stand\/205265\/#article","isPartOf":{"@id":"https:\/\/www.webdo.tn\/fr\/actualite\/culture\/le-directeur-de-dar-el-kitab-explique-les-raisons-de-la-fermeture-de-son-stand\/205265\/"},"author":{"name":"Webdo","@id":"https:\/\/www.webdo.tn\/fr\/#\/schema\/person\/1f4e491e0907b413d61089e8eb573acc"},"headline":"Stand de Dar El Kitab ferm\u00e9 : Explications de son directeur","datePublished":"2023-04-28T19:56:00+00:00","mainEntityOfPage":{"@id":"https:\/\/www.webdo.tn\/fr\/actualite\/culture\/le-directeur-de-dar-el-kitab-explique-les-raisons-de-la-fermeture-de-son-stand\/205265\/"},"wordCount":268,"commentCount":0,"publisher":{"@id":"https:\/\/www.webdo.tn\/fr\/#organization"},"image":{"@id":"https:\/\/www.webdo.tn\/fr\/actualite\/culture\/le-directeur-de-dar-el-kitab-explique-les-raisons-de-la-fermeture-de-son-stand\/205265\/#primaryimage"},"thumbnailUrl":"https:\/\/www.webdo.tn\/fr\/wp-content\/uploads\/2023\/04\/6d4bef1c28afca046b56f005a92ef97e.jpg","keywords":["dar el kitab","foire du livre","stand","Tunisie"],"articleSection":["Culture"],"inLanguage":"fr-FR"},{"@type":"WebPage","@id":"https:\/\/www.webdo.tn\/fr\/actualite\/culture\/le-directeur-de-dar-el-kitab-explique-les-raisons-de-la-fermeture-de-son-stand\/205265\/","url":"https:\/\/www.webdo.tn\/fr\/actualite\/culture\/le-directeur-de-dar-el-kitab-explique-les-raisons-de-la-fermeture-de-son-stand\/205265\/","name":"Stand de Dar El Kitab ferm\u00e9 : Explications de son directeur","isPartOf":{"@id":"https:\/\/www.webdo.tn\/fr\/#website"},"primaryImageOfPage":{"@id":"https:\/\/www.webdo.tn\/fr\/actualite\/culture\/le-directeur-de-dar-el-kitab-explique-les-raisons-de-la-fermeture-de-son-stand\/205265\/#primaryimage"},"image":{"@id":"https:\/\/www.webdo.tn\/fr\/actualite\/culture\/le-directeur-de-dar-el-kitab-explique-les-raisons-de-la-fermeture-de-son-stand\/205265\/#primaryimage"},"thumbnailUrl":"https:\/\/www.webdo.tn\/fr\/wp-content\/uploads\/2023\/04\/6d4bef1c28afca046b56f005a92ef97e.jpg","datePublished":"2023-04-28T19:56:00+00:00","description":"Le directeur de la maison d\u2019\u00e9dition Dar El Kitab, Habib Zoghbi, a expliqu\u00e9 les raisons de la fermeture de son stand, dans une vid\u00e9o post\u00e9e sur Facebook par la p...","breadcrumb":{"@id":"https:\/\/www.webdo.tn\/fr\/actualite\/culture\/le-directeur-de-dar-el-kitab-explique-les-raisons-de-la-fermeture-de-son-stand\/205265\/#breadcrumb"},"inLanguage":"fr-FR","potentialAction":[{"@type":"ReadAction","target":["https:\/\/www.webdo.tn\/fr\/actualite\/culture\/le-directeur-de-dar-el-kitab-explique-les-raisons-de-la-fermeture-de-son-stand\/205265\/"]}]},{"@type":"ImageObject","inLanguage":"fr-FR","@id":"https:\/\/www.webdo.tn\/fr\/actualite\/culture\/le-directeur-de-dar-el-kitab-explique-les-raisons-de-la-fermeture-de-son-stand\/205265\/#primaryimage","url":"https:\/\/www.webdo.tn\/fr\/wp-content\/uploads\/2023\/04\/6d4bef1c28afca046b56f005a92ef97e.jpg","contentUrl":"https:\/\/www.webdo.tn\/fr\/wp-content\/uploads\/2023\/04\/6d4bef1c28afca046b56f005a92ef97e.jpg","width":750,"height":400,"caption":"Stand de Dar El Kitab ferm\u00e9 : Explications de son directeur"},{"@type":"BreadcrumbList","@id":"https:\/\/www.webdo.tn\/fr\/actualite\/culture\/le-directeur-de-dar-el-kitab-explique-les-raisons-de-la-fermeture-de-son-stand\/205265\/#breadcrumb","itemListElement":[{"@type":"ListItem","position":1,"name":"Accueil","item":"https:\/\/www.webdo.tn\/fr\/"},{"@type":"ListItem","position":2,"name":"Stand de Dar El Kitab ferm\u00e9 : Explications de son directeur"}]},{"@type":"WebSite","@id":"https:\/\/www.webdo.tn\/fr\/#website","url":"https:\/\/www.webdo.tn\/fr\/","name":"webdo","description":"Tunisie - News en Tunisie et \u00e0 l&#039;international sur Webdo.tn","publisher":{"@id":"https:\/\/www.webdo.tn\/fr\/#organization"},"potentialAction":[{"@type":"SearchAction","target":{"@type":"EntryPoint","urlTemplate":"https:\/\/www.webdo.tn\/fr\/?s={search_term_string}"},"query-input":{"@type":"PropertyValueSpecification","valueRequired":true,"valueName":"search_term_string"}}],"inLanguage":"fr-FR"},{"@type":"Organization","@id":"https:\/\/www.webdo.tn\/fr\/#organization","name":"Webdo","alternateName":"Webdo.tn","url":"https:\/\/www.webdo.tn\/fr\/","logo":{"@type":"ImageObject","inLanguage":"fr-FR","@id":"https:\/\/www.webdo.tn\/fr\/#\/schema\/logo\/image\/","url":"https:\/\/www.webdo.tn\/fr\/wp-content\/uploads\/2025\/06\/Webdo-Tunisie_168377.jpg","contentUrl":"https:\/\/www.webdo.tn\/fr\/wp-content\/uploads\/2025\/06\/Webdo-Tunisie_168377.jpg","width":301,"height":301,"caption":"Webdo"},"image":{"@id":"https:\/\/www.webdo.tn\/fr\/#\/schema\/logo\/image\/"},"sameAs":["https:\/\/www.facebook.com\/webdotn","https:\/\/x.com\/webdo_tn"],"description":"Webdo est un m\u00e9dia num\u00e9rique tunisien fond\u00e9 en 2010, sp\u00e9cialis\u00e9 dans l\u2019actualit\u00e9 nationale et internationale, l\u2019\u00e9conomie, la soci\u00e9t\u00e9 et les analyses politiques. Le site s\u2019adresse \u00e0 un large public francophone et couvre l\u2019information tunisienne en temps r\u00e9el.","email":"redac@webdo.tn","legalName":"YNJ SARL","foundingDate":"2010-09-06","numberOfEmployees":{"@type":"QuantitativeValue","minValue":"11","maxValue":"50"}},{"@type":"Person","@id":"https:\/\/www.webdo.tn\/fr\/#\/schema\/person\/1f4e491e0907b413d61089e8eb573acc","name":"Webdo","image":{"@type":"ImageObject","inLanguage":"fr-FR","@id":"https:\/\/secure.gravatar.com\/avatar\/de97aeec1bb80978a9dbb127e47dfc88aaacb2f3c29aac907d8d3222e3495d49?s=96&d=mm&r=g","url":"https:\/\/secure.gravatar.com\/avatar\/de97aeec1bb80978a9dbb127e47dfc88aaacb2f3c29aac907d8d3222e3495d49?s=96&d=mm&r=g","contentUrl":"https:\/\/secure.gravatar.com\/avatar\/de97aeec1bb80978a9dbb127e47dfc88aaacb2f3c29aac907d8d3222e3495d49?s=96&d=mm&r=g","caption":"Webdo"},"url":"https:\/\/www.webdo.tn\/fr\/actualite\/author\/webdo\/"}]}},"_links":{"self":[{"href":"https:\/\/www.webdo.tn\/fr\/wp-json\/wp\/v2\/posts\/205265","targetHints":{"allow":["GET"]}}],"collection":[{"href":"https:\/\/www.webdo.tn\/fr\/wp-json\/wp\/v2\/posts"}],"about":[{"href":"https:\/\/www.webdo.tn\/fr\/wp-json\/wp\/v2\/types\/post"}],"author":[{"embeddable":true,"href":"https:\/\/www.webdo.tn\/fr\/wp-json\/wp\/v2\/users\/3169"}],"replies":[{"embeddable":true,"href":"https:\/\/www.webdo.tn\/fr\/wp-json\/wp\/v2\/comments?post=205265"}],"version-history":[{"count":0,"href":"https:\/\/www.webdo.tn\/fr\/wp-json\/wp\/v2\/posts\/205265\/revisions"}],"wp:featuredmedia":[{"embeddable":true,"href":"https:\/\/www.webdo.tn\/fr\/wp-json\/wp\/v2\/media\/251297"}],"wp:attachment":[{"href":"https:\/\/www.webdo.tn\/fr\/wp-json\/wp\/v2\/media?parent=205265"}],"wp:term":[{"taxonomy":"category","embeddable":true,"href":"https:\/\/www.webdo.tn\/fr\/wp-json\/wp\/v2\/categories?post=205265"},{"taxonomy":"post_tag","embeddable":true,"href":"https:\/\/www.webdo.tn\/fr\/wp-json\/wp\/v2\/tags?post=205265"}],"curies":[{"name":"wp","href":"https:\/\/api.w.org\/{rel}","templated":true}]}}