{"id":205263,"date":"2023-04-28T19:26:00","date_gmt":"2023-04-28T19:26:00","guid":{"rendered":"https:\/\/www.webdo.tn\/fr\/blog\/construction-d-un-un-parc-eolien-de-75-mw-a-tataouine\/205263\/"},"modified":"2023-04-28T19:26:00","modified_gmt":"2023-04-28T19:26:00","slug":"construction-d-un-un-parc-eolien-de-75-mw-a-tataouine","status":"publish","type":"post","link":"https:\/\/www.webdo.tn\/fr\/actualite\/national\/construction-d-un-un-parc-eolien-de-75-mw-a-tataouine\/205263\/","title":{"rendered":"Construction d&rsquo;un parc \u00e9olien de 75 MW \u00e0 Tataouine"},"content":{"rendered":"<p>Le groupe  espagnole \u00ab\u00a0Acciona\u00a0\u00bb et le groupe d\u2019investissement saoudien \u00ab\u00a0Swicorp\u00a0\u00bb ont sign\u00e9, ce mercredi 26 avril 2023, une offre technique et financi\u00e8re p\u00f9 ils s&rsquo;engagent \u00e0 construire un parc \u00e9olien de 75 m\u00e9gawatts, \u00e0 Chenenni dans la r\u00e9gion de Tataouine.<\/p>\n<p>\t\t\t\t\t\t\t\t\tIl s&rsquo;agit du premier parc \u00e9olien dans cette r\u00e9gion du sud de la Tunisie, avec un co\u00fbt estim\u00e9 \u00e0 environ 500 millions de dinars (pr\u00e8s de 149 millions d&rsquo;euros), selon l&rsquo;\u00e9tude technique r\u00e9alis\u00e9e.\u00a0Les deux parties se sont donc engag\u00e9s \u00e0 louer le terrain devant servir \u00e0 l\u2019installation, dans la zone montagneuse de Djebel Dahar, situ\u00e9e \u00e0 80 km de Djerba, de 14 \u00e9oliennes de 6 m\u00e9gawatts chacune.<\/p>\n<p>Les travaux de construction devraient d\u00e9marrer \u00e0 fin 2025 pour durer 18 mois. Le projet de r\u00e9alisation de ce parc devrait cr\u00e9er 600 emplois. Une fois toutes les d\u00e9marches administratives et proc\u00e9durales achev\u00e9es, la Soci\u00e9t\u00e9 tunisienne de l&rsquo;\u00e9lectricit\u00e9 et du gaz (STEG), ach\u00e8tera la production du parc sous la supervision du Minist\u00e8re de l&rsquo;Energie et des Mines.<\/p>\n","protected":false},"excerpt":{"rendered":"<p>Le groupe  espagnole  Acciona  et le groupe d\u2019investissement saoudien  Swicorp  ont sign\u00e9, ce mercredi 26 avril 2023, une offre technique et financi\u00e8re p\u00f9 ils s&#8230;<\/p>\n","protected":false},"author":3169,"featured_media":251295,"comment_status":"open","ping_status":"closed","sticky":false,"template":"","format":"standard","meta":{"footnotes":""},"categories":[44],"tags":[8495,3186,2805,2608],"class_list":["post-205263","post","type-post","status-publish","format-standard","has-post-thumbnail","hentry","category-national","tag-energie-eolienne","tag-investissement","tag-tataouine","tag-tunisie"],"yoast_head":"<!-- This site is optimized with the Yoast SEO Premium plugin v27.4 (Yoast SEO v27.5) - https:\/\/yoast.com\/product\/yoast-seo-premium-wordpress\/ -->\n<title>Construction d&#039;un parc \u00e9olien de 75 MW \u00e0 Tataouine<\/title>\n<meta name=\"description\" content=\"Le groupe espagnole Acciona et le groupe d\u2019investissement saoudien Swicorp ont sign\u00e9, ce mercredi 26 avril 2023, une offre technique et financi\u00e8re p\u00f9 ils s...\" \/>\n<link rel=\"canonical\" href=\"https:\/\/www.webdo.tn\/fr\/actualite\/national\/construction-d-un-un-parc-eolien-de-75-mw-a-tataouine\/205263\/\" \/>\n<meta property=\"og:locale\" content=\"fr_FR\" \/>\n<meta property=\"og:type\" content=\"article\" \/>\n<meta property=\"og:title\" content=\"Construction d&#039;un parc \u00e9olien de 75 MW \u00e0 Tataouine\" \/>\n<meta property=\"og:description\" content=\"Le groupe espagnole Acciona et le groupe d\u2019investissement saoudien Swicorp ont sign\u00e9, ce mercredi 26 avril 2023, une offre technique et financi\u00e8re p\u00f9 ils s...\" \/>\n<meta property=\"og:url\" content=\"https:\/\/www.webdo.tn\/fr\/actualite\/national\/construction-d-un-un-parc-eolien-de-75-mw-a-tataouine\/205263\/\" \/>\n<meta property=\"og:site_name\" content=\"webdo\" \/>\n<meta property=\"article:publisher\" content=\"https:\/\/www.facebook.com\/webdotn\" \/>\n<meta property=\"article:published_time\" content=\"2023-04-28T19:26:00+00:00\" \/>\n<meta property=\"og:image\" content=\"https:\/\/www.webdo.tn\/fr\/wp-content\/uploads\/2023\/04\/85f5ff1a2506a318b1ed33f937c702ba.jpg\" \/>\n\t<meta property=\"og:image:width\" content=\"750\" \/>\n\t<meta property=\"og:image:height\" content=\"400\" \/>\n\t<meta property=\"og:image:type\" content=\"image\/jpeg\" \/>\n<meta name=\"author\" content=\"Webdo\" \/>\n<meta name=\"twitter:card\" content=\"summary_large_image\" \/>\n<meta name=\"twitter:creator\" content=\"@webdo_tn\" \/>\n<meta name=\"twitter:site\" content=\"@webdo_tn\" \/>\n<meta name=\"twitter:label1\" content=\"\u00c9crit par\" \/>\n\t<meta name=\"twitter:data1\" content=\"Webdo\" \/>\n\t<meta name=\"twitter:label2\" content=\"Dur\u00e9e de lecture estim\u00e9e\" \/>\n\t<meta name=\"twitter:data2\" content=\"1 minute\" \/>\n<script type=\"application\/ld+json\" class=\"yoast-schema-graph\">{\"@context\":\"https:\\\/\\\/schema.org\",\"@graph\":[{\"@type\":\"NewsArticle\",\"@id\":\"https:\\\/\\\/www.webdo.tn\\\/fr\\\/actualite\\\/national\\\/construction-d-un-un-parc-eolien-de-75-mw-a-tataouine\\\/205263\\\/#article\",\"isPartOf\":{\"@id\":\"https:\\\/\\\/www.webdo.tn\\\/fr\\\/actualite\\\/national\\\/construction-d-un-un-parc-eolien-de-75-mw-a-tataouine\\\/205263\\\/\"},\"author\":{\"name\":\"Webdo\",\"@id\":\"https:\\\/\\\/www.webdo.tn\\\/fr\\\/#\\\/schema\\\/person\\\/1f4e491e0907b413d61089e8eb573acc\"},\"headline\":\"Construction d&rsquo;un parc \u00e9olien de 75 MW \u00e0 Tataouine\",\"datePublished\":\"2023-04-28T19:26:00+00:00\",\"mainEntityOfPage\":{\"@id\":\"https:\\\/\\\/www.webdo.tn\\\/fr\\\/actualite\\\/national\\\/construction-d-un-un-parc-eolien-de-75-mw-a-tataouine\\\/205263\\\/\"},\"wordCount\":183,\"commentCount\":0,\"publisher\":{\"@id\":\"https:\\\/\\\/www.webdo.tn\\\/fr\\\/#organization\"},\"image\":{\"@id\":\"https:\\\/\\\/www.webdo.tn\\\/fr\\\/actualite\\\/national\\\/construction-d-un-un-parc-eolien-de-75-mw-a-tataouine\\\/205263\\\/#primaryimage\"},\"thumbnailUrl\":\"https:\\\/\\\/www.webdo.tn\\\/fr\\\/wp-content\\\/uploads\\\/2023\\\/04\\\/85f5ff1a2506a318b1ed33f937c702ba.jpg\",\"keywords\":[\"energie \u00e9olienne\",\"investissement\",\"Tataouine\",\"Tunisie\"],\"articleSection\":[\"National\"],\"inLanguage\":\"fr-FR\"},{\"@type\":\"WebPage\",\"@id\":\"https:\\\/\\\/www.webdo.tn\\\/fr\\\/actualite\\\/national\\\/construction-d-un-un-parc-eolien-de-75-mw-a-tataouine\\\/205263\\\/\",\"url\":\"https:\\\/\\\/www.webdo.tn\\\/fr\\\/actualite\\\/national\\\/construction-d-un-un-parc-eolien-de-75-mw-a-tataouine\\\/205263\\\/\",\"name\":\"Construction d'un parc \u00e9olien de 75 MW \u00e0 Tataouine\",\"isPartOf\":{\"@id\":\"https:\\\/\\\/www.webdo.tn\\\/fr\\\/#website\"},\"primaryImageOfPage\":{\"@id\":\"https:\\\/\\\/www.webdo.tn\\\/fr\\\/actualite\\\/national\\\/construction-d-un-un-parc-eolien-de-75-mw-a-tataouine\\\/205263\\\/#primaryimage\"},\"image\":{\"@id\":\"https:\\\/\\\/www.webdo.tn\\\/fr\\\/actualite\\\/national\\\/construction-d-un-un-parc-eolien-de-75-mw-a-tataouine\\\/205263\\\/#primaryimage\"},\"thumbnailUrl\":\"https:\\\/\\\/www.webdo.tn\\\/fr\\\/wp-content\\\/uploads\\\/2023\\\/04\\\/85f5ff1a2506a318b1ed33f937c702ba.jpg\",\"datePublished\":\"2023-04-28T19:26:00+00:00\",\"description\":\"Le groupe espagnole Acciona et le groupe d\u2019investissement saoudien Swicorp ont sign\u00e9, ce mercredi 26 avril 2023, une offre technique et financi\u00e8re p\u00f9 ils s...\",\"breadcrumb\":{\"@id\":\"https:\\\/\\\/www.webdo.tn\\\/fr\\\/actualite\\\/national\\\/construction-d-un-un-parc-eolien-de-75-mw-a-tataouine\\\/205263\\\/#breadcrumb\"},\"inLanguage\":\"fr-FR\",\"potentialAction\":[{\"@type\":\"ReadAction\",\"target\":[\"https:\\\/\\\/www.webdo.tn\\\/fr\\\/actualite\\\/national\\\/construction-d-un-un-parc-eolien-de-75-mw-a-tataouine\\\/205263\\\/\"]}]},{\"@type\":\"ImageObject\",\"inLanguage\":\"fr-FR\",\"@id\":\"https:\\\/\\\/www.webdo.tn\\\/fr\\\/actualite\\\/national\\\/construction-d-un-un-parc-eolien-de-75-mw-a-tataouine\\\/205263\\\/#primaryimage\",\"url\":\"https:\\\/\\\/www.webdo.tn\\\/fr\\\/wp-content\\\/uploads\\\/2023\\\/04\\\/85f5ff1a2506a318b1ed33f937c702ba.jpg\",\"contentUrl\":\"https:\\\/\\\/www.webdo.tn\\\/fr\\\/wp-content\\\/uploads\\\/2023\\\/04\\\/85f5ff1a2506a318b1ed33f937c702ba.jpg\",\"width\":750,\"height\":400,\"caption\":\"Construction d'un parc \u00e9olien de 75 MW \u00e0 Tataouine\"},{\"@type\":\"BreadcrumbList\",\"@id\":\"https:\\\/\\\/www.webdo.tn\\\/fr\\\/actualite\\\/national\\\/construction-d-un-un-parc-eolien-de-75-mw-a-tataouine\\\/205263\\\/#breadcrumb\",\"itemListElement\":[{\"@type\":\"ListItem\",\"position\":1,\"name\":\"Accueil\",\"item\":\"https:\\\/\\\/www.webdo.tn\\\/fr\\\/\"},{\"@type\":\"ListItem\",\"position\":2,\"name\":\"Construction d&#8217;un parc \u00e9olien de 75 MW \u00e0 Tataouine\"}]},{\"@type\":\"WebSite\",\"@id\":\"https:\\\/\\\/www.webdo.tn\\\/fr\\\/#website\",\"url\":\"https:\\\/\\\/www.webdo.tn\\\/fr\\\/\",\"name\":\"webdo\",\"description\":\"Tunisie - News en Tunisie et \u00e0 l&#039;international sur Webdo.tn\",\"publisher\":{\"@id\":\"https:\\\/\\\/www.webdo.tn\\\/fr\\\/#organization\"},\"potentialAction\":[{\"@type\":\"SearchAction\",\"target\":{\"@type\":\"EntryPoint\",\"urlTemplate\":\"https:\\\/\\\/www.webdo.tn\\\/fr\\\/?s={search_term_string}\"},\"query-input\":{\"@type\":\"PropertyValueSpecification\",\"valueRequired\":true,\"valueName\":\"search_term_string\"}}],\"inLanguage\":\"fr-FR\"},{\"@type\":\"Organization\",\"@id\":\"https:\\\/\\\/www.webdo.tn\\\/fr\\\/#organization\",\"name\":\"Webdo\",\"alternateName\":\"Webdo.tn\",\"url\":\"https:\\\/\\\/www.webdo.tn\\\/fr\\\/\",\"logo\":{\"@type\":\"ImageObject\",\"inLanguage\":\"fr-FR\",\"@id\":\"https:\\\/\\\/www.webdo.tn\\\/fr\\\/#\\\/schema\\\/logo\\\/image\\\/\",\"url\":\"https:\\\/\\\/www.webdo.tn\\\/fr\\\/wp-content\\\/uploads\\\/2025\\\/06\\\/Webdo-Tunisie_168377.jpg\",\"contentUrl\":\"https:\\\/\\\/www.webdo.tn\\\/fr\\\/wp-content\\\/uploads\\\/2025\\\/06\\\/Webdo-Tunisie_168377.jpg\",\"width\":301,\"height\":301,\"caption\":\"Webdo\"},\"image\":{\"@id\":\"https:\\\/\\\/www.webdo.tn\\\/fr\\\/#\\\/schema\\\/logo\\\/image\\\/\"},\"sameAs\":[\"https:\\\/\\\/www.facebook.com\\\/webdotn\",\"https:\\\/\\\/x.com\\\/webdo_tn\"],\"description\":\"Webdo est un m\u00e9dia num\u00e9rique tunisien fond\u00e9 en 2010, sp\u00e9cialis\u00e9 dans l\u2019actualit\u00e9 nationale et internationale, l\u2019\u00e9conomie, la soci\u00e9t\u00e9 et les analyses politiques. Le site s\u2019adresse \u00e0 un large public francophone et couvre l\u2019information tunisienne en temps r\u00e9el.\",\"email\":\"redac@webdo.tn\",\"legalName\":\"YNJ SARL\",\"foundingDate\":\"2010-09-06\",\"numberOfEmployees\":{\"@type\":\"QuantitativeValue\",\"minValue\":\"11\",\"maxValue\":\"50\"}},{\"@type\":\"Person\",\"@id\":\"https:\\\/\\\/www.webdo.tn\\\/fr\\\/#\\\/schema\\\/person\\\/1f4e491e0907b413d61089e8eb573acc\",\"name\":\"Webdo\",\"image\":{\"@type\":\"ImageObject\",\"inLanguage\":\"fr-FR\",\"@id\":\"https:\\\/\\\/secure.gravatar.com\\\/avatar\\\/de97aeec1bb80978a9dbb127e47dfc88aaacb2f3c29aac907d8d3222e3495d49?s=96&d=mm&r=g\",\"url\":\"https:\\\/\\\/secure.gravatar.com\\\/avatar\\\/de97aeec1bb80978a9dbb127e47dfc88aaacb2f3c29aac907d8d3222e3495d49?s=96&d=mm&r=g\",\"contentUrl\":\"https:\\\/\\\/secure.gravatar.com\\\/avatar\\\/de97aeec1bb80978a9dbb127e47dfc88aaacb2f3c29aac907d8d3222e3495d49?s=96&d=mm&r=g\",\"caption\":\"Webdo\"},\"url\":\"https:\\\/\\\/www.webdo.tn\\\/fr\\\/actualite\\\/author\\\/webdo\\\/\"}]}<\/script>\n<!-- \/ Yoast SEO Premium plugin. -->","yoast_head_json":{"title":"Construction d'un parc \u00e9olien de 75 MW \u00e0 Tataouine","description":"Le groupe espagnole Acciona et le groupe d\u2019investissement saoudien Swicorp ont sign\u00e9, ce mercredi 26 avril 2023, une offre technique et financi\u00e8re p\u00f9 ils s...","canonical":"https:\/\/www.webdo.tn\/fr\/actualite\/national\/construction-d-un-un-parc-eolien-de-75-mw-a-tataouine\/205263\/","og_locale":"fr_FR","og_type":"article","og_title":"Construction d'un parc \u00e9olien de 75 MW \u00e0 Tataouine","og_description":"Le groupe espagnole Acciona et le groupe d\u2019investissement saoudien Swicorp ont sign\u00e9, ce mercredi 26 avril 2023, une offre technique et financi\u00e8re p\u00f9 ils s...","og_url":"https:\/\/www.webdo.tn\/fr\/actualite\/national\/construction-d-un-un-parc-eolien-de-75-mw-a-tataouine\/205263\/","og_site_name":"webdo","article_publisher":"https:\/\/www.facebook.com\/webdotn","article_published_time":"2023-04-28T19:26:00+00:00","og_image":[{"width":750,"height":400,"url":"https:\/\/www.webdo.tn\/fr\/wp-content\/uploads\/2023\/04\/85f5ff1a2506a318b1ed33f937c702ba.jpg","type":"image\/jpeg"}],"author":"Webdo","twitter_card":"summary_large_image","twitter_creator":"@webdo_tn","twitter_site":"@webdo_tn","twitter_misc":{"\u00c9crit par":"Webdo","Dur\u00e9e de lecture estim\u00e9e":"1 minute"},"schema":{"@context":"https:\/\/schema.org","@graph":[{"@type":"NewsArticle","@id":"https:\/\/www.webdo.tn\/fr\/actualite\/national\/construction-d-un-un-parc-eolien-de-75-mw-a-tataouine\/205263\/#article","isPartOf":{"@id":"https:\/\/www.webdo.tn\/fr\/actualite\/national\/construction-d-un-un-parc-eolien-de-75-mw-a-tataouine\/205263\/"},"author":{"name":"Webdo","@id":"https:\/\/www.webdo.tn\/fr\/#\/schema\/person\/1f4e491e0907b413d61089e8eb573acc"},"headline":"Construction d&rsquo;un parc \u00e9olien de 75 MW \u00e0 Tataouine","datePublished":"2023-04-28T19:26:00+00:00","mainEntityOfPage":{"@id":"https:\/\/www.webdo.tn\/fr\/actualite\/national\/construction-d-un-un-parc-eolien-de-75-mw-a-tataouine\/205263\/"},"wordCount":183,"commentCount":0,"publisher":{"@id":"https:\/\/www.webdo.tn\/fr\/#organization"},"image":{"@id":"https:\/\/www.webdo.tn\/fr\/actualite\/national\/construction-d-un-un-parc-eolien-de-75-mw-a-tataouine\/205263\/#primaryimage"},"thumbnailUrl":"https:\/\/www.webdo.tn\/fr\/wp-content\/uploads\/2023\/04\/85f5ff1a2506a318b1ed33f937c702ba.jpg","keywords":["energie \u00e9olienne","investissement","Tataouine","Tunisie"],"articleSection":["National"],"inLanguage":"fr-FR"},{"@type":"WebPage","@id":"https:\/\/www.webdo.tn\/fr\/actualite\/national\/construction-d-un-un-parc-eolien-de-75-mw-a-tataouine\/205263\/","url":"https:\/\/www.webdo.tn\/fr\/actualite\/national\/construction-d-un-un-parc-eolien-de-75-mw-a-tataouine\/205263\/","name":"Construction d'un parc \u00e9olien de 75 MW \u00e0 Tataouine","isPartOf":{"@id":"https:\/\/www.webdo.tn\/fr\/#website"},"primaryImageOfPage":{"@id":"https:\/\/www.webdo.tn\/fr\/actualite\/national\/construction-d-un-un-parc-eolien-de-75-mw-a-tataouine\/205263\/#primaryimage"},"image":{"@id":"https:\/\/www.webdo.tn\/fr\/actualite\/national\/construction-d-un-un-parc-eolien-de-75-mw-a-tataouine\/205263\/#primaryimage"},"thumbnailUrl":"https:\/\/www.webdo.tn\/fr\/wp-content\/uploads\/2023\/04\/85f5ff1a2506a318b1ed33f937c702ba.jpg","datePublished":"2023-04-28T19:26:00+00:00","description":"Le groupe espagnole Acciona et le groupe d\u2019investissement saoudien Swicorp ont sign\u00e9, ce mercredi 26 avril 2023, une offre technique et financi\u00e8re p\u00f9 ils s...","breadcrumb":{"@id":"https:\/\/www.webdo.tn\/fr\/actualite\/national\/construction-d-un-un-parc-eolien-de-75-mw-a-tataouine\/205263\/#breadcrumb"},"inLanguage":"fr-FR","potentialAction":[{"@type":"ReadAction","target":["https:\/\/www.webdo.tn\/fr\/actualite\/national\/construction-d-un-un-parc-eolien-de-75-mw-a-tataouine\/205263\/"]}]},{"@type":"ImageObject","inLanguage":"fr-FR","@id":"https:\/\/www.webdo.tn\/fr\/actualite\/national\/construction-d-un-un-parc-eolien-de-75-mw-a-tataouine\/205263\/#primaryimage","url":"https:\/\/www.webdo.tn\/fr\/wp-content\/uploads\/2023\/04\/85f5ff1a2506a318b1ed33f937c702ba.jpg","contentUrl":"https:\/\/www.webdo.tn\/fr\/wp-content\/uploads\/2023\/04\/85f5ff1a2506a318b1ed33f937c702ba.jpg","width":750,"height":400,"caption":"Construction d'un parc \u00e9olien de 75 MW \u00e0 Tataouine"},{"@type":"BreadcrumbList","@id":"https:\/\/www.webdo.tn\/fr\/actualite\/national\/construction-d-un-un-parc-eolien-de-75-mw-a-tataouine\/205263\/#breadcrumb","itemListElement":[{"@type":"ListItem","position":1,"name":"Accueil","item":"https:\/\/www.webdo.tn\/fr\/"},{"@type":"ListItem","position":2,"name":"Construction d&#8217;un parc \u00e9olien de 75 MW \u00e0 Tataouine"}]},{"@type":"WebSite","@id":"https:\/\/www.webdo.tn\/fr\/#website","url":"https:\/\/www.webdo.tn\/fr\/","name":"webdo","description":"Tunisie - News en Tunisie et \u00e0 l&#039;international sur Webdo.tn","publisher":{"@id":"https:\/\/www.webdo.tn\/fr\/#organization"},"potentialAction":[{"@type":"SearchAction","target":{"@type":"EntryPoint","urlTemplate":"https:\/\/www.webdo.tn\/fr\/?s={search_term_string}"},"query-input":{"@type":"PropertyValueSpecification","valueRequired":true,"valueName":"search_term_string"}}],"inLanguage":"fr-FR"},{"@type":"Organization","@id":"https:\/\/www.webdo.tn\/fr\/#organization","name":"Webdo","alternateName":"Webdo.tn","url":"https:\/\/www.webdo.tn\/fr\/","logo":{"@type":"ImageObject","inLanguage":"fr-FR","@id":"https:\/\/www.webdo.tn\/fr\/#\/schema\/logo\/image\/","url":"https:\/\/www.webdo.tn\/fr\/wp-content\/uploads\/2025\/06\/Webdo-Tunisie_168377.jpg","contentUrl":"https:\/\/www.webdo.tn\/fr\/wp-content\/uploads\/2025\/06\/Webdo-Tunisie_168377.jpg","width":301,"height":301,"caption":"Webdo"},"image":{"@id":"https:\/\/www.webdo.tn\/fr\/#\/schema\/logo\/image\/"},"sameAs":["https:\/\/www.facebook.com\/webdotn","https:\/\/x.com\/webdo_tn"],"description":"Webdo est un m\u00e9dia num\u00e9rique tunisien fond\u00e9 en 2010, sp\u00e9cialis\u00e9 dans l\u2019actualit\u00e9 nationale et internationale, l\u2019\u00e9conomie, la soci\u00e9t\u00e9 et les analyses politiques. Le site s\u2019adresse \u00e0 un large public francophone et couvre l\u2019information tunisienne en temps r\u00e9el.","email":"redac@webdo.tn","legalName":"YNJ SARL","foundingDate":"2010-09-06","numberOfEmployees":{"@type":"QuantitativeValue","minValue":"11","maxValue":"50"}},{"@type":"Person","@id":"https:\/\/www.webdo.tn\/fr\/#\/schema\/person\/1f4e491e0907b413d61089e8eb573acc","name":"Webdo","image":{"@type":"ImageObject","inLanguage":"fr-FR","@id":"https:\/\/secure.gravatar.com\/avatar\/de97aeec1bb80978a9dbb127e47dfc88aaacb2f3c29aac907d8d3222e3495d49?s=96&d=mm&r=g","url":"https:\/\/secure.gravatar.com\/avatar\/de97aeec1bb80978a9dbb127e47dfc88aaacb2f3c29aac907d8d3222e3495d49?s=96&d=mm&r=g","contentUrl":"https:\/\/secure.gravatar.com\/avatar\/de97aeec1bb80978a9dbb127e47dfc88aaacb2f3c29aac907d8d3222e3495d49?s=96&d=mm&r=g","caption":"Webdo"},"url":"https:\/\/www.webdo.tn\/fr\/actualite\/author\/webdo\/"}]}},"_links":{"self":[{"href":"https:\/\/www.webdo.tn\/fr\/wp-json\/wp\/v2\/posts\/205263","targetHints":{"allow":["GET"]}}],"collection":[{"href":"https:\/\/www.webdo.tn\/fr\/wp-json\/wp\/v2\/posts"}],"about":[{"href":"https:\/\/www.webdo.tn\/fr\/wp-json\/wp\/v2\/types\/post"}],"author":[{"embeddable":true,"href":"https:\/\/www.webdo.tn\/fr\/wp-json\/wp\/v2\/users\/3169"}],"replies":[{"embeddable":true,"href":"https:\/\/www.webdo.tn\/fr\/wp-json\/wp\/v2\/comments?post=205263"}],"version-history":[{"count":0,"href":"https:\/\/www.webdo.tn\/fr\/wp-json\/wp\/v2\/posts\/205263\/revisions"}],"wp:featuredmedia":[{"embeddable":true,"href":"https:\/\/www.webdo.tn\/fr\/wp-json\/wp\/v2\/media\/251295"}],"wp:attachment":[{"href":"https:\/\/www.webdo.tn\/fr\/wp-json\/wp\/v2\/media?parent=205263"}],"wp:term":[{"taxonomy":"category","embeddable":true,"href":"https:\/\/www.webdo.tn\/fr\/wp-json\/wp\/v2\/categories?post=205263"},{"taxonomy":"post_tag","embeddable":true,"href":"https:\/\/www.webdo.tn\/fr\/wp-json\/wp\/v2\/tags?post=205263"}],"curies":[{"name":"wp","href":"https:\/\/api.w.org\/{rel}","templated":true}]}}