{"id":205249,"date":"2023-04-28T11:41:00","date_gmt":"2023-04-28T11:41:00","guid":{"rendered":"https:\/\/www.webdo.tn\/fr\/blog\/l-audition-de-lazhar-akremi-reportee-au-17-mai\/205249\/"},"modified":"2025-05-20T22:08:44","modified_gmt":"2025-05-20T22:08:44","slug":"l-audition-de-lazhar-akremi-reportee-au-17-mai","status":"publish","type":"post","link":"https:\/\/www.webdo.tn\/fr\/actualite\/national\/l-audition-de-lazhar-akremi-reportee-au-17-mai\/205249\/","title":{"rendered":"L\u2019audition de Lazhar Akremi report\u00e9e au 17 mai"},"content":{"rendered":"<p>L\u2019avocat et activiste politique, Lazhar Akremi, devait compara\u00eetre, ce vendredi 28 avril 2023, devant le juge d\u2019instruction au P\u00f4le judiciaire de lutte contre le terrorisme\u2026 Il a refus\u00e9 de sortir de prison\u2026<\/p>\n<p>\t\t\t\t\t\t\t\t\tLazhar Akremi devait \u00eatre entendu dans l\u2019affaire de formation d\u2019une bande dans un but d\u2019atteinte \u00e0 la s\u00fbret\u00e9 int\u00e9rieure de l\u2019Etat.<\/p>\n<p>Arr\u00eat\u00e9 le 13 f\u00e9vrier dernier, Lazhar Akremi a fait l\u2019objet d\u2019un mandat de d\u00e9p\u00f4t le 27 f\u00e9vrier 2023. Alors qu\u2019il devait \u00eatre auditionn\u00e9 aujourd\u2019hui, son audition a \u00e9t\u00e9 report\u00e9e au 17 mai prochain.<\/p>\n<p>Un report d\u00e9cid\u00e9, selon ses avocats, par son refus de monter dans le v\u00e9hicule qui devait le transf\u00e9rer de la prison au p\u00f6le du fait que ce v\u00e9hicule de transport ne respectait pas le minimum des normes requis.<\/p>\n<p>L\u2019affaire pour laquelle devait \u00eatre auditionn\u00e9 Lazhar Akremi concerne \u00e9galement l\u2019homme d\u2019affaires Kamel Leta\u00efef, l\u2019activiste politique Khayam Turki, les avocats, Ridha Belhaj et Ghazi Chaouachi, l\u2019ancien dirigeant au mouvement Ennahdha, Abdelhamid Jelassi, la membre du Front du salut Cha\u00efma Issa et le dirigeant au parti Al Joumhouri Issam Chebbi.<\/p>\n<p>Ils ont tous fait l\u2019objet de mandats de d\u00e9p\u00f4t en prison \u00e9mis le 25 f\u00e9vrier 2023.<\/p>\n","protected":false},"excerpt":{"rendered":"<p>L\u2019avocat et activiste politique, Lazhar Akremi, devait compara\u00eetre, ce vendredi 28 avril 2023, devant le juge d\u2019instruction au P\u00f4le judiciaire de lutte contre l&#8230;<\/p>\n","protected":false},"author":3162,"featured_media":278132,"comment_status":"open","ping_status":"closed","sticky":false,"template":"","format":"standard","meta":{"footnotes":""},"categories":[44],"tags":[3043,2619,8754],"class_list":["post-205249","post","type-post","status-publish","format-standard","has-post-thumbnail","hentry","category-national","tag-audition","tag-justice","tag-lazhar-akremi"],"yoast_head":"<!-- This site is optimized with the Yoast SEO Premium plugin v27.4 (Yoast SEO v27.5) - https:\/\/yoast.com\/product\/yoast-seo-premium-wordpress\/ -->\n<title>L\u2019audition de Lazhar Akremi report\u00e9e au 17 mai<\/title>\n<meta name=\"description\" content=\"L\u2019avocat et activiste politique, Lazhar Akremi, devait compara\u00eetre, ce vendredi 28 avril 2023, devant le juge d\u2019instruction au P\u00f4le judiciaire de lutte contre l...\" \/>\n<link rel=\"canonical\" href=\"https:\/\/www.webdo.tn\/fr\/actualite\/national\/l-audition-de-lazhar-akremi-reportee-au-17-mai\/205249\/\" \/>\n<meta property=\"og:locale\" content=\"fr_FR\" \/>\n<meta property=\"og:type\" content=\"article\" \/>\n<meta property=\"og:title\" content=\"L\u2019audition de Lazhar Akremi report\u00e9e au 17 mai\" \/>\n<meta property=\"og:description\" content=\"L\u2019avocat et activiste politique, Lazhar Akremi, devait compara\u00eetre, ce vendredi 28 avril 2023, devant le juge d\u2019instruction au P\u00f4le judiciaire de lutte contre l...\" \/>\n<meta property=\"og:url\" content=\"https:\/\/www.webdo.tn\/fr\/actualite\/national\/l-audition-de-lazhar-akremi-reportee-au-17-mai\/205249\/\" \/>\n<meta property=\"og:site_name\" content=\"webdo\" \/>\n<meta property=\"article:publisher\" content=\"https:\/\/www.facebook.com\/webdotn\" \/>\n<meta property=\"article:published_time\" content=\"2023-04-28T11:41:00+00:00\" \/>\n<meta property=\"article:modified_time\" content=\"2025-05-20T22:08:44+00:00\" \/>\n<meta property=\"og:image\" content=\"https:\/\/www.webdo.tn\/fr\/wp-content\/uploads\/2023\/04\/ebc385c99041f38d48ce2347f64c702d.jpg\" \/>\n\t<meta property=\"og:image:width\" content=\"650\" \/>\n\t<meta property=\"og:image:height\" content=\"347\" \/>\n\t<meta property=\"og:image:type\" content=\"image\/jpeg\" \/>\n<meta name=\"author\" content=\"MC\" \/>\n<meta name=\"twitter:card\" content=\"summary_large_image\" \/>\n<meta name=\"twitter:creator\" content=\"@webdo_tn\" \/>\n<meta name=\"twitter:site\" content=\"@webdo_tn\" \/>\n<meta name=\"twitter:label1\" content=\"\u00c9crit par\" \/>\n\t<meta name=\"twitter:data1\" content=\"MC\" \/>\n\t<meta name=\"twitter:label2\" content=\"Dur\u00e9e de lecture estim\u00e9e\" \/>\n\t<meta name=\"twitter:data2\" content=\"1 minute\" \/>\n<script type=\"application\/ld+json\" class=\"yoast-schema-graph\">{\"@context\":\"https:\\\/\\\/schema.org\",\"@graph\":[{\"@type\":\"NewsArticle\",\"@id\":\"https:\\\/\\\/www.webdo.tn\\\/fr\\\/actualite\\\/national\\\/l-audition-de-lazhar-akremi-reportee-au-17-mai\\\/205249\\\/#article\",\"isPartOf\":{\"@id\":\"https:\\\/\\\/www.webdo.tn\\\/fr\\\/actualite\\\/national\\\/l-audition-de-lazhar-akremi-reportee-au-17-mai\\\/205249\\\/\"},\"author\":{\"name\":\"MC\",\"@id\":\"https:\\\/\\\/www.webdo.tn\\\/fr\\\/#\\\/schema\\\/person\\\/2c4929cbf5a809e3bd38617c6ce150f6\"},\"headline\":\"L\u2019audition de Lazhar Akremi report\u00e9e au 17 mai\",\"datePublished\":\"2023-04-28T11:41:00+00:00\",\"dateModified\":\"2025-05-20T22:08:44+00:00\",\"mainEntityOfPage\":{\"@id\":\"https:\\\/\\\/www.webdo.tn\\\/fr\\\/actualite\\\/national\\\/l-audition-de-lazhar-akremi-reportee-au-17-mai\\\/205249\\\/\"},\"wordCount\":225,\"commentCount\":0,\"publisher\":{\"@id\":\"https:\\\/\\\/www.webdo.tn\\\/fr\\\/#organization\"},\"image\":{\"@id\":\"https:\\\/\\\/www.webdo.tn\\\/fr\\\/actualite\\\/national\\\/l-audition-de-lazhar-akremi-reportee-au-17-mai\\\/205249\\\/#primaryimage\"},\"thumbnailUrl\":\"https:\\\/\\\/www.webdo.tn\\\/fr\\\/wp-content\\\/uploads\\\/2023\\\/04\\\/ebc385c99041f38d48ce2347f64c702d.jpg\",\"keywords\":[\"audition\",\"justice\",\"Lazhar Akremi\"],\"articleSection\":[\"National\"],\"inLanguage\":\"fr-FR\"},{\"@type\":\"WebPage\",\"@id\":\"https:\\\/\\\/www.webdo.tn\\\/fr\\\/actualite\\\/national\\\/l-audition-de-lazhar-akremi-reportee-au-17-mai\\\/205249\\\/\",\"url\":\"https:\\\/\\\/www.webdo.tn\\\/fr\\\/actualite\\\/national\\\/l-audition-de-lazhar-akremi-reportee-au-17-mai\\\/205249\\\/\",\"name\":\"L\u2019audition de Lazhar Akremi report\u00e9e au 17 mai\",\"isPartOf\":{\"@id\":\"https:\\\/\\\/www.webdo.tn\\\/fr\\\/#website\"},\"primaryImageOfPage\":{\"@id\":\"https:\\\/\\\/www.webdo.tn\\\/fr\\\/actualite\\\/national\\\/l-audition-de-lazhar-akremi-reportee-au-17-mai\\\/205249\\\/#primaryimage\"},\"image\":{\"@id\":\"https:\\\/\\\/www.webdo.tn\\\/fr\\\/actualite\\\/national\\\/l-audition-de-lazhar-akremi-reportee-au-17-mai\\\/205249\\\/#primaryimage\"},\"thumbnailUrl\":\"https:\\\/\\\/www.webdo.tn\\\/fr\\\/wp-content\\\/uploads\\\/2023\\\/04\\\/ebc385c99041f38d48ce2347f64c702d.jpg\",\"datePublished\":\"2023-04-28T11:41:00+00:00\",\"dateModified\":\"2025-05-20T22:08:44+00:00\",\"description\":\"L\u2019avocat et activiste politique, Lazhar Akremi, devait compara\u00eetre, ce vendredi 28 avril 2023, devant le juge d\u2019instruction au P\u00f4le judiciaire de lutte contre l...\",\"breadcrumb\":{\"@id\":\"https:\\\/\\\/www.webdo.tn\\\/fr\\\/actualite\\\/national\\\/l-audition-de-lazhar-akremi-reportee-au-17-mai\\\/205249\\\/#breadcrumb\"},\"inLanguage\":\"fr-FR\",\"potentialAction\":[{\"@type\":\"ReadAction\",\"target\":[\"https:\\\/\\\/www.webdo.tn\\\/fr\\\/actualite\\\/national\\\/l-audition-de-lazhar-akremi-reportee-au-17-mai\\\/205249\\\/\"]}]},{\"@type\":\"ImageObject\",\"inLanguage\":\"fr-FR\",\"@id\":\"https:\\\/\\\/www.webdo.tn\\\/fr\\\/actualite\\\/national\\\/l-audition-de-lazhar-akremi-reportee-au-17-mai\\\/205249\\\/#primaryimage\",\"url\":\"https:\\\/\\\/www.webdo.tn\\\/fr\\\/wp-content\\\/uploads\\\/2023\\\/04\\\/ebc385c99041f38d48ce2347f64c702d.jpg\",\"contentUrl\":\"https:\\\/\\\/www.webdo.tn\\\/fr\\\/wp-content\\\/uploads\\\/2023\\\/04\\\/ebc385c99041f38d48ce2347f64c702d.jpg\",\"width\":650,\"height\":347,\"caption\":\"L\u2019audition de Lazhar Akremi report\u00e9e au 17 mai\"},{\"@type\":\"BreadcrumbList\",\"@id\":\"https:\\\/\\\/www.webdo.tn\\\/fr\\\/actualite\\\/national\\\/l-audition-de-lazhar-akremi-reportee-au-17-mai\\\/205249\\\/#breadcrumb\",\"itemListElement\":[{\"@type\":\"ListItem\",\"position\":1,\"name\":\"Accueil\",\"item\":\"https:\\\/\\\/www.webdo.tn\\\/fr\\\/\"},{\"@type\":\"ListItem\",\"position\":2,\"name\":\"L\u2019audition de Lazhar Akremi report\u00e9e au 17 mai\"}]},{\"@type\":\"WebSite\",\"@id\":\"https:\\\/\\\/www.webdo.tn\\\/fr\\\/#website\",\"url\":\"https:\\\/\\\/www.webdo.tn\\\/fr\\\/\",\"name\":\"webdo\",\"description\":\"Tunisie - News en Tunisie et \u00e0 l&#039;international sur Webdo.tn\",\"publisher\":{\"@id\":\"https:\\\/\\\/www.webdo.tn\\\/fr\\\/#organization\"},\"potentialAction\":[{\"@type\":\"SearchAction\",\"target\":{\"@type\":\"EntryPoint\",\"urlTemplate\":\"https:\\\/\\\/www.webdo.tn\\\/fr\\\/?s={search_term_string}\"},\"query-input\":{\"@type\":\"PropertyValueSpecification\",\"valueRequired\":true,\"valueName\":\"search_term_string\"}}],\"inLanguage\":\"fr-FR\"},{\"@type\":\"Organization\",\"@id\":\"https:\\\/\\\/www.webdo.tn\\\/fr\\\/#organization\",\"name\":\"Webdo\",\"alternateName\":\"Webdo.tn\",\"url\":\"https:\\\/\\\/www.webdo.tn\\\/fr\\\/\",\"logo\":{\"@type\":\"ImageObject\",\"inLanguage\":\"fr-FR\",\"@id\":\"https:\\\/\\\/www.webdo.tn\\\/fr\\\/#\\\/schema\\\/logo\\\/image\\\/\",\"url\":\"https:\\\/\\\/www.webdo.tn\\\/fr\\\/wp-content\\\/uploads\\\/2025\\\/06\\\/Webdo-Tunisie_168377.jpg\",\"contentUrl\":\"https:\\\/\\\/www.webdo.tn\\\/fr\\\/wp-content\\\/uploads\\\/2025\\\/06\\\/Webdo-Tunisie_168377.jpg\",\"width\":301,\"height\":301,\"caption\":\"Webdo\"},\"image\":{\"@id\":\"https:\\\/\\\/www.webdo.tn\\\/fr\\\/#\\\/schema\\\/logo\\\/image\\\/\"},\"sameAs\":[\"https:\\\/\\\/www.facebook.com\\\/webdotn\",\"https:\\\/\\\/x.com\\\/webdo_tn\"],\"description\":\"Webdo est un m\u00e9dia num\u00e9rique tunisien fond\u00e9 en 2010, sp\u00e9cialis\u00e9 dans l\u2019actualit\u00e9 nationale et internationale, l\u2019\u00e9conomie, la soci\u00e9t\u00e9 et les analyses politiques. Le site s\u2019adresse \u00e0 un large public francophone et couvre l\u2019information tunisienne en temps r\u00e9el.\",\"email\":\"redac@webdo.tn\",\"legalName\":\"YNJ SARL\",\"foundingDate\":\"2010-09-06\",\"numberOfEmployees\":{\"@type\":\"QuantitativeValue\",\"minValue\":\"11\",\"maxValue\":\"50\"}},{\"@type\":\"Person\",\"@id\":\"https:\\\/\\\/www.webdo.tn\\\/fr\\\/#\\\/schema\\\/person\\\/2c4929cbf5a809e3bd38617c6ce150f6\",\"name\":\"MC\",\"image\":{\"@type\":\"ImageObject\",\"inLanguage\":\"fr-FR\",\"@id\":\"https:\\\/\\\/secure.gravatar.com\\\/avatar\\\/a545bbb6f84efdd5553dbbc2895e3ca8f1d12c5215e00a041c9670b54aa9b18a?s=96&d=mm&r=g\",\"url\":\"https:\\\/\\\/secure.gravatar.com\\\/avatar\\\/a545bbb6f84efdd5553dbbc2895e3ca8f1d12c5215e00a041c9670b54aa9b18a?s=96&d=mm&r=g\",\"contentUrl\":\"https:\\\/\\\/secure.gravatar.com\\\/avatar\\\/a545bbb6f84efdd5553dbbc2895e3ca8f1d12c5215e00a041c9670b54aa9b18a?s=96&d=mm&r=g\",\"caption\":\"MC\"},\"url\":\"https:\\\/\\\/www.webdo.tn\\\/fr\\\/actualite\\\/author\\\/mc\\\/\"}]}<\/script>\n<!-- \/ Yoast SEO Premium plugin. -->","yoast_head_json":{"title":"L\u2019audition de Lazhar Akremi report\u00e9e au 17 mai","description":"L\u2019avocat et activiste politique, Lazhar Akremi, devait compara\u00eetre, ce vendredi 28 avril 2023, devant le juge d\u2019instruction au P\u00f4le judiciaire de lutte contre l...","canonical":"https:\/\/www.webdo.tn\/fr\/actualite\/national\/l-audition-de-lazhar-akremi-reportee-au-17-mai\/205249\/","og_locale":"fr_FR","og_type":"article","og_title":"L\u2019audition de Lazhar Akremi report\u00e9e au 17 mai","og_description":"L\u2019avocat et activiste politique, Lazhar Akremi, devait compara\u00eetre, ce vendredi 28 avril 2023, devant le juge d\u2019instruction au P\u00f4le judiciaire de lutte contre l...","og_url":"https:\/\/www.webdo.tn\/fr\/actualite\/national\/l-audition-de-lazhar-akremi-reportee-au-17-mai\/205249\/","og_site_name":"webdo","article_publisher":"https:\/\/www.facebook.com\/webdotn","article_published_time":"2023-04-28T11:41:00+00:00","article_modified_time":"2025-05-20T22:08:44+00:00","og_image":[{"width":650,"height":347,"url":"https:\/\/www.webdo.tn\/fr\/wp-content\/uploads\/2023\/04\/ebc385c99041f38d48ce2347f64c702d.jpg","type":"image\/jpeg"}],"author":"MC","twitter_card":"summary_large_image","twitter_creator":"@webdo_tn","twitter_site":"@webdo_tn","twitter_misc":{"\u00c9crit par":"MC","Dur\u00e9e de lecture estim\u00e9e":"1 minute"},"schema":{"@context":"https:\/\/schema.org","@graph":[{"@type":"NewsArticle","@id":"https:\/\/www.webdo.tn\/fr\/actualite\/national\/l-audition-de-lazhar-akremi-reportee-au-17-mai\/205249\/#article","isPartOf":{"@id":"https:\/\/www.webdo.tn\/fr\/actualite\/national\/l-audition-de-lazhar-akremi-reportee-au-17-mai\/205249\/"},"author":{"name":"MC","@id":"https:\/\/www.webdo.tn\/fr\/#\/schema\/person\/2c4929cbf5a809e3bd38617c6ce150f6"},"headline":"L\u2019audition de Lazhar Akremi report\u00e9e au 17 mai","datePublished":"2023-04-28T11:41:00+00:00","dateModified":"2025-05-20T22:08:44+00:00","mainEntityOfPage":{"@id":"https:\/\/www.webdo.tn\/fr\/actualite\/national\/l-audition-de-lazhar-akremi-reportee-au-17-mai\/205249\/"},"wordCount":225,"commentCount":0,"publisher":{"@id":"https:\/\/www.webdo.tn\/fr\/#organization"},"image":{"@id":"https:\/\/www.webdo.tn\/fr\/actualite\/national\/l-audition-de-lazhar-akremi-reportee-au-17-mai\/205249\/#primaryimage"},"thumbnailUrl":"https:\/\/www.webdo.tn\/fr\/wp-content\/uploads\/2023\/04\/ebc385c99041f38d48ce2347f64c702d.jpg","keywords":["audition","justice","Lazhar Akremi"],"articleSection":["National"],"inLanguage":"fr-FR"},{"@type":"WebPage","@id":"https:\/\/www.webdo.tn\/fr\/actualite\/national\/l-audition-de-lazhar-akremi-reportee-au-17-mai\/205249\/","url":"https:\/\/www.webdo.tn\/fr\/actualite\/national\/l-audition-de-lazhar-akremi-reportee-au-17-mai\/205249\/","name":"L\u2019audition de Lazhar Akremi report\u00e9e au 17 mai","isPartOf":{"@id":"https:\/\/www.webdo.tn\/fr\/#website"},"primaryImageOfPage":{"@id":"https:\/\/www.webdo.tn\/fr\/actualite\/national\/l-audition-de-lazhar-akremi-reportee-au-17-mai\/205249\/#primaryimage"},"image":{"@id":"https:\/\/www.webdo.tn\/fr\/actualite\/national\/l-audition-de-lazhar-akremi-reportee-au-17-mai\/205249\/#primaryimage"},"thumbnailUrl":"https:\/\/www.webdo.tn\/fr\/wp-content\/uploads\/2023\/04\/ebc385c99041f38d48ce2347f64c702d.jpg","datePublished":"2023-04-28T11:41:00+00:00","dateModified":"2025-05-20T22:08:44+00:00","description":"L\u2019avocat et activiste politique, Lazhar Akremi, devait compara\u00eetre, ce vendredi 28 avril 2023, devant le juge d\u2019instruction au P\u00f4le judiciaire de lutte contre l...","breadcrumb":{"@id":"https:\/\/www.webdo.tn\/fr\/actualite\/national\/l-audition-de-lazhar-akremi-reportee-au-17-mai\/205249\/#breadcrumb"},"inLanguage":"fr-FR","potentialAction":[{"@type":"ReadAction","target":["https:\/\/www.webdo.tn\/fr\/actualite\/national\/l-audition-de-lazhar-akremi-reportee-au-17-mai\/205249\/"]}]},{"@type":"ImageObject","inLanguage":"fr-FR","@id":"https:\/\/www.webdo.tn\/fr\/actualite\/national\/l-audition-de-lazhar-akremi-reportee-au-17-mai\/205249\/#primaryimage","url":"https:\/\/www.webdo.tn\/fr\/wp-content\/uploads\/2023\/04\/ebc385c99041f38d48ce2347f64c702d.jpg","contentUrl":"https:\/\/www.webdo.tn\/fr\/wp-content\/uploads\/2023\/04\/ebc385c99041f38d48ce2347f64c702d.jpg","width":650,"height":347,"caption":"L\u2019audition de Lazhar Akremi report\u00e9e au 17 mai"},{"@type":"BreadcrumbList","@id":"https:\/\/www.webdo.tn\/fr\/actualite\/national\/l-audition-de-lazhar-akremi-reportee-au-17-mai\/205249\/#breadcrumb","itemListElement":[{"@type":"ListItem","position":1,"name":"Accueil","item":"https:\/\/www.webdo.tn\/fr\/"},{"@type":"ListItem","position":2,"name":"L\u2019audition de Lazhar Akremi report\u00e9e au 17 mai"}]},{"@type":"WebSite","@id":"https:\/\/www.webdo.tn\/fr\/#website","url":"https:\/\/www.webdo.tn\/fr\/","name":"webdo","description":"Tunisie - News en Tunisie et \u00e0 l&#039;international sur Webdo.tn","publisher":{"@id":"https:\/\/www.webdo.tn\/fr\/#organization"},"potentialAction":[{"@type":"SearchAction","target":{"@type":"EntryPoint","urlTemplate":"https:\/\/www.webdo.tn\/fr\/?s={search_term_string}"},"query-input":{"@type":"PropertyValueSpecification","valueRequired":true,"valueName":"search_term_string"}}],"inLanguage":"fr-FR"},{"@type":"Organization","@id":"https:\/\/www.webdo.tn\/fr\/#organization","name":"Webdo","alternateName":"Webdo.tn","url":"https:\/\/www.webdo.tn\/fr\/","logo":{"@type":"ImageObject","inLanguage":"fr-FR","@id":"https:\/\/www.webdo.tn\/fr\/#\/schema\/logo\/image\/","url":"https:\/\/www.webdo.tn\/fr\/wp-content\/uploads\/2025\/06\/Webdo-Tunisie_168377.jpg","contentUrl":"https:\/\/www.webdo.tn\/fr\/wp-content\/uploads\/2025\/06\/Webdo-Tunisie_168377.jpg","width":301,"height":301,"caption":"Webdo"},"image":{"@id":"https:\/\/www.webdo.tn\/fr\/#\/schema\/logo\/image\/"},"sameAs":["https:\/\/www.facebook.com\/webdotn","https:\/\/x.com\/webdo_tn"],"description":"Webdo est un m\u00e9dia num\u00e9rique tunisien fond\u00e9 en 2010, sp\u00e9cialis\u00e9 dans l\u2019actualit\u00e9 nationale et internationale, l\u2019\u00e9conomie, la soci\u00e9t\u00e9 et les analyses politiques. Le site s\u2019adresse \u00e0 un large public francophone et couvre l\u2019information tunisienne en temps r\u00e9el.","email":"redac@webdo.tn","legalName":"YNJ SARL","foundingDate":"2010-09-06","numberOfEmployees":{"@type":"QuantitativeValue","minValue":"11","maxValue":"50"}},{"@type":"Person","@id":"https:\/\/www.webdo.tn\/fr\/#\/schema\/person\/2c4929cbf5a809e3bd38617c6ce150f6","name":"MC","image":{"@type":"ImageObject","inLanguage":"fr-FR","@id":"https:\/\/secure.gravatar.com\/avatar\/a545bbb6f84efdd5553dbbc2895e3ca8f1d12c5215e00a041c9670b54aa9b18a?s=96&d=mm&r=g","url":"https:\/\/secure.gravatar.com\/avatar\/a545bbb6f84efdd5553dbbc2895e3ca8f1d12c5215e00a041c9670b54aa9b18a?s=96&d=mm&r=g","contentUrl":"https:\/\/secure.gravatar.com\/avatar\/a545bbb6f84efdd5553dbbc2895e3ca8f1d12c5215e00a041c9670b54aa9b18a?s=96&d=mm&r=g","caption":"MC"},"url":"https:\/\/www.webdo.tn\/fr\/actualite\/author\/mc\/"}]}},"_links":{"self":[{"href":"https:\/\/www.webdo.tn\/fr\/wp-json\/wp\/v2\/posts\/205249","targetHints":{"allow":["GET"]}}],"collection":[{"href":"https:\/\/www.webdo.tn\/fr\/wp-json\/wp\/v2\/posts"}],"about":[{"href":"https:\/\/www.webdo.tn\/fr\/wp-json\/wp\/v2\/types\/post"}],"author":[{"embeddable":true,"href":"https:\/\/www.webdo.tn\/fr\/wp-json\/wp\/v2\/users\/3162"}],"replies":[{"embeddable":true,"href":"https:\/\/www.webdo.tn\/fr\/wp-json\/wp\/v2\/comments?post=205249"}],"version-history":[{"count":0,"href":"https:\/\/www.webdo.tn\/fr\/wp-json\/wp\/v2\/posts\/205249\/revisions"}],"wp:featuredmedia":[{"embeddable":true,"href":"https:\/\/www.webdo.tn\/fr\/wp-json\/wp\/v2\/media\/278132"}],"wp:attachment":[{"href":"https:\/\/www.webdo.tn\/fr\/wp-json\/wp\/v2\/media?parent=205249"}],"wp:term":[{"taxonomy":"category","embeddable":true,"href":"https:\/\/www.webdo.tn\/fr\/wp-json\/wp\/v2\/categories?post=205249"},{"taxonomy":"post_tag","embeddable":true,"href":"https:\/\/www.webdo.tn\/fr\/wp-json\/wp\/v2\/tags?post=205249"}],"curies":[{"name":"wp","href":"https:\/\/api.w.org\/{rel}","templated":true}]}}