{"id":205246,"date":"2023-04-28T10:58:00","date_gmt":"2023-04-28T10:58:00","guid":{"rendered":"https:\/\/www.webdo.tn\/fr\/blog\/libye-les-medecins-tunisiens-rappeles-a-l-ordre-ou-la-prison\/205246\/"},"modified":"2025-05-20T22:43:52","modified_gmt":"2025-05-20T22:43:52","slug":"libye-les-medecins-tunisiens-rappeles-a-l-ordre-ou-la-prison","status":"publish","type":"post","link":"https:\/\/www.webdo.tn\/fr\/actualite\/national\/libye-les-medecins-tunisiens-rappeles-a-l-ordre-ou-la-prison\/205246\/","title":{"rendered":"Libye : Les m\u00e9decins tunisiens rappel\u00e9s \u00e0 l\u2019ordre\u2026 ou c&rsquo;est la prison !"},"content":{"rendered":"<p>Le syndicat des m\u00e9decins libyens a \u00e9mis une note au conseil de l\u2019ordre des m\u00e9decins tunisiens sur l\u2019activit\u00e9 de certains m\u00e9decins tunisiens en Libye.<\/p>\n<p>\t\t\t\t\t\t\t\t\tLe syndicat note que ces derniers temps, un afflux important de m\u00e9decins tunisiens pour exercer en Libye a \u00e9t\u00e9 observ\u00e9e. \u00ab Sauf que ces m\u00e9decins exercent sans autorisations et s\u2019abstiennent \u00e9galement d\u2019avertir l\u2019ordre des m\u00e9decins tunisiens \u00bb, explique-t-on.\u00a0<\/p>\n<p>Toujours selon cette source, dont la note a \u00e9t\u00e9 repartag\u00e9e par l\u2019ordre des m\u00e9decins tunisiens, ces blouses blanches risquent des peines d\u2019emprisonnement en cas de non-r\u00e9gularisation de leur situation.\u00a0<\/p>\n<p>\u00ab Exercer sans autorisation est une usurpation de l\u2019identit\u00e9 de m\u00e9decins, un crime passible d\u2019emprisonnement \u00bb, rappelle l\u2019ordre.<\/p>\n","protected":false},"excerpt":{"rendered":"<p>Le syndicat des m\u00e9decins libyens a \u00e9mis une note au conseil de l\u2019ordre des m\u00e9decins tunisiens sur l\u2019activit\u00e9 de certains m\u00e9decins tunisiens en Libye.<\/p>\n","protected":false},"author":3175,"featured_media":251314,"comment_status":"open","ping_status":"closed","sticky":false,"template":"","format":"standard","meta":{"footnotes":""},"categories":[44],"tags":[3279,2701,2608],"class_list":["post-205246","post","type-post","status-publish","format-standard","has-post-thumbnail","hentry","category-national","tag-libye","tag-medecins","tag-tunisie"],"yoast_head":"<!-- This site is optimized with the Yoast SEO Premium plugin v27.4 (Yoast SEO v27.5) - https:\/\/yoast.com\/product\/yoast-seo-premium-wordpress\/ -->\n<title>Libye : Les m\u00e9decins tunisiens rappel\u00e9s \u00e0 l\u2019ordre\u2026 ou c&#039;est la prison !<\/title>\n<meta name=\"description\" content=\"Le syndicat des m\u00e9decins libyens a \u00e9mis une note au conseil de l\u2019ordre des m\u00e9decins tunisiens sur l\u2019activit\u00e9 de certains m\u00e9decins tunisiens en Libye.\" \/>\n<link rel=\"canonical\" href=\"https:\/\/www.webdo.tn\/fr\/actualite\/national\/libye-les-medecins-tunisiens-rappeles-a-l-ordre-ou-la-prison\/205246\/\" \/>\n<meta property=\"og:locale\" content=\"fr_FR\" \/>\n<meta property=\"og:type\" content=\"article\" \/>\n<meta property=\"og:title\" content=\"Libye : Les m\u00e9decins tunisiens rappel\u00e9s \u00e0 l\u2019ordre\u2026 ou c&#039;est la prison !\" \/>\n<meta property=\"og:description\" content=\"Le syndicat des m\u00e9decins libyens a \u00e9mis une note au conseil de l\u2019ordre des m\u00e9decins tunisiens sur l\u2019activit\u00e9 de certains m\u00e9decins tunisiens en Libye.\" \/>\n<meta property=\"og:url\" content=\"https:\/\/www.webdo.tn\/fr\/actualite\/national\/libye-les-medecins-tunisiens-rappeles-a-l-ordre-ou-la-prison\/205246\/\" \/>\n<meta property=\"og:site_name\" content=\"webdo\" \/>\n<meta property=\"article:publisher\" content=\"https:\/\/www.facebook.com\/webdotn\" \/>\n<meta property=\"article:published_time\" content=\"2023-04-28T10:58:00+00:00\" \/>\n<meta property=\"article:modified_time\" content=\"2025-05-20T22:43:52+00:00\" \/>\n<meta property=\"og:image\" content=\"https:\/\/www.webdo.tn\/fr\/wp-content\/uploads\/2023\/04\/1f2f1b85f5c2640d059dcdea04bf03f5.png\" \/>\n\t<meta property=\"og:image:width\" content=\"750\" \/>\n\t<meta property=\"og:image:height\" content=\"400\" \/>\n\t<meta property=\"og:image:type\" content=\"image\/png\" \/>\n<meta name=\"author\" content=\"CL\" \/>\n<meta name=\"twitter:card\" content=\"summary_large_image\" \/>\n<meta name=\"twitter:creator\" content=\"@webdo_tn\" \/>\n<meta name=\"twitter:site\" content=\"@webdo_tn\" \/>\n<meta name=\"twitter:label1\" content=\"\u00c9crit par\" \/>\n\t<meta name=\"twitter:data1\" content=\"CL\" \/>\n\t<meta name=\"twitter:label2\" content=\"Dur\u00e9e de lecture estim\u00e9e\" \/>\n\t<meta name=\"twitter:data2\" content=\"1 minute\" \/>\n<script type=\"application\/ld+json\" class=\"yoast-schema-graph\">{\"@context\":\"https:\\\/\\\/schema.org\",\"@graph\":[{\"@type\":\"NewsArticle\",\"@id\":\"https:\\\/\\\/www.webdo.tn\\\/fr\\\/actualite\\\/national\\\/libye-les-medecins-tunisiens-rappeles-a-l-ordre-ou-la-prison\\\/205246\\\/#article\",\"isPartOf\":{\"@id\":\"https:\\\/\\\/www.webdo.tn\\\/fr\\\/actualite\\\/national\\\/libye-les-medecins-tunisiens-rappeles-a-l-ordre-ou-la-prison\\\/205246\\\/\"},\"author\":{\"name\":\"CL\",\"@id\":\"https:\\\/\\\/www.webdo.tn\\\/fr\\\/#\\\/schema\\\/person\\\/f35b42a42c5e2511bbd282959d6385cc\"},\"headline\":\"Libye : Les m\u00e9decins tunisiens rappel\u00e9s \u00e0 l\u2019ordre\u2026 ou c&rsquo;est la prison !\",\"datePublished\":\"2023-04-28T10:58:00+00:00\",\"dateModified\":\"2025-05-20T22:43:52+00:00\",\"mainEntityOfPage\":{\"@id\":\"https:\\\/\\\/www.webdo.tn\\\/fr\\\/actualite\\\/national\\\/libye-les-medecins-tunisiens-rappeles-a-l-ordre-ou-la-prison\\\/205246\\\/\"},\"wordCount\":140,\"commentCount\":0,\"publisher\":{\"@id\":\"https:\\\/\\\/www.webdo.tn\\\/fr\\\/#organization\"},\"image\":{\"@id\":\"https:\\\/\\\/www.webdo.tn\\\/fr\\\/actualite\\\/national\\\/libye-les-medecins-tunisiens-rappeles-a-l-ordre-ou-la-prison\\\/205246\\\/#primaryimage\"},\"thumbnailUrl\":\"https:\\\/\\\/www.webdo.tn\\\/fr\\\/wp-content\\\/uploads\\\/2023\\\/04\\\/1f2f1b85f5c2640d059dcdea04bf03f5.png\",\"keywords\":[\"Libye\",\"m\u00e9decins\",\"Tunisie\"],\"articleSection\":[\"National\"],\"inLanguage\":\"fr-FR\"},{\"@type\":\"WebPage\",\"@id\":\"https:\\\/\\\/www.webdo.tn\\\/fr\\\/actualite\\\/national\\\/libye-les-medecins-tunisiens-rappeles-a-l-ordre-ou-la-prison\\\/205246\\\/\",\"url\":\"https:\\\/\\\/www.webdo.tn\\\/fr\\\/actualite\\\/national\\\/libye-les-medecins-tunisiens-rappeles-a-l-ordre-ou-la-prison\\\/205246\\\/\",\"name\":\"Libye : Les m\u00e9decins tunisiens rappel\u00e9s \u00e0 l\u2019ordre\u2026 ou c'est la prison !\",\"isPartOf\":{\"@id\":\"https:\\\/\\\/www.webdo.tn\\\/fr\\\/#website\"},\"primaryImageOfPage\":{\"@id\":\"https:\\\/\\\/www.webdo.tn\\\/fr\\\/actualite\\\/national\\\/libye-les-medecins-tunisiens-rappeles-a-l-ordre-ou-la-prison\\\/205246\\\/#primaryimage\"},\"image\":{\"@id\":\"https:\\\/\\\/www.webdo.tn\\\/fr\\\/actualite\\\/national\\\/libye-les-medecins-tunisiens-rappeles-a-l-ordre-ou-la-prison\\\/205246\\\/#primaryimage\"},\"thumbnailUrl\":\"https:\\\/\\\/www.webdo.tn\\\/fr\\\/wp-content\\\/uploads\\\/2023\\\/04\\\/1f2f1b85f5c2640d059dcdea04bf03f5.png\",\"datePublished\":\"2023-04-28T10:58:00+00:00\",\"dateModified\":\"2025-05-20T22:43:52+00:00\",\"description\":\"Le syndicat des m\u00e9decins libyens a \u00e9mis une note au conseil de l\u2019ordre des m\u00e9decins tunisiens sur l\u2019activit\u00e9 de certains m\u00e9decins tunisiens en Libye.\",\"breadcrumb\":{\"@id\":\"https:\\\/\\\/www.webdo.tn\\\/fr\\\/actualite\\\/national\\\/libye-les-medecins-tunisiens-rappeles-a-l-ordre-ou-la-prison\\\/205246\\\/#breadcrumb\"},\"inLanguage\":\"fr-FR\",\"potentialAction\":[{\"@type\":\"ReadAction\",\"target\":[\"https:\\\/\\\/www.webdo.tn\\\/fr\\\/actualite\\\/national\\\/libye-les-medecins-tunisiens-rappeles-a-l-ordre-ou-la-prison\\\/205246\\\/\"]}]},{\"@type\":\"ImageObject\",\"inLanguage\":\"fr-FR\",\"@id\":\"https:\\\/\\\/www.webdo.tn\\\/fr\\\/actualite\\\/national\\\/libye-les-medecins-tunisiens-rappeles-a-l-ordre-ou-la-prison\\\/205246\\\/#primaryimage\",\"url\":\"https:\\\/\\\/www.webdo.tn\\\/fr\\\/wp-content\\\/uploads\\\/2023\\\/04\\\/1f2f1b85f5c2640d059dcdea04bf03f5.png\",\"contentUrl\":\"https:\\\/\\\/www.webdo.tn\\\/fr\\\/wp-content\\\/uploads\\\/2023\\\/04\\\/1f2f1b85f5c2640d059dcdea04bf03f5.png\",\"width\":750,\"height\":400,\"caption\":\"M\u00e9decins\"},{\"@type\":\"BreadcrumbList\",\"@id\":\"https:\\\/\\\/www.webdo.tn\\\/fr\\\/actualite\\\/national\\\/libye-les-medecins-tunisiens-rappeles-a-l-ordre-ou-la-prison\\\/205246\\\/#breadcrumb\",\"itemListElement\":[{\"@type\":\"ListItem\",\"position\":1,\"name\":\"Accueil\",\"item\":\"https:\\\/\\\/www.webdo.tn\\\/fr\\\/\"},{\"@type\":\"ListItem\",\"position\":2,\"name\":\"Libye : Les m\u00e9decins tunisiens rappel\u00e9s \u00e0 l\u2019ordre\u2026 ou c&#8217;est la prison !\"}]},{\"@type\":\"WebSite\",\"@id\":\"https:\\\/\\\/www.webdo.tn\\\/fr\\\/#website\",\"url\":\"https:\\\/\\\/www.webdo.tn\\\/fr\\\/\",\"name\":\"webdo\",\"description\":\"Tunisie - News en Tunisie et \u00e0 l&#039;international sur Webdo.tn\",\"publisher\":{\"@id\":\"https:\\\/\\\/www.webdo.tn\\\/fr\\\/#organization\"},\"potentialAction\":[{\"@type\":\"SearchAction\",\"target\":{\"@type\":\"EntryPoint\",\"urlTemplate\":\"https:\\\/\\\/www.webdo.tn\\\/fr\\\/?s={search_term_string}\"},\"query-input\":{\"@type\":\"PropertyValueSpecification\",\"valueRequired\":true,\"valueName\":\"search_term_string\"}}],\"inLanguage\":\"fr-FR\"},{\"@type\":\"Organization\",\"@id\":\"https:\\\/\\\/www.webdo.tn\\\/fr\\\/#organization\",\"name\":\"Webdo\",\"alternateName\":\"Webdo.tn\",\"url\":\"https:\\\/\\\/www.webdo.tn\\\/fr\\\/\",\"logo\":{\"@type\":\"ImageObject\",\"inLanguage\":\"fr-FR\",\"@id\":\"https:\\\/\\\/www.webdo.tn\\\/fr\\\/#\\\/schema\\\/logo\\\/image\\\/\",\"url\":\"https:\\\/\\\/www.webdo.tn\\\/fr\\\/wp-content\\\/uploads\\\/2025\\\/06\\\/Webdo-Tunisie_168377.jpg\",\"contentUrl\":\"https:\\\/\\\/www.webdo.tn\\\/fr\\\/wp-content\\\/uploads\\\/2025\\\/06\\\/Webdo-Tunisie_168377.jpg\",\"width\":301,\"height\":301,\"caption\":\"Webdo\"},\"image\":{\"@id\":\"https:\\\/\\\/www.webdo.tn\\\/fr\\\/#\\\/schema\\\/logo\\\/image\\\/\"},\"sameAs\":[\"https:\\\/\\\/www.facebook.com\\\/webdotn\",\"https:\\\/\\\/x.com\\\/webdo_tn\"],\"description\":\"Webdo est un m\u00e9dia num\u00e9rique tunisien fond\u00e9 en 2010, sp\u00e9cialis\u00e9 dans l\u2019actualit\u00e9 nationale et internationale, l\u2019\u00e9conomie, la soci\u00e9t\u00e9 et les analyses politiques. Le site s\u2019adresse \u00e0 un large public francophone et couvre l\u2019information tunisienne en temps r\u00e9el.\",\"email\":\"redac@webdo.tn\",\"legalName\":\"YNJ SARL\",\"foundingDate\":\"2010-09-06\",\"numberOfEmployees\":{\"@type\":\"QuantitativeValue\",\"minValue\":\"11\",\"maxValue\":\"50\"}},{\"@type\":\"Person\",\"@id\":\"https:\\\/\\\/www.webdo.tn\\\/fr\\\/#\\\/schema\\\/person\\\/f35b42a42c5e2511bbd282959d6385cc\",\"name\":\"CL\",\"image\":{\"@type\":\"ImageObject\",\"inLanguage\":\"fr-FR\",\"@id\":\"https:\\\/\\\/secure.gravatar.com\\\/avatar\\\/1447a49909b67aa657c488aec6512e1dd6143a480c1ecfee9b5b5cd74eb3b59e?s=96&d=mm&r=g\",\"url\":\"https:\\\/\\\/secure.gravatar.com\\\/avatar\\\/1447a49909b67aa657c488aec6512e1dd6143a480c1ecfee9b5b5cd74eb3b59e?s=96&d=mm&r=g\",\"contentUrl\":\"https:\\\/\\\/secure.gravatar.com\\\/avatar\\\/1447a49909b67aa657c488aec6512e1dd6143a480c1ecfee9b5b5cd74eb3b59e?s=96&d=mm&r=g\",\"caption\":\"CL\"},\"url\":\"https:\\\/\\\/www.webdo.tn\\\/fr\\\/actualite\\\/author\\\/cl\\\/\"}]}<\/script>\n<!-- \/ Yoast SEO Premium plugin. -->","yoast_head_json":{"title":"Libye : Les m\u00e9decins tunisiens rappel\u00e9s \u00e0 l\u2019ordre\u2026 ou c'est la prison !","description":"Le syndicat des m\u00e9decins libyens a \u00e9mis une note au conseil de l\u2019ordre des m\u00e9decins tunisiens sur l\u2019activit\u00e9 de certains m\u00e9decins tunisiens en Libye.","canonical":"https:\/\/www.webdo.tn\/fr\/actualite\/national\/libye-les-medecins-tunisiens-rappeles-a-l-ordre-ou-la-prison\/205246\/","og_locale":"fr_FR","og_type":"article","og_title":"Libye : Les m\u00e9decins tunisiens rappel\u00e9s \u00e0 l\u2019ordre\u2026 ou c'est la prison !","og_description":"Le syndicat des m\u00e9decins libyens a \u00e9mis une note au conseil de l\u2019ordre des m\u00e9decins tunisiens sur l\u2019activit\u00e9 de certains m\u00e9decins tunisiens en Libye.","og_url":"https:\/\/www.webdo.tn\/fr\/actualite\/national\/libye-les-medecins-tunisiens-rappeles-a-l-ordre-ou-la-prison\/205246\/","og_site_name":"webdo","article_publisher":"https:\/\/www.facebook.com\/webdotn","article_published_time":"2023-04-28T10:58:00+00:00","article_modified_time":"2025-05-20T22:43:52+00:00","og_image":[{"width":750,"height":400,"url":"https:\/\/www.webdo.tn\/fr\/wp-content\/uploads\/2023\/04\/1f2f1b85f5c2640d059dcdea04bf03f5.png","type":"image\/png"}],"author":"CL","twitter_card":"summary_large_image","twitter_creator":"@webdo_tn","twitter_site":"@webdo_tn","twitter_misc":{"\u00c9crit par":"CL","Dur\u00e9e de lecture estim\u00e9e":"1 minute"},"schema":{"@context":"https:\/\/schema.org","@graph":[{"@type":"NewsArticle","@id":"https:\/\/www.webdo.tn\/fr\/actualite\/national\/libye-les-medecins-tunisiens-rappeles-a-l-ordre-ou-la-prison\/205246\/#article","isPartOf":{"@id":"https:\/\/www.webdo.tn\/fr\/actualite\/national\/libye-les-medecins-tunisiens-rappeles-a-l-ordre-ou-la-prison\/205246\/"},"author":{"name":"CL","@id":"https:\/\/www.webdo.tn\/fr\/#\/schema\/person\/f35b42a42c5e2511bbd282959d6385cc"},"headline":"Libye : Les m\u00e9decins tunisiens rappel\u00e9s \u00e0 l\u2019ordre\u2026 ou c&rsquo;est la prison !","datePublished":"2023-04-28T10:58:00+00:00","dateModified":"2025-05-20T22:43:52+00:00","mainEntityOfPage":{"@id":"https:\/\/www.webdo.tn\/fr\/actualite\/national\/libye-les-medecins-tunisiens-rappeles-a-l-ordre-ou-la-prison\/205246\/"},"wordCount":140,"commentCount":0,"publisher":{"@id":"https:\/\/www.webdo.tn\/fr\/#organization"},"image":{"@id":"https:\/\/www.webdo.tn\/fr\/actualite\/national\/libye-les-medecins-tunisiens-rappeles-a-l-ordre-ou-la-prison\/205246\/#primaryimage"},"thumbnailUrl":"https:\/\/www.webdo.tn\/fr\/wp-content\/uploads\/2023\/04\/1f2f1b85f5c2640d059dcdea04bf03f5.png","keywords":["Libye","m\u00e9decins","Tunisie"],"articleSection":["National"],"inLanguage":"fr-FR"},{"@type":"WebPage","@id":"https:\/\/www.webdo.tn\/fr\/actualite\/national\/libye-les-medecins-tunisiens-rappeles-a-l-ordre-ou-la-prison\/205246\/","url":"https:\/\/www.webdo.tn\/fr\/actualite\/national\/libye-les-medecins-tunisiens-rappeles-a-l-ordre-ou-la-prison\/205246\/","name":"Libye : Les m\u00e9decins tunisiens rappel\u00e9s \u00e0 l\u2019ordre\u2026 ou c'est la prison !","isPartOf":{"@id":"https:\/\/www.webdo.tn\/fr\/#website"},"primaryImageOfPage":{"@id":"https:\/\/www.webdo.tn\/fr\/actualite\/national\/libye-les-medecins-tunisiens-rappeles-a-l-ordre-ou-la-prison\/205246\/#primaryimage"},"image":{"@id":"https:\/\/www.webdo.tn\/fr\/actualite\/national\/libye-les-medecins-tunisiens-rappeles-a-l-ordre-ou-la-prison\/205246\/#primaryimage"},"thumbnailUrl":"https:\/\/www.webdo.tn\/fr\/wp-content\/uploads\/2023\/04\/1f2f1b85f5c2640d059dcdea04bf03f5.png","datePublished":"2023-04-28T10:58:00+00:00","dateModified":"2025-05-20T22:43:52+00:00","description":"Le syndicat des m\u00e9decins libyens a \u00e9mis une note au conseil de l\u2019ordre des m\u00e9decins tunisiens sur l\u2019activit\u00e9 de certains m\u00e9decins tunisiens en Libye.","breadcrumb":{"@id":"https:\/\/www.webdo.tn\/fr\/actualite\/national\/libye-les-medecins-tunisiens-rappeles-a-l-ordre-ou-la-prison\/205246\/#breadcrumb"},"inLanguage":"fr-FR","potentialAction":[{"@type":"ReadAction","target":["https:\/\/www.webdo.tn\/fr\/actualite\/national\/libye-les-medecins-tunisiens-rappeles-a-l-ordre-ou-la-prison\/205246\/"]}]},{"@type":"ImageObject","inLanguage":"fr-FR","@id":"https:\/\/www.webdo.tn\/fr\/actualite\/national\/libye-les-medecins-tunisiens-rappeles-a-l-ordre-ou-la-prison\/205246\/#primaryimage","url":"https:\/\/www.webdo.tn\/fr\/wp-content\/uploads\/2023\/04\/1f2f1b85f5c2640d059dcdea04bf03f5.png","contentUrl":"https:\/\/www.webdo.tn\/fr\/wp-content\/uploads\/2023\/04\/1f2f1b85f5c2640d059dcdea04bf03f5.png","width":750,"height":400,"caption":"M\u00e9decins"},{"@type":"BreadcrumbList","@id":"https:\/\/www.webdo.tn\/fr\/actualite\/national\/libye-les-medecins-tunisiens-rappeles-a-l-ordre-ou-la-prison\/205246\/#breadcrumb","itemListElement":[{"@type":"ListItem","position":1,"name":"Accueil","item":"https:\/\/www.webdo.tn\/fr\/"},{"@type":"ListItem","position":2,"name":"Libye : Les m\u00e9decins tunisiens rappel\u00e9s \u00e0 l\u2019ordre\u2026 ou c&#8217;est la prison !"}]},{"@type":"WebSite","@id":"https:\/\/www.webdo.tn\/fr\/#website","url":"https:\/\/www.webdo.tn\/fr\/","name":"webdo","description":"Tunisie - News en Tunisie et \u00e0 l&#039;international sur Webdo.tn","publisher":{"@id":"https:\/\/www.webdo.tn\/fr\/#organization"},"potentialAction":[{"@type":"SearchAction","target":{"@type":"EntryPoint","urlTemplate":"https:\/\/www.webdo.tn\/fr\/?s={search_term_string}"},"query-input":{"@type":"PropertyValueSpecification","valueRequired":true,"valueName":"search_term_string"}}],"inLanguage":"fr-FR"},{"@type":"Organization","@id":"https:\/\/www.webdo.tn\/fr\/#organization","name":"Webdo","alternateName":"Webdo.tn","url":"https:\/\/www.webdo.tn\/fr\/","logo":{"@type":"ImageObject","inLanguage":"fr-FR","@id":"https:\/\/www.webdo.tn\/fr\/#\/schema\/logo\/image\/","url":"https:\/\/www.webdo.tn\/fr\/wp-content\/uploads\/2025\/06\/Webdo-Tunisie_168377.jpg","contentUrl":"https:\/\/www.webdo.tn\/fr\/wp-content\/uploads\/2025\/06\/Webdo-Tunisie_168377.jpg","width":301,"height":301,"caption":"Webdo"},"image":{"@id":"https:\/\/www.webdo.tn\/fr\/#\/schema\/logo\/image\/"},"sameAs":["https:\/\/www.facebook.com\/webdotn","https:\/\/x.com\/webdo_tn"],"description":"Webdo est un m\u00e9dia num\u00e9rique tunisien fond\u00e9 en 2010, sp\u00e9cialis\u00e9 dans l\u2019actualit\u00e9 nationale et internationale, l\u2019\u00e9conomie, la soci\u00e9t\u00e9 et les analyses politiques. Le site s\u2019adresse \u00e0 un large public francophone et couvre l\u2019information tunisienne en temps r\u00e9el.","email":"redac@webdo.tn","legalName":"YNJ SARL","foundingDate":"2010-09-06","numberOfEmployees":{"@type":"QuantitativeValue","minValue":"11","maxValue":"50"}},{"@type":"Person","@id":"https:\/\/www.webdo.tn\/fr\/#\/schema\/person\/f35b42a42c5e2511bbd282959d6385cc","name":"CL","image":{"@type":"ImageObject","inLanguage":"fr-FR","@id":"https:\/\/secure.gravatar.com\/avatar\/1447a49909b67aa657c488aec6512e1dd6143a480c1ecfee9b5b5cd74eb3b59e?s=96&d=mm&r=g","url":"https:\/\/secure.gravatar.com\/avatar\/1447a49909b67aa657c488aec6512e1dd6143a480c1ecfee9b5b5cd74eb3b59e?s=96&d=mm&r=g","contentUrl":"https:\/\/secure.gravatar.com\/avatar\/1447a49909b67aa657c488aec6512e1dd6143a480c1ecfee9b5b5cd74eb3b59e?s=96&d=mm&r=g","caption":"CL"},"url":"https:\/\/www.webdo.tn\/fr\/actualite\/author\/cl\/"}]}},"_links":{"self":[{"href":"https:\/\/www.webdo.tn\/fr\/wp-json\/wp\/v2\/posts\/205246","targetHints":{"allow":["GET"]}}],"collection":[{"href":"https:\/\/www.webdo.tn\/fr\/wp-json\/wp\/v2\/posts"}],"about":[{"href":"https:\/\/www.webdo.tn\/fr\/wp-json\/wp\/v2\/types\/post"}],"author":[{"embeddable":true,"href":"https:\/\/www.webdo.tn\/fr\/wp-json\/wp\/v2\/users\/3175"}],"replies":[{"embeddable":true,"href":"https:\/\/www.webdo.tn\/fr\/wp-json\/wp\/v2\/comments?post=205246"}],"version-history":[{"count":0,"href":"https:\/\/www.webdo.tn\/fr\/wp-json\/wp\/v2\/posts\/205246\/revisions"}],"wp:featuredmedia":[{"embeddable":true,"href":"https:\/\/www.webdo.tn\/fr\/wp-json\/wp\/v2\/media\/251314"}],"wp:attachment":[{"href":"https:\/\/www.webdo.tn\/fr\/wp-json\/wp\/v2\/media?parent=205246"}],"wp:term":[{"taxonomy":"category","embeddable":true,"href":"https:\/\/www.webdo.tn\/fr\/wp-json\/wp\/v2\/categories?post=205246"},{"taxonomy":"post_tag","embeddable":true,"href":"https:\/\/www.webdo.tn\/fr\/wp-json\/wp\/v2\/tags?post=205246"}],"curies":[{"name":"wp","href":"https:\/\/api.w.org\/{rel}","templated":true}]}}