{"id":205242,"date":"2023-04-28T10:02:00","date_gmt":"2023-04-28T10:02:00","guid":{"rendered":"https:\/\/www.webdo.tn\/fr\/blog\/la-tunisie-ne-sera-pas-le-danemark-du-jour-au-lendemain-previent-l-italie\/205242\/"},"modified":"2025-05-20T22:43:51","modified_gmt":"2025-05-20T22:43:51","slug":"la-tunisie-ne-sera-pas-le-danemark-du-jour-au-lendemain-previent-l-italie","status":"publish","type":"post","link":"https:\/\/www.webdo.tn\/fr\/actualite\/national\/la-tunisie-ne-sera-pas-le-danemark-du-jour-au-lendemain-previent-l-italie\/205242\/","title":{"rendered":"\u00ab\u00a0La Tunisie ne sera pas le Danemark du jour au lendemain\u00a0\u00bb, note l\u2019Italie"},"content":{"rendered":"<p>C\u2019est la premi\u00e8re fois qu\u2019un pays europ\u00e9en prend la d\u00e9fense de la Tunisie et court \u00e0 son secours, mais ce n\u2019est pas pour rien. L\u2019Italie multiplie les d\u00e9clarations et les efforts pour convaincre le FMI et l\u2019Union europ\u00e9enne de l\u2019urgence de la situation en Tunisie, craignant une explosion des flux migratoires vers ses c\u00f4tes.<\/p>\n<p>\t\t\t\t\t\t\t\t\tLe Chef de la diplomatie italienne Antonio Tajani a encore une fois bris\u00e9 le silence au sujet de la Tunisie. Pour lui, il faut aider, co\u00fbte que co\u00fbte notre pays pour \u00e9viter tout risque d\u2019effondrement financier.\u00a0<\/p>\n<p>Le ministre italien qui note que la Tunisie ne sera pas le Danemark du jour au lendemain, appelle l\u2019Union europ\u00e9enne \u00e0 d\u00e9caisser des fonds \u00e0 la Tunisie, ind\u00e9pendamment de l\u2019avancement des r\u00e9formes.\u00a0<\/p>\n<p>Et de rappeler que son pays allait d\u00e9caisser prochainement les premi\u00e8res aides financi\u00e8res \u00e0 la Tunisie.<\/p>\n","protected":false},"excerpt":{"rendered":"<p>C\u2019est la premi\u00e8re fois qu\u2019un pays europ\u00e9en prend la d\u00e9fense de la Tunisie et court \u00e0 son secours, mais ce n\u2019est pas pour rien. L\u2019Italie multiplie les d\u00e9claratio&#8230;<\/p>\n","protected":false},"author":3175,"featured_media":251312,"comment_status":"open","ping_status":"closed","sticky":false,"template":"","format":"standard","meta":{"footnotes":""},"categories":[44],"tags":[2774,2660,2608],"class_list":["post-205242","post","type-post","status-publish","format-standard","has-post-thumbnail","hentry","category-national","tag-aide","tag-italie","tag-tunisie"],"yoast_head":"<!-- This site is optimized with the Yoast SEO Premium plugin v27.4 (Yoast SEO v27.5) - https:\/\/yoast.com\/product\/yoast-seo-premium-wordpress\/ -->\n<title>La Tunisie ne sera pas le Danemark du jour au lendemain , note l\u2019Italie<\/title>\n<meta name=\"description\" content=\"C\u2019est la premi\u00e8re fois qu\u2019un pays europ\u00e9en prend la d\u00e9fense de la Tunisie et court \u00e0 son secours, mais ce n\u2019est pas pour rien. L\u2019Italie multiplie les d\u00e9claratio...\" \/>\n<link rel=\"canonical\" href=\"https:\/\/www.webdo.tn\/fr\/actualite\/national\/la-tunisie-ne-sera-pas-le-danemark-du-jour-au-lendemain-previent-l-italie\/205242\/\" \/>\n<meta property=\"og:locale\" content=\"fr_FR\" \/>\n<meta property=\"og:type\" content=\"article\" \/>\n<meta property=\"og:title\" content=\"&quot;La Tunisie ne sera pas le Danemark du jour au lendemain&quot;, note l\u2019Italie\" \/>\n<meta property=\"og:description\" content=\"C\u2019est la premi\u00e8re fois qu\u2019un pays europ\u00e9en prend la d\u00e9fense de la Tunisie et court \u00e0 son secours, mais ce n\u2019est pas pour rien. L\u2019Italie multiplie les d\u00e9claratio...\" \/>\n<meta property=\"og:url\" content=\"https:\/\/www.webdo.tn\/fr\/actualite\/national\/la-tunisie-ne-sera-pas-le-danemark-du-jour-au-lendemain-previent-l-italie\/205242\/\" \/>\n<meta property=\"og:site_name\" content=\"webdo\" \/>\n<meta property=\"article:publisher\" content=\"https:\/\/www.facebook.com\/webdotn\" \/>\n<meta property=\"article:published_time\" content=\"2023-04-28T10:02:00+00:00\" \/>\n<meta property=\"article:modified_time\" content=\"2025-05-20T22:43:51+00:00\" \/>\n<meta property=\"og:image\" content=\"https:\/\/www.webdo.tn\/fr\/wp-content\/uploads\/2023\/04\/afa01e1f048d3a3cd92529730fdf1c86.jpg\" \/>\n\t<meta property=\"og:image:width\" content=\"750\" \/>\n\t<meta property=\"og:image:height\" content=\"400\" \/>\n\t<meta property=\"og:image:type\" content=\"image\/jpeg\" \/>\n<meta name=\"author\" content=\"CL\" \/>\n<meta name=\"twitter:card\" content=\"summary_large_image\" \/>\n<meta name=\"twitter:creator\" content=\"@webdo_tn\" \/>\n<meta name=\"twitter:site\" content=\"@webdo_tn\" \/>\n<meta name=\"twitter:label1\" content=\"\u00c9crit par\" \/>\n\t<meta name=\"twitter:data1\" content=\"CL\" \/>\n\t<meta name=\"twitter:label2\" content=\"Dur\u00e9e de lecture estim\u00e9e\" \/>\n\t<meta name=\"twitter:data2\" content=\"1 minute\" \/>\n<script type=\"application\/ld+json\" class=\"yoast-schema-graph\">{\"@context\":\"https:\\\/\\\/schema.org\",\"@graph\":[{\"@type\":\"NewsArticle\",\"@id\":\"https:\\\/\\\/www.webdo.tn\\\/fr\\\/actualite\\\/national\\\/la-tunisie-ne-sera-pas-le-danemark-du-jour-au-lendemain-previent-l-italie\\\/205242\\\/#article\",\"isPartOf\":{\"@id\":\"https:\\\/\\\/www.webdo.tn\\\/fr\\\/actualite\\\/national\\\/la-tunisie-ne-sera-pas-le-danemark-du-jour-au-lendemain-previent-l-italie\\\/205242\\\/\"},\"author\":{\"name\":\"CL\",\"@id\":\"https:\\\/\\\/www.webdo.tn\\\/fr\\\/#\\\/schema\\\/person\\\/f35b42a42c5e2511bbd282959d6385cc\"},\"headline\":\"\u00ab\u00a0La Tunisie ne sera pas le Danemark du jour au lendemain\u00a0\u00bb, note l\u2019Italie\",\"datePublished\":\"2023-04-28T10:02:00+00:00\",\"dateModified\":\"2025-05-20T22:43:51+00:00\",\"mainEntityOfPage\":{\"@id\":\"https:\\\/\\\/www.webdo.tn\\\/fr\\\/actualite\\\/national\\\/la-tunisie-ne-sera-pas-le-danemark-du-jour-au-lendemain-previent-l-italie\\\/205242\\\/\"},\"wordCount\":172,\"commentCount\":0,\"publisher\":{\"@id\":\"https:\\\/\\\/www.webdo.tn\\\/fr\\\/#organization\"},\"image\":{\"@id\":\"https:\\\/\\\/www.webdo.tn\\\/fr\\\/actualite\\\/national\\\/la-tunisie-ne-sera-pas-le-danemark-du-jour-au-lendemain-previent-l-italie\\\/205242\\\/#primaryimage\"},\"thumbnailUrl\":\"https:\\\/\\\/www.webdo.tn\\\/fr\\\/wp-content\\\/uploads\\\/2023\\\/04\\\/afa01e1f048d3a3cd92529730fdf1c86.jpg\",\"keywords\":[\"aide\",\"Italie\",\"Tunisie\"],\"articleSection\":[\"National\"],\"inLanguage\":\"fr-FR\"},{\"@type\":\"WebPage\",\"@id\":\"https:\\\/\\\/www.webdo.tn\\\/fr\\\/actualite\\\/national\\\/la-tunisie-ne-sera-pas-le-danemark-du-jour-au-lendemain-previent-l-italie\\\/205242\\\/\",\"url\":\"https:\\\/\\\/www.webdo.tn\\\/fr\\\/actualite\\\/national\\\/la-tunisie-ne-sera-pas-le-danemark-du-jour-au-lendemain-previent-l-italie\\\/205242\\\/\",\"name\":\"La Tunisie ne sera pas le Danemark du jour au lendemain , note l\u2019Italie\",\"isPartOf\":{\"@id\":\"https:\\\/\\\/www.webdo.tn\\\/fr\\\/#website\"},\"primaryImageOfPage\":{\"@id\":\"https:\\\/\\\/www.webdo.tn\\\/fr\\\/actualite\\\/national\\\/la-tunisie-ne-sera-pas-le-danemark-du-jour-au-lendemain-previent-l-italie\\\/205242\\\/#primaryimage\"},\"image\":{\"@id\":\"https:\\\/\\\/www.webdo.tn\\\/fr\\\/actualite\\\/national\\\/la-tunisie-ne-sera-pas-le-danemark-du-jour-au-lendemain-previent-l-italie\\\/205242\\\/#primaryimage\"},\"thumbnailUrl\":\"https:\\\/\\\/www.webdo.tn\\\/fr\\\/wp-content\\\/uploads\\\/2023\\\/04\\\/afa01e1f048d3a3cd92529730fdf1c86.jpg\",\"datePublished\":\"2023-04-28T10:02:00+00:00\",\"dateModified\":\"2025-05-20T22:43:51+00:00\",\"description\":\"C\u2019est la premi\u00e8re fois qu\u2019un pays europ\u00e9en prend la d\u00e9fense de la Tunisie et court \u00e0 son secours, mais ce n\u2019est pas pour rien. L\u2019Italie multiplie les d\u00e9claratio...\",\"breadcrumb\":{\"@id\":\"https:\\\/\\\/www.webdo.tn\\\/fr\\\/actualite\\\/national\\\/la-tunisie-ne-sera-pas-le-danemark-du-jour-au-lendemain-previent-l-italie\\\/205242\\\/#breadcrumb\"},\"inLanguage\":\"fr-FR\",\"potentialAction\":[{\"@type\":\"ReadAction\",\"target\":[\"https:\\\/\\\/www.webdo.tn\\\/fr\\\/actualite\\\/national\\\/la-tunisie-ne-sera-pas-le-danemark-du-jour-au-lendemain-previent-l-italie\\\/205242\\\/\"]}]},{\"@type\":\"ImageObject\",\"inLanguage\":\"fr-FR\",\"@id\":\"https:\\\/\\\/www.webdo.tn\\\/fr\\\/actualite\\\/national\\\/la-tunisie-ne-sera-pas-le-danemark-du-jour-au-lendemain-previent-l-italie\\\/205242\\\/#primaryimage\",\"url\":\"https:\\\/\\\/www.webdo.tn\\\/fr\\\/wp-content\\\/uploads\\\/2023\\\/04\\\/afa01e1f048d3a3cd92529730fdf1c86.jpg\",\"contentUrl\":\"https:\\\/\\\/www.webdo.tn\\\/fr\\\/wp-content\\\/uploads\\\/2023\\\/04\\\/afa01e1f048d3a3cd92529730fdf1c86.jpg\",\"width\":750,\"height\":400,\"caption\":\"\\\"La Tunisie ne sera pas le Danemark du jour au lendemain\\\", note l\u2019Italie\"},{\"@type\":\"BreadcrumbList\",\"@id\":\"https:\\\/\\\/www.webdo.tn\\\/fr\\\/actualite\\\/national\\\/la-tunisie-ne-sera-pas-le-danemark-du-jour-au-lendemain-previent-l-italie\\\/205242\\\/#breadcrumb\",\"itemListElement\":[{\"@type\":\"ListItem\",\"position\":1,\"name\":\"Accueil\",\"item\":\"https:\\\/\\\/www.webdo.tn\\\/fr\\\/\"},{\"@type\":\"ListItem\",\"position\":2,\"name\":\"&#8220;La Tunisie ne sera pas le Danemark du jour au lendemain&#8221;, note l\u2019Italie\"}]},{\"@type\":\"WebSite\",\"@id\":\"https:\\\/\\\/www.webdo.tn\\\/fr\\\/#website\",\"url\":\"https:\\\/\\\/www.webdo.tn\\\/fr\\\/\",\"name\":\"webdo\",\"description\":\"Tunisie - News en Tunisie et \u00e0 l&#039;international sur Webdo.tn\",\"publisher\":{\"@id\":\"https:\\\/\\\/www.webdo.tn\\\/fr\\\/#organization\"},\"potentialAction\":[{\"@type\":\"SearchAction\",\"target\":{\"@type\":\"EntryPoint\",\"urlTemplate\":\"https:\\\/\\\/www.webdo.tn\\\/fr\\\/?s={search_term_string}\"},\"query-input\":{\"@type\":\"PropertyValueSpecification\",\"valueRequired\":true,\"valueName\":\"search_term_string\"}}],\"inLanguage\":\"fr-FR\"},{\"@type\":\"Organization\",\"@id\":\"https:\\\/\\\/www.webdo.tn\\\/fr\\\/#organization\",\"name\":\"Webdo\",\"alternateName\":\"Webdo.tn\",\"url\":\"https:\\\/\\\/www.webdo.tn\\\/fr\\\/\",\"logo\":{\"@type\":\"ImageObject\",\"inLanguage\":\"fr-FR\",\"@id\":\"https:\\\/\\\/www.webdo.tn\\\/fr\\\/#\\\/schema\\\/logo\\\/image\\\/\",\"url\":\"https:\\\/\\\/www.webdo.tn\\\/fr\\\/wp-content\\\/uploads\\\/2025\\\/06\\\/Webdo-Tunisie_168377.jpg\",\"contentUrl\":\"https:\\\/\\\/www.webdo.tn\\\/fr\\\/wp-content\\\/uploads\\\/2025\\\/06\\\/Webdo-Tunisie_168377.jpg\",\"width\":301,\"height\":301,\"caption\":\"Webdo\"},\"image\":{\"@id\":\"https:\\\/\\\/www.webdo.tn\\\/fr\\\/#\\\/schema\\\/logo\\\/image\\\/\"},\"sameAs\":[\"https:\\\/\\\/www.facebook.com\\\/webdotn\",\"https:\\\/\\\/x.com\\\/webdo_tn\"],\"description\":\"Webdo est un m\u00e9dia num\u00e9rique tunisien fond\u00e9 en 2010, sp\u00e9cialis\u00e9 dans l\u2019actualit\u00e9 nationale et internationale, l\u2019\u00e9conomie, la soci\u00e9t\u00e9 et les analyses politiques. Le site s\u2019adresse \u00e0 un large public francophone et couvre l\u2019information tunisienne en temps r\u00e9el.\",\"email\":\"redac@webdo.tn\",\"legalName\":\"YNJ SARL\",\"foundingDate\":\"2010-09-06\",\"numberOfEmployees\":{\"@type\":\"QuantitativeValue\",\"minValue\":\"11\",\"maxValue\":\"50\"}},{\"@type\":\"Person\",\"@id\":\"https:\\\/\\\/www.webdo.tn\\\/fr\\\/#\\\/schema\\\/person\\\/f35b42a42c5e2511bbd282959d6385cc\",\"name\":\"CL\",\"image\":{\"@type\":\"ImageObject\",\"inLanguage\":\"fr-FR\",\"@id\":\"https:\\\/\\\/secure.gravatar.com\\\/avatar\\\/1447a49909b67aa657c488aec6512e1dd6143a480c1ecfee9b5b5cd74eb3b59e?s=96&d=mm&r=g\",\"url\":\"https:\\\/\\\/secure.gravatar.com\\\/avatar\\\/1447a49909b67aa657c488aec6512e1dd6143a480c1ecfee9b5b5cd74eb3b59e?s=96&d=mm&r=g\",\"contentUrl\":\"https:\\\/\\\/secure.gravatar.com\\\/avatar\\\/1447a49909b67aa657c488aec6512e1dd6143a480c1ecfee9b5b5cd74eb3b59e?s=96&d=mm&r=g\",\"caption\":\"CL\"},\"url\":\"https:\\\/\\\/www.webdo.tn\\\/fr\\\/actualite\\\/author\\\/cl\\\/\"}]}<\/script>\n<!-- \/ Yoast SEO Premium plugin. -->","yoast_head_json":{"title":"La Tunisie ne sera pas le Danemark du jour au lendemain , note l\u2019Italie","description":"C\u2019est la premi\u00e8re fois qu\u2019un pays europ\u00e9en prend la d\u00e9fense de la Tunisie et court \u00e0 son secours, mais ce n\u2019est pas pour rien. L\u2019Italie multiplie les d\u00e9claratio...","canonical":"https:\/\/www.webdo.tn\/fr\/actualite\/national\/la-tunisie-ne-sera-pas-le-danemark-du-jour-au-lendemain-previent-l-italie\/205242\/","og_locale":"fr_FR","og_type":"article","og_title":"\"La Tunisie ne sera pas le Danemark du jour au lendemain\", note l\u2019Italie","og_description":"C\u2019est la premi\u00e8re fois qu\u2019un pays europ\u00e9en prend la d\u00e9fense de la Tunisie et court \u00e0 son secours, mais ce n\u2019est pas pour rien. L\u2019Italie multiplie les d\u00e9claratio...","og_url":"https:\/\/www.webdo.tn\/fr\/actualite\/national\/la-tunisie-ne-sera-pas-le-danemark-du-jour-au-lendemain-previent-l-italie\/205242\/","og_site_name":"webdo","article_publisher":"https:\/\/www.facebook.com\/webdotn","article_published_time":"2023-04-28T10:02:00+00:00","article_modified_time":"2025-05-20T22:43:51+00:00","og_image":[{"width":750,"height":400,"url":"https:\/\/www.webdo.tn\/fr\/wp-content\/uploads\/2023\/04\/afa01e1f048d3a3cd92529730fdf1c86.jpg","type":"image\/jpeg"}],"author":"CL","twitter_card":"summary_large_image","twitter_creator":"@webdo_tn","twitter_site":"@webdo_tn","twitter_misc":{"\u00c9crit par":"CL","Dur\u00e9e de lecture estim\u00e9e":"1 minute"},"schema":{"@context":"https:\/\/schema.org","@graph":[{"@type":"NewsArticle","@id":"https:\/\/www.webdo.tn\/fr\/actualite\/national\/la-tunisie-ne-sera-pas-le-danemark-du-jour-au-lendemain-previent-l-italie\/205242\/#article","isPartOf":{"@id":"https:\/\/www.webdo.tn\/fr\/actualite\/national\/la-tunisie-ne-sera-pas-le-danemark-du-jour-au-lendemain-previent-l-italie\/205242\/"},"author":{"name":"CL","@id":"https:\/\/www.webdo.tn\/fr\/#\/schema\/person\/f35b42a42c5e2511bbd282959d6385cc"},"headline":"\u00ab\u00a0La Tunisie ne sera pas le Danemark du jour au lendemain\u00a0\u00bb, note l\u2019Italie","datePublished":"2023-04-28T10:02:00+00:00","dateModified":"2025-05-20T22:43:51+00:00","mainEntityOfPage":{"@id":"https:\/\/www.webdo.tn\/fr\/actualite\/national\/la-tunisie-ne-sera-pas-le-danemark-du-jour-au-lendemain-previent-l-italie\/205242\/"},"wordCount":172,"commentCount":0,"publisher":{"@id":"https:\/\/www.webdo.tn\/fr\/#organization"},"image":{"@id":"https:\/\/www.webdo.tn\/fr\/actualite\/national\/la-tunisie-ne-sera-pas-le-danemark-du-jour-au-lendemain-previent-l-italie\/205242\/#primaryimage"},"thumbnailUrl":"https:\/\/www.webdo.tn\/fr\/wp-content\/uploads\/2023\/04\/afa01e1f048d3a3cd92529730fdf1c86.jpg","keywords":["aide","Italie","Tunisie"],"articleSection":["National"],"inLanguage":"fr-FR"},{"@type":"WebPage","@id":"https:\/\/www.webdo.tn\/fr\/actualite\/national\/la-tunisie-ne-sera-pas-le-danemark-du-jour-au-lendemain-previent-l-italie\/205242\/","url":"https:\/\/www.webdo.tn\/fr\/actualite\/national\/la-tunisie-ne-sera-pas-le-danemark-du-jour-au-lendemain-previent-l-italie\/205242\/","name":"La Tunisie ne sera pas le Danemark du jour au lendemain , note l\u2019Italie","isPartOf":{"@id":"https:\/\/www.webdo.tn\/fr\/#website"},"primaryImageOfPage":{"@id":"https:\/\/www.webdo.tn\/fr\/actualite\/national\/la-tunisie-ne-sera-pas-le-danemark-du-jour-au-lendemain-previent-l-italie\/205242\/#primaryimage"},"image":{"@id":"https:\/\/www.webdo.tn\/fr\/actualite\/national\/la-tunisie-ne-sera-pas-le-danemark-du-jour-au-lendemain-previent-l-italie\/205242\/#primaryimage"},"thumbnailUrl":"https:\/\/www.webdo.tn\/fr\/wp-content\/uploads\/2023\/04\/afa01e1f048d3a3cd92529730fdf1c86.jpg","datePublished":"2023-04-28T10:02:00+00:00","dateModified":"2025-05-20T22:43:51+00:00","description":"C\u2019est la premi\u00e8re fois qu\u2019un pays europ\u00e9en prend la d\u00e9fense de la Tunisie et court \u00e0 son secours, mais ce n\u2019est pas pour rien. L\u2019Italie multiplie les d\u00e9claratio...","breadcrumb":{"@id":"https:\/\/www.webdo.tn\/fr\/actualite\/national\/la-tunisie-ne-sera-pas-le-danemark-du-jour-au-lendemain-previent-l-italie\/205242\/#breadcrumb"},"inLanguage":"fr-FR","potentialAction":[{"@type":"ReadAction","target":["https:\/\/www.webdo.tn\/fr\/actualite\/national\/la-tunisie-ne-sera-pas-le-danemark-du-jour-au-lendemain-previent-l-italie\/205242\/"]}]},{"@type":"ImageObject","inLanguage":"fr-FR","@id":"https:\/\/www.webdo.tn\/fr\/actualite\/national\/la-tunisie-ne-sera-pas-le-danemark-du-jour-au-lendemain-previent-l-italie\/205242\/#primaryimage","url":"https:\/\/www.webdo.tn\/fr\/wp-content\/uploads\/2023\/04\/afa01e1f048d3a3cd92529730fdf1c86.jpg","contentUrl":"https:\/\/www.webdo.tn\/fr\/wp-content\/uploads\/2023\/04\/afa01e1f048d3a3cd92529730fdf1c86.jpg","width":750,"height":400,"caption":"\"La Tunisie ne sera pas le Danemark du jour au lendemain\", note l\u2019Italie"},{"@type":"BreadcrumbList","@id":"https:\/\/www.webdo.tn\/fr\/actualite\/national\/la-tunisie-ne-sera-pas-le-danemark-du-jour-au-lendemain-previent-l-italie\/205242\/#breadcrumb","itemListElement":[{"@type":"ListItem","position":1,"name":"Accueil","item":"https:\/\/www.webdo.tn\/fr\/"},{"@type":"ListItem","position":2,"name":"&#8220;La Tunisie ne sera pas le Danemark du jour au lendemain&#8221;, note l\u2019Italie"}]},{"@type":"WebSite","@id":"https:\/\/www.webdo.tn\/fr\/#website","url":"https:\/\/www.webdo.tn\/fr\/","name":"webdo","description":"Tunisie - News en Tunisie et \u00e0 l&#039;international sur Webdo.tn","publisher":{"@id":"https:\/\/www.webdo.tn\/fr\/#organization"},"potentialAction":[{"@type":"SearchAction","target":{"@type":"EntryPoint","urlTemplate":"https:\/\/www.webdo.tn\/fr\/?s={search_term_string}"},"query-input":{"@type":"PropertyValueSpecification","valueRequired":true,"valueName":"search_term_string"}}],"inLanguage":"fr-FR"},{"@type":"Organization","@id":"https:\/\/www.webdo.tn\/fr\/#organization","name":"Webdo","alternateName":"Webdo.tn","url":"https:\/\/www.webdo.tn\/fr\/","logo":{"@type":"ImageObject","inLanguage":"fr-FR","@id":"https:\/\/www.webdo.tn\/fr\/#\/schema\/logo\/image\/","url":"https:\/\/www.webdo.tn\/fr\/wp-content\/uploads\/2025\/06\/Webdo-Tunisie_168377.jpg","contentUrl":"https:\/\/www.webdo.tn\/fr\/wp-content\/uploads\/2025\/06\/Webdo-Tunisie_168377.jpg","width":301,"height":301,"caption":"Webdo"},"image":{"@id":"https:\/\/www.webdo.tn\/fr\/#\/schema\/logo\/image\/"},"sameAs":["https:\/\/www.facebook.com\/webdotn","https:\/\/x.com\/webdo_tn"],"description":"Webdo est un m\u00e9dia num\u00e9rique tunisien fond\u00e9 en 2010, sp\u00e9cialis\u00e9 dans l\u2019actualit\u00e9 nationale et internationale, l\u2019\u00e9conomie, la soci\u00e9t\u00e9 et les analyses politiques. Le site s\u2019adresse \u00e0 un large public francophone et couvre l\u2019information tunisienne en temps r\u00e9el.","email":"redac@webdo.tn","legalName":"YNJ SARL","foundingDate":"2010-09-06","numberOfEmployees":{"@type":"QuantitativeValue","minValue":"11","maxValue":"50"}},{"@type":"Person","@id":"https:\/\/www.webdo.tn\/fr\/#\/schema\/person\/f35b42a42c5e2511bbd282959d6385cc","name":"CL","image":{"@type":"ImageObject","inLanguage":"fr-FR","@id":"https:\/\/secure.gravatar.com\/avatar\/1447a49909b67aa657c488aec6512e1dd6143a480c1ecfee9b5b5cd74eb3b59e?s=96&d=mm&r=g","url":"https:\/\/secure.gravatar.com\/avatar\/1447a49909b67aa657c488aec6512e1dd6143a480c1ecfee9b5b5cd74eb3b59e?s=96&d=mm&r=g","contentUrl":"https:\/\/secure.gravatar.com\/avatar\/1447a49909b67aa657c488aec6512e1dd6143a480c1ecfee9b5b5cd74eb3b59e?s=96&d=mm&r=g","caption":"CL"},"url":"https:\/\/www.webdo.tn\/fr\/actualite\/author\/cl\/"}]}},"_links":{"self":[{"href":"https:\/\/www.webdo.tn\/fr\/wp-json\/wp\/v2\/posts\/205242","targetHints":{"allow":["GET"]}}],"collection":[{"href":"https:\/\/www.webdo.tn\/fr\/wp-json\/wp\/v2\/posts"}],"about":[{"href":"https:\/\/www.webdo.tn\/fr\/wp-json\/wp\/v2\/types\/post"}],"author":[{"embeddable":true,"href":"https:\/\/www.webdo.tn\/fr\/wp-json\/wp\/v2\/users\/3175"}],"replies":[{"embeddable":true,"href":"https:\/\/www.webdo.tn\/fr\/wp-json\/wp\/v2\/comments?post=205242"}],"version-history":[{"count":0,"href":"https:\/\/www.webdo.tn\/fr\/wp-json\/wp\/v2\/posts\/205242\/revisions"}],"wp:featuredmedia":[{"embeddable":true,"href":"https:\/\/www.webdo.tn\/fr\/wp-json\/wp\/v2\/media\/251312"}],"wp:attachment":[{"href":"https:\/\/www.webdo.tn\/fr\/wp-json\/wp\/v2\/media?parent=205242"}],"wp:term":[{"taxonomy":"category","embeddable":true,"href":"https:\/\/www.webdo.tn\/fr\/wp-json\/wp\/v2\/categories?post=205242"},{"taxonomy":"post_tag","embeddable":true,"href":"https:\/\/www.webdo.tn\/fr\/wp-json\/wp\/v2\/tags?post=205242"}],"curies":[{"name":"wp","href":"https:\/\/api.w.org\/{rel}","templated":true}]}}