{"id":205237,"date":"2023-04-28T08:39:00","date_gmt":"2023-04-28T08:39:00","guid":{"rendered":"https:\/\/www.webdo.tn\/fr\/blog\/l-europe-et-la-tunisie-veulent-le-retour-des-migrants-subsahariens-dans-leurs-pays\/205237\/"},"modified":"2025-05-20T22:43:51","modified_gmt":"2025-05-20T22:43:51","slug":"l-europe-et-la-tunisie-veulent-le-retour-des-migrants-subsahariens-dans-leurs-pays","status":"publish","type":"post","link":"https:\/\/www.webdo.tn\/fr\/actualite\/national\/l-europe-et-la-tunisie-veulent-le-retour-des-migrants-subsahariens-dans-leurs-pays\/205237\/","title":{"rendered":"L\u2019Europe et la Tunisie oeuvrent pour le retour des migrants subsahariens dans leurs pays"},"content":{"rendered":"<p>Le ministre de l&rsquo;Int\u00e9rieur, Kamal Fekih, a accueilli hier jeudi 27 avril, la commissaire de l&rsquo;Union europ\u00e9enne aux affaires int\u00e9rieures Ylva Johansson.<\/p>\n<p>\t\t\t\t\t\t\t\t\tLors de cette rencontre, les questions d&rsquo;int\u00e9r\u00eat commun ont \u00e9t\u00e9 abord\u00e9es, en particulier le renforcement du partenariat tuniso-europ\u00e9en dans le domaine de la migration, notamment en ce qui concerne le dossier du retour des migrants Subsahariens dans leurs pays d&rsquo;origine.<\/p>\n<p>\u00c0 cette occasion, la partie europ\u00e9enne a \u00e9t\u00e9 inform\u00e9e des efforts d\u00e9ploy\u00e9s par les unit\u00e9s de s\u00e9curit\u00e9 dans toutes leurs sp\u00e9cialit\u00e9s pour faire face au ph\u00e9nom\u00e8ne de la migration ill\u00e9gale, conform\u00e9ment aux principes et normes internationaux des droits de l&rsquo;homme.\u00a0<\/p>\n<p>On a \u00e9galement soulign\u00e9 la n\u00e9cessit\u00e9 de renforcer la coop\u00e9ration entre les deux parties en vue de d\u00e9velopper les capacit\u00e9s gr\u00e2ce au soutien logistique, \u00e0 l&rsquo;\u00e9change d&rsquo;exp\u00e9riences et \u00e0 la formation.<\/p>\n","protected":false},"excerpt":{"rendered":"<p>Le ministre de l&rsquo;Int\u00e9rieur, Kamal Fekih, a accueilli hier jeudi 27 avril, la commissaire de l&rsquo;Union europ\u00e9enne aux affaires int\u00e9rieures Ylva Johansson.<\/p>\n","protected":false},"author":3175,"featured_media":251310,"comment_status":"open","ping_status":"closed","sticky":false,"template":"","format":"standard","meta":{"footnotes":""},"categories":[44],"tags":[2894,2608,2897],"class_list":["post-205237","post","type-post","status-publish","format-standard","has-post-thumbnail","hentry","category-national","tag-migrants","tag-tunisie","tag-ue"],"yoast_head":"<!-- This site is optimized with the Yoast SEO Premium plugin v27.4 (Yoast SEO v27.5) - https:\/\/yoast.com\/product\/yoast-seo-premium-wordpress\/ -->\n<title>L\u2019Europe et la Tunisie oeuvrent pour le retour des migrants subsahariens dans leurs pays<\/title>\n<meta name=\"description\" content=\"Le ministre de l&#039;Int\u00e9rieur, Kamal Fekih, a accueilli hier jeudi 27 avril, la commissaire de l&#039;Union europ\u00e9enne aux affaires int\u00e9rieures Ylva Johansson.\" \/>\n<link rel=\"canonical\" href=\"https:\/\/www.webdo.tn\/fr\/actualite\/national\/l-europe-et-la-tunisie-veulent-le-retour-des-migrants-subsahariens-dans-leurs-pays\/205237\/\" \/>\n<meta property=\"og:locale\" content=\"fr_FR\" \/>\n<meta property=\"og:type\" content=\"article\" \/>\n<meta property=\"og:title\" content=\"L\u2019Europe et la Tunisie oeuvrent pour le retour des migrants subsahariens dans leurs pays\" \/>\n<meta property=\"og:description\" content=\"Le ministre de l&#039;Int\u00e9rieur, Kamal Fekih, a accueilli hier jeudi 27 avril, la commissaire de l&#039;Union europ\u00e9enne aux affaires int\u00e9rieures Ylva Johansson.\" \/>\n<meta property=\"og:url\" content=\"https:\/\/www.webdo.tn\/fr\/actualite\/national\/l-europe-et-la-tunisie-veulent-le-retour-des-migrants-subsahariens-dans-leurs-pays\/205237\/\" \/>\n<meta property=\"og:site_name\" content=\"webdo\" \/>\n<meta property=\"article:publisher\" content=\"https:\/\/www.facebook.com\/webdotn\" \/>\n<meta property=\"article:published_time\" content=\"2023-04-28T08:39:00+00:00\" \/>\n<meta property=\"article:modified_time\" content=\"2025-05-20T22:43:51+00:00\" \/>\n<meta property=\"og:image\" content=\"https:\/\/www.webdo.tn\/fr\/wp-content\/uploads\/2023\/04\/cf41988ee110378148916ead1cd24498.jpg\" \/>\n\t<meta property=\"og:image:width\" content=\"750\" \/>\n\t<meta property=\"og:image:height\" content=\"400\" \/>\n\t<meta property=\"og:image:type\" content=\"image\/jpeg\" \/>\n<meta name=\"author\" content=\"CL\" \/>\n<meta name=\"twitter:card\" content=\"summary_large_image\" \/>\n<meta name=\"twitter:creator\" content=\"@webdo_tn\" \/>\n<meta name=\"twitter:site\" content=\"@webdo_tn\" \/>\n<meta name=\"twitter:label1\" content=\"\u00c9crit par\" \/>\n\t<meta name=\"twitter:data1\" content=\"CL\" \/>\n\t<meta name=\"twitter:label2\" content=\"Dur\u00e9e de lecture estim\u00e9e\" \/>\n\t<meta name=\"twitter:data2\" content=\"1 minute\" \/>\n<script type=\"application\/ld+json\" class=\"yoast-schema-graph\">{\"@context\":\"https:\\\/\\\/schema.org\",\"@graph\":[{\"@type\":\"NewsArticle\",\"@id\":\"https:\\\/\\\/www.webdo.tn\\\/fr\\\/actualite\\\/national\\\/l-europe-et-la-tunisie-veulent-le-retour-des-migrants-subsahariens-dans-leurs-pays\\\/205237\\\/#article\",\"isPartOf\":{\"@id\":\"https:\\\/\\\/www.webdo.tn\\\/fr\\\/actualite\\\/national\\\/l-europe-et-la-tunisie-veulent-le-retour-des-migrants-subsahariens-dans-leurs-pays\\\/205237\\\/\"},\"author\":{\"name\":\"CL\",\"@id\":\"https:\\\/\\\/www.webdo.tn\\\/fr\\\/#\\\/schema\\\/person\\\/f35b42a42c5e2511bbd282959d6385cc\"},\"headline\":\"L\u2019Europe et la Tunisie oeuvrent pour le retour des migrants subsahariens dans leurs pays\",\"datePublished\":\"2023-04-28T08:39:00+00:00\",\"dateModified\":\"2025-05-20T22:43:51+00:00\",\"mainEntityOfPage\":{\"@id\":\"https:\\\/\\\/www.webdo.tn\\\/fr\\\/actualite\\\/national\\\/l-europe-et-la-tunisie-veulent-le-retour-des-migrants-subsahariens-dans-leurs-pays\\\/205237\\\/\"},\"wordCount\":176,\"commentCount\":0,\"publisher\":{\"@id\":\"https:\\\/\\\/www.webdo.tn\\\/fr\\\/#organization\"},\"image\":{\"@id\":\"https:\\\/\\\/www.webdo.tn\\\/fr\\\/actualite\\\/national\\\/l-europe-et-la-tunisie-veulent-le-retour-des-migrants-subsahariens-dans-leurs-pays\\\/205237\\\/#primaryimage\"},\"thumbnailUrl\":\"https:\\\/\\\/www.webdo.tn\\\/fr\\\/wp-content\\\/uploads\\\/2023\\\/04\\\/cf41988ee110378148916ead1cd24498.jpg\",\"keywords\":[\"migrants\",\"Tunisie\",\"UE\"],\"articleSection\":[\"National\"],\"inLanguage\":\"fr-FR\"},{\"@type\":\"WebPage\",\"@id\":\"https:\\\/\\\/www.webdo.tn\\\/fr\\\/actualite\\\/national\\\/l-europe-et-la-tunisie-veulent-le-retour-des-migrants-subsahariens-dans-leurs-pays\\\/205237\\\/\",\"url\":\"https:\\\/\\\/www.webdo.tn\\\/fr\\\/actualite\\\/national\\\/l-europe-et-la-tunisie-veulent-le-retour-des-migrants-subsahariens-dans-leurs-pays\\\/205237\\\/\",\"name\":\"L\u2019Europe et la Tunisie oeuvrent pour le retour des migrants subsahariens dans leurs pays\",\"isPartOf\":{\"@id\":\"https:\\\/\\\/www.webdo.tn\\\/fr\\\/#website\"},\"primaryImageOfPage\":{\"@id\":\"https:\\\/\\\/www.webdo.tn\\\/fr\\\/actualite\\\/national\\\/l-europe-et-la-tunisie-veulent-le-retour-des-migrants-subsahariens-dans-leurs-pays\\\/205237\\\/#primaryimage\"},\"image\":{\"@id\":\"https:\\\/\\\/www.webdo.tn\\\/fr\\\/actualite\\\/national\\\/l-europe-et-la-tunisie-veulent-le-retour-des-migrants-subsahariens-dans-leurs-pays\\\/205237\\\/#primaryimage\"},\"thumbnailUrl\":\"https:\\\/\\\/www.webdo.tn\\\/fr\\\/wp-content\\\/uploads\\\/2023\\\/04\\\/cf41988ee110378148916ead1cd24498.jpg\",\"datePublished\":\"2023-04-28T08:39:00+00:00\",\"dateModified\":\"2025-05-20T22:43:51+00:00\",\"description\":\"Le ministre de l'Int\u00e9rieur, Kamal Fekih, a accueilli hier jeudi 27 avril, la commissaire de l'Union europ\u00e9enne aux affaires int\u00e9rieures Ylva Johansson.\",\"breadcrumb\":{\"@id\":\"https:\\\/\\\/www.webdo.tn\\\/fr\\\/actualite\\\/national\\\/l-europe-et-la-tunisie-veulent-le-retour-des-migrants-subsahariens-dans-leurs-pays\\\/205237\\\/#breadcrumb\"},\"inLanguage\":\"fr-FR\",\"potentialAction\":[{\"@type\":\"ReadAction\",\"target\":[\"https:\\\/\\\/www.webdo.tn\\\/fr\\\/actualite\\\/national\\\/l-europe-et-la-tunisie-veulent-le-retour-des-migrants-subsahariens-dans-leurs-pays\\\/205237\\\/\"]}]},{\"@type\":\"ImageObject\",\"inLanguage\":\"fr-FR\",\"@id\":\"https:\\\/\\\/www.webdo.tn\\\/fr\\\/actualite\\\/national\\\/l-europe-et-la-tunisie-veulent-le-retour-des-migrants-subsahariens-dans-leurs-pays\\\/205237\\\/#primaryimage\",\"url\":\"https:\\\/\\\/www.webdo.tn\\\/fr\\\/wp-content\\\/uploads\\\/2023\\\/04\\\/cf41988ee110378148916ead1cd24498.jpg\",\"contentUrl\":\"https:\\\/\\\/www.webdo.tn\\\/fr\\\/wp-content\\\/uploads\\\/2023\\\/04\\\/cf41988ee110378148916ead1cd24498.jpg\",\"width\":750,\"height\":400,\"caption\":\"Minist\u00e8re de l'Int\u00e9rieur\"},{\"@type\":\"BreadcrumbList\",\"@id\":\"https:\\\/\\\/www.webdo.tn\\\/fr\\\/actualite\\\/national\\\/l-europe-et-la-tunisie-veulent-le-retour-des-migrants-subsahariens-dans-leurs-pays\\\/205237\\\/#breadcrumb\",\"itemListElement\":[{\"@type\":\"ListItem\",\"position\":1,\"name\":\"Accueil\",\"item\":\"https:\\\/\\\/www.webdo.tn\\\/fr\\\/\"},{\"@type\":\"ListItem\",\"position\":2,\"name\":\"L\u2019Europe et la Tunisie oeuvrent pour le retour des migrants subsahariens dans leurs pays\"}]},{\"@type\":\"WebSite\",\"@id\":\"https:\\\/\\\/www.webdo.tn\\\/fr\\\/#website\",\"url\":\"https:\\\/\\\/www.webdo.tn\\\/fr\\\/\",\"name\":\"webdo\",\"description\":\"Tunisie - News en Tunisie et \u00e0 l&#039;international sur Webdo.tn\",\"publisher\":{\"@id\":\"https:\\\/\\\/www.webdo.tn\\\/fr\\\/#organization\"},\"potentialAction\":[{\"@type\":\"SearchAction\",\"target\":{\"@type\":\"EntryPoint\",\"urlTemplate\":\"https:\\\/\\\/www.webdo.tn\\\/fr\\\/?s={search_term_string}\"},\"query-input\":{\"@type\":\"PropertyValueSpecification\",\"valueRequired\":true,\"valueName\":\"search_term_string\"}}],\"inLanguage\":\"fr-FR\"},{\"@type\":\"Organization\",\"@id\":\"https:\\\/\\\/www.webdo.tn\\\/fr\\\/#organization\",\"name\":\"Webdo\",\"alternateName\":\"Webdo.tn\",\"url\":\"https:\\\/\\\/www.webdo.tn\\\/fr\\\/\",\"logo\":{\"@type\":\"ImageObject\",\"inLanguage\":\"fr-FR\",\"@id\":\"https:\\\/\\\/www.webdo.tn\\\/fr\\\/#\\\/schema\\\/logo\\\/image\\\/\",\"url\":\"https:\\\/\\\/www.webdo.tn\\\/fr\\\/wp-content\\\/uploads\\\/2025\\\/06\\\/Webdo-Tunisie_168377.jpg\",\"contentUrl\":\"https:\\\/\\\/www.webdo.tn\\\/fr\\\/wp-content\\\/uploads\\\/2025\\\/06\\\/Webdo-Tunisie_168377.jpg\",\"width\":301,\"height\":301,\"caption\":\"Webdo\"},\"image\":{\"@id\":\"https:\\\/\\\/www.webdo.tn\\\/fr\\\/#\\\/schema\\\/logo\\\/image\\\/\"},\"sameAs\":[\"https:\\\/\\\/www.facebook.com\\\/webdotn\",\"https:\\\/\\\/x.com\\\/webdo_tn\"],\"description\":\"Webdo est un m\u00e9dia num\u00e9rique tunisien fond\u00e9 en 2010, sp\u00e9cialis\u00e9 dans l\u2019actualit\u00e9 nationale et internationale, l\u2019\u00e9conomie, la soci\u00e9t\u00e9 et les analyses politiques. Le site s\u2019adresse \u00e0 un large public francophone et couvre l\u2019information tunisienne en temps r\u00e9el.\",\"email\":\"redac@webdo.tn\",\"legalName\":\"YNJ SARL\",\"foundingDate\":\"2010-09-06\",\"numberOfEmployees\":{\"@type\":\"QuantitativeValue\",\"minValue\":\"11\",\"maxValue\":\"50\"}},{\"@type\":\"Person\",\"@id\":\"https:\\\/\\\/www.webdo.tn\\\/fr\\\/#\\\/schema\\\/person\\\/f35b42a42c5e2511bbd282959d6385cc\",\"name\":\"CL\",\"image\":{\"@type\":\"ImageObject\",\"inLanguage\":\"fr-FR\",\"@id\":\"https:\\\/\\\/secure.gravatar.com\\\/avatar\\\/1447a49909b67aa657c488aec6512e1dd6143a480c1ecfee9b5b5cd74eb3b59e?s=96&d=mm&r=g\",\"url\":\"https:\\\/\\\/secure.gravatar.com\\\/avatar\\\/1447a49909b67aa657c488aec6512e1dd6143a480c1ecfee9b5b5cd74eb3b59e?s=96&d=mm&r=g\",\"contentUrl\":\"https:\\\/\\\/secure.gravatar.com\\\/avatar\\\/1447a49909b67aa657c488aec6512e1dd6143a480c1ecfee9b5b5cd74eb3b59e?s=96&d=mm&r=g\",\"caption\":\"CL\"},\"url\":\"https:\\\/\\\/www.webdo.tn\\\/fr\\\/actualite\\\/author\\\/cl\\\/\"}]}<\/script>\n<!-- \/ Yoast SEO Premium plugin. -->","yoast_head_json":{"title":"L\u2019Europe et la Tunisie oeuvrent pour le retour des migrants subsahariens dans leurs pays","description":"Le ministre de l'Int\u00e9rieur, Kamal Fekih, a accueilli hier jeudi 27 avril, la commissaire de l'Union europ\u00e9enne aux affaires int\u00e9rieures Ylva Johansson.","canonical":"https:\/\/www.webdo.tn\/fr\/actualite\/national\/l-europe-et-la-tunisie-veulent-le-retour-des-migrants-subsahariens-dans-leurs-pays\/205237\/","og_locale":"fr_FR","og_type":"article","og_title":"L\u2019Europe et la Tunisie oeuvrent pour le retour des migrants subsahariens dans leurs pays","og_description":"Le ministre de l'Int\u00e9rieur, Kamal Fekih, a accueilli hier jeudi 27 avril, la commissaire de l'Union europ\u00e9enne aux affaires int\u00e9rieures Ylva Johansson.","og_url":"https:\/\/www.webdo.tn\/fr\/actualite\/national\/l-europe-et-la-tunisie-veulent-le-retour-des-migrants-subsahariens-dans-leurs-pays\/205237\/","og_site_name":"webdo","article_publisher":"https:\/\/www.facebook.com\/webdotn","article_published_time":"2023-04-28T08:39:00+00:00","article_modified_time":"2025-05-20T22:43:51+00:00","og_image":[{"width":750,"height":400,"url":"https:\/\/www.webdo.tn\/fr\/wp-content\/uploads\/2023\/04\/cf41988ee110378148916ead1cd24498.jpg","type":"image\/jpeg"}],"author":"CL","twitter_card":"summary_large_image","twitter_creator":"@webdo_tn","twitter_site":"@webdo_tn","twitter_misc":{"\u00c9crit par":"CL","Dur\u00e9e de lecture estim\u00e9e":"1 minute"},"schema":{"@context":"https:\/\/schema.org","@graph":[{"@type":"NewsArticle","@id":"https:\/\/www.webdo.tn\/fr\/actualite\/national\/l-europe-et-la-tunisie-veulent-le-retour-des-migrants-subsahariens-dans-leurs-pays\/205237\/#article","isPartOf":{"@id":"https:\/\/www.webdo.tn\/fr\/actualite\/national\/l-europe-et-la-tunisie-veulent-le-retour-des-migrants-subsahariens-dans-leurs-pays\/205237\/"},"author":{"name":"CL","@id":"https:\/\/www.webdo.tn\/fr\/#\/schema\/person\/f35b42a42c5e2511bbd282959d6385cc"},"headline":"L\u2019Europe et la Tunisie oeuvrent pour le retour des migrants subsahariens dans leurs pays","datePublished":"2023-04-28T08:39:00+00:00","dateModified":"2025-05-20T22:43:51+00:00","mainEntityOfPage":{"@id":"https:\/\/www.webdo.tn\/fr\/actualite\/national\/l-europe-et-la-tunisie-veulent-le-retour-des-migrants-subsahariens-dans-leurs-pays\/205237\/"},"wordCount":176,"commentCount":0,"publisher":{"@id":"https:\/\/www.webdo.tn\/fr\/#organization"},"image":{"@id":"https:\/\/www.webdo.tn\/fr\/actualite\/national\/l-europe-et-la-tunisie-veulent-le-retour-des-migrants-subsahariens-dans-leurs-pays\/205237\/#primaryimage"},"thumbnailUrl":"https:\/\/www.webdo.tn\/fr\/wp-content\/uploads\/2023\/04\/cf41988ee110378148916ead1cd24498.jpg","keywords":["migrants","Tunisie","UE"],"articleSection":["National"],"inLanguage":"fr-FR"},{"@type":"WebPage","@id":"https:\/\/www.webdo.tn\/fr\/actualite\/national\/l-europe-et-la-tunisie-veulent-le-retour-des-migrants-subsahariens-dans-leurs-pays\/205237\/","url":"https:\/\/www.webdo.tn\/fr\/actualite\/national\/l-europe-et-la-tunisie-veulent-le-retour-des-migrants-subsahariens-dans-leurs-pays\/205237\/","name":"L\u2019Europe et la Tunisie oeuvrent pour le retour des migrants subsahariens dans leurs pays","isPartOf":{"@id":"https:\/\/www.webdo.tn\/fr\/#website"},"primaryImageOfPage":{"@id":"https:\/\/www.webdo.tn\/fr\/actualite\/national\/l-europe-et-la-tunisie-veulent-le-retour-des-migrants-subsahariens-dans-leurs-pays\/205237\/#primaryimage"},"image":{"@id":"https:\/\/www.webdo.tn\/fr\/actualite\/national\/l-europe-et-la-tunisie-veulent-le-retour-des-migrants-subsahariens-dans-leurs-pays\/205237\/#primaryimage"},"thumbnailUrl":"https:\/\/www.webdo.tn\/fr\/wp-content\/uploads\/2023\/04\/cf41988ee110378148916ead1cd24498.jpg","datePublished":"2023-04-28T08:39:00+00:00","dateModified":"2025-05-20T22:43:51+00:00","description":"Le ministre de l'Int\u00e9rieur, Kamal Fekih, a accueilli hier jeudi 27 avril, la commissaire de l'Union europ\u00e9enne aux affaires int\u00e9rieures Ylva Johansson.","breadcrumb":{"@id":"https:\/\/www.webdo.tn\/fr\/actualite\/national\/l-europe-et-la-tunisie-veulent-le-retour-des-migrants-subsahariens-dans-leurs-pays\/205237\/#breadcrumb"},"inLanguage":"fr-FR","potentialAction":[{"@type":"ReadAction","target":["https:\/\/www.webdo.tn\/fr\/actualite\/national\/l-europe-et-la-tunisie-veulent-le-retour-des-migrants-subsahariens-dans-leurs-pays\/205237\/"]}]},{"@type":"ImageObject","inLanguage":"fr-FR","@id":"https:\/\/www.webdo.tn\/fr\/actualite\/national\/l-europe-et-la-tunisie-veulent-le-retour-des-migrants-subsahariens-dans-leurs-pays\/205237\/#primaryimage","url":"https:\/\/www.webdo.tn\/fr\/wp-content\/uploads\/2023\/04\/cf41988ee110378148916ead1cd24498.jpg","contentUrl":"https:\/\/www.webdo.tn\/fr\/wp-content\/uploads\/2023\/04\/cf41988ee110378148916ead1cd24498.jpg","width":750,"height":400,"caption":"Minist\u00e8re de l'Int\u00e9rieur"},{"@type":"BreadcrumbList","@id":"https:\/\/www.webdo.tn\/fr\/actualite\/national\/l-europe-et-la-tunisie-veulent-le-retour-des-migrants-subsahariens-dans-leurs-pays\/205237\/#breadcrumb","itemListElement":[{"@type":"ListItem","position":1,"name":"Accueil","item":"https:\/\/www.webdo.tn\/fr\/"},{"@type":"ListItem","position":2,"name":"L\u2019Europe et la Tunisie oeuvrent pour le retour des migrants subsahariens dans leurs pays"}]},{"@type":"WebSite","@id":"https:\/\/www.webdo.tn\/fr\/#website","url":"https:\/\/www.webdo.tn\/fr\/","name":"webdo","description":"Tunisie - News en Tunisie et \u00e0 l&#039;international sur Webdo.tn","publisher":{"@id":"https:\/\/www.webdo.tn\/fr\/#organization"},"potentialAction":[{"@type":"SearchAction","target":{"@type":"EntryPoint","urlTemplate":"https:\/\/www.webdo.tn\/fr\/?s={search_term_string}"},"query-input":{"@type":"PropertyValueSpecification","valueRequired":true,"valueName":"search_term_string"}}],"inLanguage":"fr-FR"},{"@type":"Organization","@id":"https:\/\/www.webdo.tn\/fr\/#organization","name":"Webdo","alternateName":"Webdo.tn","url":"https:\/\/www.webdo.tn\/fr\/","logo":{"@type":"ImageObject","inLanguage":"fr-FR","@id":"https:\/\/www.webdo.tn\/fr\/#\/schema\/logo\/image\/","url":"https:\/\/www.webdo.tn\/fr\/wp-content\/uploads\/2025\/06\/Webdo-Tunisie_168377.jpg","contentUrl":"https:\/\/www.webdo.tn\/fr\/wp-content\/uploads\/2025\/06\/Webdo-Tunisie_168377.jpg","width":301,"height":301,"caption":"Webdo"},"image":{"@id":"https:\/\/www.webdo.tn\/fr\/#\/schema\/logo\/image\/"},"sameAs":["https:\/\/www.facebook.com\/webdotn","https:\/\/x.com\/webdo_tn"],"description":"Webdo est un m\u00e9dia num\u00e9rique tunisien fond\u00e9 en 2010, sp\u00e9cialis\u00e9 dans l\u2019actualit\u00e9 nationale et internationale, l\u2019\u00e9conomie, la soci\u00e9t\u00e9 et les analyses politiques. Le site s\u2019adresse \u00e0 un large public francophone et couvre l\u2019information tunisienne en temps r\u00e9el.","email":"redac@webdo.tn","legalName":"YNJ SARL","foundingDate":"2010-09-06","numberOfEmployees":{"@type":"QuantitativeValue","minValue":"11","maxValue":"50"}},{"@type":"Person","@id":"https:\/\/www.webdo.tn\/fr\/#\/schema\/person\/f35b42a42c5e2511bbd282959d6385cc","name":"CL","image":{"@type":"ImageObject","inLanguage":"fr-FR","@id":"https:\/\/secure.gravatar.com\/avatar\/1447a49909b67aa657c488aec6512e1dd6143a480c1ecfee9b5b5cd74eb3b59e?s=96&d=mm&r=g","url":"https:\/\/secure.gravatar.com\/avatar\/1447a49909b67aa657c488aec6512e1dd6143a480c1ecfee9b5b5cd74eb3b59e?s=96&d=mm&r=g","contentUrl":"https:\/\/secure.gravatar.com\/avatar\/1447a49909b67aa657c488aec6512e1dd6143a480c1ecfee9b5b5cd74eb3b59e?s=96&d=mm&r=g","caption":"CL"},"url":"https:\/\/www.webdo.tn\/fr\/actualite\/author\/cl\/"}]}},"_links":{"self":[{"href":"https:\/\/www.webdo.tn\/fr\/wp-json\/wp\/v2\/posts\/205237","targetHints":{"allow":["GET"]}}],"collection":[{"href":"https:\/\/www.webdo.tn\/fr\/wp-json\/wp\/v2\/posts"}],"about":[{"href":"https:\/\/www.webdo.tn\/fr\/wp-json\/wp\/v2\/types\/post"}],"author":[{"embeddable":true,"href":"https:\/\/www.webdo.tn\/fr\/wp-json\/wp\/v2\/users\/3175"}],"replies":[{"embeddable":true,"href":"https:\/\/www.webdo.tn\/fr\/wp-json\/wp\/v2\/comments?post=205237"}],"version-history":[{"count":0,"href":"https:\/\/www.webdo.tn\/fr\/wp-json\/wp\/v2\/posts\/205237\/revisions"}],"wp:featuredmedia":[{"embeddable":true,"href":"https:\/\/www.webdo.tn\/fr\/wp-json\/wp\/v2\/media\/251310"}],"wp:attachment":[{"href":"https:\/\/www.webdo.tn\/fr\/wp-json\/wp\/v2\/media?parent=205237"}],"wp:term":[{"taxonomy":"category","embeddable":true,"href":"https:\/\/www.webdo.tn\/fr\/wp-json\/wp\/v2\/categories?post=205237"},{"taxonomy":"post_tag","embeddable":true,"href":"https:\/\/www.webdo.tn\/fr\/wp-json\/wp\/v2\/tags?post=205237"}],"curies":[{"name":"wp","href":"https:\/\/api.w.org\/{rel}","templated":true}]}}