{"id":205236,"date":"2023-04-28T08:03:00","date_gmt":"2023-04-28T08:03:00","guid":{"rendered":"https:\/\/www.webdo.tn\/fr\/blog\/tunisie-l-ugtt-denonce-la-deterioration-inedite-de-la-situation-sociale\/205236\/"},"modified":"2025-05-20T22:43:50","modified_gmt":"2025-05-20T22:43:50","slug":"tunisie-l-ugtt-denonce-la-deterioration-inedite-de-la-situation-sociale","status":"publish","type":"post","link":"https:\/\/www.webdo.tn\/fr\/actualite\/national\/tunisie-l-ugtt-denonce-la-deterioration-inedite-de-la-situation-sociale\/205236\/","title":{"rendered":"L\u2019UGTT d\u00e9nonce \u00ab\u00a0la d\u00e9t\u00e9rioration in\u00e9dite\u00a0\u00bb de la situation sociale"},"content":{"rendered":"<p>Dans un communiqu\u00e9 rendu public, l\u2019Union g\u00e9n\u00e9rale tunisienne du travail (UGTT) a d\u00e9nonc\u00e9 ce qu\u2019elle a appel\u00e9 la \u00ab d\u00e9t\u00e9rioration in\u00e9dite \u00bb de la situation sociale dans le pays.<\/p>\n<p>\t\t\t\t\t\t\t\t\tL\u2019Union met en garde contre la hausse de l\u2019inflation et les pratiques de sp\u00e9culation, accusant un faible rendement du gouvernement.\u00a0<\/p>\n<p>La centrale syndicale s\u2019est montr\u00e9e pr\u00e9occup\u00e9e par l\u2019absence de toute priorisation des aspects sociaux et \u00e9conomiques apr\u00e8s le 25 juillet.\u00a0<\/p>\n<p>Enfin, l\u2019UGTT a appel\u00e9 le gouvernement \u00e0 ouvrir la porte aux n\u00e9gociations concernant la lev\u00e9e des subventions des produits de base.<\/p>\n","protected":false},"excerpt":{"rendered":"<p>Dans un communiqu\u00e9 rendu public, l\u2019Union g\u00e9n\u00e9rale tunisienne du travail (UGTT) a d\u00e9nonc\u00e9 ce qu\u2019elle a appel\u00e9 la \u00ab d\u00e9t\u00e9rioration in\u00e9dite \u00bb de la situation social&#8230;<\/p>\n","protected":false},"author":3175,"featured_media":251308,"comment_status":"open","ping_status":"closed","sticky":false,"template":"","format":"standard","meta":{"footnotes":""},"categories":[44],"tags":[4632,2608,2649],"class_list":["post-205236","post","type-post","status-publish","format-standard","has-post-thumbnail","hentry","category-national","tag-situation-sociale","tag-tunisie","tag-ugtt"],"yoast_head":"<!-- This site is optimized with the Yoast SEO Premium plugin v27.4 (Yoast SEO v27.5) - https:\/\/yoast.com\/product\/yoast-seo-premium-wordpress\/ -->\n<title>L\u2019UGTT d\u00e9nonce la d\u00e9t\u00e9rioration in\u00e9dite de la situation sociale<\/title>\n<meta name=\"description\" content=\"Dans un communiqu\u00e9 rendu public, l\u2019Union g\u00e9n\u00e9rale tunisienne du travail (UGTT) a d\u00e9nonc\u00e9 ce qu\u2019elle a appel\u00e9 la \u00ab d\u00e9t\u00e9rioration in\u00e9dite \u00bb de la situation social...\" \/>\n<link rel=\"canonical\" href=\"https:\/\/www.webdo.tn\/fr\/actualite\/national\/tunisie-l-ugtt-denonce-la-deterioration-inedite-de-la-situation-sociale\/205236\/\" \/>\n<meta property=\"og:locale\" content=\"fr_FR\" \/>\n<meta property=\"og:type\" content=\"article\" \/>\n<meta property=\"og:title\" content=\"L\u2019UGTT d\u00e9nonce &quot;la d\u00e9t\u00e9rioration in\u00e9dite&quot; de la situation sociale\" \/>\n<meta property=\"og:description\" content=\"Dans un communiqu\u00e9 rendu public, l\u2019Union g\u00e9n\u00e9rale tunisienne du travail (UGTT) a d\u00e9nonc\u00e9 ce qu\u2019elle a appel\u00e9 la \u00ab d\u00e9t\u00e9rioration in\u00e9dite \u00bb de la situation social...\" \/>\n<meta property=\"og:url\" content=\"https:\/\/www.webdo.tn\/fr\/actualite\/national\/tunisie-l-ugtt-denonce-la-deterioration-inedite-de-la-situation-sociale\/205236\/\" \/>\n<meta property=\"og:site_name\" content=\"webdo\" \/>\n<meta property=\"article:publisher\" content=\"https:\/\/www.facebook.com\/webdotn\" \/>\n<meta property=\"article:published_time\" content=\"2023-04-28T08:03:00+00:00\" \/>\n<meta property=\"article:modified_time\" content=\"2025-05-20T22:43:50+00:00\" \/>\n<meta property=\"og:image\" content=\"https:\/\/www.webdo.tn\/fr\/wp-content\/uploads\/2023\/04\/49ff5ddbba4f4a00e426f6f481b1eae3.jpg\" \/>\n\t<meta property=\"og:image:width\" content=\"703\" \/>\n\t<meta property=\"og:image:height\" content=\"375\" \/>\n\t<meta property=\"og:image:type\" content=\"image\/jpeg\" \/>\n<meta name=\"author\" content=\"CL\" \/>\n<meta name=\"twitter:card\" content=\"summary_large_image\" \/>\n<meta name=\"twitter:creator\" content=\"@webdo_tn\" \/>\n<meta name=\"twitter:site\" content=\"@webdo_tn\" \/>\n<meta name=\"twitter:label1\" content=\"\u00c9crit par\" \/>\n\t<meta name=\"twitter:data1\" content=\"CL\" \/>\n\t<meta name=\"twitter:label2\" content=\"Dur\u00e9e de lecture estim\u00e9e\" \/>\n\t<meta name=\"twitter:data2\" content=\"1 minute\" \/>\n<script type=\"application\/ld+json\" class=\"yoast-schema-graph\">{\"@context\":\"https:\\\/\\\/schema.org\",\"@graph\":[{\"@type\":\"NewsArticle\",\"@id\":\"https:\\\/\\\/www.webdo.tn\\\/fr\\\/actualite\\\/national\\\/tunisie-l-ugtt-denonce-la-deterioration-inedite-de-la-situation-sociale\\\/205236\\\/#article\",\"isPartOf\":{\"@id\":\"https:\\\/\\\/www.webdo.tn\\\/fr\\\/actualite\\\/national\\\/tunisie-l-ugtt-denonce-la-deterioration-inedite-de-la-situation-sociale\\\/205236\\\/\"},\"author\":{\"name\":\"CL\",\"@id\":\"https:\\\/\\\/www.webdo.tn\\\/fr\\\/#\\\/schema\\\/person\\\/f35b42a42c5e2511bbd282959d6385cc\"},\"headline\":\"L\u2019UGTT d\u00e9nonce \u00ab\u00a0la d\u00e9t\u00e9rioration in\u00e9dite\u00a0\u00bb de la situation sociale\",\"datePublished\":\"2023-04-28T08:03:00+00:00\",\"dateModified\":\"2025-05-20T22:43:50+00:00\",\"mainEntityOfPage\":{\"@id\":\"https:\\\/\\\/www.webdo.tn\\\/fr\\\/actualite\\\/national\\\/tunisie-l-ugtt-denonce-la-deterioration-inedite-de-la-situation-sociale\\\/205236\\\/\"},\"wordCount\":120,\"commentCount\":0,\"publisher\":{\"@id\":\"https:\\\/\\\/www.webdo.tn\\\/fr\\\/#organization\"},\"image\":{\"@id\":\"https:\\\/\\\/www.webdo.tn\\\/fr\\\/actualite\\\/national\\\/tunisie-l-ugtt-denonce-la-deterioration-inedite-de-la-situation-sociale\\\/205236\\\/#primaryimage\"},\"thumbnailUrl\":\"https:\\\/\\\/www.webdo.tn\\\/fr\\\/wp-content\\\/uploads\\\/2023\\\/04\\\/49ff5ddbba4f4a00e426f6f481b1eae3.jpg\",\"keywords\":[\"situation sociale\",\"Tunisie\",\"UGTT\"],\"articleSection\":[\"National\"],\"inLanguage\":\"fr-FR\"},{\"@type\":\"WebPage\",\"@id\":\"https:\\\/\\\/www.webdo.tn\\\/fr\\\/actualite\\\/national\\\/tunisie-l-ugtt-denonce-la-deterioration-inedite-de-la-situation-sociale\\\/205236\\\/\",\"url\":\"https:\\\/\\\/www.webdo.tn\\\/fr\\\/actualite\\\/national\\\/tunisie-l-ugtt-denonce-la-deterioration-inedite-de-la-situation-sociale\\\/205236\\\/\",\"name\":\"L\u2019UGTT d\u00e9nonce la d\u00e9t\u00e9rioration in\u00e9dite de la situation sociale\",\"isPartOf\":{\"@id\":\"https:\\\/\\\/www.webdo.tn\\\/fr\\\/#website\"},\"primaryImageOfPage\":{\"@id\":\"https:\\\/\\\/www.webdo.tn\\\/fr\\\/actualite\\\/national\\\/tunisie-l-ugtt-denonce-la-deterioration-inedite-de-la-situation-sociale\\\/205236\\\/#primaryimage\"},\"image\":{\"@id\":\"https:\\\/\\\/www.webdo.tn\\\/fr\\\/actualite\\\/national\\\/tunisie-l-ugtt-denonce-la-deterioration-inedite-de-la-situation-sociale\\\/205236\\\/#primaryimage\"},\"thumbnailUrl\":\"https:\\\/\\\/www.webdo.tn\\\/fr\\\/wp-content\\\/uploads\\\/2023\\\/04\\\/49ff5ddbba4f4a00e426f6f481b1eae3.jpg\",\"datePublished\":\"2023-04-28T08:03:00+00:00\",\"dateModified\":\"2025-05-20T22:43:50+00:00\",\"description\":\"Dans un communiqu\u00e9 rendu public, l\u2019Union g\u00e9n\u00e9rale tunisienne du travail (UGTT) a d\u00e9nonc\u00e9 ce qu\u2019elle a appel\u00e9 la \u00ab d\u00e9t\u00e9rioration in\u00e9dite \u00bb de la situation social...\",\"breadcrumb\":{\"@id\":\"https:\\\/\\\/www.webdo.tn\\\/fr\\\/actualite\\\/national\\\/tunisie-l-ugtt-denonce-la-deterioration-inedite-de-la-situation-sociale\\\/205236\\\/#breadcrumb\"},\"inLanguage\":\"fr-FR\",\"potentialAction\":[{\"@type\":\"ReadAction\",\"target\":[\"https:\\\/\\\/www.webdo.tn\\\/fr\\\/actualite\\\/national\\\/tunisie-l-ugtt-denonce-la-deterioration-inedite-de-la-situation-sociale\\\/205236\\\/\"]}]},{\"@type\":\"ImageObject\",\"inLanguage\":\"fr-FR\",\"@id\":\"https:\\\/\\\/www.webdo.tn\\\/fr\\\/actualite\\\/national\\\/tunisie-l-ugtt-denonce-la-deterioration-inedite-de-la-situation-sociale\\\/205236\\\/#primaryimage\",\"url\":\"https:\\\/\\\/www.webdo.tn\\\/fr\\\/wp-content\\\/uploads\\\/2023\\\/04\\\/49ff5ddbba4f4a00e426f6f481b1eae3.jpg\",\"contentUrl\":\"https:\\\/\\\/www.webdo.tn\\\/fr\\\/wp-content\\\/uploads\\\/2023\\\/04\\\/49ff5ddbba4f4a00e426f6f481b1eae3.jpg\",\"width\":703,\"height\":375,\"caption\":\"Noureddine Taboubi\"},{\"@type\":\"BreadcrumbList\",\"@id\":\"https:\\\/\\\/www.webdo.tn\\\/fr\\\/actualite\\\/national\\\/tunisie-l-ugtt-denonce-la-deterioration-inedite-de-la-situation-sociale\\\/205236\\\/#breadcrumb\",\"itemListElement\":[{\"@type\":\"ListItem\",\"position\":1,\"name\":\"Accueil\",\"item\":\"https:\\\/\\\/www.webdo.tn\\\/fr\\\/\"},{\"@type\":\"ListItem\",\"position\":2,\"name\":\"L\u2019UGTT d\u00e9nonce &#8220;la d\u00e9t\u00e9rioration in\u00e9dite&#8221; de la situation sociale\"}]},{\"@type\":\"WebSite\",\"@id\":\"https:\\\/\\\/www.webdo.tn\\\/fr\\\/#website\",\"url\":\"https:\\\/\\\/www.webdo.tn\\\/fr\\\/\",\"name\":\"webdo\",\"description\":\"Tunisie - News en Tunisie et \u00e0 l&#039;international sur Webdo.tn\",\"publisher\":{\"@id\":\"https:\\\/\\\/www.webdo.tn\\\/fr\\\/#organization\"},\"potentialAction\":[{\"@type\":\"SearchAction\",\"target\":{\"@type\":\"EntryPoint\",\"urlTemplate\":\"https:\\\/\\\/www.webdo.tn\\\/fr\\\/?s={search_term_string}\"},\"query-input\":{\"@type\":\"PropertyValueSpecification\",\"valueRequired\":true,\"valueName\":\"search_term_string\"}}],\"inLanguage\":\"fr-FR\"},{\"@type\":\"Organization\",\"@id\":\"https:\\\/\\\/www.webdo.tn\\\/fr\\\/#organization\",\"name\":\"Webdo\",\"alternateName\":\"Webdo.tn\",\"url\":\"https:\\\/\\\/www.webdo.tn\\\/fr\\\/\",\"logo\":{\"@type\":\"ImageObject\",\"inLanguage\":\"fr-FR\",\"@id\":\"https:\\\/\\\/www.webdo.tn\\\/fr\\\/#\\\/schema\\\/logo\\\/image\\\/\",\"url\":\"https:\\\/\\\/www.webdo.tn\\\/fr\\\/wp-content\\\/uploads\\\/2025\\\/06\\\/Webdo-Tunisie_168377.jpg\",\"contentUrl\":\"https:\\\/\\\/www.webdo.tn\\\/fr\\\/wp-content\\\/uploads\\\/2025\\\/06\\\/Webdo-Tunisie_168377.jpg\",\"width\":301,\"height\":301,\"caption\":\"Webdo\"},\"image\":{\"@id\":\"https:\\\/\\\/www.webdo.tn\\\/fr\\\/#\\\/schema\\\/logo\\\/image\\\/\"},\"sameAs\":[\"https:\\\/\\\/www.facebook.com\\\/webdotn\",\"https:\\\/\\\/x.com\\\/webdo_tn\"],\"description\":\"Webdo est un m\u00e9dia num\u00e9rique tunisien fond\u00e9 en 2010, sp\u00e9cialis\u00e9 dans l\u2019actualit\u00e9 nationale et internationale, l\u2019\u00e9conomie, la soci\u00e9t\u00e9 et les analyses politiques. Le site s\u2019adresse \u00e0 un large public francophone et couvre l\u2019information tunisienne en temps r\u00e9el.\",\"email\":\"redac@webdo.tn\",\"legalName\":\"YNJ SARL\",\"foundingDate\":\"2010-09-06\",\"numberOfEmployees\":{\"@type\":\"QuantitativeValue\",\"minValue\":\"11\",\"maxValue\":\"50\"}},{\"@type\":\"Person\",\"@id\":\"https:\\\/\\\/www.webdo.tn\\\/fr\\\/#\\\/schema\\\/person\\\/f35b42a42c5e2511bbd282959d6385cc\",\"name\":\"CL\",\"image\":{\"@type\":\"ImageObject\",\"inLanguage\":\"fr-FR\",\"@id\":\"https:\\\/\\\/secure.gravatar.com\\\/avatar\\\/1447a49909b67aa657c488aec6512e1dd6143a480c1ecfee9b5b5cd74eb3b59e?s=96&d=mm&r=g\",\"url\":\"https:\\\/\\\/secure.gravatar.com\\\/avatar\\\/1447a49909b67aa657c488aec6512e1dd6143a480c1ecfee9b5b5cd74eb3b59e?s=96&d=mm&r=g\",\"contentUrl\":\"https:\\\/\\\/secure.gravatar.com\\\/avatar\\\/1447a49909b67aa657c488aec6512e1dd6143a480c1ecfee9b5b5cd74eb3b59e?s=96&d=mm&r=g\",\"caption\":\"CL\"},\"url\":\"https:\\\/\\\/www.webdo.tn\\\/fr\\\/actualite\\\/author\\\/cl\\\/\"}]}<\/script>\n<!-- \/ Yoast SEO Premium plugin. -->","yoast_head_json":{"title":"L\u2019UGTT d\u00e9nonce la d\u00e9t\u00e9rioration in\u00e9dite de la situation sociale","description":"Dans un communiqu\u00e9 rendu public, l\u2019Union g\u00e9n\u00e9rale tunisienne du travail (UGTT) a d\u00e9nonc\u00e9 ce qu\u2019elle a appel\u00e9 la \u00ab d\u00e9t\u00e9rioration in\u00e9dite \u00bb de la situation social...","canonical":"https:\/\/www.webdo.tn\/fr\/actualite\/national\/tunisie-l-ugtt-denonce-la-deterioration-inedite-de-la-situation-sociale\/205236\/","og_locale":"fr_FR","og_type":"article","og_title":"L\u2019UGTT d\u00e9nonce \"la d\u00e9t\u00e9rioration in\u00e9dite\" de la situation sociale","og_description":"Dans un communiqu\u00e9 rendu public, l\u2019Union g\u00e9n\u00e9rale tunisienne du travail (UGTT) a d\u00e9nonc\u00e9 ce qu\u2019elle a appel\u00e9 la \u00ab d\u00e9t\u00e9rioration in\u00e9dite \u00bb de la situation social...","og_url":"https:\/\/www.webdo.tn\/fr\/actualite\/national\/tunisie-l-ugtt-denonce-la-deterioration-inedite-de-la-situation-sociale\/205236\/","og_site_name":"webdo","article_publisher":"https:\/\/www.facebook.com\/webdotn","article_published_time":"2023-04-28T08:03:00+00:00","article_modified_time":"2025-05-20T22:43:50+00:00","og_image":[{"width":703,"height":375,"url":"https:\/\/www.webdo.tn\/fr\/wp-content\/uploads\/2023\/04\/49ff5ddbba4f4a00e426f6f481b1eae3.jpg","type":"image\/jpeg"}],"author":"CL","twitter_card":"summary_large_image","twitter_creator":"@webdo_tn","twitter_site":"@webdo_tn","twitter_misc":{"\u00c9crit par":"CL","Dur\u00e9e de lecture estim\u00e9e":"1 minute"},"schema":{"@context":"https:\/\/schema.org","@graph":[{"@type":"NewsArticle","@id":"https:\/\/www.webdo.tn\/fr\/actualite\/national\/tunisie-l-ugtt-denonce-la-deterioration-inedite-de-la-situation-sociale\/205236\/#article","isPartOf":{"@id":"https:\/\/www.webdo.tn\/fr\/actualite\/national\/tunisie-l-ugtt-denonce-la-deterioration-inedite-de-la-situation-sociale\/205236\/"},"author":{"name":"CL","@id":"https:\/\/www.webdo.tn\/fr\/#\/schema\/person\/f35b42a42c5e2511bbd282959d6385cc"},"headline":"L\u2019UGTT d\u00e9nonce \u00ab\u00a0la d\u00e9t\u00e9rioration in\u00e9dite\u00a0\u00bb de la situation sociale","datePublished":"2023-04-28T08:03:00+00:00","dateModified":"2025-05-20T22:43:50+00:00","mainEntityOfPage":{"@id":"https:\/\/www.webdo.tn\/fr\/actualite\/national\/tunisie-l-ugtt-denonce-la-deterioration-inedite-de-la-situation-sociale\/205236\/"},"wordCount":120,"commentCount":0,"publisher":{"@id":"https:\/\/www.webdo.tn\/fr\/#organization"},"image":{"@id":"https:\/\/www.webdo.tn\/fr\/actualite\/national\/tunisie-l-ugtt-denonce-la-deterioration-inedite-de-la-situation-sociale\/205236\/#primaryimage"},"thumbnailUrl":"https:\/\/www.webdo.tn\/fr\/wp-content\/uploads\/2023\/04\/49ff5ddbba4f4a00e426f6f481b1eae3.jpg","keywords":["situation sociale","Tunisie","UGTT"],"articleSection":["National"],"inLanguage":"fr-FR"},{"@type":"WebPage","@id":"https:\/\/www.webdo.tn\/fr\/actualite\/national\/tunisie-l-ugtt-denonce-la-deterioration-inedite-de-la-situation-sociale\/205236\/","url":"https:\/\/www.webdo.tn\/fr\/actualite\/national\/tunisie-l-ugtt-denonce-la-deterioration-inedite-de-la-situation-sociale\/205236\/","name":"L\u2019UGTT d\u00e9nonce la d\u00e9t\u00e9rioration in\u00e9dite de la situation sociale","isPartOf":{"@id":"https:\/\/www.webdo.tn\/fr\/#website"},"primaryImageOfPage":{"@id":"https:\/\/www.webdo.tn\/fr\/actualite\/national\/tunisie-l-ugtt-denonce-la-deterioration-inedite-de-la-situation-sociale\/205236\/#primaryimage"},"image":{"@id":"https:\/\/www.webdo.tn\/fr\/actualite\/national\/tunisie-l-ugtt-denonce-la-deterioration-inedite-de-la-situation-sociale\/205236\/#primaryimage"},"thumbnailUrl":"https:\/\/www.webdo.tn\/fr\/wp-content\/uploads\/2023\/04\/49ff5ddbba4f4a00e426f6f481b1eae3.jpg","datePublished":"2023-04-28T08:03:00+00:00","dateModified":"2025-05-20T22:43:50+00:00","description":"Dans un communiqu\u00e9 rendu public, l\u2019Union g\u00e9n\u00e9rale tunisienne du travail (UGTT) a d\u00e9nonc\u00e9 ce qu\u2019elle a appel\u00e9 la \u00ab d\u00e9t\u00e9rioration in\u00e9dite \u00bb de la situation social...","breadcrumb":{"@id":"https:\/\/www.webdo.tn\/fr\/actualite\/national\/tunisie-l-ugtt-denonce-la-deterioration-inedite-de-la-situation-sociale\/205236\/#breadcrumb"},"inLanguage":"fr-FR","potentialAction":[{"@type":"ReadAction","target":["https:\/\/www.webdo.tn\/fr\/actualite\/national\/tunisie-l-ugtt-denonce-la-deterioration-inedite-de-la-situation-sociale\/205236\/"]}]},{"@type":"ImageObject","inLanguage":"fr-FR","@id":"https:\/\/www.webdo.tn\/fr\/actualite\/national\/tunisie-l-ugtt-denonce-la-deterioration-inedite-de-la-situation-sociale\/205236\/#primaryimage","url":"https:\/\/www.webdo.tn\/fr\/wp-content\/uploads\/2023\/04\/49ff5ddbba4f4a00e426f6f481b1eae3.jpg","contentUrl":"https:\/\/www.webdo.tn\/fr\/wp-content\/uploads\/2023\/04\/49ff5ddbba4f4a00e426f6f481b1eae3.jpg","width":703,"height":375,"caption":"Noureddine Taboubi"},{"@type":"BreadcrumbList","@id":"https:\/\/www.webdo.tn\/fr\/actualite\/national\/tunisie-l-ugtt-denonce-la-deterioration-inedite-de-la-situation-sociale\/205236\/#breadcrumb","itemListElement":[{"@type":"ListItem","position":1,"name":"Accueil","item":"https:\/\/www.webdo.tn\/fr\/"},{"@type":"ListItem","position":2,"name":"L\u2019UGTT d\u00e9nonce &#8220;la d\u00e9t\u00e9rioration in\u00e9dite&#8221; de la situation sociale"}]},{"@type":"WebSite","@id":"https:\/\/www.webdo.tn\/fr\/#website","url":"https:\/\/www.webdo.tn\/fr\/","name":"webdo","description":"Tunisie - News en Tunisie et \u00e0 l&#039;international sur Webdo.tn","publisher":{"@id":"https:\/\/www.webdo.tn\/fr\/#organization"},"potentialAction":[{"@type":"SearchAction","target":{"@type":"EntryPoint","urlTemplate":"https:\/\/www.webdo.tn\/fr\/?s={search_term_string}"},"query-input":{"@type":"PropertyValueSpecification","valueRequired":true,"valueName":"search_term_string"}}],"inLanguage":"fr-FR"},{"@type":"Organization","@id":"https:\/\/www.webdo.tn\/fr\/#organization","name":"Webdo","alternateName":"Webdo.tn","url":"https:\/\/www.webdo.tn\/fr\/","logo":{"@type":"ImageObject","inLanguage":"fr-FR","@id":"https:\/\/www.webdo.tn\/fr\/#\/schema\/logo\/image\/","url":"https:\/\/www.webdo.tn\/fr\/wp-content\/uploads\/2025\/06\/Webdo-Tunisie_168377.jpg","contentUrl":"https:\/\/www.webdo.tn\/fr\/wp-content\/uploads\/2025\/06\/Webdo-Tunisie_168377.jpg","width":301,"height":301,"caption":"Webdo"},"image":{"@id":"https:\/\/www.webdo.tn\/fr\/#\/schema\/logo\/image\/"},"sameAs":["https:\/\/www.facebook.com\/webdotn","https:\/\/x.com\/webdo_tn"],"description":"Webdo est un m\u00e9dia num\u00e9rique tunisien fond\u00e9 en 2010, sp\u00e9cialis\u00e9 dans l\u2019actualit\u00e9 nationale et internationale, l\u2019\u00e9conomie, la soci\u00e9t\u00e9 et les analyses politiques. Le site s\u2019adresse \u00e0 un large public francophone et couvre l\u2019information tunisienne en temps r\u00e9el.","email":"redac@webdo.tn","legalName":"YNJ SARL","foundingDate":"2010-09-06","numberOfEmployees":{"@type":"QuantitativeValue","minValue":"11","maxValue":"50"}},{"@type":"Person","@id":"https:\/\/www.webdo.tn\/fr\/#\/schema\/person\/f35b42a42c5e2511bbd282959d6385cc","name":"CL","image":{"@type":"ImageObject","inLanguage":"fr-FR","@id":"https:\/\/secure.gravatar.com\/avatar\/1447a49909b67aa657c488aec6512e1dd6143a480c1ecfee9b5b5cd74eb3b59e?s=96&d=mm&r=g","url":"https:\/\/secure.gravatar.com\/avatar\/1447a49909b67aa657c488aec6512e1dd6143a480c1ecfee9b5b5cd74eb3b59e?s=96&d=mm&r=g","contentUrl":"https:\/\/secure.gravatar.com\/avatar\/1447a49909b67aa657c488aec6512e1dd6143a480c1ecfee9b5b5cd74eb3b59e?s=96&d=mm&r=g","caption":"CL"},"url":"https:\/\/www.webdo.tn\/fr\/actualite\/author\/cl\/"}]}},"_links":{"self":[{"href":"https:\/\/www.webdo.tn\/fr\/wp-json\/wp\/v2\/posts\/205236","targetHints":{"allow":["GET"]}}],"collection":[{"href":"https:\/\/www.webdo.tn\/fr\/wp-json\/wp\/v2\/posts"}],"about":[{"href":"https:\/\/www.webdo.tn\/fr\/wp-json\/wp\/v2\/types\/post"}],"author":[{"embeddable":true,"href":"https:\/\/www.webdo.tn\/fr\/wp-json\/wp\/v2\/users\/3175"}],"replies":[{"embeddable":true,"href":"https:\/\/www.webdo.tn\/fr\/wp-json\/wp\/v2\/comments?post=205236"}],"version-history":[{"count":0,"href":"https:\/\/www.webdo.tn\/fr\/wp-json\/wp\/v2\/posts\/205236\/revisions"}],"wp:featuredmedia":[{"embeddable":true,"href":"https:\/\/www.webdo.tn\/fr\/wp-json\/wp\/v2\/media\/251308"}],"wp:attachment":[{"href":"https:\/\/www.webdo.tn\/fr\/wp-json\/wp\/v2\/media?parent=205236"}],"wp:term":[{"taxonomy":"category","embeddable":true,"href":"https:\/\/www.webdo.tn\/fr\/wp-json\/wp\/v2\/categories?post=205236"},{"taxonomy":"post_tag","embeddable":true,"href":"https:\/\/www.webdo.tn\/fr\/wp-json\/wp\/v2\/tags?post=205236"}],"curies":[{"name":"wp","href":"https:\/\/api.w.org\/{rel}","templated":true}]}}