{"id":205226,"date":"2023-04-27T19:26:00","date_gmt":"2023-04-27T19:26:00","guid":{"rendered":"https:\/\/www.webdo.tn\/fr\/blog\/l-ue-reitere-son-engagement-continu-a-soutenir-la-tunisie\/205226\/"},"modified":"2025-05-20T22:43:49","modified_gmt":"2025-05-20T22:43:49","slug":"l-ue-reitere-son-engagement-continu-a-soutenir-la-tunisie","status":"publish","type":"post","link":"https:\/\/www.webdo.tn\/fr\/actualite\/national\/l-ue-reitere-son-engagement-continu-a-soutenir-la-tunisie\/205226\/","title":{"rendered":"L\u2019UE r\u00e9it\u00e8re son \u00ab engagement continu \u00e0 soutenir la Tunisie \u00bb"},"content":{"rendered":"<p>Le Ministre des Affaires Etrang\u00e8res, de la Migration et des Tunisiens \u00e0 l\u2019Etranger, Nabil Ammar, s\u2019est entretenu ce jeudi 27 avril 2023 avec Ylva Johansson, Commissaire europ\u00e9enne aux affaires int\u00e9rieures, en visite de travail en Tunisie.<\/p>\n<p>\t\t\t\t\t\t\t\t\tLors de cette rencontre, le Ministre des affaires \u00e9trang\u00e8res a soulign\u00e9 le caract\u00e8re strat\u00e9gique des relations tuniso-europ\u00e9ennes et l\u2019importance de l\u2019appui de l\u2019Union europ\u00e9enne en faveur de la Tunisie pour mener \u00e0 bien ses r\u00e9formes socio-\u00e9conomiques et asseoir un mod\u00e8le d\u00e9veloppement inclusif et \u00e9quitable dans le cadre d\u2019un partenariat bas\u00e9 sur le respect mutuel et la solidarit\u00e9 pour mieux g\u00e9rer les d\u00e9fis communs, y compris la th\u00e9matique migratoire.\u00a0<\/p>\n<p>Dans ce cadre, le Ministre a rappel\u00e9 la n\u00e9cessit\u00e9 de traiter les questions migratoires selon une approche globale bas\u00e9e sur un \u00e9quilibre entre d\u2019une part le d\u00e9veloppement socio-\u00e9conomique et la promotion des voies l\u00e9gales de mobilit\u00e9 et d\u2019autre part la lutte contre le trafic des \u00eatres humains et de migrants.<\/p>\n<p>De son c\u00f4t\u00e9, la Commissaire europ\u00e9enne a r\u00e9it\u00e9r\u00e9 la solidarit\u00e9 de l\u2019Union europ\u00e9enne \u00e0 l\u2019\u00e9gard de la Tunisie et son engagement continu \u00e0 soutenir notre pays dans les domaines \u00e9conomique, financier et social, y compris dans le cadre de la gestion concert\u00e9e de la migration en favorisant de nouvelles perspectives de formation professionnelle et d\u2019emploi et en am\u00e9liorant la lutte commune contre le trafic des \u00eatres humains et de migrants. Les deux parties ont exprim\u00e9 leur volont\u00e9 d\u2019asseoir un partenariat pour la mobilit\u00e9 des comp\u00e9tences et travailleurs qualifi\u00e9s et de renforcer leur coop\u00e9ration en mati\u00e8re de lutte contre les trafics.<\/p>\n","protected":false},"excerpt":{"rendered":"<p>Le Ministre des Affaires Etrang\u00e8res, de la Migration et des Tunisiens \u00e0 l\u2019Etranger, Nabil Ammar, s\u2019est entretenu ce jeudi 27 avril 2023 avec Ylva Johansson, Com&#8230;<\/p>\n","protected":false},"author":3175,"featured_media":251305,"comment_status":"open","ping_status":"closed","sticky":false,"template":"","format":"standard","meta":{"footnotes":""},"categories":[44],"tags":[2608,2897],"class_list":["post-205226","post","type-post","status-publish","format-standard","has-post-thumbnail","hentry","category-national","tag-tunisie","tag-ue"],"yoast_head":"<!-- This site is optimized with the Yoast SEO Premium plugin v27.4 (Yoast SEO v27.5) - https:\/\/yoast.com\/product\/yoast-seo-premium-wordpress\/ -->\n<title>L\u2019UE r\u00e9it\u00e8re son \u00ab engagement continu \u00e0 soutenir la Tunisie \u00bb<\/title>\n<meta name=\"description\" content=\"Le Ministre des Affaires Etrang\u00e8res, de la Migration et des Tunisiens \u00e0 l\u2019Etranger, Nabil Ammar, s\u2019est entretenu ce jeudi 27 avril 2023 avec Ylva Johansson, Com...\" \/>\n<link rel=\"canonical\" href=\"https:\/\/www.webdo.tn\/fr\/actualite\/national\/l-ue-reitere-son-engagement-continu-a-soutenir-la-tunisie\/205226\/\" \/>\n<meta property=\"og:locale\" content=\"fr_FR\" \/>\n<meta property=\"og:type\" content=\"article\" \/>\n<meta property=\"og:title\" content=\"L\u2019UE r\u00e9it\u00e8re son \u00ab engagement continu \u00e0 soutenir la Tunisie \u00bb\" \/>\n<meta property=\"og:description\" content=\"Le Ministre des Affaires Etrang\u00e8res, de la Migration et des Tunisiens \u00e0 l\u2019Etranger, Nabil Ammar, s\u2019est entretenu ce jeudi 27 avril 2023 avec Ylva Johansson, Com...\" \/>\n<meta property=\"og:url\" content=\"https:\/\/www.webdo.tn\/fr\/actualite\/national\/l-ue-reitere-son-engagement-continu-a-soutenir-la-tunisie\/205226\/\" \/>\n<meta property=\"og:site_name\" content=\"webdo\" \/>\n<meta property=\"article:publisher\" content=\"https:\/\/www.facebook.com\/webdotn\" \/>\n<meta property=\"article:published_time\" content=\"2023-04-27T19:26:00+00:00\" \/>\n<meta property=\"article:modified_time\" content=\"2025-05-20T22:43:49+00:00\" \/>\n<meta property=\"og:image\" content=\"https:\/\/www.webdo.tn\/fr\/wp-content\/uploads\/2023\/04\/35cf217dff15d52011d49e334c1a8ca6.png\" \/>\n\t<meta property=\"og:image:width\" content=\"750\" \/>\n\t<meta property=\"og:image:height\" content=\"400\" \/>\n\t<meta property=\"og:image:type\" content=\"image\/png\" \/>\n<meta name=\"author\" content=\"CL\" \/>\n<meta name=\"twitter:card\" content=\"summary_large_image\" \/>\n<meta name=\"twitter:creator\" content=\"@webdo_tn\" \/>\n<meta name=\"twitter:site\" content=\"@webdo_tn\" \/>\n<meta name=\"twitter:label1\" content=\"\u00c9crit par\" \/>\n\t<meta name=\"twitter:data1\" content=\"CL\" \/>\n\t<meta name=\"twitter:label2\" content=\"Dur\u00e9e de lecture estim\u00e9e\" \/>\n\t<meta name=\"twitter:data2\" content=\"1 minute\" \/>\n<script type=\"application\/ld+json\" class=\"yoast-schema-graph\">{\"@context\":\"https:\\\/\\\/schema.org\",\"@graph\":[{\"@type\":\"NewsArticle\",\"@id\":\"https:\\\/\\\/www.webdo.tn\\\/fr\\\/actualite\\\/national\\\/l-ue-reitere-son-engagement-continu-a-soutenir-la-tunisie\\\/205226\\\/#article\",\"isPartOf\":{\"@id\":\"https:\\\/\\\/www.webdo.tn\\\/fr\\\/actualite\\\/national\\\/l-ue-reitere-son-engagement-continu-a-soutenir-la-tunisie\\\/205226\\\/\"},\"author\":{\"name\":\"CL\",\"@id\":\"https:\\\/\\\/www.webdo.tn\\\/fr\\\/#\\\/schema\\\/person\\\/f35b42a42c5e2511bbd282959d6385cc\"},\"headline\":\"L\u2019UE r\u00e9it\u00e8re son \u00ab engagement continu \u00e0 soutenir la Tunisie \u00bb\",\"datePublished\":\"2023-04-27T19:26:00+00:00\",\"dateModified\":\"2025-05-20T22:43:49+00:00\",\"mainEntityOfPage\":{\"@id\":\"https:\\\/\\\/www.webdo.tn\\\/fr\\\/actualite\\\/national\\\/l-ue-reitere-son-engagement-continu-a-soutenir-la-tunisie\\\/205226\\\/\"},\"wordCount\":302,\"commentCount\":0,\"publisher\":{\"@id\":\"https:\\\/\\\/www.webdo.tn\\\/fr\\\/#organization\"},\"image\":{\"@id\":\"https:\\\/\\\/www.webdo.tn\\\/fr\\\/actualite\\\/national\\\/l-ue-reitere-son-engagement-continu-a-soutenir-la-tunisie\\\/205226\\\/#primaryimage\"},\"thumbnailUrl\":\"https:\\\/\\\/www.webdo.tn\\\/fr\\\/wp-content\\\/uploads\\\/2023\\\/04\\\/35cf217dff15d52011d49e334c1a8ca6.png\",\"keywords\":[\"Tunisie\",\"UE\"],\"articleSection\":[\"National\"],\"inLanguage\":\"fr-FR\"},{\"@type\":\"WebPage\",\"@id\":\"https:\\\/\\\/www.webdo.tn\\\/fr\\\/actualite\\\/national\\\/l-ue-reitere-son-engagement-continu-a-soutenir-la-tunisie\\\/205226\\\/\",\"url\":\"https:\\\/\\\/www.webdo.tn\\\/fr\\\/actualite\\\/national\\\/l-ue-reitere-son-engagement-continu-a-soutenir-la-tunisie\\\/205226\\\/\",\"name\":\"L\u2019UE r\u00e9it\u00e8re son \u00ab engagement continu \u00e0 soutenir la Tunisie \u00bb\",\"isPartOf\":{\"@id\":\"https:\\\/\\\/www.webdo.tn\\\/fr\\\/#website\"},\"primaryImageOfPage\":{\"@id\":\"https:\\\/\\\/www.webdo.tn\\\/fr\\\/actualite\\\/national\\\/l-ue-reitere-son-engagement-continu-a-soutenir-la-tunisie\\\/205226\\\/#primaryimage\"},\"image\":{\"@id\":\"https:\\\/\\\/www.webdo.tn\\\/fr\\\/actualite\\\/national\\\/l-ue-reitere-son-engagement-continu-a-soutenir-la-tunisie\\\/205226\\\/#primaryimage\"},\"thumbnailUrl\":\"https:\\\/\\\/www.webdo.tn\\\/fr\\\/wp-content\\\/uploads\\\/2023\\\/04\\\/35cf217dff15d52011d49e334c1a8ca6.png\",\"datePublished\":\"2023-04-27T19:26:00+00:00\",\"dateModified\":\"2025-05-20T22:43:49+00:00\",\"description\":\"Le Ministre des Affaires Etrang\u00e8res, de la Migration et des Tunisiens \u00e0 l\u2019Etranger, Nabil Ammar, s\u2019est entretenu ce jeudi 27 avril 2023 avec Ylva Johansson, Com...\",\"breadcrumb\":{\"@id\":\"https:\\\/\\\/www.webdo.tn\\\/fr\\\/actualite\\\/national\\\/l-ue-reitere-son-engagement-continu-a-soutenir-la-tunisie\\\/205226\\\/#breadcrumb\"},\"inLanguage\":\"fr-FR\",\"potentialAction\":[{\"@type\":\"ReadAction\",\"target\":[\"https:\\\/\\\/www.webdo.tn\\\/fr\\\/actualite\\\/national\\\/l-ue-reitere-son-engagement-continu-a-soutenir-la-tunisie\\\/205226\\\/\"]}]},{\"@type\":\"ImageObject\",\"inLanguage\":\"fr-FR\",\"@id\":\"https:\\\/\\\/www.webdo.tn\\\/fr\\\/actualite\\\/national\\\/l-ue-reitere-son-engagement-continu-a-soutenir-la-tunisie\\\/205226\\\/#primaryimage\",\"url\":\"https:\\\/\\\/www.webdo.tn\\\/fr\\\/wp-content\\\/uploads\\\/2023\\\/04\\\/35cf217dff15d52011d49e334c1a8ca6.png\",\"contentUrl\":\"https:\\\/\\\/www.webdo.tn\\\/fr\\\/wp-content\\\/uploads\\\/2023\\\/04\\\/35cf217dff15d52011d49e334c1a8ca6.png\",\"width\":750,\"height\":400,\"caption\":\"Diplomatie\"},{\"@type\":\"BreadcrumbList\",\"@id\":\"https:\\\/\\\/www.webdo.tn\\\/fr\\\/actualite\\\/national\\\/l-ue-reitere-son-engagement-continu-a-soutenir-la-tunisie\\\/205226\\\/#breadcrumb\",\"itemListElement\":[{\"@type\":\"ListItem\",\"position\":1,\"name\":\"Accueil\",\"item\":\"https:\\\/\\\/www.webdo.tn\\\/fr\\\/\"},{\"@type\":\"ListItem\",\"position\":2,\"name\":\"L\u2019UE r\u00e9it\u00e8re son \u00ab engagement continu \u00e0 soutenir la Tunisie \u00bb\"}]},{\"@type\":\"WebSite\",\"@id\":\"https:\\\/\\\/www.webdo.tn\\\/fr\\\/#website\",\"url\":\"https:\\\/\\\/www.webdo.tn\\\/fr\\\/\",\"name\":\"webdo\",\"description\":\"Tunisie - News en Tunisie et \u00e0 l&#039;international sur Webdo.tn\",\"publisher\":{\"@id\":\"https:\\\/\\\/www.webdo.tn\\\/fr\\\/#organization\"},\"potentialAction\":[{\"@type\":\"SearchAction\",\"target\":{\"@type\":\"EntryPoint\",\"urlTemplate\":\"https:\\\/\\\/www.webdo.tn\\\/fr\\\/?s={search_term_string}\"},\"query-input\":{\"@type\":\"PropertyValueSpecification\",\"valueRequired\":true,\"valueName\":\"search_term_string\"}}],\"inLanguage\":\"fr-FR\"},{\"@type\":\"Organization\",\"@id\":\"https:\\\/\\\/www.webdo.tn\\\/fr\\\/#organization\",\"name\":\"Webdo\",\"alternateName\":\"Webdo.tn\",\"url\":\"https:\\\/\\\/www.webdo.tn\\\/fr\\\/\",\"logo\":{\"@type\":\"ImageObject\",\"inLanguage\":\"fr-FR\",\"@id\":\"https:\\\/\\\/www.webdo.tn\\\/fr\\\/#\\\/schema\\\/logo\\\/image\\\/\",\"url\":\"https:\\\/\\\/www.webdo.tn\\\/fr\\\/wp-content\\\/uploads\\\/2025\\\/06\\\/Webdo-Tunisie_168377.jpg\",\"contentUrl\":\"https:\\\/\\\/www.webdo.tn\\\/fr\\\/wp-content\\\/uploads\\\/2025\\\/06\\\/Webdo-Tunisie_168377.jpg\",\"width\":301,\"height\":301,\"caption\":\"Webdo\"},\"image\":{\"@id\":\"https:\\\/\\\/www.webdo.tn\\\/fr\\\/#\\\/schema\\\/logo\\\/image\\\/\"},\"sameAs\":[\"https:\\\/\\\/www.facebook.com\\\/webdotn\",\"https:\\\/\\\/x.com\\\/webdo_tn\"],\"description\":\"Webdo est un m\u00e9dia num\u00e9rique tunisien fond\u00e9 en 2010, sp\u00e9cialis\u00e9 dans l\u2019actualit\u00e9 nationale et internationale, l\u2019\u00e9conomie, la soci\u00e9t\u00e9 et les analyses politiques. Le site s\u2019adresse \u00e0 un large public francophone et couvre l\u2019information tunisienne en temps r\u00e9el.\",\"email\":\"redac@webdo.tn\",\"legalName\":\"YNJ SARL\",\"foundingDate\":\"2010-09-06\",\"numberOfEmployees\":{\"@type\":\"QuantitativeValue\",\"minValue\":\"11\",\"maxValue\":\"50\"}},{\"@type\":\"Person\",\"@id\":\"https:\\\/\\\/www.webdo.tn\\\/fr\\\/#\\\/schema\\\/person\\\/f35b42a42c5e2511bbd282959d6385cc\",\"name\":\"CL\",\"image\":{\"@type\":\"ImageObject\",\"inLanguage\":\"fr-FR\",\"@id\":\"https:\\\/\\\/secure.gravatar.com\\\/avatar\\\/1447a49909b67aa657c488aec6512e1dd6143a480c1ecfee9b5b5cd74eb3b59e?s=96&d=mm&r=g\",\"url\":\"https:\\\/\\\/secure.gravatar.com\\\/avatar\\\/1447a49909b67aa657c488aec6512e1dd6143a480c1ecfee9b5b5cd74eb3b59e?s=96&d=mm&r=g\",\"contentUrl\":\"https:\\\/\\\/secure.gravatar.com\\\/avatar\\\/1447a49909b67aa657c488aec6512e1dd6143a480c1ecfee9b5b5cd74eb3b59e?s=96&d=mm&r=g\",\"caption\":\"CL\"},\"url\":\"https:\\\/\\\/www.webdo.tn\\\/fr\\\/actualite\\\/author\\\/cl\\\/\"}]}<\/script>\n<!-- \/ Yoast SEO Premium plugin. -->","yoast_head_json":{"title":"L\u2019UE r\u00e9it\u00e8re son \u00ab engagement continu \u00e0 soutenir la Tunisie \u00bb","description":"Le Ministre des Affaires Etrang\u00e8res, de la Migration et des Tunisiens \u00e0 l\u2019Etranger, Nabil Ammar, s\u2019est entretenu ce jeudi 27 avril 2023 avec Ylva Johansson, Com...","canonical":"https:\/\/www.webdo.tn\/fr\/actualite\/national\/l-ue-reitere-son-engagement-continu-a-soutenir-la-tunisie\/205226\/","og_locale":"fr_FR","og_type":"article","og_title":"L\u2019UE r\u00e9it\u00e8re son \u00ab engagement continu \u00e0 soutenir la Tunisie \u00bb","og_description":"Le Ministre des Affaires Etrang\u00e8res, de la Migration et des Tunisiens \u00e0 l\u2019Etranger, Nabil Ammar, s\u2019est entretenu ce jeudi 27 avril 2023 avec Ylva Johansson, Com...","og_url":"https:\/\/www.webdo.tn\/fr\/actualite\/national\/l-ue-reitere-son-engagement-continu-a-soutenir-la-tunisie\/205226\/","og_site_name":"webdo","article_publisher":"https:\/\/www.facebook.com\/webdotn","article_published_time":"2023-04-27T19:26:00+00:00","article_modified_time":"2025-05-20T22:43:49+00:00","og_image":[{"width":750,"height":400,"url":"https:\/\/www.webdo.tn\/fr\/wp-content\/uploads\/2023\/04\/35cf217dff15d52011d49e334c1a8ca6.png","type":"image\/png"}],"author":"CL","twitter_card":"summary_large_image","twitter_creator":"@webdo_tn","twitter_site":"@webdo_tn","twitter_misc":{"\u00c9crit par":"CL","Dur\u00e9e de lecture estim\u00e9e":"1 minute"},"schema":{"@context":"https:\/\/schema.org","@graph":[{"@type":"NewsArticle","@id":"https:\/\/www.webdo.tn\/fr\/actualite\/national\/l-ue-reitere-son-engagement-continu-a-soutenir-la-tunisie\/205226\/#article","isPartOf":{"@id":"https:\/\/www.webdo.tn\/fr\/actualite\/national\/l-ue-reitere-son-engagement-continu-a-soutenir-la-tunisie\/205226\/"},"author":{"name":"CL","@id":"https:\/\/www.webdo.tn\/fr\/#\/schema\/person\/f35b42a42c5e2511bbd282959d6385cc"},"headline":"L\u2019UE r\u00e9it\u00e8re son \u00ab engagement continu \u00e0 soutenir la Tunisie \u00bb","datePublished":"2023-04-27T19:26:00+00:00","dateModified":"2025-05-20T22:43:49+00:00","mainEntityOfPage":{"@id":"https:\/\/www.webdo.tn\/fr\/actualite\/national\/l-ue-reitere-son-engagement-continu-a-soutenir-la-tunisie\/205226\/"},"wordCount":302,"commentCount":0,"publisher":{"@id":"https:\/\/www.webdo.tn\/fr\/#organization"},"image":{"@id":"https:\/\/www.webdo.tn\/fr\/actualite\/national\/l-ue-reitere-son-engagement-continu-a-soutenir-la-tunisie\/205226\/#primaryimage"},"thumbnailUrl":"https:\/\/www.webdo.tn\/fr\/wp-content\/uploads\/2023\/04\/35cf217dff15d52011d49e334c1a8ca6.png","keywords":["Tunisie","UE"],"articleSection":["National"],"inLanguage":"fr-FR"},{"@type":"WebPage","@id":"https:\/\/www.webdo.tn\/fr\/actualite\/national\/l-ue-reitere-son-engagement-continu-a-soutenir-la-tunisie\/205226\/","url":"https:\/\/www.webdo.tn\/fr\/actualite\/national\/l-ue-reitere-son-engagement-continu-a-soutenir-la-tunisie\/205226\/","name":"L\u2019UE r\u00e9it\u00e8re son \u00ab engagement continu \u00e0 soutenir la Tunisie \u00bb","isPartOf":{"@id":"https:\/\/www.webdo.tn\/fr\/#website"},"primaryImageOfPage":{"@id":"https:\/\/www.webdo.tn\/fr\/actualite\/national\/l-ue-reitere-son-engagement-continu-a-soutenir-la-tunisie\/205226\/#primaryimage"},"image":{"@id":"https:\/\/www.webdo.tn\/fr\/actualite\/national\/l-ue-reitere-son-engagement-continu-a-soutenir-la-tunisie\/205226\/#primaryimage"},"thumbnailUrl":"https:\/\/www.webdo.tn\/fr\/wp-content\/uploads\/2023\/04\/35cf217dff15d52011d49e334c1a8ca6.png","datePublished":"2023-04-27T19:26:00+00:00","dateModified":"2025-05-20T22:43:49+00:00","description":"Le Ministre des Affaires Etrang\u00e8res, de la Migration et des Tunisiens \u00e0 l\u2019Etranger, Nabil Ammar, s\u2019est entretenu ce jeudi 27 avril 2023 avec Ylva Johansson, Com...","breadcrumb":{"@id":"https:\/\/www.webdo.tn\/fr\/actualite\/national\/l-ue-reitere-son-engagement-continu-a-soutenir-la-tunisie\/205226\/#breadcrumb"},"inLanguage":"fr-FR","potentialAction":[{"@type":"ReadAction","target":["https:\/\/www.webdo.tn\/fr\/actualite\/national\/l-ue-reitere-son-engagement-continu-a-soutenir-la-tunisie\/205226\/"]}]},{"@type":"ImageObject","inLanguage":"fr-FR","@id":"https:\/\/www.webdo.tn\/fr\/actualite\/national\/l-ue-reitere-son-engagement-continu-a-soutenir-la-tunisie\/205226\/#primaryimage","url":"https:\/\/www.webdo.tn\/fr\/wp-content\/uploads\/2023\/04\/35cf217dff15d52011d49e334c1a8ca6.png","contentUrl":"https:\/\/www.webdo.tn\/fr\/wp-content\/uploads\/2023\/04\/35cf217dff15d52011d49e334c1a8ca6.png","width":750,"height":400,"caption":"Diplomatie"},{"@type":"BreadcrumbList","@id":"https:\/\/www.webdo.tn\/fr\/actualite\/national\/l-ue-reitere-son-engagement-continu-a-soutenir-la-tunisie\/205226\/#breadcrumb","itemListElement":[{"@type":"ListItem","position":1,"name":"Accueil","item":"https:\/\/www.webdo.tn\/fr\/"},{"@type":"ListItem","position":2,"name":"L\u2019UE r\u00e9it\u00e8re son \u00ab engagement continu \u00e0 soutenir la Tunisie \u00bb"}]},{"@type":"WebSite","@id":"https:\/\/www.webdo.tn\/fr\/#website","url":"https:\/\/www.webdo.tn\/fr\/","name":"webdo","description":"Tunisie - News en Tunisie et \u00e0 l&#039;international sur Webdo.tn","publisher":{"@id":"https:\/\/www.webdo.tn\/fr\/#organization"},"potentialAction":[{"@type":"SearchAction","target":{"@type":"EntryPoint","urlTemplate":"https:\/\/www.webdo.tn\/fr\/?s={search_term_string}"},"query-input":{"@type":"PropertyValueSpecification","valueRequired":true,"valueName":"search_term_string"}}],"inLanguage":"fr-FR"},{"@type":"Organization","@id":"https:\/\/www.webdo.tn\/fr\/#organization","name":"Webdo","alternateName":"Webdo.tn","url":"https:\/\/www.webdo.tn\/fr\/","logo":{"@type":"ImageObject","inLanguage":"fr-FR","@id":"https:\/\/www.webdo.tn\/fr\/#\/schema\/logo\/image\/","url":"https:\/\/www.webdo.tn\/fr\/wp-content\/uploads\/2025\/06\/Webdo-Tunisie_168377.jpg","contentUrl":"https:\/\/www.webdo.tn\/fr\/wp-content\/uploads\/2025\/06\/Webdo-Tunisie_168377.jpg","width":301,"height":301,"caption":"Webdo"},"image":{"@id":"https:\/\/www.webdo.tn\/fr\/#\/schema\/logo\/image\/"},"sameAs":["https:\/\/www.facebook.com\/webdotn","https:\/\/x.com\/webdo_tn"],"description":"Webdo est un m\u00e9dia num\u00e9rique tunisien fond\u00e9 en 2010, sp\u00e9cialis\u00e9 dans l\u2019actualit\u00e9 nationale et internationale, l\u2019\u00e9conomie, la soci\u00e9t\u00e9 et les analyses politiques. Le site s\u2019adresse \u00e0 un large public francophone et couvre l\u2019information tunisienne en temps r\u00e9el.","email":"redac@webdo.tn","legalName":"YNJ SARL","foundingDate":"2010-09-06","numberOfEmployees":{"@type":"QuantitativeValue","minValue":"11","maxValue":"50"}},{"@type":"Person","@id":"https:\/\/www.webdo.tn\/fr\/#\/schema\/person\/f35b42a42c5e2511bbd282959d6385cc","name":"CL","image":{"@type":"ImageObject","inLanguage":"fr-FR","@id":"https:\/\/secure.gravatar.com\/avatar\/1447a49909b67aa657c488aec6512e1dd6143a480c1ecfee9b5b5cd74eb3b59e?s=96&d=mm&r=g","url":"https:\/\/secure.gravatar.com\/avatar\/1447a49909b67aa657c488aec6512e1dd6143a480c1ecfee9b5b5cd74eb3b59e?s=96&d=mm&r=g","contentUrl":"https:\/\/secure.gravatar.com\/avatar\/1447a49909b67aa657c488aec6512e1dd6143a480c1ecfee9b5b5cd74eb3b59e?s=96&d=mm&r=g","caption":"CL"},"url":"https:\/\/www.webdo.tn\/fr\/actualite\/author\/cl\/"}]}},"_links":{"self":[{"href":"https:\/\/www.webdo.tn\/fr\/wp-json\/wp\/v2\/posts\/205226","targetHints":{"allow":["GET"]}}],"collection":[{"href":"https:\/\/www.webdo.tn\/fr\/wp-json\/wp\/v2\/posts"}],"about":[{"href":"https:\/\/www.webdo.tn\/fr\/wp-json\/wp\/v2\/types\/post"}],"author":[{"embeddable":true,"href":"https:\/\/www.webdo.tn\/fr\/wp-json\/wp\/v2\/users\/3175"}],"replies":[{"embeddable":true,"href":"https:\/\/www.webdo.tn\/fr\/wp-json\/wp\/v2\/comments?post=205226"}],"version-history":[{"count":0,"href":"https:\/\/www.webdo.tn\/fr\/wp-json\/wp\/v2\/posts\/205226\/revisions"}],"wp:featuredmedia":[{"embeddable":true,"href":"https:\/\/www.webdo.tn\/fr\/wp-json\/wp\/v2\/media\/251305"}],"wp:attachment":[{"href":"https:\/\/www.webdo.tn\/fr\/wp-json\/wp\/v2\/media?parent=205226"}],"wp:term":[{"taxonomy":"category","embeddable":true,"href":"https:\/\/www.webdo.tn\/fr\/wp-json\/wp\/v2\/categories?post=205226"},{"taxonomy":"post_tag","embeddable":true,"href":"https:\/\/www.webdo.tn\/fr\/wp-json\/wp\/v2\/tags?post=205226"}],"curies":[{"name":"wp","href":"https:\/\/api.w.org\/{rel}","templated":true}]}}