{"id":205224,"date":"2023-04-27T18:50:00","date_gmt":"2023-04-27T18:50:00","guid":{"rendered":"https:\/\/www.webdo.tn\/fr\/blog\/temperatures-en-hausse-samedi-des-records-attendus-a-tunis-et-thala\/205224\/"},"modified":"2025-05-20T22:43:48","modified_gmt":"2025-05-20T22:43:48","slug":"temperatures-en-hausse-samedi-des-records-attendus-a-tunis-et-thala","status":"publish","type":"post","link":"https:\/\/www.webdo.tn\/fr\/actualite\/national\/temperatures-en-hausse-samedi-des-records-attendus-a-tunis-et-thala\/205224\/","title":{"rendered":"Temp\u00e9ratures en hausse : Samedi, des records attendus \u00e0 Tunis et Thala"},"content":{"rendered":"<p>Les temp\u00e9ratures enregistr\u00e9es depuis le d\u00e9but de la semaine en cours, sont nettement sup\u00e9rieures aux normales et aux moyennes saisonni\u00e8res pour le mois d\u2019avril qui varient g\u00e9n\u00e9ralement entre 19 et 24 \u00b0C, au nord et au centre et entre 24 et 29\u00b0C, au sud, a indiqu\u00e9 jeudi, \u00e0 l\u2019agence TAP, l\u2019ing\u00e9nieur principal \u00e0 l\u2019INM, Mehrez Ghannouchi.<\/p>\n<p>\t\t\t\t\t\t\t\t\tAnnon\u00e7ant que la chaleur se poursuivra jusqu\u2019\u00e0 dimanche, Ghannouchi a soulign\u00e9 que les temp\u00e9ratures de cette semaine se rapprochent des temp\u00e9ratures records pour le mois d\u2019avril qui varient entre 30 et 41\u00b0C, avec un pic de 43,6\u00b0C atteint \u00e0 El Borma, le 28 avril 2016.<\/p>\n<p>Et de pr\u00e9ciser que \u00ab\u00a0les temp\u00e9ratures maximales d\u2019aujourd\u2019hui sont comprises entre 28 et 35 \u00b0C et avoisinent 37 \u00b0C au sud-ouest dans certaines communes de Tozeur et Kebili. Dans les r\u00e9gions c\u00f4ti\u00e8res, les maximales varient aujourd\u2019hui entre 22 et 26\u00b0C. Le samedi 29 avril 2023, sera la journ\u00e9e la plus chaude de la semaine en cours avec des maximales comprises entre 32 et 38\u00b0C. Certaines r\u00e9gions c\u00f4ti\u00e8res, essentiellement le Cap Bon, Sousse, Monastir, Mahdia, Sfax et Gab\u00e8s seront moins concern\u00e9es par cette chaleur et les maximales y oscilleront, samedi, entre 24 et 28\u00b0C\u00a0\u00bb.<\/p>\n<p>Ghannouchi a \u00e9voqu\u00e9 la possibilit\u00e9 d\u2019enregistrer des temp\u00e9ratures records samedi \u00e0 Tunis et \u00e0 Thala (Kasserine), indiquant que le record de Tunis se situe \u00e0 33,1\u00b0C (25 avril 2001) et celui de Thala \u00e0 30,9\u00b0C.<\/p>\n","protected":false},"excerpt":{"rendered":"<p>Les temp\u00e9ratures enregistr\u00e9es depuis le d\u00e9but de la semaine en cours, sont nettement sup\u00e9rieures aux normales et aux moyennes saisonni\u00e8res pour le mois d\u2019avril&#8230;<\/p>\n","protected":false},"author":3175,"featured_media":251304,"comment_status":"open","ping_status":"closed","sticky":false,"template":"","format":"standard","meta":{"footnotes":""},"categories":[44],"tags":[5930,3319,2640,2608],"class_list":["post-205224","post","type-post","status-publish","format-standard","has-post-thumbnail","hentry","category-national","tag-canicule","tag-chaleur","tag-tunis","tag-tunisie"],"yoast_head":"<!-- This site is optimized with the Yoast SEO Premium plugin v27.4 (Yoast SEO v27.5) - https:\/\/yoast.com\/product\/yoast-seo-premium-wordpress\/ -->\n<title>Temp\u00e9ratures en hausse : Samedi, des records attendus \u00e0 Tunis et Thala<\/title>\n<meta name=\"description\" content=\"Les temp\u00e9ratures enregistr\u00e9es depuis le d\u00e9but de la semaine en cours, sont nettement sup\u00e9rieures aux normales et aux moyennes saisonni\u00e8res pour le mois d\u2019avril...\" \/>\n<link rel=\"canonical\" href=\"https:\/\/www.webdo.tn\/fr\/actualite\/national\/temperatures-en-hausse-samedi-des-records-attendus-a-tunis-et-thala\/205224\/\" \/>\n<meta property=\"og:locale\" content=\"fr_FR\" \/>\n<meta property=\"og:type\" content=\"article\" \/>\n<meta property=\"og:title\" content=\"Temp\u00e9ratures en hausse : Samedi, des records attendus \u00e0 Tunis et Thala\" \/>\n<meta property=\"og:description\" content=\"Les temp\u00e9ratures enregistr\u00e9es depuis le d\u00e9but de la semaine en cours, sont nettement sup\u00e9rieures aux normales et aux moyennes saisonni\u00e8res pour le mois d\u2019avril...\" \/>\n<meta property=\"og:url\" content=\"https:\/\/www.webdo.tn\/fr\/actualite\/national\/temperatures-en-hausse-samedi-des-records-attendus-a-tunis-et-thala\/205224\/\" \/>\n<meta property=\"og:site_name\" content=\"webdo\" \/>\n<meta property=\"article:publisher\" content=\"https:\/\/www.facebook.com\/webdotn\" \/>\n<meta property=\"article:published_time\" content=\"2023-04-27T18:50:00+00:00\" \/>\n<meta property=\"article:modified_time\" content=\"2025-05-20T22:43:48+00:00\" \/>\n<meta property=\"og:image\" content=\"https:\/\/www.webdo.tn\/fr\/wp-content\/uploads\/2023\/04\/624946d62ef623069f99e1ef9a31567b.png\" \/>\n\t<meta property=\"og:image:width\" content=\"750\" \/>\n\t<meta property=\"og:image:height\" content=\"400\" \/>\n\t<meta property=\"og:image:type\" content=\"image\/png\" \/>\n<meta name=\"author\" content=\"CL\" \/>\n<meta name=\"twitter:card\" content=\"summary_large_image\" \/>\n<meta name=\"twitter:creator\" content=\"@webdo_tn\" \/>\n<meta name=\"twitter:site\" content=\"@webdo_tn\" \/>\n<meta name=\"twitter:label1\" content=\"\u00c9crit par\" \/>\n\t<meta name=\"twitter:data1\" content=\"CL\" \/>\n\t<meta name=\"twitter:label2\" content=\"Dur\u00e9e de lecture estim\u00e9e\" \/>\n\t<meta name=\"twitter:data2\" content=\"1 minute\" \/>\n<script type=\"application\/ld+json\" class=\"yoast-schema-graph\">{\"@context\":\"https:\\\/\\\/schema.org\",\"@graph\":[{\"@type\":\"NewsArticle\",\"@id\":\"https:\\\/\\\/www.webdo.tn\\\/fr\\\/actualite\\\/national\\\/temperatures-en-hausse-samedi-des-records-attendus-a-tunis-et-thala\\\/205224\\\/#article\",\"isPartOf\":{\"@id\":\"https:\\\/\\\/www.webdo.tn\\\/fr\\\/actualite\\\/national\\\/temperatures-en-hausse-samedi-des-records-attendus-a-tunis-et-thala\\\/205224\\\/\"},\"author\":{\"name\":\"CL\",\"@id\":\"https:\\\/\\\/www.webdo.tn\\\/fr\\\/#\\\/schema\\\/person\\\/f35b42a42c5e2511bbd282959d6385cc\"},\"headline\":\"Temp\u00e9ratures en hausse : Samedi, des records attendus \u00e0 Tunis et Thala\",\"datePublished\":\"2023-04-27T18:50:00+00:00\",\"dateModified\":\"2025-05-20T22:43:48+00:00\",\"mainEntityOfPage\":{\"@id\":\"https:\\\/\\\/www.webdo.tn\\\/fr\\\/actualite\\\/national\\\/temperatures-en-hausse-samedi-des-records-attendus-a-tunis-et-thala\\\/205224\\\/\"},\"wordCount\":249,\"commentCount\":0,\"publisher\":{\"@id\":\"https:\\\/\\\/www.webdo.tn\\\/fr\\\/#organization\"},\"image\":{\"@id\":\"https:\\\/\\\/www.webdo.tn\\\/fr\\\/actualite\\\/national\\\/temperatures-en-hausse-samedi-des-records-attendus-a-tunis-et-thala\\\/205224\\\/#primaryimage\"},\"thumbnailUrl\":\"https:\\\/\\\/www.webdo.tn\\\/fr\\\/wp-content\\\/uploads\\\/2023\\\/04\\\/624946d62ef623069f99e1ef9a31567b.png\",\"keywords\":[\"Canicule\",\"chaleur\",\"Tunis\",\"Tunisie\"],\"articleSection\":[\"National\"],\"inLanguage\":\"fr-FR\"},{\"@type\":\"WebPage\",\"@id\":\"https:\\\/\\\/www.webdo.tn\\\/fr\\\/actualite\\\/national\\\/temperatures-en-hausse-samedi-des-records-attendus-a-tunis-et-thala\\\/205224\\\/\",\"url\":\"https:\\\/\\\/www.webdo.tn\\\/fr\\\/actualite\\\/national\\\/temperatures-en-hausse-samedi-des-records-attendus-a-tunis-et-thala\\\/205224\\\/\",\"name\":\"Temp\u00e9ratures en hausse : Samedi, des records attendus \u00e0 Tunis et Thala\",\"isPartOf\":{\"@id\":\"https:\\\/\\\/www.webdo.tn\\\/fr\\\/#website\"},\"primaryImageOfPage\":{\"@id\":\"https:\\\/\\\/www.webdo.tn\\\/fr\\\/actualite\\\/national\\\/temperatures-en-hausse-samedi-des-records-attendus-a-tunis-et-thala\\\/205224\\\/#primaryimage\"},\"image\":{\"@id\":\"https:\\\/\\\/www.webdo.tn\\\/fr\\\/actualite\\\/national\\\/temperatures-en-hausse-samedi-des-records-attendus-a-tunis-et-thala\\\/205224\\\/#primaryimage\"},\"thumbnailUrl\":\"https:\\\/\\\/www.webdo.tn\\\/fr\\\/wp-content\\\/uploads\\\/2023\\\/04\\\/624946d62ef623069f99e1ef9a31567b.png\",\"datePublished\":\"2023-04-27T18:50:00+00:00\",\"dateModified\":\"2025-05-20T22:43:48+00:00\",\"description\":\"Les temp\u00e9ratures enregistr\u00e9es depuis le d\u00e9but de la semaine en cours, sont nettement sup\u00e9rieures aux normales et aux moyennes saisonni\u00e8res pour le mois d\u2019avril...\",\"breadcrumb\":{\"@id\":\"https:\\\/\\\/www.webdo.tn\\\/fr\\\/actualite\\\/national\\\/temperatures-en-hausse-samedi-des-records-attendus-a-tunis-et-thala\\\/205224\\\/#breadcrumb\"},\"inLanguage\":\"fr-FR\",\"potentialAction\":[{\"@type\":\"ReadAction\",\"target\":[\"https:\\\/\\\/www.webdo.tn\\\/fr\\\/actualite\\\/national\\\/temperatures-en-hausse-samedi-des-records-attendus-a-tunis-et-thala\\\/205224\\\/\"]}]},{\"@type\":\"ImageObject\",\"inLanguage\":\"fr-FR\",\"@id\":\"https:\\\/\\\/www.webdo.tn\\\/fr\\\/actualite\\\/national\\\/temperatures-en-hausse-samedi-des-records-attendus-a-tunis-et-thala\\\/205224\\\/#primaryimage\",\"url\":\"https:\\\/\\\/www.webdo.tn\\\/fr\\\/wp-content\\\/uploads\\\/2023\\\/04\\\/624946d62ef623069f99e1ef9a31567b.png\",\"contentUrl\":\"https:\\\/\\\/www.webdo.tn\\\/fr\\\/wp-content\\\/uploads\\\/2023\\\/04\\\/624946d62ef623069f99e1ef9a31567b.png\",\"width\":750,\"height\":400,\"caption\":\"Canicule Tunisie\"},{\"@type\":\"BreadcrumbList\",\"@id\":\"https:\\\/\\\/www.webdo.tn\\\/fr\\\/actualite\\\/national\\\/temperatures-en-hausse-samedi-des-records-attendus-a-tunis-et-thala\\\/205224\\\/#breadcrumb\",\"itemListElement\":[{\"@type\":\"ListItem\",\"position\":1,\"name\":\"Accueil\",\"item\":\"https:\\\/\\\/www.webdo.tn\\\/fr\\\/\"},{\"@type\":\"ListItem\",\"position\":2,\"name\":\"Temp\u00e9ratures en hausse : Samedi, des records attendus \u00e0 Tunis et Thala\"}]},{\"@type\":\"WebSite\",\"@id\":\"https:\\\/\\\/www.webdo.tn\\\/fr\\\/#website\",\"url\":\"https:\\\/\\\/www.webdo.tn\\\/fr\\\/\",\"name\":\"webdo\",\"description\":\"Tunisie - News en Tunisie et \u00e0 l&#039;international sur Webdo.tn\",\"publisher\":{\"@id\":\"https:\\\/\\\/www.webdo.tn\\\/fr\\\/#organization\"},\"potentialAction\":[{\"@type\":\"SearchAction\",\"target\":{\"@type\":\"EntryPoint\",\"urlTemplate\":\"https:\\\/\\\/www.webdo.tn\\\/fr\\\/?s={search_term_string}\"},\"query-input\":{\"@type\":\"PropertyValueSpecification\",\"valueRequired\":true,\"valueName\":\"search_term_string\"}}],\"inLanguage\":\"fr-FR\"},{\"@type\":\"Organization\",\"@id\":\"https:\\\/\\\/www.webdo.tn\\\/fr\\\/#organization\",\"name\":\"Webdo\",\"alternateName\":\"Webdo.tn\",\"url\":\"https:\\\/\\\/www.webdo.tn\\\/fr\\\/\",\"logo\":{\"@type\":\"ImageObject\",\"inLanguage\":\"fr-FR\",\"@id\":\"https:\\\/\\\/www.webdo.tn\\\/fr\\\/#\\\/schema\\\/logo\\\/image\\\/\",\"url\":\"https:\\\/\\\/www.webdo.tn\\\/fr\\\/wp-content\\\/uploads\\\/2025\\\/06\\\/Webdo-Tunisie_168377.jpg\",\"contentUrl\":\"https:\\\/\\\/www.webdo.tn\\\/fr\\\/wp-content\\\/uploads\\\/2025\\\/06\\\/Webdo-Tunisie_168377.jpg\",\"width\":301,\"height\":301,\"caption\":\"Webdo\"},\"image\":{\"@id\":\"https:\\\/\\\/www.webdo.tn\\\/fr\\\/#\\\/schema\\\/logo\\\/image\\\/\"},\"sameAs\":[\"https:\\\/\\\/www.facebook.com\\\/webdotn\",\"https:\\\/\\\/x.com\\\/webdo_tn\"],\"description\":\"Webdo est un m\u00e9dia num\u00e9rique tunisien fond\u00e9 en 2010, sp\u00e9cialis\u00e9 dans l\u2019actualit\u00e9 nationale et internationale, l\u2019\u00e9conomie, la soci\u00e9t\u00e9 et les analyses politiques. Le site s\u2019adresse \u00e0 un large public francophone et couvre l\u2019information tunisienne en temps r\u00e9el.\",\"email\":\"redac@webdo.tn\",\"legalName\":\"YNJ SARL\",\"foundingDate\":\"2010-09-06\",\"numberOfEmployees\":{\"@type\":\"QuantitativeValue\",\"minValue\":\"11\",\"maxValue\":\"50\"}},{\"@type\":\"Person\",\"@id\":\"https:\\\/\\\/www.webdo.tn\\\/fr\\\/#\\\/schema\\\/person\\\/f35b42a42c5e2511bbd282959d6385cc\",\"name\":\"CL\",\"image\":{\"@type\":\"ImageObject\",\"inLanguage\":\"fr-FR\",\"@id\":\"https:\\\/\\\/secure.gravatar.com\\\/avatar\\\/1447a49909b67aa657c488aec6512e1dd6143a480c1ecfee9b5b5cd74eb3b59e?s=96&d=mm&r=g\",\"url\":\"https:\\\/\\\/secure.gravatar.com\\\/avatar\\\/1447a49909b67aa657c488aec6512e1dd6143a480c1ecfee9b5b5cd74eb3b59e?s=96&d=mm&r=g\",\"contentUrl\":\"https:\\\/\\\/secure.gravatar.com\\\/avatar\\\/1447a49909b67aa657c488aec6512e1dd6143a480c1ecfee9b5b5cd74eb3b59e?s=96&d=mm&r=g\",\"caption\":\"CL\"},\"url\":\"https:\\\/\\\/www.webdo.tn\\\/fr\\\/actualite\\\/author\\\/cl\\\/\"}]}<\/script>\n<!-- \/ Yoast SEO Premium plugin. -->","yoast_head_json":{"title":"Temp\u00e9ratures en hausse : Samedi, des records attendus \u00e0 Tunis et Thala","description":"Les temp\u00e9ratures enregistr\u00e9es depuis le d\u00e9but de la semaine en cours, sont nettement sup\u00e9rieures aux normales et aux moyennes saisonni\u00e8res pour le mois d\u2019avril...","canonical":"https:\/\/www.webdo.tn\/fr\/actualite\/national\/temperatures-en-hausse-samedi-des-records-attendus-a-tunis-et-thala\/205224\/","og_locale":"fr_FR","og_type":"article","og_title":"Temp\u00e9ratures en hausse : Samedi, des records attendus \u00e0 Tunis et Thala","og_description":"Les temp\u00e9ratures enregistr\u00e9es depuis le d\u00e9but de la semaine en cours, sont nettement sup\u00e9rieures aux normales et aux moyennes saisonni\u00e8res pour le mois d\u2019avril...","og_url":"https:\/\/www.webdo.tn\/fr\/actualite\/national\/temperatures-en-hausse-samedi-des-records-attendus-a-tunis-et-thala\/205224\/","og_site_name":"webdo","article_publisher":"https:\/\/www.facebook.com\/webdotn","article_published_time":"2023-04-27T18:50:00+00:00","article_modified_time":"2025-05-20T22:43:48+00:00","og_image":[{"width":750,"height":400,"url":"https:\/\/www.webdo.tn\/fr\/wp-content\/uploads\/2023\/04\/624946d62ef623069f99e1ef9a31567b.png","type":"image\/png"}],"author":"CL","twitter_card":"summary_large_image","twitter_creator":"@webdo_tn","twitter_site":"@webdo_tn","twitter_misc":{"\u00c9crit par":"CL","Dur\u00e9e de lecture estim\u00e9e":"1 minute"},"schema":{"@context":"https:\/\/schema.org","@graph":[{"@type":"NewsArticle","@id":"https:\/\/www.webdo.tn\/fr\/actualite\/national\/temperatures-en-hausse-samedi-des-records-attendus-a-tunis-et-thala\/205224\/#article","isPartOf":{"@id":"https:\/\/www.webdo.tn\/fr\/actualite\/national\/temperatures-en-hausse-samedi-des-records-attendus-a-tunis-et-thala\/205224\/"},"author":{"name":"CL","@id":"https:\/\/www.webdo.tn\/fr\/#\/schema\/person\/f35b42a42c5e2511bbd282959d6385cc"},"headline":"Temp\u00e9ratures en hausse : Samedi, des records attendus \u00e0 Tunis et Thala","datePublished":"2023-04-27T18:50:00+00:00","dateModified":"2025-05-20T22:43:48+00:00","mainEntityOfPage":{"@id":"https:\/\/www.webdo.tn\/fr\/actualite\/national\/temperatures-en-hausse-samedi-des-records-attendus-a-tunis-et-thala\/205224\/"},"wordCount":249,"commentCount":0,"publisher":{"@id":"https:\/\/www.webdo.tn\/fr\/#organization"},"image":{"@id":"https:\/\/www.webdo.tn\/fr\/actualite\/national\/temperatures-en-hausse-samedi-des-records-attendus-a-tunis-et-thala\/205224\/#primaryimage"},"thumbnailUrl":"https:\/\/www.webdo.tn\/fr\/wp-content\/uploads\/2023\/04\/624946d62ef623069f99e1ef9a31567b.png","keywords":["Canicule","chaleur","Tunis","Tunisie"],"articleSection":["National"],"inLanguage":"fr-FR"},{"@type":"WebPage","@id":"https:\/\/www.webdo.tn\/fr\/actualite\/national\/temperatures-en-hausse-samedi-des-records-attendus-a-tunis-et-thala\/205224\/","url":"https:\/\/www.webdo.tn\/fr\/actualite\/national\/temperatures-en-hausse-samedi-des-records-attendus-a-tunis-et-thala\/205224\/","name":"Temp\u00e9ratures en hausse : Samedi, des records attendus \u00e0 Tunis et Thala","isPartOf":{"@id":"https:\/\/www.webdo.tn\/fr\/#website"},"primaryImageOfPage":{"@id":"https:\/\/www.webdo.tn\/fr\/actualite\/national\/temperatures-en-hausse-samedi-des-records-attendus-a-tunis-et-thala\/205224\/#primaryimage"},"image":{"@id":"https:\/\/www.webdo.tn\/fr\/actualite\/national\/temperatures-en-hausse-samedi-des-records-attendus-a-tunis-et-thala\/205224\/#primaryimage"},"thumbnailUrl":"https:\/\/www.webdo.tn\/fr\/wp-content\/uploads\/2023\/04\/624946d62ef623069f99e1ef9a31567b.png","datePublished":"2023-04-27T18:50:00+00:00","dateModified":"2025-05-20T22:43:48+00:00","description":"Les temp\u00e9ratures enregistr\u00e9es depuis le d\u00e9but de la semaine en cours, sont nettement sup\u00e9rieures aux normales et aux moyennes saisonni\u00e8res pour le mois d\u2019avril...","breadcrumb":{"@id":"https:\/\/www.webdo.tn\/fr\/actualite\/national\/temperatures-en-hausse-samedi-des-records-attendus-a-tunis-et-thala\/205224\/#breadcrumb"},"inLanguage":"fr-FR","potentialAction":[{"@type":"ReadAction","target":["https:\/\/www.webdo.tn\/fr\/actualite\/national\/temperatures-en-hausse-samedi-des-records-attendus-a-tunis-et-thala\/205224\/"]}]},{"@type":"ImageObject","inLanguage":"fr-FR","@id":"https:\/\/www.webdo.tn\/fr\/actualite\/national\/temperatures-en-hausse-samedi-des-records-attendus-a-tunis-et-thala\/205224\/#primaryimage","url":"https:\/\/www.webdo.tn\/fr\/wp-content\/uploads\/2023\/04\/624946d62ef623069f99e1ef9a31567b.png","contentUrl":"https:\/\/www.webdo.tn\/fr\/wp-content\/uploads\/2023\/04\/624946d62ef623069f99e1ef9a31567b.png","width":750,"height":400,"caption":"Canicule Tunisie"},{"@type":"BreadcrumbList","@id":"https:\/\/www.webdo.tn\/fr\/actualite\/national\/temperatures-en-hausse-samedi-des-records-attendus-a-tunis-et-thala\/205224\/#breadcrumb","itemListElement":[{"@type":"ListItem","position":1,"name":"Accueil","item":"https:\/\/www.webdo.tn\/fr\/"},{"@type":"ListItem","position":2,"name":"Temp\u00e9ratures en hausse : Samedi, des records attendus \u00e0 Tunis et Thala"}]},{"@type":"WebSite","@id":"https:\/\/www.webdo.tn\/fr\/#website","url":"https:\/\/www.webdo.tn\/fr\/","name":"webdo","description":"Tunisie - News en Tunisie et \u00e0 l&#039;international sur Webdo.tn","publisher":{"@id":"https:\/\/www.webdo.tn\/fr\/#organization"},"potentialAction":[{"@type":"SearchAction","target":{"@type":"EntryPoint","urlTemplate":"https:\/\/www.webdo.tn\/fr\/?s={search_term_string}"},"query-input":{"@type":"PropertyValueSpecification","valueRequired":true,"valueName":"search_term_string"}}],"inLanguage":"fr-FR"},{"@type":"Organization","@id":"https:\/\/www.webdo.tn\/fr\/#organization","name":"Webdo","alternateName":"Webdo.tn","url":"https:\/\/www.webdo.tn\/fr\/","logo":{"@type":"ImageObject","inLanguage":"fr-FR","@id":"https:\/\/www.webdo.tn\/fr\/#\/schema\/logo\/image\/","url":"https:\/\/www.webdo.tn\/fr\/wp-content\/uploads\/2025\/06\/Webdo-Tunisie_168377.jpg","contentUrl":"https:\/\/www.webdo.tn\/fr\/wp-content\/uploads\/2025\/06\/Webdo-Tunisie_168377.jpg","width":301,"height":301,"caption":"Webdo"},"image":{"@id":"https:\/\/www.webdo.tn\/fr\/#\/schema\/logo\/image\/"},"sameAs":["https:\/\/www.facebook.com\/webdotn","https:\/\/x.com\/webdo_tn"],"description":"Webdo est un m\u00e9dia num\u00e9rique tunisien fond\u00e9 en 2010, sp\u00e9cialis\u00e9 dans l\u2019actualit\u00e9 nationale et internationale, l\u2019\u00e9conomie, la soci\u00e9t\u00e9 et les analyses politiques. Le site s\u2019adresse \u00e0 un large public francophone et couvre l\u2019information tunisienne en temps r\u00e9el.","email":"redac@webdo.tn","legalName":"YNJ SARL","foundingDate":"2010-09-06","numberOfEmployees":{"@type":"QuantitativeValue","minValue":"11","maxValue":"50"}},{"@type":"Person","@id":"https:\/\/www.webdo.tn\/fr\/#\/schema\/person\/f35b42a42c5e2511bbd282959d6385cc","name":"CL","image":{"@type":"ImageObject","inLanguage":"fr-FR","@id":"https:\/\/secure.gravatar.com\/avatar\/1447a49909b67aa657c488aec6512e1dd6143a480c1ecfee9b5b5cd74eb3b59e?s=96&d=mm&r=g","url":"https:\/\/secure.gravatar.com\/avatar\/1447a49909b67aa657c488aec6512e1dd6143a480c1ecfee9b5b5cd74eb3b59e?s=96&d=mm&r=g","contentUrl":"https:\/\/secure.gravatar.com\/avatar\/1447a49909b67aa657c488aec6512e1dd6143a480c1ecfee9b5b5cd74eb3b59e?s=96&d=mm&r=g","caption":"CL"},"url":"https:\/\/www.webdo.tn\/fr\/actualite\/author\/cl\/"}]}},"_links":{"self":[{"href":"https:\/\/www.webdo.tn\/fr\/wp-json\/wp\/v2\/posts\/205224","targetHints":{"allow":["GET"]}}],"collection":[{"href":"https:\/\/www.webdo.tn\/fr\/wp-json\/wp\/v2\/posts"}],"about":[{"href":"https:\/\/www.webdo.tn\/fr\/wp-json\/wp\/v2\/types\/post"}],"author":[{"embeddable":true,"href":"https:\/\/www.webdo.tn\/fr\/wp-json\/wp\/v2\/users\/3175"}],"replies":[{"embeddable":true,"href":"https:\/\/www.webdo.tn\/fr\/wp-json\/wp\/v2\/comments?post=205224"}],"version-history":[{"count":0,"href":"https:\/\/www.webdo.tn\/fr\/wp-json\/wp\/v2\/posts\/205224\/revisions"}],"wp:featuredmedia":[{"embeddable":true,"href":"https:\/\/www.webdo.tn\/fr\/wp-json\/wp\/v2\/media\/251304"}],"wp:attachment":[{"href":"https:\/\/www.webdo.tn\/fr\/wp-json\/wp\/v2\/media?parent=205224"}],"wp:term":[{"taxonomy":"category","embeddable":true,"href":"https:\/\/www.webdo.tn\/fr\/wp-json\/wp\/v2\/categories?post=205224"},{"taxonomy":"post_tag","embeddable":true,"href":"https:\/\/www.webdo.tn\/fr\/wp-json\/wp\/v2\/tags?post=205224"}],"curies":[{"name":"wp","href":"https:\/\/api.w.org\/{rel}","templated":true}]}}