{"id":205210,"date":"2023-04-27T11:41:00","date_gmt":"2023-04-27T11:41:00","guid":{"rendered":"https:\/\/www.webdo.tn\/fr\/blog\/la-commissaire-europeenne-ylva-johansson-attendue-aujourd-hui-en-tunisie\/205210\/"},"modified":"2025-05-20T22:08:44","modified_gmt":"2025-05-20T22:08:44","slug":"la-commissaire-europeenne-ylva-johansson-attendue-aujourd-hui-en-tunisie","status":"publish","type":"post","link":"https:\/\/www.webdo.tn\/fr\/actualite\/national\/la-commissaire-europeenne-ylva-johansson-attendue-aujourd-hui-en-tunisie\/205210\/","title":{"rendered":"La commissaire europ\u00e9enne Ylva Johansson attendue aujourd\u2019hui en Tunisie"},"content":{"rendered":"<p>La commissaire europ\u00e9enne aux Affaires int\u00e9rieures, Ylva Johansson, est attendue aujourd&rsquo;hui, jeudi 27 avril 2023, en Tunisie pour une visite officielle.<\/p>\n<p>\t\t\t\t\t\t\t\t\tSa visite, programm\u00e9e depuis longtemps devrait \u00eatre ax\u00e9e sur la question migratoire. Ylva Johansson aurait d\u00fb \u00eatre accompagn\u00e9e par les ministres de l\u2019Int\u00e9rieur Matteo Piantedosi (Italie), G\u00e9rald Darmanin (France) et Nancy Faeser (Allemagne). Mais la visite des trois ministres de l\u2019Int\u00e9rieur a \u00e9t\u00e9 annul\u00e9e.<\/p>\n<p>A Tunis, Yvla Johansson devrait s&rsquo;entretenir avec le ministre de l&rsquo;Int\u00e9rieur Kamal Fekih sur la lutte contre la migration irr\u00e9guli\u00e8re et la coop\u00e9ration dans le domaine de la s\u00e9curit\u00e9.<\/p>\n<p>Sur la question migratoire il s\u2019agira de trouver un moyen d\u2019endiguer le flux de migrants en provenance de Tunisie. L&rsquo;objectif recherch\u00e9 sera de coop\u00e9rer avec la Tunisie afin de limiter les d\u00e9parts et de faire en sorte que les rapatriements soient facilit\u00e9s.<\/p>\n<p>Par ailleurs, le d\u00e9put\u00e9 Majdi Karbai, a affirm\u00e9 que l&rsquo;Union europ\u00e9enne avait d\u00e9cid\u00e9 de ne pas accorder d&rsquo;aide financi\u00e8re \u00e0 la Tunisie avant que celle-ci ne parvienne \u00e0 un accord avec le Fonds mon\u00e9taire international.<\/p>\n","protected":false},"excerpt":{"rendered":"<p>La commissaire europ\u00e9enne aux Affaires int\u00e9rieures, Ylva Johansson, est attendue aujourd&rsquo;hui, jeudi 27 avril 2023, en Tunisie pour une visite officielle.<\/p>\n","protected":false},"author":3162,"featured_media":278136,"comment_status":"open","ping_status":"closed","sticky":false,"template":"","format":"standard","meta":{"footnotes":""},"categories":[44],"tags":[2615,2608,2897,2896,9468],"class_list":["post-205210","post","type-post","status-publish","format-standard","has-post-thumbnail","hentry","category-national","tag-migration","tag-tunisie","tag-ue","tag-union-europeenne","tag-yvla-johansson"],"yoast_head":"<!-- This site is optimized with the Yoast SEO Premium plugin v27.4 (Yoast SEO v27.4) - https:\/\/yoast.com\/product\/yoast-seo-premium-wordpress\/ -->\n<title>La commissaire europ\u00e9enne Ylva Johansson attendue aujourd\u2019hui en Tunisie<\/title>\n<meta name=\"description\" content=\"La commissaire europ\u00e9enne aux Affaires int\u00e9rieures, Ylva Johansson, est attendue aujourd&#039;hui, jeudi 27 avril 2023, en Tunisie pour une visite officielle.\" \/>\n<link rel=\"canonical\" href=\"https:\/\/www.webdo.tn\/fr\/actualite\/national\/la-commissaire-europeenne-ylva-johansson-attendue-aujourd-hui-en-tunisie\/205210\/\" \/>\n<meta property=\"og:locale\" content=\"fr_FR\" \/>\n<meta property=\"og:type\" content=\"article\" \/>\n<meta property=\"og:title\" content=\"La commissaire europ\u00e9enne Ylva Johansson attendue aujourd\u2019hui en Tunisie\" \/>\n<meta property=\"og:description\" content=\"La commissaire europ\u00e9enne aux Affaires int\u00e9rieures, Ylva Johansson, est attendue aujourd&#039;hui, jeudi 27 avril 2023, en Tunisie pour une visite officielle.\" \/>\n<meta property=\"og:url\" content=\"https:\/\/www.webdo.tn\/fr\/actualite\/national\/la-commissaire-europeenne-ylva-johansson-attendue-aujourd-hui-en-tunisie\/205210\/\" \/>\n<meta property=\"og:site_name\" content=\"webdo\" \/>\n<meta property=\"article:publisher\" content=\"https:\/\/www.facebook.com\/webdotn\" \/>\n<meta property=\"article:published_time\" content=\"2023-04-27T11:41:00+00:00\" \/>\n<meta property=\"article:modified_time\" content=\"2025-05-20T22:08:44+00:00\" \/>\n<meta property=\"og:image\" content=\"https:\/\/www.webdo.tn\/fr\/wp-content\/uploads\/2023\/04\/316f22e31687b25c164ed0bd24428788.jpg\" \/>\n\t<meta property=\"og:image:width\" content=\"750\" \/>\n\t<meta property=\"og:image:height\" content=\"400\" \/>\n\t<meta property=\"og:image:type\" content=\"image\/jpeg\" \/>\n<meta name=\"author\" content=\"MC\" \/>\n<meta name=\"twitter:card\" content=\"summary_large_image\" \/>\n<meta name=\"twitter:creator\" content=\"@webdo_tn\" \/>\n<meta name=\"twitter:site\" content=\"@webdo_tn\" \/>\n<meta name=\"twitter:label1\" content=\"\u00c9crit par\" \/>\n\t<meta name=\"twitter:data1\" content=\"MC\" \/>\n\t<meta name=\"twitter:label2\" content=\"Dur\u00e9e de lecture estim\u00e9e\" \/>\n\t<meta name=\"twitter:data2\" content=\"1 minute\" \/>\n<script type=\"application\/ld+json\" class=\"yoast-schema-graph\">{\"@context\":\"https:\\\/\\\/schema.org\",\"@graph\":[{\"@type\":\"NewsArticle\",\"@id\":\"https:\\\/\\\/www.webdo.tn\\\/fr\\\/actualite\\\/national\\\/la-commissaire-europeenne-ylva-johansson-attendue-aujourd-hui-en-tunisie\\\/205210\\\/#article\",\"isPartOf\":{\"@id\":\"https:\\\/\\\/www.webdo.tn\\\/fr\\\/actualite\\\/national\\\/la-commissaire-europeenne-ylva-johansson-attendue-aujourd-hui-en-tunisie\\\/205210\\\/\"},\"author\":{\"name\":\"MC\",\"@id\":\"https:\\\/\\\/www.webdo.tn\\\/fr\\\/#\\\/schema\\\/person\\\/2c4929cbf5a809e3bd38617c6ce150f6\"},\"headline\":\"La commissaire europ\u00e9enne Ylva Johansson attendue aujourd\u2019hui en Tunisie\",\"datePublished\":\"2023-04-27T11:41:00+00:00\",\"dateModified\":\"2025-05-20T22:08:44+00:00\",\"mainEntityOfPage\":{\"@id\":\"https:\\\/\\\/www.webdo.tn\\\/fr\\\/actualite\\\/national\\\/la-commissaire-europeenne-ylva-johansson-attendue-aujourd-hui-en-tunisie\\\/205210\\\/\"},\"wordCount\":210,\"commentCount\":0,\"publisher\":{\"@id\":\"https:\\\/\\\/www.webdo.tn\\\/fr\\\/#organization\"},\"image\":{\"@id\":\"https:\\\/\\\/www.webdo.tn\\\/fr\\\/actualite\\\/national\\\/la-commissaire-europeenne-ylva-johansson-attendue-aujourd-hui-en-tunisie\\\/205210\\\/#primaryimage\"},\"thumbnailUrl\":\"https:\\\/\\\/www.webdo.tn\\\/fr\\\/wp-content\\\/uploads\\\/2023\\\/04\\\/316f22e31687b25c164ed0bd24428788.jpg\",\"keywords\":[\"Migration\",\"Tunisie\",\"UE\",\"Union europ\u00e9enne\",\"Yvla Johansson\"],\"articleSection\":[\"National\"],\"inLanguage\":\"fr-FR\"},{\"@type\":\"WebPage\",\"@id\":\"https:\\\/\\\/www.webdo.tn\\\/fr\\\/actualite\\\/national\\\/la-commissaire-europeenne-ylva-johansson-attendue-aujourd-hui-en-tunisie\\\/205210\\\/\",\"url\":\"https:\\\/\\\/www.webdo.tn\\\/fr\\\/actualite\\\/national\\\/la-commissaire-europeenne-ylva-johansson-attendue-aujourd-hui-en-tunisie\\\/205210\\\/\",\"name\":\"La commissaire europ\u00e9enne Ylva Johansson attendue aujourd\u2019hui en Tunisie\",\"isPartOf\":{\"@id\":\"https:\\\/\\\/www.webdo.tn\\\/fr\\\/#website\"},\"primaryImageOfPage\":{\"@id\":\"https:\\\/\\\/www.webdo.tn\\\/fr\\\/actualite\\\/national\\\/la-commissaire-europeenne-ylva-johansson-attendue-aujourd-hui-en-tunisie\\\/205210\\\/#primaryimage\"},\"image\":{\"@id\":\"https:\\\/\\\/www.webdo.tn\\\/fr\\\/actualite\\\/national\\\/la-commissaire-europeenne-ylva-johansson-attendue-aujourd-hui-en-tunisie\\\/205210\\\/#primaryimage\"},\"thumbnailUrl\":\"https:\\\/\\\/www.webdo.tn\\\/fr\\\/wp-content\\\/uploads\\\/2023\\\/04\\\/316f22e31687b25c164ed0bd24428788.jpg\",\"datePublished\":\"2023-04-27T11:41:00+00:00\",\"dateModified\":\"2025-05-20T22:08:44+00:00\",\"description\":\"La commissaire europ\u00e9enne aux Affaires int\u00e9rieures, Ylva Johansson, est attendue aujourd'hui, jeudi 27 avril 2023, en Tunisie pour une visite officielle.\",\"breadcrumb\":{\"@id\":\"https:\\\/\\\/www.webdo.tn\\\/fr\\\/actualite\\\/national\\\/la-commissaire-europeenne-ylva-johansson-attendue-aujourd-hui-en-tunisie\\\/205210\\\/#breadcrumb\"},\"inLanguage\":\"fr-FR\",\"potentialAction\":[{\"@type\":\"ReadAction\",\"target\":[\"https:\\\/\\\/www.webdo.tn\\\/fr\\\/actualite\\\/national\\\/la-commissaire-europeenne-ylva-johansson-attendue-aujourd-hui-en-tunisie\\\/205210\\\/\"]}]},{\"@type\":\"ImageObject\",\"inLanguage\":\"fr-FR\",\"@id\":\"https:\\\/\\\/www.webdo.tn\\\/fr\\\/actualite\\\/national\\\/la-commissaire-europeenne-ylva-johansson-attendue-aujourd-hui-en-tunisie\\\/205210\\\/#primaryimage\",\"url\":\"https:\\\/\\\/www.webdo.tn\\\/fr\\\/wp-content\\\/uploads\\\/2023\\\/04\\\/316f22e31687b25c164ed0bd24428788.jpg\",\"contentUrl\":\"https:\\\/\\\/www.webdo.tn\\\/fr\\\/wp-content\\\/uploads\\\/2023\\\/04\\\/316f22e31687b25c164ed0bd24428788.jpg\",\"width\":750,\"height\":400,\"caption\":\"La commissaire europ\u00e9enne Ylva Johansson attendue aujourd\u2019hui en Tunisie\"},{\"@type\":\"BreadcrumbList\",\"@id\":\"https:\\\/\\\/www.webdo.tn\\\/fr\\\/actualite\\\/national\\\/la-commissaire-europeenne-ylva-johansson-attendue-aujourd-hui-en-tunisie\\\/205210\\\/#breadcrumb\",\"itemListElement\":[{\"@type\":\"ListItem\",\"position\":1,\"name\":\"Accueil\",\"item\":\"https:\\\/\\\/www.webdo.tn\\\/fr\\\/\"},{\"@type\":\"ListItem\",\"position\":2,\"name\":\"La commissaire europ\u00e9enne Ylva Johansson attendue aujourd\u2019hui en Tunisie\"}]},{\"@type\":\"WebSite\",\"@id\":\"https:\\\/\\\/www.webdo.tn\\\/fr\\\/#website\",\"url\":\"https:\\\/\\\/www.webdo.tn\\\/fr\\\/\",\"name\":\"webdo\",\"description\":\"Tunisie - News en Tunisie et \u00e0 l&#039;international sur Webdo.tn\",\"publisher\":{\"@id\":\"https:\\\/\\\/www.webdo.tn\\\/fr\\\/#organization\"},\"potentialAction\":[{\"@type\":\"SearchAction\",\"target\":{\"@type\":\"EntryPoint\",\"urlTemplate\":\"https:\\\/\\\/www.webdo.tn\\\/fr\\\/?s={search_term_string}\"},\"query-input\":{\"@type\":\"PropertyValueSpecification\",\"valueRequired\":true,\"valueName\":\"search_term_string\"}}],\"inLanguage\":\"fr-FR\"},{\"@type\":\"Organization\",\"@id\":\"https:\\\/\\\/www.webdo.tn\\\/fr\\\/#organization\",\"name\":\"Webdo\",\"alternateName\":\"Webdo.tn\",\"url\":\"https:\\\/\\\/www.webdo.tn\\\/fr\\\/\",\"logo\":{\"@type\":\"ImageObject\",\"inLanguage\":\"fr-FR\",\"@id\":\"https:\\\/\\\/www.webdo.tn\\\/fr\\\/#\\\/schema\\\/logo\\\/image\\\/\",\"url\":\"https:\\\/\\\/www.webdo.tn\\\/fr\\\/wp-content\\\/uploads\\\/2025\\\/06\\\/Webdo-Tunisie_168377.jpg\",\"contentUrl\":\"https:\\\/\\\/www.webdo.tn\\\/fr\\\/wp-content\\\/uploads\\\/2025\\\/06\\\/Webdo-Tunisie_168377.jpg\",\"width\":301,\"height\":301,\"caption\":\"Webdo\"},\"image\":{\"@id\":\"https:\\\/\\\/www.webdo.tn\\\/fr\\\/#\\\/schema\\\/logo\\\/image\\\/\"},\"sameAs\":[\"https:\\\/\\\/www.facebook.com\\\/webdotn\",\"https:\\\/\\\/x.com\\\/webdo_tn\"],\"description\":\"Webdo est un m\u00e9dia num\u00e9rique tunisien fond\u00e9 en 2010, sp\u00e9cialis\u00e9 dans l\u2019actualit\u00e9 nationale et internationale, l\u2019\u00e9conomie, la soci\u00e9t\u00e9 et les analyses politiques. Le site s\u2019adresse \u00e0 un large public francophone et couvre l\u2019information tunisienne en temps r\u00e9el.\",\"email\":\"redac@webdo.tn\",\"legalName\":\"YNJ SARL\",\"foundingDate\":\"2010-09-06\",\"numberOfEmployees\":{\"@type\":\"QuantitativeValue\",\"minValue\":\"11\",\"maxValue\":\"50\"}},{\"@type\":\"Person\",\"@id\":\"https:\\\/\\\/www.webdo.tn\\\/fr\\\/#\\\/schema\\\/person\\\/2c4929cbf5a809e3bd38617c6ce150f6\",\"name\":\"MC\",\"image\":{\"@type\":\"ImageObject\",\"inLanguage\":\"fr-FR\",\"@id\":\"https:\\\/\\\/secure.gravatar.com\\\/avatar\\\/a545bbb6f84efdd5553dbbc2895e3ca8f1d12c5215e00a041c9670b54aa9b18a?s=96&d=mm&r=g\",\"url\":\"https:\\\/\\\/secure.gravatar.com\\\/avatar\\\/a545bbb6f84efdd5553dbbc2895e3ca8f1d12c5215e00a041c9670b54aa9b18a?s=96&d=mm&r=g\",\"contentUrl\":\"https:\\\/\\\/secure.gravatar.com\\\/avatar\\\/a545bbb6f84efdd5553dbbc2895e3ca8f1d12c5215e00a041c9670b54aa9b18a?s=96&d=mm&r=g\",\"caption\":\"MC\"},\"url\":\"https:\\\/\\\/www.webdo.tn\\\/fr\\\/actualite\\\/author\\\/mc\\\/\"}]}<\/script>\n<!-- \/ Yoast SEO Premium plugin. -->","yoast_head_json":{"title":"La commissaire europ\u00e9enne Ylva Johansson attendue aujourd\u2019hui en Tunisie","description":"La commissaire europ\u00e9enne aux Affaires int\u00e9rieures, Ylva Johansson, est attendue aujourd'hui, jeudi 27 avril 2023, en Tunisie pour une visite officielle.","canonical":"https:\/\/www.webdo.tn\/fr\/actualite\/national\/la-commissaire-europeenne-ylva-johansson-attendue-aujourd-hui-en-tunisie\/205210\/","og_locale":"fr_FR","og_type":"article","og_title":"La commissaire europ\u00e9enne Ylva Johansson attendue aujourd\u2019hui en Tunisie","og_description":"La commissaire europ\u00e9enne aux Affaires int\u00e9rieures, Ylva Johansson, est attendue aujourd'hui, jeudi 27 avril 2023, en Tunisie pour une visite officielle.","og_url":"https:\/\/www.webdo.tn\/fr\/actualite\/national\/la-commissaire-europeenne-ylva-johansson-attendue-aujourd-hui-en-tunisie\/205210\/","og_site_name":"webdo","article_publisher":"https:\/\/www.facebook.com\/webdotn","article_published_time":"2023-04-27T11:41:00+00:00","article_modified_time":"2025-05-20T22:08:44+00:00","og_image":[{"width":750,"height":400,"url":"https:\/\/www.webdo.tn\/fr\/wp-content\/uploads\/2023\/04\/316f22e31687b25c164ed0bd24428788.jpg","type":"image\/jpeg"}],"author":"MC","twitter_card":"summary_large_image","twitter_creator":"@webdo_tn","twitter_site":"@webdo_tn","twitter_misc":{"\u00c9crit par":"MC","Dur\u00e9e de lecture estim\u00e9e":"1 minute"},"schema":{"@context":"https:\/\/schema.org","@graph":[{"@type":"NewsArticle","@id":"https:\/\/www.webdo.tn\/fr\/actualite\/national\/la-commissaire-europeenne-ylva-johansson-attendue-aujourd-hui-en-tunisie\/205210\/#article","isPartOf":{"@id":"https:\/\/www.webdo.tn\/fr\/actualite\/national\/la-commissaire-europeenne-ylva-johansson-attendue-aujourd-hui-en-tunisie\/205210\/"},"author":{"name":"MC","@id":"https:\/\/www.webdo.tn\/fr\/#\/schema\/person\/2c4929cbf5a809e3bd38617c6ce150f6"},"headline":"La commissaire europ\u00e9enne Ylva Johansson attendue aujourd\u2019hui en Tunisie","datePublished":"2023-04-27T11:41:00+00:00","dateModified":"2025-05-20T22:08:44+00:00","mainEntityOfPage":{"@id":"https:\/\/www.webdo.tn\/fr\/actualite\/national\/la-commissaire-europeenne-ylva-johansson-attendue-aujourd-hui-en-tunisie\/205210\/"},"wordCount":210,"commentCount":0,"publisher":{"@id":"https:\/\/www.webdo.tn\/fr\/#organization"},"image":{"@id":"https:\/\/www.webdo.tn\/fr\/actualite\/national\/la-commissaire-europeenne-ylva-johansson-attendue-aujourd-hui-en-tunisie\/205210\/#primaryimage"},"thumbnailUrl":"https:\/\/www.webdo.tn\/fr\/wp-content\/uploads\/2023\/04\/316f22e31687b25c164ed0bd24428788.jpg","keywords":["Migration","Tunisie","UE","Union europ\u00e9enne","Yvla Johansson"],"articleSection":["National"],"inLanguage":"fr-FR"},{"@type":"WebPage","@id":"https:\/\/www.webdo.tn\/fr\/actualite\/national\/la-commissaire-europeenne-ylva-johansson-attendue-aujourd-hui-en-tunisie\/205210\/","url":"https:\/\/www.webdo.tn\/fr\/actualite\/national\/la-commissaire-europeenne-ylva-johansson-attendue-aujourd-hui-en-tunisie\/205210\/","name":"La commissaire europ\u00e9enne Ylva Johansson attendue aujourd\u2019hui en Tunisie","isPartOf":{"@id":"https:\/\/www.webdo.tn\/fr\/#website"},"primaryImageOfPage":{"@id":"https:\/\/www.webdo.tn\/fr\/actualite\/national\/la-commissaire-europeenne-ylva-johansson-attendue-aujourd-hui-en-tunisie\/205210\/#primaryimage"},"image":{"@id":"https:\/\/www.webdo.tn\/fr\/actualite\/national\/la-commissaire-europeenne-ylva-johansson-attendue-aujourd-hui-en-tunisie\/205210\/#primaryimage"},"thumbnailUrl":"https:\/\/www.webdo.tn\/fr\/wp-content\/uploads\/2023\/04\/316f22e31687b25c164ed0bd24428788.jpg","datePublished":"2023-04-27T11:41:00+00:00","dateModified":"2025-05-20T22:08:44+00:00","description":"La commissaire europ\u00e9enne aux Affaires int\u00e9rieures, Ylva Johansson, est attendue aujourd'hui, jeudi 27 avril 2023, en Tunisie pour une visite officielle.","breadcrumb":{"@id":"https:\/\/www.webdo.tn\/fr\/actualite\/national\/la-commissaire-europeenne-ylva-johansson-attendue-aujourd-hui-en-tunisie\/205210\/#breadcrumb"},"inLanguage":"fr-FR","potentialAction":[{"@type":"ReadAction","target":["https:\/\/www.webdo.tn\/fr\/actualite\/national\/la-commissaire-europeenne-ylva-johansson-attendue-aujourd-hui-en-tunisie\/205210\/"]}]},{"@type":"ImageObject","inLanguage":"fr-FR","@id":"https:\/\/www.webdo.tn\/fr\/actualite\/national\/la-commissaire-europeenne-ylva-johansson-attendue-aujourd-hui-en-tunisie\/205210\/#primaryimage","url":"https:\/\/www.webdo.tn\/fr\/wp-content\/uploads\/2023\/04\/316f22e31687b25c164ed0bd24428788.jpg","contentUrl":"https:\/\/www.webdo.tn\/fr\/wp-content\/uploads\/2023\/04\/316f22e31687b25c164ed0bd24428788.jpg","width":750,"height":400,"caption":"La commissaire europ\u00e9enne Ylva Johansson attendue aujourd\u2019hui en Tunisie"},{"@type":"BreadcrumbList","@id":"https:\/\/www.webdo.tn\/fr\/actualite\/national\/la-commissaire-europeenne-ylva-johansson-attendue-aujourd-hui-en-tunisie\/205210\/#breadcrumb","itemListElement":[{"@type":"ListItem","position":1,"name":"Accueil","item":"https:\/\/www.webdo.tn\/fr\/"},{"@type":"ListItem","position":2,"name":"La commissaire europ\u00e9enne Ylva Johansson attendue aujourd\u2019hui en Tunisie"}]},{"@type":"WebSite","@id":"https:\/\/www.webdo.tn\/fr\/#website","url":"https:\/\/www.webdo.tn\/fr\/","name":"webdo","description":"Tunisie - News en Tunisie et \u00e0 l&#039;international sur Webdo.tn","publisher":{"@id":"https:\/\/www.webdo.tn\/fr\/#organization"},"potentialAction":[{"@type":"SearchAction","target":{"@type":"EntryPoint","urlTemplate":"https:\/\/www.webdo.tn\/fr\/?s={search_term_string}"},"query-input":{"@type":"PropertyValueSpecification","valueRequired":true,"valueName":"search_term_string"}}],"inLanguage":"fr-FR"},{"@type":"Organization","@id":"https:\/\/www.webdo.tn\/fr\/#organization","name":"Webdo","alternateName":"Webdo.tn","url":"https:\/\/www.webdo.tn\/fr\/","logo":{"@type":"ImageObject","inLanguage":"fr-FR","@id":"https:\/\/www.webdo.tn\/fr\/#\/schema\/logo\/image\/","url":"https:\/\/www.webdo.tn\/fr\/wp-content\/uploads\/2025\/06\/Webdo-Tunisie_168377.jpg","contentUrl":"https:\/\/www.webdo.tn\/fr\/wp-content\/uploads\/2025\/06\/Webdo-Tunisie_168377.jpg","width":301,"height":301,"caption":"Webdo"},"image":{"@id":"https:\/\/www.webdo.tn\/fr\/#\/schema\/logo\/image\/"},"sameAs":["https:\/\/www.facebook.com\/webdotn","https:\/\/x.com\/webdo_tn"],"description":"Webdo est un m\u00e9dia num\u00e9rique tunisien fond\u00e9 en 2010, sp\u00e9cialis\u00e9 dans l\u2019actualit\u00e9 nationale et internationale, l\u2019\u00e9conomie, la soci\u00e9t\u00e9 et les analyses politiques. Le site s\u2019adresse \u00e0 un large public francophone et couvre l\u2019information tunisienne en temps r\u00e9el.","email":"redac@webdo.tn","legalName":"YNJ SARL","foundingDate":"2010-09-06","numberOfEmployees":{"@type":"QuantitativeValue","minValue":"11","maxValue":"50"}},{"@type":"Person","@id":"https:\/\/www.webdo.tn\/fr\/#\/schema\/person\/2c4929cbf5a809e3bd38617c6ce150f6","name":"MC","image":{"@type":"ImageObject","inLanguage":"fr-FR","@id":"https:\/\/secure.gravatar.com\/avatar\/a545bbb6f84efdd5553dbbc2895e3ca8f1d12c5215e00a041c9670b54aa9b18a?s=96&d=mm&r=g","url":"https:\/\/secure.gravatar.com\/avatar\/a545bbb6f84efdd5553dbbc2895e3ca8f1d12c5215e00a041c9670b54aa9b18a?s=96&d=mm&r=g","contentUrl":"https:\/\/secure.gravatar.com\/avatar\/a545bbb6f84efdd5553dbbc2895e3ca8f1d12c5215e00a041c9670b54aa9b18a?s=96&d=mm&r=g","caption":"MC"},"url":"https:\/\/www.webdo.tn\/fr\/actualite\/author\/mc\/"}]}},"_links":{"self":[{"href":"https:\/\/www.webdo.tn\/fr\/wp-json\/wp\/v2\/posts\/205210","targetHints":{"allow":["GET"]}}],"collection":[{"href":"https:\/\/www.webdo.tn\/fr\/wp-json\/wp\/v2\/posts"}],"about":[{"href":"https:\/\/www.webdo.tn\/fr\/wp-json\/wp\/v2\/types\/post"}],"author":[{"embeddable":true,"href":"https:\/\/www.webdo.tn\/fr\/wp-json\/wp\/v2\/users\/3162"}],"replies":[{"embeddable":true,"href":"https:\/\/www.webdo.tn\/fr\/wp-json\/wp\/v2\/comments?post=205210"}],"version-history":[{"count":0,"href":"https:\/\/www.webdo.tn\/fr\/wp-json\/wp\/v2\/posts\/205210\/revisions"}],"wp:featuredmedia":[{"embeddable":true,"href":"https:\/\/www.webdo.tn\/fr\/wp-json\/wp\/v2\/media\/278136"}],"wp:attachment":[{"href":"https:\/\/www.webdo.tn\/fr\/wp-json\/wp\/v2\/media?parent=205210"}],"wp:term":[{"taxonomy":"category","embeddable":true,"href":"https:\/\/www.webdo.tn\/fr\/wp-json\/wp\/v2\/categories?post=205210"},{"taxonomy":"post_tag","embeddable":true,"href":"https:\/\/www.webdo.tn\/fr\/wp-json\/wp\/v2\/tags?post=205210"}],"curies":[{"name":"wp","href":"https:\/\/api.w.org\/{rel}","templated":true}]}}