{"id":205203,"date":"2023-04-27T09:31:00","date_gmt":"2023-04-27T09:31:00","guid":{"rendered":"https:\/\/www.webdo.tn\/fr\/blog\/l-onu-a-la-37eme-edition-de-la-foire-internationale-du-livre-de-tunis\/205203\/"},"modified":"2025-05-20T22:08:42","modified_gmt":"2025-05-20T22:08:42","slug":"l-onu-a-la-37eme-edition-de-la-foire-internationale-du-livre-de-tunis","status":"publish","type":"post","link":"https:\/\/www.webdo.tn\/fr\/actualite\/culture\/l-onu-a-la-37eme-edition-de-la-foire-internationale-du-livre-de-tunis\/205203\/","title":{"rendered":"L\u2019ONU \u00e0 la 37\u00e8me \u00e9dition de la Foire Internationale du Livre de Tunis"},"content":{"rendered":"<p>L\u2019Organisation des Nations unies va participer \u00e0 la 37e \u00e9dition de la Foire internationale du livre qui se tiendra au Palais des expositions du Kram, \u00e0 Tunis, du 28 avril au 7 mai 2023.<\/p>\n<p>\t\t\t\t\t\t\t\t\tCet \u00e9v\u00e9nement culturel de grande envergure offrira au large public une occasion privil\u00e9gi\u00e9e pour d\u00e9couvrir les r\u00e9centes publications des Nations unies et s\u2019informer sur ses mandats et ses r\u00e9alisations.<\/p>\n<p>16 agences, programmes et fonds des Nations unies en Tunisie prendront part \u00e0 la Foire internationale du livre. Plus de 60 activit\u00e9s seront propos\u00e9es \u00e0 toutes les cat\u00e9gories d\u2019\u00e2ge et couvriront des th\u00e9matiques tels que les droits humains, les droits des enfants, des r\u00e9fugi\u00e9s, des migrants, des femmes et des personnes ayant des besoins sp\u00e9cifiques.<\/p>\n<p>La programmation inclura entre autres des conf\u00e9rences, des spectacles de danse, des pi\u00e8ces de th\u00e9\u00e2tre, un atelier de cuisine du monde, un potager, une exposition en art digital, une biblioth\u00e8que humaine, des projections de films et des jeux et animations pour tout type de public.<\/p>\n<p>Les agences onusiennes mettront en avant les projets r\u00e9alis\u00e9s au niveau national qui r\u00e9pondent aux priorit\u00e9s strat\u00e9giques d\u00e9finies dans le \u00ab Cadre de coop\u00e9ration des Nations Unies pour le d\u00e9veloppement durable (UNSDCF) pendant la p\u00e9riode 2021-2025. Ces actions visent \u00e0 contribuer au d\u00e9veloppement national et appuyer les populations les plus d\u00e9favoris\u00e9es pour \u00ab ne laisser personne de c\u00f4t\u00e9 \u00bb.<\/p>\n<p>Par ailleurs, la foire internationale du livre sera \u00e9galement une opportunit\u00e9 pour c\u00e9l\u00e9brer le 75\u00e8me anniversaire de la D\u00e9claration universelle des droits de l\u2019homme (DUDH). Les NU en Tunisie se joindront \u00e0 l\u2019initiative mondiale \u00ab DUDH 75 \u00bb pour promouvoir les valeurs humaines qu\u2019elle incarne et leur ad\u00e9quation avec les besoins de notre \u00e9poque.<\/p>\n","protected":false},"excerpt":{"rendered":"<p>L\u2019Organisation des Nations unies va participer \u00e0 la 37e \u00e9dition de la Foire internationale du livre qui se tiendra au Palais des expositions du Kram, \u00e0 Tunis, d&#8230;<\/p>\n","protected":false},"author":3162,"featured_media":278125,"comment_status":"open","ping_status":"closed","sticky":false,"template":"","format":"standard","meta":{"footnotes":""},"categories":[2594],"tags":[6588,3296],"class_list":["post-205203","post","type-post","status-publish","format-standard","has-post-thumbnail","hentry","category-culture","tag-foire-du-livre","tag-onu"],"yoast_head":"<!-- This site is optimized with the Yoast SEO Premium plugin v27.5 (Yoast SEO v27.5) - https:\/\/yoast.com\/product\/yoast-seo-premium-wordpress\/ -->\n<title>L\u2019ONU \u00e0 la 37\u00e8me \u00e9dition de la Foire Internationale du Livre de Tunis<\/title>\n<meta name=\"description\" content=\"L\u2019Organisation des Nations unies va participer \u00e0 la 37e \u00e9dition de la Foire internationale du livre qui se tiendra au Palais des expositions du Kram, \u00e0 Tunis, d...\" \/>\n<link rel=\"canonical\" href=\"https:\/\/www.webdo.tn\/fr\/actualite\/culture\/l-onu-a-la-37eme-edition-de-la-foire-internationale-du-livre-de-tunis\/205203\/\" \/>\n<meta property=\"og:locale\" content=\"fr_FR\" \/>\n<meta property=\"og:type\" content=\"article\" \/>\n<meta property=\"og:title\" content=\"L\u2019ONU \u00e0 la 37\u00e8me \u00e9dition de la Foire Internationale du Livre de Tunis\" \/>\n<meta property=\"og:description\" content=\"L\u2019Organisation des Nations unies va participer \u00e0 la 37e \u00e9dition de la Foire internationale du livre qui se tiendra au Palais des expositions du Kram, \u00e0 Tunis, d...\" \/>\n<meta property=\"og:url\" content=\"https:\/\/www.webdo.tn\/fr\/actualite\/culture\/l-onu-a-la-37eme-edition-de-la-foire-internationale-du-livre-de-tunis\/205203\/\" \/>\n<meta property=\"og:site_name\" content=\"webdo\" \/>\n<meta property=\"article:publisher\" content=\"https:\/\/www.facebook.com\/webdotn\" \/>\n<meta property=\"article:published_time\" content=\"2023-04-27T09:31:00+00:00\" \/>\n<meta property=\"article:modified_time\" content=\"2025-05-20T22:08:42+00:00\" \/>\n<meta property=\"og:image\" content=\"https:\/\/www.webdo.tn\/fr\/wp-content\/uploads\/2023\/04\/a27d951a78d03bb876a71b6629da64b3.png\" \/>\n\t<meta property=\"og:image:width\" content=\"750\" \/>\n\t<meta property=\"og:image:height\" content=\"400\" \/>\n\t<meta property=\"og:image:type\" content=\"image\/png\" \/>\n<meta name=\"author\" content=\"MC\" \/>\n<meta name=\"twitter:card\" content=\"summary_large_image\" \/>\n<meta name=\"twitter:creator\" content=\"@webdo_tn\" \/>\n<meta name=\"twitter:site\" content=\"@webdo_tn\" \/>\n<meta name=\"twitter:label1\" content=\"\u00c9crit par\" \/>\n\t<meta name=\"twitter:data1\" content=\"MC\" \/>\n\t<meta name=\"twitter:label2\" content=\"Dur\u00e9e de lecture estim\u00e9e\" \/>\n\t<meta name=\"twitter:data2\" content=\"1 minute\" \/>\n<script type=\"application\/ld+json\" class=\"yoast-schema-graph\">{\"@context\":\"https:\\\/\\\/schema.org\",\"@graph\":[{\"@type\":\"NewsArticle\",\"@id\":\"https:\\\/\\\/www.webdo.tn\\\/fr\\\/actualite\\\/culture\\\/l-onu-a-la-37eme-edition-de-la-foire-internationale-du-livre-de-tunis\\\/205203\\\/#article\",\"isPartOf\":{\"@id\":\"https:\\\/\\\/www.webdo.tn\\\/fr\\\/actualite\\\/culture\\\/l-onu-a-la-37eme-edition-de-la-foire-internationale-du-livre-de-tunis\\\/205203\\\/\"},\"author\":{\"name\":\"MC\",\"@id\":\"https:\\\/\\\/www.webdo.tn\\\/fr\\\/#\\\/schema\\\/person\\\/2c4929cbf5a809e3bd38617c6ce150f6\"},\"headline\":\"L\u2019ONU \u00e0 la 37\u00e8me \u00e9dition de la Foire Internationale du Livre de Tunis\",\"datePublished\":\"2023-04-27T09:31:00+00:00\",\"dateModified\":\"2025-05-20T22:08:42+00:00\",\"mainEntityOfPage\":{\"@id\":\"https:\\\/\\\/www.webdo.tn\\\/fr\\\/actualite\\\/culture\\\/l-onu-a-la-37eme-edition-de-la-foire-internationale-du-livre-de-tunis\\\/205203\\\/\"},\"wordCount\":312,\"commentCount\":0,\"publisher\":{\"@id\":\"https:\\\/\\\/www.webdo.tn\\\/fr\\\/#organization\"},\"image\":{\"@id\":\"https:\\\/\\\/www.webdo.tn\\\/fr\\\/actualite\\\/culture\\\/l-onu-a-la-37eme-edition-de-la-foire-internationale-du-livre-de-tunis\\\/205203\\\/#primaryimage\"},\"thumbnailUrl\":\"https:\\\/\\\/www.webdo.tn\\\/fr\\\/wp-content\\\/uploads\\\/2023\\\/04\\\/a27d951a78d03bb876a71b6629da64b3.png\",\"keywords\":[\"foire du livre\",\"ONU\"],\"articleSection\":[\"Culture\"],\"inLanguage\":\"fr-FR\"},{\"@type\":\"WebPage\",\"@id\":\"https:\\\/\\\/www.webdo.tn\\\/fr\\\/actualite\\\/culture\\\/l-onu-a-la-37eme-edition-de-la-foire-internationale-du-livre-de-tunis\\\/205203\\\/\",\"url\":\"https:\\\/\\\/www.webdo.tn\\\/fr\\\/actualite\\\/culture\\\/l-onu-a-la-37eme-edition-de-la-foire-internationale-du-livre-de-tunis\\\/205203\\\/\",\"name\":\"L\u2019ONU \u00e0 la 37\u00e8me \u00e9dition de la Foire Internationale du Livre de Tunis\",\"isPartOf\":{\"@id\":\"https:\\\/\\\/www.webdo.tn\\\/fr\\\/#website\"},\"primaryImageOfPage\":{\"@id\":\"https:\\\/\\\/www.webdo.tn\\\/fr\\\/actualite\\\/culture\\\/l-onu-a-la-37eme-edition-de-la-foire-internationale-du-livre-de-tunis\\\/205203\\\/#primaryimage\"},\"image\":{\"@id\":\"https:\\\/\\\/www.webdo.tn\\\/fr\\\/actualite\\\/culture\\\/l-onu-a-la-37eme-edition-de-la-foire-internationale-du-livre-de-tunis\\\/205203\\\/#primaryimage\"},\"thumbnailUrl\":\"https:\\\/\\\/www.webdo.tn\\\/fr\\\/wp-content\\\/uploads\\\/2023\\\/04\\\/a27d951a78d03bb876a71b6629da64b3.png\",\"datePublished\":\"2023-04-27T09:31:00+00:00\",\"dateModified\":\"2025-05-20T22:08:42+00:00\",\"description\":\"L\u2019Organisation des Nations unies va participer \u00e0 la 37e \u00e9dition de la Foire internationale du livre qui se tiendra au Palais des expositions du Kram, \u00e0 Tunis, d...\",\"breadcrumb\":{\"@id\":\"https:\\\/\\\/www.webdo.tn\\\/fr\\\/actualite\\\/culture\\\/l-onu-a-la-37eme-edition-de-la-foire-internationale-du-livre-de-tunis\\\/205203\\\/#breadcrumb\"},\"inLanguage\":\"fr-FR\",\"potentialAction\":[{\"@type\":\"ReadAction\",\"target\":[\"https:\\\/\\\/www.webdo.tn\\\/fr\\\/actualite\\\/culture\\\/l-onu-a-la-37eme-edition-de-la-foire-internationale-du-livre-de-tunis\\\/205203\\\/\"]}]},{\"@type\":\"ImageObject\",\"inLanguage\":\"fr-FR\",\"@id\":\"https:\\\/\\\/www.webdo.tn\\\/fr\\\/actualite\\\/culture\\\/l-onu-a-la-37eme-edition-de-la-foire-internationale-du-livre-de-tunis\\\/205203\\\/#primaryimage\",\"url\":\"https:\\\/\\\/www.webdo.tn\\\/fr\\\/wp-content\\\/uploads\\\/2023\\\/04\\\/a27d951a78d03bb876a71b6629da64b3.png\",\"contentUrl\":\"https:\\\/\\\/www.webdo.tn\\\/fr\\\/wp-content\\\/uploads\\\/2023\\\/04\\\/a27d951a78d03bb876a71b6629da64b3.png\",\"width\":750,\"height\":400,\"caption\":\"L\u2019ONU \u00e0 la 37\u00e8me \u00e9dition de la Foire Internationale du Livre de Tunis\"},{\"@type\":\"BreadcrumbList\",\"@id\":\"https:\\\/\\\/www.webdo.tn\\\/fr\\\/actualite\\\/culture\\\/l-onu-a-la-37eme-edition-de-la-foire-internationale-du-livre-de-tunis\\\/205203\\\/#breadcrumb\",\"itemListElement\":[{\"@type\":\"ListItem\",\"position\":1,\"name\":\"Accueil\",\"item\":\"https:\\\/\\\/www.webdo.tn\\\/fr\\\/\"},{\"@type\":\"ListItem\",\"position\":2,\"name\":\"L\u2019ONU \u00e0 la 37\u00e8me \u00e9dition de la Foire Internationale du Livre de Tunis\"}]},{\"@type\":\"WebSite\",\"@id\":\"https:\\\/\\\/www.webdo.tn\\\/fr\\\/#website\",\"url\":\"https:\\\/\\\/www.webdo.tn\\\/fr\\\/\",\"name\":\"webdo\",\"description\":\"Tunisie - News en Tunisie et \u00e0 l&#039;international sur Webdo.tn\",\"publisher\":{\"@id\":\"https:\\\/\\\/www.webdo.tn\\\/fr\\\/#organization\"},\"potentialAction\":[{\"@type\":\"SearchAction\",\"target\":{\"@type\":\"EntryPoint\",\"urlTemplate\":\"https:\\\/\\\/www.webdo.tn\\\/fr\\\/?s={search_term_string}\"},\"query-input\":{\"@type\":\"PropertyValueSpecification\",\"valueRequired\":true,\"valueName\":\"search_term_string\"}}],\"inLanguage\":\"fr-FR\"},{\"@type\":\"Organization\",\"@id\":\"https:\\\/\\\/www.webdo.tn\\\/fr\\\/#organization\",\"name\":\"Webdo\",\"alternateName\":\"Webdo.tn\",\"url\":\"https:\\\/\\\/www.webdo.tn\\\/fr\\\/\",\"logo\":{\"@type\":\"ImageObject\",\"inLanguage\":\"fr-FR\",\"@id\":\"https:\\\/\\\/www.webdo.tn\\\/fr\\\/#\\\/schema\\\/logo\\\/image\\\/\",\"url\":\"https:\\\/\\\/www.webdo.tn\\\/fr\\\/wp-content\\\/uploads\\\/2025\\\/06\\\/Webdo-Tunisie_168377.jpg\",\"contentUrl\":\"https:\\\/\\\/www.webdo.tn\\\/fr\\\/wp-content\\\/uploads\\\/2025\\\/06\\\/Webdo-Tunisie_168377.jpg\",\"width\":301,\"height\":301,\"caption\":\"Webdo\"},\"image\":{\"@id\":\"https:\\\/\\\/www.webdo.tn\\\/fr\\\/#\\\/schema\\\/logo\\\/image\\\/\"},\"sameAs\":[\"https:\\\/\\\/www.facebook.com\\\/webdotn\",\"https:\\\/\\\/x.com\\\/webdo_tn\"],\"description\":\"Webdo est un m\u00e9dia num\u00e9rique tunisien fond\u00e9 en 2010, sp\u00e9cialis\u00e9 dans l\u2019actualit\u00e9 nationale et internationale, l\u2019\u00e9conomie, la soci\u00e9t\u00e9 et les analyses politiques. Le site s\u2019adresse \u00e0 un large public francophone et couvre l\u2019information tunisienne en temps r\u00e9el.\",\"email\":\"redac@webdo.tn\",\"legalName\":\"YNJ SARL\",\"foundingDate\":\"2010-09-06\",\"numberOfEmployees\":{\"@type\":\"QuantitativeValue\",\"minValue\":\"11\",\"maxValue\":\"50\"}},{\"@type\":\"Person\",\"@id\":\"https:\\\/\\\/www.webdo.tn\\\/fr\\\/#\\\/schema\\\/person\\\/2c4929cbf5a809e3bd38617c6ce150f6\",\"name\":\"MC\",\"image\":{\"@type\":\"ImageObject\",\"inLanguage\":\"fr-FR\",\"@id\":\"https:\\\/\\\/secure.gravatar.com\\\/avatar\\\/a545bbb6f84efdd5553dbbc2895e3ca8f1d12c5215e00a041c9670b54aa9b18a?s=96&d=mm&r=g\",\"url\":\"https:\\\/\\\/secure.gravatar.com\\\/avatar\\\/a545bbb6f84efdd5553dbbc2895e3ca8f1d12c5215e00a041c9670b54aa9b18a?s=96&d=mm&r=g\",\"contentUrl\":\"https:\\\/\\\/secure.gravatar.com\\\/avatar\\\/a545bbb6f84efdd5553dbbc2895e3ca8f1d12c5215e00a041c9670b54aa9b18a?s=96&d=mm&r=g\",\"caption\":\"MC\"},\"url\":\"https:\\\/\\\/www.webdo.tn\\\/fr\\\/actualite\\\/author\\\/mc\\\/\"}]}<\/script>\n<!-- \/ Yoast SEO Premium plugin. -->","yoast_head_json":{"title":"L\u2019ONU \u00e0 la 37\u00e8me \u00e9dition de la Foire Internationale du Livre de Tunis","description":"L\u2019Organisation des Nations unies va participer \u00e0 la 37e \u00e9dition de la Foire internationale du livre qui se tiendra au Palais des expositions du Kram, \u00e0 Tunis, d...","canonical":"https:\/\/www.webdo.tn\/fr\/actualite\/culture\/l-onu-a-la-37eme-edition-de-la-foire-internationale-du-livre-de-tunis\/205203\/","og_locale":"fr_FR","og_type":"article","og_title":"L\u2019ONU \u00e0 la 37\u00e8me \u00e9dition de la Foire Internationale du Livre de Tunis","og_description":"L\u2019Organisation des Nations unies va participer \u00e0 la 37e \u00e9dition de la Foire internationale du livre qui se tiendra au Palais des expositions du Kram, \u00e0 Tunis, d...","og_url":"https:\/\/www.webdo.tn\/fr\/actualite\/culture\/l-onu-a-la-37eme-edition-de-la-foire-internationale-du-livre-de-tunis\/205203\/","og_site_name":"webdo","article_publisher":"https:\/\/www.facebook.com\/webdotn","article_published_time":"2023-04-27T09:31:00+00:00","article_modified_time":"2025-05-20T22:08:42+00:00","og_image":[{"width":750,"height":400,"url":"https:\/\/www.webdo.tn\/fr\/wp-content\/uploads\/2023\/04\/a27d951a78d03bb876a71b6629da64b3.png","type":"image\/png"}],"author":"MC","twitter_card":"summary_large_image","twitter_creator":"@webdo_tn","twitter_site":"@webdo_tn","twitter_misc":{"\u00c9crit par":"MC","Dur\u00e9e de lecture estim\u00e9e":"1 minute"},"schema":{"@context":"https:\/\/schema.org","@graph":[{"@type":"NewsArticle","@id":"https:\/\/www.webdo.tn\/fr\/actualite\/culture\/l-onu-a-la-37eme-edition-de-la-foire-internationale-du-livre-de-tunis\/205203\/#article","isPartOf":{"@id":"https:\/\/www.webdo.tn\/fr\/actualite\/culture\/l-onu-a-la-37eme-edition-de-la-foire-internationale-du-livre-de-tunis\/205203\/"},"author":{"name":"MC","@id":"https:\/\/www.webdo.tn\/fr\/#\/schema\/person\/2c4929cbf5a809e3bd38617c6ce150f6"},"headline":"L\u2019ONU \u00e0 la 37\u00e8me \u00e9dition de la Foire Internationale du Livre de Tunis","datePublished":"2023-04-27T09:31:00+00:00","dateModified":"2025-05-20T22:08:42+00:00","mainEntityOfPage":{"@id":"https:\/\/www.webdo.tn\/fr\/actualite\/culture\/l-onu-a-la-37eme-edition-de-la-foire-internationale-du-livre-de-tunis\/205203\/"},"wordCount":312,"commentCount":0,"publisher":{"@id":"https:\/\/www.webdo.tn\/fr\/#organization"},"image":{"@id":"https:\/\/www.webdo.tn\/fr\/actualite\/culture\/l-onu-a-la-37eme-edition-de-la-foire-internationale-du-livre-de-tunis\/205203\/#primaryimage"},"thumbnailUrl":"https:\/\/www.webdo.tn\/fr\/wp-content\/uploads\/2023\/04\/a27d951a78d03bb876a71b6629da64b3.png","keywords":["foire du livre","ONU"],"articleSection":["Culture"],"inLanguage":"fr-FR"},{"@type":"WebPage","@id":"https:\/\/www.webdo.tn\/fr\/actualite\/culture\/l-onu-a-la-37eme-edition-de-la-foire-internationale-du-livre-de-tunis\/205203\/","url":"https:\/\/www.webdo.tn\/fr\/actualite\/culture\/l-onu-a-la-37eme-edition-de-la-foire-internationale-du-livre-de-tunis\/205203\/","name":"L\u2019ONU \u00e0 la 37\u00e8me \u00e9dition de la Foire Internationale du Livre de Tunis","isPartOf":{"@id":"https:\/\/www.webdo.tn\/fr\/#website"},"primaryImageOfPage":{"@id":"https:\/\/www.webdo.tn\/fr\/actualite\/culture\/l-onu-a-la-37eme-edition-de-la-foire-internationale-du-livre-de-tunis\/205203\/#primaryimage"},"image":{"@id":"https:\/\/www.webdo.tn\/fr\/actualite\/culture\/l-onu-a-la-37eme-edition-de-la-foire-internationale-du-livre-de-tunis\/205203\/#primaryimage"},"thumbnailUrl":"https:\/\/www.webdo.tn\/fr\/wp-content\/uploads\/2023\/04\/a27d951a78d03bb876a71b6629da64b3.png","datePublished":"2023-04-27T09:31:00+00:00","dateModified":"2025-05-20T22:08:42+00:00","description":"L\u2019Organisation des Nations unies va participer \u00e0 la 37e \u00e9dition de la Foire internationale du livre qui se tiendra au Palais des expositions du Kram, \u00e0 Tunis, d...","breadcrumb":{"@id":"https:\/\/www.webdo.tn\/fr\/actualite\/culture\/l-onu-a-la-37eme-edition-de-la-foire-internationale-du-livre-de-tunis\/205203\/#breadcrumb"},"inLanguage":"fr-FR","potentialAction":[{"@type":"ReadAction","target":["https:\/\/www.webdo.tn\/fr\/actualite\/culture\/l-onu-a-la-37eme-edition-de-la-foire-internationale-du-livre-de-tunis\/205203\/"]}]},{"@type":"ImageObject","inLanguage":"fr-FR","@id":"https:\/\/www.webdo.tn\/fr\/actualite\/culture\/l-onu-a-la-37eme-edition-de-la-foire-internationale-du-livre-de-tunis\/205203\/#primaryimage","url":"https:\/\/www.webdo.tn\/fr\/wp-content\/uploads\/2023\/04\/a27d951a78d03bb876a71b6629da64b3.png","contentUrl":"https:\/\/www.webdo.tn\/fr\/wp-content\/uploads\/2023\/04\/a27d951a78d03bb876a71b6629da64b3.png","width":750,"height":400,"caption":"L\u2019ONU \u00e0 la 37\u00e8me \u00e9dition de la Foire Internationale du Livre de Tunis"},{"@type":"BreadcrumbList","@id":"https:\/\/www.webdo.tn\/fr\/actualite\/culture\/l-onu-a-la-37eme-edition-de-la-foire-internationale-du-livre-de-tunis\/205203\/#breadcrumb","itemListElement":[{"@type":"ListItem","position":1,"name":"Accueil","item":"https:\/\/www.webdo.tn\/fr\/"},{"@type":"ListItem","position":2,"name":"L\u2019ONU \u00e0 la 37\u00e8me \u00e9dition de la Foire Internationale du Livre de Tunis"}]},{"@type":"WebSite","@id":"https:\/\/www.webdo.tn\/fr\/#website","url":"https:\/\/www.webdo.tn\/fr\/","name":"webdo","description":"Tunisie - News en Tunisie et \u00e0 l&#039;international sur Webdo.tn","publisher":{"@id":"https:\/\/www.webdo.tn\/fr\/#organization"},"potentialAction":[{"@type":"SearchAction","target":{"@type":"EntryPoint","urlTemplate":"https:\/\/www.webdo.tn\/fr\/?s={search_term_string}"},"query-input":{"@type":"PropertyValueSpecification","valueRequired":true,"valueName":"search_term_string"}}],"inLanguage":"fr-FR"},{"@type":"Organization","@id":"https:\/\/www.webdo.tn\/fr\/#organization","name":"Webdo","alternateName":"Webdo.tn","url":"https:\/\/www.webdo.tn\/fr\/","logo":{"@type":"ImageObject","inLanguage":"fr-FR","@id":"https:\/\/www.webdo.tn\/fr\/#\/schema\/logo\/image\/","url":"https:\/\/www.webdo.tn\/fr\/wp-content\/uploads\/2025\/06\/Webdo-Tunisie_168377.jpg","contentUrl":"https:\/\/www.webdo.tn\/fr\/wp-content\/uploads\/2025\/06\/Webdo-Tunisie_168377.jpg","width":301,"height":301,"caption":"Webdo"},"image":{"@id":"https:\/\/www.webdo.tn\/fr\/#\/schema\/logo\/image\/"},"sameAs":["https:\/\/www.facebook.com\/webdotn","https:\/\/x.com\/webdo_tn"],"description":"Webdo est un m\u00e9dia num\u00e9rique tunisien fond\u00e9 en 2010, sp\u00e9cialis\u00e9 dans l\u2019actualit\u00e9 nationale et internationale, l\u2019\u00e9conomie, la soci\u00e9t\u00e9 et les analyses politiques. Le site s\u2019adresse \u00e0 un large public francophone et couvre l\u2019information tunisienne en temps r\u00e9el.","email":"redac@webdo.tn","legalName":"YNJ SARL","foundingDate":"2010-09-06","numberOfEmployees":{"@type":"QuantitativeValue","minValue":"11","maxValue":"50"}},{"@type":"Person","@id":"https:\/\/www.webdo.tn\/fr\/#\/schema\/person\/2c4929cbf5a809e3bd38617c6ce150f6","name":"MC","image":{"@type":"ImageObject","inLanguage":"fr-FR","@id":"https:\/\/secure.gravatar.com\/avatar\/a545bbb6f84efdd5553dbbc2895e3ca8f1d12c5215e00a041c9670b54aa9b18a?s=96&d=mm&r=g","url":"https:\/\/secure.gravatar.com\/avatar\/a545bbb6f84efdd5553dbbc2895e3ca8f1d12c5215e00a041c9670b54aa9b18a?s=96&d=mm&r=g","contentUrl":"https:\/\/secure.gravatar.com\/avatar\/a545bbb6f84efdd5553dbbc2895e3ca8f1d12c5215e00a041c9670b54aa9b18a?s=96&d=mm&r=g","caption":"MC"},"url":"https:\/\/www.webdo.tn\/fr\/actualite\/author\/mc\/"}]}},"_links":{"self":[{"href":"https:\/\/www.webdo.tn\/fr\/wp-json\/wp\/v2\/posts\/205203","targetHints":{"allow":["GET"]}}],"collection":[{"href":"https:\/\/www.webdo.tn\/fr\/wp-json\/wp\/v2\/posts"}],"about":[{"href":"https:\/\/www.webdo.tn\/fr\/wp-json\/wp\/v2\/types\/post"}],"author":[{"embeddable":true,"href":"https:\/\/www.webdo.tn\/fr\/wp-json\/wp\/v2\/users\/3162"}],"replies":[{"embeddable":true,"href":"https:\/\/www.webdo.tn\/fr\/wp-json\/wp\/v2\/comments?post=205203"}],"version-history":[{"count":0,"href":"https:\/\/www.webdo.tn\/fr\/wp-json\/wp\/v2\/posts\/205203\/revisions"}],"wp:featuredmedia":[{"embeddable":true,"href":"https:\/\/www.webdo.tn\/fr\/wp-json\/wp\/v2\/media\/278125"}],"wp:attachment":[{"href":"https:\/\/www.webdo.tn\/fr\/wp-json\/wp\/v2\/media?parent=205203"}],"wp:term":[{"taxonomy":"category","embeddable":true,"href":"https:\/\/www.webdo.tn\/fr\/wp-json\/wp\/v2\/categories?post=205203"},{"taxonomy":"post_tag","embeddable":true,"href":"https:\/\/www.webdo.tn\/fr\/wp-json\/wp\/v2\/tags?post=205203"}],"curies":[{"name":"wp","href":"https:\/\/api.w.org\/{rel}","templated":true}]}}