{"id":205190,"date":"2023-04-26T18:27:00","date_gmt":"2023-04-26T18:27:00","guid":{"rendered":"https:\/\/www.webdo.tn\/fr\/blog\/le-gouvernement-etudie-la-revision-de-la-reglementation-des-changes\/205190\/"},"modified":"2025-05-17T21:07:11","modified_gmt":"2025-05-17T21:07:11","slug":"le-gouvernement-etudie-la-revision-de-la-reglementation-des-changes","status":"publish","type":"post","link":"https:\/\/www.webdo.tn\/fr\/actualite\/national\/le-gouvernement-etudie-la-revision-de-la-reglementation-des-changes\/205190\/","title":{"rendered":"Le gouvernement \u00e9tudie la r\u00e9vision de la r\u00e9glementation des changes"},"content":{"rendered":"<p>La Cheffe du Gouvernement Najla Bouden a pr\u00e9sid\u00e9 une s\u00e9ance de travail minist\u00e9rielle sur la r\u00e9vision de la r\u00e9glementation des changes, qui s&rsquo;inscrit dans le cadre des programmes nationaux de r\u00e9formes annonc\u00e9s par le gouvernement pour am\u00e9liorer le climat des affaires et d&rsquo;investissement.<\/p>\n<p>\t\t\t\t\t\t\t\t\t\u00a0<\/p>\n<p>Ce projet du nouveau code des changes repose sur un ensemble de principes favorisant la lib\u00e9ralisation, de mani\u00e8re \u00e0 faire de l&rsquo;autorisation une exception, et ce, tout en adaptant cette lib\u00e9ralisation \u00e0 l&rsquo;\u00e9volution technologique et le d\u00e9veloppement des transactions et de syst\u00e8mes de paiement \u00e9lectronique.<\/p>\n<p>En ce sens, la s\u00e9ance minist\u00e9rielle a permis de passer en revue les principaux axes de la r\u00e9forme du syst\u00e8me de change, notamment la lib\u00e9ralisation des op\u00e9rations d&rsquo;investissement \u00e9tranger et de l&rsquo;endettement ext\u00e9rieur. Il s&rsquo;agit \u00e9galement, d&rsquo;offrir la possibilit\u00e9 d&rsquo;avoir des comptes en devises et des paiements \u00e9lectroniques aupr\u00e8s des plateformes \u00e9trang\u00e8res, et des comptes en dinar convertible aux personnes b\u00e9n\u00e9ficiant de bourses transf\u00e9rables, dans le cadre des activit\u00e9s de tourisme, d&rsquo;\u00e9ducation, et de voyages d&rsquo;affaires.<\/p>\n","protected":false},"excerpt":{"rendered":"<p>La Cheffe du Gouvernement Najla Bouden a pr\u00e9sid\u00e9 une s\u00e9ance de travail minist\u00e9rielle sur la r\u00e9vision de la r\u00e9glementation des changes, qui s&rsquo;inscrit dans le cad&#8230;<\/p>\n","protected":false},"author":3169,"featured_media":278122,"comment_status":"open","ping_status":"closed","sticky":false,"template":"","format":"standard","meta":{"footnotes":""},"categories":[44],"tags":[6851,2651,4859,2608],"class_list":["post-205190","post","type-post","status-publish","format-standard","has-post-thumbnail","hentry","category-national","tag-code-des-changes","tag-gouvernement","tag-revision","tag-tunisie"],"yoast_head":"<!-- This site is optimized with the Yoast SEO Premium plugin v27.5 (Yoast SEO v27.5) - https:\/\/yoast.com\/product\/yoast-seo-premium-wordpress\/ -->\n<title>Le gouvernement \u00e9tudie la r\u00e9vision de la r\u00e9glementation des changes<\/title>\n<meta name=\"description\" content=\"La Cheffe du Gouvernement Najla Bouden a pr\u00e9sid\u00e9 une s\u00e9ance de travail minist\u00e9rielle sur la r\u00e9vision de la r\u00e9glementation des changes, qui s&#039;inscrit dans le cad...\" \/>\n<link rel=\"canonical\" href=\"https:\/\/www.webdo.tn\/fr\/actualite\/national\/le-gouvernement-etudie-la-revision-de-la-reglementation-des-changes\/205190\/\" \/>\n<meta property=\"og:locale\" content=\"fr_FR\" \/>\n<meta property=\"og:type\" content=\"article\" \/>\n<meta property=\"og:title\" content=\"Le gouvernement \u00e9tudie la r\u00e9vision de la r\u00e9glementation des changes\" \/>\n<meta property=\"og:description\" content=\"La Cheffe du Gouvernement Najla Bouden a pr\u00e9sid\u00e9 une s\u00e9ance de travail minist\u00e9rielle sur la r\u00e9vision de la r\u00e9glementation des changes, qui s&#039;inscrit dans le cad...\" \/>\n<meta property=\"og:url\" content=\"https:\/\/www.webdo.tn\/fr\/actualite\/national\/le-gouvernement-etudie-la-revision-de-la-reglementation-des-changes\/205190\/\" \/>\n<meta property=\"og:site_name\" content=\"webdo\" \/>\n<meta property=\"article:publisher\" content=\"https:\/\/www.facebook.com\/webdotn\" \/>\n<meta property=\"article:published_time\" content=\"2023-04-26T18:27:00+00:00\" \/>\n<meta property=\"article:modified_time\" content=\"2025-05-17T21:07:11+00:00\" \/>\n<meta property=\"og:image\" content=\"https:\/\/www.webdo.tn\/fr\/wp-content\/uploads\/2023\/04\/89f8d8b53ad85f0f3a1db9fca4134056.jpg\" \/>\n\t<meta property=\"og:image:width\" content=\"750\" \/>\n\t<meta property=\"og:image:height\" content=\"400\" \/>\n\t<meta property=\"og:image:type\" content=\"image\/jpeg\" \/>\n<meta name=\"author\" content=\"Webdo\" \/>\n<meta name=\"twitter:card\" content=\"summary_large_image\" \/>\n<meta name=\"twitter:creator\" content=\"@webdo_tn\" \/>\n<meta name=\"twitter:site\" content=\"@webdo_tn\" \/>\n<meta name=\"twitter:label1\" content=\"\u00c9crit par\" \/>\n\t<meta name=\"twitter:data1\" content=\"Webdo\" \/>\n\t<meta name=\"twitter:label2\" content=\"Dur\u00e9e de lecture estim\u00e9e\" \/>\n\t<meta name=\"twitter:data2\" content=\"1 minute\" \/>\n<script type=\"application\/ld+json\" class=\"yoast-schema-graph\">{\"@context\":\"https:\\\/\\\/schema.org\",\"@graph\":[{\"@type\":\"NewsArticle\",\"@id\":\"https:\\\/\\\/www.webdo.tn\\\/fr\\\/actualite\\\/national\\\/le-gouvernement-etudie-la-revision-de-la-reglementation-des-changes\\\/205190\\\/#article\",\"isPartOf\":{\"@id\":\"https:\\\/\\\/www.webdo.tn\\\/fr\\\/actualite\\\/national\\\/le-gouvernement-etudie-la-revision-de-la-reglementation-des-changes\\\/205190\\\/\"},\"author\":{\"name\":\"Webdo\",\"@id\":\"https:\\\/\\\/www.webdo.tn\\\/fr\\\/#\\\/schema\\\/person\\\/1f4e491e0907b413d61089e8eb573acc\"},\"headline\":\"Le gouvernement \u00e9tudie la r\u00e9vision de la r\u00e9glementation des changes\",\"datePublished\":\"2023-04-26T18:27:00+00:00\",\"dateModified\":\"2025-05-17T21:07:11+00:00\",\"mainEntityOfPage\":{\"@id\":\"https:\\\/\\\/www.webdo.tn\\\/fr\\\/actualite\\\/national\\\/le-gouvernement-etudie-la-revision-de-la-reglementation-des-changes\\\/205190\\\/\"},\"wordCount\":211,\"commentCount\":0,\"publisher\":{\"@id\":\"https:\\\/\\\/www.webdo.tn\\\/fr\\\/#organization\"},\"image\":{\"@id\":\"https:\\\/\\\/www.webdo.tn\\\/fr\\\/actualite\\\/national\\\/le-gouvernement-etudie-la-revision-de-la-reglementation-des-changes\\\/205190\\\/#primaryimage\"},\"thumbnailUrl\":\"https:\\\/\\\/www.webdo.tn\\\/fr\\\/wp-content\\\/uploads\\\/2023\\\/04\\\/89f8d8b53ad85f0f3a1db9fca4134056.jpg\",\"keywords\":[\"Code des changes\",\"gouvernement\",\"r\u00e9vision\",\"Tunisie\"],\"articleSection\":[\"National\"],\"inLanguage\":\"fr-FR\"},{\"@type\":\"WebPage\",\"@id\":\"https:\\\/\\\/www.webdo.tn\\\/fr\\\/actualite\\\/national\\\/le-gouvernement-etudie-la-revision-de-la-reglementation-des-changes\\\/205190\\\/\",\"url\":\"https:\\\/\\\/www.webdo.tn\\\/fr\\\/actualite\\\/national\\\/le-gouvernement-etudie-la-revision-de-la-reglementation-des-changes\\\/205190\\\/\",\"name\":\"Le gouvernement \u00e9tudie la r\u00e9vision de la r\u00e9glementation des changes\",\"isPartOf\":{\"@id\":\"https:\\\/\\\/www.webdo.tn\\\/fr\\\/#website\"},\"primaryImageOfPage\":{\"@id\":\"https:\\\/\\\/www.webdo.tn\\\/fr\\\/actualite\\\/national\\\/le-gouvernement-etudie-la-revision-de-la-reglementation-des-changes\\\/205190\\\/#primaryimage\"},\"image\":{\"@id\":\"https:\\\/\\\/www.webdo.tn\\\/fr\\\/actualite\\\/national\\\/le-gouvernement-etudie-la-revision-de-la-reglementation-des-changes\\\/205190\\\/#primaryimage\"},\"thumbnailUrl\":\"https:\\\/\\\/www.webdo.tn\\\/fr\\\/wp-content\\\/uploads\\\/2023\\\/04\\\/89f8d8b53ad85f0f3a1db9fca4134056.jpg\",\"datePublished\":\"2023-04-26T18:27:00+00:00\",\"dateModified\":\"2025-05-17T21:07:11+00:00\",\"description\":\"La Cheffe du Gouvernement Najla Bouden a pr\u00e9sid\u00e9 une s\u00e9ance de travail minist\u00e9rielle sur la r\u00e9vision de la r\u00e9glementation des changes, qui s'inscrit dans le cad...\",\"breadcrumb\":{\"@id\":\"https:\\\/\\\/www.webdo.tn\\\/fr\\\/actualite\\\/national\\\/le-gouvernement-etudie-la-revision-de-la-reglementation-des-changes\\\/205190\\\/#breadcrumb\"},\"inLanguage\":\"fr-FR\",\"potentialAction\":[{\"@type\":\"ReadAction\",\"target\":[\"https:\\\/\\\/www.webdo.tn\\\/fr\\\/actualite\\\/national\\\/le-gouvernement-etudie-la-revision-de-la-reglementation-des-changes\\\/205190\\\/\"]}]},{\"@type\":\"ImageObject\",\"inLanguage\":\"fr-FR\",\"@id\":\"https:\\\/\\\/www.webdo.tn\\\/fr\\\/actualite\\\/national\\\/le-gouvernement-etudie-la-revision-de-la-reglementation-des-changes\\\/205190\\\/#primaryimage\",\"url\":\"https:\\\/\\\/www.webdo.tn\\\/fr\\\/wp-content\\\/uploads\\\/2023\\\/04\\\/89f8d8b53ad85f0f3a1db9fca4134056.jpg\",\"contentUrl\":\"https:\\\/\\\/www.webdo.tn\\\/fr\\\/wp-content\\\/uploads\\\/2023\\\/04\\\/89f8d8b53ad85f0f3a1db9fca4134056.jpg\",\"width\":750,\"height\":400,\"caption\":\"Le gouvernement \u00e9tudie la r\u00e9vision de la r\u00e9glementation des changes\"},{\"@type\":\"BreadcrumbList\",\"@id\":\"https:\\\/\\\/www.webdo.tn\\\/fr\\\/actualite\\\/national\\\/le-gouvernement-etudie-la-revision-de-la-reglementation-des-changes\\\/205190\\\/#breadcrumb\",\"itemListElement\":[{\"@type\":\"ListItem\",\"position\":1,\"name\":\"Accueil\",\"item\":\"https:\\\/\\\/www.webdo.tn\\\/fr\\\/\"},{\"@type\":\"ListItem\",\"position\":2,\"name\":\"Le gouvernement \u00e9tudie la r\u00e9vision de la r\u00e9glementation des changes\"}]},{\"@type\":\"WebSite\",\"@id\":\"https:\\\/\\\/www.webdo.tn\\\/fr\\\/#website\",\"url\":\"https:\\\/\\\/www.webdo.tn\\\/fr\\\/\",\"name\":\"webdo\",\"description\":\"Tunisie - News en Tunisie et \u00e0 l&#039;international sur Webdo.tn\",\"publisher\":{\"@id\":\"https:\\\/\\\/www.webdo.tn\\\/fr\\\/#organization\"},\"potentialAction\":[{\"@type\":\"SearchAction\",\"target\":{\"@type\":\"EntryPoint\",\"urlTemplate\":\"https:\\\/\\\/www.webdo.tn\\\/fr\\\/?s={search_term_string}\"},\"query-input\":{\"@type\":\"PropertyValueSpecification\",\"valueRequired\":true,\"valueName\":\"search_term_string\"}}],\"inLanguage\":\"fr-FR\"},{\"@type\":\"Organization\",\"@id\":\"https:\\\/\\\/www.webdo.tn\\\/fr\\\/#organization\",\"name\":\"Webdo\",\"alternateName\":\"Webdo.tn\",\"url\":\"https:\\\/\\\/www.webdo.tn\\\/fr\\\/\",\"logo\":{\"@type\":\"ImageObject\",\"inLanguage\":\"fr-FR\",\"@id\":\"https:\\\/\\\/www.webdo.tn\\\/fr\\\/#\\\/schema\\\/logo\\\/image\\\/\",\"url\":\"https:\\\/\\\/www.webdo.tn\\\/fr\\\/wp-content\\\/uploads\\\/2025\\\/06\\\/Webdo-Tunisie_168377.jpg\",\"contentUrl\":\"https:\\\/\\\/www.webdo.tn\\\/fr\\\/wp-content\\\/uploads\\\/2025\\\/06\\\/Webdo-Tunisie_168377.jpg\",\"width\":301,\"height\":301,\"caption\":\"Webdo\"},\"image\":{\"@id\":\"https:\\\/\\\/www.webdo.tn\\\/fr\\\/#\\\/schema\\\/logo\\\/image\\\/\"},\"sameAs\":[\"https:\\\/\\\/www.facebook.com\\\/webdotn\",\"https:\\\/\\\/x.com\\\/webdo_tn\"],\"description\":\"Webdo est un m\u00e9dia num\u00e9rique tunisien fond\u00e9 en 2010, sp\u00e9cialis\u00e9 dans l\u2019actualit\u00e9 nationale et internationale, l\u2019\u00e9conomie, la soci\u00e9t\u00e9 et les analyses politiques. Le site s\u2019adresse \u00e0 un large public francophone et couvre l\u2019information tunisienne en temps r\u00e9el.\",\"email\":\"redac@webdo.tn\",\"legalName\":\"YNJ SARL\",\"foundingDate\":\"2010-09-06\",\"numberOfEmployees\":{\"@type\":\"QuantitativeValue\",\"minValue\":\"11\",\"maxValue\":\"50\"}},{\"@type\":\"Person\",\"@id\":\"https:\\\/\\\/www.webdo.tn\\\/fr\\\/#\\\/schema\\\/person\\\/1f4e491e0907b413d61089e8eb573acc\",\"name\":\"Webdo\",\"image\":{\"@type\":\"ImageObject\",\"inLanguage\":\"fr-FR\",\"@id\":\"https:\\\/\\\/secure.gravatar.com\\\/avatar\\\/de97aeec1bb80978a9dbb127e47dfc88aaacb2f3c29aac907d8d3222e3495d49?s=96&d=mm&r=g\",\"url\":\"https:\\\/\\\/secure.gravatar.com\\\/avatar\\\/de97aeec1bb80978a9dbb127e47dfc88aaacb2f3c29aac907d8d3222e3495d49?s=96&d=mm&r=g\",\"contentUrl\":\"https:\\\/\\\/secure.gravatar.com\\\/avatar\\\/de97aeec1bb80978a9dbb127e47dfc88aaacb2f3c29aac907d8d3222e3495d49?s=96&d=mm&r=g\",\"caption\":\"Webdo\"},\"url\":\"https:\\\/\\\/www.webdo.tn\\\/fr\\\/actualite\\\/author\\\/webdo\\\/\"}]}<\/script>\n<!-- \/ Yoast SEO Premium plugin. -->","yoast_head_json":{"title":"Le gouvernement \u00e9tudie la r\u00e9vision de la r\u00e9glementation des changes","description":"La Cheffe du Gouvernement Najla Bouden a pr\u00e9sid\u00e9 une s\u00e9ance de travail minist\u00e9rielle sur la r\u00e9vision de la r\u00e9glementation des changes, qui s'inscrit dans le cad...","canonical":"https:\/\/www.webdo.tn\/fr\/actualite\/national\/le-gouvernement-etudie-la-revision-de-la-reglementation-des-changes\/205190\/","og_locale":"fr_FR","og_type":"article","og_title":"Le gouvernement \u00e9tudie la r\u00e9vision de la r\u00e9glementation des changes","og_description":"La Cheffe du Gouvernement Najla Bouden a pr\u00e9sid\u00e9 une s\u00e9ance de travail minist\u00e9rielle sur la r\u00e9vision de la r\u00e9glementation des changes, qui s'inscrit dans le cad...","og_url":"https:\/\/www.webdo.tn\/fr\/actualite\/national\/le-gouvernement-etudie-la-revision-de-la-reglementation-des-changes\/205190\/","og_site_name":"webdo","article_publisher":"https:\/\/www.facebook.com\/webdotn","article_published_time":"2023-04-26T18:27:00+00:00","article_modified_time":"2025-05-17T21:07:11+00:00","og_image":[{"width":750,"height":400,"url":"https:\/\/www.webdo.tn\/fr\/wp-content\/uploads\/2023\/04\/89f8d8b53ad85f0f3a1db9fca4134056.jpg","type":"image\/jpeg"}],"author":"Webdo","twitter_card":"summary_large_image","twitter_creator":"@webdo_tn","twitter_site":"@webdo_tn","twitter_misc":{"\u00c9crit par":"Webdo","Dur\u00e9e de lecture estim\u00e9e":"1 minute"},"schema":{"@context":"https:\/\/schema.org","@graph":[{"@type":"NewsArticle","@id":"https:\/\/www.webdo.tn\/fr\/actualite\/national\/le-gouvernement-etudie-la-revision-de-la-reglementation-des-changes\/205190\/#article","isPartOf":{"@id":"https:\/\/www.webdo.tn\/fr\/actualite\/national\/le-gouvernement-etudie-la-revision-de-la-reglementation-des-changes\/205190\/"},"author":{"name":"Webdo","@id":"https:\/\/www.webdo.tn\/fr\/#\/schema\/person\/1f4e491e0907b413d61089e8eb573acc"},"headline":"Le gouvernement \u00e9tudie la r\u00e9vision de la r\u00e9glementation des changes","datePublished":"2023-04-26T18:27:00+00:00","dateModified":"2025-05-17T21:07:11+00:00","mainEntityOfPage":{"@id":"https:\/\/www.webdo.tn\/fr\/actualite\/national\/le-gouvernement-etudie-la-revision-de-la-reglementation-des-changes\/205190\/"},"wordCount":211,"commentCount":0,"publisher":{"@id":"https:\/\/www.webdo.tn\/fr\/#organization"},"image":{"@id":"https:\/\/www.webdo.tn\/fr\/actualite\/national\/le-gouvernement-etudie-la-revision-de-la-reglementation-des-changes\/205190\/#primaryimage"},"thumbnailUrl":"https:\/\/www.webdo.tn\/fr\/wp-content\/uploads\/2023\/04\/89f8d8b53ad85f0f3a1db9fca4134056.jpg","keywords":["Code des changes","gouvernement","r\u00e9vision","Tunisie"],"articleSection":["National"],"inLanguage":"fr-FR"},{"@type":"WebPage","@id":"https:\/\/www.webdo.tn\/fr\/actualite\/national\/le-gouvernement-etudie-la-revision-de-la-reglementation-des-changes\/205190\/","url":"https:\/\/www.webdo.tn\/fr\/actualite\/national\/le-gouvernement-etudie-la-revision-de-la-reglementation-des-changes\/205190\/","name":"Le gouvernement \u00e9tudie la r\u00e9vision de la r\u00e9glementation des changes","isPartOf":{"@id":"https:\/\/www.webdo.tn\/fr\/#website"},"primaryImageOfPage":{"@id":"https:\/\/www.webdo.tn\/fr\/actualite\/national\/le-gouvernement-etudie-la-revision-de-la-reglementation-des-changes\/205190\/#primaryimage"},"image":{"@id":"https:\/\/www.webdo.tn\/fr\/actualite\/national\/le-gouvernement-etudie-la-revision-de-la-reglementation-des-changes\/205190\/#primaryimage"},"thumbnailUrl":"https:\/\/www.webdo.tn\/fr\/wp-content\/uploads\/2023\/04\/89f8d8b53ad85f0f3a1db9fca4134056.jpg","datePublished":"2023-04-26T18:27:00+00:00","dateModified":"2025-05-17T21:07:11+00:00","description":"La Cheffe du Gouvernement Najla Bouden a pr\u00e9sid\u00e9 une s\u00e9ance de travail minist\u00e9rielle sur la r\u00e9vision de la r\u00e9glementation des changes, qui s'inscrit dans le cad...","breadcrumb":{"@id":"https:\/\/www.webdo.tn\/fr\/actualite\/national\/le-gouvernement-etudie-la-revision-de-la-reglementation-des-changes\/205190\/#breadcrumb"},"inLanguage":"fr-FR","potentialAction":[{"@type":"ReadAction","target":["https:\/\/www.webdo.tn\/fr\/actualite\/national\/le-gouvernement-etudie-la-revision-de-la-reglementation-des-changes\/205190\/"]}]},{"@type":"ImageObject","inLanguage":"fr-FR","@id":"https:\/\/www.webdo.tn\/fr\/actualite\/national\/le-gouvernement-etudie-la-revision-de-la-reglementation-des-changes\/205190\/#primaryimage","url":"https:\/\/www.webdo.tn\/fr\/wp-content\/uploads\/2023\/04\/89f8d8b53ad85f0f3a1db9fca4134056.jpg","contentUrl":"https:\/\/www.webdo.tn\/fr\/wp-content\/uploads\/2023\/04\/89f8d8b53ad85f0f3a1db9fca4134056.jpg","width":750,"height":400,"caption":"Le gouvernement \u00e9tudie la r\u00e9vision de la r\u00e9glementation des changes"},{"@type":"BreadcrumbList","@id":"https:\/\/www.webdo.tn\/fr\/actualite\/national\/le-gouvernement-etudie-la-revision-de-la-reglementation-des-changes\/205190\/#breadcrumb","itemListElement":[{"@type":"ListItem","position":1,"name":"Accueil","item":"https:\/\/www.webdo.tn\/fr\/"},{"@type":"ListItem","position":2,"name":"Le gouvernement \u00e9tudie la r\u00e9vision de la r\u00e9glementation des changes"}]},{"@type":"WebSite","@id":"https:\/\/www.webdo.tn\/fr\/#website","url":"https:\/\/www.webdo.tn\/fr\/","name":"webdo","description":"Tunisie - News en Tunisie et \u00e0 l&#039;international sur Webdo.tn","publisher":{"@id":"https:\/\/www.webdo.tn\/fr\/#organization"},"potentialAction":[{"@type":"SearchAction","target":{"@type":"EntryPoint","urlTemplate":"https:\/\/www.webdo.tn\/fr\/?s={search_term_string}"},"query-input":{"@type":"PropertyValueSpecification","valueRequired":true,"valueName":"search_term_string"}}],"inLanguage":"fr-FR"},{"@type":"Organization","@id":"https:\/\/www.webdo.tn\/fr\/#organization","name":"Webdo","alternateName":"Webdo.tn","url":"https:\/\/www.webdo.tn\/fr\/","logo":{"@type":"ImageObject","inLanguage":"fr-FR","@id":"https:\/\/www.webdo.tn\/fr\/#\/schema\/logo\/image\/","url":"https:\/\/www.webdo.tn\/fr\/wp-content\/uploads\/2025\/06\/Webdo-Tunisie_168377.jpg","contentUrl":"https:\/\/www.webdo.tn\/fr\/wp-content\/uploads\/2025\/06\/Webdo-Tunisie_168377.jpg","width":301,"height":301,"caption":"Webdo"},"image":{"@id":"https:\/\/www.webdo.tn\/fr\/#\/schema\/logo\/image\/"},"sameAs":["https:\/\/www.facebook.com\/webdotn","https:\/\/x.com\/webdo_tn"],"description":"Webdo est un m\u00e9dia num\u00e9rique tunisien fond\u00e9 en 2010, sp\u00e9cialis\u00e9 dans l\u2019actualit\u00e9 nationale et internationale, l\u2019\u00e9conomie, la soci\u00e9t\u00e9 et les analyses politiques. Le site s\u2019adresse \u00e0 un large public francophone et couvre l\u2019information tunisienne en temps r\u00e9el.","email":"redac@webdo.tn","legalName":"YNJ SARL","foundingDate":"2010-09-06","numberOfEmployees":{"@type":"QuantitativeValue","minValue":"11","maxValue":"50"}},{"@type":"Person","@id":"https:\/\/www.webdo.tn\/fr\/#\/schema\/person\/1f4e491e0907b413d61089e8eb573acc","name":"Webdo","image":{"@type":"ImageObject","inLanguage":"fr-FR","@id":"https:\/\/secure.gravatar.com\/avatar\/de97aeec1bb80978a9dbb127e47dfc88aaacb2f3c29aac907d8d3222e3495d49?s=96&d=mm&r=g","url":"https:\/\/secure.gravatar.com\/avatar\/de97aeec1bb80978a9dbb127e47dfc88aaacb2f3c29aac907d8d3222e3495d49?s=96&d=mm&r=g","contentUrl":"https:\/\/secure.gravatar.com\/avatar\/de97aeec1bb80978a9dbb127e47dfc88aaacb2f3c29aac907d8d3222e3495d49?s=96&d=mm&r=g","caption":"Webdo"},"url":"https:\/\/www.webdo.tn\/fr\/actualite\/author\/webdo\/"}]}},"_links":{"self":[{"href":"https:\/\/www.webdo.tn\/fr\/wp-json\/wp\/v2\/posts\/205190","targetHints":{"allow":["GET"]}}],"collection":[{"href":"https:\/\/www.webdo.tn\/fr\/wp-json\/wp\/v2\/posts"}],"about":[{"href":"https:\/\/www.webdo.tn\/fr\/wp-json\/wp\/v2\/types\/post"}],"author":[{"embeddable":true,"href":"https:\/\/www.webdo.tn\/fr\/wp-json\/wp\/v2\/users\/3169"}],"replies":[{"embeddable":true,"href":"https:\/\/www.webdo.tn\/fr\/wp-json\/wp\/v2\/comments?post=205190"}],"version-history":[{"count":0,"href":"https:\/\/www.webdo.tn\/fr\/wp-json\/wp\/v2\/posts\/205190\/revisions"}],"wp:featuredmedia":[{"embeddable":true,"href":"https:\/\/www.webdo.tn\/fr\/wp-json\/wp\/v2\/media\/278122"}],"wp:attachment":[{"href":"https:\/\/www.webdo.tn\/fr\/wp-json\/wp\/v2\/media?parent=205190"}],"wp:term":[{"taxonomy":"category","embeddable":true,"href":"https:\/\/www.webdo.tn\/fr\/wp-json\/wp\/v2\/categories?post=205190"},{"taxonomy":"post_tag","embeddable":true,"href":"https:\/\/www.webdo.tn\/fr\/wp-json\/wp\/v2\/tags?post=205190"}],"curies":[{"name":"wp","href":"https:\/\/api.w.org\/{rel}","templated":true}]}}