{"id":205186,"date":"2023-04-26T15:45:00","date_gmt":"2023-04-26T15:45:00","guid":{"rendered":"https:\/\/www.webdo.tn\/fr\/blog\/mondher-lounissi-designe-president-interimaire-du-mouvement-ennahdha\/205186\/"},"modified":"2025-05-20T22:08:42","modified_gmt":"2025-05-20T22:08:42","slug":"mondher-lounissi-designe-president-interimaire-du-mouvement-ennahdha","status":"publish","type":"post","link":"https:\/\/www.webdo.tn\/fr\/actualite\/national\/mondher-lounissi-designe-president-interimaire-du-mouvement-ennahdha\/205186\/","title":{"rendered":"Mondher Lounissi, d\u00e9sign\u00e9 pr\u00e9sident int\u00e9rimaire du Mouvement Ennahdha"},"content":{"rendered":"<p>Le Mouvement Ennahdha a publi\u00e9, ce mercredi 26 avril 2023, un communiqu\u00e9, dans lequel il annonce la nomination de Mondher Lounissi en tant que pr\u00e9sident int\u00e9rimaire.<\/p>\n<p>\t\t\t\t\t\t\t\t\tLe Mouvement Ennahdha indique que suite \u00e0 la r\u00e9union de son bureau ex\u00e9cutif afin d\u2019examiner les derniers d\u00e9veloppements sur la sc\u00e8ne nationale et suite \u00e0 l\u2019arrestation de son pr\u00e9sident Rached Ghannouchi, il a \u00e9t\u00e9 d\u00e9cid\u00e9 de d\u00e9signer Mondher Lounissi en tant que pr\u00e9sident int\u00e9rimaire.<\/p>\n<p>Dans son communiqu\u00e9, le mouvement Ennahdha a renouvel\u00e9 sa condamnation de l&rsquo;arrestation de Rached Ghannouchi et des militants politiques de l&rsquo;opposition, soulignant que l\u2019arrestation de son pr\u00e9sident \u00e9tait attendue et constitue une grave d\u00e9viation du pouvoir qui menace la libert\u00e9 de d&rsquo;expression \u00e0 travers des proc\u00e8s d&rsquo;opinion.<\/p>\n","protected":false},"excerpt":{"rendered":"<p>Le Mouvement Ennahdha a publi\u00e9, ce mercredi 26 avril 2023, un communiqu\u00e9, dans lequel il annonce la nomination de Mondher Lounissi en tant que pr\u00e9sident int\u00e9rim&#8230;<\/p>\n","protected":false},"author":3162,"featured_media":278118,"comment_status":"open","ping_status":"closed","sticky":false,"template":"","format":"standard","meta":{"footnotes":""},"categories":[44],"tags":[3057,6481,5644],"class_list":["post-205186","post","type-post","status-publish","format-standard","has-post-thumbnail","hentry","category-national","tag-ennahdha","tag-mondher-lounissi","tag-rached-ghannouchi"],"yoast_head":"<!-- This site is optimized with the Yoast SEO Premium plugin v27.5 (Yoast SEO v27.5) - https:\/\/yoast.com\/product\/yoast-seo-premium-wordpress\/ -->\n<title>Mondher Lounissi, d\u00e9sign\u00e9 pr\u00e9sident int\u00e9rimaire du Mouvement Ennahdha<\/title>\n<meta name=\"description\" content=\"Le Mouvement Ennahdha a publi\u00e9, ce mercredi 26 avril 2023, un communiqu\u00e9, dans lequel il annonce la nomination de Mondher Lounissi en tant que pr\u00e9sident int\u00e9rim...\" \/>\n<link rel=\"canonical\" href=\"https:\/\/www.webdo.tn\/fr\/actualite\/national\/mondher-lounissi-designe-president-interimaire-du-mouvement-ennahdha\/205186\/\" \/>\n<meta property=\"og:locale\" content=\"fr_FR\" \/>\n<meta property=\"og:type\" content=\"article\" \/>\n<meta property=\"og:title\" content=\"Mondher Lounissi, d\u00e9sign\u00e9 pr\u00e9sident int\u00e9rimaire du Mouvement Ennahdha\" \/>\n<meta property=\"og:description\" content=\"Le Mouvement Ennahdha a publi\u00e9, ce mercredi 26 avril 2023, un communiqu\u00e9, dans lequel il annonce la nomination de Mondher Lounissi en tant que pr\u00e9sident int\u00e9rim...\" \/>\n<meta property=\"og:url\" content=\"https:\/\/www.webdo.tn\/fr\/actualite\/national\/mondher-lounissi-designe-president-interimaire-du-mouvement-ennahdha\/205186\/\" \/>\n<meta property=\"og:site_name\" content=\"webdo\" \/>\n<meta property=\"article:publisher\" content=\"https:\/\/www.facebook.com\/webdotn\" \/>\n<meta property=\"article:published_time\" content=\"2023-04-26T15:45:00+00:00\" \/>\n<meta property=\"article:modified_time\" content=\"2025-05-20T22:08:42+00:00\" \/>\n<meta property=\"og:image\" content=\"https:\/\/www.webdo.tn\/fr\/wp-content\/uploads\/2023\/04\/dc2508c0b70464ea1990a1b97a9dcd13.jpg\" \/>\n\t<meta property=\"og:image:width\" content=\"650\" \/>\n\t<meta property=\"og:image:height\" content=\"347\" \/>\n\t<meta property=\"og:image:type\" content=\"image\/jpeg\" \/>\n<meta name=\"author\" content=\"MC\" \/>\n<meta name=\"twitter:card\" content=\"summary_large_image\" \/>\n<meta name=\"twitter:creator\" content=\"@webdo_tn\" \/>\n<meta name=\"twitter:site\" content=\"@webdo_tn\" \/>\n<meta name=\"twitter:label1\" content=\"\u00c9crit par\" \/>\n\t<meta name=\"twitter:data1\" content=\"MC\" \/>\n\t<meta name=\"twitter:label2\" content=\"Dur\u00e9e de lecture estim\u00e9e\" \/>\n\t<meta name=\"twitter:data2\" content=\"1 minute\" \/>\n<script type=\"application\/ld+json\" class=\"yoast-schema-graph\">{\"@context\":\"https:\\\/\\\/schema.org\",\"@graph\":[{\"@type\":\"NewsArticle\",\"@id\":\"https:\\\/\\\/www.webdo.tn\\\/fr\\\/actualite\\\/national\\\/mondher-lounissi-designe-president-interimaire-du-mouvement-ennahdha\\\/205186\\\/#article\",\"isPartOf\":{\"@id\":\"https:\\\/\\\/www.webdo.tn\\\/fr\\\/actualite\\\/national\\\/mondher-lounissi-designe-president-interimaire-du-mouvement-ennahdha\\\/205186\\\/\"},\"author\":{\"name\":\"MC\",\"@id\":\"https:\\\/\\\/www.webdo.tn\\\/fr\\\/#\\\/schema\\\/person\\\/2c4929cbf5a809e3bd38617c6ce150f6\"},\"headline\":\"Mondher Lounissi, d\u00e9sign\u00e9 pr\u00e9sident int\u00e9rimaire du Mouvement Ennahdha\",\"datePublished\":\"2023-04-26T15:45:00+00:00\",\"dateModified\":\"2025-05-20T22:08:42+00:00\",\"mainEntityOfPage\":{\"@id\":\"https:\\\/\\\/www.webdo.tn\\\/fr\\\/actualite\\\/national\\\/mondher-lounissi-designe-president-interimaire-du-mouvement-ennahdha\\\/205186\\\/\"},\"wordCount\":144,\"commentCount\":0,\"publisher\":{\"@id\":\"https:\\\/\\\/www.webdo.tn\\\/fr\\\/#organization\"},\"image\":{\"@id\":\"https:\\\/\\\/www.webdo.tn\\\/fr\\\/actualite\\\/national\\\/mondher-lounissi-designe-president-interimaire-du-mouvement-ennahdha\\\/205186\\\/#primaryimage\"},\"thumbnailUrl\":\"https:\\\/\\\/www.webdo.tn\\\/fr\\\/wp-content\\\/uploads\\\/2023\\\/04\\\/dc2508c0b70464ea1990a1b97a9dcd13.jpg\",\"keywords\":[\"Ennahdha\",\"mondher lounissi\",\"Rached Ghannouchi\"],\"articleSection\":[\"National\"],\"inLanguage\":\"fr-FR\"},{\"@type\":\"WebPage\",\"@id\":\"https:\\\/\\\/www.webdo.tn\\\/fr\\\/actualite\\\/national\\\/mondher-lounissi-designe-president-interimaire-du-mouvement-ennahdha\\\/205186\\\/\",\"url\":\"https:\\\/\\\/www.webdo.tn\\\/fr\\\/actualite\\\/national\\\/mondher-lounissi-designe-president-interimaire-du-mouvement-ennahdha\\\/205186\\\/\",\"name\":\"Mondher Lounissi, d\u00e9sign\u00e9 pr\u00e9sident int\u00e9rimaire du Mouvement Ennahdha\",\"isPartOf\":{\"@id\":\"https:\\\/\\\/www.webdo.tn\\\/fr\\\/#website\"},\"primaryImageOfPage\":{\"@id\":\"https:\\\/\\\/www.webdo.tn\\\/fr\\\/actualite\\\/national\\\/mondher-lounissi-designe-president-interimaire-du-mouvement-ennahdha\\\/205186\\\/#primaryimage\"},\"image\":{\"@id\":\"https:\\\/\\\/www.webdo.tn\\\/fr\\\/actualite\\\/national\\\/mondher-lounissi-designe-president-interimaire-du-mouvement-ennahdha\\\/205186\\\/#primaryimage\"},\"thumbnailUrl\":\"https:\\\/\\\/www.webdo.tn\\\/fr\\\/wp-content\\\/uploads\\\/2023\\\/04\\\/dc2508c0b70464ea1990a1b97a9dcd13.jpg\",\"datePublished\":\"2023-04-26T15:45:00+00:00\",\"dateModified\":\"2025-05-20T22:08:42+00:00\",\"description\":\"Le Mouvement Ennahdha a publi\u00e9, ce mercredi 26 avril 2023, un communiqu\u00e9, dans lequel il annonce la nomination de Mondher Lounissi en tant que pr\u00e9sident int\u00e9rim...\",\"breadcrumb\":{\"@id\":\"https:\\\/\\\/www.webdo.tn\\\/fr\\\/actualite\\\/national\\\/mondher-lounissi-designe-president-interimaire-du-mouvement-ennahdha\\\/205186\\\/#breadcrumb\"},\"inLanguage\":\"fr-FR\",\"potentialAction\":[{\"@type\":\"ReadAction\",\"target\":[\"https:\\\/\\\/www.webdo.tn\\\/fr\\\/actualite\\\/national\\\/mondher-lounissi-designe-president-interimaire-du-mouvement-ennahdha\\\/205186\\\/\"]}]},{\"@type\":\"ImageObject\",\"inLanguage\":\"fr-FR\",\"@id\":\"https:\\\/\\\/www.webdo.tn\\\/fr\\\/actualite\\\/national\\\/mondher-lounissi-designe-president-interimaire-du-mouvement-ennahdha\\\/205186\\\/#primaryimage\",\"url\":\"https:\\\/\\\/www.webdo.tn\\\/fr\\\/wp-content\\\/uploads\\\/2023\\\/04\\\/dc2508c0b70464ea1990a1b97a9dcd13.jpg\",\"contentUrl\":\"https:\\\/\\\/www.webdo.tn\\\/fr\\\/wp-content\\\/uploads\\\/2023\\\/04\\\/dc2508c0b70464ea1990a1b97a9dcd13.jpg\",\"width\":650,\"height\":347,\"caption\":\"Mondher Lounissi, d\u00e9sign\u00e9 pr\u00e9sident int\u00e9rimaire du Mouvement Ennahdha\"},{\"@type\":\"BreadcrumbList\",\"@id\":\"https:\\\/\\\/www.webdo.tn\\\/fr\\\/actualite\\\/national\\\/mondher-lounissi-designe-president-interimaire-du-mouvement-ennahdha\\\/205186\\\/#breadcrumb\",\"itemListElement\":[{\"@type\":\"ListItem\",\"position\":1,\"name\":\"Accueil\",\"item\":\"https:\\\/\\\/www.webdo.tn\\\/fr\\\/\"},{\"@type\":\"ListItem\",\"position\":2,\"name\":\"Mondher Lounissi, d\u00e9sign\u00e9 pr\u00e9sident int\u00e9rimaire du Mouvement Ennahdha\"}]},{\"@type\":\"WebSite\",\"@id\":\"https:\\\/\\\/www.webdo.tn\\\/fr\\\/#website\",\"url\":\"https:\\\/\\\/www.webdo.tn\\\/fr\\\/\",\"name\":\"webdo\",\"description\":\"Tunisie - News en Tunisie et \u00e0 l&#039;international sur Webdo.tn\",\"publisher\":{\"@id\":\"https:\\\/\\\/www.webdo.tn\\\/fr\\\/#organization\"},\"potentialAction\":[{\"@type\":\"SearchAction\",\"target\":{\"@type\":\"EntryPoint\",\"urlTemplate\":\"https:\\\/\\\/www.webdo.tn\\\/fr\\\/?s={search_term_string}\"},\"query-input\":{\"@type\":\"PropertyValueSpecification\",\"valueRequired\":true,\"valueName\":\"search_term_string\"}}],\"inLanguage\":\"fr-FR\"},{\"@type\":\"Organization\",\"@id\":\"https:\\\/\\\/www.webdo.tn\\\/fr\\\/#organization\",\"name\":\"Webdo\",\"alternateName\":\"Webdo.tn\",\"url\":\"https:\\\/\\\/www.webdo.tn\\\/fr\\\/\",\"logo\":{\"@type\":\"ImageObject\",\"inLanguage\":\"fr-FR\",\"@id\":\"https:\\\/\\\/www.webdo.tn\\\/fr\\\/#\\\/schema\\\/logo\\\/image\\\/\",\"url\":\"https:\\\/\\\/www.webdo.tn\\\/fr\\\/wp-content\\\/uploads\\\/2025\\\/06\\\/Webdo-Tunisie_168377.jpg\",\"contentUrl\":\"https:\\\/\\\/www.webdo.tn\\\/fr\\\/wp-content\\\/uploads\\\/2025\\\/06\\\/Webdo-Tunisie_168377.jpg\",\"width\":301,\"height\":301,\"caption\":\"Webdo\"},\"image\":{\"@id\":\"https:\\\/\\\/www.webdo.tn\\\/fr\\\/#\\\/schema\\\/logo\\\/image\\\/\"},\"sameAs\":[\"https:\\\/\\\/www.facebook.com\\\/webdotn\",\"https:\\\/\\\/x.com\\\/webdo_tn\"],\"description\":\"Webdo est un m\u00e9dia num\u00e9rique tunisien fond\u00e9 en 2010, sp\u00e9cialis\u00e9 dans l\u2019actualit\u00e9 nationale et internationale, l\u2019\u00e9conomie, la soci\u00e9t\u00e9 et les analyses politiques. Le site s\u2019adresse \u00e0 un large public francophone et couvre l\u2019information tunisienne en temps r\u00e9el.\",\"email\":\"redac@webdo.tn\",\"legalName\":\"YNJ SARL\",\"foundingDate\":\"2010-09-06\",\"numberOfEmployees\":{\"@type\":\"QuantitativeValue\",\"minValue\":\"11\",\"maxValue\":\"50\"}},{\"@type\":\"Person\",\"@id\":\"https:\\\/\\\/www.webdo.tn\\\/fr\\\/#\\\/schema\\\/person\\\/2c4929cbf5a809e3bd38617c6ce150f6\",\"name\":\"MC\",\"image\":{\"@type\":\"ImageObject\",\"inLanguage\":\"fr-FR\",\"@id\":\"https:\\\/\\\/secure.gravatar.com\\\/avatar\\\/a545bbb6f84efdd5553dbbc2895e3ca8f1d12c5215e00a041c9670b54aa9b18a?s=96&d=mm&r=g\",\"url\":\"https:\\\/\\\/secure.gravatar.com\\\/avatar\\\/a545bbb6f84efdd5553dbbc2895e3ca8f1d12c5215e00a041c9670b54aa9b18a?s=96&d=mm&r=g\",\"contentUrl\":\"https:\\\/\\\/secure.gravatar.com\\\/avatar\\\/a545bbb6f84efdd5553dbbc2895e3ca8f1d12c5215e00a041c9670b54aa9b18a?s=96&d=mm&r=g\",\"caption\":\"MC\"},\"url\":\"https:\\\/\\\/www.webdo.tn\\\/fr\\\/actualite\\\/author\\\/mc\\\/\"}]}<\/script>\n<!-- \/ Yoast SEO Premium plugin. -->","yoast_head_json":{"title":"Mondher Lounissi, d\u00e9sign\u00e9 pr\u00e9sident int\u00e9rimaire du Mouvement Ennahdha","description":"Le Mouvement Ennahdha a publi\u00e9, ce mercredi 26 avril 2023, un communiqu\u00e9, dans lequel il annonce la nomination de Mondher Lounissi en tant que pr\u00e9sident int\u00e9rim...","canonical":"https:\/\/www.webdo.tn\/fr\/actualite\/national\/mondher-lounissi-designe-president-interimaire-du-mouvement-ennahdha\/205186\/","og_locale":"fr_FR","og_type":"article","og_title":"Mondher Lounissi, d\u00e9sign\u00e9 pr\u00e9sident int\u00e9rimaire du Mouvement Ennahdha","og_description":"Le Mouvement Ennahdha a publi\u00e9, ce mercredi 26 avril 2023, un communiqu\u00e9, dans lequel il annonce la nomination de Mondher Lounissi en tant que pr\u00e9sident int\u00e9rim...","og_url":"https:\/\/www.webdo.tn\/fr\/actualite\/national\/mondher-lounissi-designe-president-interimaire-du-mouvement-ennahdha\/205186\/","og_site_name":"webdo","article_publisher":"https:\/\/www.facebook.com\/webdotn","article_published_time":"2023-04-26T15:45:00+00:00","article_modified_time":"2025-05-20T22:08:42+00:00","og_image":[{"width":650,"height":347,"url":"https:\/\/www.webdo.tn\/fr\/wp-content\/uploads\/2023\/04\/dc2508c0b70464ea1990a1b97a9dcd13.jpg","type":"image\/jpeg"}],"author":"MC","twitter_card":"summary_large_image","twitter_creator":"@webdo_tn","twitter_site":"@webdo_tn","twitter_misc":{"\u00c9crit par":"MC","Dur\u00e9e de lecture estim\u00e9e":"1 minute"},"schema":{"@context":"https:\/\/schema.org","@graph":[{"@type":"NewsArticle","@id":"https:\/\/www.webdo.tn\/fr\/actualite\/national\/mondher-lounissi-designe-president-interimaire-du-mouvement-ennahdha\/205186\/#article","isPartOf":{"@id":"https:\/\/www.webdo.tn\/fr\/actualite\/national\/mondher-lounissi-designe-president-interimaire-du-mouvement-ennahdha\/205186\/"},"author":{"name":"MC","@id":"https:\/\/www.webdo.tn\/fr\/#\/schema\/person\/2c4929cbf5a809e3bd38617c6ce150f6"},"headline":"Mondher Lounissi, d\u00e9sign\u00e9 pr\u00e9sident int\u00e9rimaire du Mouvement Ennahdha","datePublished":"2023-04-26T15:45:00+00:00","dateModified":"2025-05-20T22:08:42+00:00","mainEntityOfPage":{"@id":"https:\/\/www.webdo.tn\/fr\/actualite\/national\/mondher-lounissi-designe-president-interimaire-du-mouvement-ennahdha\/205186\/"},"wordCount":144,"commentCount":0,"publisher":{"@id":"https:\/\/www.webdo.tn\/fr\/#organization"},"image":{"@id":"https:\/\/www.webdo.tn\/fr\/actualite\/national\/mondher-lounissi-designe-president-interimaire-du-mouvement-ennahdha\/205186\/#primaryimage"},"thumbnailUrl":"https:\/\/www.webdo.tn\/fr\/wp-content\/uploads\/2023\/04\/dc2508c0b70464ea1990a1b97a9dcd13.jpg","keywords":["Ennahdha","mondher lounissi","Rached Ghannouchi"],"articleSection":["National"],"inLanguage":"fr-FR"},{"@type":"WebPage","@id":"https:\/\/www.webdo.tn\/fr\/actualite\/national\/mondher-lounissi-designe-president-interimaire-du-mouvement-ennahdha\/205186\/","url":"https:\/\/www.webdo.tn\/fr\/actualite\/national\/mondher-lounissi-designe-president-interimaire-du-mouvement-ennahdha\/205186\/","name":"Mondher Lounissi, d\u00e9sign\u00e9 pr\u00e9sident int\u00e9rimaire du Mouvement Ennahdha","isPartOf":{"@id":"https:\/\/www.webdo.tn\/fr\/#website"},"primaryImageOfPage":{"@id":"https:\/\/www.webdo.tn\/fr\/actualite\/national\/mondher-lounissi-designe-president-interimaire-du-mouvement-ennahdha\/205186\/#primaryimage"},"image":{"@id":"https:\/\/www.webdo.tn\/fr\/actualite\/national\/mondher-lounissi-designe-president-interimaire-du-mouvement-ennahdha\/205186\/#primaryimage"},"thumbnailUrl":"https:\/\/www.webdo.tn\/fr\/wp-content\/uploads\/2023\/04\/dc2508c0b70464ea1990a1b97a9dcd13.jpg","datePublished":"2023-04-26T15:45:00+00:00","dateModified":"2025-05-20T22:08:42+00:00","description":"Le Mouvement Ennahdha a publi\u00e9, ce mercredi 26 avril 2023, un communiqu\u00e9, dans lequel il annonce la nomination de Mondher Lounissi en tant que pr\u00e9sident int\u00e9rim...","breadcrumb":{"@id":"https:\/\/www.webdo.tn\/fr\/actualite\/national\/mondher-lounissi-designe-president-interimaire-du-mouvement-ennahdha\/205186\/#breadcrumb"},"inLanguage":"fr-FR","potentialAction":[{"@type":"ReadAction","target":["https:\/\/www.webdo.tn\/fr\/actualite\/national\/mondher-lounissi-designe-president-interimaire-du-mouvement-ennahdha\/205186\/"]}]},{"@type":"ImageObject","inLanguage":"fr-FR","@id":"https:\/\/www.webdo.tn\/fr\/actualite\/national\/mondher-lounissi-designe-president-interimaire-du-mouvement-ennahdha\/205186\/#primaryimage","url":"https:\/\/www.webdo.tn\/fr\/wp-content\/uploads\/2023\/04\/dc2508c0b70464ea1990a1b97a9dcd13.jpg","contentUrl":"https:\/\/www.webdo.tn\/fr\/wp-content\/uploads\/2023\/04\/dc2508c0b70464ea1990a1b97a9dcd13.jpg","width":650,"height":347,"caption":"Mondher Lounissi, d\u00e9sign\u00e9 pr\u00e9sident int\u00e9rimaire du Mouvement Ennahdha"},{"@type":"BreadcrumbList","@id":"https:\/\/www.webdo.tn\/fr\/actualite\/national\/mondher-lounissi-designe-president-interimaire-du-mouvement-ennahdha\/205186\/#breadcrumb","itemListElement":[{"@type":"ListItem","position":1,"name":"Accueil","item":"https:\/\/www.webdo.tn\/fr\/"},{"@type":"ListItem","position":2,"name":"Mondher Lounissi, d\u00e9sign\u00e9 pr\u00e9sident int\u00e9rimaire du Mouvement Ennahdha"}]},{"@type":"WebSite","@id":"https:\/\/www.webdo.tn\/fr\/#website","url":"https:\/\/www.webdo.tn\/fr\/","name":"webdo","description":"Tunisie - News en Tunisie et \u00e0 l&#039;international sur Webdo.tn","publisher":{"@id":"https:\/\/www.webdo.tn\/fr\/#organization"},"potentialAction":[{"@type":"SearchAction","target":{"@type":"EntryPoint","urlTemplate":"https:\/\/www.webdo.tn\/fr\/?s={search_term_string}"},"query-input":{"@type":"PropertyValueSpecification","valueRequired":true,"valueName":"search_term_string"}}],"inLanguage":"fr-FR"},{"@type":"Organization","@id":"https:\/\/www.webdo.tn\/fr\/#organization","name":"Webdo","alternateName":"Webdo.tn","url":"https:\/\/www.webdo.tn\/fr\/","logo":{"@type":"ImageObject","inLanguage":"fr-FR","@id":"https:\/\/www.webdo.tn\/fr\/#\/schema\/logo\/image\/","url":"https:\/\/www.webdo.tn\/fr\/wp-content\/uploads\/2025\/06\/Webdo-Tunisie_168377.jpg","contentUrl":"https:\/\/www.webdo.tn\/fr\/wp-content\/uploads\/2025\/06\/Webdo-Tunisie_168377.jpg","width":301,"height":301,"caption":"Webdo"},"image":{"@id":"https:\/\/www.webdo.tn\/fr\/#\/schema\/logo\/image\/"},"sameAs":["https:\/\/www.facebook.com\/webdotn","https:\/\/x.com\/webdo_tn"],"description":"Webdo est un m\u00e9dia num\u00e9rique tunisien fond\u00e9 en 2010, sp\u00e9cialis\u00e9 dans l\u2019actualit\u00e9 nationale et internationale, l\u2019\u00e9conomie, la soci\u00e9t\u00e9 et les analyses politiques. Le site s\u2019adresse \u00e0 un large public francophone et couvre l\u2019information tunisienne en temps r\u00e9el.","email":"redac@webdo.tn","legalName":"YNJ SARL","foundingDate":"2010-09-06","numberOfEmployees":{"@type":"QuantitativeValue","minValue":"11","maxValue":"50"}},{"@type":"Person","@id":"https:\/\/www.webdo.tn\/fr\/#\/schema\/person\/2c4929cbf5a809e3bd38617c6ce150f6","name":"MC","image":{"@type":"ImageObject","inLanguage":"fr-FR","@id":"https:\/\/secure.gravatar.com\/avatar\/a545bbb6f84efdd5553dbbc2895e3ca8f1d12c5215e00a041c9670b54aa9b18a?s=96&d=mm&r=g","url":"https:\/\/secure.gravatar.com\/avatar\/a545bbb6f84efdd5553dbbc2895e3ca8f1d12c5215e00a041c9670b54aa9b18a?s=96&d=mm&r=g","contentUrl":"https:\/\/secure.gravatar.com\/avatar\/a545bbb6f84efdd5553dbbc2895e3ca8f1d12c5215e00a041c9670b54aa9b18a?s=96&d=mm&r=g","caption":"MC"},"url":"https:\/\/www.webdo.tn\/fr\/actualite\/author\/mc\/"}]}},"_links":{"self":[{"href":"https:\/\/www.webdo.tn\/fr\/wp-json\/wp\/v2\/posts\/205186","targetHints":{"allow":["GET"]}}],"collection":[{"href":"https:\/\/www.webdo.tn\/fr\/wp-json\/wp\/v2\/posts"}],"about":[{"href":"https:\/\/www.webdo.tn\/fr\/wp-json\/wp\/v2\/types\/post"}],"author":[{"embeddable":true,"href":"https:\/\/www.webdo.tn\/fr\/wp-json\/wp\/v2\/users\/3162"}],"replies":[{"embeddable":true,"href":"https:\/\/www.webdo.tn\/fr\/wp-json\/wp\/v2\/comments?post=205186"}],"version-history":[{"count":0,"href":"https:\/\/www.webdo.tn\/fr\/wp-json\/wp\/v2\/posts\/205186\/revisions"}],"wp:featuredmedia":[{"embeddable":true,"href":"https:\/\/www.webdo.tn\/fr\/wp-json\/wp\/v2\/media\/278118"}],"wp:attachment":[{"href":"https:\/\/www.webdo.tn\/fr\/wp-json\/wp\/v2\/media?parent=205186"}],"wp:term":[{"taxonomy":"category","embeddable":true,"href":"https:\/\/www.webdo.tn\/fr\/wp-json\/wp\/v2\/categories?post=205186"},{"taxonomy":"post_tag","embeddable":true,"href":"https:\/\/www.webdo.tn\/fr\/wp-json\/wp\/v2\/tags?post=205186"}],"curies":[{"name":"wp","href":"https:\/\/api.w.org\/{rel}","templated":true}]}}