{"id":205183,"date":"2023-04-26T14:44:00","date_gmt":"2023-04-26T14:44:00","guid":{"rendered":"https:\/\/www.webdo.tn\/fr\/blog\/25-blesses-dans-les-rangs-de-la-police-des-supporters-de-l-esperance-st-poursuivis-en-justice\/205183\/"},"modified":"2025-05-20T22:00:30","modified_gmt":"2025-05-20T22:00:30","slug":"25-blesses-dans-les-rangs-de-la-police-des-supporters-de-l-esperance-st-poursuivis-en-justice","status":"publish","type":"post","link":"https:\/\/www.webdo.tn\/fr\/actualite\/sport\/25-blesses-dans-les-rangs-de-la-police-des-supporters-de-l-esperance-st-poursuivis-en-justice\/205183\/","title":{"rendered":"25 bless\u00e9s dans les rangs de la police : Des supporters de l&rsquo;Esp\u00e9rance ST poursuivis en justice"},"content":{"rendered":"<p>Un groupe de supporters de l\u2019Esp\u00e9rance ST va \u00eatre poursuivi en justice, a annonc\u00e9 aujourd\u2019hui le minist\u00e8re de l\u2019Int\u00e9rieur, qui a d\u00e9cid\u00e9 de porter plainte contre ces fans en marge de la rencontre d\u2019hier entre l\u2019EST et l\u2019ESS.<\/p>\n<p>\t\t\t\t\t\t\t\t\tLes faits se sont d\u00e9roul\u00e9s, ce mardi 25 avril au stade Hammadi Agrebi de Rades lors de la rencontre de Ligue 1 comptant pour la 4\u00e8me journ\u00e9e du play-off entre l\u2019ES Tunis et l\u2019Etoile du Sahel (1-0).<\/p>\n<p>Dans un communiqu\u00e9 publi\u00e9 aujourd\u2019hui sur sa page Facebook, le minist\u00e8re de l&rsquo;Int\u00e9rieur a annonc\u00e9 qu&rsquo;il allait poursuivre en justice un groupe de supporters de l&rsquo;Esp\u00e9rance, qui ont agress\u00e9 des agents de police durant ce match.<\/p>\n<p>Le MI fait \u00e9tat de 25 bless\u00e9s dans les rangs de la police lorsqu\u2019un groupe de supporters ont quitt\u00e9 les tribunes et se sont rendus du c\u00f4t\u00e9 des portes n\u00b013 et n\u00b015 avant d\u2019enfoncer les portes et agresser les forces de l\u2019ordre par des jets de pierres.<\/p>\n<p>Parmi les 25 bless\u00e9s enregistr\u00e9s au sein des agents de police, certains ont m\u00eame d\u00fb \u00eatre admis \u00e0 l\u2019h\u00f4pital, ajoute le communiqu\u00e9 du MI, estimant que ces faits constituent une agression gratuite et injustifi\u00e9e et provoqu\u00e9e par certaines entit\u00e9s.<\/p>\n<p>Le d\u00e9partement de l\u2019Int\u00e9rieur confirme qu\u2019il poursuivra en justice les agresseurs ainsi que ceux se cachent derri\u00e8re eux.<\/p>\n","protected":false},"excerpt":{"rendered":"<p>Un groupe de supporters de l\u2019Esp\u00e9rance ST va \u00eatre poursuivi en justice, a annonc\u00e9 aujourd\u2019hui le minist\u00e8re de l\u2019Int\u00e9rieur, qui a d\u00e9cid\u00e9 de porter plainte contre&#8230;<\/p>\n","protected":false},"author":3162,"featured_media":251324,"comment_status":"open","ping_status":"closed","sticky":false,"template":"","format":"standard","meta":{"footnotes":""},"categories":[2593],"tags":[2928,3102,2643,8475],"class_list":["post-205183","post","type-post","status-publish","format-standard","has-post-thumbnail","hentry","category-sport","tag-blesses","tag-esperance-st","tag-police","tag-supporters"],"yoast_head":"<!-- This site is optimized with the Yoast SEO Premium plugin v27.4 (Yoast SEO v27.5) - https:\/\/yoast.com\/product\/yoast-seo-premium-wordpress\/ -->\n<title>25 bless\u00e9s dans les rangs de la police : Des supporters de l&#039;Esp\u00e9rance ST poursuivis en justice<\/title>\n<meta name=\"description\" content=\"Un groupe de supporters de l\u2019Esp\u00e9rance ST va \u00eatre poursuivi en justice, a annonc\u00e9 aujourd\u2019hui le minist\u00e8re de l\u2019Int\u00e9rieur, qui a d\u00e9cid\u00e9 de porter plainte contre...\" \/>\n<link rel=\"canonical\" href=\"https:\/\/www.webdo.tn\/fr\/actualite\/sport\/25-blesses-dans-les-rangs-de-la-police-des-supporters-de-l-esperance-st-poursuivis-en-justice\/205183\/\" \/>\n<meta property=\"og:locale\" content=\"fr_FR\" \/>\n<meta property=\"og:type\" content=\"article\" \/>\n<meta property=\"og:title\" content=\"25 bless\u00e9s dans les rangs de la police : Des supporters de l&#039;Esp\u00e9rance ST poursuivis en justice\" \/>\n<meta property=\"og:description\" content=\"Un groupe de supporters de l\u2019Esp\u00e9rance ST va \u00eatre poursuivi en justice, a annonc\u00e9 aujourd\u2019hui le minist\u00e8re de l\u2019Int\u00e9rieur, qui a d\u00e9cid\u00e9 de porter plainte contre...\" \/>\n<meta property=\"og:url\" content=\"https:\/\/www.webdo.tn\/fr\/actualite\/sport\/25-blesses-dans-les-rangs-de-la-police-des-supporters-de-l-esperance-st-poursuivis-en-justice\/205183\/\" \/>\n<meta property=\"og:site_name\" content=\"webdo\" \/>\n<meta property=\"article:publisher\" content=\"https:\/\/www.facebook.com\/webdotn\" \/>\n<meta property=\"article:published_time\" content=\"2023-04-26T14:44:00+00:00\" \/>\n<meta property=\"article:modified_time\" content=\"2025-05-20T22:00:30+00:00\" \/>\n<meta property=\"og:image\" content=\"https:\/\/www.webdo.tn\/fr\/wp-content\/uploads\/2023\/04\/b666364e6e5dac9778d8cf07ca9e75da.jpg\" \/>\n\t<meta property=\"og:image:width\" content=\"750\" \/>\n\t<meta property=\"og:image:height\" content=\"400\" \/>\n\t<meta property=\"og:image:type\" content=\"image\/jpeg\" \/>\n<meta name=\"author\" content=\"MC\" \/>\n<meta name=\"twitter:card\" content=\"summary_large_image\" \/>\n<meta name=\"twitter:creator\" content=\"@webdo_tn\" \/>\n<meta name=\"twitter:site\" content=\"@webdo_tn\" \/>\n<meta name=\"twitter:label1\" content=\"\u00c9crit par\" \/>\n\t<meta name=\"twitter:data1\" content=\"MC\" \/>\n\t<meta name=\"twitter:label2\" content=\"Dur\u00e9e de lecture estim\u00e9e\" \/>\n\t<meta name=\"twitter:data2\" content=\"1 minute\" \/>\n<script type=\"application\/ld+json\" class=\"yoast-schema-graph\">{\"@context\":\"https:\\\/\\\/schema.org\",\"@graph\":[{\"@type\":\"NewsArticle\",\"@id\":\"https:\\\/\\\/www.webdo.tn\\\/fr\\\/actualite\\\/sport\\\/25-blesses-dans-les-rangs-de-la-police-des-supporters-de-l-esperance-st-poursuivis-en-justice\\\/205183\\\/#article\",\"isPartOf\":{\"@id\":\"https:\\\/\\\/www.webdo.tn\\\/fr\\\/actualite\\\/sport\\\/25-blesses-dans-les-rangs-de-la-police-des-supporters-de-l-esperance-st-poursuivis-en-justice\\\/205183\\\/\"},\"author\":{\"name\":\"MC\",\"@id\":\"https:\\\/\\\/www.webdo.tn\\\/fr\\\/#\\\/schema\\\/person\\\/2c4929cbf5a809e3bd38617c6ce150f6\"},\"headline\":\"25 bless\u00e9s dans les rangs de la police : Des supporters de l&rsquo;Esp\u00e9rance ST poursuivis en justice\",\"datePublished\":\"2023-04-26T14:44:00+00:00\",\"dateModified\":\"2025-05-20T22:00:30+00:00\",\"mainEntityOfPage\":{\"@id\":\"https:\\\/\\\/www.webdo.tn\\\/fr\\\/actualite\\\/sport\\\/25-blesses-dans-les-rangs-de-la-police-des-supporters-de-l-esperance-st-poursuivis-en-justice\\\/205183\\\/\"},\"wordCount\":268,\"commentCount\":0,\"publisher\":{\"@id\":\"https:\\\/\\\/www.webdo.tn\\\/fr\\\/#organization\"},\"image\":{\"@id\":\"https:\\\/\\\/www.webdo.tn\\\/fr\\\/actualite\\\/sport\\\/25-blesses-dans-les-rangs-de-la-police-des-supporters-de-l-esperance-st-poursuivis-en-justice\\\/205183\\\/#primaryimage\"},\"thumbnailUrl\":\"https:\\\/\\\/www.webdo.tn\\\/fr\\\/wp-content\\\/uploads\\\/2023\\\/04\\\/b666364e6e5dac9778d8cf07ca9e75da.jpg\",\"keywords\":[\"bless\u00e9s\",\"esp\u00e9rance st\",\"police\",\"supporters\"],\"articleSection\":[\"Sport\"],\"inLanguage\":\"fr-FR\"},{\"@type\":\"WebPage\",\"@id\":\"https:\\\/\\\/www.webdo.tn\\\/fr\\\/actualite\\\/sport\\\/25-blesses-dans-les-rangs-de-la-police-des-supporters-de-l-esperance-st-poursuivis-en-justice\\\/205183\\\/\",\"url\":\"https:\\\/\\\/www.webdo.tn\\\/fr\\\/actualite\\\/sport\\\/25-blesses-dans-les-rangs-de-la-police-des-supporters-de-l-esperance-st-poursuivis-en-justice\\\/205183\\\/\",\"name\":\"25 bless\u00e9s dans les rangs de la police : Des supporters de l'Esp\u00e9rance ST poursuivis en justice\",\"isPartOf\":{\"@id\":\"https:\\\/\\\/www.webdo.tn\\\/fr\\\/#website\"},\"primaryImageOfPage\":{\"@id\":\"https:\\\/\\\/www.webdo.tn\\\/fr\\\/actualite\\\/sport\\\/25-blesses-dans-les-rangs-de-la-police-des-supporters-de-l-esperance-st-poursuivis-en-justice\\\/205183\\\/#primaryimage\"},\"image\":{\"@id\":\"https:\\\/\\\/www.webdo.tn\\\/fr\\\/actualite\\\/sport\\\/25-blesses-dans-les-rangs-de-la-police-des-supporters-de-l-esperance-st-poursuivis-en-justice\\\/205183\\\/#primaryimage\"},\"thumbnailUrl\":\"https:\\\/\\\/www.webdo.tn\\\/fr\\\/wp-content\\\/uploads\\\/2023\\\/04\\\/b666364e6e5dac9778d8cf07ca9e75da.jpg\",\"datePublished\":\"2023-04-26T14:44:00+00:00\",\"dateModified\":\"2025-05-20T22:00:30+00:00\",\"description\":\"Un groupe de supporters de l\u2019Esp\u00e9rance ST va \u00eatre poursuivi en justice, a annonc\u00e9 aujourd\u2019hui le minist\u00e8re de l\u2019Int\u00e9rieur, qui a d\u00e9cid\u00e9 de porter plainte contre...\",\"breadcrumb\":{\"@id\":\"https:\\\/\\\/www.webdo.tn\\\/fr\\\/actualite\\\/sport\\\/25-blesses-dans-les-rangs-de-la-police-des-supporters-de-l-esperance-st-poursuivis-en-justice\\\/205183\\\/#breadcrumb\"},\"inLanguage\":\"fr-FR\",\"potentialAction\":[{\"@type\":\"ReadAction\",\"target\":[\"https:\\\/\\\/www.webdo.tn\\\/fr\\\/actualite\\\/sport\\\/25-blesses-dans-les-rangs-de-la-police-des-supporters-de-l-esperance-st-poursuivis-en-justice\\\/205183\\\/\"]}]},{\"@type\":\"ImageObject\",\"inLanguage\":\"fr-FR\",\"@id\":\"https:\\\/\\\/www.webdo.tn\\\/fr\\\/actualite\\\/sport\\\/25-blesses-dans-les-rangs-de-la-police-des-supporters-de-l-esperance-st-poursuivis-en-justice\\\/205183\\\/#primaryimage\",\"url\":\"https:\\\/\\\/www.webdo.tn\\\/fr\\\/wp-content\\\/uploads\\\/2023\\\/04\\\/b666364e6e5dac9778d8cf07ca9e75da.jpg\",\"contentUrl\":\"https:\\\/\\\/www.webdo.tn\\\/fr\\\/wp-content\\\/uploads\\\/2023\\\/04\\\/b666364e6e5dac9778d8cf07ca9e75da.jpg\",\"width\":750,\"height\":400,\"caption\":\"25 bless\u00e9s dans les rangs de la police : Des supporters de l'Esp\u00e9rance ST poursuivis en justice\"},{\"@type\":\"BreadcrumbList\",\"@id\":\"https:\\\/\\\/www.webdo.tn\\\/fr\\\/actualite\\\/sport\\\/25-blesses-dans-les-rangs-de-la-police-des-supporters-de-l-esperance-st-poursuivis-en-justice\\\/205183\\\/#breadcrumb\",\"itemListElement\":[{\"@type\":\"ListItem\",\"position\":1,\"name\":\"Accueil\",\"item\":\"https:\\\/\\\/www.webdo.tn\\\/fr\\\/\"},{\"@type\":\"ListItem\",\"position\":2,\"name\":\"25 bless\u00e9s dans les rangs de la police : Des supporters de l&rsquo;Esp\u00e9rance ST poursuivis en justice\"}]},{\"@type\":\"WebSite\",\"@id\":\"https:\\\/\\\/www.webdo.tn\\\/fr\\\/#website\",\"url\":\"https:\\\/\\\/www.webdo.tn\\\/fr\\\/\",\"name\":\"webdo\",\"description\":\"Tunisie - News en Tunisie et \u00e0 l&#039;international sur Webdo.tn\",\"publisher\":{\"@id\":\"https:\\\/\\\/www.webdo.tn\\\/fr\\\/#organization\"},\"potentialAction\":[{\"@type\":\"SearchAction\",\"target\":{\"@type\":\"EntryPoint\",\"urlTemplate\":\"https:\\\/\\\/www.webdo.tn\\\/fr\\\/?s={search_term_string}\"},\"query-input\":{\"@type\":\"PropertyValueSpecification\",\"valueRequired\":true,\"valueName\":\"search_term_string\"}}],\"inLanguage\":\"fr-FR\"},{\"@type\":\"Organization\",\"@id\":\"https:\\\/\\\/www.webdo.tn\\\/fr\\\/#organization\",\"name\":\"Webdo\",\"alternateName\":\"Webdo.tn\",\"url\":\"https:\\\/\\\/www.webdo.tn\\\/fr\\\/\",\"logo\":{\"@type\":\"ImageObject\",\"inLanguage\":\"fr-FR\",\"@id\":\"https:\\\/\\\/www.webdo.tn\\\/fr\\\/#\\\/schema\\\/logo\\\/image\\\/\",\"url\":\"https:\\\/\\\/www.webdo.tn\\\/fr\\\/wp-content\\\/uploads\\\/2025\\\/06\\\/Webdo-Tunisie_168377.jpg\",\"contentUrl\":\"https:\\\/\\\/www.webdo.tn\\\/fr\\\/wp-content\\\/uploads\\\/2025\\\/06\\\/Webdo-Tunisie_168377.jpg\",\"width\":301,\"height\":301,\"caption\":\"Webdo\"},\"image\":{\"@id\":\"https:\\\/\\\/www.webdo.tn\\\/fr\\\/#\\\/schema\\\/logo\\\/image\\\/\"},\"sameAs\":[\"https:\\\/\\\/www.facebook.com\\\/webdotn\",\"https:\\\/\\\/x.com\\\/webdo_tn\"],\"description\":\"Webdo est un m\u00e9dia num\u00e9rique tunisien fond\u00e9 en 2010, sp\u00e9cialis\u00e9 dans l\u2019actualit\u00e9 nationale et internationale, l\u2019\u00e9conomie, la soci\u00e9t\u00e9 et les analyses politiques. Le site s\u2019adresse \u00e0 un large public francophone et couvre l\u2019information tunisienne en temps r\u00e9el.\",\"email\":\"redac@webdo.tn\",\"legalName\":\"YNJ SARL\",\"foundingDate\":\"2010-09-06\",\"numberOfEmployees\":{\"@type\":\"QuantitativeValue\",\"minValue\":\"11\",\"maxValue\":\"50\"}},{\"@type\":\"Person\",\"@id\":\"https:\\\/\\\/www.webdo.tn\\\/fr\\\/#\\\/schema\\\/person\\\/2c4929cbf5a809e3bd38617c6ce150f6\",\"name\":\"MC\",\"image\":{\"@type\":\"ImageObject\",\"inLanguage\":\"fr-FR\",\"@id\":\"https:\\\/\\\/secure.gravatar.com\\\/avatar\\\/a545bbb6f84efdd5553dbbc2895e3ca8f1d12c5215e00a041c9670b54aa9b18a?s=96&d=mm&r=g\",\"url\":\"https:\\\/\\\/secure.gravatar.com\\\/avatar\\\/a545bbb6f84efdd5553dbbc2895e3ca8f1d12c5215e00a041c9670b54aa9b18a?s=96&d=mm&r=g\",\"contentUrl\":\"https:\\\/\\\/secure.gravatar.com\\\/avatar\\\/a545bbb6f84efdd5553dbbc2895e3ca8f1d12c5215e00a041c9670b54aa9b18a?s=96&d=mm&r=g\",\"caption\":\"MC\"},\"url\":\"https:\\\/\\\/www.webdo.tn\\\/fr\\\/actualite\\\/author\\\/mc\\\/\"}]}<\/script>\n<!-- \/ Yoast SEO Premium plugin. -->","yoast_head_json":{"title":"25 bless\u00e9s dans les rangs de la police : Des supporters de l'Esp\u00e9rance ST poursuivis en justice","description":"Un groupe de supporters de l\u2019Esp\u00e9rance ST va \u00eatre poursuivi en justice, a annonc\u00e9 aujourd\u2019hui le minist\u00e8re de l\u2019Int\u00e9rieur, qui a d\u00e9cid\u00e9 de porter plainte contre...","canonical":"https:\/\/www.webdo.tn\/fr\/actualite\/sport\/25-blesses-dans-les-rangs-de-la-police-des-supporters-de-l-esperance-st-poursuivis-en-justice\/205183\/","og_locale":"fr_FR","og_type":"article","og_title":"25 bless\u00e9s dans les rangs de la police : Des supporters de l'Esp\u00e9rance ST poursuivis en justice","og_description":"Un groupe de supporters de l\u2019Esp\u00e9rance ST va \u00eatre poursuivi en justice, a annonc\u00e9 aujourd\u2019hui le minist\u00e8re de l\u2019Int\u00e9rieur, qui a d\u00e9cid\u00e9 de porter plainte contre...","og_url":"https:\/\/www.webdo.tn\/fr\/actualite\/sport\/25-blesses-dans-les-rangs-de-la-police-des-supporters-de-l-esperance-st-poursuivis-en-justice\/205183\/","og_site_name":"webdo","article_publisher":"https:\/\/www.facebook.com\/webdotn","article_published_time":"2023-04-26T14:44:00+00:00","article_modified_time":"2025-05-20T22:00:30+00:00","og_image":[{"width":750,"height":400,"url":"https:\/\/www.webdo.tn\/fr\/wp-content\/uploads\/2023\/04\/b666364e6e5dac9778d8cf07ca9e75da.jpg","type":"image\/jpeg"}],"author":"MC","twitter_card":"summary_large_image","twitter_creator":"@webdo_tn","twitter_site":"@webdo_tn","twitter_misc":{"\u00c9crit par":"MC","Dur\u00e9e de lecture estim\u00e9e":"1 minute"},"schema":{"@context":"https:\/\/schema.org","@graph":[{"@type":"NewsArticle","@id":"https:\/\/www.webdo.tn\/fr\/actualite\/sport\/25-blesses-dans-les-rangs-de-la-police-des-supporters-de-l-esperance-st-poursuivis-en-justice\/205183\/#article","isPartOf":{"@id":"https:\/\/www.webdo.tn\/fr\/actualite\/sport\/25-blesses-dans-les-rangs-de-la-police-des-supporters-de-l-esperance-st-poursuivis-en-justice\/205183\/"},"author":{"name":"MC","@id":"https:\/\/www.webdo.tn\/fr\/#\/schema\/person\/2c4929cbf5a809e3bd38617c6ce150f6"},"headline":"25 bless\u00e9s dans les rangs de la police : Des supporters de l&rsquo;Esp\u00e9rance ST poursuivis en justice","datePublished":"2023-04-26T14:44:00+00:00","dateModified":"2025-05-20T22:00:30+00:00","mainEntityOfPage":{"@id":"https:\/\/www.webdo.tn\/fr\/actualite\/sport\/25-blesses-dans-les-rangs-de-la-police-des-supporters-de-l-esperance-st-poursuivis-en-justice\/205183\/"},"wordCount":268,"commentCount":0,"publisher":{"@id":"https:\/\/www.webdo.tn\/fr\/#organization"},"image":{"@id":"https:\/\/www.webdo.tn\/fr\/actualite\/sport\/25-blesses-dans-les-rangs-de-la-police-des-supporters-de-l-esperance-st-poursuivis-en-justice\/205183\/#primaryimage"},"thumbnailUrl":"https:\/\/www.webdo.tn\/fr\/wp-content\/uploads\/2023\/04\/b666364e6e5dac9778d8cf07ca9e75da.jpg","keywords":["bless\u00e9s","esp\u00e9rance st","police","supporters"],"articleSection":["Sport"],"inLanguage":"fr-FR"},{"@type":"WebPage","@id":"https:\/\/www.webdo.tn\/fr\/actualite\/sport\/25-blesses-dans-les-rangs-de-la-police-des-supporters-de-l-esperance-st-poursuivis-en-justice\/205183\/","url":"https:\/\/www.webdo.tn\/fr\/actualite\/sport\/25-blesses-dans-les-rangs-de-la-police-des-supporters-de-l-esperance-st-poursuivis-en-justice\/205183\/","name":"25 bless\u00e9s dans les rangs de la police : Des supporters de l'Esp\u00e9rance ST poursuivis en justice","isPartOf":{"@id":"https:\/\/www.webdo.tn\/fr\/#website"},"primaryImageOfPage":{"@id":"https:\/\/www.webdo.tn\/fr\/actualite\/sport\/25-blesses-dans-les-rangs-de-la-police-des-supporters-de-l-esperance-st-poursuivis-en-justice\/205183\/#primaryimage"},"image":{"@id":"https:\/\/www.webdo.tn\/fr\/actualite\/sport\/25-blesses-dans-les-rangs-de-la-police-des-supporters-de-l-esperance-st-poursuivis-en-justice\/205183\/#primaryimage"},"thumbnailUrl":"https:\/\/www.webdo.tn\/fr\/wp-content\/uploads\/2023\/04\/b666364e6e5dac9778d8cf07ca9e75da.jpg","datePublished":"2023-04-26T14:44:00+00:00","dateModified":"2025-05-20T22:00:30+00:00","description":"Un groupe de supporters de l\u2019Esp\u00e9rance ST va \u00eatre poursuivi en justice, a annonc\u00e9 aujourd\u2019hui le minist\u00e8re de l\u2019Int\u00e9rieur, qui a d\u00e9cid\u00e9 de porter plainte contre...","breadcrumb":{"@id":"https:\/\/www.webdo.tn\/fr\/actualite\/sport\/25-blesses-dans-les-rangs-de-la-police-des-supporters-de-l-esperance-st-poursuivis-en-justice\/205183\/#breadcrumb"},"inLanguage":"fr-FR","potentialAction":[{"@type":"ReadAction","target":["https:\/\/www.webdo.tn\/fr\/actualite\/sport\/25-blesses-dans-les-rangs-de-la-police-des-supporters-de-l-esperance-st-poursuivis-en-justice\/205183\/"]}]},{"@type":"ImageObject","inLanguage":"fr-FR","@id":"https:\/\/www.webdo.tn\/fr\/actualite\/sport\/25-blesses-dans-les-rangs-de-la-police-des-supporters-de-l-esperance-st-poursuivis-en-justice\/205183\/#primaryimage","url":"https:\/\/www.webdo.tn\/fr\/wp-content\/uploads\/2023\/04\/b666364e6e5dac9778d8cf07ca9e75da.jpg","contentUrl":"https:\/\/www.webdo.tn\/fr\/wp-content\/uploads\/2023\/04\/b666364e6e5dac9778d8cf07ca9e75da.jpg","width":750,"height":400,"caption":"25 bless\u00e9s dans les rangs de la police : Des supporters de l'Esp\u00e9rance ST poursuivis en justice"},{"@type":"BreadcrumbList","@id":"https:\/\/www.webdo.tn\/fr\/actualite\/sport\/25-blesses-dans-les-rangs-de-la-police-des-supporters-de-l-esperance-st-poursuivis-en-justice\/205183\/#breadcrumb","itemListElement":[{"@type":"ListItem","position":1,"name":"Accueil","item":"https:\/\/www.webdo.tn\/fr\/"},{"@type":"ListItem","position":2,"name":"25 bless\u00e9s dans les rangs de la police : Des supporters de l&rsquo;Esp\u00e9rance ST poursuivis en justice"}]},{"@type":"WebSite","@id":"https:\/\/www.webdo.tn\/fr\/#website","url":"https:\/\/www.webdo.tn\/fr\/","name":"webdo","description":"Tunisie - News en Tunisie et \u00e0 l&#039;international sur Webdo.tn","publisher":{"@id":"https:\/\/www.webdo.tn\/fr\/#organization"},"potentialAction":[{"@type":"SearchAction","target":{"@type":"EntryPoint","urlTemplate":"https:\/\/www.webdo.tn\/fr\/?s={search_term_string}"},"query-input":{"@type":"PropertyValueSpecification","valueRequired":true,"valueName":"search_term_string"}}],"inLanguage":"fr-FR"},{"@type":"Organization","@id":"https:\/\/www.webdo.tn\/fr\/#organization","name":"Webdo","alternateName":"Webdo.tn","url":"https:\/\/www.webdo.tn\/fr\/","logo":{"@type":"ImageObject","inLanguage":"fr-FR","@id":"https:\/\/www.webdo.tn\/fr\/#\/schema\/logo\/image\/","url":"https:\/\/www.webdo.tn\/fr\/wp-content\/uploads\/2025\/06\/Webdo-Tunisie_168377.jpg","contentUrl":"https:\/\/www.webdo.tn\/fr\/wp-content\/uploads\/2025\/06\/Webdo-Tunisie_168377.jpg","width":301,"height":301,"caption":"Webdo"},"image":{"@id":"https:\/\/www.webdo.tn\/fr\/#\/schema\/logo\/image\/"},"sameAs":["https:\/\/www.facebook.com\/webdotn","https:\/\/x.com\/webdo_tn"],"description":"Webdo est un m\u00e9dia num\u00e9rique tunisien fond\u00e9 en 2010, sp\u00e9cialis\u00e9 dans l\u2019actualit\u00e9 nationale et internationale, l\u2019\u00e9conomie, la soci\u00e9t\u00e9 et les analyses politiques. Le site s\u2019adresse \u00e0 un large public francophone et couvre l\u2019information tunisienne en temps r\u00e9el.","email":"redac@webdo.tn","legalName":"YNJ SARL","foundingDate":"2010-09-06","numberOfEmployees":{"@type":"QuantitativeValue","minValue":"11","maxValue":"50"}},{"@type":"Person","@id":"https:\/\/www.webdo.tn\/fr\/#\/schema\/person\/2c4929cbf5a809e3bd38617c6ce150f6","name":"MC","image":{"@type":"ImageObject","inLanguage":"fr-FR","@id":"https:\/\/secure.gravatar.com\/avatar\/a545bbb6f84efdd5553dbbc2895e3ca8f1d12c5215e00a041c9670b54aa9b18a?s=96&d=mm&r=g","url":"https:\/\/secure.gravatar.com\/avatar\/a545bbb6f84efdd5553dbbc2895e3ca8f1d12c5215e00a041c9670b54aa9b18a?s=96&d=mm&r=g","contentUrl":"https:\/\/secure.gravatar.com\/avatar\/a545bbb6f84efdd5553dbbc2895e3ca8f1d12c5215e00a041c9670b54aa9b18a?s=96&d=mm&r=g","caption":"MC"},"url":"https:\/\/www.webdo.tn\/fr\/actualite\/author\/mc\/"}]}},"_links":{"self":[{"href":"https:\/\/www.webdo.tn\/fr\/wp-json\/wp\/v2\/posts\/205183","targetHints":{"allow":["GET"]}}],"collection":[{"href":"https:\/\/www.webdo.tn\/fr\/wp-json\/wp\/v2\/posts"}],"about":[{"href":"https:\/\/www.webdo.tn\/fr\/wp-json\/wp\/v2\/types\/post"}],"author":[{"embeddable":true,"href":"https:\/\/www.webdo.tn\/fr\/wp-json\/wp\/v2\/users\/3162"}],"replies":[{"embeddable":true,"href":"https:\/\/www.webdo.tn\/fr\/wp-json\/wp\/v2\/comments?post=205183"}],"version-history":[{"count":0,"href":"https:\/\/www.webdo.tn\/fr\/wp-json\/wp\/v2\/posts\/205183\/revisions"}],"wp:featuredmedia":[{"embeddable":true,"href":"https:\/\/www.webdo.tn\/fr\/wp-json\/wp\/v2\/media\/251324"}],"wp:attachment":[{"href":"https:\/\/www.webdo.tn\/fr\/wp-json\/wp\/v2\/media?parent=205183"}],"wp:term":[{"taxonomy":"category","embeddable":true,"href":"https:\/\/www.webdo.tn\/fr\/wp-json\/wp\/v2\/categories?post=205183"},{"taxonomy":"post_tag","embeddable":true,"href":"https:\/\/www.webdo.tn\/fr\/wp-json\/wp\/v2\/tags?post=205183"}],"curies":[{"name":"wp","href":"https:\/\/api.w.org\/{rel}","templated":true}]}}