{"id":205178,"date":"2023-04-26T12:07:00","date_gmt":"2023-04-26T12:07:00","guid":{"rendered":"https:\/\/www.webdo.tn\/fr\/blog\/impulsion-italienne-pour-une-aide-financiere-a-la-tunisie-en-echange-de-reformes\/205178\/"},"modified":"2025-05-20T22:00:29","modified_gmt":"2025-05-20T22:00:29","slug":"impulsion-italienne-pour-une-aide-financiere-a-la-tunisie-en-echange-de-reformes","status":"publish","type":"post","link":"https:\/\/www.webdo.tn\/fr\/actualite\/national\/impulsion-italienne-pour-une-aide-financiere-a-la-tunisie-en-echange-de-reformes\/205178\/","title":{"rendered":"Impulsion italienne pour une aide financi\u00e8re \u00e0 la Tunisie en \u00e9change de r\u00e9formes"},"content":{"rendered":"<p>Le Conseil des affaires \u00e9trang\u00e8res de l\u2019UE a tenu une r\u00e9union, lundi 24 avril qui a \u00e9t\u00e9 consacr\u00e9e \u00e0 l\u2019invasion russe en Ukraine et au plan d\u2019action de l\u2019UE sur les cons\u00e9quences g\u00e9opolitiques de la guerre.<\/p>\n<p>\t\t\t\t\t\t\t\t\tDans le cadre de ce Conseil des affaires \u00e9trang\u00e8res de l\u2019Union europ\u00e9enne, les ministres ont abord\u00e9 les sujets se rapportant \u00e0 la situation au Soudan, en Tunisie, en Moldavie, en Chine, au Liban et au processus de paix au Proche-Orient.<\/p>\n<p>Concernant la Tunisie, l\u2019Italie a propos\u00e9 un financement en \u00e9change de r\u00e9formes \u00e9conomiques et politiques consciente du fait que la Tunisie est un pays cl\u00e9 pour la stabilit\u00e9 en M\u00e9diterran\u00e9e et en Afrique du Nord.<\/p>\n<p>D\u2019ailleurs, le ministre italien des Affaires \u00e9trang\u00e8res, Antonio Tajani, avait d\u00e9clar\u00e9 au d\u00e9but du mois que l\u2019Italie avait d\u00e9cid\u00e9 d\u2019octroyer 100 millions d\u2019euros, dont 50 millions pour les PME tunisiennes.<\/p>\n<p>L\u2019UE ne souhaite pas que la Tunisie s\u2019effondre<\/p>\n<p>Il avait \u00e9galement soulign\u00e9 que son pays faisait pression sur le FMI en vue d\u2019accorder \u00e0 la Tunisie la premi\u00e8re tranche de l\u2019accord en cours de n\u00e9gociation et \u00e9viter qu\u2019une crise ne porte atteinte \u00e0 la s\u00e9curit\u00e9 dans toute la r\u00e9gion nord-africaine.<\/p>\n<p>Lundi, les ministres r\u00e9unis n\u2019ont pris aucune d\u00e9cision quant \u00e0 la situation en Tunisie. Un diplomate, qui a choisi de rester anonyme, a soulign\u00e9 la difficult\u00e9 de la situation, estimant que \u00ab\u00a0l\u2019UE ne souhaite pas que la Tunisie s\u2019effondre, car cela aurait des r\u00e9percussions n\u00e9gatives, notamment sur la question migratoire, mais qu\u2019elle ne peut pas non plus fermer les yeux sur la d\u00e9mocratie, les droits de l\u2019homme et l\u2019\u00c9tat de droit, car cela ne ferait qu\u2019accentuer l\u2019instabilit\u00e9 du pays et cr\u00e9er le m\u00eame r\u00e9sultat que l\u2019UE cherche \u00e0 \u00e9viter\u00a0\u00bb.<\/p>\n<p>\u00a0\u00bbLaisser la Tunisie aux Russes et aux Chinois est une erreur\u00a0\u00bb<\/p>\n<p>Antonio Tajani, a par ailleurs \u00e9voqu\u00e9, dans des d\u00e9clarations m\u00e9diatiques, la n\u00e9cessit\u00e9 d&rsquo;une pr\u00e9sence politique et financi\u00e8re des Etats-Unis et de l&rsquo;Europe en Tunisie.<\/p>\n<p>Faisant allusion au blocage des n\u00e9gociations entre la Tunisie et le FMI, il a fait savoir que \u00ab\u00a0laisser la Tunisie entre les mains de la Russie et de la Chine\u00a0\u00bb est une erreur que l&rsquo;Occident doit \u00e9viter.<\/p>\n<p>\u00ab\u00a0Nous avons propos\u00e9 \u00e0 l&rsquo;Union europ\u00e9enne, au FMI et aux Etats-Unis de d\u00e9bloquer une premi\u00e8re tranche du cr\u00e9dit estim\u00e9 \u00e0 1.9 milliards de dollars, dans l&rsquo;imm\u00e9diat et de n\u00e9gocier la deuxi\u00e8me et la troisi\u00e8me tranches, sur la base des r\u00e9formes engag\u00e9es par la Tunisie\u00a0\u00bb, a-t-il indiqu\u00e9.<\/p>\n","protected":false},"excerpt":{"rendered":"<p>Le Conseil des affaires \u00e9trang\u00e8res de l\u2019UE a tenu une r\u00e9union, lundi 24 avril qui a \u00e9t\u00e9 consacr\u00e9e \u00e0 l\u2019invasion russe en Ukraine et au plan d\u2019action de l\u2019UE sur&#8230;<\/p>\n","protected":false},"author":3162,"featured_media":251321,"comment_status":"open","ping_status":"closed","sticky":false,"template":"","format":"standard","meta":{"footnotes":""},"categories":[44],"tags":[2774,2660,2615,3130,2608,2896],"class_list":["post-205178","post","type-post","status-publish","format-standard","has-post-thumbnail","hentry","category-national","tag-aide","tag-italie","tag-migration","tag-reformes","tag-tunisie","tag-union-europeenne"],"yoast_head":"<!-- This site is optimized with the Yoast SEO Premium plugin v27.4 (Yoast SEO v27.4) - https:\/\/yoast.com\/product\/yoast-seo-premium-wordpress\/ -->\n<title>Impulsion italienne pour une aide financi\u00e8re \u00e0 la Tunisie en \u00e9change de r\u00e9formes<\/title>\n<meta name=\"description\" content=\"Le Conseil des affaires \u00e9trang\u00e8res de l\u2019UE a tenu une r\u00e9union, lundi 24 avril qui a \u00e9t\u00e9 consacr\u00e9e \u00e0 l\u2019invasion russe en Ukraine et au plan d\u2019action de l\u2019UE sur...\" \/>\n<link rel=\"canonical\" href=\"https:\/\/www.webdo.tn\/fr\/actualite\/national\/impulsion-italienne-pour-une-aide-financiere-a-la-tunisie-en-echange-de-reformes\/205178\/\" \/>\n<meta property=\"og:locale\" content=\"fr_FR\" \/>\n<meta property=\"og:type\" content=\"article\" \/>\n<meta property=\"og:title\" content=\"Impulsion italienne pour une aide financi\u00e8re \u00e0 la Tunisie en \u00e9change de r\u00e9formes\" \/>\n<meta property=\"og:description\" content=\"Le Conseil des affaires \u00e9trang\u00e8res de l\u2019UE a tenu une r\u00e9union, lundi 24 avril qui a \u00e9t\u00e9 consacr\u00e9e \u00e0 l\u2019invasion russe en Ukraine et au plan d\u2019action de l\u2019UE sur...\" \/>\n<meta property=\"og:url\" content=\"https:\/\/www.webdo.tn\/fr\/actualite\/national\/impulsion-italienne-pour-une-aide-financiere-a-la-tunisie-en-echange-de-reformes\/205178\/\" \/>\n<meta property=\"og:site_name\" content=\"webdo\" \/>\n<meta property=\"article:publisher\" content=\"https:\/\/www.facebook.com\/webdotn\" \/>\n<meta property=\"article:published_time\" content=\"2023-04-26T12:07:00+00:00\" \/>\n<meta property=\"article:modified_time\" content=\"2025-05-20T22:00:29+00:00\" \/>\n<meta property=\"og:image\" content=\"https:\/\/www.webdo.tn\/fr\/wp-content\/uploads\/2023\/04\/c33c319be05e9843b64400accf2c6115.jpg\" \/>\n\t<meta property=\"og:image:width\" content=\"750\" \/>\n\t<meta property=\"og:image:height\" content=\"400\" \/>\n\t<meta property=\"og:image:type\" content=\"image\/jpeg\" \/>\n<meta name=\"author\" content=\"MC\" \/>\n<meta name=\"twitter:card\" content=\"summary_large_image\" \/>\n<meta name=\"twitter:creator\" content=\"@webdo_tn\" \/>\n<meta name=\"twitter:site\" content=\"@webdo_tn\" \/>\n<meta name=\"twitter:label1\" content=\"\u00c9crit par\" \/>\n\t<meta name=\"twitter:data1\" content=\"MC\" \/>\n\t<meta name=\"twitter:label2\" content=\"Dur\u00e9e de lecture estim\u00e9e\" \/>\n\t<meta name=\"twitter:data2\" content=\"2 minutes\" \/>\n<script type=\"application\/ld+json\" class=\"yoast-schema-graph\">{\"@context\":\"https:\\\/\\\/schema.org\",\"@graph\":[{\"@type\":\"NewsArticle\",\"@id\":\"https:\\\/\\\/www.webdo.tn\\\/fr\\\/actualite\\\/national\\\/impulsion-italienne-pour-une-aide-financiere-a-la-tunisie-en-echange-de-reformes\\\/205178\\\/#article\",\"isPartOf\":{\"@id\":\"https:\\\/\\\/www.webdo.tn\\\/fr\\\/actualite\\\/national\\\/impulsion-italienne-pour-une-aide-financiere-a-la-tunisie-en-echange-de-reformes\\\/205178\\\/\"},\"author\":{\"name\":\"MC\",\"@id\":\"https:\\\/\\\/www.webdo.tn\\\/fr\\\/#\\\/schema\\\/person\\\/2c4929cbf5a809e3bd38617c6ce150f6\"},\"headline\":\"Impulsion italienne pour une aide financi\u00e8re \u00e0 la Tunisie en \u00e9change de r\u00e9formes\",\"datePublished\":\"2023-04-26T12:07:00+00:00\",\"dateModified\":\"2025-05-20T22:00:29+00:00\",\"mainEntityOfPage\":{\"@id\":\"https:\\\/\\\/www.webdo.tn\\\/fr\\\/actualite\\\/national\\\/impulsion-italienne-pour-une-aide-financiere-a-la-tunisie-en-echange-de-reformes\\\/205178\\\/\"},\"wordCount\":471,\"commentCount\":0,\"publisher\":{\"@id\":\"https:\\\/\\\/www.webdo.tn\\\/fr\\\/#organization\"},\"image\":{\"@id\":\"https:\\\/\\\/www.webdo.tn\\\/fr\\\/actualite\\\/national\\\/impulsion-italienne-pour-une-aide-financiere-a-la-tunisie-en-echange-de-reformes\\\/205178\\\/#primaryimage\"},\"thumbnailUrl\":\"https:\\\/\\\/www.webdo.tn\\\/fr\\\/wp-content\\\/uploads\\\/2023\\\/04\\\/c33c319be05e9843b64400accf2c6115.jpg\",\"keywords\":[\"aide\",\"Italie\",\"Migration\",\"r\u00e9formes\",\"Tunisie\",\"Union europ\u00e9enne\"],\"articleSection\":[\"National\"],\"inLanguage\":\"fr-FR\"},{\"@type\":\"WebPage\",\"@id\":\"https:\\\/\\\/www.webdo.tn\\\/fr\\\/actualite\\\/national\\\/impulsion-italienne-pour-une-aide-financiere-a-la-tunisie-en-echange-de-reformes\\\/205178\\\/\",\"url\":\"https:\\\/\\\/www.webdo.tn\\\/fr\\\/actualite\\\/national\\\/impulsion-italienne-pour-une-aide-financiere-a-la-tunisie-en-echange-de-reformes\\\/205178\\\/\",\"name\":\"Impulsion italienne pour une aide financi\u00e8re \u00e0 la Tunisie en \u00e9change de r\u00e9formes\",\"isPartOf\":{\"@id\":\"https:\\\/\\\/www.webdo.tn\\\/fr\\\/#website\"},\"primaryImageOfPage\":{\"@id\":\"https:\\\/\\\/www.webdo.tn\\\/fr\\\/actualite\\\/national\\\/impulsion-italienne-pour-une-aide-financiere-a-la-tunisie-en-echange-de-reformes\\\/205178\\\/#primaryimage\"},\"image\":{\"@id\":\"https:\\\/\\\/www.webdo.tn\\\/fr\\\/actualite\\\/national\\\/impulsion-italienne-pour-une-aide-financiere-a-la-tunisie-en-echange-de-reformes\\\/205178\\\/#primaryimage\"},\"thumbnailUrl\":\"https:\\\/\\\/www.webdo.tn\\\/fr\\\/wp-content\\\/uploads\\\/2023\\\/04\\\/c33c319be05e9843b64400accf2c6115.jpg\",\"datePublished\":\"2023-04-26T12:07:00+00:00\",\"dateModified\":\"2025-05-20T22:00:29+00:00\",\"description\":\"Le Conseil des affaires \u00e9trang\u00e8res de l\u2019UE a tenu une r\u00e9union, lundi 24 avril qui a \u00e9t\u00e9 consacr\u00e9e \u00e0 l\u2019invasion russe en Ukraine et au plan d\u2019action de l\u2019UE sur...\",\"breadcrumb\":{\"@id\":\"https:\\\/\\\/www.webdo.tn\\\/fr\\\/actualite\\\/national\\\/impulsion-italienne-pour-une-aide-financiere-a-la-tunisie-en-echange-de-reformes\\\/205178\\\/#breadcrumb\"},\"inLanguage\":\"fr-FR\",\"potentialAction\":[{\"@type\":\"ReadAction\",\"target\":[\"https:\\\/\\\/www.webdo.tn\\\/fr\\\/actualite\\\/national\\\/impulsion-italienne-pour-une-aide-financiere-a-la-tunisie-en-echange-de-reformes\\\/205178\\\/\"]}]},{\"@type\":\"ImageObject\",\"inLanguage\":\"fr-FR\",\"@id\":\"https:\\\/\\\/www.webdo.tn\\\/fr\\\/actualite\\\/national\\\/impulsion-italienne-pour-une-aide-financiere-a-la-tunisie-en-echange-de-reformes\\\/205178\\\/#primaryimage\",\"url\":\"https:\\\/\\\/www.webdo.tn\\\/fr\\\/wp-content\\\/uploads\\\/2023\\\/04\\\/c33c319be05e9843b64400accf2c6115.jpg\",\"contentUrl\":\"https:\\\/\\\/www.webdo.tn\\\/fr\\\/wp-content\\\/uploads\\\/2023\\\/04\\\/c33c319be05e9843b64400accf2c6115.jpg\",\"width\":750,\"height\":400,\"caption\":\"Impulsion italienne pour une aide financi\u00e8re \u00e0 la Tunisie en \u00e9change de r\u00e9formes\"},{\"@type\":\"BreadcrumbList\",\"@id\":\"https:\\\/\\\/www.webdo.tn\\\/fr\\\/actualite\\\/national\\\/impulsion-italienne-pour-une-aide-financiere-a-la-tunisie-en-echange-de-reformes\\\/205178\\\/#breadcrumb\",\"itemListElement\":[{\"@type\":\"ListItem\",\"position\":1,\"name\":\"Accueil\",\"item\":\"https:\\\/\\\/www.webdo.tn\\\/fr\\\/\"},{\"@type\":\"ListItem\",\"position\":2,\"name\":\"Impulsion italienne pour une aide financi\u00e8re \u00e0 la Tunisie en \u00e9change de r\u00e9formes\"}]},{\"@type\":\"WebSite\",\"@id\":\"https:\\\/\\\/www.webdo.tn\\\/fr\\\/#website\",\"url\":\"https:\\\/\\\/www.webdo.tn\\\/fr\\\/\",\"name\":\"webdo\",\"description\":\"Tunisie - News en Tunisie et \u00e0 l&#039;international sur Webdo.tn\",\"publisher\":{\"@id\":\"https:\\\/\\\/www.webdo.tn\\\/fr\\\/#organization\"},\"potentialAction\":[{\"@type\":\"SearchAction\",\"target\":{\"@type\":\"EntryPoint\",\"urlTemplate\":\"https:\\\/\\\/www.webdo.tn\\\/fr\\\/?s={search_term_string}\"},\"query-input\":{\"@type\":\"PropertyValueSpecification\",\"valueRequired\":true,\"valueName\":\"search_term_string\"}}],\"inLanguage\":\"fr-FR\"},{\"@type\":\"Organization\",\"@id\":\"https:\\\/\\\/www.webdo.tn\\\/fr\\\/#organization\",\"name\":\"Webdo\",\"alternateName\":\"Webdo.tn\",\"url\":\"https:\\\/\\\/www.webdo.tn\\\/fr\\\/\",\"logo\":{\"@type\":\"ImageObject\",\"inLanguage\":\"fr-FR\",\"@id\":\"https:\\\/\\\/www.webdo.tn\\\/fr\\\/#\\\/schema\\\/logo\\\/image\\\/\",\"url\":\"https:\\\/\\\/www.webdo.tn\\\/fr\\\/wp-content\\\/uploads\\\/2025\\\/06\\\/Webdo-Tunisie_168377.jpg\",\"contentUrl\":\"https:\\\/\\\/www.webdo.tn\\\/fr\\\/wp-content\\\/uploads\\\/2025\\\/06\\\/Webdo-Tunisie_168377.jpg\",\"width\":301,\"height\":301,\"caption\":\"Webdo\"},\"image\":{\"@id\":\"https:\\\/\\\/www.webdo.tn\\\/fr\\\/#\\\/schema\\\/logo\\\/image\\\/\"},\"sameAs\":[\"https:\\\/\\\/www.facebook.com\\\/webdotn\",\"https:\\\/\\\/x.com\\\/webdo_tn\"],\"description\":\"Webdo est un m\u00e9dia num\u00e9rique tunisien fond\u00e9 en 2010, sp\u00e9cialis\u00e9 dans l\u2019actualit\u00e9 nationale et internationale, l\u2019\u00e9conomie, la soci\u00e9t\u00e9 et les analyses politiques. Le site s\u2019adresse \u00e0 un large public francophone et couvre l\u2019information tunisienne en temps r\u00e9el.\",\"email\":\"redac@webdo.tn\",\"legalName\":\"YNJ SARL\",\"foundingDate\":\"2010-09-06\",\"numberOfEmployees\":{\"@type\":\"QuantitativeValue\",\"minValue\":\"11\",\"maxValue\":\"50\"}},{\"@type\":\"Person\",\"@id\":\"https:\\\/\\\/www.webdo.tn\\\/fr\\\/#\\\/schema\\\/person\\\/2c4929cbf5a809e3bd38617c6ce150f6\",\"name\":\"MC\",\"image\":{\"@type\":\"ImageObject\",\"inLanguage\":\"fr-FR\",\"@id\":\"https:\\\/\\\/secure.gravatar.com\\\/avatar\\\/a545bbb6f84efdd5553dbbc2895e3ca8f1d12c5215e00a041c9670b54aa9b18a?s=96&d=mm&r=g\",\"url\":\"https:\\\/\\\/secure.gravatar.com\\\/avatar\\\/a545bbb6f84efdd5553dbbc2895e3ca8f1d12c5215e00a041c9670b54aa9b18a?s=96&d=mm&r=g\",\"contentUrl\":\"https:\\\/\\\/secure.gravatar.com\\\/avatar\\\/a545bbb6f84efdd5553dbbc2895e3ca8f1d12c5215e00a041c9670b54aa9b18a?s=96&d=mm&r=g\",\"caption\":\"MC\"},\"url\":\"https:\\\/\\\/www.webdo.tn\\\/fr\\\/actualite\\\/author\\\/mc\\\/\"}]}<\/script>\n<!-- \/ Yoast SEO Premium plugin. -->","yoast_head_json":{"title":"Impulsion italienne pour une aide financi\u00e8re \u00e0 la Tunisie en \u00e9change de r\u00e9formes","description":"Le Conseil des affaires \u00e9trang\u00e8res de l\u2019UE a tenu une r\u00e9union, lundi 24 avril qui a \u00e9t\u00e9 consacr\u00e9e \u00e0 l\u2019invasion russe en Ukraine et au plan d\u2019action de l\u2019UE sur...","canonical":"https:\/\/www.webdo.tn\/fr\/actualite\/national\/impulsion-italienne-pour-une-aide-financiere-a-la-tunisie-en-echange-de-reformes\/205178\/","og_locale":"fr_FR","og_type":"article","og_title":"Impulsion italienne pour une aide financi\u00e8re \u00e0 la Tunisie en \u00e9change de r\u00e9formes","og_description":"Le Conseil des affaires \u00e9trang\u00e8res de l\u2019UE a tenu une r\u00e9union, lundi 24 avril qui a \u00e9t\u00e9 consacr\u00e9e \u00e0 l\u2019invasion russe en Ukraine et au plan d\u2019action de l\u2019UE sur...","og_url":"https:\/\/www.webdo.tn\/fr\/actualite\/national\/impulsion-italienne-pour-une-aide-financiere-a-la-tunisie-en-echange-de-reformes\/205178\/","og_site_name":"webdo","article_publisher":"https:\/\/www.facebook.com\/webdotn","article_published_time":"2023-04-26T12:07:00+00:00","article_modified_time":"2025-05-20T22:00:29+00:00","og_image":[{"width":750,"height":400,"url":"https:\/\/www.webdo.tn\/fr\/wp-content\/uploads\/2023\/04\/c33c319be05e9843b64400accf2c6115.jpg","type":"image\/jpeg"}],"author":"MC","twitter_card":"summary_large_image","twitter_creator":"@webdo_tn","twitter_site":"@webdo_tn","twitter_misc":{"\u00c9crit par":"MC","Dur\u00e9e de lecture estim\u00e9e":"2 minutes"},"schema":{"@context":"https:\/\/schema.org","@graph":[{"@type":"NewsArticle","@id":"https:\/\/www.webdo.tn\/fr\/actualite\/national\/impulsion-italienne-pour-une-aide-financiere-a-la-tunisie-en-echange-de-reformes\/205178\/#article","isPartOf":{"@id":"https:\/\/www.webdo.tn\/fr\/actualite\/national\/impulsion-italienne-pour-une-aide-financiere-a-la-tunisie-en-echange-de-reformes\/205178\/"},"author":{"name":"MC","@id":"https:\/\/www.webdo.tn\/fr\/#\/schema\/person\/2c4929cbf5a809e3bd38617c6ce150f6"},"headline":"Impulsion italienne pour une aide financi\u00e8re \u00e0 la Tunisie en \u00e9change de r\u00e9formes","datePublished":"2023-04-26T12:07:00+00:00","dateModified":"2025-05-20T22:00:29+00:00","mainEntityOfPage":{"@id":"https:\/\/www.webdo.tn\/fr\/actualite\/national\/impulsion-italienne-pour-une-aide-financiere-a-la-tunisie-en-echange-de-reformes\/205178\/"},"wordCount":471,"commentCount":0,"publisher":{"@id":"https:\/\/www.webdo.tn\/fr\/#organization"},"image":{"@id":"https:\/\/www.webdo.tn\/fr\/actualite\/national\/impulsion-italienne-pour-une-aide-financiere-a-la-tunisie-en-echange-de-reformes\/205178\/#primaryimage"},"thumbnailUrl":"https:\/\/www.webdo.tn\/fr\/wp-content\/uploads\/2023\/04\/c33c319be05e9843b64400accf2c6115.jpg","keywords":["aide","Italie","Migration","r\u00e9formes","Tunisie","Union europ\u00e9enne"],"articleSection":["National"],"inLanguage":"fr-FR"},{"@type":"WebPage","@id":"https:\/\/www.webdo.tn\/fr\/actualite\/national\/impulsion-italienne-pour-une-aide-financiere-a-la-tunisie-en-echange-de-reformes\/205178\/","url":"https:\/\/www.webdo.tn\/fr\/actualite\/national\/impulsion-italienne-pour-une-aide-financiere-a-la-tunisie-en-echange-de-reformes\/205178\/","name":"Impulsion italienne pour une aide financi\u00e8re \u00e0 la Tunisie en \u00e9change de r\u00e9formes","isPartOf":{"@id":"https:\/\/www.webdo.tn\/fr\/#website"},"primaryImageOfPage":{"@id":"https:\/\/www.webdo.tn\/fr\/actualite\/national\/impulsion-italienne-pour-une-aide-financiere-a-la-tunisie-en-echange-de-reformes\/205178\/#primaryimage"},"image":{"@id":"https:\/\/www.webdo.tn\/fr\/actualite\/national\/impulsion-italienne-pour-une-aide-financiere-a-la-tunisie-en-echange-de-reformes\/205178\/#primaryimage"},"thumbnailUrl":"https:\/\/www.webdo.tn\/fr\/wp-content\/uploads\/2023\/04\/c33c319be05e9843b64400accf2c6115.jpg","datePublished":"2023-04-26T12:07:00+00:00","dateModified":"2025-05-20T22:00:29+00:00","description":"Le Conseil des affaires \u00e9trang\u00e8res de l\u2019UE a tenu une r\u00e9union, lundi 24 avril qui a \u00e9t\u00e9 consacr\u00e9e \u00e0 l\u2019invasion russe en Ukraine et au plan d\u2019action de l\u2019UE sur...","breadcrumb":{"@id":"https:\/\/www.webdo.tn\/fr\/actualite\/national\/impulsion-italienne-pour-une-aide-financiere-a-la-tunisie-en-echange-de-reformes\/205178\/#breadcrumb"},"inLanguage":"fr-FR","potentialAction":[{"@type":"ReadAction","target":["https:\/\/www.webdo.tn\/fr\/actualite\/national\/impulsion-italienne-pour-une-aide-financiere-a-la-tunisie-en-echange-de-reformes\/205178\/"]}]},{"@type":"ImageObject","inLanguage":"fr-FR","@id":"https:\/\/www.webdo.tn\/fr\/actualite\/national\/impulsion-italienne-pour-une-aide-financiere-a-la-tunisie-en-echange-de-reformes\/205178\/#primaryimage","url":"https:\/\/www.webdo.tn\/fr\/wp-content\/uploads\/2023\/04\/c33c319be05e9843b64400accf2c6115.jpg","contentUrl":"https:\/\/www.webdo.tn\/fr\/wp-content\/uploads\/2023\/04\/c33c319be05e9843b64400accf2c6115.jpg","width":750,"height":400,"caption":"Impulsion italienne pour une aide financi\u00e8re \u00e0 la Tunisie en \u00e9change de r\u00e9formes"},{"@type":"BreadcrumbList","@id":"https:\/\/www.webdo.tn\/fr\/actualite\/national\/impulsion-italienne-pour-une-aide-financiere-a-la-tunisie-en-echange-de-reformes\/205178\/#breadcrumb","itemListElement":[{"@type":"ListItem","position":1,"name":"Accueil","item":"https:\/\/www.webdo.tn\/fr\/"},{"@type":"ListItem","position":2,"name":"Impulsion italienne pour une aide financi\u00e8re \u00e0 la Tunisie en \u00e9change de r\u00e9formes"}]},{"@type":"WebSite","@id":"https:\/\/www.webdo.tn\/fr\/#website","url":"https:\/\/www.webdo.tn\/fr\/","name":"webdo","description":"Tunisie - News en Tunisie et \u00e0 l&#039;international sur Webdo.tn","publisher":{"@id":"https:\/\/www.webdo.tn\/fr\/#organization"},"potentialAction":[{"@type":"SearchAction","target":{"@type":"EntryPoint","urlTemplate":"https:\/\/www.webdo.tn\/fr\/?s={search_term_string}"},"query-input":{"@type":"PropertyValueSpecification","valueRequired":true,"valueName":"search_term_string"}}],"inLanguage":"fr-FR"},{"@type":"Organization","@id":"https:\/\/www.webdo.tn\/fr\/#organization","name":"Webdo","alternateName":"Webdo.tn","url":"https:\/\/www.webdo.tn\/fr\/","logo":{"@type":"ImageObject","inLanguage":"fr-FR","@id":"https:\/\/www.webdo.tn\/fr\/#\/schema\/logo\/image\/","url":"https:\/\/www.webdo.tn\/fr\/wp-content\/uploads\/2025\/06\/Webdo-Tunisie_168377.jpg","contentUrl":"https:\/\/www.webdo.tn\/fr\/wp-content\/uploads\/2025\/06\/Webdo-Tunisie_168377.jpg","width":301,"height":301,"caption":"Webdo"},"image":{"@id":"https:\/\/www.webdo.tn\/fr\/#\/schema\/logo\/image\/"},"sameAs":["https:\/\/www.facebook.com\/webdotn","https:\/\/x.com\/webdo_tn"],"description":"Webdo est un m\u00e9dia num\u00e9rique tunisien fond\u00e9 en 2010, sp\u00e9cialis\u00e9 dans l\u2019actualit\u00e9 nationale et internationale, l\u2019\u00e9conomie, la soci\u00e9t\u00e9 et les analyses politiques. Le site s\u2019adresse \u00e0 un large public francophone et couvre l\u2019information tunisienne en temps r\u00e9el.","email":"redac@webdo.tn","legalName":"YNJ SARL","foundingDate":"2010-09-06","numberOfEmployees":{"@type":"QuantitativeValue","minValue":"11","maxValue":"50"}},{"@type":"Person","@id":"https:\/\/www.webdo.tn\/fr\/#\/schema\/person\/2c4929cbf5a809e3bd38617c6ce150f6","name":"MC","image":{"@type":"ImageObject","inLanguage":"fr-FR","@id":"https:\/\/secure.gravatar.com\/avatar\/a545bbb6f84efdd5553dbbc2895e3ca8f1d12c5215e00a041c9670b54aa9b18a?s=96&d=mm&r=g","url":"https:\/\/secure.gravatar.com\/avatar\/a545bbb6f84efdd5553dbbc2895e3ca8f1d12c5215e00a041c9670b54aa9b18a?s=96&d=mm&r=g","contentUrl":"https:\/\/secure.gravatar.com\/avatar\/a545bbb6f84efdd5553dbbc2895e3ca8f1d12c5215e00a041c9670b54aa9b18a?s=96&d=mm&r=g","caption":"MC"},"url":"https:\/\/www.webdo.tn\/fr\/actualite\/author\/mc\/"}]}},"_links":{"self":[{"href":"https:\/\/www.webdo.tn\/fr\/wp-json\/wp\/v2\/posts\/205178","targetHints":{"allow":["GET"]}}],"collection":[{"href":"https:\/\/www.webdo.tn\/fr\/wp-json\/wp\/v2\/posts"}],"about":[{"href":"https:\/\/www.webdo.tn\/fr\/wp-json\/wp\/v2\/types\/post"}],"author":[{"embeddable":true,"href":"https:\/\/www.webdo.tn\/fr\/wp-json\/wp\/v2\/users\/3162"}],"replies":[{"embeddable":true,"href":"https:\/\/www.webdo.tn\/fr\/wp-json\/wp\/v2\/comments?post=205178"}],"version-history":[{"count":0,"href":"https:\/\/www.webdo.tn\/fr\/wp-json\/wp\/v2\/posts\/205178\/revisions"}],"wp:featuredmedia":[{"embeddable":true,"href":"https:\/\/www.webdo.tn\/fr\/wp-json\/wp\/v2\/media\/251321"}],"wp:attachment":[{"href":"https:\/\/www.webdo.tn\/fr\/wp-json\/wp\/v2\/media?parent=205178"}],"wp:term":[{"taxonomy":"category","embeddable":true,"href":"https:\/\/www.webdo.tn\/fr\/wp-json\/wp\/v2\/categories?post=205178"},{"taxonomy":"post_tag","embeddable":true,"href":"https:\/\/www.webdo.tn\/fr\/wp-json\/wp\/v2\/tags?post=205178"}],"curies":[{"name":"wp","href":"https:\/\/api.w.org\/{rel}","templated":true}]}}