{"id":205173,"date":"2023-04-26T09:30:00","date_gmt":"2023-04-26T09:30:00","guid":{"rendered":"https:\/\/www.webdo.tn\/fr\/blog\/a-tunis-un-amour-de-jardin-japonais\/205173\/"},"modified":"2023-04-26T09:30:00","modified_gmt":"2023-04-26T09:30:00","slug":"a-tunis-un-amour-de-jardin-japonais","status":"publish","type":"post","link":"https:\/\/www.webdo.tn\/fr\/actualite\/chroniques\/a-tunis-un-amour-de-jardin-japonais\/205173\/","title":{"rendered":"A Tunis, un amour de jardin japonais"},"content":{"rendered":"<p>Ce matin, je me suis install\u00e9 au jardin japonais de Tunis, un lieu d&rsquo;une finesse extr\u00eame-orientale et d&rsquo;une beaut\u00e9 subreptice qui vous envo\u00fbte doucement, sans que vous ne le sachiez, tellement vos sens sont sollicit\u00e9s par une multitude de d\u00e9tails.<\/p>\n<p>\t\t\t\t\t\t\t\t\tDes pierres qui doivent \u00eatre venues tout droit du Japon, des arbres, des pontons et des donjons qu&rsquo;on dirait surgis d&rsquo;un oasis de zenitude. M\u00eame le soleil d&rsquo;avril ne parvient pas \u00e0 \u00e9craser cette \u00eele nippone mais au contraire, la pare d&rsquo;une aur\u00e9ole m\u00e9diterran\u00e9enne.<\/p>\n<p>Je suis assis ici entre coq et rossignol alors que le soleil levant \u00e9claire la nature. Je ressens tr\u00e8s fort que ce jardin est notre invit\u00e9 comme le sont les mosqu\u00e9es ottomanes, les \u00e9glises chr\u00e9tiennes, les immeubles art nouveau ou les sanctuaires juifs.<\/p>\n<p>C&rsquo;est \u00e0 nous d&rsquo;en prendre soin comme nous le ferions pour un ami \u00e9tranger qui nous honore de sa pr\u00e9sence. Assis au milieu de cet eden, je me laisse bercer par le gazouillis des oiseaux qui nichent dans les arbres, dans un gai tumulte parfois froiss\u00e9 par le croassement d&rsquo;une des grenouilles qui vivent dans les bassins.<\/p>\n<p>C&rsquo;est ici que je viens \u00e9crire mes po\u00e8mes sur le mode ha\u00efku et parfois lire ceux de Basho ou Issa, histoire de me retremper dans cet univers insaisissable, aussi fugace qu&rsquo;un souffle, aussi \u00e9ph\u00e9m\u00e8re qu&rsquo;un instant.<\/p>\n<p>Ce matin, le jardin japonais me renvoie \u00e0 mes propres souvenirs et aussi \u00e0 mon amie Maria Dubin qui r\u00eave de vivre dans chaque jardin qu&rsquo;elle croise. Ces derniers jours, son coup de c\u0153ur a battu pour un jardin secret en plein milieu de Sidi Bou Said.<\/p>\n<p>Sinon, elle a sublim\u00e9 au moins deux jardins que la plupart d&rsquo;entre nous ne connaissent pas. Le premier se trouve \u00e0 Copenhague o\u00f9 elle vit. C&rsquo;est un lieu r\u00eav\u00e9 par Karen Blixen que Maria a investi de ses propres r\u00eaves. Le second se trouve \u00e0 Bab Souika, dans un ancien couvent o\u00f9 l&rsquo;artiste danoise s&rsquo;est install\u00e9e pour quelques semaines.<\/p>\n<p>Ces deux jardins sont le pr\u00e9texte de sa nouvelle exposition qui commence samedi \u00e0 la galerie Fahrenheit \u00e0 Carthage. Hier, elle est venue m&rsquo;en parler \u00e0 la radio et nous en avons profit\u00e9 pour nous rem\u00e9morer quelques moments magiques de notre quart de si\u00e8cle d&rsquo;amiti\u00e9.<\/p>\n<p>Silencieusement, mon jardin japonais me projette au Gorjani, le parc o\u00f9 parfois, mes parents se rendaient en amoureux, pour \u00e9chapper un peu aux servitudes de la maisonn\u00e9e. Je me retrouve aussi au Belv\u00e9d\u00e8re, avec mes cousins, dans la lumi\u00e8re flottante des dimanches ensoleill\u00e9s, entre baobabs imaginaires et lianes fantasm\u00e9es.<\/p>\n<p>Je revois aussi la s\u00e9r\u00e9nit\u00e9 du parc qui fait face \u00e0 l&rsquo;\u00e9glise Jeanne d&rsquo;Arc o\u00f9 tant d&rsquo;amis ont pos\u00e9 pour les photographes, apr\u00e8s leurs v\u0153ux de nouveaux mari\u00e9s. Et le jardin Habib Thameur dont les alli\u00e9es rectilignes et les bassins circulaires ont fait nos bonheurs enfantins. Et le square Mongi Bali avec son chalet de n\u00e9cessit\u00e9.<\/p>\n<p>Et les arbres g\u00e9ants du square de l&rsquo;avenue de la Libert\u00e9, d\u00e9racin\u00e9s pour une mosqu\u00e9e. Et tant d&rsquo;autres lieux de verdure, comme des arbres dans la ville b\u00e9tonn\u00e9e.<\/p>\n<p>Je quitte le jardin japonais avec des impressions qui m&rsquo;ont promen\u00e9 entre Tokyo et Osaka, au pied du Fuji Yama et dans les \u00eelots perdus de l&rsquo;archipel nippon.<\/p>\n","protected":false},"excerpt":{"rendered":"<p>Ce matin, je me suis install\u00e9 au jardin japonais de Tunis, un lieu d&rsquo;une finesse extr\u00eame-orientale et d&rsquo;une beaut\u00e9 subreptice qui vous envo\u00fbte doucement, sans q&#8230;<\/p>\n","protected":false},"author":3229,"featured_media":251318,"comment_status":"open","ping_status":"closed","sticky":false,"template":"","format":"standard","meta":{"footnotes":""},"categories":[2596],"tags":[6089,2640],"class_list":["post-205173","post","type-post","status-publish","format-standard","has-post-thumbnail","hentry","category-chroniques","tag-jardin-japonais","tag-tunis"],"yoast_head":"<!-- This site is optimized with the Yoast SEO Premium plugin v27.4 (Yoast SEO v27.5) - https:\/\/yoast.com\/product\/yoast-seo-premium-wordpress\/ -->\n<title>A Tunis, un amour de jardin japonais<\/title>\n<meta name=\"description\" content=\"Ce matin, je me suis install\u00e9 au jardin japonais de Tunis, un lieu d&#039;une finesse extr\u00eame-orientale et d&#039;une beaut\u00e9 subreptice qui vous envo\u00fbte doucement, sans q...\" \/>\n<link rel=\"canonical\" href=\"https:\/\/www.webdo.tn\/fr\/actualite\/chroniques\/a-tunis-un-amour-de-jardin-japonais\/205173\/\" \/>\n<meta property=\"og:locale\" content=\"fr_FR\" \/>\n<meta property=\"og:type\" content=\"article\" \/>\n<meta property=\"og:title\" content=\"A Tunis, un amour de jardin japonais\" \/>\n<meta property=\"og:description\" content=\"Ce matin, je me suis install\u00e9 au jardin japonais de Tunis, un lieu d&#039;une finesse extr\u00eame-orientale et d&#039;une beaut\u00e9 subreptice qui vous envo\u00fbte doucement, sans q...\" \/>\n<meta property=\"og:url\" content=\"https:\/\/www.webdo.tn\/fr\/actualite\/chroniques\/a-tunis-un-amour-de-jardin-japonais\/205173\/\" \/>\n<meta property=\"og:site_name\" content=\"webdo\" \/>\n<meta property=\"article:publisher\" content=\"https:\/\/www.facebook.com\/webdotn\" \/>\n<meta property=\"article:author\" content=\"https:\/\/www.facebook.com\/hatem.bourial.2025\" \/>\n<meta property=\"article:published_time\" content=\"2023-04-26T09:30:00+00:00\" \/>\n<meta property=\"og:image\" content=\"https:\/\/www.webdo.tn\/fr\/wp-content\/uploads\/2023\/04\/9b364ddccdec9812a06121282baa71d1.jpg\" \/>\n\t<meta property=\"og:image:width\" content=\"750\" \/>\n\t<meta property=\"og:image:height\" content=\"400\" \/>\n\t<meta property=\"og:image:type\" content=\"image\/jpeg\" \/>\n<meta name=\"author\" content=\"Hatem Bourial\" \/>\n<meta name=\"twitter:card\" content=\"summary_large_image\" \/>\n<meta name=\"twitter:creator\" content=\"@webdo_tn\" \/>\n<meta name=\"twitter:site\" content=\"@webdo_tn\" \/>\n<meta name=\"twitter:label1\" content=\"\u00c9crit par\" \/>\n\t<meta name=\"twitter:data1\" content=\"Hatem Bourial\" \/>\n\t<meta name=\"twitter:label2\" content=\"Dur\u00e9e de lecture estim\u00e9e\" \/>\n\t<meta name=\"twitter:data2\" content=\"3 minutes\" \/>\n<script type=\"application\/ld+json\" class=\"yoast-schema-graph\">{\"@context\":\"https:\\\/\\\/schema.org\",\"@graph\":[{\"@type\":\"NewsArticle\",\"@id\":\"https:\\\/\\\/www.webdo.tn\\\/fr\\\/actualite\\\/chroniques\\\/a-tunis-un-amour-de-jardin-japonais\\\/205173\\\/#article\",\"isPartOf\":{\"@id\":\"https:\\\/\\\/www.webdo.tn\\\/fr\\\/actualite\\\/chroniques\\\/a-tunis-un-amour-de-jardin-japonais\\\/205173\\\/\"},\"author\":{\"name\":\"Hatem Bourial\",\"@id\":\"https:\\\/\\\/www.webdo.tn\\\/fr\\\/#\\\/schema\\\/person\\\/6bc0beba2cd23aec27cb5df85ca2554f\"},\"headline\":\"A Tunis, un amour de jardin japonais\",\"datePublished\":\"2023-04-26T09:30:00+00:00\",\"mainEntityOfPage\":{\"@id\":\"https:\\\/\\\/www.webdo.tn\\\/fr\\\/actualite\\\/chroniques\\\/a-tunis-un-amour-de-jardin-japonais\\\/205173\\\/\"},\"wordCount\":598,\"commentCount\":0,\"publisher\":{\"@id\":\"https:\\\/\\\/www.webdo.tn\\\/fr\\\/#organization\"},\"image\":{\"@id\":\"https:\\\/\\\/www.webdo.tn\\\/fr\\\/actualite\\\/chroniques\\\/a-tunis-un-amour-de-jardin-japonais\\\/205173\\\/#primaryimage\"},\"thumbnailUrl\":\"https:\\\/\\\/www.webdo.tn\\\/fr\\\/wp-content\\\/uploads\\\/2023\\\/04\\\/9b364ddccdec9812a06121282baa71d1.jpg\",\"keywords\":[\"jardin japonais\",\"Tunis\"],\"articleSection\":[\"Chroniques\"],\"inLanguage\":\"fr-FR\"},{\"@type\":\"WebPage\",\"@id\":\"https:\\\/\\\/www.webdo.tn\\\/fr\\\/actualite\\\/chroniques\\\/a-tunis-un-amour-de-jardin-japonais\\\/205173\\\/\",\"url\":\"https:\\\/\\\/www.webdo.tn\\\/fr\\\/actualite\\\/chroniques\\\/a-tunis-un-amour-de-jardin-japonais\\\/205173\\\/\",\"name\":\"A Tunis, un amour de jardin japonais\",\"isPartOf\":{\"@id\":\"https:\\\/\\\/www.webdo.tn\\\/fr\\\/#website\"},\"primaryImageOfPage\":{\"@id\":\"https:\\\/\\\/www.webdo.tn\\\/fr\\\/actualite\\\/chroniques\\\/a-tunis-un-amour-de-jardin-japonais\\\/205173\\\/#primaryimage\"},\"image\":{\"@id\":\"https:\\\/\\\/www.webdo.tn\\\/fr\\\/actualite\\\/chroniques\\\/a-tunis-un-amour-de-jardin-japonais\\\/205173\\\/#primaryimage\"},\"thumbnailUrl\":\"https:\\\/\\\/www.webdo.tn\\\/fr\\\/wp-content\\\/uploads\\\/2023\\\/04\\\/9b364ddccdec9812a06121282baa71d1.jpg\",\"datePublished\":\"2023-04-26T09:30:00+00:00\",\"description\":\"Ce matin, je me suis install\u00e9 au jardin japonais de Tunis, un lieu d'une finesse extr\u00eame-orientale et d'une beaut\u00e9 subreptice qui vous envo\u00fbte doucement, sans q...\",\"breadcrumb\":{\"@id\":\"https:\\\/\\\/www.webdo.tn\\\/fr\\\/actualite\\\/chroniques\\\/a-tunis-un-amour-de-jardin-japonais\\\/205173\\\/#breadcrumb\"},\"inLanguage\":\"fr-FR\",\"potentialAction\":[{\"@type\":\"ReadAction\",\"target\":[\"https:\\\/\\\/www.webdo.tn\\\/fr\\\/actualite\\\/chroniques\\\/a-tunis-un-amour-de-jardin-japonais\\\/205173\\\/\"]}]},{\"@type\":\"ImageObject\",\"inLanguage\":\"fr-FR\",\"@id\":\"https:\\\/\\\/www.webdo.tn\\\/fr\\\/actualite\\\/chroniques\\\/a-tunis-un-amour-de-jardin-japonais\\\/205173\\\/#primaryimage\",\"url\":\"https:\\\/\\\/www.webdo.tn\\\/fr\\\/wp-content\\\/uploads\\\/2023\\\/04\\\/9b364ddccdec9812a06121282baa71d1.jpg\",\"contentUrl\":\"https:\\\/\\\/www.webdo.tn\\\/fr\\\/wp-content\\\/uploads\\\/2023\\\/04\\\/9b364ddccdec9812a06121282baa71d1.jpg\",\"width\":750,\"height\":400,\"caption\":\"A Tunis, un amour de jardin japonais\"},{\"@type\":\"BreadcrumbList\",\"@id\":\"https:\\\/\\\/www.webdo.tn\\\/fr\\\/actualite\\\/chroniques\\\/a-tunis-un-amour-de-jardin-japonais\\\/205173\\\/#breadcrumb\",\"itemListElement\":[{\"@type\":\"ListItem\",\"position\":1,\"name\":\"Accueil\",\"item\":\"https:\\\/\\\/www.webdo.tn\\\/fr\\\/\"},{\"@type\":\"ListItem\",\"position\":2,\"name\":\"A Tunis, un amour de jardin japonais\"}]},{\"@type\":\"WebSite\",\"@id\":\"https:\\\/\\\/www.webdo.tn\\\/fr\\\/#website\",\"url\":\"https:\\\/\\\/www.webdo.tn\\\/fr\\\/\",\"name\":\"webdo\",\"description\":\"Tunisie - News en Tunisie et \u00e0 l&#039;international sur Webdo.tn\",\"publisher\":{\"@id\":\"https:\\\/\\\/www.webdo.tn\\\/fr\\\/#organization\"},\"potentialAction\":[{\"@type\":\"SearchAction\",\"target\":{\"@type\":\"EntryPoint\",\"urlTemplate\":\"https:\\\/\\\/www.webdo.tn\\\/fr\\\/?s={search_term_string}\"},\"query-input\":{\"@type\":\"PropertyValueSpecification\",\"valueRequired\":true,\"valueName\":\"search_term_string\"}}],\"inLanguage\":\"fr-FR\"},{\"@type\":\"Organization\",\"@id\":\"https:\\\/\\\/www.webdo.tn\\\/fr\\\/#organization\",\"name\":\"Webdo\",\"alternateName\":\"Webdo.tn\",\"url\":\"https:\\\/\\\/www.webdo.tn\\\/fr\\\/\",\"logo\":{\"@type\":\"ImageObject\",\"inLanguage\":\"fr-FR\",\"@id\":\"https:\\\/\\\/www.webdo.tn\\\/fr\\\/#\\\/schema\\\/logo\\\/image\\\/\",\"url\":\"https:\\\/\\\/www.webdo.tn\\\/fr\\\/wp-content\\\/uploads\\\/2025\\\/06\\\/Webdo-Tunisie_168377.jpg\",\"contentUrl\":\"https:\\\/\\\/www.webdo.tn\\\/fr\\\/wp-content\\\/uploads\\\/2025\\\/06\\\/Webdo-Tunisie_168377.jpg\",\"width\":301,\"height\":301,\"caption\":\"Webdo\"},\"image\":{\"@id\":\"https:\\\/\\\/www.webdo.tn\\\/fr\\\/#\\\/schema\\\/logo\\\/image\\\/\"},\"sameAs\":[\"https:\\\/\\\/www.facebook.com\\\/webdotn\",\"https:\\\/\\\/x.com\\\/webdo_tn\"],\"description\":\"Webdo est un m\u00e9dia num\u00e9rique tunisien fond\u00e9 en 2010, sp\u00e9cialis\u00e9 dans l\u2019actualit\u00e9 nationale et internationale, l\u2019\u00e9conomie, la soci\u00e9t\u00e9 et les analyses politiques. Le site s\u2019adresse \u00e0 un large public francophone et couvre l\u2019information tunisienne en temps r\u00e9el.\",\"email\":\"redac@webdo.tn\",\"legalName\":\"YNJ SARL\",\"foundingDate\":\"2010-09-06\",\"numberOfEmployees\":{\"@type\":\"QuantitativeValue\",\"minValue\":\"11\",\"maxValue\":\"50\"}},{\"@type\":\"Person\",\"@id\":\"https:\\\/\\\/www.webdo.tn\\\/fr\\\/#\\\/schema\\\/person\\\/6bc0beba2cd23aec27cb5df85ca2554f\",\"name\":\"Hatem Bourial\",\"image\":{\"@type\":\"ImageObject\",\"inLanguage\":\"fr-FR\",\"@id\":\"https:\\\/\\\/www.webdo.tn\\\/fr\\\/wp-content\\\/uploads\\\/2026\\\/04\\\/hatem-bourial_avatar-96x96.jpg\",\"url\":\"https:\\\/\\\/www.webdo.tn\\\/fr\\\/wp-content\\\/uploads\\\/2026\\\/04\\\/hatem-bourial_avatar-96x96.jpg\",\"contentUrl\":\"https:\\\/\\\/www.webdo.tn\\\/fr\\\/wp-content\\\/uploads\\\/2026\\\/04\\\/hatem-bourial_avatar-96x96.jpg\",\"caption\":\"Hatem Bourial\"},\"description\":\"Hatem Bourial est journaliste, \u00e9crivain et chroniqueur tunisien. Actif depuis plusieurs d\u00e9cennies, il s\u2019est impos\u00e9 comme un observateur attentif de la soci\u00e9t\u00e9 tunisienne, m\u00ealant dans ses \u00e9crits m\u00e9moire, culture et analyse du quotidien. Auteur de nombreux ouvrages, il d\u00e9veloppe une \u0153uvre \u00e0 la crois\u00e9e du r\u00e9cit, de la po\u00e9sie et de l\u2019observation sociologique. Parall\u00e8lement \u00e0 ses contributions dans la presse, il intervient r\u00e9guli\u00e8rement \u00e0 la radio et dans des espaces culturels, o\u00f9 il explore les enjeux li\u00e9s au patrimoine, \u00e0 l\u2019identit\u00e9 et aux transformations du monde contemporain. \u00c0 travers ses chroniques, Hatem Bourial propose une lecture sensible et approfondie de l\u2019actualit\u00e9, nourrie par une exp\u00e9rience journalistique et litt\u00e9raire reconnue. \ud83d\udd17 Facebook : https:\\\/\\\/www.facebook.com\\\/hatem.bourial.2025\",\"sameAs\":[\"https:\\\/\\\/www.facebook.com\\\/hatem.bourial.2025\",\"https:\\\/\\\/fr.wikipedia.org\\\/wiki\\\/Fichier:Hatem_Bourial.jpg\"],\"knowsAbout\":[\"Culture & patrimoine tunisien\",\"Chronique soci\u00e9tale\",\"Litt\u00e9rature & m\u00e9moire\",\"Cin\u00e9ma & critique culturelle\",\"Identit\u00e9 & mutations sociales\"],\"knowsLanguage\":[\"Arabe\",\"Fran\u00e7ais\",\"Anglais\",\"Italien\",\"Polonais\"],\"jobTitle\":\"Journaliste, \u00e9crivain et chroniqueur culturel\",\"worksFor\":\"Webdo\",\"url\":\"https:\\\/\\\/www.webdo.tn\\\/fr\\\/actualite\\\/author\\\/hatem-bourial-2\\\/\"}]}<\/script>\n<!-- \/ Yoast SEO Premium plugin. -->","yoast_head_json":{"title":"A Tunis, un amour de jardin japonais","description":"Ce matin, je me suis install\u00e9 au jardin japonais de Tunis, un lieu d'une finesse extr\u00eame-orientale et d'une beaut\u00e9 subreptice qui vous envo\u00fbte doucement, sans q...","canonical":"https:\/\/www.webdo.tn\/fr\/actualite\/chroniques\/a-tunis-un-amour-de-jardin-japonais\/205173\/","og_locale":"fr_FR","og_type":"article","og_title":"A Tunis, un amour de jardin japonais","og_description":"Ce matin, je me suis install\u00e9 au jardin japonais de Tunis, un lieu d'une finesse extr\u00eame-orientale et d'une beaut\u00e9 subreptice qui vous envo\u00fbte doucement, sans q...","og_url":"https:\/\/www.webdo.tn\/fr\/actualite\/chroniques\/a-tunis-un-amour-de-jardin-japonais\/205173\/","og_site_name":"webdo","article_publisher":"https:\/\/www.facebook.com\/webdotn","article_author":"https:\/\/www.facebook.com\/hatem.bourial.2025","article_published_time":"2023-04-26T09:30:00+00:00","og_image":[{"width":750,"height":400,"url":"https:\/\/www.webdo.tn\/fr\/wp-content\/uploads\/2023\/04\/9b364ddccdec9812a06121282baa71d1.jpg","type":"image\/jpeg"}],"author":"Hatem Bourial","twitter_card":"summary_large_image","twitter_creator":"@webdo_tn","twitter_site":"@webdo_tn","twitter_misc":{"\u00c9crit par":"Hatem Bourial","Dur\u00e9e de lecture estim\u00e9e":"3 minutes"},"schema":{"@context":"https:\/\/schema.org","@graph":[{"@type":"NewsArticle","@id":"https:\/\/www.webdo.tn\/fr\/actualite\/chroniques\/a-tunis-un-amour-de-jardin-japonais\/205173\/#article","isPartOf":{"@id":"https:\/\/www.webdo.tn\/fr\/actualite\/chroniques\/a-tunis-un-amour-de-jardin-japonais\/205173\/"},"author":{"name":"Hatem Bourial","@id":"https:\/\/www.webdo.tn\/fr\/#\/schema\/person\/6bc0beba2cd23aec27cb5df85ca2554f"},"headline":"A Tunis, un amour de jardin japonais","datePublished":"2023-04-26T09:30:00+00:00","mainEntityOfPage":{"@id":"https:\/\/www.webdo.tn\/fr\/actualite\/chroniques\/a-tunis-un-amour-de-jardin-japonais\/205173\/"},"wordCount":598,"commentCount":0,"publisher":{"@id":"https:\/\/www.webdo.tn\/fr\/#organization"},"image":{"@id":"https:\/\/www.webdo.tn\/fr\/actualite\/chroniques\/a-tunis-un-amour-de-jardin-japonais\/205173\/#primaryimage"},"thumbnailUrl":"https:\/\/www.webdo.tn\/fr\/wp-content\/uploads\/2023\/04\/9b364ddccdec9812a06121282baa71d1.jpg","keywords":["jardin japonais","Tunis"],"articleSection":["Chroniques"],"inLanguage":"fr-FR"},{"@type":"WebPage","@id":"https:\/\/www.webdo.tn\/fr\/actualite\/chroniques\/a-tunis-un-amour-de-jardin-japonais\/205173\/","url":"https:\/\/www.webdo.tn\/fr\/actualite\/chroniques\/a-tunis-un-amour-de-jardin-japonais\/205173\/","name":"A Tunis, un amour de jardin japonais","isPartOf":{"@id":"https:\/\/www.webdo.tn\/fr\/#website"},"primaryImageOfPage":{"@id":"https:\/\/www.webdo.tn\/fr\/actualite\/chroniques\/a-tunis-un-amour-de-jardin-japonais\/205173\/#primaryimage"},"image":{"@id":"https:\/\/www.webdo.tn\/fr\/actualite\/chroniques\/a-tunis-un-amour-de-jardin-japonais\/205173\/#primaryimage"},"thumbnailUrl":"https:\/\/www.webdo.tn\/fr\/wp-content\/uploads\/2023\/04\/9b364ddccdec9812a06121282baa71d1.jpg","datePublished":"2023-04-26T09:30:00+00:00","description":"Ce matin, je me suis install\u00e9 au jardin japonais de Tunis, un lieu d'une finesse extr\u00eame-orientale et d'une beaut\u00e9 subreptice qui vous envo\u00fbte doucement, sans q...","breadcrumb":{"@id":"https:\/\/www.webdo.tn\/fr\/actualite\/chroniques\/a-tunis-un-amour-de-jardin-japonais\/205173\/#breadcrumb"},"inLanguage":"fr-FR","potentialAction":[{"@type":"ReadAction","target":["https:\/\/www.webdo.tn\/fr\/actualite\/chroniques\/a-tunis-un-amour-de-jardin-japonais\/205173\/"]}]},{"@type":"ImageObject","inLanguage":"fr-FR","@id":"https:\/\/www.webdo.tn\/fr\/actualite\/chroniques\/a-tunis-un-amour-de-jardin-japonais\/205173\/#primaryimage","url":"https:\/\/www.webdo.tn\/fr\/wp-content\/uploads\/2023\/04\/9b364ddccdec9812a06121282baa71d1.jpg","contentUrl":"https:\/\/www.webdo.tn\/fr\/wp-content\/uploads\/2023\/04\/9b364ddccdec9812a06121282baa71d1.jpg","width":750,"height":400,"caption":"A Tunis, un amour de jardin japonais"},{"@type":"BreadcrumbList","@id":"https:\/\/www.webdo.tn\/fr\/actualite\/chroniques\/a-tunis-un-amour-de-jardin-japonais\/205173\/#breadcrumb","itemListElement":[{"@type":"ListItem","position":1,"name":"Accueil","item":"https:\/\/www.webdo.tn\/fr\/"},{"@type":"ListItem","position":2,"name":"A Tunis, un amour de jardin japonais"}]},{"@type":"WebSite","@id":"https:\/\/www.webdo.tn\/fr\/#website","url":"https:\/\/www.webdo.tn\/fr\/","name":"webdo","description":"Tunisie - News en Tunisie et \u00e0 l&#039;international sur Webdo.tn","publisher":{"@id":"https:\/\/www.webdo.tn\/fr\/#organization"},"potentialAction":[{"@type":"SearchAction","target":{"@type":"EntryPoint","urlTemplate":"https:\/\/www.webdo.tn\/fr\/?s={search_term_string}"},"query-input":{"@type":"PropertyValueSpecification","valueRequired":true,"valueName":"search_term_string"}}],"inLanguage":"fr-FR"},{"@type":"Organization","@id":"https:\/\/www.webdo.tn\/fr\/#organization","name":"Webdo","alternateName":"Webdo.tn","url":"https:\/\/www.webdo.tn\/fr\/","logo":{"@type":"ImageObject","inLanguage":"fr-FR","@id":"https:\/\/www.webdo.tn\/fr\/#\/schema\/logo\/image\/","url":"https:\/\/www.webdo.tn\/fr\/wp-content\/uploads\/2025\/06\/Webdo-Tunisie_168377.jpg","contentUrl":"https:\/\/www.webdo.tn\/fr\/wp-content\/uploads\/2025\/06\/Webdo-Tunisie_168377.jpg","width":301,"height":301,"caption":"Webdo"},"image":{"@id":"https:\/\/www.webdo.tn\/fr\/#\/schema\/logo\/image\/"},"sameAs":["https:\/\/www.facebook.com\/webdotn","https:\/\/x.com\/webdo_tn"],"description":"Webdo est un m\u00e9dia num\u00e9rique tunisien fond\u00e9 en 2010, sp\u00e9cialis\u00e9 dans l\u2019actualit\u00e9 nationale et internationale, l\u2019\u00e9conomie, la soci\u00e9t\u00e9 et les analyses politiques. Le site s\u2019adresse \u00e0 un large public francophone et couvre l\u2019information tunisienne en temps r\u00e9el.","email":"redac@webdo.tn","legalName":"YNJ SARL","foundingDate":"2010-09-06","numberOfEmployees":{"@type":"QuantitativeValue","minValue":"11","maxValue":"50"}},{"@type":"Person","@id":"https:\/\/www.webdo.tn\/fr\/#\/schema\/person\/6bc0beba2cd23aec27cb5df85ca2554f","name":"Hatem Bourial","image":{"@type":"ImageObject","inLanguage":"fr-FR","@id":"https:\/\/www.webdo.tn\/fr\/wp-content\/uploads\/2026\/04\/hatem-bourial_avatar-96x96.jpg","url":"https:\/\/www.webdo.tn\/fr\/wp-content\/uploads\/2026\/04\/hatem-bourial_avatar-96x96.jpg","contentUrl":"https:\/\/www.webdo.tn\/fr\/wp-content\/uploads\/2026\/04\/hatem-bourial_avatar-96x96.jpg","caption":"Hatem Bourial"},"description":"Hatem Bourial est journaliste, \u00e9crivain et chroniqueur tunisien. Actif depuis plusieurs d\u00e9cennies, il s\u2019est impos\u00e9 comme un observateur attentif de la soci\u00e9t\u00e9 tunisienne, m\u00ealant dans ses \u00e9crits m\u00e9moire, culture et analyse du quotidien. Auteur de nombreux ouvrages, il d\u00e9veloppe une \u0153uvre \u00e0 la crois\u00e9e du r\u00e9cit, de la po\u00e9sie et de l\u2019observation sociologique. Parall\u00e8lement \u00e0 ses contributions dans la presse, il intervient r\u00e9guli\u00e8rement \u00e0 la radio et dans des espaces culturels, o\u00f9 il explore les enjeux li\u00e9s au patrimoine, \u00e0 l\u2019identit\u00e9 et aux transformations du monde contemporain. \u00c0 travers ses chroniques, Hatem Bourial propose une lecture sensible et approfondie de l\u2019actualit\u00e9, nourrie par une exp\u00e9rience journalistique et litt\u00e9raire reconnue. \ud83d\udd17 Facebook : https:\/\/www.facebook.com\/hatem.bourial.2025","sameAs":["https:\/\/www.facebook.com\/hatem.bourial.2025","https:\/\/fr.wikipedia.org\/wiki\/Fichier:Hatem_Bourial.jpg"],"knowsAbout":["Culture & patrimoine tunisien","Chronique soci\u00e9tale","Litt\u00e9rature & m\u00e9moire","Cin\u00e9ma & critique culturelle","Identit\u00e9 & mutations sociales"],"knowsLanguage":["Arabe","Fran\u00e7ais","Anglais","Italien","Polonais"],"jobTitle":"Journaliste, \u00e9crivain et chroniqueur culturel","worksFor":"Webdo","url":"https:\/\/www.webdo.tn\/fr\/actualite\/author\/hatem-bourial-2\/"}]}},"_links":{"self":[{"href":"https:\/\/www.webdo.tn\/fr\/wp-json\/wp\/v2\/posts\/205173","targetHints":{"allow":["GET"]}}],"collection":[{"href":"https:\/\/www.webdo.tn\/fr\/wp-json\/wp\/v2\/posts"}],"about":[{"href":"https:\/\/www.webdo.tn\/fr\/wp-json\/wp\/v2\/types\/post"}],"author":[{"embeddable":true,"href":"https:\/\/www.webdo.tn\/fr\/wp-json\/wp\/v2\/users\/3229"}],"replies":[{"embeddable":true,"href":"https:\/\/www.webdo.tn\/fr\/wp-json\/wp\/v2\/comments?post=205173"}],"version-history":[{"count":0,"href":"https:\/\/www.webdo.tn\/fr\/wp-json\/wp\/v2\/posts\/205173\/revisions"}],"wp:featuredmedia":[{"embeddable":true,"href":"https:\/\/www.webdo.tn\/fr\/wp-json\/wp\/v2\/media\/251318"}],"wp:attachment":[{"href":"https:\/\/www.webdo.tn\/fr\/wp-json\/wp\/v2\/media?parent=205173"}],"wp:term":[{"taxonomy":"category","embeddable":true,"href":"https:\/\/www.webdo.tn\/fr\/wp-json\/wp\/v2\/categories?post=205173"},{"taxonomy":"post_tag","embeddable":true,"href":"https:\/\/www.webdo.tn\/fr\/wp-json\/wp\/v2\/tags?post=205173"}],"curies":[{"name":"wp","href":"https:\/\/api.w.org\/{rel}","templated":true}]}}