{"id":205155,"date":"2023-04-25T15:48:00","date_gmt":"2023-04-25T15:48:00","guid":{"rendered":"https:\/\/www.webdo.tn\/fr\/blog\/evacuation-des-tunisiens-au-soudan-un-premier-vol-prevu-ce-soir\/205155\/"},"modified":"2025-05-20T22:43:57","modified_gmt":"2025-05-20T22:43:57","slug":"evacuation-des-tunisiens-au-soudan-un-premier-vol-prevu-ce-soir","status":"publish","type":"post","link":"https:\/\/www.webdo.tn\/fr\/actualite\/national\/evacuation-des-tunisiens-au-soudan-un-premier-vol-prevu-ce-soir\/205155\/","title":{"rendered":"Evacuation des Tunisiens au Soudan : Un premier vol pr\u00e9vu ce soir"},"content":{"rendered":"<p>L\u2019avion militaire affr\u00e9t\u00e9 par la Tunisie pour rapatrier les ressortissants tunisiens au Soudan sera de retour \u00e0 Tunis ce soir, selon le Minist\u00e8re de la D\u00e9fense.<\/p>\n<p>\t\t\t\t\t\t\t\t\tL\u2019avion a d\u00e9coll\u00e9 mardi matin de la base a\u00e9rienne d\u2019El Aouina en direction de l\u2019a\u00e9roport d\u2019Assouan, en Egypte, pour \u00e9vacuer les ressortissants tunisiens r\u00e9sidents au Soudan.<\/p>\n<p>Depuis huit jours, des affrontements arm\u00e9s opposent deux g\u00e9n\u00e9raux au pouvoir depuis leur putsch de 2021 contre l\u2019ancien pr\u00e9sident Omar el-Bechir.<\/p>\n<p>L\u2019op\u00e9ration d\u2019\u00e9vacuation se d\u00e9roule en coordination entre le Minist\u00e8re de la D\u00e9fense et le Minist\u00e8re des Affaires \u00e9trang\u00e8res, de la Migration et des Tunisiens \u00e0 l\u2019\u00e9tranger.<\/p>\n","protected":false},"excerpt":{"rendered":"<p>L\u2019avion militaire affr\u00e9t\u00e9 par la Tunisie pour rapatrier les ressortissants tunisiens au Soudan sera de retour \u00e0 Tunis ce soir, selon le Minist\u00e8re de la D\u00e9fense.<\/p>\n","protected":false},"author":3175,"featured_media":251338,"comment_status":"open","ping_status":"closed","sticky":false,"template":"","format":"standard","meta":{"footnotes":""},"categories":[44],"tags":[4664,5538,8516,2608,3317],"class_list":["post-205155","post","type-post","status-publish","format-standard","has-post-thumbnail","hentry","category-national","tag-avion","tag-rapatriement","tag-soudan","tag-tunisie","tag-tunisiens"],"yoast_head":"<!-- This site is optimized with the Yoast SEO Premium plugin v27.5 (Yoast SEO v27.5) - https:\/\/yoast.com\/product\/yoast-seo-premium-wordpress\/ -->\n<title>Evacuation des Tunisiens au Soudan : Un premier vol pr\u00e9vu ce soir<\/title>\n<meta name=\"description\" content=\"L\u2019avion militaire affr\u00e9t\u00e9 par la Tunisie pour rapatrier les ressortissants tunisiens au Soudan sera de retour \u00e0 Tunis ce soir, selon le Minist\u00e8re de la D\u00e9fense.\" \/>\n<link rel=\"canonical\" href=\"https:\/\/www.webdo.tn\/fr\/actualite\/national\/evacuation-des-tunisiens-au-soudan-un-premier-vol-prevu-ce-soir\/205155\/\" \/>\n<meta property=\"og:locale\" content=\"fr_FR\" \/>\n<meta property=\"og:type\" content=\"article\" \/>\n<meta property=\"og:title\" content=\"Evacuation des Tunisiens au Soudan : Un premier vol pr\u00e9vu ce soir\" \/>\n<meta property=\"og:description\" content=\"L\u2019avion militaire affr\u00e9t\u00e9 par la Tunisie pour rapatrier les ressortissants tunisiens au Soudan sera de retour \u00e0 Tunis ce soir, selon le Minist\u00e8re de la D\u00e9fense.\" \/>\n<meta property=\"og:url\" content=\"https:\/\/www.webdo.tn\/fr\/actualite\/national\/evacuation-des-tunisiens-au-soudan-un-premier-vol-prevu-ce-soir\/205155\/\" \/>\n<meta property=\"og:site_name\" content=\"webdo\" \/>\n<meta property=\"article:publisher\" content=\"https:\/\/www.facebook.com\/webdotn\" \/>\n<meta property=\"article:published_time\" content=\"2023-04-25T15:48:00+00:00\" \/>\n<meta property=\"article:modified_time\" content=\"2025-05-20T22:43:57+00:00\" \/>\n<meta property=\"og:image\" content=\"https:\/\/www.webdo.tn\/fr\/wp-content\/uploads\/2023\/04\/f111eb61045ba2acccfdf34c8ecafd7a.png\" \/>\n\t<meta property=\"og:image:width\" content=\"750\" \/>\n\t<meta property=\"og:image:height\" content=\"400\" \/>\n\t<meta property=\"og:image:type\" content=\"image\/png\" \/>\n<meta name=\"author\" content=\"CL\" \/>\n<meta name=\"twitter:card\" content=\"summary_large_image\" \/>\n<meta name=\"twitter:creator\" content=\"@webdo_tn\" \/>\n<meta name=\"twitter:site\" content=\"@webdo_tn\" \/>\n<meta name=\"twitter:label1\" content=\"\u00c9crit par\" \/>\n\t<meta name=\"twitter:data1\" content=\"CL\" \/>\n\t<meta name=\"twitter:label2\" content=\"Dur\u00e9e de lecture estim\u00e9e\" \/>\n\t<meta name=\"twitter:data2\" content=\"1 minute\" \/>\n<script type=\"application\/ld+json\" class=\"yoast-schema-graph\">{\"@context\":\"https:\\\/\\\/schema.org\",\"@graph\":[{\"@type\":\"NewsArticle\",\"@id\":\"https:\\\/\\\/www.webdo.tn\\\/fr\\\/actualite\\\/national\\\/evacuation-des-tunisiens-au-soudan-un-premier-vol-prevu-ce-soir\\\/205155\\\/#article\",\"isPartOf\":{\"@id\":\"https:\\\/\\\/www.webdo.tn\\\/fr\\\/actualite\\\/national\\\/evacuation-des-tunisiens-au-soudan-un-premier-vol-prevu-ce-soir\\\/205155\\\/\"},\"author\":{\"name\":\"CL\",\"@id\":\"https:\\\/\\\/www.webdo.tn\\\/fr\\\/#\\\/schema\\\/person\\\/f35b42a42c5e2511bbd282959d6385cc\"},\"headline\":\"Evacuation des Tunisiens au Soudan : Un premier vol pr\u00e9vu ce soir\",\"datePublished\":\"2023-04-25T15:48:00+00:00\",\"dateModified\":\"2025-05-20T22:43:57+00:00\",\"mainEntityOfPage\":{\"@id\":\"https:\\\/\\\/www.webdo.tn\\\/fr\\\/actualite\\\/national\\\/evacuation-des-tunisiens-au-soudan-un-premier-vol-prevu-ce-soir\\\/205155\\\/\"},\"wordCount\":134,\"commentCount\":0,\"publisher\":{\"@id\":\"https:\\\/\\\/www.webdo.tn\\\/fr\\\/#organization\"},\"image\":{\"@id\":\"https:\\\/\\\/www.webdo.tn\\\/fr\\\/actualite\\\/national\\\/evacuation-des-tunisiens-au-soudan-un-premier-vol-prevu-ce-soir\\\/205155\\\/#primaryimage\"},\"thumbnailUrl\":\"https:\\\/\\\/www.webdo.tn\\\/fr\\\/wp-content\\\/uploads\\\/2023\\\/04\\\/f111eb61045ba2acccfdf34c8ecafd7a.png\",\"keywords\":[\"Avion\",\"rapatriement\",\"Soudan\",\"Tunisie\",\"Tunisiens\"],\"articleSection\":[\"National\"],\"inLanguage\":\"fr-FR\"},{\"@type\":\"WebPage\",\"@id\":\"https:\\\/\\\/www.webdo.tn\\\/fr\\\/actualite\\\/national\\\/evacuation-des-tunisiens-au-soudan-un-premier-vol-prevu-ce-soir\\\/205155\\\/\",\"url\":\"https:\\\/\\\/www.webdo.tn\\\/fr\\\/actualite\\\/national\\\/evacuation-des-tunisiens-au-soudan-un-premier-vol-prevu-ce-soir\\\/205155\\\/\",\"name\":\"Evacuation des Tunisiens au Soudan : Un premier vol pr\u00e9vu ce soir\",\"isPartOf\":{\"@id\":\"https:\\\/\\\/www.webdo.tn\\\/fr\\\/#website\"},\"primaryImageOfPage\":{\"@id\":\"https:\\\/\\\/www.webdo.tn\\\/fr\\\/actualite\\\/national\\\/evacuation-des-tunisiens-au-soudan-un-premier-vol-prevu-ce-soir\\\/205155\\\/#primaryimage\"},\"image\":{\"@id\":\"https:\\\/\\\/www.webdo.tn\\\/fr\\\/actualite\\\/national\\\/evacuation-des-tunisiens-au-soudan-un-premier-vol-prevu-ce-soir\\\/205155\\\/#primaryimage\"},\"thumbnailUrl\":\"https:\\\/\\\/www.webdo.tn\\\/fr\\\/wp-content\\\/uploads\\\/2023\\\/04\\\/f111eb61045ba2acccfdf34c8ecafd7a.png\",\"datePublished\":\"2023-04-25T15:48:00+00:00\",\"dateModified\":\"2025-05-20T22:43:57+00:00\",\"description\":\"L\u2019avion militaire affr\u00e9t\u00e9 par la Tunisie pour rapatrier les ressortissants tunisiens au Soudan sera de retour \u00e0 Tunis ce soir, selon le Minist\u00e8re de la D\u00e9fense.\",\"breadcrumb\":{\"@id\":\"https:\\\/\\\/www.webdo.tn\\\/fr\\\/actualite\\\/national\\\/evacuation-des-tunisiens-au-soudan-un-premier-vol-prevu-ce-soir\\\/205155\\\/#breadcrumb\"},\"inLanguage\":\"fr-FR\",\"potentialAction\":[{\"@type\":\"ReadAction\",\"target\":[\"https:\\\/\\\/www.webdo.tn\\\/fr\\\/actualite\\\/national\\\/evacuation-des-tunisiens-au-soudan-un-premier-vol-prevu-ce-soir\\\/205155\\\/\"]}]},{\"@type\":\"ImageObject\",\"inLanguage\":\"fr-FR\",\"@id\":\"https:\\\/\\\/www.webdo.tn\\\/fr\\\/actualite\\\/national\\\/evacuation-des-tunisiens-au-soudan-un-premier-vol-prevu-ce-soir\\\/205155\\\/#primaryimage\",\"url\":\"https:\\\/\\\/www.webdo.tn\\\/fr\\\/wp-content\\\/uploads\\\/2023\\\/04\\\/f111eb61045ba2acccfdf34c8ecafd7a.png\",\"contentUrl\":\"https:\\\/\\\/www.webdo.tn\\\/fr\\\/wp-content\\\/uploads\\\/2023\\\/04\\\/f111eb61045ba2acccfdf34c8ecafd7a.png\",\"width\":750,\"height\":400,\"caption\":\"Avion militaire\"},{\"@type\":\"BreadcrumbList\",\"@id\":\"https:\\\/\\\/www.webdo.tn\\\/fr\\\/actualite\\\/national\\\/evacuation-des-tunisiens-au-soudan-un-premier-vol-prevu-ce-soir\\\/205155\\\/#breadcrumb\",\"itemListElement\":[{\"@type\":\"ListItem\",\"position\":1,\"name\":\"Accueil\",\"item\":\"https:\\\/\\\/www.webdo.tn\\\/fr\\\/\"},{\"@type\":\"ListItem\",\"position\":2,\"name\":\"Evacuation des Tunisiens au Soudan : Un premier vol pr\u00e9vu ce soir\"}]},{\"@type\":\"WebSite\",\"@id\":\"https:\\\/\\\/www.webdo.tn\\\/fr\\\/#website\",\"url\":\"https:\\\/\\\/www.webdo.tn\\\/fr\\\/\",\"name\":\"webdo\",\"description\":\"Tunisie - News en Tunisie et \u00e0 l&#039;international sur Webdo.tn\",\"publisher\":{\"@id\":\"https:\\\/\\\/www.webdo.tn\\\/fr\\\/#organization\"},\"potentialAction\":[{\"@type\":\"SearchAction\",\"target\":{\"@type\":\"EntryPoint\",\"urlTemplate\":\"https:\\\/\\\/www.webdo.tn\\\/fr\\\/?s={search_term_string}\"},\"query-input\":{\"@type\":\"PropertyValueSpecification\",\"valueRequired\":true,\"valueName\":\"search_term_string\"}}],\"inLanguage\":\"fr-FR\"},{\"@type\":\"Organization\",\"@id\":\"https:\\\/\\\/www.webdo.tn\\\/fr\\\/#organization\",\"name\":\"Webdo\",\"alternateName\":\"Webdo.tn\",\"url\":\"https:\\\/\\\/www.webdo.tn\\\/fr\\\/\",\"logo\":{\"@type\":\"ImageObject\",\"inLanguage\":\"fr-FR\",\"@id\":\"https:\\\/\\\/www.webdo.tn\\\/fr\\\/#\\\/schema\\\/logo\\\/image\\\/\",\"url\":\"https:\\\/\\\/www.webdo.tn\\\/fr\\\/wp-content\\\/uploads\\\/2025\\\/06\\\/Webdo-Tunisie_168377.jpg\",\"contentUrl\":\"https:\\\/\\\/www.webdo.tn\\\/fr\\\/wp-content\\\/uploads\\\/2025\\\/06\\\/Webdo-Tunisie_168377.jpg\",\"width\":301,\"height\":301,\"caption\":\"Webdo\"},\"image\":{\"@id\":\"https:\\\/\\\/www.webdo.tn\\\/fr\\\/#\\\/schema\\\/logo\\\/image\\\/\"},\"sameAs\":[\"https:\\\/\\\/www.facebook.com\\\/webdotn\",\"https:\\\/\\\/x.com\\\/webdo_tn\"],\"description\":\"Webdo est un m\u00e9dia num\u00e9rique tunisien fond\u00e9 en 2010, sp\u00e9cialis\u00e9 dans l\u2019actualit\u00e9 nationale et internationale, l\u2019\u00e9conomie, la soci\u00e9t\u00e9 et les analyses politiques. Le site s\u2019adresse \u00e0 un large public francophone et couvre l\u2019information tunisienne en temps r\u00e9el.\",\"email\":\"redac@webdo.tn\",\"legalName\":\"YNJ SARL\",\"foundingDate\":\"2010-09-06\",\"numberOfEmployees\":{\"@type\":\"QuantitativeValue\",\"minValue\":\"11\",\"maxValue\":\"50\"}},{\"@type\":\"Person\",\"@id\":\"https:\\\/\\\/www.webdo.tn\\\/fr\\\/#\\\/schema\\\/person\\\/f35b42a42c5e2511bbd282959d6385cc\",\"name\":\"CL\",\"image\":{\"@type\":\"ImageObject\",\"inLanguage\":\"fr-FR\",\"@id\":\"https:\\\/\\\/secure.gravatar.com\\\/avatar\\\/1447a49909b67aa657c488aec6512e1dd6143a480c1ecfee9b5b5cd74eb3b59e?s=96&d=mm&r=g\",\"url\":\"https:\\\/\\\/secure.gravatar.com\\\/avatar\\\/1447a49909b67aa657c488aec6512e1dd6143a480c1ecfee9b5b5cd74eb3b59e?s=96&d=mm&r=g\",\"contentUrl\":\"https:\\\/\\\/secure.gravatar.com\\\/avatar\\\/1447a49909b67aa657c488aec6512e1dd6143a480c1ecfee9b5b5cd74eb3b59e?s=96&d=mm&r=g\",\"caption\":\"CL\"},\"url\":\"https:\\\/\\\/www.webdo.tn\\\/fr\\\/actualite\\\/author\\\/cl\\\/\"}]}<\/script>\n<!-- \/ Yoast SEO Premium plugin. -->","yoast_head_json":{"title":"Evacuation des Tunisiens au Soudan : Un premier vol pr\u00e9vu ce soir","description":"L\u2019avion militaire affr\u00e9t\u00e9 par la Tunisie pour rapatrier les ressortissants tunisiens au Soudan sera de retour \u00e0 Tunis ce soir, selon le Minist\u00e8re de la D\u00e9fense.","canonical":"https:\/\/www.webdo.tn\/fr\/actualite\/national\/evacuation-des-tunisiens-au-soudan-un-premier-vol-prevu-ce-soir\/205155\/","og_locale":"fr_FR","og_type":"article","og_title":"Evacuation des Tunisiens au Soudan : Un premier vol pr\u00e9vu ce soir","og_description":"L\u2019avion militaire affr\u00e9t\u00e9 par la Tunisie pour rapatrier les ressortissants tunisiens au Soudan sera de retour \u00e0 Tunis ce soir, selon le Minist\u00e8re de la D\u00e9fense.","og_url":"https:\/\/www.webdo.tn\/fr\/actualite\/national\/evacuation-des-tunisiens-au-soudan-un-premier-vol-prevu-ce-soir\/205155\/","og_site_name":"webdo","article_publisher":"https:\/\/www.facebook.com\/webdotn","article_published_time":"2023-04-25T15:48:00+00:00","article_modified_time":"2025-05-20T22:43:57+00:00","og_image":[{"width":750,"height":400,"url":"https:\/\/www.webdo.tn\/fr\/wp-content\/uploads\/2023\/04\/f111eb61045ba2acccfdf34c8ecafd7a.png","type":"image\/png"}],"author":"CL","twitter_card":"summary_large_image","twitter_creator":"@webdo_tn","twitter_site":"@webdo_tn","twitter_misc":{"\u00c9crit par":"CL","Dur\u00e9e de lecture estim\u00e9e":"1 minute"},"schema":{"@context":"https:\/\/schema.org","@graph":[{"@type":"NewsArticle","@id":"https:\/\/www.webdo.tn\/fr\/actualite\/national\/evacuation-des-tunisiens-au-soudan-un-premier-vol-prevu-ce-soir\/205155\/#article","isPartOf":{"@id":"https:\/\/www.webdo.tn\/fr\/actualite\/national\/evacuation-des-tunisiens-au-soudan-un-premier-vol-prevu-ce-soir\/205155\/"},"author":{"name":"CL","@id":"https:\/\/www.webdo.tn\/fr\/#\/schema\/person\/f35b42a42c5e2511bbd282959d6385cc"},"headline":"Evacuation des Tunisiens au Soudan : Un premier vol pr\u00e9vu ce soir","datePublished":"2023-04-25T15:48:00+00:00","dateModified":"2025-05-20T22:43:57+00:00","mainEntityOfPage":{"@id":"https:\/\/www.webdo.tn\/fr\/actualite\/national\/evacuation-des-tunisiens-au-soudan-un-premier-vol-prevu-ce-soir\/205155\/"},"wordCount":134,"commentCount":0,"publisher":{"@id":"https:\/\/www.webdo.tn\/fr\/#organization"},"image":{"@id":"https:\/\/www.webdo.tn\/fr\/actualite\/national\/evacuation-des-tunisiens-au-soudan-un-premier-vol-prevu-ce-soir\/205155\/#primaryimage"},"thumbnailUrl":"https:\/\/www.webdo.tn\/fr\/wp-content\/uploads\/2023\/04\/f111eb61045ba2acccfdf34c8ecafd7a.png","keywords":["Avion","rapatriement","Soudan","Tunisie","Tunisiens"],"articleSection":["National"],"inLanguage":"fr-FR"},{"@type":"WebPage","@id":"https:\/\/www.webdo.tn\/fr\/actualite\/national\/evacuation-des-tunisiens-au-soudan-un-premier-vol-prevu-ce-soir\/205155\/","url":"https:\/\/www.webdo.tn\/fr\/actualite\/national\/evacuation-des-tunisiens-au-soudan-un-premier-vol-prevu-ce-soir\/205155\/","name":"Evacuation des Tunisiens au Soudan : Un premier vol pr\u00e9vu ce soir","isPartOf":{"@id":"https:\/\/www.webdo.tn\/fr\/#website"},"primaryImageOfPage":{"@id":"https:\/\/www.webdo.tn\/fr\/actualite\/national\/evacuation-des-tunisiens-au-soudan-un-premier-vol-prevu-ce-soir\/205155\/#primaryimage"},"image":{"@id":"https:\/\/www.webdo.tn\/fr\/actualite\/national\/evacuation-des-tunisiens-au-soudan-un-premier-vol-prevu-ce-soir\/205155\/#primaryimage"},"thumbnailUrl":"https:\/\/www.webdo.tn\/fr\/wp-content\/uploads\/2023\/04\/f111eb61045ba2acccfdf34c8ecafd7a.png","datePublished":"2023-04-25T15:48:00+00:00","dateModified":"2025-05-20T22:43:57+00:00","description":"L\u2019avion militaire affr\u00e9t\u00e9 par la Tunisie pour rapatrier les ressortissants tunisiens au Soudan sera de retour \u00e0 Tunis ce soir, selon le Minist\u00e8re de la D\u00e9fense.","breadcrumb":{"@id":"https:\/\/www.webdo.tn\/fr\/actualite\/national\/evacuation-des-tunisiens-au-soudan-un-premier-vol-prevu-ce-soir\/205155\/#breadcrumb"},"inLanguage":"fr-FR","potentialAction":[{"@type":"ReadAction","target":["https:\/\/www.webdo.tn\/fr\/actualite\/national\/evacuation-des-tunisiens-au-soudan-un-premier-vol-prevu-ce-soir\/205155\/"]}]},{"@type":"ImageObject","inLanguage":"fr-FR","@id":"https:\/\/www.webdo.tn\/fr\/actualite\/national\/evacuation-des-tunisiens-au-soudan-un-premier-vol-prevu-ce-soir\/205155\/#primaryimage","url":"https:\/\/www.webdo.tn\/fr\/wp-content\/uploads\/2023\/04\/f111eb61045ba2acccfdf34c8ecafd7a.png","contentUrl":"https:\/\/www.webdo.tn\/fr\/wp-content\/uploads\/2023\/04\/f111eb61045ba2acccfdf34c8ecafd7a.png","width":750,"height":400,"caption":"Avion militaire"},{"@type":"BreadcrumbList","@id":"https:\/\/www.webdo.tn\/fr\/actualite\/national\/evacuation-des-tunisiens-au-soudan-un-premier-vol-prevu-ce-soir\/205155\/#breadcrumb","itemListElement":[{"@type":"ListItem","position":1,"name":"Accueil","item":"https:\/\/www.webdo.tn\/fr\/"},{"@type":"ListItem","position":2,"name":"Evacuation des Tunisiens au Soudan : Un premier vol pr\u00e9vu ce soir"}]},{"@type":"WebSite","@id":"https:\/\/www.webdo.tn\/fr\/#website","url":"https:\/\/www.webdo.tn\/fr\/","name":"webdo","description":"Tunisie - News en Tunisie et \u00e0 l&#039;international sur Webdo.tn","publisher":{"@id":"https:\/\/www.webdo.tn\/fr\/#organization"},"potentialAction":[{"@type":"SearchAction","target":{"@type":"EntryPoint","urlTemplate":"https:\/\/www.webdo.tn\/fr\/?s={search_term_string}"},"query-input":{"@type":"PropertyValueSpecification","valueRequired":true,"valueName":"search_term_string"}}],"inLanguage":"fr-FR"},{"@type":"Organization","@id":"https:\/\/www.webdo.tn\/fr\/#organization","name":"Webdo","alternateName":"Webdo.tn","url":"https:\/\/www.webdo.tn\/fr\/","logo":{"@type":"ImageObject","inLanguage":"fr-FR","@id":"https:\/\/www.webdo.tn\/fr\/#\/schema\/logo\/image\/","url":"https:\/\/www.webdo.tn\/fr\/wp-content\/uploads\/2025\/06\/Webdo-Tunisie_168377.jpg","contentUrl":"https:\/\/www.webdo.tn\/fr\/wp-content\/uploads\/2025\/06\/Webdo-Tunisie_168377.jpg","width":301,"height":301,"caption":"Webdo"},"image":{"@id":"https:\/\/www.webdo.tn\/fr\/#\/schema\/logo\/image\/"},"sameAs":["https:\/\/www.facebook.com\/webdotn","https:\/\/x.com\/webdo_tn"],"description":"Webdo est un m\u00e9dia num\u00e9rique tunisien fond\u00e9 en 2010, sp\u00e9cialis\u00e9 dans l\u2019actualit\u00e9 nationale et internationale, l\u2019\u00e9conomie, la soci\u00e9t\u00e9 et les analyses politiques. Le site s\u2019adresse \u00e0 un large public francophone et couvre l\u2019information tunisienne en temps r\u00e9el.","email":"redac@webdo.tn","legalName":"YNJ SARL","foundingDate":"2010-09-06","numberOfEmployees":{"@type":"QuantitativeValue","minValue":"11","maxValue":"50"}},{"@type":"Person","@id":"https:\/\/www.webdo.tn\/fr\/#\/schema\/person\/f35b42a42c5e2511bbd282959d6385cc","name":"CL","image":{"@type":"ImageObject","inLanguage":"fr-FR","@id":"https:\/\/secure.gravatar.com\/avatar\/1447a49909b67aa657c488aec6512e1dd6143a480c1ecfee9b5b5cd74eb3b59e?s=96&d=mm&r=g","url":"https:\/\/secure.gravatar.com\/avatar\/1447a49909b67aa657c488aec6512e1dd6143a480c1ecfee9b5b5cd74eb3b59e?s=96&d=mm&r=g","contentUrl":"https:\/\/secure.gravatar.com\/avatar\/1447a49909b67aa657c488aec6512e1dd6143a480c1ecfee9b5b5cd74eb3b59e?s=96&d=mm&r=g","caption":"CL"},"url":"https:\/\/www.webdo.tn\/fr\/actualite\/author\/cl\/"}]}},"_links":{"self":[{"href":"https:\/\/www.webdo.tn\/fr\/wp-json\/wp\/v2\/posts\/205155","targetHints":{"allow":["GET"]}}],"collection":[{"href":"https:\/\/www.webdo.tn\/fr\/wp-json\/wp\/v2\/posts"}],"about":[{"href":"https:\/\/www.webdo.tn\/fr\/wp-json\/wp\/v2\/types\/post"}],"author":[{"embeddable":true,"href":"https:\/\/www.webdo.tn\/fr\/wp-json\/wp\/v2\/users\/3175"}],"replies":[{"embeddable":true,"href":"https:\/\/www.webdo.tn\/fr\/wp-json\/wp\/v2\/comments?post=205155"}],"version-history":[{"count":0,"href":"https:\/\/www.webdo.tn\/fr\/wp-json\/wp\/v2\/posts\/205155\/revisions"}],"wp:featuredmedia":[{"embeddable":true,"href":"https:\/\/www.webdo.tn\/fr\/wp-json\/wp\/v2\/media\/251338"}],"wp:attachment":[{"href":"https:\/\/www.webdo.tn\/fr\/wp-json\/wp\/v2\/media?parent=205155"}],"wp:term":[{"taxonomy":"category","embeddable":true,"href":"https:\/\/www.webdo.tn\/fr\/wp-json\/wp\/v2\/categories?post=205155"},{"taxonomy":"post_tag","embeddable":true,"href":"https:\/\/www.webdo.tn\/fr\/wp-json\/wp\/v2\/tags?post=205155"}],"curies":[{"name":"wp","href":"https:\/\/api.w.org\/{rel}","templated":true}]}}