{"id":205146,"date":"2023-04-25T12:30:00","date_gmt":"2023-04-25T12:30:00","guid":{"rendered":"https:\/\/www.webdo.tn\/fr\/blog\/l-affaire-lina-ben-mhenni-aujourd-hui-devant-la-cour-d-appel-de-medenine\/205146\/"},"modified":"2025-05-20T22:58:24","modified_gmt":"2025-05-20T22:58:24","slug":"l-affaire-lina-ben-mhenni-aujourd-hui-devant-la-cour-d-appel-de-medenine","status":"publish","type":"post","link":"https:\/\/www.webdo.tn\/fr\/actualite\/national\/l-affaire-lina-ben-mhenni-aujourd-hui-devant-la-cour-d-appel-de-medenine\/205146\/","title":{"rendered":"L\u2019affaire Lina Ben Mhenni, aujourd\u2019hui, devant la cour d\u2019appel de M\u00e9denine"},"content":{"rendered":"<p>Aujourd\u2019hui 25 avril, la Cour d\u2019appel de M\u00e9denine va auditionner les policiers, accus\u00e9s d\u2019agression sur la blogueuse et journaliste Lina Ben Mhenni, d\u00e9c\u00e9d\u00e9e le 27 janvier 2020 apr\u00e8s un long combat contre la maladie.<\/p>\n<p>\t\t\t\t\t\t\t\t\tLe 30 ao\u00fbt 2014, Lina avait 31 ans lorsqu\u2019elle aurait \u00e9t\u00e9 agress\u00e9e par des policiers au district de Houmet Essouk.<\/p>\n<p>Pr\u00e8s de neuf ans apr\u00e8s, et apr\u00e8s deux proc\u00e8s, la qu\u00eate de justice par ses parents n\u2019est toujours pas exauc\u00e9e, se plaint, dans un communiqu\u00e9, l&rsquo;OMCT Tunisie (Organisation Mondiale Contre la Torture).<\/p>\n<p>Le premier proc\u00e8s s\u2019est termin\u00e9 en 2020 avec la condamnation des deux accus\u00e9s \u00e0 un an d\u2019emprisonnement et 500 TND de frais de justice.<\/p>\n<p>Les accus\u00e9s, ajoute le communiqu\u00e9, n\u2019avaient pas daign\u00e9 assister \u00e0 leur proc\u00e8s et continuaient d\u2019exercer leur fonction, en toute impunit\u00e9.<\/p>\n<p>Apr\u00e8s avoir fait opposition de leur condamnation, un nouveau proc\u00e8s s\u2019est tenu en 2021, en pr\u00e9sence des accus\u00e9s cette fois.<\/p>\n<p>Le 2 d\u00e9cembre 2021, le tribunal de premi\u00e8re instance de M\u00e9denine a rendu un nouveau verdict : il a acquitt\u00e9 l\u2019un des accus\u00e9s et condamn\u00e9 le second \u00e0 deux mois d\u2019emprisonnement avec sursis et 300 TND de frais de justice. Une d\u00e9cision tr\u00e8s indulgente, se lamente OMCT, eu \u00e9gard \u00e0 la gravit\u00e9 de l\u2019agression.<\/p>\n<p>Les parents de Lina avaient fait appel de cette d\u00e9cision.<\/p>\n<p>Lina Ben Mhenni, n\u00e9e le 22 mai 1983 \u00e0 Tunis est d\u00e9c\u00e9d\u00e9e dans la m\u00eame ville le 27 janvier 2020, apr\u00e8s un long combat contre la maladie.<\/p>\n","protected":false},"excerpt":{"rendered":"<p>Aujourd\u2019hui 25 avril, la Cour d\u2019appel de M\u00e9denine va auditionner les policiers, accus\u00e9s d\u2019agression sur la blogueuse et journaliste Lina Ben Mhenni, d\u00e9c\u00e9d\u00e9e le&#8230;<\/p>\n","protected":false},"author":3188,"featured_media":251334,"comment_status":"open","ping_status":"closed","sticky":false,"template":"","format":"standard","meta":{"footnotes":""},"categories":[44],"tags":[2619,8148,3873],"class_list":["post-205146","post","type-post","status-publish","format-standard","has-post-thumbnail","hentry","category-national","tag-justice","tag-lina-ben-mhenni","tag-medenine"],"yoast_head":"<!-- This site is optimized with the Yoast SEO Premium plugin v27.5 (Yoast SEO v27.5) - https:\/\/yoast.com\/product\/yoast-seo-premium-wordpress\/ -->\n<title>L\u2019affaire Lina Ben Mhenni, aujourd\u2019hui, devant la cour d\u2019appel de M\u00e9denine<\/title>\n<meta name=\"description\" content=\"Aujourd\u2019hui 25 avril, la Cour d\u2019appel de M\u00e9denine va auditionner les policiers, accus\u00e9s d\u2019agression sur la blogueuse et journaliste Lina Ben Mhenni, d\u00e9c\u00e9d\u00e9e le...\" \/>\n<link rel=\"canonical\" href=\"https:\/\/www.webdo.tn\/fr\/actualite\/national\/l-affaire-lina-ben-mhenni-aujourd-hui-devant-la-cour-d-appel-de-medenine\/205146\/\" \/>\n<meta property=\"og:locale\" content=\"fr_FR\" \/>\n<meta property=\"og:type\" content=\"article\" \/>\n<meta property=\"og:title\" content=\"L\u2019affaire Lina Ben Mhenni, aujourd\u2019hui, devant la cour d\u2019appel de M\u00e9denine\" \/>\n<meta property=\"og:description\" content=\"Aujourd\u2019hui 25 avril, la Cour d\u2019appel de M\u00e9denine va auditionner les policiers, accus\u00e9s d\u2019agression sur la blogueuse et journaliste Lina Ben Mhenni, d\u00e9c\u00e9d\u00e9e le...\" \/>\n<meta property=\"og:url\" content=\"https:\/\/www.webdo.tn\/fr\/actualite\/national\/l-affaire-lina-ben-mhenni-aujourd-hui-devant-la-cour-d-appel-de-medenine\/205146\/\" \/>\n<meta property=\"og:site_name\" content=\"webdo\" \/>\n<meta property=\"article:publisher\" content=\"https:\/\/www.facebook.com\/webdotn\" \/>\n<meta property=\"article:published_time\" content=\"2023-04-25T12:30:00+00:00\" \/>\n<meta property=\"article:modified_time\" content=\"2025-05-20T22:58:24+00:00\" \/>\n<meta property=\"og:image\" content=\"https:\/\/www.webdo.tn\/fr\/wp-content\/uploads\/2023\/04\/8465c6a5ba6c2c7f17a7831a52617dcc.jpeg\" \/>\n\t<meta property=\"og:image:width\" content=\"750\" \/>\n\t<meta property=\"og:image:height\" content=\"400\" \/>\n\t<meta property=\"og:image:type\" content=\"image\/jpeg\" \/>\n<meta name=\"author\" content=\"Ramzi\" \/>\n<meta name=\"twitter:card\" content=\"summary_large_image\" \/>\n<meta name=\"twitter:creator\" content=\"@webdo_tn\" \/>\n<meta name=\"twitter:site\" content=\"@webdo_tn\" \/>\n<meta name=\"twitter:label1\" content=\"\u00c9crit par\" \/>\n\t<meta name=\"twitter:data1\" content=\"Ramzi\" \/>\n\t<meta name=\"twitter:label2\" content=\"Dur\u00e9e de lecture estim\u00e9e\" \/>\n\t<meta name=\"twitter:data2\" content=\"1 minute\" \/>\n<script type=\"application\/ld+json\" class=\"yoast-schema-graph\">{\"@context\":\"https:\\\/\\\/schema.org\",\"@graph\":[{\"@type\":\"NewsArticle\",\"@id\":\"https:\\\/\\\/www.webdo.tn\\\/fr\\\/actualite\\\/national\\\/l-affaire-lina-ben-mhenni-aujourd-hui-devant-la-cour-d-appel-de-medenine\\\/205146\\\/#article\",\"isPartOf\":{\"@id\":\"https:\\\/\\\/www.webdo.tn\\\/fr\\\/actualite\\\/national\\\/l-affaire-lina-ben-mhenni-aujourd-hui-devant-la-cour-d-appel-de-medenine\\\/205146\\\/\"},\"author\":{\"name\":\"Ramzi\",\"@id\":\"https:\\\/\\\/www.webdo.tn\\\/fr\\\/#\\\/schema\\\/person\\\/590cb5f81adcfde6385530fdbdf468e2\"},\"headline\":\"L\u2019affaire Lina Ben Mhenni, aujourd\u2019hui, devant la cour d\u2019appel de M\u00e9denine\",\"datePublished\":\"2023-04-25T12:30:00+00:00\",\"dateModified\":\"2025-05-20T22:58:24+00:00\",\"mainEntityOfPage\":{\"@id\":\"https:\\\/\\\/www.webdo.tn\\\/fr\\\/actualite\\\/national\\\/l-affaire-lina-ben-mhenni-aujourd-hui-devant-la-cour-d-appel-de-medenine\\\/205146\\\/\"},\"wordCount\":283,\"commentCount\":0,\"publisher\":{\"@id\":\"https:\\\/\\\/www.webdo.tn\\\/fr\\\/#organization\"},\"image\":{\"@id\":\"https:\\\/\\\/www.webdo.tn\\\/fr\\\/actualite\\\/national\\\/l-affaire-lina-ben-mhenni-aujourd-hui-devant-la-cour-d-appel-de-medenine\\\/205146\\\/#primaryimage\"},\"thumbnailUrl\":\"https:\\\/\\\/www.webdo.tn\\\/fr\\\/wp-content\\\/uploads\\\/2023\\\/04\\\/8465c6a5ba6c2c7f17a7831a52617dcc.jpeg\",\"keywords\":[\"justice\",\"lina ben mhenni\",\"m\u00e9denine\"],\"articleSection\":[\"National\"],\"inLanguage\":\"fr-FR\"},{\"@type\":\"WebPage\",\"@id\":\"https:\\\/\\\/www.webdo.tn\\\/fr\\\/actualite\\\/national\\\/l-affaire-lina-ben-mhenni-aujourd-hui-devant-la-cour-d-appel-de-medenine\\\/205146\\\/\",\"url\":\"https:\\\/\\\/www.webdo.tn\\\/fr\\\/actualite\\\/national\\\/l-affaire-lina-ben-mhenni-aujourd-hui-devant-la-cour-d-appel-de-medenine\\\/205146\\\/\",\"name\":\"L\u2019affaire Lina Ben Mhenni, aujourd\u2019hui, devant la cour d\u2019appel de M\u00e9denine\",\"isPartOf\":{\"@id\":\"https:\\\/\\\/www.webdo.tn\\\/fr\\\/#website\"},\"primaryImageOfPage\":{\"@id\":\"https:\\\/\\\/www.webdo.tn\\\/fr\\\/actualite\\\/national\\\/l-affaire-lina-ben-mhenni-aujourd-hui-devant-la-cour-d-appel-de-medenine\\\/205146\\\/#primaryimage\"},\"image\":{\"@id\":\"https:\\\/\\\/www.webdo.tn\\\/fr\\\/actualite\\\/national\\\/l-affaire-lina-ben-mhenni-aujourd-hui-devant-la-cour-d-appel-de-medenine\\\/205146\\\/#primaryimage\"},\"thumbnailUrl\":\"https:\\\/\\\/www.webdo.tn\\\/fr\\\/wp-content\\\/uploads\\\/2023\\\/04\\\/8465c6a5ba6c2c7f17a7831a52617dcc.jpeg\",\"datePublished\":\"2023-04-25T12:30:00+00:00\",\"dateModified\":\"2025-05-20T22:58:24+00:00\",\"description\":\"Aujourd\u2019hui 25 avril, la Cour d\u2019appel de M\u00e9denine va auditionner les policiers, accus\u00e9s d\u2019agression sur la blogueuse et journaliste Lina Ben Mhenni, d\u00e9c\u00e9d\u00e9e le...\",\"breadcrumb\":{\"@id\":\"https:\\\/\\\/www.webdo.tn\\\/fr\\\/actualite\\\/national\\\/l-affaire-lina-ben-mhenni-aujourd-hui-devant-la-cour-d-appel-de-medenine\\\/205146\\\/#breadcrumb\"},\"inLanguage\":\"fr-FR\",\"potentialAction\":[{\"@type\":\"ReadAction\",\"target\":[\"https:\\\/\\\/www.webdo.tn\\\/fr\\\/actualite\\\/national\\\/l-affaire-lina-ben-mhenni-aujourd-hui-devant-la-cour-d-appel-de-medenine\\\/205146\\\/\"]}]},{\"@type\":\"ImageObject\",\"inLanguage\":\"fr-FR\",\"@id\":\"https:\\\/\\\/www.webdo.tn\\\/fr\\\/actualite\\\/national\\\/l-affaire-lina-ben-mhenni-aujourd-hui-devant-la-cour-d-appel-de-medenine\\\/205146\\\/#primaryimage\",\"url\":\"https:\\\/\\\/www.webdo.tn\\\/fr\\\/wp-content\\\/uploads\\\/2023\\\/04\\\/8465c6a5ba6c2c7f17a7831a52617dcc.jpeg\",\"contentUrl\":\"https:\\\/\\\/www.webdo.tn\\\/fr\\\/wp-content\\\/uploads\\\/2023\\\/04\\\/8465c6a5ba6c2c7f17a7831a52617dcc.jpeg\",\"width\":750,\"height\":400,\"caption\":\"L\u2019affaire Lina Ben Mhenni, aujourd\u2019hui, devant la cour d\u2019appel de M\u00e9denine\"},{\"@type\":\"BreadcrumbList\",\"@id\":\"https:\\\/\\\/www.webdo.tn\\\/fr\\\/actualite\\\/national\\\/l-affaire-lina-ben-mhenni-aujourd-hui-devant-la-cour-d-appel-de-medenine\\\/205146\\\/#breadcrumb\",\"itemListElement\":[{\"@type\":\"ListItem\",\"position\":1,\"name\":\"Accueil\",\"item\":\"https:\\\/\\\/www.webdo.tn\\\/fr\\\/\"},{\"@type\":\"ListItem\",\"position\":2,\"name\":\"L\u2019affaire Lina Ben Mhenni, aujourd\u2019hui, devant la cour d\u2019appel de M\u00e9denine\"}]},{\"@type\":\"WebSite\",\"@id\":\"https:\\\/\\\/www.webdo.tn\\\/fr\\\/#website\",\"url\":\"https:\\\/\\\/www.webdo.tn\\\/fr\\\/\",\"name\":\"webdo\",\"description\":\"Tunisie - News en Tunisie et \u00e0 l&#039;international sur Webdo.tn\",\"publisher\":{\"@id\":\"https:\\\/\\\/www.webdo.tn\\\/fr\\\/#organization\"},\"potentialAction\":[{\"@type\":\"SearchAction\",\"target\":{\"@type\":\"EntryPoint\",\"urlTemplate\":\"https:\\\/\\\/www.webdo.tn\\\/fr\\\/?s={search_term_string}\"},\"query-input\":{\"@type\":\"PropertyValueSpecification\",\"valueRequired\":true,\"valueName\":\"search_term_string\"}}],\"inLanguage\":\"fr-FR\"},{\"@type\":\"Organization\",\"@id\":\"https:\\\/\\\/www.webdo.tn\\\/fr\\\/#organization\",\"name\":\"Webdo\",\"alternateName\":\"Webdo.tn\",\"url\":\"https:\\\/\\\/www.webdo.tn\\\/fr\\\/\",\"logo\":{\"@type\":\"ImageObject\",\"inLanguage\":\"fr-FR\",\"@id\":\"https:\\\/\\\/www.webdo.tn\\\/fr\\\/#\\\/schema\\\/logo\\\/image\\\/\",\"url\":\"https:\\\/\\\/www.webdo.tn\\\/fr\\\/wp-content\\\/uploads\\\/2025\\\/06\\\/Webdo-Tunisie_168377.jpg\",\"contentUrl\":\"https:\\\/\\\/www.webdo.tn\\\/fr\\\/wp-content\\\/uploads\\\/2025\\\/06\\\/Webdo-Tunisie_168377.jpg\",\"width\":301,\"height\":301,\"caption\":\"Webdo\"},\"image\":{\"@id\":\"https:\\\/\\\/www.webdo.tn\\\/fr\\\/#\\\/schema\\\/logo\\\/image\\\/\"},\"sameAs\":[\"https:\\\/\\\/www.facebook.com\\\/webdotn\",\"https:\\\/\\\/x.com\\\/webdo_tn\"],\"description\":\"Webdo est un m\u00e9dia num\u00e9rique tunisien fond\u00e9 en 2010, sp\u00e9cialis\u00e9 dans l\u2019actualit\u00e9 nationale et internationale, l\u2019\u00e9conomie, la soci\u00e9t\u00e9 et les analyses politiques. Le site s\u2019adresse \u00e0 un large public francophone et couvre l\u2019information tunisienne en temps r\u00e9el.\",\"email\":\"redac@webdo.tn\",\"legalName\":\"YNJ SARL\",\"foundingDate\":\"2010-09-06\",\"numberOfEmployees\":{\"@type\":\"QuantitativeValue\",\"minValue\":\"11\",\"maxValue\":\"50\"}},{\"@type\":\"Person\",\"@id\":\"https:\\\/\\\/www.webdo.tn\\\/fr\\\/#\\\/schema\\\/person\\\/590cb5f81adcfde6385530fdbdf468e2\",\"name\":\"Ramzi\",\"image\":{\"@type\":\"ImageObject\",\"inLanguage\":\"fr-FR\",\"@id\":\"https:\\\/\\\/secure.gravatar.com\\\/avatar\\\/48df7d18915e10cf866ba8e27604c81ff9243fd52704a1d210c3e387e1cb8d87?s=96&d=mm&r=g\",\"url\":\"https:\\\/\\\/secure.gravatar.com\\\/avatar\\\/48df7d18915e10cf866ba8e27604c81ff9243fd52704a1d210c3e387e1cb8d87?s=96&d=mm&r=g\",\"contentUrl\":\"https:\\\/\\\/secure.gravatar.com\\\/avatar\\\/48df7d18915e10cf866ba8e27604c81ff9243fd52704a1d210c3e387e1cb8d87?s=96&d=mm&r=g\",\"caption\":\"Ramzi\"},\"url\":\"https:\\\/\\\/www.webdo.tn\\\/fr\\\/actualite\\\/author\\\/ramzi\\\/\"}]}<\/script>\n<!-- \/ Yoast SEO Premium plugin. -->","yoast_head_json":{"title":"L\u2019affaire Lina Ben Mhenni, aujourd\u2019hui, devant la cour d\u2019appel de M\u00e9denine","description":"Aujourd\u2019hui 25 avril, la Cour d\u2019appel de M\u00e9denine va auditionner les policiers, accus\u00e9s d\u2019agression sur la blogueuse et journaliste Lina Ben Mhenni, d\u00e9c\u00e9d\u00e9e le...","canonical":"https:\/\/www.webdo.tn\/fr\/actualite\/national\/l-affaire-lina-ben-mhenni-aujourd-hui-devant-la-cour-d-appel-de-medenine\/205146\/","og_locale":"fr_FR","og_type":"article","og_title":"L\u2019affaire Lina Ben Mhenni, aujourd\u2019hui, devant la cour d\u2019appel de M\u00e9denine","og_description":"Aujourd\u2019hui 25 avril, la Cour d\u2019appel de M\u00e9denine va auditionner les policiers, accus\u00e9s d\u2019agression sur la blogueuse et journaliste Lina Ben Mhenni, d\u00e9c\u00e9d\u00e9e le...","og_url":"https:\/\/www.webdo.tn\/fr\/actualite\/national\/l-affaire-lina-ben-mhenni-aujourd-hui-devant-la-cour-d-appel-de-medenine\/205146\/","og_site_name":"webdo","article_publisher":"https:\/\/www.facebook.com\/webdotn","article_published_time":"2023-04-25T12:30:00+00:00","article_modified_time":"2025-05-20T22:58:24+00:00","og_image":[{"width":750,"height":400,"url":"https:\/\/www.webdo.tn\/fr\/wp-content\/uploads\/2023\/04\/8465c6a5ba6c2c7f17a7831a52617dcc.jpeg","type":"image\/jpeg"}],"author":"Ramzi","twitter_card":"summary_large_image","twitter_creator":"@webdo_tn","twitter_site":"@webdo_tn","twitter_misc":{"\u00c9crit par":"Ramzi","Dur\u00e9e de lecture estim\u00e9e":"1 minute"},"schema":{"@context":"https:\/\/schema.org","@graph":[{"@type":"NewsArticle","@id":"https:\/\/www.webdo.tn\/fr\/actualite\/national\/l-affaire-lina-ben-mhenni-aujourd-hui-devant-la-cour-d-appel-de-medenine\/205146\/#article","isPartOf":{"@id":"https:\/\/www.webdo.tn\/fr\/actualite\/national\/l-affaire-lina-ben-mhenni-aujourd-hui-devant-la-cour-d-appel-de-medenine\/205146\/"},"author":{"name":"Ramzi","@id":"https:\/\/www.webdo.tn\/fr\/#\/schema\/person\/590cb5f81adcfde6385530fdbdf468e2"},"headline":"L\u2019affaire Lina Ben Mhenni, aujourd\u2019hui, devant la cour d\u2019appel de M\u00e9denine","datePublished":"2023-04-25T12:30:00+00:00","dateModified":"2025-05-20T22:58:24+00:00","mainEntityOfPage":{"@id":"https:\/\/www.webdo.tn\/fr\/actualite\/national\/l-affaire-lina-ben-mhenni-aujourd-hui-devant-la-cour-d-appel-de-medenine\/205146\/"},"wordCount":283,"commentCount":0,"publisher":{"@id":"https:\/\/www.webdo.tn\/fr\/#organization"},"image":{"@id":"https:\/\/www.webdo.tn\/fr\/actualite\/national\/l-affaire-lina-ben-mhenni-aujourd-hui-devant-la-cour-d-appel-de-medenine\/205146\/#primaryimage"},"thumbnailUrl":"https:\/\/www.webdo.tn\/fr\/wp-content\/uploads\/2023\/04\/8465c6a5ba6c2c7f17a7831a52617dcc.jpeg","keywords":["justice","lina ben mhenni","m\u00e9denine"],"articleSection":["National"],"inLanguage":"fr-FR"},{"@type":"WebPage","@id":"https:\/\/www.webdo.tn\/fr\/actualite\/national\/l-affaire-lina-ben-mhenni-aujourd-hui-devant-la-cour-d-appel-de-medenine\/205146\/","url":"https:\/\/www.webdo.tn\/fr\/actualite\/national\/l-affaire-lina-ben-mhenni-aujourd-hui-devant-la-cour-d-appel-de-medenine\/205146\/","name":"L\u2019affaire Lina Ben Mhenni, aujourd\u2019hui, devant la cour d\u2019appel de M\u00e9denine","isPartOf":{"@id":"https:\/\/www.webdo.tn\/fr\/#website"},"primaryImageOfPage":{"@id":"https:\/\/www.webdo.tn\/fr\/actualite\/national\/l-affaire-lina-ben-mhenni-aujourd-hui-devant-la-cour-d-appel-de-medenine\/205146\/#primaryimage"},"image":{"@id":"https:\/\/www.webdo.tn\/fr\/actualite\/national\/l-affaire-lina-ben-mhenni-aujourd-hui-devant-la-cour-d-appel-de-medenine\/205146\/#primaryimage"},"thumbnailUrl":"https:\/\/www.webdo.tn\/fr\/wp-content\/uploads\/2023\/04\/8465c6a5ba6c2c7f17a7831a52617dcc.jpeg","datePublished":"2023-04-25T12:30:00+00:00","dateModified":"2025-05-20T22:58:24+00:00","description":"Aujourd\u2019hui 25 avril, la Cour d\u2019appel de M\u00e9denine va auditionner les policiers, accus\u00e9s d\u2019agression sur la blogueuse et journaliste Lina Ben Mhenni, d\u00e9c\u00e9d\u00e9e le...","breadcrumb":{"@id":"https:\/\/www.webdo.tn\/fr\/actualite\/national\/l-affaire-lina-ben-mhenni-aujourd-hui-devant-la-cour-d-appel-de-medenine\/205146\/#breadcrumb"},"inLanguage":"fr-FR","potentialAction":[{"@type":"ReadAction","target":["https:\/\/www.webdo.tn\/fr\/actualite\/national\/l-affaire-lina-ben-mhenni-aujourd-hui-devant-la-cour-d-appel-de-medenine\/205146\/"]}]},{"@type":"ImageObject","inLanguage":"fr-FR","@id":"https:\/\/www.webdo.tn\/fr\/actualite\/national\/l-affaire-lina-ben-mhenni-aujourd-hui-devant-la-cour-d-appel-de-medenine\/205146\/#primaryimage","url":"https:\/\/www.webdo.tn\/fr\/wp-content\/uploads\/2023\/04\/8465c6a5ba6c2c7f17a7831a52617dcc.jpeg","contentUrl":"https:\/\/www.webdo.tn\/fr\/wp-content\/uploads\/2023\/04\/8465c6a5ba6c2c7f17a7831a52617dcc.jpeg","width":750,"height":400,"caption":"L\u2019affaire Lina Ben Mhenni, aujourd\u2019hui, devant la cour d\u2019appel de M\u00e9denine"},{"@type":"BreadcrumbList","@id":"https:\/\/www.webdo.tn\/fr\/actualite\/national\/l-affaire-lina-ben-mhenni-aujourd-hui-devant-la-cour-d-appel-de-medenine\/205146\/#breadcrumb","itemListElement":[{"@type":"ListItem","position":1,"name":"Accueil","item":"https:\/\/www.webdo.tn\/fr\/"},{"@type":"ListItem","position":2,"name":"L\u2019affaire Lina Ben Mhenni, aujourd\u2019hui, devant la cour d\u2019appel de M\u00e9denine"}]},{"@type":"WebSite","@id":"https:\/\/www.webdo.tn\/fr\/#website","url":"https:\/\/www.webdo.tn\/fr\/","name":"webdo","description":"Tunisie - News en Tunisie et \u00e0 l&#039;international sur Webdo.tn","publisher":{"@id":"https:\/\/www.webdo.tn\/fr\/#organization"},"potentialAction":[{"@type":"SearchAction","target":{"@type":"EntryPoint","urlTemplate":"https:\/\/www.webdo.tn\/fr\/?s={search_term_string}"},"query-input":{"@type":"PropertyValueSpecification","valueRequired":true,"valueName":"search_term_string"}}],"inLanguage":"fr-FR"},{"@type":"Organization","@id":"https:\/\/www.webdo.tn\/fr\/#organization","name":"Webdo","alternateName":"Webdo.tn","url":"https:\/\/www.webdo.tn\/fr\/","logo":{"@type":"ImageObject","inLanguage":"fr-FR","@id":"https:\/\/www.webdo.tn\/fr\/#\/schema\/logo\/image\/","url":"https:\/\/www.webdo.tn\/fr\/wp-content\/uploads\/2025\/06\/Webdo-Tunisie_168377.jpg","contentUrl":"https:\/\/www.webdo.tn\/fr\/wp-content\/uploads\/2025\/06\/Webdo-Tunisie_168377.jpg","width":301,"height":301,"caption":"Webdo"},"image":{"@id":"https:\/\/www.webdo.tn\/fr\/#\/schema\/logo\/image\/"},"sameAs":["https:\/\/www.facebook.com\/webdotn","https:\/\/x.com\/webdo_tn"],"description":"Webdo est un m\u00e9dia num\u00e9rique tunisien fond\u00e9 en 2010, sp\u00e9cialis\u00e9 dans l\u2019actualit\u00e9 nationale et internationale, l\u2019\u00e9conomie, la soci\u00e9t\u00e9 et les analyses politiques. Le site s\u2019adresse \u00e0 un large public francophone et couvre l\u2019information tunisienne en temps r\u00e9el.","email":"redac@webdo.tn","legalName":"YNJ SARL","foundingDate":"2010-09-06","numberOfEmployees":{"@type":"QuantitativeValue","minValue":"11","maxValue":"50"}},{"@type":"Person","@id":"https:\/\/www.webdo.tn\/fr\/#\/schema\/person\/590cb5f81adcfde6385530fdbdf468e2","name":"Ramzi","image":{"@type":"ImageObject","inLanguage":"fr-FR","@id":"https:\/\/secure.gravatar.com\/avatar\/48df7d18915e10cf866ba8e27604c81ff9243fd52704a1d210c3e387e1cb8d87?s=96&d=mm&r=g","url":"https:\/\/secure.gravatar.com\/avatar\/48df7d18915e10cf866ba8e27604c81ff9243fd52704a1d210c3e387e1cb8d87?s=96&d=mm&r=g","contentUrl":"https:\/\/secure.gravatar.com\/avatar\/48df7d18915e10cf866ba8e27604c81ff9243fd52704a1d210c3e387e1cb8d87?s=96&d=mm&r=g","caption":"Ramzi"},"url":"https:\/\/www.webdo.tn\/fr\/actualite\/author\/ramzi\/"}]}},"_links":{"self":[{"href":"https:\/\/www.webdo.tn\/fr\/wp-json\/wp\/v2\/posts\/205146","targetHints":{"allow":["GET"]}}],"collection":[{"href":"https:\/\/www.webdo.tn\/fr\/wp-json\/wp\/v2\/posts"}],"about":[{"href":"https:\/\/www.webdo.tn\/fr\/wp-json\/wp\/v2\/types\/post"}],"author":[{"embeddable":true,"href":"https:\/\/www.webdo.tn\/fr\/wp-json\/wp\/v2\/users\/3188"}],"replies":[{"embeddable":true,"href":"https:\/\/www.webdo.tn\/fr\/wp-json\/wp\/v2\/comments?post=205146"}],"version-history":[{"count":0,"href":"https:\/\/www.webdo.tn\/fr\/wp-json\/wp\/v2\/posts\/205146\/revisions"}],"wp:featuredmedia":[{"embeddable":true,"href":"https:\/\/www.webdo.tn\/fr\/wp-json\/wp\/v2\/media\/251334"}],"wp:attachment":[{"href":"https:\/\/www.webdo.tn\/fr\/wp-json\/wp\/v2\/media?parent=205146"}],"wp:term":[{"taxonomy":"category","embeddable":true,"href":"https:\/\/www.webdo.tn\/fr\/wp-json\/wp\/v2\/categories?post=205146"},{"taxonomy":"post_tag","embeddable":true,"href":"https:\/\/www.webdo.tn\/fr\/wp-json\/wp\/v2\/tags?post=205146"}],"curies":[{"name":"wp","href":"https:\/\/api.w.org\/{rel}","templated":true}]}}