{"id":205145,"date":"2023-04-25T12:14:00","date_gmt":"2023-04-25T12:14:00","guid":{"rendered":"https:\/\/www.webdo.tn\/fr\/blog\/le-juge-d-instruction-malade-l-audition-de-ghazi-chaouachi-reportee\/205145\/"},"modified":"2025-05-20T22:00:31","modified_gmt":"2025-05-20T22:00:31","slug":"le-juge-d-instruction-malade-l-audition-de-ghazi-chaouachi-reportee","status":"publish","type":"post","link":"https:\/\/www.webdo.tn\/fr\/actualite\/national\/le-juge-d-instruction-malade-l-audition-de-ghazi-chaouachi-reportee\/205145\/","title":{"rendered":"Le juge d&rsquo;instruction malade, l&rsquo;audition de Ghazi Chaouachi report\u00e9e !"},"content":{"rendered":"<p>C\u2019est aujourd\u2019hui que l\u2019avocat et ancien secr\u00e9taire g\u00e9n\u00e9ral du Courant d\u00e9mocrate, Ghazi Chaouachi devait \u00eatre auditionn\u00e9 par le juge d\u2019instruction, mais son audition a \u00e9t\u00e9 report\u00e9e au grand dam de son avocat Ayachi Hammami.<\/p>\n<p>\t\t\t\t\t\t\t\t\tGhazi Chaouachi devait compara\u00eetre suite \u00e0 une plainte d\u00e9pos\u00e9e \u00e0 son encontre par la ministre de la Justice, sur la base du d\u00e9cret-loi n\u00b02022-54, relatif \u00e0 la lutte contre les infractions se rapportant aux syst\u00e8mes d&rsquo;information et de communication.<\/p>\n<p>La ministre de la Justice, Leila Jaffel, avait d\u00e9pos\u00e9 une plainte \u00e0 l&rsquo;encontre de Ghazi Chaouchi suite \u00e0 une d\u00e9claration faite par celui-ci aux m\u00e9dias, pr\u00e9tendant que la Cheffe du gouvernement, Najla Bouden, avait pr\u00e9sent\u00e9 au pr\u00e9sident de la R\u00e9publique sa d\u00e9mission et que ce dernier ne l&rsquo;a pas accept\u00e9e. Il a aussi pr\u00e9tendu l&rsquo;existence de conflits derri\u00e8re les coulisses concernant sa succession.<\/p>\n<p>La raison du report de son audition \u00e0 une date ult\u00e9rieure tient au fait que le juge d&rsquo;instruction du Tribunal de premi\u00e8re instance de Tunis, charg\u00e9 de l\u2019affaire a d\u00e9pos\u00e9 un certificat m\u00e9dical et obtenu un arr\u00eat maladie.<\/p>\n<p>De quoi faire r\u00e9agir Ayachi Hammami, avocat de Ghazi Chaouachi. Ce dernier s\u2019est insurg\u00e9, ce mardi 25 avril 2023, sur les ondes de Mosaique fm, du fait que son client ne sera pas auditionn\u00e9, et du fait qu&rsquo;aucun membre du collectif de d\u00e9fense n&rsquo;a \u00e9t\u00e9 inform\u00e9, \u00e0 l&rsquo;avance, du report de l\u2019audience.<\/p>\n<p>\u00ab\u00a0On ne sait pas vraiment si le juge d&rsquo;instruction est vraiment malade ou s&rsquo;il ne veut pas assister \u00e0 l&rsquo;audition\u00a0\u00bb, s&rsquo;est-il interrog\u00e9.<\/p>\n<p>Ghazi Chaouachi est arr\u00eat\u00e9 depuis le 24 f\u00e9vrier dernier pour \u00a0\u00bb complot contre la s\u00e9curit\u00e9 interne et externe de l&rsquo;Etat \u00ab\u00a0. Le juge d\u2019instruction aupr\u00e8s du p\u00f4le antiterroriste a \u00e9mis, le 25 f\u00e9vrier, un mandat de d\u00e9p\u00f4t \u00e0 son encontre.<\/p>\n","protected":false},"excerpt":{"rendered":"<p>C\u2019est aujourd\u2019hui que l\u2019avocat et ancien secr\u00e9taire g\u00e9n\u00e9ral du Courant d\u00e9mocrate, Ghazi Chaouachi devait \u00eatre auditionn\u00e9 par le juge d\u2019instruction, mais son aud&#8230;<\/p>\n","protected":false},"author":3162,"featured_media":251333,"comment_status":"open","ping_status":"closed","sticky":false,"template":"","format":"standard","meta":{"footnotes":""},"categories":[44],"tags":[3043,8518,6133,2619,2680],"class_list":["post-205145","post","type-post","status-publish","format-standard","has-post-thumbnail","hentry","category-national","tag-audition","tag-certificat-medical","tag-ghazi-chaouachi","tag-justice","tag-report"],"yoast_head":"<!-- This site is optimized with the Yoast SEO Premium plugin v27.4 (Yoast SEO v27.5) - https:\/\/yoast.com\/product\/yoast-seo-premium-wordpress\/ -->\n<title>Le juge d&#039;instruction malade, l&#039;audition de Ghazi Chaouachi report\u00e9e !<\/title>\n<meta name=\"description\" content=\"C\u2019est aujourd\u2019hui que l\u2019avocat et ancien secr\u00e9taire g\u00e9n\u00e9ral du Courant d\u00e9mocrate, Ghazi Chaouachi devait \u00eatre auditionn\u00e9 par le juge d\u2019instruction, mais son aud...\" \/>\n<link rel=\"canonical\" href=\"https:\/\/www.webdo.tn\/fr\/actualite\/national\/le-juge-d-instruction-malade-l-audition-de-ghazi-chaouachi-reportee\/205145\/\" \/>\n<meta property=\"og:locale\" content=\"fr_FR\" \/>\n<meta property=\"og:type\" content=\"article\" \/>\n<meta property=\"og:title\" content=\"Le juge d&#039;instruction malade, l&#039;audition de Ghazi Chaouachi report\u00e9e !\" \/>\n<meta property=\"og:description\" content=\"C\u2019est aujourd\u2019hui que l\u2019avocat et ancien secr\u00e9taire g\u00e9n\u00e9ral du Courant d\u00e9mocrate, Ghazi Chaouachi devait \u00eatre auditionn\u00e9 par le juge d\u2019instruction, mais son aud...\" \/>\n<meta property=\"og:url\" content=\"https:\/\/www.webdo.tn\/fr\/actualite\/national\/le-juge-d-instruction-malade-l-audition-de-ghazi-chaouachi-reportee\/205145\/\" \/>\n<meta property=\"og:site_name\" content=\"webdo\" \/>\n<meta property=\"article:publisher\" content=\"https:\/\/www.facebook.com\/webdotn\" \/>\n<meta property=\"article:published_time\" content=\"2023-04-25T12:14:00+00:00\" \/>\n<meta property=\"article:modified_time\" content=\"2025-05-20T22:00:31+00:00\" \/>\n<meta property=\"og:image\" content=\"https:\/\/www.webdo.tn\/fr\/wp-content\/uploads\/2023\/04\/20b7f915af1a628834a0f582b45095d4.jpg\" \/>\n\t<meta property=\"og:image:width\" content=\"650\" \/>\n\t<meta property=\"og:image:height\" content=\"347\" \/>\n\t<meta property=\"og:image:type\" content=\"image\/jpeg\" \/>\n<meta name=\"author\" content=\"MC\" \/>\n<meta name=\"twitter:card\" content=\"summary_large_image\" \/>\n<meta name=\"twitter:creator\" content=\"@webdo_tn\" \/>\n<meta name=\"twitter:site\" content=\"@webdo_tn\" \/>\n<meta name=\"twitter:label1\" content=\"\u00c9crit par\" \/>\n\t<meta name=\"twitter:data1\" content=\"MC\" \/>\n\t<meta name=\"twitter:label2\" content=\"Dur\u00e9e de lecture estim\u00e9e\" \/>\n\t<meta name=\"twitter:data2\" content=\"2 minutes\" \/>\n<script type=\"application\/ld+json\" class=\"yoast-schema-graph\">{\"@context\":\"https:\\\/\\\/schema.org\",\"@graph\":[{\"@type\":\"NewsArticle\",\"@id\":\"https:\\\/\\\/www.webdo.tn\\\/fr\\\/actualite\\\/national\\\/le-juge-d-instruction-malade-l-audition-de-ghazi-chaouachi-reportee\\\/205145\\\/#article\",\"isPartOf\":{\"@id\":\"https:\\\/\\\/www.webdo.tn\\\/fr\\\/actualite\\\/national\\\/le-juge-d-instruction-malade-l-audition-de-ghazi-chaouachi-reportee\\\/205145\\\/\"},\"author\":{\"name\":\"MC\",\"@id\":\"https:\\\/\\\/www.webdo.tn\\\/fr\\\/#\\\/schema\\\/person\\\/2c4929cbf5a809e3bd38617c6ce150f6\"},\"headline\":\"Le juge d&rsquo;instruction malade, l&rsquo;audition de Ghazi Chaouachi report\u00e9e !\",\"datePublished\":\"2023-04-25T12:14:00+00:00\",\"dateModified\":\"2025-05-20T22:00:31+00:00\",\"mainEntityOfPage\":{\"@id\":\"https:\\\/\\\/www.webdo.tn\\\/fr\\\/actualite\\\/national\\\/le-juge-d-instruction-malade-l-audition-de-ghazi-chaouachi-reportee\\\/205145\\\/\"},\"wordCount\":343,\"commentCount\":0,\"publisher\":{\"@id\":\"https:\\\/\\\/www.webdo.tn\\\/fr\\\/#organization\"},\"image\":{\"@id\":\"https:\\\/\\\/www.webdo.tn\\\/fr\\\/actualite\\\/national\\\/le-juge-d-instruction-malade-l-audition-de-ghazi-chaouachi-reportee\\\/205145\\\/#primaryimage\"},\"thumbnailUrl\":\"https:\\\/\\\/www.webdo.tn\\\/fr\\\/wp-content\\\/uploads\\\/2023\\\/04\\\/20b7f915af1a628834a0f582b45095d4.jpg\",\"keywords\":[\"audition\",\"certificat m\u00e9dical\",\"Ghazi Chaouachi\",\"justice\",\"report\"],\"articleSection\":[\"National\"],\"inLanguage\":\"fr-FR\"},{\"@type\":\"WebPage\",\"@id\":\"https:\\\/\\\/www.webdo.tn\\\/fr\\\/actualite\\\/national\\\/le-juge-d-instruction-malade-l-audition-de-ghazi-chaouachi-reportee\\\/205145\\\/\",\"url\":\"https:\\\/\\\/www.webdo.tn\\\/fr\\\/actualite\\\/national\\\/le-juge-d-instruction-malade-l-audition-de-ghazi-chaouachi-reportee\\\/205145\\\/\",\"name\":\"Le juge d'instruction malade, l'audition de Ghazi Chaouachi report\u00e9e !\",\"isPartOf\":{\"@id\":\"https:\\\/\\\/www.webdo.tn\\\/fr\\\/#website\"},\"primaryImageOfPage\":{\"@id\":\"https:\\\/\\\/www.webdo.tn\\\/fr\\\/actualite\\\/national\\\/le-juge-d-instruction-malade-l-audition-de-ghazi-chaouachi-reportee\\\/205145\\\/#primaryimage\"},\"image\":{\"@id\":\"https:\\\/\\\/www.webdo.tn\\\/fr\\\/actualite\\\/national\\\/le-juge-d-instruction-malade-l-audition-de-ghazi-chaouachi-reportee\\\/205145\\\/#primaryimage\"},\"thumbnailUrl\":\"https:\\\/\\\/www.webdo.tn\\\/fr\\\/wp-content\\\/uploads\\\/2023\\\/04\\\/20b7f915af1a628834a0f582b45095d4.jpg\",\"datePublished\":\"2023-04-25T12:14:00+00:00\",\"dateModified\":\"2025-05-20T22:00:31+00:00\",\"description\":\"C\u2019est aujourd\u2019hui que l\u2019avocat et ancien secr\u00e9taire g\u00e9n\u00e9ral du Courant d\u00e9mocrate, Ghazi Chaouachi devait \u00eatre auditionn\u00e9 par le juge d\u2019instruction, mais son aud...\",\"breadcrumb\":{\"@id\":\"https:\\\/\\\/www.webdo.tn\\\/fr\\\/actualite\\\/national\\\/le-juge-d-instruction-malade-l-audition-de-ghazi-chaouachi-reportee\\\/205145\\\/#breadcrumb\"},\"inLanguage\":\"fr-FR\",\"potentialAction\":[{\"@type\":\"ReadAction\",\"target\":[\"https:\\\/\\\/www.webdo.tn\\\/fr\\\/actualite\\\/national\\\/le-juge-d-instruction-malade-l-audition-de-ghazi-chaouachi-reportee\\\/205145\\\/\"]}]},{\"@type\":\"ImageObject\",\"inLanguage\":\"fr-FR\",\"@id\":\"https:\\\/\\\/www.webdo.tn\\\/fr\\\/actualite\\\/national\\\/le-juge-d-instruction-malade-l-audition-de-ghazi-chaouachi-reportee\\\/205145\\\/#primaryimage\",\"url\":\"https:\\\/\\\/www.webdo.tn\\\/fr\\\/wp-content\\\/uploads\\\/2023\\\/04\\\/20b7f915af1a628834a0f582b45095d4.jpg\",\"contentUrl\":\"https:\\\/\\\/www.webdo.tn\\\/fr\\\/wp-content\\\/uploads\\\/2023\\\/04\\\/20b7f915af1a628834a0f582b45095d4.jpg\",\"width\":650,\"height\":347,\"caption\":\"Le juge d'instruction malade, l'audition de Ghazi Chaouachi report\u00e9e !\"},{\"@type\":\"BreadcrumbList\",\"@id\":\"https:\\\/\\\/www.webdo.tn\\\/fr\\\/actualite\\\/national\\\/le-juge-d-instruction-malade-l-audition-de-ghazi-chaouachi-reportee\\\/205145\\\/#breadcrumb\",\"itemListElement\":[{\"@type\":\"ListItem\",\"position\":1,\"name\":\"Accueil\",\"item\":\"https:\\\/\\\/www.webdo.tn\\\/fr\\\/\"},{\"@type\":\"ListItem\",\"position\":2,\"name\":\"Le juge d&#8217;instruction malade, l&#8217;audition de Ghazi Chaouachi report\u00e9e !\"}]},{\"@type\":\"WebSite\",\"@id\":\"https:\\\/\\\/www.webdo.tn\\\/fr\\\/#website\",\"url\":\"https:\\\/\\\/www.webdo.tn\\\/fr\\\/\",\"name\":\"webdo\",\"description\":\"Tunisie - News en Tunisie et \u00e0 l&#039;international sur Webdo.tn\",\"publisher\":{\"@id\":\"https:\\\/\\\/www.webdo.tn\\\/fr\\\/#organization\"},\"potentialAction\":[{\"@type\":\"SearchAction\",\"target\":{\"@type\":\"EntryPoint\",\"urlTemplate\":\"https:\\\/\\\/www.webdo.tn\\\/fr\\\/?s={search_term_string}\"},\"query-input\":{\"@type\":\"PropertyValueSpecification\",\"valueRequired\":true,\"valueName\":\"search_term_string\"}}],\"inLanguage\":\"fr-FR\"},{\"@type\":\"Organization\",\"@id\":\"https:\\\/\\\/www.webdo.tn\\\/fr\\\/#organization\",\"name\":\"Webdo\",\"alternateName\":\"Webdo.tn\",\"url\":\"https:\\\/\\\/www.webdo.tn\\\/fr\\\/\",\"logo\":{\"@type\":\"ImageObject\",\"inLanguage\":\"fr-FR\",\"@id\":\"https:\\\/\\\/www.webdo.tn\\\/fr\\\/#\\\/schema\\\/logo\\\/image\\\/\",\"url\":\"https:\\\/\\\/www.webdo.tn\\\/fr\\\/wp-content\\\/uploads\\\/2025\\\/06\\\/Webdo-Tunisie_168377.jpg\",\"contentUrl\":\"https:\\\/\\\/www.webdo.tn\\\/fr\\\/wp-content\\\/uploads\\\/2025\\\/06\\\/Webdo-Tunisie_168377.jpg\",\"width\":301,\"height\":301,\"caption\":\"Webdo\"},\"image\":{\"@id\":\"https:\\\/\\\/www.webdo.tn\\\/fr\\\/#\\\/schema\\\/logo\\\/image\\\/\"},\"sameAs\":[\"https:\\\/\\\/www.facebook.com\\\/webdotn\",\"https:\\\/\\\/x.com\\\/webdo_tn\"],\"description\":\"Webdo est un m\u00e9dia num\u00e9rique tunisien fond\u00e9 en 2010, sp\u00e9cialis\u00e9 dans l\u2019actualit\u00e9 nationale et internationale, l\u2019\u00e9conomie, la soci\u00e9t\u00e9 et les analyses politiques. Le site s\u2019adresse \u00e0 un large public francophone et couvre l\u2019information tunisienne en temps r\u00e9el.\",\"email\":\"redac@webdo.tn\",\"legalName\":\"YNJ SARL\",\"foundingDate\":\"2010-09-06\",\"numberOfEmployees\":{\"@type\":\"QuantitativeValue\",\"minValue\":\"11\",\"maxValue\":\"50\"}},{\"@type\":\"Person\",\"@id\":\"https:\\\/\\\/www.webdo.tn\\\/fr\\\/#\\\/schema\\\/person\\\/2c4929cbf5a809e3bd38617c6ce150f6\",\"name\":\"MC\",\"image\":{\"@type\":\"ImageObject\",\"inLanguage\":\"fr-FR\",\"@id\":\"https:\\\/\\\/secure.gravatar.com\\\/avatar\\\/a545bbb6f84efdd5553dbbc2895e3ca8f1d12c5215e00a041c9670b54aa9b18a?s=96&d=mm&r=g\",\"url\":\"https:\\\/\\\/secure.gravatar.com\\\/avatar\\\/a545bbb6f84efdd5553dbbc2895e3ca8f1d12c5215e00a041c9670b54aa9b18a?s=96&d=mm&r=g\",\"contentUrl\":\"https:\\\/\\\/secure.gravatar.com\\\/avatar\\\/a545bbb6f84efdd5553dbbc2895e3ca8f1d12c5215e00a041c9670b54aa9b18a?s=96&d=mm&r=g\",\"caption\":\"MC\"},\"url\":\"https:\\\/\\\/www.webdo.tn\\\/fr\\\/actualite\\\/author\\\/mc\\\/\"}]}<\/script>\n<!-- \/ Yoast SEO Premium plugin. -->","yoast_head_json":{"title":"Le juge d'instruction malade, l'audition de Ghazi Chaouachi report\u00e9e !","description":"C\u2019est aujourd\u2019hui que l\u2019avocat et ancien secr\u00e9taire g\u00e9n\u00e9ral du Courant d\u00e9mocrate, Ghazi Chaouachi devait \u00eatre auditionn\u00e9 par le juge d\u2019instruction, mais son aud...","canonical":"https:\/\/www.webdo.tn\/fr\/actualite\/national\/le-juge-d-instruction-malade-l-audition-de-ghazi-chaouachi-reportee\/205145\/","og_locale":"fr_FR","og_type":"article","og_title":"Le juge d'instruction malade, l'audition de Ghazi Chaouachi report\u00e9e !","og_description":"C\u2019est aujourd\u2019hui que l\u2019avocat et ancien secr\u00e9taire g\u00e9n\u00e9ral du Courant d\u00e9mocrate, Ghazi Chaouachi devait \u00eatre auditionn\u00e9 par le juge d\u2019instruction, mais son aud...","og_url":"https:\/\/www.webdo.tn\/fr\/actualite\/national\/le-juge-d-instruction-malade-l-audition-de-ghazi-chaouachi-reportee\/205145\/","og_site_name":"webdo","article_publisher":"https:\/\/www.facebook.com\/webdotn","article_published_time":"2023-04-25T12:14:00+00:00","article_modified_time":"2025-05-20T22:00:31+00:00","og_image":[{"width":650,"height":347,"url":"https:\/\/www.webdo.tn\/fr\/wp-content\/uploads\/2023\/04\/20b7f915af1a628834a0f582b45095d4.jpg","type":"image\/jpeg"}],"author":"MC","twitter_card":"summary_large_image","twitter_creator":"@webdo_tn","twitter_site":"@webdo_tn","twitter_misc":{"\u00c9crit par":"MC","Dur\u00e9e de lecture estim\u00e9e":"2 minutes"},"schema":{"@context":"https:\/\/schema.org","@graph":[{"@type":"NewsArticle","@id":"https:\/\/www.webdo.tn\/fr\/actualite\/national\/le-juge-d-instruction-malade-l-audition-de-ghazi-chaouachi-reportee\/205145\/#article","isPartOf":{"@id":"https:\/\/www.webdo.tn\/fr\/actualite\/national\/le-juge-d-instruction-malade-l-audition-de-ghazi-chaouachi-reportee\/205145\/"},"author":{"name":"MC","@id":"https:\/\/www.webdo.tn\/fr\/#\/schema\/person\/2c4929cbf5a809e3bd38617c6ce150f6"},"headline":"Le juge d&rsquo;instruction malade, l&rsquo;audition de Ghazi Chaouachi report\u00e9e !","datePublished":"2023-04-25T12:14:00+00:00","dateModified":"2025-05-20T22:00:31+00:00","mainEntityOfPage":{"@id":"https:\/\/www.webdo.tn\/fr\/actualite\/national\/le-juge-d-instruction-malade-l-audition-de-ghazi-chaouachi-reportee\/205145\/"},"wordCount":343,"commentCount":0,"publisher":{"@id":"https:\/\/www.webdo.tn\/fr\/#organization"},"image":{"@id":"https:\/\/www.webdo.tn\/fr\/actualite\/national\/le-juge-d-instruction-malade-l-audition-de-ghazi-chaouachi-reportee\/205145\/#primaryimage"},"thumbnailUrl":"https:\/\/www.webdo.tn\/fr\/wp-content\/uploads\/2023\/04\/20b7f915af1a628834a0f582b45095d4.jpg","keywords":["audition","certificat m\u00e9dical","Ghazi Chaouachi","justice","report"],"articleSection":["National"],"inLanguage":"fr-FR"},{"@type":"WebPage","@id":"https:\/\/www.webdo.tn\/fr\/actualite\/national\/le-juge-d-instruction-malade-l-audition-de-ghazi-chaouachi-reportee\/205145\/","url":"https:\/\/www.webdo.tn\/fr\/actualite\/national\/le-juge-d-instruction-malade-l-audition-de-ghazi-chaouachi-reportee\/205145\/","name":"Le juge d'instruction malade, l'audition de Ghazi Chaouachi report\u00e9e !","isPartOf":{"@id":"https:\/\/www.webdo.tn\/fr\/#website"},"primaryImageOfPage":{"@id":"https:\/\/www.webdo.tn\/fr\/actualite\/national\/le-juge-d-instruction-malade-l-audition-de-ghazi-chaouachi-reportee\/205145\/#primaryimage"},"image":{"@id":"https:\/\/www.webdo.tn\/fr\/actualite\/national\/le-juge-d-instruction-malade-l-audition-de-ghazi-chaouachi-reportee\/205145\/#primaryimage"},"thumbnailUrl":"https:\/\/www.webdo.tn\/fr\/wp-content\/uploads\/2023\/04\/20b7f915af1a628834a0f582b45095d4.jpg","datePublished":"2023-04-25T12:14:00+00:00","dateModified":"2025-05-20T22:00:31+00:00","description":"C\u2019est aujourd\u2019hui que l\u2019avocat et ancien secr\u00e9taire g\u00e9n\u00e9ral du Courant d\u00e9mocrate, Ghazi Chaouachi devait \u00eatre auditionn\u00e9 par le juge d\u2019instruction, mais son aud...","breadcrumb":{"@id":"https:\/\/www.webdo.tn\/fr\/actualite\/national\/le-juge-d-instruction-malade-l-audition-de-ghazi-chaouachi-reportee\/205145\/#breadcrumb"},"inLanguage":"fr-FR","potentialAction":[{"@type":"ReadAction","target":["https:\/\/www.webdo.tn\/fr\/actualite\/national\/le-juge-d-instruction-malade-l-audition-de-ghazi-chaouachi-reportee\/205145\/"]}]},{"@type":"ImageObject","inLanguage":"fr-FR","@id":"https:\/\/www.webdo.tn\/fr\/actualite\/national\/le-juge-d-instruction-malade-l-audition-de-ghazi-chaouachi-reportee\/205145\/#primaryimage","url":"https:\/\/www.webdo.tn\/fr\/wp-content\/uploads\/2023\/04\/20b7f915af1a628834a0f582b45095d4.jpg","contentUrl":"https:\/\/www.webdo.tn\/fr\/wp-content\/uploads\/2023\/04\/20b7f915af1a628834a0f582b45095d4.jpg","width":650,"height":347,"caption":"Le juge d'instruction malade, l'audition de Ghazi Chaouachi report\u00e9e !"},{"@type":"BreadcrumbList","@id":"https:\/\/www.webdo.tn\/fr\/actualite\/national\/le-juge-d-instruction-malade-l-audition-de-ghazi-chaouachi-reportee\/205145\/#breadcrumb","itemListElement":[{"@type":"ListItem","position":1,"name":"Accueil","item":"https:\/\/www.webdo.tn\/fr\/"},{"@type":"ListItem","position":2,"name":"Le juge d&#8217;instruction malade, l&#8217;audition de Ghazi Chaouachi report\u00e9e !"}]},{"@type":"WebSite","@id":"https:\/\/www.webdo.tn\/fr\/#website","url":"https:\/\/www.webdo.tn\/fr\/","name":"webdo","description":"Tunisie - News en Tunisie et \u00e0 l&#039;international sur Webdo.tn","publisher":{"@id":"https:\/\/www.webdo.tn\/fr\/#organization"},"potentialAction":[{"@type":"SearchAction","target":{"@type":"EntryPoint","urlTemplate":"https:\/\/www.webdo.tn\/fr\/?s={search_term_string}"},"query-input":{"@type":"PropertyValueSpecification","valueRequired":true,"valueName":"search_term_string"}}],"inLanguage":"fr-FR"},{"@type":"Organization","@id":"https:\/\/www.webdo.tn\/fr\/#organization","name":"Webdo","alternateName":"Webdo.tn","url":"https:\/\/www.webdo.tn\/fr\/","logo":{"@type":"ImageObject","inLanguage":"fr-FR","@id":"https:\/\/www.webdo.tn\/fr\/#\/schema\/logo\/image\/","url":"https:\/\/www.webdo.tn\/fr\/wp-content\/uploads\/2025\/06\/Webdo-Tunisie_168377.jpg","contentUrl":"https:\/\/www.webdo.tn\/fr\/wp-content\/uploads\/2025\/06\/Webdo-Tunisie_168377.jpg","width":301,"height":301,"caption":"Webdo"},"image":{"@id":"https:\/\/www.webdo.tn\/fr\/#\/schema\/logo\/image\/"},"sameAs":["https:\/\/www.facebook.com\/webdotn","https:\/\/x.com\/webdo_tn"],"description":"Webdo est un m\u00e9dia num\u00e9rique tunisien fond\u00e9 en 2010, sp\u00e9cialis\u00e9 dans l\u2019actualit\u00e9 nationale et internationale, l\u2019\u00e9conomie, la soci\u00e9t\u00e9 et les analyses politiques. Le site s\u2019adresse \u00e0 un large public francophone et couvre l\u2019information tunisienne en temps r\u00e9el.","email":"redac@webdo.tn","legalName":"YNJ SARL","foundingDate":"2010-09-06","numberOfEmployees":{"@type":"QuantitativeValue","minValue":"11","maxValue":"50"}},{"@type":"Person","@id":"https:\/\/www.webdo.tn\/fr\/#\/schema\/person\/2c4929cbf5a809e3bd38617c6ce150f6","name":"MC","image":{"@type":"ImageObject","inLanguage":"fr-FR","@id":"https:\/\/secure.gravatar.com\/avatar\/a545bbb6f84efdd5553dbbc2895e3ca8f1d12c5215e00a041c9670b54aa9b18a?s=96&d=mm&r=g","url":"https:\/\/secure.gravatar.com\/avatar\/a545bbb6f84efdd5553dbbc2895e3ca8f1d12c5215e00a041c9670b54aa9b18a?s=96&d=mm&r=g","contentUrl":"https:\/\/secure.gravatar.com\/avatar\/a545bbb6f84efdd5553dbbc2895e3ca8f1d12c5215e00a041c9670b54aa9b18a?s=96&d=mm&r=g","caption":"MC"},"url":"https:\/\/www.webdo.tn\/fr\/actualite\/author\/mc\/"}]}},"_links":{"self":[{"href":"https:\/\/www.webdo.tn\/fr\/wp-json\/wp\/v2\/posts\/205145","targetHints":{"allow":["GET"]}}],"collection":[{"href":"https:\/\/www.webdo.tn\/fr\/wp-json\/wp\/v2\/posts"}],"about":[{"href":"https:\/\/www.webdo.tn\/fr\/wp-json\/wp\/v2\/types\/post"}],"author":[{"embeddable":true,"href":"https:\/\/www.webdo.tn\/fr\/wp-json\/wp\/v2\/users\/3162"}],"replies":[{"embeddable":true,"href":"https:\/\/www.webdo.tn\/fr\/wp-json\/wp\/v2\/comments?post=205145"}],"version-history":[{"count":0,"href":"https:\/\/www.webdo.tn\/fr\/wp-json\/wp\/v2\/posts\/205145\/revisions"}],"wp:featuredmedia":[{"embeddable":true,"href":"https:\/\/www.webdo.tn\/fr\/wp-json\/wp\/v2\/media\/251333"}],"wp:attachment":[{"href":"https:\/\/www.webdo.tn\/fr\/wp-json\/wp\/v2\/media?parent=205145"}],"wp:term":[{"taxonomy":"category","embeddable":true,"href":"https:\/\/www.webdo.tn\/fr\/wp-json\/wp\/v2\/categories?post=205145"},{"taxonomy":"post_tag","embeddable":true,"href":"https:\/\/www.webdo.tn\/fr\/wp-json\/wp\/v2\/tags?post=205145"}],"curies":[{"name":"wp","href":"https:\/\/api.w.org\/{rel}","templated":true}]}}