{"id":205140,"date":"2023-04-25T09:11:00","date_gmt":"2023-04-25T09:11:00","guid":{"rendered":"https:\/\/www.webdo.tn\/fr\/blog\/ammar-a-la-bbc-l-arrestation-de-ghannouchi-n-est-guere-une-question-politique\/205140\/"},"modified":"2025-05-20T22:43:55","modified_gmt":"2025-05-20T22:43:55","slug":"ammar-a-la-bbc-l-arrestation-de-ghannouchi-n-est-guere-une-question-politique","status":"publish","type":"post","link":"https:\/\/www.webdo.tn\/fr\/actualite\/national\/ammar-a-la-bbc-l-arrestation-de-ghannouchi-n-est-guere-une-question-politique\/205140\/","title":{"rendered":"Nabil Ammar \u00e0 la BBC : \u00ab\u00a0L\u2019arrestation de Ghannouchi n\u2019est gu\u00e8re une question politique\u00a0\u00bb"},"content":{"rendered":"<p>Le ministre des Affaires \u00e9trang\u00e8res Nabil Ammar a accord\u00e9 r\u00e9cemment une interview \u00e0 la BBC radio dans laquelle il est notamment revenu sur l\u2019affaire Ghannouchi.<\/p>\n<p>\t\t\t\t\t\t\t\t\tPour le chef de la diplomatie tunisienne, Rached Ghannouchi a \u00e9t\u00e9 arr\u00eat\u00e9 conform\u00e9ment \u00e0 la \u00ab l\u00e9gislation tunisienne pour des propos punissables par la loi tunisienne \u00bb.\u00a0<\/p>\n<p>Nabil Ammar a rejet\u00e9 toutes les accusations d\u2019atteintes aux libert\u00e9s et a refus\u00e9 toute comparaison avec les pratiques anciennes sous le r\u00e9gime de Ben Ali. \u00ab Ce n\u2019est pas une question politique, c\u2019est une affaire entre les mains de la justice \u00bb.\u00a0<\/p>\n<p>Le juge d\u2019instruction au tribunal de premi\u00e8re instance de Tunis a d\u00e9cid\u00e9 de maintenir le pr\u00e9sident d\u2019Ennahdha, Rached Ghannouchi en \u00e9tat de libert\u00e9 dans une affaire relative \u00e0 une plainte d\u00e9pos\u00e9e \u00e0 son encontre par un s\u00e9curitaire.<\/p>\n<p>En effet apr\u00e8s une confrontation avec un syndicaliste s\u00e9curitaire qui a d\u00e9pos\u00e9 une plainte de nature terroriste contre lui, Rached Ghannouchi a \u00e9t\u00e9 maintenu en \u00e9tat de libert\u00e9, mais reste en prison puisqu\u2019il est poursuivi pour menace \u00e0 la paix sociale.<\/p>\n","protected":false},"excerpt":{"rendered":"<p>Le ministre des Affaires \u00e9trang\u00e8res Nabil Ammar a accord\u00e9 r\u00e9cemment une interview \u00e0 la BBC radio dans laquelle il est notamment revenu sur l\u2019affaire Ghannouchi.<\/p>\n","protected":false},"author":3175,"featured_media":251332,"comment_status":"open","ping_status":"closed","sticky":false,"template":"","format":"standard","meta":{"footnotes":""},"categories":[44],"tags":[8064,4127,2608],"class_list":["post-205140","post","type-post","status-publish","format-standard","has-post-thumbnail","hentry","category-national","tag-ammar","tag-ghannouchi","tag-tunisie"],"yoast_head":"<!-- This site is optimized with the Yoast SEO Premium plugin v27.4 (Yoast SEO v27.5) - https:\/\/yoast.com\/product\/yoast-seo-premium-wordpress\/ -->\n<title>Nabil Ammar \u00e0 la BBC : L\u2019arrestation de Ghannouchi n\u2019est gu\u00e8re une question politique<\/title>\n<meta name=\"description\" content=\"Le ministre des Affaires \u00e9trang\u00e8res Nabil Ammar a accord\u00e9 r\u00e9cemment une interview \u00e0 la BBC radio dans laquelle il est notamment revenu sur l\u2019affaire Ghannouchi.\" \/>\n<link rel=\"canonical\" href=\"https:\/\/www.webdo.tn\/fr\/actualite\/national\/ammar-a-la-bbc-l-arrestation-de-ghannouchi-n-est-guere-une-question-politique\/205140\/\" \/>\n<meta property=\"og:locale\" content=\"fr_FR\" \/>\n<meta property=\"og:type\" content=\"article\" \/>\n<meta property=\"og:title\" content=\"Nabil Ammar \u00e0 la BBC : &quot;L\u2019arrestation de Ghannouchi n\u2019est gu\u00e8re une question politique&quot;\" \/>\n<meta property=\"og:description\" content=\"Le ministre des Affaires \u00e9trang\u00e8res Nabil Ammar a accord\u00e9 r\u00e9cemment une interview \u00e0 la BBC radio dans laquelle il est notamment revenu sur l\u2019affaire Ghannouchi.\" \/>\n<meta property=\"og:url\" content=\"https:\/\/www.webdo.tn\/fr\/actualite\/national\/ammar-a-la-bbc-l-arrestation-de-ghannouchi-n-est-guere-une-question-politique\/205140\/\" \/>\n<meta property=\"og:site_name\" content=\"webdo\" \/>\n<meta property=\"article:publisher\" content=\"https:\/\/www.facebook.com\/webdotn\" \/>\n<meta property=\"article:published_time\" content=\"2023-04-25T09:11:00+00:00\" \/>\n<meta property=\"article:modified_time\" content=\"2025-05-20T22:43:55+00:00\" \/>\n<meta property=\"og:image\" content=\"https:\/\/www.webdo.tn\/fr\/wp-content\/uploads\/2023\/04\/6ba4fd15270e0ffc1db74532205b5703.png\" \/>\n\t<meta property=\"og:image:width\" content=\"750\" \/>\n\t<meta property=\"og:image:height\" content=\"400\" \/>\n\t<meta property=\"og:image:type\" content=\"image\/png\" \/>\n<meta name=\"author\" content=\"CL\" \/>\n<meta name=\"twitter:card\" content=\"summary_large_image\" \/>\n<meta name=\"twitter:creator\" content=\"@webdo_tn\" \/>\n<meta name=\"twitter:site\" content=\"@webdo_tn\" \/>\n<meta name=\"twitter:label1\" content=\"\u00c9crit par\" \/>\n\t<meta name=\"twitter:data1\" content=\"CL\" \/>\n\t<meta name=\"twitter:label2\" content=\"Dur\u00e9e de lecture estim\u00e9e\" \/>\n\t<meta name=\"twitter:data2\" content=\"1 minute\" \/>\n<script type=\"application\/ld+json\" class=\"yoast-schema-graph\">{\"@context\":\"https:\\\/\\\/schema.org\",\"@graph\":[{\"@type\":\"NewsArticle\",\"@id\":\"https:\\\/\\\/www.webdo.tn\\\/fr\\\/actualite\\\/national\\\/ammar-a-la-bbc-l-arrestation-de-ghannouchi-n-est-guere-une-question-politique\\\/205140\\\/#article\",\"isPartOf\":{\"@id\":\"https:\\\/\\\/www.webdo.tn\\\/fr\\\/actualite\\\/national\\\/ammar-a-la-bbc-l-arrestation-de-ghannouchi-n-est-guere-une-question-politique\\\/205140\\\/\"},\"author\":{\"name\":\"CL\",\"@id\":\"https:\\\/\\\/www.webdo.tn\\\/fr\\\/#\\\/schema\\\/person\\\/f35b42a42c5e2511bbd282959d6385cc\"},\"headline\":\"Nabil Ammar \u00e0 la BBC : \u00ab\u00a0L\u2019arrestation de Ghannouchi n\u2019est gu\u00e8re une question politique\u00a0\u00bb\",\"datePublished\":\"2023-04-25T09:11:00+00:00\",\"dateModified\":\"2025-05-20T22:43:55+00:00\",\"mainEntityOfPage\":{\"@id\":\"https:\\\/\\\/www.webdo.tn\\\/fr\\\/actualite\\\/national\\\/ammar-a-la-bbc-l-arrestation-de-ghannouchi-n-est-guere-une-question-politique\\\/205140\\\/\"},\"wordCount\":201,\"commentCount\":0,\"publisher\":{\"@id\":\"https:\\\/\\\/www.webdo.tn\\\/fr\\\/#organization\"},\"image\":{\"@id\":\"https:\\\/\\\/www.webdo.tn\\\/fr\\\/actualite\\\/national\\\/ammar-a-la-bbc-l-arrestation-de-ghannouchi-n-est-guere-une-question-politique\\\/205140\\\/#primaryimage\"},\"thumbnailUrl\":\"https:\\\/\\\/www.webdo.tn\\\/fr\\\/wp-content\\\/uploads\\\/2023\\\/04\\\/6ba4fd15270e0ffc1db74532205b5703.png\",\"keywords\":[\"Ammar\",\"Ghannouchi\",\"Tunisie\"],\"articleSection\":[\"National\"],\"inLanguage\":\"fr-FR\"},{\"@type\":\"WebPage\",\"@id\":\"https:\\\/\\\/www.webdo.tn\\\/fr\\\/actualite\\\/national\\\/ammar-a-la-bbc-l-arrestation-de-ghannouchi-n-est-guere-une-question-politique\\\/205140\\\/\",\"url\":\"https:\\\/\\\/www.webdo.tn\\\/fr\\\/actualite\\\/national\\\/ammar-a-la-bbc-l-arrestation-de-ghannouchi-n-est-guere-une-question-politique\\\/205140\\\/\",\"name\":\"Nabil Ammar \u00e0 la BBC : L\u2019arrestation de Ghannouchi n\u2019est gu\u00e8re une question politique\",\"isPartOf\":{\"@id\":\"https:\\\/\\\/www.webdo.tn\\\/fr\\\/#website\"},\"primaryImageOfPage\":{\"@id\":\"https:\\\/\\\/www.webdo.tn\\\/fr\\\/actualite\\\/national\\\/ammar-a-la-bbc-l-arrestation-de-ghannouchi-n-est-guere-une-question-politique\\\/205140\\\/#primaryimage\"},\"image\":{\"@id\":\"https:\\\/\\\/www.webdo.tn\\\/fr\\\/actualite\\\/national\\\/ammar-a-la-bbc-l-arrestation-de-ghannouchi-n-est-guere-une-question-politique\\\/205140\\\/#primaryimage\"},\"thumbnailUrl\":\"https:\\\/\\\/www.webdo.tn\\\/fr\\\/wp-content\\\/uploads\\\/2023\\\/04\\\/6ba4fd15270e0ffc1db74532205b5703.png\",\"datePublished\":\"2023-04-25T09:11:00+00:00\",\"dateModified\":\"2025-05-20T22:43:55+00:00\",\"description\":\"Le ministre des Affaires \u00e9trang\u00e8res Nabil Ammar a accord\u00e9 r\u00e9cemment une interview \u00e0 la BBC radio dans laquelle il est notamment revenu sur l\u2019affaire Ghannouchi.\",\"breadcrumb\":{\"@id\":\"https:\\\/\\\/www.webdo.tn\\\/fr\\\/actualite\\\/national\\\/ammar-a-la-bbc-l-arrestation-de-ghannouchi-n-est-guere-une-question-politique\\\/205140\\\/#breadcrumb\"},\"inLanguage\":\"fr-FR\",\"potentialAction\":[{\"@type\":\"ReadAction\",\"target\":[\"https:\\\/\\\/www.webdo.tn\\\/fr\\\/actualite\\\/national\\\/ammar-a-la-bbc-l-arrestation-de-ghannouchi-n-est-guere-une-question-politique\\\/205140\\\/\"]}]},{\"@type\":\"ImageObject\",\"inLanguage\":\"fr-FR\",\"@id\":\"https:\\\/\\\/www.webdo.tn\\\/fr\\\/actualite\\\/national\\\/ammar-a-la-bbc-l-arrestation-de-ghannouchi-n-est-guere-une-question-politique\\\/205140\\\/#primaryimage\",\"url\":\"https:\\\/\\\/www.webdo.tn\\\/fr\\\/wp-content\\\/uploads\\\/2023\\\/04\\\/6ba4fd15270e0ffc1db74532205b5703.png\",\"contentUrl\":\"https:\\\/\\\/www.webdo.tn\\\/fr\\\/wp-content\\\/uploads\\\/2023\\\/04\\\/6ba4fd15270e0ffc1db74532205b5703.png\",\"width\":750,\"height\":400,\"caption\":\"Nabil Ammar\"},{\"@type\":\"BreadcrumbList\",\"@id\":\"https:\\\/\\\/www.webdo.tn\\\/fr\\\/actualite\\\/national\\\/ammar-a-la-bbc-l-arrestation-de-ghannouchi-n-est-guere-une-question-politique\\\/205140\\\/#breadcrumb\",\"itemListElement\":[{\"@type\":\"ListItem\",\"position\":1,\"name\":\"Accueil\",\"item\":\"https:\\\/\\\/www.webdo.tn\\\/fr\\\/\"},{\"@type\":\"ListItem\",\"position\":2,\"name\":\"Nabil Ammar \u00e0 la BBC : &#8220;L\u2019arrestation de Ghannouchi n\u2019est gu\u00e8re une question politique&#8221;\"}]},{\"@type\":\"WebSite\",\"@id\":\"https:\\\/\\\/www.webdo.tn\\\/fr\\\/#website\",\"url\":\"https:\\\/\\\/www.webdo.tn\\\/fr\\\/\",\"name\":\"webdo\",\"description\":\"Tunisie - News en Tunisie et \u00e0 l&#039;international sur Webdo.tn\",\"publisher\":{\"@id\":\"https:\\\/\\\/www.webdo.tn\\\/fr\\\/#organization\"},\"potentialAction\":[{\"@type\":\"SearchAction\",\"target\":{\"@type\":\"EntryPoint\",\"urlTemplate\":\"https:\\\/\\\/www.webdo.tn\\\/fr\\\/?s={search_term_string}\"},\"query-input\":{\"@type\":\"PropertyValueSpecification\",\"valueRequired\":true,\"valueName\":\"search_term_string\"}}],\"inLanguage\":\"fr-FR\"},{\"@type\":\"Organization\",\"@id\":\"https:\\\/\\\/www.webdo.tn\\\/fr\\\/#organization\",\"name\":\"Webdo\",\"alternateName\":\"Webdo.tn\",\"url\":\"https:\\\/\\\/www.webdo.tn\\\/fr\\\/\",\"logo\":{\"@type\":\"ImageObject\",\"inLanguage\":\"fr-FR\",\"@id\":\"https:\\\/\\\/www.webdo.tn\\\/fr\\\/#\\\/schema\\\/logo\\\/image\\\/\",\"url\":\"https:\\\/\\\/www.webdo.tn\\\/fr\\\/wp-content\\\/uploads\\\/2025\\\/06\\\/Webdo-Tunisie_168377.jpg\",\"contentUrl\":\"https:\\\/\\\/www.webdo.tn\\\/fr\\\/wp-content\\\/uploads\\\/2025\\\/06\\\/Webdo-Tunisie_168377.jpg\",\"width\":301,\"height\":301,\"caption\":\"Webdo\"},\"image\":{\"@id\":\"https:\\\/\\\/www.webdo.tn\\\/fr\\\/#\\\/schema\\\/logo\\\/image\\\/\"},\"sameAs\":[\"https:\\\/\\\/www.facebook.com\\\/webdotn\",\"https:\\\/\\\/x.com\\\/webdo_tn\"],\"description\":\"Webdo est un m\u00e9dia num\u00e9rique tunisien fond\u00e9 en 2010, sp\u00e9cialis\u00e9 dans l\u2019actualit\u00e9 nationale et internationale, l\u2019\u00e9conomie, la soci\u00e9t\u00e9 et les analyses politiques. Le site s\u2019adresse \u00e0 un large public francophone et couvre l\u2019information tunisienne en temps r\u00e9el.\",\"email\":\"redac@webdo.tn\",\"legalName\":\"YNJ SARL\",\"foundingDate\":\"2010-09-06\",\"numberOfEmployees\":{\"@type\":\"QuantitativeValue\",\"minValue\":\"11\",\"maxValue\":\"50\"}},{\"@type\":\"Person\",\"@id\":\"https:\\\/\\\/www.webdo.tn\\\/fr\\\/#\\\/schema\\\/person\\\/f35b42a42c5e2511bbd282959d6385cc\",\"name\":\"CL\",\"image\":{\"@type\":\"ImageObject\",\"inLanguage\":\"fr-FR\",\"@id\":\"https:\\\/\\\/secure.gravatar.com\\\/avatar\\\/1447a49909b67aa657c488aec6512e1dd6143a480c1ecfee9b5b5cd74eb3b59e?s=96&d=mm&r=g\",\"url\":\"https:\\\/\\\/secure.gravatar.com\\\/avatar\\\/1447a49909b67aa657c488aec6512e1dd6143a480c1ecfee9b5b5cd74eb3b59e?s=96&d=mm&r=g\",\"contentUrl\":\"https:\\\/\\\/secure.gravatar.com\\\/avatar\\\/1447a49909b67aa657c488aec6512e1dd6143a480c1ecfee9b5b5cd74eb3b59e?s=96&d=mm&r=g\",\"caption\":\"CL\"},\"url\":\"https:\\\/\\\/www.webdo.tn\\\/fr\\\/actualite\\\/author\\\/cl\\\/\"}]}<\/script>\n<!-- \/ Yoast SEO Premium plugin. -->","yoast_head_json":{"title":"Nabil Ammar \u00e0 la BBC : L\u2019arrestation de Ghannouchi n\u2019est gu\u00e8re une question politique","description":"Le ministre des Affaires \u00e9trang\u00e8res Nabil Ammar a accord\u00e9 r\u00e9cemment une interview \u00e0 la BBC radio dans laquelle il est notamment revenu sur l\u2019affaire Ghannouchi.","canonical":"https:\/\/www.webdo.tn\/fr\/actualite\/national\/ammar-a-la-bbc-l-arrestation-de-ghannouchi-n-est-guere-une-question-politique\/205140\/","og_locale":"fr_FR","og_type":"article","og_title":"Nabil Ammar \u00e0 la BBC : \"L\u2019arrestation de Ghannouchi n\u2019est gu\u00e8re une question politique\"","og_description":"Le ministre des Affaires \u00e9trang\u00e8res Nabil Ammar a accord\u00e9 r\u00e9cemment une interview \u00e0 la BBC radio dans laquelle il est notamment revenu sur l\u2019affaire Ghannouchi.","og_url":"https:\/\/www.webdo.tn\/fr\/actualite\/national\/ammar-a-la-bbc-l-arrestation-de-ghannouchi-n-est-guere-une-question-politique\/205140\/","og_site_name":"webdo","article_publisher":"https:\/\/www.facebook.com\/webdotn","article_published_time":"2023-04-25T09:11:00+00:00","article_modified_time":"2025-05-20T22:43:55+00:00","og_image":[{"width":750,"height":400,"url":"https:\/\/www.webdo.tn\/fr\/wp-content\/uploads\/2023\/04\/6ba4fd15270e0ffc1db74532205b5703.png","type":"image\/png"}],"author":"CL","twitter_card":"summary_large_image","twitter_creator":"@webdo_tn","twitter_site":"@webdo_tn","twitter_misc":{"\u00c9crit par":"CL","Dur\u00e9e de lecture estim\u00e9e":"1 minute"},"schema":{"@context":"https:\/\/schema.org","@graph":[{"@type":"NewsArticle","@id":"https:\/\/www.webdo.tn\/fr\/actualite\/national\/ammar-a-la-bbc-l-arrestation-de-ghannouchi-n-est-guere-une-question-politique\/205140\/#article","isPartOf":{"@id":"https:\/\/www.webdo.tn\/fr\/actualite\/national\/ammar-a-la-bbc-l-arrestation-de-ghannouchi-n-est-guere-une-question-politique\/205140\/"},"author":{"name":"CL","@id":"https:\/\/www.webdo.tn\/fr\/#\/schema\/person\/f35b42a42c5e2511bbd282959d6385cc"},"headline":"Nabil Ammar \u00e0 la BBC : \u00ab\u00a0L\u2019arrestation de Ghannouchi n\u2019est gu\u00e8re une question politique\u00a0\u00bb","datePublished":"2023-04-25T09:11:00+00:00","dateModified":"2025-05-20T22:43:55+00:00","mainEntityOfPage":{"@id":"https:\/\/www.webdo.tn\/fr\/actualite\/national\/ammar-a-la-bbc-l-arrestation-de-ghannouchi-n-est-guere-une-question-politique\/205140\/"},"wordCount":201,"commentCount":0,"publisher":{"@id":"https:\/\/www.webdo.tn\/fr\/#organization"},"image":{"@id":"https:\/\/www.webdo.tn\/fr\/actualite\/national\/ammar-a-la-bbc-l-arrestation-de-ghannouchi-n-est-guere-une-question-politique\/205140\/#primaryimage"},"thumbnailUrl":"https:\/\/www.webdo.tn\/fr\/wp-content\/uploads\/2023\/04\/6ba4fd15270e0ffc1db74532205b5703.png","keywords":["Ammar","Ghannouchi","Tunisie"],"articleSection":["National"],"inLanguage":"fr-FR"},{"@type":"WebPage","@id":"https:\/\/www.webdo.tn\/fr\/actualite\/national\/ammar-a-la-bbc-l-arrestation-de-ghannouchi-n-est-guere-une-question-politique\/205140\/","url":"https:\/\/www.webdo.tn\/fr\/actualite\/national\/ammar-a-la-bbc-l-arrestation-de-ghannouchi-n-est-guere-une-question-politique\/205140\/","name":"Nabil Ammar \u00e0 la BBC : L\u2019arrestation de Ghannouchi n\u2019est gu\u00e8re une question politique","isPartOf":{"@id":"https:\/\/www.webdo.tn\/fr\/#website"},"primaryImageOfPage":{"@id":"https:\/\/www.webdo.tn\/fr\/actualite\/national\/ammar-a-la-bbc-l-arrestation-de-ghannouchi-n-est-guere-une-question-politique\/205140\/#primaryimage"},"image":{"@id":"https:\/\/www.webdo.tn\/fr\/actualite\/national\/ammar-a-la-bbc-l-arrestation-de-ghannouchi-n-est-guere-une-question-politique\/205140\/#primaryimage"},"thumbnailUrl":"https:\/\/www.webdo.tn\/fr\/wp-content\/uploads\/2023\/04\/6ba4fd15270e0ffc1db74532205b5703.png","datePublished":"2023-04-25T09:11:00+00:00","dateModified":"2025-05-20T22:43:55+00:00","description":"Le ministre des Affaires \u00e9trang\u00e8res Nabil Ammar a accord\u00e9 r\u00e9cemment une interview \u00e0 la BBC radio dans laquelle il est notamment revenu sur l\u2019affaire Ghannouchi.","breadcrumb":{"@id":"https:\/\/www.webdo.tn\/fr\/actualite\/national\/ammar-a-la-bbc-l-arrestation-de-ghannouchi-n-est-guere-une-question-politique\/205140\/#breadcrumb"},"inLanguage":"fr-FR","potentialAction":[{"@type":"ReadAction","target":["https:\/\/www.webdo.tn\/fr\/actualite\/national\/ammar-a-la-bbc-l-arrestation-de-ghannouchi-n-est-guere-une-question-politique\/205140\/"]}]},{"@type":"ImageObject","inLanguage":"fr-FR","@id":"https:\/\/www.webdo.tn\/fr\/actualite\/national\/ammar-a-la-bbc-l-arrestation-de-ghannouchi-n-est-guere-une-question-politique\/205140\/#primaryimage","url":"https:\/\/www.webdo.tn\/fr\/wp-content\/uploads\/2023\/04\/6ba4fd15270e0ffc1db74532205b5703.png","contentUrl":"https:\/\/www.webdo.tn\/fr\/wp-content\/uploads\/2023\/04\/6ba4fd15270e0ffc1db74532205b5703.png","width":750,"height":400,"caption":"Nabil Ammar"},{"@type":"BreadcrumbList","@id":"https:\/\/www.webdo.tn\/fr\/actualite\/national\/ammar-a-la-bbc-l-arrestation-de-ghannouchi-n-est-guere-une-question-politique\/205140\/#breadcrumb","itemListElement":[{"@type":"ListItem","position":1,"name":"Accueil","item":"https:\/\/www.webdo.tn\/fr\/"},{"@type":"ListItem","position":2,"name":"Nabil Ammar \u00e0 la BBC : &#8220;L\u2019arrestation de Ghannouchi n\u2019est gu\u00e8re une question politique&#8221;"}]},{"@type":"WebSite","@id":"https:\/\/www.webdo.tn\/fr\/#website","url":"https:\/\/www.webdo.tn\/fr\/","name":"webdo","description":"Tunisie - News en Tunisie et \u00e0 l&#039;international sur Webdo.tn","publisher":{"@id":"https:\/\/www.webdo.tn\/fr\/#organization"},"potentialAction":[{"@type":"SearchAction","target":{"@type":"EntryPoint","urlTemplate":"https:\/\/www.webdo.tn\/fr\/?s={search_term_string}"},"query-input":{"@type":"PropertyValueSpecification","valueRequired":true,"valueName":"search_term_string"}}],"inLanguage":"fr-FR"},{"@type":"Organization","@id":"https:\/\/www.webdo.tn\/fr\/#organization","name":"Webdo","alternateName":"Webdo.tn","url":"https:\/\/www.webdo.tn\/fr\/","logo":{"@type":"ImageObject","inLanguage":"fr-FR","@id":"https:\/\/www.webdo.tn\/fr\/#\/schema\/logo\/image\/","url":"https:\/\/www.webdo.tn\/fr\/wp-content\/uploads\/2025\/06\/Webdo-Tunisie_168377.jpg","contentUrl":"https:\/\/www.webdo.tn\/fr\/wp-content\/uploads\/2025\/06\/Webdo-Tunisie_168377.jpg","width":301,"height":301,"caption":"Webdo"},"image":{"@id":"https:\/\/www.webdo.tn\/fr\/#\/schema\/logo\/image\/"},"sameAs":["https:\/\/www.facebook.com\/webdotn","https:\/\/x.com\/webdo_tn"],"description":"Webdo est un m\u00e9dia num\u00e9rique tunisien fond\u00e9 en 2010, sp\u00e9cialis\u00e9 dans l\u2019actualit\u00e9 nationale et internationale, l\u2019\u00e9conomie, la soci\u00e9t\u00e9 et les analyses politiques. Le site s\u2019adresse \u00e0 un large public francophone et couvre l\u2019information tunisienne en temps r\u00e9el.","email":"redac@webdo.tn","legalName":"YNJ SARL","foundingDate":"2010-09-06","numberOfEmployees":{"@type":"QuantitativeValue","minValue":"11","maxValue":"50"}},{"@type":"Person","@id":"https:\/\/www.webdo.tn\/fr\/#\/schema\/person\/f35b42a42c5e2511bbd282959d6385cc","name":"CL","image":{"@type":"ImageObject","inLanguage":"fr-FR","@id":"https:\/\/secure.gravatar.com\/avatar\/1447a49909b67aa657c488aec6512e1dd6143a480c1ecfee9b5b5cd74eb3b59e?s=96&d=mm&r=g","url":"https:\/\/secure.gravatar.com\/avatar\/1447a49909b67aa657c488aec6512e1dd6143a480c1ecfee9b5b5cd74eb3b59e?s=96&d=mm&r=g","contentUrl":"https:\/\/secure.gravatar.com\/avatar\/1447a49909b67aa657c488aec6512e1dd6143a480c1ecfee9b5b5cd74eb3b59e?s=96&d=mm&r=g","caption":"CL"},"url":"https:\/\/www.webdo.tn\/fr\/actualite\/author\/cl\/"}]}},"_links":{"self":[{"href":"https:\/\/www.webdo.tn\/fr\/wp-json\/wp\/v2\/posts\/205140","targetHints":{"allow":["GET"]}}],"collection":[{"href":"https:\/\/www.webdo.tn\/fr\/wp-json\/wp\/v2\/posts"}],"about":[{"href":"https:\/\/www.webdo.tn\/fr\/wp-json\/wp\/v2\/types\/post"}],"author":[{"embeddable":true,"href":"https:\/\/www.webdo.tn\/fr\/wp-json\/wp\/v2\/users\/3175"}],"replies":[{"embeddable":true,"href":"https:\/\/www.webdo.tn\/fr\/wp-json\/wp\/v2\/comments?post=205140"}],"version-history":[{"count":0,"href":"https:\/\/www.webdo.tn\/fr\/wp-json\/wp\/v2\/posts\/205140\/revisions"}],"wp:featuredmedia":[{"embeddable":true,"href":"https:\/\/www.webdo.tn\/fr\/wp-json\/wp\/v2\/media\/251332"}],"wp:attachment":[{"href":"https:\/\/www.webdo.tn\/fr\/wp-json\/wp\/v2\/media?parent=205140"}],"wp:term":[{"taxonomy":"category","embeddable":true,"href":"https:\/\/www.webdo.tn\/fr\/wp-json\/wp\/v2\/categories?post=205140"},{"taxonomy":"post_tag","embeddable":true,"href":"https:\/\/www.webdo.tn\/fr\/wp-json\/wp\/v2\/tags?post=205140"}],"curies":[{"name":"wp","href":"https:\/\/api.w.org\/{rel}","templated":true}]}}