{"id":205133,"date":"2023-04-25T07:53:00","date_gmt":"2023-04-25T07:53:00","guid":{"rendered":"https:\/\/www.webdo.tn\/fr\/blog\/taboubi-se-porte-bien-rassure-l-ugtt\/205133\/"},"modified":"2025-05-20T22:43:54","modified_gmt":"2025-05-20T22:43:54","slug":"taboubi-se-porte-bien-rassure-l-ugtt","status":"publish","type":"post","link":"https:\/\/www.webdo.tn\/fr\/actualite\/national\/taboubi-se-porte-bien-rassure-l-ugtt\/205133\/","title":{"rendered":"Taboubi se porte bien, rassure l\u2019UGTT"},"content":{"rendered":"<p>Alors que certaines informations ont laiss\u00e9 croire que l\u2019\u00e9tat de sant\u00e9 du secr\u00e9taire-g\u00e9n\u00e9ral de l\u2019UGTT s\u2019est d\u00e9t\u00e9rior\u00e9, la centrale syndicale a bris\u00e9 le silence.<\/p>\n<p>\t\t\t\t\t\t\t\t\tEn effet, dans un communiqu\u00e9 rendu public, l\u2019Union g\u00e9n\u00e9rale tunisienne du travail (UGTT) a assur\u00e9 que Noureddine Taboubi se porte bien et qu\u2019il a simplement pass\u00e9 des examens \u00e0 l\u2019h\u00f4pital La Rabta. \u00ab Il souffre uniquement d\u2019un coup de fatigue et est en route vers sa maison \u00bb, pr\u00e9cise l\u2019UGTT.\u00a0<\/p>\n<p>On affirme \u00e9galement que Taboubi reprendra son activit\u00e9 de fa\u00e7on ordinaire, \u00e0 partir de ce mardi et qu\u2019il pr\u00e9sidera les festivit\u00e9s du 1er mai.<\/p>\n","protected":false},"excerpt":{"rendered":"<p>Alors que certaines informations ont laiss\u00e9 croire que l\u2019\u00e9tat de sant\u00e9 du secr\u00e9taire-g\u00e9n\u00e9ral de l\u2019UGTT s\u2019est d\u00e9t\u00e9rior\u00e9, la centrale syndicale a bris\u00e9 le silence&#8230;<\/p>\n","protected":false},"author":3175,"featured_media":251328,"comment_status":"open","ping_status":"closed","sticky":false,"template":"","format":"standard","meta":{"footnotes":""},"categories":[44],"tags":[4341,2608,2649],"class_list":["post-205133","post","type-post","status-publish","format-standard","has-post-thumbnail","hentry","category-national","tag-taboubi","tag-tunisie","tag-ugtt"],"yoast_head":"<!-- This site is optimized with the Yoast SEO Premium plugin v27.4 (Yoast SEO v27.5) - https:\/\/yoast.com\/product\/yoast-seo-premium-wordpress\/ -->\n<title>Taboubi se porte bien, rassure l\u2019UGTT<\/title>\n<meta name=\"description\" content=\"Alors que certaines informations ont laiss\u00e9 croire que l\u2019\u00e9tat de sant\u00e9 du secr\u00e9taire-g\u00e9n\u00e9ral de l\u2019UGTT s\u2019est d\u00e9t\u00e9rior\u00e9, la centrale syndicale a bris\u00e9 le silence...\" \/>\n<link rel=\"canonical\" href=\"https:\/\/www.webdo.tn\/fr\/actualite\/national\/taboubi-se-porte-bien-rassure-l-ugtt\/205133\/\" \/>\n<meta property=\"og:locale\" content=\"fr_FR\" \/>\n<meta property=\"og:type\" content=\"article\" \/>\n<meta property=\"og:title\" content=\"Taboubi se porte bien, rassure l\u2019UGTT\" \/>\n<meta property=\"og:description\" content=\"Alors que certaines informations ont laiss\u00e9 croire que l\u2019\u00e9tat de sant\u00e9 du secr\u00e9taire-g\u00e9n\u00e9ral de l\u2019UGTT s\u2019est d\u00e9t\u00e9rior\u00e9, la centrale syndicale a bris\u00e9 le silence...\" \/>\n<meta property=\"og:url\" content=\"https:\/\/www.webdo.tn\/fr\/actualite\/national\/taboubi-se-porte-bien-rassure-l-ugtt\/205133\/\" \/>\n<meta property=\"og:site_name\" content=\"webdo\" \/>\n<meta property=\"article:publisher\" content=\"https:\/\/www.facebook.com\/webdotn\" \/>\n<meta property=\"article:published_time\" content=\"2023-04-25T07:53:00+00:00\" \/>\n<meta property=\"article:modified_time\" content=\"2025-05-20T22:43:54+00:00\" \/>\n<meta property=\"og:image\" content=\"https:\/\/www.webdo.tn\/fr\/wp-content\/uploads\/2023\/04\/27c56052eeecd955d9eccbbae6e8dbee.jpg\" \/>\n\t<meta property=\"og:image:width\" content=\"703\" \/>\n\t<meta property=\"og:image:height\" content=\"375\" \/>\n\t<meta property=\"og:image:type\" content=\"image\/jpeg\" \/>\n<meta name=\"author\" content=\"CL\" \/>\n<meta name=\"twitter:card\" content=\"summary_large_image\" \/>\n<meta name=\"twitter:creator\" content=\"@webdo_tn\" \/>\n<meta name=\"twitter:site\" content=\"@webdo_tn\" \/>\n<meta name=\"twitter:label1\" content=\"\u00c9crit par\" \/>\n\t<meta name=\"twitter:data1\" content=\"CL\" \/>\n\t<meta name=\"twitter:label2\" content=\"Dur\u00e9e de lecture estim\u00e9e\" \/>\n\t<meta name=\"twitter:data2\" content=\"1 minute\" \/>\n<script type=\"application\/ld+json\" class=\"yoast-schema-graph\">{\"@context\":\"https:\\\/\\\/schema.org\",\"@graph\":[{\"@type\":\"NewsArticle\",\"@id\":\"https:\\\/\\\/www.webdo.tn\\\/fr\\\/actualite\\\/national\\\/taboubi-se-porte-bien-rassure-l-ugtt\\\/205133\\\/#article\",\"isPartOf\":{\"@id\":\"https:\\\/\\\/www.webdo.tn\\\/fr\\\/actualite\\\/national\\\/taboubi-se-porte-bien-rassure-l-ugtt\\\/205133\\\/\"},\"author\":{\"name\":\"CL\",\"@id\":\"https:\\\/\\\/www.webdo.tn\\\/fr\\\/#\\\/schema\\\/person\\\/f35b42a42c5e2511bbd282959d6385cc\"},\"headline\":\"Taboubi se porte bien, rassure l\u2019UGTT\",\"datePublished\":\"2023-04-25T07:53:00+00:00\",\"dateModified\":\"2025-05-20T22:43:54+00:00\",\"mainEntityOfPage\":{\"@id\":\"https:\\\/\\\/www.webdo.tn\\\/fr\\\/actualite\\\/national\\\/taboubi-se-porte-bien-rassure-l-ugtt\\\/205133\\\/\"},\"wordCount\":122,\"commentCount\":0,\"publisher\":{\"@id\":\"https:\\\/\\\/www.webdo.tn\\\/fr\\\/#organization\"},\"image\":{\"@id\":\"https:\\\/\\\/www.webdo.tn\\\/fr\\\/actualite\\\/national\\\/taboubi-se-porte-bien-rassure-l-ugtt\\\/205133\\\/#primaryimage\"},\"thumbnailUrl\":\"https:\\\/\\\/www.webdo.tn\\\/fr\\\/wp-content\\\/uploads\\\/2023\\\/04\\\/27c56052eeecd955d9eccbbae6e8dbee.jpg\",\"keywords\":[\"Taboubi\",\"Tunisie\",\"UGTT\"],\"articleSection\":[\"National\"],\"inLanguage\":\"fr-FR\"},{\"@type\":\"WebPage\",\"@id\":\"https:\\\/\\\/www.webdo.tn\\\/fr\\\/actualite\\\/national\\\/taboubi-se-porte-bien-rassure-l-ugtt\\\/205133\\\/\",\"url\":\"https:\\\/\\\/www.webdo.tn\\\/fr\\\/actualite\\\/national\\\/taboubi-se-porte-bien-rassure-l-ugtt\\\/205133\\\/\",\"name\":\"Taboubi se porte bien, rassure l\u2019UGTT\",\"isPartOf\":{\"@id\":\"https:\\\/\\\/www.webdo.tn\\\/fr\\\/#website\"},\"primaryImageOfPage\":{\"@id\":\"https:\\\/\\\/www.webdo.tn\\\/fr\\\/actualite\\\/national\\\/taboubi-se-porte-bien-rassure-l-ugtt\\\/205133\\\/#primaryimage\"},\"image\":{\"@id\":\"https:\\\/\\\/www.webdo.tn\\\/fr\\\/actualite\\\/national\\\/taboubi-se-porte-bien-rassure-l-ugtt\\\/205133\\\/#primaryimage\"},\"thumbnailUrl\":\"https:\\\/\\\/www.webdo.tn\\\/fr\\\/wp-content\\\/uploads\\\/2023\\\/04\\\/27c56052eeecd955d9eccbbae6e8dbee.jpg\",\"datePublished\":\"2023-04-25T07:53:00+00:00\",\"dateModified\":\"2025-05-20T22:43:54+00:00\",\"description\":\"Alors que certaines informations ont laiss\u00e9 croire que l\u2019\u00e9tat de sant\u00e9 du secr\u00e9taire-g\u00e9n\u00e9ral de l\u2019UGTT s\u2019est d\u00e9t\u00e9rior\u00e9, la centrale syndicale a bris\u00e9 le silence...\",\"breadcrumb\":{\"@id\":\"https:\\\/\\\/www.webdo.tn\\\/fr\\\/actualite\\\/national\\\/taboubi-se-porte-bien-rassure-l-ugtt\\\/205133\\\/#breadcrumb\"},\"inLanguage\":\"fr-FR\",\"potentialAction\":[{\"@type\":\"ReadAction\",\"target\":[\"https:\\\/\\\/www.webdo.tn\\\/fr\\\/actualite\\\/national\\\/taboubi-se-porte-bien-rassure-l-ugtt\\\/205133\\\/\"]}]},{\"@type\":\"ImageObject\",\"inLanguage\":\"fr-FR\",\"@id\":\"https:\\\/\\\/www.webdo.tn\\\/fr\\\/actualite\\\/national\\\/taboubi-se-porte-bien-rassure-l-ugtt\\\/205133\\\/#primaryimage\",\"url\":\"https:\\\/\\\/www.webdo.tn\\\/fr\\\/wp-content\\\/uploads\\\/2023\\\/04\\\/27c56052eeecd955d9eccbbae6e8dbee.jpg\",\"contentUrl\":\"https:\\\/\\\/www.webdo.tn\\\/fr\\\/wp-content\\\/uploads\\\/2023\\\/04\\\/27c56052eeecd955d9eccbbae6e8dbee.jpg\",\"width\":703,\"height\":375,\"caption\":\"Noureddine Taboubi\"},{\"@type\":\"BreadcrumbList\",\"@id\":\"https:\\\/\\\/www.webdo.tn\\\/fr\\\/actualite\\\/national\\\/taboubi-se-porte-bien-rassure-l-ugtt\\\/205133\\\/#breadcrumb\",\"itemListElement\":[{\"@type\":\"ListItem\",\"position\":1,\"name\":\"Accueil\",\"item\":\"https:\\\/\\\/www.webdo.tn\\\/fr\\\/\"},{\"@type\":\"ListItem\",\"position\":2,\"name\":\"Taboubi se porte bien, rassure l\u2019UGTT\"}]},{\"@type\":\"WebSite\",\"@id\":\"https:\\\/\\\/www.webdo.tn\\\/fr\\\/#website\",\"url\":\"https:\\\/\\\/www.webdo.tn\\\/fr\\\/\",\"name\":\"webdo\",\"description\":\"Tunisie - News en Tunisie et \u00e0 l&#039;international sur Webdo.tn\",\"publisher\":{\"@id\":\"https:\\\/\\\/www.webdo.tn\\\/fr\\\/#organization\"},\"potentialAction\":[{\"@type\":\"SearchAction\",\"target\":{\"@type\":\"EntryPoint\",\"urlTemplate\":\"https:\\\/\\\/www.webdo.tn\\\/fr\\\/?s={search_term_string}\"},\"query-input\":{\"@type\":\"PropertyValueSpecification\",\"valueRequired\":true,\"valueName\":\"search_term_string\"}}],\"inLanguage\":\"fr-FR\"},{\"@type\":\"Organization\",\"@id\":\"https:\\\/\\\/www.webdo.tn\\\/fr\\\/#organization\",\"name\":\"Webdo\",\"alternateName\":\"Webdo.tn\",\"url\":\"https:\\\/\\\/www.webdo.tn\\\/fr\\\/\",\"logo\":{\"@type\":\"ImageObject\",\"inLanguage\":\"fr-FR\",\"@id\":\"https:\\\/\\\/www.webdo.tn\\\/fr\\\/#\\\/schema\\\/logo\\\/image\\\/\",\"url\":\"https:\\\/\\\/www.webdo.tn\\\/fr\\\/wp-content\\\/uploads\\\/2025\\\/06\\\/Webdo-Tunisie_168377.jpg\",\"contentUrl\":\"https:\\\/\\\/www.webdo.tn\\\/fr\\\/wp-content\\\/uploads\\\/2025\\\/06\\\/Webdo-Tunisie_168377.jpg\",\"width\":301,\"height\":301,\"caption\":\"Webdo\"},\"image\":{\"@id\":\"https:\\\/\\\/www.webdo.tn\\\/fr\\\/#\\\/schema\\\/logo\\\/image\\\/\"},\"sameAs\":[\"https:\\\/\\\/www.facebook.com\\\/webdotn\",\"https:\\\/\\\/x.com\\\/webdo_tn\"],\"description\":\"Webdo est un m\u00e9dia num\u00e9rique tunisien fond\u00e9 en 2010, sp\u00e9cialis\u00e9 dans l\u2019actualit\u00e9 nationale et internationale, l\u2019\u00e9conomie, la soci\u00e9t\u00e9 et les analyses politiques. Le site s\u2019adresse \u00e0 un large public francophone et couvre l\u2019information tunisienne en temps r\u00e9el.\",\"email\":\"redac@webdo.tn\",\"legalName\":\"YNJ SARL\",\"foundingDate\":\"2010-09-06\",\"numberOfEmployees\":{\"@type\":\"QuantitativeValue\",\"minValue\":\"11\",\"maxValue\":\"50\"}},{\"@type\":\"Person\",\"@id\":\"https:\\\/\\\/www.webdo.tn\\\/fr\\\/#\\\/schema\\\/person\\\/f35b42a42c5e2511bbd282959d6385cc\",\"name\":\"CL\",\"image\":{\"@type\":\"ImageObject\",\"inLanguage\":\"fr-FR\",\"@id\":\"https:\\\/\\\/secure.gravatar.com\\\/avatar\\\/1447a49909b67aa657c488aec6512e1dd6143a480c1ecfee9b5b5cd74eb3b59e?s=96&d=mm&r=g\",\"url\":\"https:\\\/\\\/secure.gravatar.com\\\/avatar\\\/1447a49909b67aa657c488aec6512e1dd6143a480c1ecfee9b5b5cd74eb3b59e?s=96&d=mm&r=g\",\"contentUrl\":\"https:\\\/\\\/secure.gravatar.com\\\/avatar\\\/1447a49909b67aa657c488aec6512e1dd6143a480c1ecfee9b5b5cd74eb3b59e?s=96&d=mm&r=g\",\"caption\":\"CL\"},\"url\":\"https:\\\/\\\/www.webdo.tn\\\/fr\\\/actualite\\\/author\\\/cl\\\/\"}]}<\/script>\n<!-- \/ Yoast SEO Premium plugin. -->","yoast_head_json":{"title":"Taboubi se porte bien, rassure l\u2019UGTT","description":"Alors que certaines informations ont laiss\u00e9 croire que l\u2019\u00e9tat de sant\u00e9 du secr\u00e9taire-g\u00e9n\u00e9ral de l\u2019UGTT s\u2019est d\u00e9t\u00e9rior\u00e9, la centrale syndicale a bris\u00e9 le silence...","canonical":"https:\/\/www.webdo.tn\/fr\/actualite\/national\/taboubi-se-porte-bien-rassure-l-ugtt\/205133\/","og_locale":"fr_FR","og_type":"article","og_title":"Taboubi se porte bien, rassure l\u2019UGTT","og_description":"Alors que certaines informations ont laiss\u00e9 croire que l\u2019\u00e9tat de sant\u00e9 du secr\u00e9taire-g\u00e9n\u00e9ral de l\u2019UGTT s\u2019est d\u00e9t\u00e9rior\u00e9, la centrale syndicale a bris\u00e9 le silence...","og_url":"https:\/\/www.webdo.tn\/fr\/actualite\/national\/taboubi-se-porte-bien-rassure-l-ugtt\/205133\/","og_site_name":"webdo","article_publisher":"https:\/\/www.facebook.com\/webdotn","article_published_time":"2023-04-25T07:53:00+00:00","article_modified_time":"2025-05-20T22:43:54+00:00","og_image":[{"width":703,"height":375,"url":"https:\/\/www.webdo.tn\/fr\/wp-content\/uploads\/2023\/04\/27c56052eeecd955d9eccbbae6e8dbee.jpg","type":"image\/jpeg"}],"author":"CL","twitter_card":"summary_large_image","twitter_creator":"@webdo_tn","twitter_site":"@webdo_tn","twitter_misc":{"\u00c9crit par":"CL","Dur\u00e9e de lecture estim\u00e9e":"1 minute"},"schema":{"@context":"https:\/\/schema.org","@graph":[{"@type":"NewsArticle","@id":"https:\/\/www.webdo.tn\/fr\/actualite\/national\/taboubi-se-porte-bien-rassure-l-ugtt\/205133\/#article","isPartOf":{"@id":"https:\/\/www.webdo.tn\/fr\/actualite\/national\/taboubi-se-porte-bien-rassure-l-ugtt\/205133\/"},"author":{"name":"CL","@id":"https:\/\/www.webdo.tn\/fr\/#\/schema\/person\/f35b42a42c5e2511bbd282959d6385cc"},"headline":"Taboubi se porte bien, rassure l\u2019UGTT","datePublished":"2023-04-25T07:53:00+00:00","dateModified":"2025-05-20T22:43:54+00:00","mainEntityOfPage":{"@id":"https:\/\/www.webdo.tn\/fr\/actualite\/national\/taboubi-se-porte-bien-rassure-l-ugtt\/205133\/"},"wordCount":122,"commentCount":0,"publisher":{"@id":"https:\/\/www.webdo.tn\/fr\/#organization"},"image":{"@id":"https:\/\/www.webdo.tn\/fr\/actualite\/national\/taboubi-se-porte-bien-rassure-l-ugtt\/205133\/#primaryimage"},"thumbnailUrl":"https:\/\/www.webdo.tn\/fr\/wp-content\/uploads\/2023\/04\/27c56052eeecd955d9eccbbae6e8dbee.jpg","keywords":["Taboubi","Tunisie","UGTT"],"articleSection":["National"],"inLanguage":"fr-FR"},{"@type":"WebPage","@id":"https:\/\/www.webdo.tn\/fr\/actualite\/national\/taboubi-se-porte-bien-rassure-l-ugtt\/205133\/","url":"https:\/\/www.webdo.tn\/fr\/actualite\/national\/taboubi-se-porte-bien-rassure-l-ugtt\/205133\/","name":"Taboubi se porte bien, rassure l\u2019UGTT","isPartOf":{"@id":"https:\/\/www.webdo.tn\/fr\/#website"},"primaryImageOfPage":{"@id":"https:\/\/www.webdo.tn\/fr\/actualite\/national\/taboubi-se-porte-bien-rassure-l-ugtt\/205133\/#primaryimage"},"image":{"@id":"https:\/\/www.webdo.tn\/fr\/actualite\/national\/taboubi-se-porte-bien-rassure-l-ugtt\/205133\/#primaryimage"},"thumbnailUrl":"https:\/\/www.webdo.tn\/fr\/wp-content\/uploads\/2023\/04\/27c56052eeecd955d9eccbbae6e8dbee.jpg","datePublished":"2023-04-25T07:53:00+00:00","dateModified":"2025-05-20T22:43:54+00:00","description":"Alors que certaines informations ont laiss\u00e9 croire que l\u2019\u00e9tat de sant\u00e9 du secr\u00e9taire-g\u00e9n\u00e9ral de l\u2019UGTT s\u2019est d\u00e9t\u00e9rior\u00e9, la centrale syndicale a bris\u00e9 le silence...","breadcrumb":{"@id":"https:\/\/www.webdo.tn\/fr\/actualite\/national\/taboubi-se-porte-bien-rassure-l-ugtt\/205133\/#breadcrumb"},"inLanguage":"fr-FR","potentialAction":[{"@type":"ReadAction","target":["https:\/\/www.webdo.tn\/fr\/actualite\/national\/taboubi-se-porte-bien-rassure-l-ugtt\/205133\/"]}]},{"@type":"ImageObject","inLanguage":"fr-FR","@id":"https:\/\/www.webdo.tn\/fr\/actualite\/national\/taboubi-se-porte-bien-rassure-l-ugtt\/205133\/#primaryimage","url":"https:\/\/www.webdo.tn\/fr\/wp-content\/uploads\/2023\/04\/27c56052eeecd955d9eccbbae6e8dbee.jpg","contentUrl":"https:\/\/www.webdo.tn\/fr\/wp-content\/uploads\/2023\/04\/27c56052eeecd955d9eccbbae6e8dbee.jpg","width":703,"height":375,"caption":"Noureddine Taboubi"},{"@type":"BreadcrumbList","@id":"https:\/\/www.webdo.tn\/fr\/actualite\/national\/taboubi-se-porte-bien-rassure-l-ugtt\/205133\/#breadcrumb","itemListElement":[{"@type":"ListItem","position":1,"name":"Accueil","item":"https:\/\/www.webdo.tn\/fr\/"},{"@type":"ListItem","position":2,"name":"Taboubi se porte bien, rassure l\u2019UGTT"}]},{"@type":"WebSite","@id":"https:\/\/www.webdo.tn\/fr\/#website","url":"https:\/\/www.webdo.tn\/fr\/","name":"webdo","description":"Tunisie - News en Tunisie et \u00e0 l&#039;international sur Webdo.tn","publisher":{"@id":"https:\/\/www.webdo.tn\/fr\/#organization"},"potentialAction":[{"@type":"SearchAction","target":{"@type":"EntryPoint","urlTemplate":"https:\/\/www.webdo.tn\/fr\/?s={search_term_string}"},"query-input":{"@type":"PropertyValueSpecification","valueRequired":true,"valueName":"search_term_string"}}],"inLanguage":"fr-FR"},{"@type":"Organization","@id":"https:\/\/www.webdo.tn\/fr\/#organization","name":"Webdo","alternateName":"Webdo.tn","url":"https:\/\/www.webdo.tn\/fr\/","logo":{"@type":"ImageObject","inLanguage":"fr-FR","@id":"https:\/\/www.webdo.tn\/fr\/#\/schema\/logo\/image\/","url":"https:\/\/www.webdo.tn\/fr\/wp-content\/uploads\/2025\/06\/Webdo-Tunisie_168377.jpg","contentUrl":"https:\/\/www.webdo.tn\/fr\/wp-content\/uploads\/2025\/06\/Webdo-Tunisie_168377.jpg","width":301,"height":301,"caption":"Webdo"},"image":{"@id":"https:\/\/www.webdo.tn\/fr\/#\/schema\/logo\/image\/"},"sameAs":["https:\/\/www.facebook.com\/webdotn","https:\/\/x.com\/webdo_tn"],"description":"Webdo est un m\u00e9dia num\u00e9rique tunisien fond\u00e9 en 2010, sp\u00e9cialis\u00e9 dans l\u2019actualit\u00e9 nationale et internationale, l\u2019\u00e9conomie, la soci\u00e9t\u00e9 et les analyses politiques. Le site s\u2019adresse \u00e0 un large public francophone et couvre l\u2019information tunisienne en temps r\u00e9el.","email":"redac@webdo.tn","legalName":"YNJ SARL","foundingDate":"2010-09-06","numberOfEmployees":{"@type":"QuantitativeValue","minValue":"11","maxValue":"50"}},{"@type":"Person","@id":"https:\/\/www.webdo.tn\/fr\/#\/schema\/person\/f35b42a42c5e2511bbd282959d6385cc","name":"CL","image":{"@type":"ImageObject","inLanguage":"fr-FR","@id":"https:\/\/secure.gravatar.com\/avatar\/1447a49909b67aa657c488aec6512e1dd6143a480c1ecfee9b5b5cd74eb3b59e?s=96&d=mm&r=g","url":"https:\/\/secure.gravatar.com\/avatar\/1447a49909b67aa657c488aec6512e1dd6143a480c1ecfee9b5b5cd74eb3b59e?s=96&d=mm&r=g","contentUrl":"https:\/\/secure.gravatar.com\/avatar\/1447a49909b67aa657c488aec6512e1dd6143a480c1ecfee9b5b5cd74eb3b59e?s=96&d=mm&r=g","caption":"CL"},"url":"https:\/\/www.webdo.tn\/fr\/actualite\/author\/cl\/"}]}},"_links":{"self":[{"href":"https:\/\/www.webdo.tn\/fr\/wp-json\/wp\/v2\/posts\/205133","targetHints":{"allow":["GET"]}}],"collection":[{"href":"https:\/\/www.webdo.tn\/fr\/wp-json\/wp\/v2\/posts"}],"about":[{"href":"https:\/\/www.webdo.tn\/fr\/wp-json\/wp\/v2\/types\/post"}],"author":[{"embeddable":true,"href":"https:\/\/www.webdo.tn\/fr\/wp-json\/wp\/v2\/users\/3175"}],"replies":[{"embeddable":true,"href":"https:\/\/www.webdo.tn\/fr\/wp-json\/wp\/v2\/comments?post=205133"}],"version-history":[{"count":0,"href":"https:\/\/www.webdo.tn\/fr\/wp-json\/wp\/v2\/posts\/205133\/revisions"}],"wp:featuredmedia":[{"embeddable":true,"href":"https:\/\/www.webdo.tn\/fr\/wp-json\/wp\/v2\/media\/251328"}],"wp:attachment":[{"href":"https:\/\/www.webdo.tn\/fr\/wp-json\/wp\/v2\/media?parent=205133"}],"wp:term":[{"taxonomy":"category","embeddable":true,"href":"https:\/\/www.webdo.tn\/fr\/wp-json\/wp\/v2\/categories?post=205133"},{"taxonomy":"post_tag","embeddable":true,"href":"https:\/\/www.webdo.tn\/fr\/wp-json\/wp\/v2\/tags?post=205133"}],"curies":[{"name":"wp","href":"https:\/\/api.w.org\/{rel}","templated":true}]}}