{"id":205126,"date":"2023-04-24T19:27:00","date_gmt":"2023-04-24T19:27:00","guid":{"rendered":"https:\/\/www.webdo.tn\/fr\/blog\/wta-1000-madrid-ons-jabeur-declare-forfait\/205126\/"},"modified":"2025-05-20T22:43:52","modified_gmt":"2025-05-20T22:43:52","slug":"wta-1000-madrid-ons-jabeur-declare-forfait","status":"publish","type":"post","link":"https:\/\/www.webdo.tn\/fr\/actualite\/sport\/wta-1000-madrid-ons-jabeur-declare-forfait\/205126\/","title":{"rendered":"WTA 1000 Madrid : Ons Jabeur d\u00e9clare forfait !"},"content":{"rendered":"<p>Sur sa page Facebook, Ons Jabeur a annonc\u00e9 ce lundi 24 avril 2023 qu\u2019elle ne sera pas capable de d\u00e9fendre son titre au tournoi de Madrid \u00e0 cause d\u2019une blessure.<\/p>\n<p>\t\t\t\t\t\t\t\t\t\u00ab Suite \u00e0 de nombreux examens m\u00e9dicaux effectu\u00e9s, j&rsquo;ai une petite d\u00e9chirure au mollet et j&rsquo;aurai besoin de plus de temps pour r\u00e9cup\u00e9rer. Je suis triste d&rsquo;annoncer que je ne pourrai pas rivaliser et d\u00e9fendre mon titre cette ann\u00e9e \u00bb, s\u2019est-elle d\u00e9sol\u00e9e.\u00a0<\/p>\n<p>Samedi dernier, oppos\u00e9e \u00e0 Iga Swiatek en demi-finale du tournoi de Stuttgart, Ons Jabeur n&rsquo;a pu disputer que trois petits jeux avant d&rsquo;abandonner sur blessure.<\/p>\n<p>C&rsquo;est du mollet que souffre la championne tunisienne. Une blessure qui s&rsquo;est r\u00e9veill\u00e9 d\u00e8s les premiers \u00e9changes avec la Polonaise.<\/p>\n","protected":false},"excerpt":{"rendered":"<p>Sur sa page Facebook, Ons Jabeur a annonc\u00e9 ce lundi 24 avril 2023 qu\u2019elle ne sera pas capable de d\u00e9fendre son titre au tournoi de Madrid \u00e0 cause d\u2019une blessure.<\/p>\n","protected":false},"author":3175,"featured_media":251325,"comment_status":"open","ping_status":"closed","sticky":false,"template":"","format":"standard","meta":{"footnotes":""},"categories":[2593],"tags":[4925,2604,2605,2608],"class_list":["post-205126","post","type-post","status-publish","format-standard","has-post-thumbnail","hentry","category-sport","tag-blessure","tag-ons-jabeur","tag-tennis","tag-tunisie"],"yoast_head":"<!-- This site is optimized with the Yoast SEO Premium plugin v27.5 (Yoast SEO v27.5) - https:\/\/yoast.com\/product\/yoast-seo-premium-wordpress\/ -->\n<title>WTA 1000 Madrid : Ons Jabeur d\u00e9clare forfait !<\/title>\n<meta name=\"description\" content=\"Sur sa page Facebook, Ons Jabeur a annonc\u00e9 ce lundi 24 avril 2023 qu\u2019elle ne sera pas capable de d\u00e9fendre son titre au tournoi de Madrid \u00e0 cause d\u2019une blessure.\" \/>\n<link rel=\"canonical\" href=\"https:\/\/www.webdo.tn\/fr\/actualite\/sport\/wta-1000-madrid-ons-jabeur-declare-forfait\/205126\/\" \/>\n<meta property=\"og:locale\" content=\"fr_FR\" \/>\n<meta property=\"og:type\" content=\"article\" \/>\n<meta property=\"og:title\" content=\"WTA 1000 Madrid : Ons Jabeur d\u00e9clare forfait !\" \/>\n<meta property=\"og:description\" content=\"Sur sa page Facebook, Ons Jabeur a annonc\u00e9 ce lundi 24 avril 2023 qu\u2019elle ne sera pas capable de d\u00e9fendre son titre au tournoi de Madrid \u00e0 cause d\u2019une blessure.\" \/>\n<meta property=\"og:url\" content=\"https:\/\/www.webdo.tn\/fr\/actualite\/sport\/wta-1000-madrid-ons-jabeur-declare-forfait\/205126\/\" \/>\n<meta property=\"og:site_name\" content=\"webdo\" \/>\n<meta property=\"article:publisher\" content=\"https:\/\/www.facebook.com\/webdotn\" \/>\n<meta property=\"article:published_time\" content=\"2023-04-24T19:27:00+00:00\" \/>\n<meta property=\"article:modified_time\" content=\"2025-05-20T22:43:52+00:00\" \/>\n<meta property=\"og:image\" content=\"https:\/\/www.webdo.tn\/fr\/wp-content\/uploads\/2023\/04\/1ec3afd636455914571594a764ab2a5d.jpg\" \/>\n\t<meta property=\"og:image:width\" content=\"750\" \/>\n\t<meta property=\"og:image:height\" content=\"400\" \/>\n\t<meta property=\"og:image:type\" content=\"image\/jpeg\" \/>\n<meta name=\"author\" content=\"CL\" \/>\n<meta name=\"twitter:card\" content=\"summary_large_image\" \/>\n<meta name=\"twitter:creator\" content=\"@webdo_tn\" \/>\n<meta name=\"twitter:site\" content=\"@webdo_tn\" \/>\n<meta name=\"twitter:label1\" content=\"\u00c9crit par\" \/>\n\t<meta name=\"twitter:data1\" content=\"CL\" \/>\n\t<meta name=\"twitter:label2\" content=\"Dur\u00e9e de lecture estim\u00e9e\" \/>\n\t<meta name=\"twitter:data2\" content=\"1 minute\" \/>\n<script type=\"application\/ld+json\" class=\"yoast-schema-graph\">{\"@context\":\"https:\\\/\\\/schema.org\",\"@graph\":[{\"@type\":\"NewsArticle\",\"@id\":\"https:\\\/\\\/www.webdo.tn\\\/fr\\\/actualite\\\/sport\\\/wta-1000-madrid-ons-jabeur-declare-forfait\\\/205126\\\/#article\",\"isPartOf\":{\"@id\":\"https:\\\/\\\/www.webdo.tn\\\/fr\\\/actualite\\\/sport\\\/wta-1000-madrid-ons-jabeur-declare-forfait\\\/205126\\\/\"},\"author\":{\"name\":\"CL\",\"@id\":\"https:\\\/\\\/www.webdo.tn\\\/fr\\\/#\\\/schema\\\/person\\\/f35b42a42c5e2511bbd282959d6385cc\"},\"headline\":\"WTA 1000 Madrid : Ons Jabeur d\u00e9clare forfait !\",\"datePublished\":\"2023-04-24T19:27:00+00:00\",\"dateModified\":\"2025-05-20T22:43:52+00:00\",\"mainEntityOfPage\":{\"@id\":\"https:\\\/\\\/www.webdo.tn\\\/fr\\\/actualite\\\/sport\\\/wta-1000-madrid-ons-jabeur-declare-forfait\\\/205126\\\/\"},\"wordCount\":140,\"commentCount\":0,\"publisher\":{\"@id\":\"https:\\\/\\\/www.webdo.tn\\\/fr\\\/#organization\"},\"image\":{\"@id\":\"https:\\\/\\\/www.webdo.tn\\\/fr\\\/actualite\\\/sport\\\/wta-1000-madrid-ons-jabeur-declare-forfait\\\/205126\\\/#primaryimage\"},\"thumbnailUrl\":\"https:\\\/\\\/www.webdo.tn\\\/fr\\\/wp-content\\\/uploads\\\/2023\\\/04\\\/1ec3afd636455914571594a764ab2a5d.jpg\",\"keywords\":[\"blessure\",\"Ons Jabeur\",\"tennis\",\"Tunisie\"],\"articleSection\":[\"Sport\"],\"inLanguage\":\"fr-FR\"},{\"@type\":\"WebPage\",\"@id\":\"https:\\\/\\\/www.webdo.tn\\\/fr\\\/actualite\\\/sport\\\/wta-1000-madrid-ons-jabeur-declare-forfait\\\/205126\\\/\",\"url\":\"https:\\\/\\\/www.webdo.tn\\\/fr\\\/actualite\\\/sport\\\/wta-1000-madrid-ons-jabeur-declare-forfait\\\/205126\\\/\",\"name\":\"WTA 1000 Madrid : Ons Jabeur d\u00e9clare forfait !\",\"isPartOf\":{\"@id\":\"https:\\\/\\\/www.webdo.tn\\\/fr\\\/#website\"},\"primaryImageOfPage\":{\"@id\":\"https:\\\/\\\/www.webdo.tn\\\/fr\\\/actualite\\\/sport\\\/wta-1000-madrid-ons-jabeur-declare-forfait\\\/205126\\\/#primaryimage\"},\"image\":{\"@id\":\"https:\\\/\\\/www.webdo.tn\\\/fr\\\/actualite\\\/sport\\\/wta-1000-madrid-ons-jabeur-declare-forfait\\\/205126\\\/#primaryimage\"},\"thumbnailUrl\":\"https:\\\/\\\/www.webdo.tn\\\/fr\\\/wp-content\\\/uploads\\\/2023\\\/04\\\/1ec3afd636455914571594a764ab2a5d.jpg\",\"datePublished\":\"2023-04-24T19:27:00+00:00\",\"dateModified\":\"2025-05-20T22:43:52+00:00\",\"description\":\"Sur sa page Facebook, Ons Jabeur a annonc\u00e9 ce lundi 24 avril 2023 qu\u2019elle ne sera pas capable de d\u00e9fendre son titre au tournoi de Madrid \u00e0 cause d\u2019une blessure.\",\"breadcrumb\":{\"@id\":\"https:\\\/\\\/www.webdo.tn\\\/fr\\\/actualite\\\/sport\\\/wta-1000-madrid-ons-jabeur-declare-forfait\\\/205126\\\/#breadcrumb\"},\"inLanguage\":\"fr-FR\",\"potentialAction\":[{\"@type\":\"ReadAction\",\"target\":[\"https:\\\/\\\/www.webdo.tn\\\/fr\\\/actualite\\\/sport\\\/wta-1000-madrid-ons-jabeur-declare-forfait\\\/205126\\\/\"]}]},{\"@type\":\"ImageObject\",\"inLanguage\":\"fr-FR\",\"@id\":\"https:\\\/\\\/www.webdo.tn\\\/fr\\\/actualite\\\/sport\\\/wta-1000-madrid-ons-jabeur-declare-forfait\\\/205126\\\/#primaryimage\",\"url\":\"https:\\\/\\\/www.webdo.tn\\\/fr\\\/wp-content\\\/uploads\\\/2023\\\/04\\\/1ec3afd636455914571594a764ab2a5d.jpg\",\"contentUrl\":\"https:\\\/\\\/www.webdo.tn\\\/fr\\\/wp-content\\\/uploads\\\/2023\\\/04\\\/1ec3afd636455914571594a764ab2a5d.jpg\",\"width\":750,\"height\":400,\"caption\":\"Ons Jabeur\"},{\"@type\":\"BreadcrumbList\",\"@id\":\"https:\\\/\\\/www.webdo.tn\\\/fr\\\/actualite\\\/sport\\\/wta-1000-madrid-ons-jabeur-declare-forfait\\\/205126\\\/#breadcrumb\",\"itemListElement\":[{\"@type\":\"ListItem\",\"position\":1,\"name\":\"Accueil\",\"item\":\"https:\\\/\\\/www.webdo.tn\\\/fr\\\/\"},{\"@type\":\"ListItem\",\"position\":2,\"name\":\"WTA 1000 Madrid : Ons Jabeur d\u00e9clare forfait !\"}]},{\"@type\":\"WebSite\",\"@id\":\"https:\\\/\\\/www.webdo.tn\\\/fr\\\/#website\",\"url\":\"https:\\\/\\\/www.webdo.tn\\\/fr\\\/\",\"name\":\"webdo\",\"description\":\"Tunisie - News en Tunisie et \u00e0 l&#039;international sur Webdo.tn\",\"publisher\":{\"@id\":\"https:\\\/\\\/www.webdo.tn\\\/fr\\\/#organization\"},\"potentialAction\":[{\"@type\":\"SearchAction\",\"target\":{\"@type\":\"EntryPoint\",\"urlTemplate\":\"https:\\\/\\\/www.webdo.tn\\\/fr\\\/?s={search_term_string}\"},\"query-input\":{\"@type\":\"PropertyValueSpecification\",\"valueRequired\":true,\"valueName\":\"search_term_string\"}}],\"inLanguage\":\"fr-FR\"},{\"@type\":\"Organization\",\"@id\":\"https:\\\/\\\/www.webdo.tn\\\/fr\\\/#organization\",\"name\":\"Webdo\",\"alternateName\":\"Webdo.tn\",\"url\":\"https:\\\/\\\/www.webdo.tn\\\/fr\\\/\",\"logo\":{\"@type\":\"ImageObject\",\"inLanguage\":\"fr-FR\",\"@id\":\"https:\\\/\\\/www.webdo.tn\\\/fr\\\/#\\\/schema\\\/logo\\\/image\\\/\",\"url\":\"https:\\\/\\\/www.webdo.tn\\\/fr\\\/wp-content\\\/uploads\\\/2025\\\/06\\\/Webdo-Tunisie_168377.jpg\",\"contentUrl\":\"https:\\\/\\\/www.webdo.tn\\\/fr\\\/wp-content\\\/uploads\\\/2025\\\/06\\\/Webdo-Tunisie_168377.jpg\",\"width\":301,\"height\":301,\"caption\":\"Webdo\"},\"image\":{\"@id\":\"https:\\\/\\\/www.webdo.tn\\\/fr\\\/#\\\/schema\\\/logo\\\/image\\\/\"},\"sameAs\":[\"https:\\\/\\\/www.facebook.com\\\/webdotn\",\"https:\\\/\\\/x.com\\\/webdo_tn\"],\"description\":\"Webdo est un m\u00e9dia num\u00e9rique tunisien fond\u00e9 en 2010, sp\u00e9cialis\u00e9 dans l\u2019actualit\u00e9 nationale et internationale, l\u2019\u00e9conomie, la soci\u00e9t\u00e9 et les analyses politiques. Le site s\u2019adresse \u00e0 un large public francophone et couvre l\u2019information tunisienne en temps r\u00e9el.\",\"email\":\"redac@webdo.tn\",\"legalName\":\"YNJ SARL\",\"foundingDate\":\"2010-09-06\",\"numberOfEmployees\":{\"@type\":\"QuantitativeValue\",\"minValue\":\"11\",\"maxValue\":\"50\"}},{\"@type\":\"Person\",\"@id\":\"https:\\\/\\\/www.webdo.tn\\\/fr\\\/#\\\/schema\\\/person\\\/f35b42a42c5e2511bbd282959d6385cc\",\"name\":\"CL\",\"image\":{\"@type\":\"ImageObject\",\"inLanguage\":\"fr-FR\",\"@id\":\"https:\\\/\\\/secure.gravatar.com\\\/avatar\\\/1447a49909b67aa657c488aec6512e1dd6143a480c1ecfee9b5b5cd74eb3b59e?s=96&d=mm&r=g\",\"url\":\"https:\\\/\\\/secure.gravatar.com\\\/avatar\\\/1447a49909b67aa657c488aec6512e1dd6143a480c1ecfee9b5b5cd74eb3b59e?s=96&d=mm&r=g\",\"contentUrl\":\"https:\\\/\\\/secure.gravatar.com\\\/avatar\\\/1447a49909b67aa657c488aec6512e1dd6143a480c1ecfee9b5b5cd74eb3b59e?s=96&d=mm&r=g\",\"caption\":\"CL\"},\"url\":\"https:\\\/\\\/www.webdo.tn\\\/fr\\\/actualite\\\/author\\\/cl\\\/\"}]}<\/script>\n<!-- \/ Yoast SEO Premium plugin. -->","yoast_head_json":{"title":"WTA 1000 Madrid : Ons Jabeur d\u00e9clare forfait !","description":"Sur sa page Facebook, Ons Jabeur a annonc\u00e9 ce lundi 24 avril 2023 qu\u2019elle ne sera pas capable de d\u00e9fendre son titre au tournoi de Madrid \u00e0 cause d\u2019une blessure.","canonical":"https:\/\/www.webdo.tn\/fr\/actualite\/sport\/wta-1000-madrid-ons-jabeur-declare-forfait\/205126\/","og_locale":"fr_FR","og_type":"article","og_title":"WTA 1000 Madrid : Ons Jabeur d\u00e9clare forfait !","og_description":"Sur sa page Facebook, Ons Jabeur a annonc\u00e9 ce lundi 24 avril 2023 qu\u2019elle ne sera pas capable de d\u00e9fendre son titre au tournoi de Madrid \u00e0 cause d\u2019une blessure.","og_url":"https:\/\/www.webdo.tn\/fr\/actualite\/sport\/wta-1000-madrid-ons-jabeur-declare-forfait\/205126\/","og_site_name":"webdo","article_publisher":"https:\/\/www.facebook.com\/webdotn","article_published_time":"2023-04-24T19:27:00+00:00","article_modified_time":"2025-05-20T22:43:52+00:00","og_image":[{"width":750,"height":400,"url":"https:\/\/www.webdo.tn\/fr\/wp-content\/uploads\/2023\/04\/1ec3afd636455914571594a764ab2a5d.jpg","type":"image\/jpeg"}],"author":"CL","twitter_card":"summary_large_image","twitter_creator":"@webdo_tn","twitter_site":"@webdo_tn","twitter_misc":{"\u00c9crit par":"CL","Dur\u00e9e de lecture estim\u00e9e":"1 minute"},"schema":{"@context":"https:\/\/schema.org","@graph":[{"@type":"NewsArticle","@id":"https:\/\/www.webdo.tn\/fr\/actualite\/sport\/wta-1000-madrid-ons-jabeur-declare-forfait\/205126\/#article","isPartOf":{"@id":"https:\/\/www.webdo.tn\/fr\/actualite\/sport\/wta-1000-madrid-ons-jabeur-declare-forfait\/205126\/"},"author":{"name":"CL","@id":"https:\/\/www.webdo.tn\/fr\/#\/schema\/person\/f35b42a42c5e2511bbd282959d6385cc"},"headline":"WTA 1000 Madrid : Ons Jabeur d\u00e9clare forfait !","datePublished":"2023-04-24T19:27:00+00:00","dateModified":"2025-05-20T22:43:52+00:00","mainEntityOfPage":{"@id":"https:\/\/www.webdo.tn\/fr\/actualite\/sport\/wta-1000-madrid-ons-jabeur-declare-forfait\/205126\/"},"wordCount":140,"commentCount":0,"publisher":{"@id":"https:\/\/www.webdo.tn\/fr\/#organization"},"image":{"@id":"https:\/\/www.webdo.tn\/fr\/actualite\/sport\/wta-1000-madrid-ons-jabeur-declare-forfait\/205126\/#primaryimage"},"thumbnailUrl":"https:\/\/www.webdo.tn\/fr\/wp-content\/uploads\/2023\/04\/1ec3afd636455914571594a764ab2a5d.jpg","keywords":["blessure","Ons Jabeur","tennis","Tunisie"],"articleSection":["Sport"],"inLanguage":"fr-FR"},{"@type":"WebPage","@id":"https:\/\/www.webdo.tn\/fr\/actualite\/sport\/wta-1000-madrid-ons-jabeur-declare-forfait\/205126\/","url":"https:\/\/www.webdo.tn\/fr\/actualite\/sport\/wta-1000-madrid-ons-jabeur-declare-forfait\/205126\/","name":"WTA 1000 Madrid : Ons Jabeur d\u00e9clare forfait !","isPartOf":{"@id":"https:\/\/www.webdo.tn\/fr\/#website"},"primaryImageOfPage":{"@id":"https:\/\/www.webdo.tn\/fr\/actualite\/sport\/wta-1000-madrid-ons-jabeur-declare-forfait\/205126\/#primaryimage"},"image":{"@id":"https:\/\/www.webdo.tn\/fr\/actualite\/sport\/wta-1000-madrid-ons-jabeur-declare-forfait\/205126\/#primaryimage"},"thumbnailUrl":"https:\/\/www.webdo.tn\/fr\/wp-content\/uploads\/2023\/04\/1ec3afd636455914571594a764ab2a5d.jpg","datePublished":"2023-04-24T19:27:00+00:00","dateModified":"2025-05-20T22:43:52+00:00","description":"Sur sa page Facebook, Ons Jabeur a annonc\u00e9 ce lundi 24 avril 2023 qu\u2019elle ne sera pas capable de d\u00e9fendre son titre au tournoi de Madrid \u00e0 cause d\u2019une blessure.","breadcrumb":{"@id":"https:\/\/www.webdo.tn\/fr\/actualite\/sport\/wta-1000-madrid-ons-jabeur-declare-forfait\/205126\/#breadcrumb"},"inLanguage":"fr-FR","potentialAction":[{"@type":"ReadAction","target":["https:\/\/www.webdo.tn\/fr\/actualite\/sport\/wta-1000-madrid-ons-jabeur-declare-forfait\/205126\/"]}]},{"@type":"ImageObject","inLanguage":"fr-FR","@id":"https:\/\/www.webdo.tn\/fr\/actualite\/sport\/wta-1000-madrid-ons-jabeur-declare-forfait\/205126\/#primaryimage","url":"https:\/\/www.webdo.tn\/fr\/wp-content\/uploads\/2023\/04\/1ec3afd636455914571594a764ab2a5d.jpg","contentUrl":"https:\/\/www.webdo.tn\/fr\/wp-content\/uploads\/2023\/04\/1ec3afd636455914571594a764ab2a5d.jpg","width":750,"height":400,"caption":"Ons Jabeur"},{"@type":"BreadcrumbList","@id":"https:\/\/www.webdo.tn\/fr\/actualite\/sport\/wta-1000-madrid-ons-jabeur-declare-forfait\/205126\/#breadcrumb","itemListElement":[{"@type":"ListItem","position":1,"name":"Accueil","item":"https:\/\/www.webdo.tn\/fr\/"},{"@type":"ListItem","position":2,"name":"WTA 1000 Madrid : Ons Jabeur d\u00e9clare forfait !"}]},{"@type":"WebSite","@id":"https:\/\/www.webdo.tn\/fr\/#website","url":"https:\/\/www.webdo.tn\/fr\/","name":"webdo","description":"Tunisie - News en Tunisie et \u00e0 l&#039;international sur Webdo.tn","publisher":{"@id":"https:\/\/www.webdo.tn\/fr\/#organization"},"potentialAction":[{"@type":"SearchAction","target":{"@type":"EntryPoint","urlTemplate":"https:\/\/www.webdo.tn\/fr\/?s={search_term_string}"},"query-input":{"@type":"PropertyValueSpecification","valueRequired":true,"valueName":"search_term_string"}}],"inLanguage":"fr-FR"},{"@type":"Organization","@id":"https:\/\/www.webdo.tn\/fr\/#organization","name":"Webdo","alternateName":"Webdo.tn","url":"https:\/\/www.webdo.tn\/fr\/","logo":{"@type":"ImageObject","inLanguage":"fr-FR","@id":"https:\/\/www.webdo.tn\/fr\/#\/schema\/logo\/image\/","url":"https:\/\/www.webdo.tn\/fr\/wp-content\/uploads\/2025\/06\/Webdo-Tunisie_168377.jpg","contentUrl":"https:\/\/www.webdo.tn\/fr\/wp-content\/uploads\/2025\/06\/Webdo-Tunisie_168377.jpg","width":301,"height":301,"caption":"Webdo"},"image":{"@id":"https:\/\/www.webdo.tn\/fr\/#\/schema\/logo\/image\/"},"sameAs":["https:\/\/www.facebook.com\/webdotn","https:\/\/x.com\/webdo_tn"],"description":"Webdo est un m\u00e9dia num\u00e9rique tunisien fond\u00e9 en 2010, sp\u00e9cialis\u00e9 dans l\u2019actualit\u00e9 nationale et internationale, l\u2019\u00e9conomie, la soci\u00e9t\u00e9 et les analyses politiques. Le site s\u2019adresse \u00e0 un large public francophone et couvre l\u2019information tunisienne en temps r\u00e9el.","email":"redac@webdo.tn","legalName":"YNJ SARL","foundingDate":"2010-09-06","numberOfEmployees":{"@type":"QuantitativeValue","minValue":"11","maxValue":"50"}},{"@type":"Person","@id":"https:\/\/www.webdo.tn\/fr\/#\/schema\/person\/f35b42a42c5e2511bbd282959d6385cc","name":"CL","image":{"@type":"ImageObject","inLanguage":"fr-FR","@id":"https:\/\/secure.gravatar.com\/avatar\/1447a49909b67aa657c488aec6512e1dd6143a480c1ecfee9b5b5cd74eb3b59e?s=96&d=mm&r=g","url":"https:\/\/secure.gravatar.com\/avatar\/1447a49909b67aa657c488aec6512e1dd6143a480c1ecfee9b5b5cd74eb3b59e?s=96&d=mm&r=g","contentUrl":"https:\/\/secure.gravatar.com\/avatar\/1447a49909b67aa657c488aec6512e1dd6143a480c1ecfee9b5b5cd74eb3b59e?s=96&d=mm&r=g","caption":"CL"},"url":"https:\/\/www.webdo.tn\/fr\/actualite\/author\/cl\/"}]}},"_links":{"self":[{"href":"https:\/\/www.webdo.tn\/fr\/wp-json\/wp\/v2\/posts\/205126","targetHints":{"allow":["GET"]}}],"collection":[{"href":"https:\/\/www.webdo.tn\/fr\/wp-json\/wp\/v2\/posts"}],"about":[{"href":"https:\/\/www.webdo.tn\/fr\/wp-json\/wp\/v2\/types\/post"}],"author":[{"embeddable":true,"href":"https:\/\/www.webdo.tn\/fr\/wp-json\/wp\/v2\/users\/3175"}],"replies":[{"embeddable":true,"href":"https:\/\/www.webdo.tn\/fr\/wp-json\/wp\/v2\/comments?post=205126"}],"version-history":[{"count":0,"href":"https:\/\/www.webdo.tn\/fr\/wp-json\/wp\/v2\/posts\/205126\/revisions"}],"wp:featuredmedia":[{"embeddable":true,"href":"https:\/\/www.webdo.tn\/fr\/wp-json\/wp\/v2\/media\/251325"}],"wp:attachment":[{"href":"https:\/\/www.webdo.tn\/fr\/wp-json\/wp\/v2\/media?parent=205126"}],"wp:term":[{"taxonomy":"category","embeddable":true,"href":"https:\/\/www.webdo.tn\/fr\/wp-json\/wp\/v2\/categories?post=205126"},{"taxonomy":"post_tag","embeddable":true,"href":"https:\/\/www.webdo.tn\/fr\/wp-json\/wp\/v2\/tags?post=205126"}],"curies":[{"name":"wp","href":"https:\/\/api.w.org\/{rel}","templated":true}]}}